{"id":38533,"date":"2022-07-31T11:38:00","date_gmt":"2022-07-31T17:38:00","guid":{"rendered":"https:\/\/fuentesfidedignas.com.mx\/?p=38533"},"modified":"2022-07-31T11:42:47","modified_gmt":"2022-07-31T17:42:47","slug":"papa-francisco-no-descarta-renunciar-ante-problemas-de-salud-y-ritmos-de-viajes","status":"publish","type":"post","link":"https:\/\/fuentesfidedignas.com.mx\/index.php\/2022\/07\/31\/papa-francisco-no-descarta-renunciar-ante-problemas-de-salud-y-ritmos-de-viajes\/","title":{"rendered":"Papa Francisco no descarta renunciar ante problemas de salud y ritmos de viajes"},"content":{"rendered":"\n<p><strong><em>Al papa Francisco se le vio con frecuencia agotado y en silla ruedas por sus problemas de rodilla<\/em><\/strong> <\/p>\n\n\n\n<p>Ciudad del Vaticano.- El Papa Francisco reconoci\u00f3 que se cometi\u00f3 un \u201cgenocidio\u201d contra los ind\u00edgenas de Canad\u00e1 al regresar este s\u00e1bado a Roma de una agotadora visita de seis d\u00edas a ese pa\u00eds al t\u00e9rmino de la cual admiti\u00f3 que deber\u00e1 reducir su ritmo de viajes o hacerse \u201ca un lado\u201d.<\/p>\n\n\n\n<p>El pont\u00edfice argentino, al que se vio con frecuencia agotado y en silla ruedas por sus problemas de rodilla, hizo un balance de su viaje ante los periodistas que lo acompa\u00f1aban en el vuelo de regreso a Roma.<\/p>\n\n\n\n<p><em>\u201cNo creo que pueda mantener el mismo ritmo de viajes que antes. Creo que a mi edad, y con estas limitaciones, tengo que guardar un poco mis fuerzas para poder servir a la Iglesia, o por el contrario pensar en la posibilidad de hacerme a un lado\u201d, dijo Francisco, de 85 a\u00f1os.<\/em><\/p>\n\n\n\n<p>El pont\u00edfice afirm\u00f3 que esto \u201c<strong>no es una cat\u00e1strofe<\/strong>\u201d.<\/p>\n\n\n\n<p>\u201c<strong>Se puede cambiar de papa. Se puede cambiar. No es un problema<\/strong>\u201d, a\u00f1adi\u00f3 al hablar de sus problemas de salud. Su predecesor, Benedicto XVI, renunci\u00f3 en 2013, a los 85 a\u00f1os<\/p>\n\n\n\n<p>\u201c<strong>Creo que debo limitarme un poco, con estos esfuerzos<\/strong>\u201d, dijo el papa, que repiti\u00f3 que la puerta est\u00e1 \u201cabierta\u201d a una posible renuncia.<\/p>\n\n\n\n<p><\/p>\n","protected":false},"excerpt":{"rendered":"<p>Al papa Francisco se le vio con frecuencia agotado y en silla ruedas por sus problemas de rodilla Ciudad del Vaticano.- El Papa Francisco reconoci\u00f3 que se cometi\u00f3 un \u201cgenocidio\u201d contra los ind\u00edgenas de Canad\u00e1 al regresar este s\u00e1bado a Roma de una agotadora visita de seis d\u00edas a ese pa\u00eds al t\u00e9rmino de la [&hellip;]<\/p>\n","protected":false},"author":46,"featured_media":38535,"comment_status":"open","ping_status":"open","sticky":false,"template":"","format":"standard","meta":{"tdm_status":"","tdm_grid_status":"","footnotes":""},"categories":[39],"tags":[],"class_list":{"0":"post-38533","1":"post","2":"type-post","3":"status-publish","4":"format-standard","5":"has-post-thumbnail","7":"category-noticias-nacionales"},"yoast_head":"<!-- This site is optimized with the Yoast SEO plugin v27.5 - https:\/\/yoast.com\/product\/yoast-seo-wordpress\/ -->\n<title>Papa Francisco no descarta renunciar ante problemas de salud y ritmos de viajes - Fuentes Fidedignas<\/title>\n<meta name=\"robots\" content=\"index, follow, max-snippet:-1, max-image-preview:large, max-video-preview:-1\" \/>\n<link rel=\"canonical\" href=\"https:\/\/fuentesfidedignas.com.mx\/index.php\/2022\/07\/31\/papa-francisco-no-descarta-renunciar-ante-problemas-de-salud-y-ritmos-de-viajes\/\" \/>\n<meta property=\"og:locale\" content=\"es_MX\" \/>\n<meta property=\"og:type\" content=\"article\" \/>\n<meta property=\"og:title\" content=\"Papa Francisco no descarta renunciar ante problemas de salud y ritmos de viajes - Fuentes Fidedignas\" \/>\n<meta property=\"og:description\" content=\"Al papa Francisco se le vio con frecuencia agotado y en silla ruedas por sus problemas de rodilla Ciudad del Vaticano.- El Papa Francisco reconoci\u00f3 que se cometi\u00f3 un \u201cgenocidio\u201d contra los ind\u00edgenas de Canad\u00e1 al regresar este s\u00e1bado a Roma de una agotadora visita de seis d\u00edas a ese pa\u00eds al t\u00e9rmino de la [&hellip;]\" \/>\n<meta property=\"og:url\" content=\"https:\/\/fuentesfidedignas.com.mx\/index.php\/2022\/07\/31\/papa-francisco-no-descarta-renunciar-ante-problemas-de-salud-y-ritmos-de-viajes\/\" \/>\n<meta property=\"og:site_name\" content=\"Fuentes Fidedignas\" \/>\n<meta property=\"article:publisher\" content=\"https:\/\/www.facebook.com\/Fuentes-Fidedignas-368234489921644\" \/>\n<meta property=\"article:published_time\" content=\"2022-07-31T17:38:00+00:00\" \/>\n<meta property=\"article:modified_time\" content=\"2022-07-31T17:42:47+00:00\" \/>\n<meta property=\"og:image\" content=\"https:\/\/fuentesfidedignas.com.mx\/wp-content\/uploads\/2022\/07\/papa-francisco-1.jpg\" \/>\n\t<meta property=\"og:image:width\" content=\"1280\" \/>\n\t<meta property=\"og:image:height\" content=\"720\" \/>\n\t<meta property=\"og:image:type\" content=\"image\/jpeg\" \/>\n<meta name=\"author\" content=\"Noticieros Televisa\" \/>\n<meta name=\"twitter:card\" content=\"summary_large_image\" \/>\n<meta name=\"twitter:creator\" content=\"@fidedignas\" \/>\n<meta name=\"twitter:site\" content=\"@fidedignas\" \/>\n<meta name=\"twitter:label1\" content=\"Escrito por\" \/>\n\t<meta name=\"twitter:data1\" content=\"Noticieros Televisa\" \/>\n\t<meta name=\"twitter:label2\" content=\"Tiempo de lectura\" \/>\n\t<meta name=\"twitter:data2\" content=\"2 minutos\" \/>\n<script type=\"application\/ld+json\" class=\"yoast-schema-graph\">{\"@context\":\"https:\\\/\\\/schema.org\",\"@graph\":[{\"@type\":\"Article\",\"@id\":\"https:\\\/\\\/fuentesfidedignas.com.mx\\\/index.php\\\/2022\\\/07\\\/31\\\/papa-francisco-no-descarta-renunciar-ante-problemas-de-salud-y-ritmos-de-viajes\\\/#article\",\"isPartOf\":{\"@id\":\"https:\\\/\\\/fuentesfidedignas.com.mx\\\/index.php\\\/2022\\\/07\\\/31\\\/papa-francisco-no-descarta-renunciar-ante-problemas-de-salud-y-ritmos-de-viajes\\\/\"},\"author\":{\"name\":\"Noticieros Televisa\",\"@id\":\"https:\\\/\\\/fuentesfidedignas.com.mx\\\/#\\\/schema\\\/person\\\/f030e42657a5a464a8bbd891b1aab6ee\"},\"headline\":\"Papa Francisco no descarta renunciar ante problemas de salud y ritmos de viajes\",\"datePublished\":\"2022-07-31T17:38:00+00:00\",\"dateModified\":\"2022-07-31T17:42:47+00:00\",\"mainEntityOfPage\":{\"@id\":\"https:\\\/\\\/fuentesfidedignas.com.mx\\\/index.php\\\/2022\\\/07\\\/31\\\/papa-francisco-no-descarta-renunciar-ante-problemas-de-salud-y-ritmos-de-viajes\\\/\"},\"wordCount\":245,\"commentCount\":0,\"publisher\":{\"@id\":\"https:\\\/\\\/fuentesfidedignas.com.mx\\\/#organization\"},\"image\":{\"@id\":\"https:\\\/\\\/fuentesfidedignas.com.mx\\\/index.php\\\/2022\\\/07\\\/31\\\/papa-francisco-no-descarta-renunciar-ante-problemas-de-salud-y-ritmos-de-viajes\\\/#primaryimage\"},\"thumbnailUrl\":\"https:\\\/\\\/fuentesfidedignas.com.mx\\\/wp-content\\\/uploads\\\/2022\\\/07\\\/papa-francisco-1.jpg\",\"articleSection\":[\"NOTICIAS NACIONALES\"],\"inLanguage\":\"es\",\"potentialAction\":[{\"@type\":\"CommentAction\",\"name\":\"Comment\",\"target\":[\"https:\\\/\\\/fuentesfidedignas.com.mx\\\/index.php\\\/2022\\\/07\\\/31\\\/papa-francisco-no-descarta-renunciar-ante-problemas-de-salud-y-ritmos-de-viajes\\\/#respond\"]}]},{\"@type\":\"WebPage\",\"@id\":\"https:\\\/\\\/fuentesfidedignas.com.mx\\\/index.php\\\/2022\\\/07\\\/31\\\/papa-francisco-no-descarta-renunciar-ante-problemas-de-salud-y-ritmos-de-viajes\\\/\",\"url\":\"https:\\\/\\\/fuentesfidedignas.com.mx\\\/index.php\\\/2022\\\/07\\\/31\\\/papa-francisco-no-descarta-renunciar-ante-problemas-de-salud-y-ritmos-de-viajes\\\/\",\"name\":\"Papa Francisco no descarta renunciar ante problemas de salud y ritmos de viajes - Fuentes Fidedignas\",\"isPartOf\":{\"@id\":\"https:\\\/\\\/fuentesfidedignas.com.mx\\\/#website\"},\"primaryImageOfPage\":{\"@id\":\"https:\\\/\\\/fuentesfidedignas.com.mx\\\/index.php\\\/2022\\\/07\\\/31\\\/papa-francisco-no-descarta-renunciar-ante-problemas-de-salud-y-ritmos-de-viajes\\\/#primaryimage\"},\"image\":{\"@id\":\"https:\\\/\\\/fuentesfidedignas.com.mx\\\/index.php\\\/2022\\\/07\\\/31\\\/papa-francisco-no-descarta-renunciar-ante-problemas-de-salud-y-ritmos-de-viajes\\\/#primaryimage\"},\"thumbnailUrl\":\"https:\\\/\\\/fuentesfidedignas.com.mx\\\/wp-content\\\/uploads\\\/2022\\\/07\\\/papa-francisco-1.jpg\",\"datePublished\":\"2022-07-31T17:38:00+00:00\",\"dateModified\":\"2022-07-31T17:42:47+00:00\",\"breadcrumb\":{\"@id\":\"https:\\\/\\\/fuentesfidedignas.com.mx\\\/index.php\\\/2022\\\/07\\\/31\\\/papa-francisco-no-descarta-renunciar-ante-problemas-de-salud-y-ritmos-de-viajes\\\/#breadcrumb\"},\"inLanguage\":\"es\",\"potentialAction\":[{\"@type\":\"ReadAction\",\"target\":[\"https:\\\/\\\/fuentesfidedignas.com.mx\\\/index.php\\\/2022\\\/07\\\/31\\\/papa-francisco-no-descarta-renunciar-ante-problemas-de-salud-y-ritmos-de-viajes\\\/\"]}]},{\"@type\":\"ImageObject\",\"inLanguage\":\"es\",\"@id\":\"https:\\\/\\\/fuentesfidedignas.com.mx\\\/index.php\\\/2022\\\/07\\\/31\\\/papa-francisco-no-descarta-renunciar-ante-problemas-de-salud-y-ritmos-de-viajes\\\/#primaryimage\",\"url\":\"https:\\\/\\\/fuentesfidedignas.com.mx\\\/wp-content\\\/uploads\\\/2022\\\/07\\\/papa-francisco-1.jpg\",\"contentUrl\":\"https:\\\/\\\/fuentesfidedignas.com.mx\\\/wp-content\\\/uploads\\\/2022\\\/07\\\/papa-francisco-1.jpg\",\"width\":1280,\"height\":720},{\"@type\":\"BreadcrumbList\",\"@id\":\"https:\\\/\\\/fuentesfidedignas.com.mx\\\/index.php\\\/2022\\\/07\\\/31\\\/papa-francisco-no-descarta-renunciar-ante-problemas-de-salud-y-ritmos-de-viajes\\\/#breadcrumb\",\"itemListElement\":[{\"@type\":\"ListItem\",\"position\":1,\"name\":\"Inicio\",\"item\":\"https:\\\/\\\/fuentesfidedignas.com.mx\\\/\"},{\"@type\":\"ListItem\",\"position\":2,\"name\":\"Papa Francisco no descarta renunciar ante problemas de salud y ritmos de viajes\"}]},{\"@type\":\"WebSite\",\"@id\":\"https:\\\/\\\/fuentesfidedignas.com.mx\\\/#website\",\"url\":\"https:\\\/\\\/fuentesfidedignas.com.mx\\\/\",\"name\":\"Fuentes Fidedignas\",\"description\":\"Otro sitio realizado con WordPress\",\"publisher\":{\"@id\":\"https:\\\/\\\/fuentesfidedignas.com.mx\\\/#organization\"},\"potentialAction\":[{\"@type\":\"SearchAction\",\"target\":{\"@type\":\"EntryPoint\",\"urlTemplate\":\"https:\\\/\\\/fuentesfidedignas.com.mx\\\/?s={search_term_string}\"},\"query-input\":{\"@type\":\"PropertyValueSpecification\",\"valueRequired\":true,\"valueName\":\"search_term_string\"}}],\"inLanguage\":\"es\"},{\"@type\":\"Organization\",\"@id\":\"https:\\\/\\\/fuentesfidedignas.com.mx\\\/#organization\",\"name\":\"Fuentes Fidedignas\",\"url\":\"https:\\\/\\\/fuentesfidedignas.com.mx\\\/\",\"logo\":{\"@type\":\"ImageObject\",\"inLanguage\":\"es\",\"@id\":\"https:\\\/\\\/fuentesfidedignas.com.mx\\\/#\\\/schema\\\/logo\\\/image\\\/\",\"url\":\"https:\\\/\\\/fuentesfidedignas.com.mx\\\/wp-content\\\/uploads\\\/2021\\\/04\\\/logo-retina.png\",\"contentUrl\":\"https:\\\/\\\/fuentesfidedignas.com.mx\\\/wp-content\\\/uploads\\\/2021\\\/04\\\/logo-retina.png\",\"width\":280,\"height\":51,\"caption\":\"Fuentes Fidedignas\"},\"image\":{\"@id\":\"https:\\\/\\\/fuentesfidedignas.com.mx\\\/#\\\/schema\\\/logo\\\/image\\\/\"},\"sameAs\":[\"https:\\\/\\\/www.facebook.com\\\/Fuentes-Fidedignas-368234489921644\",\"https:\\\/\\\/x.com\\\/fidedignas\"]},{\"@type\":\"Person\",\"@id\":\"https:\\\/\\\/fuentesfidedignas.com.mx\\\/#\\\/schema\\\/person\\\/f030e42657a5a464a8bbd891b1aab6ee\",\"name\":\"Noticieros Televisa\",\"image\":{\"@type\":\"ImageObject\",\"inLanguage\":\"es\",\"@id\":\"https:\\\/\\\/secure.gravatar.com\\\/avatar\\\/0e47b9e785a628831b8fd9eaf15e090e106760a879abbd4a3306f128ef5d43a9?s=96&d=mm&r=g\",\"url\":\"https:\\\/\\\/secure.gravatar.com\\\/avatar\\\/0e47b9e785a628831b8fd9eaf15e090e106760a879abbd4a3306f128ef5d43a9?s=96&d=mm&r=g\",\"contentUrl\":\"https:\\\/\\\/secure.gravatar.com\\\/avatar\\\/0e47b9e785a628831b8fd9eaf15e090e106760a879abbd4a3306f128ef5d43a9?s=96&d=mm&r=g\",\"caption\":\"Noticieros Televisa\"},\"url\":\"https:\\\/\\\/fuentesfidedignas.com.mx\\\/index.php\\\/author\\\/noticieros-televisa\\\/\"}]}<\/script>\n<!-- \/ Yoast SEO plugin. -->","yoast_head_json":{"title":"Papa Francisco no descarta renunciar ante problemas de salud y ritmos de viajes - Fuentes Fidedignas","robots":{"index":"index","follow":"follow","max-snippet":"max-snippet:-1","max-image-preview":"max-image-preview:large","max-video-preview":"max-video-preview:-1"},"canonical":"https:\/\/fuentesfidedignas.com.mx\/index.php\/2022\/07\/31\/papa-francisco-no-descarta-renunciar-ante-problemas-de-salud-y-ritmos-de-viajes\/","og_locale":"es_MX","og_type":"article","og_title":"Papa Francisco no descarta renunciar ante problemas de salud y ritmos de viajes - Fuentes Fidedignas","og_description":"Al papa Francisco se le vio con frecuencia agotado y en silla ruedas por sus problemas de rodilla Ciudad del Vaticano.- El Papa Francisco reconoci\u00f3 que se cometi\u00f3 un \u201cgenocidio\u201d contra los ind\u00edgenas de Canad\u00e1 al regresar este s\u00e1bado a Roma de una agotadora visita de seis d\u00edas a ese pa\u00eds al t\u00e9rmino de la [&hellip;]","og_url":"https:\/\/fuentesfidedignas.com.mx\/index.php\/2022\/07\/31\/papa-francisco-no-descarta-renunciar-ante-problemas-de-salud-y-ritmos-de-viajes\/","og_site_name":"Fuentes Fidedignas","article_publisher":"https:\/\/www.facebook.com\/Fuentes-Fidedignas-368234489921644","article_published_time":"2022-07-31T17:38:00+00:00","article_modified_time":"2022-07-31T17:42:47+00:00","og_image":[{"width":1280,"height":720,"url":"https:\/\/fuentesfidedignas.com.mx\/wp-content\/uploads\/2022\/07\/papa-francisco-1.jpg","type":"image\/jpeg"}],"author":"Noticieros Televisa","twitter_card":"summary_large_image","twitter_creator":"@fidedignas","twitter_site":"@fidedignas","twitter_misc":{"Escrito por":"Noticieros Televisa","Tiempo de lectura":"2 minutos"},"schema":{"@context":"https:\/\/schema.org","@graph":[{"@type":"Article","@id":"https:\/\/fuentesfidedignas.com.mx\/index.php\/2022\/07\/31\/papa-francisco-no-descarta-renunciar-ante-problemas-de-salud-y-ritmos-de-viajes\/#article","isPartOf":{"@id":"https:\/\/fuentesfidedignas.com.mx\/index.php\/2022\/07\/31\/papa-francisco-no-descarta-renunciar-ante-problemas-de-salud-y-ritmos-de-viajes\/"},"author":{"name":"Noticieros Televisa","@id":"https:\/\/fuentesfidedignas.com.mx\/#\/schema\/person\/f030e42657a5a464a8bbd891b1aab6ee"},"headline":"Papa Francisco no descarta renunciar ante problemas de salud y ritmos de viajes","datePublished":"2022-07-31T17:38:00+00:00","dateModified":"2022-07-31T17:42:47+00:00","mainEntityOfPage":{"@id":"https:\/\/fuentesfidedignas.com.mx\/index.php\/2022\/07\/31\/papa-francisco-no-descarta-renunciar-ante-problemas-de-salud-y-ritmos-de-viajes\/"},"wordCount":245,"commentCount":0,"publisher":{"@id":"https:\/\/fuentesfidedignas.com.mx\/#organization"},"image":{"@id":"https:\/\/fuentesfidedignas.com.mx\/index.php\/2022\/07\/31\/papa-francisco-no-descarta-renunciar-ante-problemas-de-salud-y-ritmos-de-viajes\/#primaryimage"},"thumbnailUrl":"https:\/\/fuentesfidedignas.com.mx\/wp-content\/uploads\/2022\/07\/papa-francisco-1.jpg","articleSection":["NOTICIAS NACIONALES"],"inLanguage":"es","potentialAction":[{"@type":"CommentAction","name":"Comment","target":["https:\/\/fuentesfidedignas.com.mx\/index.php\/2022\/07\/31\/papa-francisco-no-descarta-renunciar-ante-problemas-de-salud-y-ritmos-de-viajes\/#respond"]}]},{"@type":"WebPage","@id":"https:\/\/fuentesfidedignas.com.mx\/index.php\/2022\/07\/31\/papa-francisco-no-descarta-renunciar-ante-problemas-de-salud-y-ritmos-de-viajes\/","url":"https:\/\/fuentesfidedignas.com.mx\/index.php\/2022\/07\/31\/papa-francisco-no-descarta-renunciar-ante-problemas-de-salud-y-ritmos-de-viajes\/","name":"Papa Francisco no descarta renunciar ante problemas de salud y ritmos de viajes - Fuentes Fidedignas","isPartOf":{"@id":"https:\/\/fuentesfidedignas.com.mx\/#website"},"primaryImageOfPage":{"@id":"https:\/\/fuentesfidedignas.com.mx\/index.php\/2022\/07\/31\/papa-francisco-no-descarta-renunciar-ante-problemas-de-salud-y-ritmos-de-viajes\/#primaryimage"},"image":{"@id":"https:\/\/fuentesfidedignas.com.mx\/index.php\/2022\/07\/31\/papa-francisco-no-descarta-renunciar-ante-problemas-de-salud-y-ritmos-de-viajes\/#primaryimage"},"thumbnailUrl":"https:\/\/fuentesfidedignas.com.mx\/wp-content\/uploads\/2022\/07\/papa-francisco-1.jpg","datePublished":"2022-07-31T17:38:00+00:00","dateModified":"2022-07-31T17:42:47+00:00","breadcrumb":{"@id":"https:\/\/fuentesfidedignas.com.mx\/index.php\/2022\/07\/31\/papa-francisco-no-descarta-renunciar-ante-problemas-de-salud-y-ritmos-de-viajes\/#breadcrumb"},"inLanguage":"es","potentialAction":[{"@type":"ReadAction","target":["https:\/\/fuentesfidedignas.com.mx\/index.php\/2022\/07\/31\/papa-francisco-no-descarta-renunciar-ante-problemas-de-salud-y-ritmos-de-viajes\/"]}]},{"@type":"ImageObject","inLanguage":"es","@id":"https:\/\/fuentesfidedignas.com.mx\/index.php\/2022\/07\/31\/papa-francisco-no-descarta-renunciar-ante-problemas-de-salud-y-ritmos-de-viajes\/#primaryimage","url":"https:\/\/fuentesfidedignas.com.mx\/wp-content\/uploads\/2022\/07\/papa-francisco-1.jpg","contentUrl":"https:\/\/fuentesfidedignas.com.mx\/wp-content\/uploads\/2022\/07\/papa-francisco-1.jpg","width":1280,"height":720},{"@type":"BreadcrumbList","@id":"https:\/\/fuentesfidedignas.com.mx\/index.php\/2022\/07\/31\/papa-francisco-no-descarta-renunciar-ante-problemas-de-salud-y-ritmos-de-viajes\/#breadcrumb","itemListElement":[{"@type":"ListItem","position":1,"name":"Inicio","item":"https:\/\/fuentesfidedignas.com.mx\/"},{"@type":"ListItem","position":2,"name":"Papa Francisco no descarta renunciar ante problemas de salud y ritmos de viajes"}]},{"@type":"WebSite","@id":"https:\/\/fuentesfidedignas.com.mx\/#website","url":"https:\/\/fuentesfidedignas.com.mx\/","name":"Fuentes Fidedignas","description":"Otro sitio realizado con WordPress","publisher":{"@id":"https:\/\/fuentesfidedignas.com.mx\/#organization"},"potentialAction":[{"@type":"SearchAction","target":{"@type":"EntryPoint","urlTemplate":"https:\/\/fuentesfidedignas.com.mx\/?s={search_term_string}"},"query-input":{"@type":"PropertyValueSpecification","valueRequired":true,"valueName":"search_term_string"}}],"inLanguage":"es"},{"@type":"Organization","@id":"https:\/\/fuentesfidedignas.com.mx\/#organization","name":"Fuentes Fidedignas","url":"https:\/\/fuentesfidedignas.com.mx\/","logo":{"@type":"ImageObject","inLanguage":"es","@id":"https:\/\/fuentesfidedignas.com.mx\/#\/schema\/logo\/image\/","url":"https:\/\/fuentesfidedignas.com.mx\/wp-content\/uploads\/2021\/04\/logo-retina.png","contentUrl":"https:\/\/fuentesfidedignas.com.mx\/wp-content\/uploads\/2021\/04\/logo-retina.png","width":280,"height":51,"caption":"Fuentes Fidedignas"},"image":{"@id":"https:\/\/fuentesfidedignas.com.mx\/#\/schema\/logo\/image\/"},"sameAs":["https:\/\/www.facebook.com\/Fuentes-Fidedignas-368234489921644","https:\/\/x.com\/fidedignas"]},{"@type":"Person","@id":"https:\/\/fuentesfidedignas.com.mx\/#\/schema\/person\/f030e42657a5a464a8bbd891b1aab6ee","name":"Noticieros Televisa","image":{"@type":"ImageObject","inLanguage":"es","@id":"https:\/\/secure.gravatar.com\/avatar\/0e47b9e785a628831b8fd9eaf15e090e106760a879abbd4a3306f128ef5d43a9?s=96&d=mm&r=g","url":"https:\/\/secure.gravatar.com\/avatar\/0e47b9e785a628831b8fd9eaf15e090e106760a879abbd4a3306f128ef5d43a9?s=96&d=mm&r=g","contentUrl":"https:\/\/secure.gravatar.com\/avatar\/0e47b9e785a628831b8fd9eaf15e090e106760a879abbd4a3306f128ef5d43a9?s=96&d=mm&r=g","caption":"Noticieros Televisa"},"url":"https:\/\/fuentesfidedignas.com.mx\/index.php\/author\/noticieros-televisa\/"}]}},"_links":{"self":[{"href":"https:\/\/fuentesfidedignas.com.mx\/index.php\/wp-json\/wp\/v2\/posts\/38533","targetHints":{"allow":["GET"]}}],"collection":[{"href":"https:\/\/fuentesfidedignas.com.mx\/index.php\/wp-json\/wp\/v2\/posts"}],"about":[{"href":"https:\/\/fuentesfidedignas.com.mx\/index.php\/wp-json\/wp\/v2\/types\/post"}],"author":[{"embeddable":true,"href":"https:\/\/fuentesfidedignas.com.mx\/index.php\/wp-json\/wp\/v2\/users\/46"}],"replies":[{"embeddable":true,"href":"https:\/\/fuentesfidedignas.com.mx\/index.php\/wp-json\/wp\/v2\/comments?post=38533"}],"version-history":[{"count":1,"href":"https:\/\/fuentesfidedignas.com.mx\/index.php\/wp-json\/wp\/v2\/posts\/38533\/revisions"}],"predecessor-version":[{"id":38534,"href":"https:\/\/fuentesfidedignas.com.mx\/index.php\/wp-json\/wp\/v2\/posts\/38533\/revisions\/38534"}],"wp:featuredmedia":[{"embeddable":true,"href":"https:\/\/fuentesfidedignas.com.mx\/index.php\/wp-json\/wp\/v2\/media\/38535"}],"wp:attachment":[{"href":"https:\/\/fuentesfidedignas.com.mx\/index.php\/wp-json\/wp\/v2\/media?parent=38533"}],"wp:term":[{"taxonomy":"category","embeddable":true,"href":"https:\/\/fuentesfidedignas.com.mx\/index.php\/wp-json\/wp\/v2\/categories?post=38533"},{"taxonomy":"post_tag","embeddable":true,"href":"https:\/\/fuentesfidedignas.com.mx\/index.php\/wp-json\/wp\/v2\/tags?post=38533"}],"curies":[{"name":"wp","href":"https:\/\/api.w.org\/{rel}","templated":true}]}}