{"id":38526,"date":"2022-07-31T09:10:34","date_gmt":"2022-07-31T15:10:34","guid":{"rendered":"https:\/\/fuentesfidedignas.com.mx\/?p=38526"},"modified":"2022-07-31T18:26:18","modified_gmt":"2022-08-01T00:26:18","slug":"cierran-carretera-culiacan-imala-por-aparicion-de-socavon","status":"publish","type":"post","link":"https:\/\/fuentesfidedignas.com.mx\/index.php\/2022\/07\/31\/cierran-carretera-culiacan-imala-por-aparicion-de-socavon\/","title":{"rendered":"Cierran carretera Culiac\u00e1n-Imala por aparici\u00f3n de socav\u00f3n"},"content":{"rendered":"\n<p><strong><em>Fue provocado porque debajo de la carretera pasa un arroyo<\/em><\/strong><\/p>\n\n\n\n<p>Culiac\u00e1n, Sin.- Como una medida para prevenir accidentes, la carretera Culiac\u00e1n-Imala fue cerrada a la circulaci\u00f3n de todo tipo de veh\u00edculos, a la altura del poblado Mezquitita, debido a la aparici\u00f3n de un socav\u00f3n.<\/p>\n\n\n\n<p>Elementos de Protecci\u00f3n Civil Municipal acudieron esta tarde a este punto de la carretera para brindar auxilio a una persona que manejaba un tractor, quien cay\u00f3 en un socav\u00f3n.<\/p>\n\n\n\n<p>El director de Protecci\u00f3n Civil, Jes\u00fas Bill Mendoza Ontiveros, inform\u00f3 que, afortunadamente esta persona no sufri\u00f3 lesiones, y se delimit\u00f3 esta \u00e1rea y qued\u00f3 bajo el resguardo de los elementos de la Secretar\u00eda de Seguridad P\u00fablica y Tr\u00e1nsito Municipal, quienes cerraron en su totalidad la carretera Culiac\u00e1n-Imala, para realizar los trabajos de sacar el tractor del socav\u00f3n y de reparaci\u00f3n de la r\u00faa por parte de la Secretar\u00eda de Obras y Servicios P\u00fablicos del Ayuntamiento.<\/p>\n\n\n\n<p>De acuerdo con el funcionario municipal, este socav\u00f3n fue provocado porque debajo de la carretera pasa un arroyo.<br>En estos momentos se trabaja en coordinaci\u00f3n entre las Secretar\u00edas de Obras P\u00fablicas del Municipio y Estado, para restablecer esta r\u00faa lo m\u00e1s pronto posible.<\/p>\n","protected":false},"excerpt":{"rendered":"<p>Fue provocado porque debajo de la carretera pasa un arroyo Culiac\u00e1n, Sin.- Como una medida para prevenir accidentes, la carretera Culiac\u00e1n-Imala fue cerrada a la circulaci\u00f3n de todo tipo de veh\u00edculos, a la altura del poblado Mezquitita, debido a la aparici\u00f3n de un socav\u00f3n. Elementos de Protecci\u00f3n Civil Municipal acudieron esta tarde a este punto [&hellip;]<\/p>\n","protected":false},"author":4,"featured_media":38528,"comment_status":"open","ping_status":"open","sticky":false,"template":"","format":"standard","meta":{"tdm_status":"","tdm_grid_status":"","footnotes":""},"categories":[1],"tags":[],"class_list":{"0":"post-38526","1":"post","2":"type-post","3":"status-publish","4":"format-standard","5":"has-post-thumbnail","7":"category-sin-categoria"},"yoast_head":"<!-- This site is optimized with the Yoast SEO plugin v27.5 - https:\/\/yoast.com\/product\/yoast-seo-wordpress\/ -->\n<title>Cierran carretera Culiac\u00e1n-Imala por aparici\u00f3n de socav\u00f3n - Fuentes Fidedignas<\/title>\n<meta name=\"robots\" content=\"index, follow, max-snippet:-1, max-image-preview:large, max-video-preview:-1\" \/>\n<link rel=\"canonical\" href=\"https:\/\/fuentesfidedignas.com.mx\/index.php\/2022\/07\/31\/cierran-carretera-culiacan-imala-por-aparicion-de-socavon\/\" \/>\n<meta property=\"og:locale\" content=\"es_MX\" \/>\n<meta property=\"og:type\" content=\"article\" \/>\n<meta property=\"og:title\" content=\"Cierran carretera Culiac\u00e1n-Imala por aparici\u00f3n de socav\u00f3n - Fuentes Fidedignas\" \/>\n<meta property=\"og:description\" content=\"Fue provocado porque debajo de la carretera pasa un arroyo Culiac\u00e1n, Sin.- Como una medida para prevenir accidentes, la carretera Culiac\u00e1n-Imala fue cerrada a la circulaci\u00f3n de todo tipo de veh\u00edculos, a la altura del poblado Mezquitita, debido a la aparici\u00f3n de un socav\u00f3n. Elementos de Protecci\u00f3n Civil Municipal acudieron esta tarde a este punto [&hellip;]\" \/>\n<meta property=\"og:url\" content=\"https:\/\/fuentesfidedignas.com.mx\/index.php\/2022\/07\/31\/cierran-carretera-culiacan-imala-por-aparicion-de-socavon\/\" \/>\n<meta property=\"og:site_name\" content=\"Fuentes Fidedignas\" \/>\n<meta property=\"article:publisher\" content=\"https:\/\/www.facebook.com\/Fuentes-Fidedignas-368234489921644\" \/>\n<meta property=\"article:published_time\" content=\"2022-07-31T15:10:34+00:00\" \/>\n<meta property=\"article:modified_time\" content=\"2022-08-01T00:26:18+00:00\" \/>\n<meta property=\"og:image\" content=\"https:\/\/fuentesfidedignas.com.mx\/wp-content\/uploads\/2022\/07\/image_editor_output_image-273525000-1659287475793.jpg\" \/>\n\t<meta property=\"og:image:width\" content=\"1200\" \/>\n\t<meta property=\"og:image:height\" content=\"1003\" \/>\n\t<meta property=\"og:image:type\" content=\"image\/jpeg\" \/>\n<meta name=\"author\" content=\"Redacci\u00f3n\" \/>\n<meta name=\"twitter:card\" content=\"summary_large_image\" \/>\n<meta name=\"twitter:creator\" content=\"@fidedignas\" \/>\n<meta name=\"twitter:site\" content=\"@fidedignas\" \/>\n<meta name=\"twitter:label1\" content=\"Escrito por\" \/>\n\t<meta name=\"twitter:data1\" content=\"Redacci\u00f3n\" \/>\n\t<meta name=\"twitter:label2\" content=\"Tiempo de lectura\" \/>\n\t<meta name=\"twitter:data2\" content=\"1 minuto\" \/>\n<script type=\"application\/ld+json\" class=\"yoast-schema-graph\">{\"@context\":\"https:\\\/\\\/schema.org\",\"@graph\":[{\"@type\":\"Article\",\"@id\":\"https:\\\/\\\/fuentesfidedignas.com.mx\\\/index.php\\\/2022\\\/07\\\/31\\\/cierran-carretera-culiacan-imala-por-aparicion-de-socavon\\\/#article\",\"isPartOf\":{\"@id\":\"https:\\\/\\\/fuentesfidedignas.com.mx\\\/index.php\\\/2022\\\/07\\\/31\\\/cierran-carretera-culiacan-imala-por-aparicion-de-socavon\\\/\"},\"author\":{\"name\":\"Redacci\u00f3n\",\"@id\":\"https:\\\/\\\/fuentesfidedignas.com.mx\\\/#\\\/schema\\\/person\\\/331be9283d37198e2acd5750279085b0\"},\"headline\":\"Cierran carretera Culiac\u00e1n-Imala por aparici\u00f3n de socav\u00f3n\",\"datePublished\":\"2022-07-31T15:10:34+00:00\",\"dateModified\":\"2022-08-01T00:26:18+00:00\",\"mainEntityOfPage\":{\"@id\":\"https:\\\/\\\/fuentesfidedignas.com.mx\\\/index.php\\\/2022\\\/07\\\/31\\\/cierran-carretera-culiacan-imala-por-aparicion-de-socavon\\\/\"},\"wordCount\":227,\"commentCount\":0,\"publisher\":{\"@id\":\"https:\\\/\\\/fuentesfidedignas.com.mx\\\/#organization\"},\"image\":{\"@id\":\"https:\\\/\\\/fuentesfidedignas.com.mx\\\/index.php\\\/2022\\\/07\\\/31\\\/cierran-carretera-culiacan-imala-por-aparicion-de-socavon\\\/#primaryimage\"},\"thumbnailUrl\":\"https:\\\/\\\/fuentesfidedignas.com.mx\\\/wp-content\\\/uploads\\\/2022\\\/07\\\/image_editor_output_image-273525000-1659287475793.jpg\",\"inLanguage\":\"es\",\"potentialAction\":[{\"@type\":\"CommentAction\",\"name\":\"Comment\",\"target\":[\"https:\\\/\\\/fuentesfidedignas.com.mx\\\/index.php\\\/2022\\\/07\\\/31\\\/cierran-carretera-culiacan-imala-por-aparicion-de-socavon\\\/#respond\"]}]},{\"@type\":\"WebPage\",\"@id\":\"https:\\\/\\\/fuentesfidedignas.com.mx\\\/index.php\\\/2022\\\/07\\\/31\\\/cierran-carretera-culiacan-imala-por-aparicion-de-socavon\\\/\",\"url\":\"https:\\\/\\\/fuentesfidedignas.com.mx\\\/index.php\\\/2022\\\/07\\\/31\\\/cierran-carretera-culiacan-imala-por-aparicion-de-socavon\\\/\",\"name\":\"Cierran carretera Culiac\u00e1n-Imala por aparici\u00f3n de socav\u00f3n - Fuentes Fidedignas\",\"isPartOf\":{\"@id\":\"https:\\\/\\\/fuentesfidedignas.com.mx\\\/#website\"},\"primaryImageOfPage\":{\"@id\":\"https:\\\/\\\/fuentesfidedignas.com.mx\\\/index.php\\\/2022\\\/07\\\/31\\\/cierran-carretera-culiacan-imala-por-aparicion-de-socavon\\\/#primaryimage\"},\"image\":{\"@id\":\"https:\\\/\\\/fuentesfidedignas.com.mx\\\/index.php\\\/2022\\\/07\\\/31\\\/cierran-carretera-culiacan-imala-por-aparicion-de-socavon\\\/#primaryimage\"},\"thumbnailUrl\":\"https:\\\/\\\/fuentesfidedignas.com.mx\\\/wp-content\\\/uploads\\\/2022\\\/07\\\/image_editor_output_image-273525000-1659287475793.jpg\",\"datePublished\":\"2022-07-31T15:10:34+00:00\",\"dateModified\":\"2022-08-01T00:26:18+00:00\",\"breadcrumb\":{\"@id\":\"https:\\\/\\\/fuentesfidedignas.com.mx\\\/index.php\\\/2022\\\/07\\\/31\\\/cierran-carretera-culiacan-imala-por-aparicion-de-socavon\\\/#breadcrumb\"},\"inLanguage\":\"es\",\"potentialAction\":[{\"@type\":\"ReadAction\",\"target\":[\"https:\\\/\\\/fuentesfidedignas.com.mx\\\/index.php\\\/2022\\\/07\\\/31\\\/cierran-carretera-culiacan-imala-por-aparicion-de-socavon\\\/\"]}]},{\"@type\":\"ImageObject\",\"inLanguage\":\"es\",\"@id\":\"https:\\\/\\\/fuentesfidedignas.com.mx\\\/index.php\\\/2022\\\/07\\\/31\\\/cierran-carretera-culiacan-imala-por-aparicion-de-socavon\\\/#primaryimage\",\"url\":\"https:\\\/\\\/fuentesfidedignas.com.mx\\\/wp-content\\\/uploads\\\/2022\\\/07\\\/image_editor_output_image-273525000-1659287475793.jpg\",\"contentUrl\":\"https:\\\/\\\/fuentesfidedignas.com.mx\\\/wp-content\\\/uploads\\\/2022\\\/07\\\/image_editor_output_image-273525000-1659287475793.jpg\",\"width\":1200,\"height\":1003},{\"@type\":\"BreadcrumbList\",\"@id\":\"https:\\\/\\\/fuentesfidedignas.com.mx\\\/index.php\\\/2022\\\/07\\\/31\\\/cierran-carretera-culiacan-imala-por-aparicion-de-socavon\\\/#breadcrumb\",\"itemListElement\":[{\"@type\":\"ListItem\",\"position\":1,\"name\":\"Inicio\",\"item\":\"https:\\\/\\\/fuentesfidedignas.com.mx\\\/\"},{\"@type\":\"ListItem\",\"position\":2,\"name\":\"Cierran carretera Culiac\u00e1n-Imala por aparici\u00f3n de socav\u00f3n\"}]},{\"@type\":\"WebSite\",\"@id\":\"https:\\\/\\\/fuentesfidedignas.com.mx\\\/#website\",\"url\":\"https:\\\/\\\/fuentesfidedignas.com.mx\\\/\",\"name\":\"Fuentes Fidedignas\",\"description\":\"Otro sitio realizado con WordPress\",\"publisher\":{\"@id\":\"https:\\\/\\\/fuentesfidedignas.com.mx\\\/#organization\"},\"potentialAction\":[{\"@type\":\"SearchAction\",\"target\":{\"@type\":\"EntryPoint\",\"urlTemplate\":\"https:\\\/\\\/fuentesfidedignas.com.mx\\\/?s={search_term_string}\"},\"query-input\":{\"@type\":\"PropertyValueSpecification\",\"valueRequired\":true,\"valueName\":\"search_term_string\"}}],\"inLanguage\":\"es\"},{\"@type\":\"Organization\",\"@id\":\"https:\\\/\\\/fuentesfidedignas.com.mx\\\/#organization\",\"name\":\"Fuentes Fidedignas\",\"url\":\"https:\\\/\\\/fuentesfidedignas.com.mx\\\/\",\"logo\":{\"@type\":\"ImageObject\",\"inLanguage\":\"es\",\"@id\":\"https:\\\/\\\/fuentesfidedignas.com.mx\\\/#\\\/schema\\\/logo\\\/image\\\/\",\"url\":\"https:\\\/\\\/fuentesfidedignas.com.mx\\\/wp-content\\\/uploads\\\/2021\\\/04\\\/logo-retina.png\",\"contentUrl\":\"https:\\\/\\\/fuentesfidedignas.com.mx\\\/wp-content\\\/uploads\\\/2021\\\/04\\\/logo-retina.png\",\"width\":280,\"height\":51,\"caption\":\"Fuentes Fidedignas\"},\"image\":{\"@id\":\"https:\\\/\\\/fuentesfidedignas.com.mx\\\/#\\\/schema\\\/logo\\\/image\\\/\"},\"sameAs\":[\"https:\\\/\\\/www.facebook.com\\\/Fuentes-Fidedignas-368234489921644\",\"https:\\\/\\\/x.com\\\/fidedignas\"]},{\"@type\":\"Person\",\"@id\":\"https:\\\/\\\/fuentesfidedignas.com.mx\\\/#\\\/schema\\\/person\\\/331be9283d37198e2acd5750279085b0\",\"name\":\"Redacci\u00f3n\",\"image\":{\"@type\":\"ImageObject\",\"inLanguage\":\"es\",\"@id\":\"https:\\\/\\\/secure.gravatar.com\\\/avatar\\\/f6d8782c11d12b2d4ad3fbb6931aeab5309937a4d6cd2fc9cfaa28a6396a5aec?s=96&d=mm&r=g\",\"url\":\"https:\\\/\\\/secure.gravatar.com\\\/avatar\\\/f6d8782c11d12b2d4ad3fbb6931aeab5309937a4d6cd2fc9cfaa28a6396a5aec?s=96&d=mm&r=g\",\"contentUrl\":\"https:\\\/\\\/secure.gravatar.com\\\/avatar\\\/f6d8782c11d12b2d4ad3fbb6931aeab5309937a4d6cd2fc9cfaa28a6396a5aec?s=96&d=mm&r=g\",\"caption\":\"Redacci\u00f3n\"},\"url\":\"https:\\\/\\\/fuentesfidedignas.com.mx\\\/index.php\\\/author\\\/redaccion\\\/\"}]}<\/script>\n<!-- \/ Yoast SEO plugin. -->","yoast_head_json":{"title":"Cierran carretera Culiac\u00e1n-Imala por aparici\u00f3n de socav\u00f3n - Fuentes Fidedignas","robots":{"index":"index","follow":"follow","max-snippet":"max-snippet:-1","max-image-preview":"max-image-preview:large","max-video-preview":"max-video-preview:-1"},"canonical":"https:\/\/fuentesfidedignas.com.mx\/index.php\/2022\/07\/31\/cierran-carretera-culiacan-imala-por-aparicion-de-socavon\/","og_locale":"es_MX","og_type":"article","og_title":"Cierran carretera Culiac\u00e1n-Imala por aparici\u00f3n de socav\u00f3n - Fuentes Fidedignas","og_description":"Fue provocado porque debajo de la carretera pasa un arroyo Culiac\u00e1n, Sin.- Como una medida para prevenir accidentes, la carretera Culiac\u00e1n-Imala fue cerrada a la circulaci\u00f3n de todo tipo de veh\u00edculos, a la altura del poblado Mezquitita, debido a la aparici\u00f3n de un socav\u00f3n. Elementos de Protecci\u00f3n Civil Municipal acudieron esta tarde a este punto [&hellip;]","og_url":"https:\/\/fuentesfidedignas.com.mx\/index.php\/2022\/07\/31\/cierran-carretera-culiacan-imala-por-aparicion-de-socavon\/","og_site_name":"Fuentes Fidedignas","article_publisher":"https:\/\/www.facebook.com\/Fuentes-Fidedignas-368234489921644","article_published_time":"2022-07-31T15:10:34+00:00","article_modified_time":"2022-08-01T00:26:18+00:00","og_image":[{"width":1200,"height":1003,"url":"https:\/\/fuentesfidedignas.com.mx\/wp-content\/uploads\/2022\/07\/image_editor_output_image-273525000-1659287475793.jpg","type":"image\/jpeg"}],"author":"Redacci\u00f3n","twitter_card":"summary_large_image","twitter_creator":"@fidedignas","twitter_site":"@fidedignas","twitter_misc":{"Escrito por":"Redacci\u00f3n","Tiempo de lectura":"1 minuto"},"schema":{"@context":"https:\/\/schema.org","@graph":[{"@type":"Article","@id":"https:\/\/fuentesfidedignas.com.mx\/index.php\/2022\/07\/31\/cierran-carretera-culiacan-imala-por-aparicion-de-socavon\/#article","isPartOf":{"@id":"https:\/\/fuentesfidedignas.com.mx\/index.php\/2022\/07\/31\/cierran-carretera-culiacan-imala-por-aparicion-de-socavon\/"},"author":{"name":"Redacci\u00f3n","@id":"https:\/\/fuentesfidedignas.com.mx\/#\/schema\/person\/331be9283d37198e2acd5750279085b0"},"headline":"Cierran carretera Culiac\u00e1n-Imala por aparici\u00f3n de socav\u00f3n","datePublished":"2022-07-31T15:10:34+00:00","dateModified":"2022-08-01T00:26:18+00:00","mainEntityOfPage":{"@id":"https:\/\/fuentesfidedignas.com.mx\/index.php\/2022\/07\/31\/cierran-carretera-culiacan-imala-por-aparicion-de-socavon\/"},"wordCount":227,"commentCount":0,"publisher":{"@id":"https:\/\/fuentesfidedignas.com.mx\/#organization"},"image":{"@id":"https:\/\/fuentesfidedignas.com.mx\/index.php\/2022\/07\/31\/cierran-carretera-culiacan-imala-por-aparicion-de-socavon\/#primaryimage"},"thumbnailUrl":"https:\/\/fuentesfidedignas.com.mx\/wp-content\/uploads\/2022\/07\/image_editor_output_image-273525000-1659287475793.jpg","inLanguage":"es","potentialAction":[{"@type":"CommentAction","name":"Comment","target":["https:\/\/fuentesfidedignas.com.mx\/index.php\/2022\/07\/31\/cierran-carretera-culiacan-imala-por-aparicion-de-socavon\/#respond"]}]},{"@type":"WebPage","@id":"https:\/\/fuentesfidedignas.com.mx\/index.php\/2022\/07\/31\/cierran-carretera-culiacan-imala-por-aparicion-de-socavon\/","url":"https:\/\/fuentesfidedignas.com.mx\/index.php\/2022\/07\/31\/cierran-carretera-culiacan-imala-por-aparicion-de-socavon\/","name":"Cierran carretera Culiac\u00e1n-Imala por aparici\u00f3n de socav\u00f3n - Fuentes Fidedignas","isPartOf":{"@id":"https:\/\/fuentesfidedignas.com.mx\/#website"},"primaryImageOfPage":{"@id":"https:\/\/fuentesfidedignas.com.mx\/index.php\/2022\/07\/31\/cierran-carretera-culiacan-imala-por-aparicion-de-socavon\/#primaryimage"},"image":{"@id":"https:\/\/fuentesfidedignas.com.mx\/index.php\/2022\/07\/31\/cierran-carretera-culiacan-imala-por-aparicion-de-socavon\/#primaryimage"},"thumbnailUrl":"https:\/\/fuentesfidedignas.com.mx\/wp-content\/uploads\/2022\/07\/image_editor_output_image-273525000-1659287475793.jpg","datePublished":"2022-07-31T15:10:34+00:00","dateModified":"2022-08-01T00:26:18+00:00","breadcrumb":{"@id":"https:\/\/fuentesfidedignas.com.mx\/index.php\/2022\/07\/31\/cierran-carretera-culiacan-imala-por-aparicion-de-socavon\/#breadcrumb"},"inLanguage":"es","potentialAction":[{"@type":"ReadAction","target":["https:\/\/fuentesfidedignas.com.mx\/index.php\/2022\/07\/31\/cierran-carretera-culiacan-imala-por-aparicion-de-socavon\/"]}]},{"@type":"ImageObject","inLanguage":"es","@id":"https:\/\/fuentesfidedignas.com.mx\/index.php\/2022\/07\/31\/cierran-carretera-culiacan-imala-por-aparicion-de-socavon\/#primaryimage","url":"https:\/\/fuentesfidedignas.com.mx\/wp-content\/uploads\/2022\/07\/image_editor_output_image-273525000-1659287475793.jpg","contentUrl":"https:\/\/fuentesfidedignas.com.mx\/wp-content\/uploads\/2022\/07\/image_editor_output_image-273525000-1659287475793.jpg","width":1200,"height":1003},{"@type":"BreadcrumbList","@id":"https:\/\/fuentesfidedignas.com.mx\/index.php\/2022\/07\/31\/cierran-carretera-culiacan-imala-por-aparicion-de-socavon\/#breadcrumb","itemListElement":[{"@type":"ListItem","position":1,"name":"Inicio","item":"https:\/\/fuentesfidedignas.com.mx\/"},{"@type":"ListItem","position":2,"name":"Cierran carretera Culiac\u00e1n-Imala por aparici\u00f3n de socav\u00f3n"}]},{"@type":"WebSite","@id":"https:\/\/fuentesfidedignas.com.mx\/#website","url":"https:\/\/fuentesfidedignas.com.mx\/","name":"Fuentes Fidedignas","description":"Otro sitio realizado con WordPress","publisher":{"@id":"https:\/\/fuentesfidedignas.com.mx\/#organization"},"potentialAction":[{"@type":"SearchAction","target":{"@type":"EntryPoint","urlTemplate":"https:\/\/fuentesfidedignas.com.mx\/?s={search_term_string}"},"query-input":{"@type":"PropertyValueSpecification","valueRequired":true,"valueName":"search_term_string"}}],"inLanguage":"es"},{"@type":"Organization","@id":"https:\/\/fuentesfidedignas.com.mx\/#organization","name":"Fuentes Fidedignas","url":"https:\/\/fuentesfidedignas.com.mx\/","logo":{"@type":"ImageObject","inLanguage":"es","@id":"https:\/\/fuentesfidedignas.com.mx\/#\/schema\/logo\/image\/","url":"https:\/\/fuentesfidedignas.com.mx\/wp-content\/uploads\/2021\/04\/logo-retina.png","contentUrl":"https:\/\/fuentesfidedignas.com.mx\/wp-content\/uploads\/2021\/04\/logo-retina.png","width":280,"height":51,"caption":"Fuentes Fidedignas"},"image":{"@id":"https:\/\/fuentesfidedignas.com.mx\/#\/schema\/logo\/image\/"},"sameAs":["https:\/\/www.facebook.com\/Fuentes-Fidedignas-368234489921644","https:\/\/x.com\/fidedignas"]},{"@type":"Person","@id":"https:\/\/fuentesfidedignas.com.mx\/#\/schema\/person\/331be9283d37198e2acd5750279085b0","name":"Redacci\u00f3n","image":{"@type":"ImageObject","inLanguage":"es","@id":"https:\/\/secure.gravatar.com\/avatar\/f6d8782c11d12b2d4ad3fbb6931aeab5309937a4d6cd2fc9cfaa28a6396a5aec?s=96&d=mm&r=g","url":"https:\/\/secure.gravatar.com\/avatar\/f6d8782c11d12b2d4ad3fbb6931aeab5309937a4d6cd2fc9cfaa28a6396a5aec?s=96&d=mm&r=g","contentUrl":"https:\/\/secure.gravatar.com\/avatar\/f6d8782c11d12b2d4ad3fbb6931aeab5309937a4d6cd2fc9cfaa28a6396a5aec?s=96&d=mm&r=g","caption":"Redacci\u00f3n"},"url":"https:\/\/fuentesfidedignas.com.mx\/index.php\/author\/redaccion\/"}]}},"_links":{"self":[{"href":"https:\/\/fuentesfidedignas.com.mx\/index.php\/wp-json\/wp\/v2\/posts\/38526","targetHints":{"allow":["GET"]}}],"collection":[{"href":"https:\/\/fuentesfidedignas.com.mx\/index.php\/wp-json\/wp\/v2\/posts"}],"about":[{"href":"https:\/\/fuentesfidedignas.com.mx\/index.php\/wp-json\/wp\/v2\/types\/post"}],"author":[{"embeddable":true,"href":"https:\/\/fuentesfidedignas.com.mx\/index.php\/wp-json\/wp\/v2\/users\/4"}],"replies":[{"embeddable":true,"href":"https:\/\/fuentesfidedignas.com.mx\/index.php\/wp-json\/wp\/v2\/comments?post=38526"}],"version-history":[{"count":1,"href":"https:\/\/fuentesfidedignas.com.mx\/index.php\/wp-json\/wp\/v2\/posts\/38526\/revisions"}],"predecessor-version":[{"id":38527,"href":"https:\/\/fuentesfidedignas.com.mx\/index.php\/wp-json\/wp\/v2\/posts\/38526\/revisions\/38527"}],"wp:featuredmedia":[{"embeddable":true,"href":"https:\/\/fuentesfidedignas.com.mx\/index.php\/wp-json\/wp\/v2\/media\/38528"}],"wp:attachment":[{"href":"https:\/\/fuentesfidedignas.com.mx\/index.php\/wp-json\/wp\/v2\/media?parent=38526"}],"wp:term":[{"taxonomy":"category","embeddable":true,"href":"https:\/\/fuentesfidedignas.com.mx\/index.php\/wp-json\/wp\/v2\/categories?post=38526"},{"taxonomy":"post_tag","embeddable":true,"href":"https:\/\/fuentesfidedignas.com.mx\/index.php\/wp-json\/wp\/v2\/tags?post=38526"}],"curies":[{"name":"wp","href":"https:\/\/api.w.org\/{rel}","templated":true}]}}