{"id":38516,"date":"2022-07-30T13:18:11","date_gmt":"2022-07-30T19:18:11","guid":{"rendered":"https:\/\/fuentesfidedignas.com.mx\/?p=38516"},"modified":"2022-07-30T13:19:24","modified_gmt":"2022-07-30T19:19:24","slug":"suman-3-muertos-por-viruela-del-mono-fuera-de-africa-2-son-en-espana","status":"publish","type":"post","link":"https:\/\/fuentesfidedignas.com.mx\/index.php\/2022\/07\/30\/suman-3-muertos-por-viruela-del-mono-fuera-de-africa-2-son-en-espana\/","title":{"rendered":"Suman 3 muertos por viruela del mono fuera de \u00c1frica; 2 son en Espa\u00f1a"},"content":{"rendered":"\n<p><br><strong><em>Dos de los tres fallecimientos han ocurrido en Espa\u00f1a y eran hombres j\u00f3venes<\/em><\/strong> <\/p>\n\n\n\n<p><strong>Espa\u00f1a<\/strong>&nbsp;registr\u00f3 el s\u00e1bado su segunda&nbsp;<a href=\"https:\/\/noticieros.televisa.com\/tag\/muertes\/\" target=\"_blank\" rel=\"noreferrer noopener\"><strong>muerte<\/strong><\/a>&nbsp;de un paciente con&nbsp;<a href=\"https:\/\/noticieros.televisa.com\/tag\/viruela-del-mono\/\" target=\"_blank\" rel=\"noreferrer noopener\"><strong>viruela del mono<\/strong><\/a>, la tercera fuera de&nbsp;<a href=\"https:\/\/noticieros.televisa.com\/tag\/africa\/\" target=\"_blank\" rel=\"noreferrer noopener\"><strong>\u00c1frica<\/strong><\/a>&nbsp;en pocos d\u00edas, y las autoridades cient\u00edficas siguen interrog\u00e1ndose sobre las causas reales de estos&nbsp;<strong>fallecimientos<\/strong>. <\/p>\n\n\n\n<p>Seg\u00fan la OMS, Espa\u00f1a es el pa\u00eds m\u00e1s afectado por la epidemia en el mundo, donde una segunda persona con viruela del mono muri\u00f3 en Europa al d\u00eda siguiente del anuncio de la primera muerte en el pa\u00eds.<\/p>\n\n\n\n<p>\u201cDe los 3,750 pacientes (\u2026), 120 casos fueron hospitalizados y dos murieron\u201d, indic\u00f3 el Centro de Coordinaci\u00f3n de Alertas y Emergencias Sanitarias en su \u00faltimo informe publicado el s\u00e1bado.<\/p>\n\n\n\n<p>Se trata de \u201cdos hombres j\u00f3venes\u201d afectados por \u201cla viruela del mono\u201d, explic\u00f3 el ministerio de Salud, sin proporcionar la causa exacta de los decesos.<\/p>\n\n\n\n<p>Las autoridades afirman esperar los resultados de m\u00e1s \u201cinformaci\u00f3n epidemiol\u00f3gica\u201d.<\/p>\n\n\n\n<p>Sin embargo, se sabe que la segunda muerte se refiere a un hombre de 31 a\u00f1os que estaba hospitalizado en C\u00f3rdoba, en el sur del pa\u00eds, seg\u00fan un comunicado de las autoridades andaluzas.<\/p>\n\n\n\n<p>\u201cLas muestras tomadas durante la autopsia deber\u00e1n permitir determinar si la causa del fallecimiento es la meningoencefalitis u otra patolog\u00eda\u201d, a\u00f1adieron.<\/p>\n","protected":false},"excerpt":{"rendered":"<p>Dos de los tres fallecimientos han ocurrido en Espa\u00f1a y eran hombres j\u00f3venes Espa\u00f1a&nbsp;registr\u00f3 el s\u00e1bado su segunda&nbsp;muerte&nbsp;de un paciente con&nbsp;viruela del mono, la tercera fuera de&nbsp;\u00c1frica&nbsp;en pocos d\u00edas, y las autoridades cient\u00edficas siguen interrog\u00e1ndose sobre las causas reales de estos&nbsp;fallecimientos. Seg\u00fan la OMS, Espa\u00f1a es el pa\u00eds m\u00e1s afectado por la epidemia en el [&hellip;]<\/p>\n","protected":false},"author":46,"featured_media":38518,"comment_status":"open","ping_status":"open","sticky":false,"template":"","format":"standard","meta":{"tdm_status":"","tdm_grid_status":"","footnotes":""},"categories":[39],"tags":[],"class_list":{"0":"post-38516","1":"post","2":"type-post","3":"status-publish","4":"format-standard","5":"has-post-thumbnail","7":"category-noticias-nacionales"},"yoast_head":"<!-- This site is optimized with the Yoast SEO plugin v27.5 - https:\/\/yoast.com\/product\/yoast-seo-wordpress\/ -->\n<title>Suman 3 muertos por viruela del mono fuera de \u00c1frica; 2 son en Espa\u00f1a - Fuentes Fidedignas<\/title>\n<meta name=\"robots\" content=\"index, follow, max-snippet:-1, max-image-preview:large, max-video-preview:-1\" \/>\n<link rel=\"canonical\" href=\"https:\/\/fuentesfidedignas.com.mx\/index.php\/2022\/07\/30\/suman-3-muertos-por-viruela-del-mono-fuera-de-africa-2-son-en-espana\/\" \/>\n<meta property=\"og:locale\" content=\"es_MX\" \/>\n<meta property=\"og:type\" content=\"article\" \/>\n<meta property=\"og:title\" content=\"Suman 3 muertos por viruela del mono fuera de \u00c1frica; 2 son en Espa\u00f1a - Fuentes Fidedignas\" \/>\n<meta property=\"og:description\" content=\"Dos de los tres fallecimientos han ocurrido en Espa\u00f1a y eran hombres j\u00f3venes Espa\u00f1a&nbsp;registr\u00f3 el s\u00e1bado su segunda&nbsp;muerte&nbsp;de un paciente con&nbsp;viruela del mono, la tercera fuera de&nbsp;\u00c1frica&nbsp;en pocos d\u00edas, y las autoridades cient\u00edficas siguen interrog\u00e1ndose sobre las causas reales de estos&nbsp;fallecimientos. Seg\u00fan la OMS, Espa\u00f1a es el pa\u00eds m\u00e1s afectado por la epidemia en el [&hellip;]\" \/>\n<meta property=\"og:url\" content=\"https:\/\/fuentesfidedignas.com.mx\/index.php\/2022\/07\/30\/suman-3-muertos-por-viruela-del-mono-fuera-de-africa-2-son-en-espana\/\" \/>\n<meta property=\"og:site_name\" content=\"Fuentes Fidedignas\" \/>\n<meta property=\"article:publisher\" content=\"https:\/\/www.facebook.com\/Fuentes-Fidedignas-368234489921644\" \/>\n<meta property=\"article:published_time\" content=\"2022-07-30T19:18:11+00:00\" \/>\n<meta property=\"article:modified_time\" content=\"2022-07-30T19:19:24+00:00\" \/>\n<meta property=\"og:image\" content=\"https:\/\/fuentesfidedignas.com.mx\/wp-content\/uploads\/2022\/07\/viruela-del-mono-3.jpg\" \/>\n\t<meta property=\"og:image:width\" content=\"1280\" \/>\n\t<meta property=\"og:image:height\" content=\"720\" \/>\n\t<meta property=\"og:image:type\" content=\"image\/jpeg\" \/>\n<meta name=\"author\" content=\"Noticieros Televisa\" \/>\n<meta name=\"twitter:card\" content=\"summary_large_image\" \/>\n<meta name=\"twitter:creator\" content=\"@fidedignas\" \/>\n<meta name=\"twitter:site\" content=\"@fidedignas\" \/>\n<meta name=\"twitter:label1\" content=\"Escrito por\" \/>\n\t<meta name=\"twitter:data1\" content=\"Noticieros Televisa\" \/>\n\t<meta name=\"twitter:label2\" content=\"Tiempo de lectura\" \/>\n\t<meta name=\"twitter:data2\" content=\"1 minuto\" \/>\n<script type=\"application\/ld+json\" class=\"yoast-schema-graph\">{\"@context\":\"https:\\\/\\\/schema.org\",\"@graph\":[{\"@type\":\"Article\",\"@id\":\"https:\\\/\\\/fuentesfidedignas.com.mx\\\/index.php\\\/2022\\\/07\\\/30\\\/suman-3-muertos-por-viruela-del-mono-fuera-de-africa-2-son-en-espana\\\/#article\",\"isPartOf\":{\"@id\":\"https:\\\/\\\/fuentesfidedignas.com.mx\\\/index.php\\\/2022\\\/07\\\/30\\\/suman-3-muertos-por-viruela-del-mono-fuera-de-africa-2-son-en-espana\\\/\"},\"author\":{\"name\":\"Noticieros Televisa\",\"@id\":\"https:\\\/\\\/fuentesfidedignas.com.mx\\\/#\\\/schema\\\/person\\\/f030e42657a5a464a8bbd891b1aab6ee\"},\"headline\":\"Suman 3 muertos por viruela del mono fuera de \u00c1frica; 2 son en Espa\u00f1a\",\"datePublished\":\"2022-07-30T19:18:11+00:00\",\"dateModified\":\"2022-07-30T19:19:24+00:00\",\"mainEntityOfPage\":{\"@id\":\"https:\\\/\\\/fuentesfidedignas.com.mx\\\/index.php\\\/2022\\\/07\\\/30\\\/suman-3-muertos-por-viruela-del-mono-fuera-de-africa-2-son-en-espana\\\/\"},\"wordCount\":246,\"commentCount\":0,\"publisher\":{\"@id\":\"https:\\\/\\\/fuentesfidedignas.com.mx\\\/#organization\"},\"image\":{\"@id\":\"https:\\\/\\\/fuentesfidedignas.com.mx\\\/index.php\\\/2022\\\/07\\\/30\\\/suman-3-muertos-por-viruela-del-mono-fuera-de-africa-2-son-en-espana\\\/#primaryimage\"},\"thumbnailUrl\":\"https:\\\/\\\/fuentesfidedignas.com.mx\\\/wp-content\\\/uploads\\\/2022\\\/07\\\/viruela-del-mono-3.jpg\",\"articleSection\":[\"NOTICIAS NACIONALES\"],\"inLanguage\":\"es\",\"potentialAction\":[{\"@type\":\"CommentAction\",\"name\":\"Comment\",\"target\":[\"https:\\\/\\\/fuentesfidedignas.com.mx\\\/index.php\\\/2022\\\/07\\\/30\\\/suman-3-muertos-por-viruela-del-mono-fuera-de-africa-2-son-en-espana\\\/#respond\"]}]},{\"@type\":\"WebPage\",\"@id\":\"https:\\\/\\\/fuentesfidedignas.com.mx\\\/index.php\\\/2022\\\/07\\\/30\\\/suman-3-muertos-por-viruela-del-mono-fuera-de-africa-2-son-en-espana\\\/\",\"url\":\"https:\\\/\\\/fuentesfidedignas.com.mx\\\/index.php\\\/2022\\\/07\\\/30\\\/suman-3-muertos-por-viruela-del-mono-fuera-de-africa-2-son-en-espana\\\/\",\"name\":\"Suman 3 muertos por viruela del mono fuera de \u00c1frica; 2 son en Espa\u00f1a - Fuentes Fidedignas\",\"isPartOf\":{\"@id\":\"https:\\\/\\\/fuentesfidedignas.com.mx\\\/#website\"},\"primaryImageOfPage\":{\"@id\":\"https:\\\/\\\/fuentesfidedignas.com.mx\\\/index.php\\\/2022\\\/07\\\/30\\\/suman-3-muertos-por-viruela-del-mono-fuera-de-africa-2-son-en-espana\\\/#primaryimage\"},\"image\":{\"@id\":\"https:\\\/\\\/fuentesfidedignas.com.mx\\\/index.php\\\/2022\\\/07\\\/30\\\/suman-3-muertos-por-viruela-del-mono-fuera-de-africa-2-son-en-espana\\\/#primaryimage\"},\"thumbnailUrl\":\"https:\\\/\\\/fuentesfidedignas.com.mx\\\/wp-content\\\/uploads\\\/2022\\\/07\\\/viruela-del-mono-3.jpg\",\"datePublished\":\"2022-07-30T19:18:11+00:00\",\"dateModified\":\"2022-07-30T19:19:24+00:00\",\"breadcrumb\":{\"@id\":\"https:\\\/\\\/fuentesfidedignas.com.mx\\\/index.php\\\/2022\\\/07\\\/30\\\/suman-3-muertos-por-viruela-del-mono-fuera-de-africa-2-son-en-espana\\\/#breadcrumb\"},\"inLanguage\":\"es\",\"potentialAction\":[{\"@type\":\"ReadAction\",\"target\":[\"https:\\\/\\\/fuentesfidedignas.com.mx\\\/index.php\\\/2022\\\/07\\\/30\\\/suman-3-muertos-por-viruela-del-mono-fuera-de-africa-2-son-en-espana\\\/\"]}]},{\"@type\":\"ImageObject\",\"inLanguage\":\"es\",\"@id\":\"https:\\\/\\\/fuentesfidedignas.com.mx\\\/index.php\\\/2022\\\/07\\\/30\\\/suman-3-muertos-por-viruela-del-mono-fuera-de-africa-2-son-en-espana\\\/#primaryimage\",\"url\":\"https:\\\/\\\/fuentesfidedignas.com.mx\\\/wp-content\\\/uploads\\\/2022\\\/07\\\/viruela-del-mono-3.jpg\",\"contentUrl\":\"https:\\\/\\\/fuentesfidedignas.com.mx\\\/wp-content\\\/uploads\\\/2022\\\/07\\\/viruela-del-mono-3.jpg\",\"width\":1280,\"height\":720},{\"@type\":\"BreadcrumbList\",\"@id\":\"https:\\\/\\\/fuentesfidedignas.com.mx\\\/index.php\\\/2022\\\/07\\\/30\\\/suman-3-muertos-por-viruela-del-mono-fuera-de-africa-2-son-en-espana\\\/#breadcrumb\",\"itemListElement\":[{\"@type\":\"ListItem\",\"position\":1,\"name\":\"Inicio\",\"item\":\"https:\\\/\\\/fuentesfidedignas.com.mx\\\/\"},{\"@type\":\"ListItem\",\"position\":2,\"name\":\"Suman 3 muertos por viruela del mono fuera de \u00c1frica; 2 son en Espa\u00f1a\"}]},{\"@type\":\"WebSite\",\"@id\":\"https:\\\/\\\/fuentesfidedignas.com.mx\\\/#website\",\"url\":\"https:\\\/\\\/fuentesfidedignas.com.mx\\\/\",\"name\":\"Fuentes Fidedignas\",\"description\":\"Otro sitio realizado con WordPress\",\"publisher\":{\"@id\":\"https:\\\/\\\/fuentesfidedignas.com.mx\\\/#organization\"},\"potentialAction\":[{\"@type\":\"SearchAction\",\"target\":{\"@type\":\"EntryPoint\",\"urlTemplate\":\"https:\\\/\\\/fuentesfidedignas.com.mx\\\/?s={search_term_string}\"},\"query-input\":{\"@type\":\"PropertyValueSpecification\",\"valueRequired\":true,\"valueName\":\"search_term_string\"}}],\"inLanguage\":\"es\"},{\"@type\":\"Organization\",\"@id\":\"https:\\\/\\\/fuentesfidedignas.com.mx\\\/#organization\",\"name\":\"Fuentes Fidedignas\",\"url\":\"https:\\\/\\\/fuentesfidedignas.com.mx\\\/\",\"logo\":{\"@type\":\"ImageObject\",\"inLanguage\":\"es\",\"@id\":\"https:\\\/\\\/fuentesfidedignas.com.mx\\\/#\\\/schema\\\/logo\\\/image\\\/\",\"url\":\"https:\\\/\\\/fuentesfidedignas.com.mx\\\/wp-content\\\/uploads\\\/2021\\\/04\\\/logo-retina.png\",\"contentUrl\":\"https:\\\/\\\/fuentesfidedignas.com.mx\\\/wp-content\\\/uploads\\\/2021\\\/04\\\/logo-retina.png\",\"width\":280,\"height\":51,\"caption\":\"Fuentes Fidedignas\"},\"image\":{\"@id\":\"https:\\\/\\\/fuentesfidedignas.com.mx\\\/#\\\/schema\\\/logo\\\/image\\\/\"},\"sameAs\":[\"https:\\\/\\\/www.facebook.com\\\/Fuentes-Fidedignas-368234489921644\",\"https:\\\/\\\/x.com\\\/fidedignas\"]},{\"@type\":\"Person\",\"@id\":\"https:\\\/\\\/fuentesfidedignas.com.mx\\\/#\\\/schema\\\/person\\\/f030e42657a5a464a8bbd891b1aab6ee\",\"name\":\"Noticieros Televisa\",\"image\":{\"@type\":\"ImageObject\",\"inLanguage\":\"es\",\"@id\":\"https:\\\/\\\/secure.gravatar.com\\\/avatar\\\/0e47b9e785a628831b8fd9eaf15e090e106760a879abbd4a3306f128ef5d43a9?s=96&d=mm&r=g\",\"url\":\"https:\\\/\\\/secure.gravatar.com\\\/avatar\\\/0e47b9e785a628831b8fd9eaf15e090e106760a879abbd4a3306f128ef5d43a9?s=96&d=mm&r=g\",\"contentUrl\":\"https:\\\/\\\/secure.gravatar.com\\\/avatar\\\/0e47b9e785a628831b8fd9eaf15e090e106760a879abbd4a3306f128ef5d43a9?s=96&d=mm&r=g\",\"caption\":\"Noticieros Televisa\"},\"url\":\"https:\\\/\\\/fuentesfidedignas.com.mx\\\/index.php\\\/author\\\/noticieros-televisa\\\/\"}]}<\/script>\n<!-- \/ Yoast SEO plugin. -->","yoast_head_json":{"title":"Suman 3 muertos por viruela del mono fuera de \u00c1frica; 2 son en Espa\u00f1a - Fuentes Fidedignas","robots":{"index":"index","follow":"follow","max-snippet":"max-snippet:-1","max-image-preview":"max-image-preview:large","max-video-preview":"max-video-preview:-1"},"canonical":"https:\/\/fuentesfidedignas.com.mx\/index.php\/2022\/07\/30\/suman-3-muertos-por-viruela-del-mono-fuera-de-africa-2-son-en-espana\/","og_locale":"es_MX","og_type":"article","og_title":"Suman 3 muertos por viruela del mono fuera de \u00c1frica; 2 son en Espa\u00f1a - Fuentes Fidedignas","og_description":"Dos de los tres fallecimientos han ocurrido en Espa\u00f1a y eran hombres j\u00f3venes Espa\u00f1a&nbsp;registr\u00f3 el s\u00e1bado su segunda&nbsp;muerte&nbsp;de un paciente con&nbsp;viruela del mono, la tercera fuera de&nbsp;\u00c1frica&nbsp;en pocos d\u00edas, y las autoridades cient\u00edficas siguen interrog\u00e1ndose sobre las causas reales de estos&nbsp;fallecimientos. Seg\u00fan la OMS, Espa\u00f1a es el pa\u00eds m\u00e1s afectado por la epidemia en el [&hellip;]","og_url":"https:\/\/fuentesfidedignas.com.mx\/index.php\/2022\/07\/30\/suman-3-muertos-por-viruela-del-mono-fuera-de-africa-2-son-en-espana\/","og_site_name":"Fuentes Fidedignas","article_publisher":"https:\/\/www.facebook.com\/Fuentes-Fidedignas-368234489921644","article_published_time":"2022-07-30T19:18:11+00:00","article_modified_time":"2022-07-30T19:19:24+00:00","og_image":[{"width":1280,"height":720,"url":"https:\/\/fuentesfidedignas.com.mx\/wp-content\/uploads\/2022\/07\/viruela-del-mono-3.jpg","type":"image\/jpeg"}],"author":"Noticieros Televisa","twitter_card":"summary_large_image","twitter_creator":"@fidedignas","twitter_site":"@fidedignas","twitter_misc":{"Escrito por":"Noticieros Televisa","Tiempo de lectura":"1 minuto"},"schema":{"@context":"https:\/\/schema.org","@graph":[{"@type":"Article","@id":"https:\/\/fuentesfidedignas.com.mx\/index.php\/2022\/07\/30\/suman-3-muertos-por-viruela-del-mono-fuera-de-africa-2-son-en-espana\/#article","isPartOf":{"@id":"https:\/\/fuentesfidedignas.com.mx\/index.php\/2022\/07\/30\/suman-3-muertos-por-viruela-del-mono-fuera-de-africa-2-son-en-espana\/"},"author":{"name":"Noticieros Televisa","@id":"https:\/\/fuentesfidedignas.com.mx\/#\/schema\/person\/f030e42657a5a464a8bbd891b1aab6ee"},"headline":"Suman 3 muertos por viruela del mono fuera de \u00c1frica; 2 son en Espa\u00f1a","datePublished":"2022-07-30T19:18:11+00:00","dateModified":"2022-07-30T19:19:24+00:00","mainEntityOfPage":{"@id":"https:\/\/fuentesfidedignas.com.mx\/index.php\/2022\/07\/30\/suman-3-muertos-por-viruela-del-mono-fuera-de-africa-2-son-en-espana\/"},"wordCount":246,"commentCount":0,"publisher":{"@id":"https:\/\/fuentesfidedignas.com.mx\/#organization"},"image":{"@id":"https:\/\/fuentesfidedignas.com.mx\/index.php\/2022\/07\/30\/suman-3-muertos-por-viruela-del-mono-fuera-de-africa-2-son-en-espana\/#primaryimage"},"thumbnailUrl":"https:\/\/fuentesfidedignas.com.mx\/wp-content\/uploads\/2022\/07\/viruela-del-mono-3.jpg","articleSection":["NOTICIAS NACIONALES"],"inLanguage":"es","potentialAction":[{"@type":"CommentAction","name":"Comment","target":["https:\/\/fuentesfidedignas.com.mx\/index.php\/2022\/07\/30\/suman-3-muertos-por-viruela-del-mono-fuera-de-africa-2-son-en-espana\/#respond"]}]},{"@type":"WebPage","@id":"https:\/\/fuentesfidedignas.com.mx\/index.php\/2022\/07\/30\/suman-3-muertos-por-viruela-del-mono-fuera-de-africa-2-son-en-espana\/","url":"https:\/\/fuentesfidedignas.com.mx\/index.php\/2022\/07\/30\/suman-3-muertos-por-viruela-del-mono-fuera-de-africa-2-son-en-espana\/","name":"Suman 3 muertos por viruela del mono fuera de \u00c1frica; 2 son en Espa\u00f1a - Fuentes Fidedignas","isPartOf":{"@id":"https:\/\/fuentesfidedignas.com.mx\/#website"},"primaryImageOfPage":{"@id":"https:\/\/fuentesfidedignas.com.mx\/index.php\/2022\/07\/30\/suman-3-muertos-por-viruela-del-mono-fuera-de-africa-2-son-en-espana\/#primaryimage"},"image":{"@id":"https:\/\/fuentesfidedignas.com.mx\/index.php\/2022\/07\/30\/suman-3-muertos-por-viruela-del-mono-fuera-de-africa-2-son-en-espana\/#primaryimage"},"thumbnailUrl":"https:\/\/fuentesfidedignas.com.mx\/wp-content\/uploads\/2022\/07\/viruela-del-mono-3.jpg","datePublished":"2022-07-30T19:18:11+00:00","dateModified":"2022-07-30T19:19:24+00:00","breadcrumb":{"@id":"https:\/\/fuentesfidedignas.com.mx\/index.php\/2022\/07\/30\/suman-3-muertos-por-viruela-del-mono-fuera-de-africa-2-son-en-espana\/#breadcrumb"},"inLanguage":"es","potentialAction":[{"@type":"ReadAction","target":["https:\/\/fuentesfidedignas.com.mx\/index.php\/2022\/07\/30\/suman-3-muertos-por-viruela-del-mono-fuera-de-africa-2-son-en-espana\/"]}]},{"@type":"ImageObject","inLanguage":"es","@id":"https:\/\/fuentesfidedignas.com.mx\/index.php\/2022\/07\/30\/suman-3-muertos-por-viruela-del-mono-fuera-de-africa-2-son-en-espana\/#primaryimage","url":"https:\/\/fuentesfidedignas.com.mx\/wp-content\/uploads\/2022\/07\/viruela-del-mono-3.jpg","contentUrl":"https:\/\/fuentesfidedignas.com.mx\/wp-content\/uploads\/2022\/07\/viruela-del-mono-3.jpg","width":1280,"height":720},{"@type":"BreadcrumbList","@id":"https:\/\/fuentesfidedignas.com.mx\/index.php\/2022\/07\/30\/suman-3-muertos-por-viruela-del-mono-fuera-de-africa-2-son-en-espana\/#breadcrumb","itemListElement":[{"@type":"ListItem","position":1,"name":"Inicio","item":"https:\/\/fuentesfidedignas.com.mx\/"},{"@type":"ListItem","position":2,"name":"Suman 3 muertos por viruela del mono fuera de \u00c1frica; 2 son en Espa\u00f1a"}]},{"@type":"WebSite","@id":"https:\/\/fuentesfidedignas.com.mx\/#website","url":"https:\/\/fuentesfidedignas.com.mx\/","name":"Fuentes Fidedignas","description":"Otro sitio realizado con WordPress","publisher":{"@id":"https:\/\/fuentesfidedignas.com.mx\/#organization"},"potentialAction":[{"@type":"SearchAction","target":{"@type":"EntryPoint","urlTemplate":"https:\/\/fuentesfidedignas.com.mx\/?s={search_term_string}"},"query-input":{"@type":"PropertyValueSpecification","valueRequired":true,"valueName":"search_term_string"}}],"inLanguage":"es"},{"@type":"Organization","@id":"https:\/\/fuentesfidedignas.com.mx\/#organization","name":"Fuentes Fidedignas","url":"https:\/\/fuentesfidedignas.com.mx\/","logo":{"@type":"ImageObject","inLanguage":"es","@id":"https:\/\/fuentesfidedignas.com.mx\/#\/schema\/logo\/image\/","url":"https:\/\/fuentesfidedignas.com.mx\/wp-content\/uploads\/2021\/04\/logo-retina.png","contentUrl":"https:\/\/fuentesfidedignas.com.mx\/wp-content\/uploads\/2021\/04\/logo-retina.png","width":280,"height":51,"caption":"Fuentes Fidedignas"},"image":{"@id":"https:\/\/fuentesfidedignas.com.mx\/#\/schema\/logo\/image\/"},"sameAs":["https:\/\/www.facebook.com\/Fuentes-Fidedignas-368234489921644","https:\/\/x.com\/fidedignas"]},{"@type":"Person","@id":"https:\/\/fuentesfidedignas.com.mx\/#\/schema\/person\/f030e42657a5a464a8bbd891b1aab6ee","name":"Noticieros Televisa","image":{"@type":"ImageObject","inLanguage":"es","@id":"https:\/\/secure.gravatar.com\/avatar\/0e47b9e785a628831b8fd9eaf15e090e106760a879abbd4a3306f128ef5d43a9?s=96&d=mm&r=g","url":"https:\/\/secure.gravatar.com\/avatar\/0e47b9e785a628831b8fd9eaf15e090e106760a879abbd4a3306f128ef5d43a9?s=96&d=mm&r=g","contentUrl":"https:\/\/secure.gravatar.com\/avatar\/0e47b9e785a628831b8fd9eaf15e090e106760a879abbd4a3306f128ef5d43a9?s=96&d=mm&r=g","caption":"Noticieros Televisa"},"url":"https:\/\/fuentesfidedignas.com.mx\/index.php\/author\/noticieros-televisa\/"}]}},"_links":{"self":[{"href":"https:\/\/fuentesfidedignas.com.mx\/index.php\/wp-json\/wp\/v2\/posts\/38516","targetHints":{"allow":["GET"]}}],"collection":[{"href":"https:\/\/fuentesfidedignas.com.mx\/index.php\/wp-json\/wp\/v2\/posts"}],"about":[{"href":"https:\/\/fuentesfidedignas.com.mx\/index.php\/wp-json\/wp\/v2\/types\/post"}],"author":[{"embeddable":true,"href":"https:\/\/fuentesfidedignas.com.mx\/index.php\/wp-json\/wp\/v2\/users\/46"}],"replies":[{"embeddable":true,"href":"https:\/\/fuentesfidedignas.com.mx\/index.php\/wp-json\/wp\/v2\/comments?post=38516"}],"version-history":[{"count":2,"href":"https:\/\/fuentesfidedignas.com.mx\/index.php\/wp-json\/wp\/v2\/posts\/38516\/revisions"}],"predecessor-version":[{"id":38519,"href":"https:\/\/fuentesfidedignas.com.mx\/index.php\/wp-json\/wp\/v2\/posts\/38516\/revisions\/38519"}],"wp:featuredmedia":[{"embeddable":true,"href":"https:\/\/fuentesfidedignas.com.mx\/index.php\/wp-json\/wp\/v2\/media\/38518"}],"wp:attachment":[{"href":"https:\/\/fuentesfidedignas.com.mx\/index.php\/wp-json\/wp\/v2\/media?parent=38516"}],"wp:term":[{"taxonomy":"category","embeddable":true,"href":"https:\/\/fuentesfidedignas.com.mx\/index.php\/wp-json\/wp\/v2\/categories?post=38516"},{"taxonomy":"post_tag","embeddable":true,"href":"https:\/\/fuentesfidedignas.com.mx\/index.php\/wp-json\/wp\/v2\/tags?post=38516"}],"curies":[{"name":"wp","href":"https:\/\/api.w.org\/{rel}","templated":true}]}}