{"id":38500,"date":"2022-07-29T10:19:00","date_gmt":"2022-07-29T16:19:00","guid":{"rendered":"https:\/\/fuentesfidedignas.com.mx\/?p=38500"},"modified":"2022-07-29T16:24:08","modified_gmt":"2022-07-29T22:24:08","slug":"amlo-firma-decreto-para-garantizar-el-abasto-de-agua-en-nuevo-leon","status":"publish","type":"post","link":"https:\/\/fuentesfidedignas.com.mx\/index.php\/2022\/07\/29\/amlo-firma-decreto-para-garantizar-el-abasto-de-agua-en-nuevo-leon\/","title":{"rendered":"AMLO firma decreto para garantizar el abasto de agua en Nuevo Le\u00f3n"},"content":{"rendered":"\n<p><strong><em>Se comprometi\u00f3 a que antes de que termine su gobierno el estado de Nuevo Le\u00f3n tendr\u00e1 abasto de agua para 8 o 10 a\u00f1os m\u00e1s<\/em><\/strong> <\/p>\n\n\n\n<p>Nuevo Le\u00f3n. El presidente,&nbsp;<strong>Andr\u00e9s Manuel L\u00f3pez Obrador<\/strong>&nbsp;(<a href=\"https:\/\/noticieros.televisa.com\/politica\/\" target=\"_blank\" rel=\"noreferrer noopener\"><strong>AMLO<\/strong><\/a>), firm\u00f3 un decreto para reforzar las acciones del gobierno federal y garantizar el<a href=\"https:\/\/noticieros.televisa.com\/tag\/abasto-de-agua\/\" target=\"_blank\" rel=\"noreferrer noopener\"><strong>&nbsp;abasto de agua<\/strong><\/a>&nbsp;en el estado de&nbsp;<a href=\"https:\/\/noticieros.televisa.com\/tag\/nuevo-leon-nl\/\" target=\"_blank\" rel=\"noreferrer noopener\"><strong>Nuevo Le\u00f3n<\/strong><\/a>.<\/p>\n\n\n\n<p><em>\u201cVamos a reforzar el apoyo y se van a tomar algunas medidas adicionales\u201d, inform\u00f3&nbsp;<\/em><a href=\"https:\/\/noticieros.televisa.com\/tag\/amlo\/\" target=\"_blank\" rel=\"noreferrer noopener\"><strong>AMLO<\/strong><\/a><em>&nbsp;en su&nbsp;<\/em><a href=\"https:\/\/noticieros.televisa.com\/ultimas-noticias\/amlo-hoy-conferencia-mananera-29-julio-2022\/\" target=\"_blank\" rel=\"noreferrer noopener\">conferencia&nbsp;<strong>ma\u00f1anera<\/strong><\/a><em>&nbsp;desde Palacio Nacional.<\/em><\/p>\n\n\n\n<p>Se\u00f1al\u00f3 que este decreto reforzar\u00e1 las acciones de inmediato y resolver\u00e1 el problema del abasto de agua a mediano y largo plazo.<\/p>\n\n\n\n<blockquote class=\"wp-block-quote is-layout-flow wp-block-quote-is-layout-flow\"><p>\u201cVamos a poder garantizar el agua 8 o 10 a\u00f1os hacia adelante y ya vienen otras autoridades para que se continue invirtiendo y se amplie el plazo\u201d, refiri\u00f3.<\/p><\/blockquote>\n\n\n\n<p>L\u00f3pez Obrador se comprometi\u00f3 a que antes de que termine su gobierno el estado de Nuevo Le\u00f3n tendr\u00e1 abasto de agua para 8 o 10 a\u00f1os m\u00e1s.<\/p>\n\n\n\n<p>El director general de la&nbsp;<strong>Comisi\u00f3n Nacional del Agua (Conagua)<\/strong>, German Mart\u00ednez Santoyo, detall\u00f3 las acciones que se reforzaron con la firma de este decreto.<\/p>\n\n\n\n<ol class=\"wp-block-list\"><li>Financiamiento del Acueducto El Cuchillo II<\/li><li>Financiamiento de la Presa La Libertad<\/li><li>La conexi\u00f3n del Canal Chapotal al Acueducto El Cuchillo I<\/li><li>Apoyo mediante suministro de carros tanque y otros<\/li><li>Decreto Presidencial<\/li><\/ol>\n","protected":false},"excerpt":{"rendered":"<p>Se comprometi\u00f3 a que antes de que termine su gobierno el estado de Nuevo Le\u00f3n tendr\u00e1 abasto de agua para 8 o 10 a\u00f1os m\u00e1s Nuevo Le\u00f3n. El presidente,&nbsp;Andr\u00e9s Manuel L\u00f3pez Obrador&nbsp;(AMLO), firm\u00f3 un decreto para reforzar las acciones del gobierno federal y garantizar el&nbsp;abasto de agua&nbsp;en el estado de&nbsp;Nuevo Le\u00f3n. \u201cVamos a reforzar el [&hellip;]<\/p>\n","protected":false},"author":46,"featured_media":0,"comment_status":"open","ping_status":"open","sticky":false,"template":"","format":"standard","meta":{"tdm_status":"","tdm_grid_status":"","footnotes":""},"categories":[39],"tags":[],"class_list":{"0":"post-38500","1":"post","2":"type-post","3":"status-publish","4":"format-standard","6":"category-noticias-nacionales"},"yoast_head":"<!-- This site is optimized with the Yoast SEO plugin v27.5 - https:\/\/yoast.com\/product\/yoast-seo-wordpress\/ -->\n<title>AMLO firma decreto para garantizar el abasto de agua en Nuevo Le\u00f3n - Fuentes Fidedignas<\/title>\n<meta name=\"robots\" content=\"index, follow, max-snippet:-1, max-image-preview:large, max-video-preview:-1\" \/>\n<link rel=\"canonical\" href=\"https:\/\/fuentesfidedignas.com.mx\/index.php\/2022\/07\/29\/amlo-firma-decreto-para-garantizar-el-abasto-de-agua-en-nuevo-leon\/\" \/>\n<meta property=\"og:locale\" content=\"es_MX\" \/>\n<meta property=\"og:type\" content=\"article\" \/>\n<meta property=\"og:title\" content=\"AMLO firma decreto para garantizar el abasto de agua en Nuevo Le\u00f3n - Fuentes Fidedignas\" \/>\n<meta property=\"og:description\" content=\"Se comprometi\u00f3 a que antes de que termine su gobierno el estado de Nuevo Le\u00f3n tendr\u00e1 abasto de agua para 8 o 10 a\u00f1os m\u00e1s Nuevo Le\u00f3n. El presidente,&nbsp;Andr\u00e9s Manuel L\u00f3pez Obrador&nbsp;(AMLO), firm\u00f3 un decreto para reforzar las acciones del gobierno federal y garantizar el&nbsp;abasto de agua&nbsp;en el estado de&nbsp;Nuevo Le\u00f3n. \u201cVamos a reforzar el [&hellip;]\" \/>\n<meta property=\"og:url\" content=\"https:\/\/fuentesfidedignas.com.mx\/index.php\/2022\/07\/29\/amlo-firma-decreto-para-garantizar-el-abasto-de-agua-en-nuevo-leon\/\" \/>\n<meta property=\"og:site_name\" content=\"Fuentes Fidedignas\" \/>\n<meta property=\"article:publisher\" content=\"https:\/\/www.facebook.com\/Fuentes-Fidedignas-368234489921644\" \/>\n<meta property=\"article:published_time\" content=\"2022-07-29T16:19:00+00:00\" \/>\n<meta property=\"article:modified_time\" content=\"2022-07-29T22:24:08+00:00\" \/>\n<meta property=\"og:image\" content=\"https:\/\/fuentesfidedignas.com.mx\/wp-content\/uploads\/2022\/07\/amlo-decreto-1.jpg\" \/>\n\t<meta property=\"og:image:width\" content=\"1280\" \/>\n\t<meta property=\"og:image:height\" content=\"720\" \/>\n\t<meta property=\"og:image:type\" content=\"image\/jpeg\" \/>\n<meta name=\"author\" content=\"Noticieros Televisa\" \/>\n<meta name=\"twitter:card\" content=\"summary_large_image\" \/>\n<meta name=\"twitter:creator\" content=\"@fidedignas\" \/>\n<meta name=\"twitter:site\" content=\"@fidedignas\" \/>\n<meta name=\"twitter:label1\" content=\"Escrito por\" \/>\n\t<meta name=\"twitter:data1\" content=\"Noticieros Televisa\" \/>\n\t<meta name=\"twitter:label2\" content=\"Tiempo de lectura\" \/>\n\t<meta name=\"twitter:data2\" content=\"1 minuto\" \/>\n<script type=\"application\/ld+json\" class=\"yoast-schema-graph\">{\"@context\":\"https:\\\/\\\/schema.org\",\"@graph\":[{\"@type\":\"Article\",\"@id\":\"https:\\\/\\\/fuentesfidedignas.com.mx\\\/index.php\\\/2022\\\/07\\\/29\\\/amlo-firma-decreto-para-garantizar-el-abasto-de-agua-en-nuevo-leon\\\/#article\",\"isPartOf\":{\"@id\":\"https:\\\/\\\/fuentesfidedignas.com.mx\\\/index.php\\\/2022\\\/07\\\/29\\\/amlo-firma-decreto-para-garantizar-el-abasto-de-agua-en-nuevo-leon\\\/\"},\"author\":{\"name\":\"Noticieros Televisa\",\"@id\":\"https:\\\/\\\/fuentesfidedignas.com.mx\\\/#\\\/schema\\\/person\\\/f030e42657a5a464a8bbd891b1aab6ee\"},\"headline\":\"AMLO firma decreto para garantizar el abasto de agua en Nuevo Le\u00f3n\",\"datePublished\":\"2022-07-29T16:19:00+00:00\",\"dateModified\":\"2022-07-29T22:24:08+00:00\",\"mainEntityOfPage\":{\"@id\":\"https:\\\/\\\/fuentesfidedignas.com.mx\\\/index.php\\\/2022\\\/07\\\/29\\\/amlo-firma-decreto-para-garantizar-el-abasto-de-agua-en-nuevo-leon\\\/\"},\"wordCount\":247,\"commentCount\":0,\"publisher\":{\"@id\":\"https:\\\/\\\/fuentesfidedignas.com.mx\\\/#organization\"},\"articleSection\":[\"NOTICIAS NACIONALES\"],\"inLanguage\":\"es\",\"potentialAction\":[{\"@type\":\"CommentAction\",\"name\":\"Comment\",\"target\":[\"https:\\\/\\\/fuentesfidedignas.com.mx\\\/index.php\\\/2022\\\/07\\\/29\\\/amlo-firma-decreto-para-garantizar-el-abasto-de-agua-en-nuevo-leon\\\/#respond\"]}]},{\"@type\":\"WebPage\",\"@id\":\"https:\\\/\\\/fuentesfidedignas.com.mx\\\/index.php\\\/2022\\\/07\\\/29\\\/amlo-firma-decreto-para-garantizar-el-abasto-de-agua-en-nuevo-leon\\\/\",\"url\":\"https:\\\/\\\/fuentesfidedignas.com.mx\\\/index.php\\\/2022\\\/07\\\/29\\\/amlo-firma-decreto-para-garantizar-el-abasto-de-agua-en-nuevo-leon\\\/\",\"name\":\"AMLO firma decreto para garantizar el abasto de agua en Nuevo Le\u00f3n - Fuentes Fidedignas\",\"isPartOf\":{\"@id\":\"https:\\\/\\\/fuentesfidedignas.com.mx\\\/#website\"},\"datePublished\":\"2022-07-29T16:19:00+00:00\",\"dateModified\":\"2022-07-29T22:24:08+00:00\",\"breadcrumb\":{\"@id\":\"https:\\\/\\\/fuentesfidedignas.com.mx\\\/index.php\\\/2022\\\/07\\\/29\\\/amlo-firma-decreto-para-garantizar-el-abasto-de-agua-en-nuevo-leon\\\/#breadcrumb\"},\"inLanguage\":\"es\",\"potentialAction\":[{\"@type\":\"ReadAction\",\"target\":[\"https:\\\/\\\/fuentesfidedignas.com.mx\\\/index.php\\\/2022\\\/07\\\/29\\\/amlo-firma-decreto-para-garantizar-el-abasto-de-agua-en-nuevo-leon\\\/\"]}]},{\"@type\":\"BreadcrumbList\",\"@id\":\"https:\\\/\\\/fuentesfidedignas.com.mx\\\/index.php\\\/2022\\\/07\\\/29\\\/amlo-firma-decreto-para-garantizar-el-abasto-de-agua-en-nuevo-leon\\\/#breadcrumb\",\"itemListElement\":[{\"@type\":\"ListItem\",\"position\":1,\"name\":\"Inicio\",\"item\":\"https:\\\/\\\/fuentesfidedignas.com.mx\\\/\"},{\"@type\":\"ListItem\",\"position\":2,\"name\":\"AMLO firma decreto para garantizar el abasto de agua en Nuevo Le\u00f3n\"}]},{\"@type\":\"WebSite\",\"@id\":\"https:\\\/\\\/fuentesfidedignas.com.mx\\\/#website\",\"url\":\"https:\\\/\\\/fuentesfidedignas.com.mx\\\/\",\"name\":\"Fuentes Fidedignas\",\"description\":\"Otro sitio realizado con WordPress\",\"publisher\":{\"@id\":\"https:\\\/\\\/fuentesfidedignas.com.mx\\\/#organization\"},\"potentialAction\":[{\"@type\":\"SearchAction\",\"target\":{\"@type\":\"EntryPoint\",\"urlTemplate\":\"https:\\\/\\\/fuentesfidedignas.com.mx\\\/?s={search_term_string}\"},\"query-input\":{\"@type\":\"PropertyValueSpecification\",\"valueRequired\":true,\"valueName\":\"search_term_string\"}}],\"inLanguage\":\"es\"},{\"@type\":\"Organization\",\"@id\":\"https:\\\/\\\/fuentesfidedignas.com.mx\\\/#organization\",\"name\":\"Fuentes Fidedignas\",\"url\":\"https:\\\/\\\/fuentesfidedignas.com.mx\\\/\",\"logo\":{\"@type\":\"ImageObject\",\"inLanguage\":\"es\",\"@id\":\"https:\\\/\\\/fuentesfidedignas.com.mx\\\/#\\\/schema\\\/logo\\\/image\\\/\",\"url\":\"https:\\\/\\\/fuentesfidedignas.com.mx\\\/wp-content\\\/uploads\\\/2021\\\/04\\\/logo-retina.png\",\"contentUrl\":\"https:\\\/\\\/fuentesfidedignas.com.mx\\\/wp-content\\\/uploads\\\/2021\\\/04\\\/logo-retina.png\",\"width\":280,\"height\":51,\"caption\":\"Fuentes Fidedignas\"},\"image\":{\"@id\":\"https:\\\/\\\/fuentesfidedignas.com.mx\\\/#\\\/schema\\\/logo\\\/image\\\/\"},\"sameAs\":[\"https:\\\/\\\/www.facebook.com\\\/Fuentes-Fidedignas-368234489921644\",\"https:\\\/\\\/x.com\\\/fidedignas\"]},{\"@type\":\"Person\",\"@id\":\"https:\\\/\\\/fuentesfidedignas.com.mx\\\/#\\\/schema\\\/person\\\/f030e42657a5a464a8bbd891b1aab6ee\",\"name\":\"Noticieros Televisa\",\"image\":{\"@type\":\"ImageObject\",\"inLanguage\":\"es\",\"@id\":\"https:\\\/\\\/secure.gravatar.com\\\/avatar\\\/0e47b9e785a628831b8fd9eaf15e090e106760a879abbd4a3306f128ef5d43a9?s=96&d=mm&r=g\",\"url\":\"https:\\\/\\\/secure.gravatar.com\\\/avatar\\\/0e47b9e785a628831b8fd9eaf15e090e106760a879abbd4a3306f128ef5d43a9?s=96&d=mm&r=g\",\"contentUrl\":\"https:\\\/\\\/secure.gravatar.com\\\/avatar\\\/0e47b9e785a628831b8fd9eaf15e090e106760a879abbd4a3306f128ef5d43a9?s=96&d=mm&r=g\",\"caption\":\"Noticieros Televisa\"},\"url\":\"https:\\\/\\\/fuentesfidedignas.com.mx\\\/index.php\\\/author\\\/noticieros-televisa\\\/\"}]}<\/script>\n<!-- \/ Yoast SEO plugin. -->","yoast_head_json":{"title":"AMLO firma decreto para garantizar el abasto de agua en Nuevo Le\u00f3n - Fuentes Fidedignas","robots":{"index":"index","follow":"follow","max-snippet":"max-snippet:-1","max-image-preview":"max-image-preview:large","max-video-preview":"max-video-preview:-1"},"canonical":"https:\/\/fuentesfidedignas.com.mx\/index.php\/2022\/07\/29\/amlo-firma-decreto-para-garantizar-el-abasto-de-agua-en-nuevo-leon\/","og_locale":"es_MX","og_type":"article","og_title":"AMLO firma decreto para garantizar el abasto de agua en Nuevo Le\u00f3n - Fuentes Fidedignas","og_description":"Se comprometi\u00f3 a que antes de que termine su gobierno el estado de Nuevo Le\u00f3n tendr\u00e1 abasto de agua para 8 o 10 a\u00f1os m\u00e1s Nuevo Le\u00f3n. El presidente,&nbsp;Andr\u00e9s Manuel L\u00f3pez Obrador&nbsp;(AMLO), firm\u00f3 un decreto para reforzar las acciones del gobierno federal y garantizar el&nbsp;abasto de agua&nbsp;en el estado de&nbsp;Nuevo Le\u00f3n. \u201cVamos a reforzar el [&hellip;]","og_url":"https:\/\/fuentesfidedignas.com.mx\/index.php\/2022\/07\/29\/amlo-firma-decreto-para-garantizar-el-abasto-de-agua-en-nuevo-leon\/","og_site_name":"Fuentes Fidedignas","article_publisher":"https:\/\/www.facebook.com\/Fuentes-Fidedignas-368234489921644","article_published_time":"2022-07-29T16:19:00+00:00","article_modified_time":"2022-07-29T22:24:08+00:00","og_image":[{"width":1280,"height":720,"url":"https:\/\/fuentesfidedignas.com.mx\/wp-content\/uploads\/2022\/07\/amlo-decreto-1.jpg","type":"image\/jpeg"}],"author":"Noticieros Televisa","twitter_card":"summary_large_image","twitter_creator":"@fidedignas","twitter_site":"@fidedignas","twitter_misc":{"Escrito por":"Noticieros Televisa","Tiempo de lectura":"1 minuto"},"schema":{"@context":"https:\/\/schema.org","@graph":[{"@type":"Article","@id":"https:\/\/fuentesfidedignas.com.mx\/index.php\/2022\/07\/29\/amlo-firma-decreto-para-garantizar-el-abasto-de-agua-en-nuevo-leon\/#article","isPartOf":{"@id":"https:\/\/fuentesfidedignas.com.mx\/index.php\/2022\/07\/29\/amlo-firma-decreto-para-garantizar-el-abasto-de-agua-en-nuevo-leon\/"},"author":{"name":"Noticieros Televisa","@id":"https:\/\/fuentesfidedignas.com.mx\/#\/schema\/person\/f030e42657a5a464a8bbd891b1aab6ee"},"headline":"AMLO firma decreto para garantizar el abasto de agua en Nuevo Le\u00f3n","datePublished":"2022-07-29T16:19:00+00:00","dateModified":"2022-07-29T22:24:08+00:00","mainEntityOfPage":{"@id":"https:\/\/fuentesfidedignas.com.mx\/index.php\/2022\/07\/29\/amlo-firma-decreto-para-garantizar-el-abasto-de-agua-en-nuevo-leon\/"},"wordCount":247,"commentCount":0,"publisher":{"@id":"https:\/\/fuentesfidedignas.com.mx\/#organization"},"articleSection":["NOTICIAS NACIONALES"],"inLanguage":"es","potentialAction":[{"@type":"CommentAction","name":"Comment","target":["https:\/\/fuentesfidedignas.com.mx\/index.php\/2022\/07\/29\/amlo-firma-decreto-para-garantizar-el-abasto-de-agua-en-nuevo-leon\/#respond"]}]},{"@type":"WebPage","@id":"https:\/\/fuentesfidedignas.com.mx\/index.php\/2022\/07\/29\/amlo-firma-decreto-para-garantizar-el-abasto-de-agua-en-nuevo-leon\/","url":"https:\/\/fuentesfidedignas.com.mx\/index.php\/2022\/07\/29\/amlo-firma-decreto-para-garantizar-el-abasto-de-agua-en-nuevo-leon\/","name":"AMLO firma decreto para garantizar el abasto de agua en Nuevo Le\u00f3n - Fuentes Fidedignas","isPartOf":{"@id":"https:\/\/fuentesfidedignas.com.mx\/#website"},"datePublished":"2022-07-29T16:19:00+00:00","dateModified":"2022-07-29T22:24:08+00:00","breadcrumb":{"@id":"https:\/\/fuentesfidedignas.com.mx\/index.php\/2022\/07\/29\/amlo-firma-decreto-para-garantizar-el-abasto-de-agua-en-nuevo-leon\/#breadcrumb"},"inLanguage":"es","potentialAction":[{"@type":"ReadAction","target":["https:\/\/fuentesfidedignas.com.mx\/index.php\/2022\/07\/29\/amlo-firma-decreto-para-garantizar-el-abasto-de-agua-en-nuevo-leon\/"]}]},{"@type":"BreadcrumbList","@id":"https:\/\/fuentesfidedignas.com.mx\/index.php\/2022\/07\/29\/amlo-firma-decreto-para-garantizar-el-abasto-de-agua-en-nuevo-leon\/#breadcrumb","itemListElement":[{"@type":"ListItem","position":1,"name":"Inicio","item":"https:\/\/fuentesfidedignas.com.mx\/"},{"@type":"ListItem","position":2,"name":"AMLO firma decreto para garantizar el abasto de agua en Nuevo Le\u00f3n"}]},{"@type":"WebSite","@id":"https:\/\/fuentesfidedignas.com.mx\/#website","url":"https:\/\/fuentesfidedignas.com.mx\/","name":"Fuentes Fidedignas","description":"Otro sitio realizado con WordPress","publisher":{"@id":"https:\/\/fuentesfidedignas.com.mx\/#organization"},"potentialAction":[{"@type":"SearchAction","target":{"@type":"EntryPoint","urlTemplate":"https:\/\/fuentesfidedignas.com.mx\/?s={search_term_string}"},"query-input":{"@type":"PropertyValueSpecification","valueRequired":true,"valueName":"search_term_string"}}],"inLanguage":"es"},{"@type":"Organization","@id":"https:\/\/fuentesfidedignas.com.mx\/#organization","name":"Fuentes Fidedignas","url":"https:\/\/fuentesfidedignas.com.mx\/","logo":{"@type":"ImageObject","inLanguage":"es","@id":"https:\/\/fuentesfidedignas.com.mx\/#\/schema\/logo\/image\/","url":"https:\/\/fuentesfidedignas.com.mx\/wp-content\/uploads\/2021\/04\/logo-retina.png","contentUrl":"https:\/\/fuentesfidedignas.com.mx\/wp-content\/uploads\/2021\/04\/logo-retina.png","width":280,"height":51,"caption":"Fuentes Fidedignas"},"image":{"@id":"https:\/\/fuentesfidedignas.com.mx\/#\/schema\/logo\/image\/"},"sameAs":["https:\/\/www.facebook.com\/Fuentes-Fidedignas-368234489921644","https:\/\/x.com\/fidedignas"]},{"@type":"Person","@id":"https:\/\/fuentesfidedignas.com.mx\/#\/schema\/person\/f030e42657a5a464a8bbd891b1aab6ee","name":"Noticieros Televisa","image":{"@type":"ImageObject","inLanguage":"es","@id":"https:\/\/secure.gravatar.com\/avatar\/0e47b9e785a628831b8fd9eaf15e090e106760a879abbd4a3306f128ef5d43a9?s=96&d=mm&r=g","url":"https:\/\/secure.gravatar.com\/avatar\/0e47b9e785a628831b8fd9eaf15e090e106760a879abbd4a3306f128ef5d43a9?s=96&d=mm&r=g","contentUrl":"https:\/\/secure.gravatar.com\/avatar\/0e47b9e785a628831b8fd9eaf15e090e106760a879abbd4a3306f128ef5d43a9?s=96&d=mm&r=g","caption":"Noticieros Televisa"},"url":"https:\/\/fuentesfidedignas.com.mx\/index.php\/author\/noticieros-televisa\/"}]}},"_links":{"self":[{"href":"https:\/\/fuentesfidedignas.com.mx\/index.php\/wp-json\/wp\/v2\/posts\/38500","targetHints":{"allow":["GET"]}}],"collection":[{"href":"https:\/\/fuentesfidedignas.com.mx\/index.php\/wp-json\/wp\/v2\/posts"}],"about":[{"href":"https:\/\/fuentesfidedignas.com.mx\/index.php\/wp-json\/wp\/v2\/types\/post"}],"author":[{"embeddable":true,"href":"https:\/\/fuentesfidedignas.com.mx\/index.php\/wp-json\/wp\/v2\/users\/46"}],"replies":[{"embeddable":true,"href":"https:\/\/fuentesfidedignas.com.mx\/index.php\/wp-json\/wp\/v2\/comments?post=38500"}],"version-history":[{"count":3,"href":"https:\/\/fuentesfidedignas.com.mx\/index.php\/wp-json\/wp\/v2\/posts\/38500\/revisions"}],"predecessor-version":[{"id":38505,"href":"https:\/\/fuentesfidedignas.com.mx\/index.php\/wp-json\/wp\/v2\/posts\/38500\/revisions\/38505"}],"wp:attachment":[{"href":"https:\/\/fuentesfidedignas.com.mx\/index.php\/wp-json\/wp\/v2\/media?parent=38500"}],"wp:term":[{"taxonomy":"category","embeddable":true,"href":"https:\/\/fuentesfidedignas.com.mx\/index.php\/wp-json\/wp\/v2\/categories?post=38500"},{"taxonomy":"post_tag","embeddable":true,"href":"https:\/\/fuentesfidedignas.com.mx\/index.php\/wp-json\/wp\/v2\/tags?post=38500"}],"curies":[{"name":"wp","href":"https:\/\/api.w.org\/{rel}","templated":true}]}}