{"id":3846,"date":"2021-06-02T14:01:09","date_gmt":"2021-06-02T21:01:09","guid":{"rendered":"https:\/\/fuentesfidedignas.com.mx\/?p=3846"},"modified":"2021-06-02T14:01:11","modified_gmt":"2021-06-02T21:01:11","slug":"siempre-si-rectifican-fallo-y-morena-pas-si-van-juntos-en-reelecciones","status":"publish","type":"post","link":"https:\/\/fuentesfidedignas.com.mx\/index.php\/2021\/06\/02\/siempre-si-rectifican-fallo-y-morena-pas-si-van-juntos-en-reelecciones\/","title":{"rendered":"\u00a1Siempre s\u00ed! Rectifican fallo y Morena-PAS s\u00ed van juntos en reelecciones"},"content":{"rendered":"\n<p><strong><em>La Sala Superior del Tribunal Electoral del Poder Judicial de la Federaci\u00f3n da la raz\u00f3n a la alianza para candidaturas comunes <\/em><\/strong><\/p>\n\n\n\n<p>Culiacan, Sin. Hoy alrededor de las 13:30 horas la Sala Superior del TEPJF rectifica el fallo emitido por la Sala Regional de Guadalajara. Finalmente, el Partido Sinaloense y MORENA mantendr\u00e1n las candidaturas comunes en las presidencias municipales de Mazatl\u00e1n y Culiac\u00e1n, con Jes\u00fas Estrada Ferreiro y Luis Guillermo \u201cEl Qu\u00edmico\u201d Ben\u00edtez, as\u00ed como en los distritos electorales 05, 11, 15,16, 20 y 22 con Cecilia Covarrubias, Marco C\u00e9sar Almaral, Mar\u00eda Victoria S\u00e1nchez, Marco Antonio Zazueta, Alma Rosa Garz\u00f3n y Flor Emilia Guerra, respectivamente.<\/p>\n\n\n\n<p>Con esta resoluci\u00f3n el PAS demuestra que nunca actu\u00f3 ilegalmente ni con ventaja predeterminada como varios columnistas lo manejaron, e incluso nos se\u00f1alaron como responsables de que el Instituto Estatal Electoral del Estado de Sinaloa gastara alrededor de 4 millones en reimprimir las boletas dado el cambio de candidatos, espero que estas mismas personas ahora responsabilice al PRI y a Movimiento Ciudadano de tal gasto, dado que es un hecho que se pusieron de acuerdo en el recurso que interpusieron en Guadalajara, ah\u00ed est\u00e1 el mismo formato que utilizaron.<\/p>\n\n\n\n<p>Por ello advert\u00ed p\u00fablicamente que no se destruyeran las boletas originales, dado que ten\u00edamos toda la confianza de revertir el fallo emitido en la Sala de Guadalajara, tal y como ocurri\u00f3 hace unas horas.<\/p>\n\n\n\n<p>Todo vuelve a la normalidad, PAS-MORENA competir\u00e1n con los candidatos comunes que recientemente acordamos y convenimos, lo cual sin duda alguna nos da m\u00e1s estabilidad iniciando por la candidatura del Dr. Rub\u00e9n Rocha Moya,<\/p>\n\n\n\n<p>Debo dejar claro que el PAS sustituy\u00f3 a los candidatos de los distritos impugnados, dado que ello s\u00ed afectar\u00eda a nuestro instituto pol\u00edtico en prerrogativas y asignaci\u00f3n de plurinominales, as\u00ed como tambi\u00e9n es de suma importancia dejar establecido que la unidad que firmamos PAS-MORENA no es electorera, es decir que pasando las elecciones cada quien por su lado, por el contrario, esta unidad es a mediano y largo plazo, as\u00ed lo establece el convenio firmado donde contempla la palabra inclusi\u00f3n en los gobiernos estatal y municipales. <\/p>\n","protected":false},"excerpt":{"rendered":"<p>La Sala Superior del Tribunal Electoral del Poder Judicial de la Federaci\u00f3n da la raz\u00f3n a la alianza para candidaturas comunes Culiacan, Sin. Hoy alrededor de las 13:30 horas la Sala Superior del TEPJF rectifica el fallo emitido por la Sala Regional de Guadalajara. Finalmente, el Partido Sinaloense y MORENA mantendr\u00e1n las candidaturas comunes en [&hellip;]<\/p>\n","protected":false},"author":4,"featured_media":3847,"comment_status":"open","ping_status":"open","sticky":false,"template":"","format":"standard","meta":{"tdm_status":"","tdm_grid_status":"","footnotes":""},"categories":[37],"tags":[],"class_list":{"0":"post-3846","1":"post","2":"type-post","3":"status-publish","4":"format-standard","5":"has-post-thumbnail","7":"category-nota-principal"},"yoast_head":"<!-- This site is optimized with the Yoast SEO plugin v27.5 - https:\/\/yoast.com\/product\/yoast-seo-wordpress\/ -->\n<title>\u00a1Siempre s\u00ed! Rectifican fallo y Morena-PAS s\u00ed van juntos en reelecciones - Fuentes Fidedignas<\/title>\n<meta name=\"robots\" content=\"index, follow, max-snippet:-1, max-image-preview:large, max-video-preview:-1\" \/>\n<link rel=\"canonical\" href=\"https:\/\/fuentesfidedignas.com.mx\/index.php\/2021\/06\/02\/siempre-si-rectifican-fallo-y-morena-pas-si-van-juntos-en-reelecciones\/\" \/>\n<meta property=\"og:locale\" content=\"es_MX\" \/>\n<meta property=\"og:type\" content=\"article\" \/>\n<meta property=\"og:title\" content=\"\u00a1Siempre s\u00ed! Rectifican fallo y Morena-PAS s\u00ed van juntos en reelecciones - Fuentes Fidedignas\" \/>\n<meta property=\"og:description\" content=\"La Sala Superior del Tribunal Electoral del Poder Judicial de la Federaci\u00f3n da la raz\u00f3n a la alianza para candidaturas comunes Culiacan, Sin. Hoy alrededor de las 13:30 horas la Sala Superior del TEPJF rectifica el fallo emitido por la Sala Regional de Guadalajara. Finalmente, el Partido Sinaloense y MORENA mantendr\u00e1n las candidaturas comunes en [&hellip;]\" \/>\n<meta property=\"og:url\" content=\"https:\/\/fuentesfidedignas.com.mx\/index.php\/2021\/06\/02\/siempre-si-rectifican-fallo-y-morena-pas-si-van-juntos-en-reelecciones\/\" \/>\n<meta property=\"og:site_name\" content=\"Fuentes Fidedignas\" \/>\n<meta property=\"article:publisher\" content=\"https:\/\/www.facebook.com\/Fuentes-Fidedignas-368234489921644\" \/>\n<meta property=\"article:published_time\" content=\"2021-06-02T21:01:09+00:00\" \/>\n<meta property=\"article:modified_time\" content=\"2021-06-02T21:01:11+00:00\" \/>\n<meta property=\"og:image\" content=\"https:\/\/fuentesfidedignas.com.mx\/wp-content\/uploads\/2021\/06\/IMG-20210602-WA0022.jpg\" \/>\n\t<meta property=\"og:image:width\" content=\"1280\" \/>\n\t<meta property=\"og:image:height\" content=\"853\" \/>\n\t<meta property=\"og:image:type\" content=\"image\/jpeg\" \/>\n<meta name=\"author\" content=\"Redacci\u00f3n\" \/>\n<meta name=\"twitter:card\" content=\"summary_large_image\" \/>\n<meta name=\"twitter:creator\" content=\"@fidedignas\" \/>\n<meta name=\"twitter:site\" content=\"@fidedignas\" \/>\n<meta name=\"twitter:label1\" content=\"Escrito por\" \/>\n\t<meta name=\"twitter:data1\" content=\"Redacci\u00f3n\" \/>\n\t<meta name=\"twitter:label2\" content=\"Tiempo de lectura\" \/>\n\t<meta name=\"twitter:data2\" content=\"2 minutos\" \/>\n<script type=\"application\/ld+json\" class=\"yoast-schema-graph\">{\"@context\":\"https:\\\/\\\/schema.org\",\"@graph\":[{\"@type\":\"Article\",\"@id\":\"https:\\\/\\\/fuentesfidedignas.com.mx\\\/index.php\\\/2021\\\/06\\\/02\\\/siempre-si-rectifican-fallo-y-morena-pas-si-van-juntos-en-reelecciones\\\/#article\",\"isPartOf\":{\"@id\":\"https:\\\/\\\/fuentesfidedignas.com.mx\\\/index.php\\\/2021\\\/06\\\/02\\\/siempre-si-rectifican-fallo-y-morena-pas-si-van-juntos-en-reelecciones\\\/\"},\"author\":{\"name\":\"Redacci\u00f3n\",\"@id\":\"https:\\\/\\\/fuentesfidedignas.com.mx\\\/#\\\/schema\\\/person\\\/331be9283d37198e2acd5750279085b0\"},\"headline\":\"\u00a1Siempre s\u00ed! Rectifican fallo y Morena-PAS s\u00ed van juntos en reelecciones\",\"datePublished\":\"2021-06-02T21:01:09+00:00\",\"dateModified\":\"2021-06-02T21:01:11+00:00\",\"mainEntityOfPage\":{\"@id\":\"https:\\\/\\\/fuentesfidedignas.com.mx\\\/index.php\\\/2021\\\/06\\\/02\\\/siempre-si-rectifican-fallo-y-morena-pas-si-van-juntos-en-reelecciones\\\/\"},\"wordCount\":375,\"commentCount\":0,\"publisher\":{\"@id\":\"https:\\\/\\\/fuentesfidedignas.com.mx\\\/#organization\"},\"image\":{\"@id\":\"https:\\\/\\\/fuentesfidedignas.com.mx\\\/index.php\\\/2021\\\/06\\\/02\\\/siempre-si-rectifican-fallo-y-morena-pas-si-van-juntos-en-reelecciones\\\/#primaryimage\"},\"thumbnailUrl\":\"https:\\\/\\\/fuentesfidedignas.com.mx\\\/wp-content\\\/uploads\\\/2021\\\/06\\\/IMG-20210602-WA0022.jpg\",\"articleSection\":[\"NOTA PRINCIPAL\"],\"inLanguage\":\"es\",\"potentialAction\":[{\"@type\":\"CommentAction\",\"name\":\"Comment\",\"target\":[\"https:\\\/\\\/fuentesfidedignas.com.mx\\\/index.php\\\/2021\\\/06\\\/02\\\/siempre-si-rectifican-fallo-y-morena-pas-si-van-juntos-en-reelecciones\\\/#respond\"]}]},{\"@type\":\"WebPage\",\"@id\":\"https:\\\/\\\/fuentesfidedignas.com.mx\\\/index.php\\\/2021\\\/06\\\/02\\\/siempre-si-rectifican-fallo-y-morena-pas-si-van-juntos-en-reelecciones\\\/\",\"url\":\"https:\\\/\\\/fuentesfidedignas.com.mx\\\/index.php\\\/2021\\\/06\\\/02\\\/siempre-si-rectifican-fallo-y-morena-pas-si-van-juntos-en-reelecciones\\\/\",\"name\":\"\u00a1Siempre s\u00ed! Rectifican fallo y Morena-PAS s\u00ed van juntos en reelecciones - Fuentes Fidedignas\",\"isPartOf\":{\"@id\":\"https:\\\/\\\/fuentesfidedignas.com.mx\\\/#website\"},\"primaryImageOfPage\":{\"@id\":\"https:\\\/\\\/fuentesfidedignas.com.mx\\\/index.php\\\/2021\\\/06\\\/02\\\/siempre-si-rectifican-fallo-y-morena-pas-si-van-juntos-en-reelecciones\\\/#primaryimage\"},\"image\":{\"@id\":\"https:\\\/\\\/fuentesfidedignas.com.mx\\\/index.php\\\/2021\\\/06\\\/02\\\/siempre-si-rectifican-fallo-y-morena-pas-si-van-juntos-en-reelecciones\\\/#primaryimage\"},\"thumbnailUrl\":\"https:\\\/\\\/fuentesfidedignas.com.mx\\\/wp-content\\\/uploads\\\/2021\\\/06\\\/IMG-20210602-WA0022.jpg\",\"datePublished\":\"2021-06-02T21:01:09+00:00\",\"dateModified\":\"2021-06-02T21:01:11+00:00\",\"breadcrumb\":{\"@id\":\"https:\\\/\\\/fuentesfidedignas.com.mx\\\/index.php\\\/2021\\\/06\\\/02\\\/siempre-si-rectifican-fallo-y-morena-pas-si-van-juntos-en-reelecciones\\\/#breadcrumb\"},\"inLanguage\":\"es\",\"potentialAction\":[{\"@type\":\"ReadAction\",\"target\":[\"https:\\\/\\\/fuentesfidedignas.com.mx\\\/index.php\\\/2021\\\/06\\\/02\\\/siempre-si-rectifican-fallo-y-morena-pas-si-van-juntos-en-reelecciones\\\/\"]}]},{\"@type\":\"ImageObject\",\"inLanguage\":\"es\",\"@id\":\"https:\\\/\\\/fuentesfidedignas.com.mx\\\/index.php\\\/2021\\\/06\\\/02\\\/siempre-si-rectifican-fallo-y-morena-pas-si-van-juntos-en-reelecciones\\\/#primaryimage\",\"url\":\"https:\\\/\\\/fuentesfidedignas.com.mx\\\/wp-content\\\/uploads\\\/2021\\\/06\\\/IMG-20210602-WA0022.jpg\",\"contentUrl\":\"https:\\\/\\\/fuentesfidedignas.com.mx\\\/wp-content\\\/uploads\\\/2021\\\/06\\\/IMG-20210602-WA0022.jpg\",\"width\":1280,\"height\":853},{\"@type\":\"BreadcrumbList\",\"@id\":\"https:\\\/\\\/fuentesfidedignas.com.mx\\\/index.php\\\/2021\\\/06\\\/02\\\/siempre-si-rectifican-fallo-y-morena-pas-si-van-juntos-en-reelecciones\\\/#breadcrumb\",\"itemListElement\":[{\"@type\":\"ListItem\",\"position\":1,\"name\":\"Inicio\",\"item\":\"https:\\\/\\\/fuentesfidedignas.com.mx\\\/\"},{\"@type\":\"ListItem\",\"position\":2,\"name\":\"\u00a1Siempre s\u00ed! Rectifican fallo y Morena-PAS s\u00ed van juntos en reelecciones\"}]},{\"@type\":\"WebSite\",\"@id\":\"https:\\\/\\\/fuentesfidedignas.com.mx\\\/#website\",\"url\":\"https:\\\/\\\/fuentesfidedignas.com.mx\\\/\",\"name\":\"Fuentes Fidedignas\",\"description\":\"Otro sitio realizado con WordPress\",\"publisher\":{\"@id\":\"https:\\\/\\\/fuentesfidedignas.com.mx\\\/#organization\"},\"potentialAction\":[{\"@type\":\"SearchAction\",\"target\":{\"@type\":\"EntryPoint\",\"urlTemplate\":\"https:\\\/\\\/fuentesfidedignas.com.mx\\\/?s={search_term_string}\"},\"query-input\":{\"@type\":\"PropertyValueSpecification\",\"valueRequired\":true,\"valueName\":\"search_term_string\"}}],\"inLanguage\":\"es\"},{\"@type\":\"Organization\",\"@id\":\"https:\\\/\\\/fuentesfidedignas.com.mx\\\/#organization\",\"name\":\"Fuentes Fidedignas\",\"url\":\"https:\\\/\\\/fuentesfidedignas.com.mx\\\/\",\"logo\":{\"@type\":\"ImageObject\",\"inLanguage\":\"es\",\"@id\":\"https:\\\/\\\/fuentesfidedignas.com.mx\\\/#\\\/schema\\\/logo\\\/image\\\/\",\"url\":\"https:\\\/\\\/fuentesfidedignas.com.mx\\\/wp-content\\\/uploads\\\/2021\\\/04\\\/logo-retina.png\",\"contentUrl\":\"https:\\\/\\\/fuentesfidedignas.com.mx\\\/wp-content\\\/uploads\\\/2021\\\/04\\\/logo-retina.png\",\"width\":280,\"height\":51,\"caption\":\"Fuentes Fidedignas\"},\"image\":{\"@id\":\"https:\\\/\\\/fuentesfidedignas.com.mx\\\/#\\\/schema\\\/logo\\\/image\\\/\"},\"sameAs\":[\"https:\\\/\\\/www.facebook.com\\\/Fuentes-Fidedignas-368234489921644\",\"https:\\\/\\\/x.com\\\/fidedignas\"]},{\"@type\":\"Person\",\"@id\":\"https:\\\/\\\/fuentesfidedignas.com.mx\\\/#\\\/schema\\\/person\\\/331be9283d37198e2acd5750279085b0\",\"name\":\"Redacci\u00f3n\",\"image\":{\"@type\":\"ImageObject\",\"inLanguage\":\"es\",\"@id\":\"https:\\\/\\\/secure.gravatar.com\\\/avatar\\\/f6d8782c11d12b2d4ad3fbb6931aeab5309937a4d6cd2fc9cfaa28a6396a5aec?s=96&d=mm&r=g\",\"url\":\"https:\\\/\\\/secure.gravatar.com\\\/avatar\\\/f6d8782c11d12b2d4ad3fbb6931aeab5309937a4d6cd2fc9cfaa28a6396a5aec?s=96&d=mm&r=g\",\"contentUrl\":\"https:\\\/\\\/secure.gravatar.com\\\/avatar\\\/f6d8782c11d12b2d4ad3fbb6931aeab5309937a4d6cd2fc9cfaa28a6396a5aec?s=96&d=mm&r=g\",\"caption\":\"Redacci\u00f3n\"},\"url\":\"https:\\\/\\\/fuentesfidedignas.com.mx\\\/index.php\\\/author\\\/redaccion\\\/\"}]}<\/script>\n<!-- \/ Yoast SEO plugin. -->","yoast_head_json":{"title":"\u00a1Siempre s\u00ed! Rectifican fallo y Morena-PAS s\u00ed van juntos en reelecciones - Fuentes Fidedignas","robots":{"index":"index","follow":"follow","max-snippet":"max-snippet:-1","max-image-preview":"max-image-preview:large","max-video-preview":"max-video-preview:-1"},"canonical":"https:\/\/fuentesfidedignas.com.mx\/index.php\/2021\/06\/02\/siempre-si-rectifican-fallo-y-morena-pas-si-van-juntos-en-reelecciones\/","og_locale":"es_MX","og_type":"article","og_title":"\u00a1Siempre s\u00ed! Rectifican fallo y Morena-PAS s\u00ed van juntos en reelecciones - Fuentes Fidedignas","og_description":"La Sala Superior del Tribunal Electoral del Poder Judicial de la Federaci\u00f3n da la raz\u00f3n a la alianza para candidaturas comunes Culiacan, Sin. Hoy alrededor de las 13:30 horas la Sala Superior del TEPJF rectifica el fallo emitido por la Sala Regional de Guadalajara. Finalmente, el Partido Sinaloense y MORENA mantendr\u00e1n las candidaturas comunes en [&hellip;]","og_url":"https:\/\/fuentesfidedignas.com.mx\/index.php\/2021\/06\/02\/siempre-si-rectifican-fallo-y-morena-pas-si-van-juntos-en-reelecciones\/","og_site_name":"Fuentes Fidedignas","article_publisher":"https:\/\/www.facebook.com\/Fuentes-Fidedignas-368234489921644","article_published_time":"2021-06-02T21:01:09+00:00","article_modified_time":"2021-06-02T21:01:11+00:00","og_image":[{"width":1280,"height":853,"url":"https:\/\/fuentesfidedignas.com.mx\/wp-content\/uploads\/2021\/06\/IMG-20210602-WA0022.jpg","type":"image\/jpeg"}],"author":"Redacci\u00f3n","twitter_card":"summary_large_image","twitter_creator":"@fidedignas","twitter_site":"@fidedignas","twitter_misc":{"Escrito por":"Redacci\u00f3n","Tiempo de lectura":"2 minutos"},"schema":{"@context":"https:\/\/schema.org","@graph":[{"@type":"Article","@id":"https:\/\/fuentesfidedignas.com.mx\/index.php\/2021\/06\/02\/siempre-si-rectifican-fallo-y-morena-pas-si-van-juntos-en-reelecciones\/#article","isPartOf":{"@id":"https:\/\/fuentesfidedignas.com.mx\/index.php\/2021\/06\/02\/siempre-si-rectifican-fallo-y-morena-pas-si-van-juntos-en-reelecciones\/"},"author":{"name":"Redacci\u00f3n","@id":"https:\/\/fuentesfidedignas.com.mx\/#\/schema\/person\/331be9283d37198e2acd5750279085b0"},"headline":"\u00a1Siempre s\u00ed! Rectifican fallo y Morena-PAS s\u00ed van juntos en reelecciones","datePublished":"2021-06-02T21:01:09+00:00","dateModified":"2021-06-02T21:01:11+00:00","mainEntityOfPage":{"@id":"https:\/\/fuentesfidedignas.com.mx\/index.php\/2021\/06\/02\/siempre-si-rectifican-fallo-y-morena-pas-si-van-juntos-en-reelecciones\/"},"wordCount":375,"commentCount":0,"publisher":{"@id":"https:\/\/fuentesfidedignas.com.mx\/#organization"},"image":{"@id":"https:\/\/fuentesfidedignas.com.mx\/index.php\/2021\/06\/02\/siempre-si-rectifican-fallo-y-morena-pas-si-van-juntos-en-reelecciones\/#primaryimage"},"thumbnailUrl":"https:\/\/fuentesfidedignas.com.mx\/wp-content\/uploads\/2021\/06\/IMG-20210602-WA0022.jpg","articleSection":["NOTA PRINCIPAL"],"inLanguage":"es","potentialAction":[{"@type":"CommentAction","name":"Comment","target":["https:\/\/fuentesfidedignas.com.mx\/index.php\/2021\/06\/02\/siempre-si-rectifican-fallo-y-morena-pas-si-van-juntos-en-reelecciones\/#respond"]}]},{"@type":"WebPage","@id":"https:\/\/fuentesfidedignas.com.mx\/index.php\/2021\/06\/02\/siempre-si-rectifican-fallo-y-morena-pas-si-van-juntos-en-reelecciones\/","url":"https:\/\/fuentesfidedignas.com.mx\/index.php\/2021\/06\/02\/siempre-si-rectifican-fallo-y-morena-pas-si-van-juntos-en-reelecciones\/","name":"\u00a1Siempre s\u00ed! Rectifican fallo y Morena-PAS s\u00ed van juntos en reelecciones - Fuentes Fidedignas","isPartOf":{"@id":"https:\/\/fuentesfidedignas.com.mx\/#website"},"primaryImageOfPage":{"@id":"https:\/\/fuentesfidedignas.com.mx\/index.php\/2021\/06\/02\/siempre-si-rectifican-fallo-y-morena-pas-si-van-juntos-en-reelecciones\/#primaryimage"},"image":{"@id":"https:\/\/fuentesfidedignas.com.mx\/index.php\/2021\/06\/02\/siempre-si-rectifican-fallo-y-morena-pas-si-van-juntos-en-reelecciones\/#primaryimage"},"thumbnailUrl":"https:\/\/fuentesfidedignas.com.mx\/wp-content\/uploads\/2021\/06\/IMG-20210602-WA0022.jpg","datePublished":"2021-06-02T21:01:09+00:00","dateModified":"2021-06-02T21:01:11+00:00","breadcrumb":{"@id":"https:\/\/fuentesfidedignas.com.mx\/index.php\/2021\/06\/02\/siempre-si-rectifican-fallo-y-morena-pas-si-van-juntos-en-reelecciones\/#breadcrumb"},"inLanguage":"es","potentialAction":[{"@type":"ReadAction","target":["https:\/\/fuentesfidedignas.com.mx\/index.php\/2021\/06\/02\/siempre-si-rectifican-fallo-y-morena-pas-si-van-juntos-en-reelecciones\/"]}]},{"@type":"ImageObject","inLanguage":"es","@id":"https:\/\/fuentesfidedignas.com.mx\/index.php\/2021\/06\/02\/siempre-si-rectifican-fallo-y-morena-pas-si-van-juntos-en-reelecciones\/#primaryimage","url":"https:\/\/fuentesfidedignas.com.mx\/wp-content\/uploads\/2021\/06\/IMG-20210602-WA0022.jpg","contentUrl":"https:\/\/fuentesfidedignas.com.mx\/wp-content\/uploads\/2021\/06\/IMG-20210602-WA0022.jpg","width":1280,"height":853},{"@type":"BreadcrumbList","@id":"https:\/\/fuentesfidedignas.com.mx\/index.php\/2021\/06\/02\/siempre-si-rectifican-fallo-y-morena-pas-si-van-juntos-en-reelecciones\/#breadcrumb","itemListElement":[{"@type":"ListItem","position":1,"name":"Inicio","item":"https:\/\/fuentesfidedignas.com.mx\/"},{"@type":"ListItem","position":2,"name":"\u00a1Siempre s\u00ed! Rectifican fallo y Morena-PAS s\u00ed van juntos en reelecciones"}]},{"@type":"WebSite","@id":"https:\/\/fuentesfidedignas.com.mx\/#website","url":"https:\/\/fuentesfidedignas.com.mx\/","name":"Fuentes Fidedignas","description":"Otro sitio realizado con WordPress","publisher":{"@id":"https:\/\/fuentesfidedignas.com.mx\/#organization"},"potentialAction":[{"@type":"SearchAction","target":{"@type":"EntryPoint","urlTemplate":"https:\/\/fuentesfidedignas.com.mx\/?s={search_term_string}"},"query-input":{"@type":"PropertyValueSpecification","valueRequired":true,"valueName":"search_term_string"}}],"inLanguage":"es"},{"@type":"Organization","@id":"https:\/\/fuentesfidedignas.com.mx\/#organization","name":"Fuentes Fidedignas","url":"https:\/\/fuentesfidedignas.com.mx\/","logo":{"@type":"ImageObject","inLanguage":"es","@id":"https:\/\/fuentesfidedignas.com.mx\/#\/schema\/logo\/image\/","url":"https:\/\/fuentesfidedignas.com.mx\/wp-content\/uploads\/2021\/04\/logo-retina.png","contentUrl":"https:\/\/fuentesfidedignas.com.mx\/wp-content\/uploads\/2021\/04\/logo-retina.png","width":280,"height":51,"caption":"Fuentes Fidedignas"},"image":{"@id":"https:\/\/fuentesfidedignas.com.mx\/#\/schema\/logo\/image\/"},"sameAs":["https:\/\/www.facebook.com\/Fuentes-Fidedignas-368234489921644","https:\/\/x.com\/fidedignas"]},{"@type":"Person","@id":"https:\/\/fuentesfidedignas.com.mx\/#\/schema\/person\/331be9283d37198e2acd5750279085b0","name":"Redacci\u00f3n","image":{"@type":"ImageObject","inLanguage":"es","@id":"https:\/\/secure.gravatar.com\/avatar\/f6d8782c11d12b2d4ad3fbb6931aeab5309937a4d6cd2fc9cfaa28a6396a5aec?s=96&d=mm&r=g","url":"https:\/\/secure.gravatar.com\/avatar\/f6d8782c11d12b2d4ad3fbb6931aeab5309937a4d6cd2fc9cfaa28a6396a5aec?s=96&d=mm&r=g","contentUrl":"https:\/\/secure.gravatar.com\/avatar\/f6d8782c11d12b2d4ad3fbb6931aeab5309937a4d6cd2fc9cfaa28a6396a5aec?s=96&d=mm&r=g","caption":"Redacci\u00f3n"},"url":"https:\/\/fuentesfidedignas.com.mx\/index.php\/author\/redaccion\/"}]}},"_links":{"self":[{"href":"https:\/\/fuentesfidedignas.com.mx\/index.php\/wp-json\/wp\/v2\/posts\/3846","targetHints":{"allow":["GET"]}}],"collection":[{"href":"https:\/\/fuentesfidedignas.com.mx\/index.php\/wp-json\/wp\/v2\/posts"}],"about":[{"href":"https:\/\/fuentesfidedignas.com.mx\/index.php\/wp-json\/wp\/v2\/types\/post"}],"author":[{"embeddable":true,"href":"https:\/\/fuentesfidedignas.com.mx\/index.php\/wp-json\/wp\/v2\/users\/4"}],"replies":[{"embeddable":true,"href":"https:\/\/fuentesfidedignas.com.mx\/index.php\/wp-json\/wp\/v2\/comments?post=3846"}],"version-history":[{"count":1,"href":"https:\/\/fuentesfidedignas.com.mx\/index.php\/wp-json\/wp\/v2\/posts\/3846\/revisions"}],"predecessor-version":[{"id":3848,"href":"https:\/\/fuentesfidedignas.com.mx\/index.php\/wp-json\/wp\/v2\/posts\/3846\/revisions\/3848"}],"wp:featuredmedia":[{"embeddable":true,"href":"https:\/\/fuentesfidedignas.com.mx\/index.php\/wp-json\/wp\/v2\/media\/3847"}],"wp:attachment":[{"href":"https:\/\/fuentesfidedignas.com.mx\/index.php\/wp-json\/wp\/v2\/media?parent=3846"}],"wp:term":[{"taxonomy":"category","embeddable":true,"href":"https:\/\/fuentesfidedignas.com.mx\/index.php\/wp-json\/wp\/v2\/categories?post=3846"},{"taxonomy":"post_tag","embeddable":true,"href":"https:\/\/fuentesfidedignas.com.mx\/index.php\/wp-json\/wp\/v2\/tags?post=3846"}],"curies":[{"name":"wp","href":"https:\/\/api.w.org\/{rel}","templated":true}]}}