{"id":38410,"date":"2022-07-27T17:33:20","date_gmt":"2022-07-27T23:33:20","guid":{"rendered":"https:\/\/fuentesfidedignas.com.mx\/?p=38410"},"modified":"2022-07-27T17:33:48","modified_gmt":"2022-07-27T23:33:48","slug":"fed-aumenta-0-75-su-tasa-de-interes-por-segunda-vez-consecutiva","status":"publish","type":"post","link":"https:\/\/fuentesfidedignas.com.mx\/index.php\/2022\/07\/27\/fed-aumenta-0-75-su-tasa-de-interes-por-segunda-vez-consecutiva\/","title":{"rendered":"FED aumenta 0.75% su tasa de inter\u00e9s, por segunda vez consecutiva"},"content":{"rendered":"\n<p><em><strong><br>Con este incremento, que es el cuarto desde que la Fed empez\u00f3 a subir los tipos en marzo <\/strong><\/em><\/p>\n\n\n\n<p>Estados Unidos.  La\u00a0<strong>Reserva Federal de Estados Unidos (Fed)<\/strong>\u00a0anunci\u00f3 hoy una subida de su\u00a0<strong>tasa de inter\u00e9s<\/strong>\u00a0oficial de 0,75 puntos, la segunda en los \u00faltimos dos meses, para tratar de poner coto a una inflaci\u00f3n desbocada.<\/p>\n\n\n\n<p>Con este incremento, que es el cuarto desde que la&nbsp;<strong>Fed<\/strong>&nbsp;empez\u00f3 a subir los tipos en marzo, la tasa de inter\u00e9s oficial de la mayor econom\u00eda del mundo pasa a situarse en una horquilla de entre el 2.25 y el 2.5 %.<\/p>\n\n\n\n<p>En un comunicado oficial emitido tras su reuni\u00f3n de dos d\u00edas, la\u00a0<strong>Junta de Gobernadores del sistema de la Reserva Federa<\/strong>l reiter\u00f3 que espera llevar a cabo m\u00e1s subidas de los tipos en el futuro.<\/p>\n\n\n\n<p>Los aumentos de 0.75 puntos del tipo de inter\u00e9s oficial no se ve\u00edan desde 1994, cuando, bajo la direcci\u00f3n del hist\u00f3rico Alan Greenspan, el banco central estadounidense llev\u00f3 a cabo una serie de subidas de los tipos para tratar de evitar un aumento desbocado de la inflaci\u00f3n.<\/p>\n\n\n\n<p>Entonces, la tasa de aumento anual de los precios de consumo era del 2.7%, mientras que el pasado junio se situaba en el 9.1%, algo no visto en 40 a\u00f1os.<\/p>\n\n\n\n<p>\u201cEl comit\u00e9 est\u00e1 fuertemente comprometido con el objetivo de devolver la inflaci\u00f3n al 2%\u201d, indic\u00f3 el banco central estadounidense, siempre manteniendo \u201cniveles de empleo m\u00e1ximos\u201d.<\/p>\n","protected":false},"excerpt":{"rendered":"<p>Con este incremento, que es el cuarto desde que la Fed empez\u00f3 a subir los tipos en marzo Estados Unidos. La\u00a0Reserva Federal de Estados Unidos (Fed)\u00a0anunci\u00f3 hoy una subida de su\u00a0tasa de inter\u00e9s\u00a0oficial de 0,75 puntos, la segunda en los \u00faltimos dos meses, para tratar de poner coto a una inflaci\u00f3n desbocada. Con este incremento, [&hellip;]<\/p>\n","protected":false},"author":46,"featured_media":38412,"comment_status":"open","ping_status":"open","sticky":false,"template":"","format":"standard","meta":{"tdm_status":"","tdm_grid_status":"","footnotes":""},"categories":[39],"tags":[],"class_list":{"0":"post-38410","1":"post","2":"type-post","3":"status-publish","4":"format-standard","5":"has-post-thumbnail","7":"category-noticias-nacionales"},"yoast_head":"<!-- This site is optimized with the Yoast SEO plugin v27.5 - https:\/\/yoast.com\/product\/yoast-seo-wordpress\/ -->\n<title>FED aumenta 0.75% su tasa de inter\u00e9s, por segunda vez consecutiva - Fuentes Fidedignas<\/title>\n<meta name=\"robots\" content=\"index, follow, max-snippet:-1, max-image-preview:large, max-video-preview:-1\" \/>\n<link rel=\"canonical\" href=\"https:\/\/fuentesfidedignas.com.mx\/index.php\/2022\/07\/27\/fed-aumenta-0-75-su-tasa-de-interes-por-segunda-vez-consecutiva\/\" \/>\n<meta property=\"og:locale\" content=\"es_MX\" \/>\n<meta property=\"og:type\" content=\"article\" \/>\n<meta property=\"og:title\" content=\"FED aumenta 0.75% su tasa de inter\u00e9s, por segunda vez consecutiva - Fuentes Fidedignas\" \/>\n<meta property=\"og:description\" content=\"Con este incremento, que es el cuarto desde que la Fed empez\u00f3 a subir los tipos en marzo Estados Unidos. La\u00a0Reserva Federal de Estados Unidos (Fed)\u00a0anunci\u00f3 hoy una subida de su\u00a0tasa de inter\u00e9s\u00a0oficial de 0,75 puntos, la segunda en los \u00faltimos dos meses, para tratar de poner coto a una inflaci\u00f3n desbocada. Con este incremento, [&hellip;]\" \/>\n<meta property=\"og:url\" content=\"https:\/\/fuentesfidedignas.com.mx\/index.php\/2022\/07\/27\/fed-aumenta-0-75-su-tasa-de-interes-por-segunda-vez-consecutiva\/\" \/>\n<meta property=\"og:site_name\" content=\"Fuentes Fidedignas\" \/>\n<meta property=\"article:publisher\" content=\"https:\/\/www.facebook.com\/Fuentes-Fidedignas-368234489921644\" \/>\n<meta property=\"article:published_time\" content=\"2022-07-27T23:33:20+00:00\" \/>\n<meta property=\"article:modified_time\" content=\"2022-07-27T23:33:48+00:00\" \/>\n<meta property=\"og:image\" content=\"https:\/\/fuentesfidedignas.com.mx\/wp-content\/uploads\/2022\/07\/jerome-powell.jpg\" \/>\n\t<meta property=\"og:image:width\" content=\"1280\" \/>\n\t<meta property=\"og:image:height\" content=\"720\" \/>\n\t<meta property=\"og:image:type\" content=\"image\/jpeg\" \/>\n<meta name=\"author\" content=\"Noticieros Televisa\" \/>\n<meta name=\"twitter:card\" content=\"summary_large_image\" \/>\n<meta name=\"twitter:creator\" content=\"@fidedignas\" \/>\n<meta name=\"twitter:site\" content=\"@fidedignas\" \/>\n<meta name=\"twitter:label1\" content=\"Escrito por\" \/>\n\t<meta name=\"twitter:data1\" content=\"Noticieros Televisa\" \/>\n\t<meta name=\"twitter:label2\" content=\"Tiempo de lectura\" \/>\n\t<meta name=\"twitter:data2\" content=\"2 minutos\" \/>\n<script type=\"application\/ld+json\" class=\"yoast-schema-graph\">{\"@context\":\"https:\\\/\\\/schema.org\",\"@graph\":[{\"@type\":\"Article\",\"@id\":\"https:\\\/\\\/fuentesfidedignas.com.mx\\\/index.php\\\/2022\\\/07\\\/27\\\/fed-aumenta-0-75-su-tasa-de-interes-por-segunda-vez-consecutiva\\\/#article\",\"isPartOf\":{\"@id\":\"https:\\\/\\\/fuentesfidedignas.com.mx\\\/index.php\\\/2022\\\/07\\\/27\\\/fed-aumenta-0-75-su-tasa-de-interes-por-segunda-vez-consecutiva\\\/\"},\"author\":{\"name\":\"Noticieros Televisa\",\"@id\":\"https:\\\/\\\/fuentesfidedignas.com.mx\\\/#\\\/schema\\\/person\\\/f030e42657a5a464a8bbd891b1aab6ee\"},\"headline\":\"FED aumenta 0.75% su tasa de inter\u00e9s, por segunda vez consecutiva\",\"datePublished\":\"2022-07-27T23:33:20+00:00\",\"dateModified\":\"2022-07-27T23:33:48+00:00\",\"mainEntityOfPage\":{\"@id\":\"https:\\\/\\\/fuentesfidedignas.com.mx\\\/index.php\\\/2022\\\/07\\\/27\\\/fed-aumenta-0-75-su-tasa-de-interes-por-segunda-vez-consecutiva\\\/\"},\"wordCount\":254,\"commentCount\":0,\"publisher\":{\"@id\":\"https:\\\/\\\/fuentesfidedignas.com.mx\\\/#organization\"},\"image\":{\"@id\":\"https:\\\/\\\/fuentesfidedignas.com.mx\\\/index.php\\\/2022\\\/07\\\/27\\\/fed-aumenta-0-75-su-tasa-de-interes-por-segunda-vez-consecutiva\\\/#primaryimage\"},\"thumbnailUrl\":\"https:\\\/\\\/fuentesfidedignas.com.mx\\\/wp-content\\\/uploads\\\/2022\\\/07\\\/jerome-powell.jpg\",\"articleSection\":[\"NOTICIAS NACIONALES\"],\"inLanguage\":\"es\",\"potentialAction\":[{\"@type\":\"CommentAction\",\"name\":\"Comment\",\"target\":[\"https:\\\/\\\/fuentesfidedignas.com.mx\\\/index.php\\\/2022\\\/07\\\/27\\\/fed-aumenta-0-75-su-tasa-de-interes-por-segunda-vez-consecutiva\\\/#respond\"]}]},{\"@type\":\"WebPage\",\"@id\":\"https:\\\/\\\/fuentesfidedignas.com.mx\\\/index.php\\\/2022\\\/07\\\/27\\\/fed-aumenta-0-75-su-tasa-de-interes-por-segunda-vez-consecutiva\\\/\",\"url\":\"https:\\\/\\\/fuentesfidedignas.com.mx\\\/index.php\\\/2022\\\/07\\\/27\\\/fed-aumenta-0-75-su-tasa-de-interes-por-segunda-vez-consecutiva\\\/\",\"name\":\"FED aumenta 0.75% su tasa de inter\u00e9s, por segunda vez consecutiva - Fuentes Fidedignas\",\"isPartOf\":{\"@id\":\"https:\\\/\\\/fuentesfidedignas.com.mx\\\/#website\"},\"primaryImageOfPage\":{\"@id\":\"https:\\\/\\\/fuentesfidedignas.com.mx\\\/index.php\\\/2022\\\/07\\\/27\\\/fed-aumenta-0-75-su-tasa-de-interes-por-segunda-vez-consecutiva\\\/#primaryimage\"},\"image\":{\"@id\":\"https:\\\/\\\/fuentesfidedignas.com.mx\\\/index.php\\\/2022\\\/07\\\/27\\\/fed-aumenta-0-75-su-tasa-de-interes-por-segunda-vez-consecutiva\\\/#primaryimage\"},\"thumbnailUrl\":\"https:\\\/\\\/fuentesfidedignas.com.mx\\\/wp-content\\\/uploads\\\/2022\\\/07\\\/jerome-powell.jpg\",\"datePublished\":\"2022-07-27T23:33:20+00:00\",\"dateModified\":\"2022-07-27T23:33:48+00:00\",\"breadcrumb\":{\"@id\":\"https:\\\/\\\/fuentesfidedignas.com.mx\\\/index.php\\\/2022\\\/07\\\/27\\\/fed-aumenta-0-75-su-tasa-de-interes-por-segunda-vez-consecutiva\\\/#breadcrumb\"},\"inLanguage\":\"es\",\"potentialAction\":[{\"@type\":\"ReadAction\",\"target\":[\"https:\\\/\\\/fuentesfidedignas.com.mx\\\/index.php\\\/2022\\\/07\\\/27\\\/fed-aumenta-0-75-su-tasa-de-interes-por-segunda-vez-consecutiva\\\/\"]}]},{\"@type\":\"ImageObject\",\"inLanguage\":\"es\",\"@id\":\"https:\\\/\\\/fuentesfidedignas.com.mx\\\/index.php\\\/2022\\\/07\\\/27\\\/fed-aumenta-0-75-su-tasa-de-interes-por-segunda-vez-consecutiva\\\/#primaryimage\",\"url\":\"https:\\\/\\\/fuentesfidedignas.com.mx\\\/wp-content\\\/uploads\\\/2022\\\/07\\\/jerome-powell.jpg\",\"contentUrl\":\"https:\\\/\\\/fuentesfidedignas.com.mx\\\/wp-content\\\/uploads\\\/2022\\\/07\\\/jerome-powell.jpg\",\"width\":1280,\"height\":720},{\"@type\":\"BreadcrumbList\",\"@id\":\"https:\\\/\\\/fuentesfidedignas.com.mx\\\/index.php\\\/2022\\\/07\\\/27\\\/fed-aumenta-0-75-su-tasa-de-interes-por-segunda-vez-consecutiva\\\/#breadcrumb\",\"itemListElement\":[{\"@type\":\"ListItem\",\"position\":1,\"name\":\"Inicio\",\"item\":\"https:\\\/\\\/fuentesfidedignas.com.mx\\\/\"},{\"@type\":\"ListItem\",\"position\":2,\"name\":\"FED aumenta 0.75% su tasa de inter\u00e9s, por segunda vez consecutiva\"}]},{\"@type\":\"WebSite\",\"@id\":\"https:\\\/\\\/fuentesfidedignas.com.mx\\\/#website\",\"url\":\"https:\\\/\\\/fuentesfidedignas.com.mx\\\/\",\"name\":\"Fuentes Fidedignas\",\"description\":\"Otro sitio realizado con WordPress\",\"publisher\":{\"@id\":\"https:\\\/\\\/fuentesfidedignas.com.mx\\\/#organization\"},\"potentialAction\":[{\"@type\":\"SearchAction\",\"target\":{\"@type\":\"EntryPoint\",\"urlTemplate\":\"https:\\\/\\\/fuentesfidedignas.com.mx\\\/?s={search_term_string}\"},\"query-input\":{\"@type\":\"PropertyValueSpecification\",\"valueRequired\":true,\"valueName\":\"search_term_string\"}}],\"inLanguage\":\"es\"},{\"@type\":\"Organization\",\"@id\":\"https:\\\/\\\/fuentesfidedignas.com.mx\\\/#organization\",\"name\":\"Fuentes Fidedignas\",\"url\":\"https:\\\/\\\/fuentesfidedignas.com.mx\\\/\",\"logo\":{\"@type\":\"ImageObject\",\"inLanguage\":\"es\",\"@id\":\"https:\\\/\\\/fuentesfidedignas.com.mx\\\/#\\\/schema\\\/logo\\\/image\\\/\",\"url\":\"https:\\\/\\\/fuentesfidedignas.com.mx\\\/wp-content\\\/uploads\\\/2021\\\/04\\\/logo-retina.png\",\"contentUrl\":\"https:\\\/\\\/fuentesfidedignas.com.mx\\\/wp-content\\\/uploads\\\/2021\\\/04\\\/logo-retina.png\",\"width\":280,\"height\":51,\"caption\":\"Fuentes Fidedignas\"},\"image\":{\"@id\":\"https:\\\/\\\/fuentesfidedignas.com.mx\\\/#\\\/schema\\\/logo\\\/image\\\/\"},\"sameAs\":[\"https:\\\/\\\/www.facebook.com\\\/Fuentes-Fidedignas-368234489921644\",\"https:\\\/\\\/x.com\\\/fidedignas\"]},{\"@type\":\"Person\",\"@id\":\"https:\\\/\\\/fuentesfidedignas.com.mx\\\/#\\\/schema\\\/person\\\/f030e42657a5a464a8bbd891b1aab6ee\",\"name\":\"Noticieros Televisa\",\"image\":{\"@type\":\"ImageObject\",\"inLanguage\":\"es\",\"@id\":\"https:\\\/\\\/secure.gravatar.com\\\/avatar\\\/0e47b9e785a628831b8fd9eaf15e090e106760a879abbd4a3306f128ef5d43a9?s=96&d=mm&r=g\",\"url\":\"https:\\\/\\\/secure.gravatar.com\\\/avatar\\\/0e47b9e785a628831b8fd9eaf15e090e106760a879abbd4a3306f128ef5d43a9?s=96&d=mm&r=g\",\"contentUrl\":\"https:\\\/\\\/secure.gravatar.com\\\/avatar\\\/0e47b9e785a628831b8fd9eaf15e090e106760a879abbd4a3306f128ef5d43a9?s=96&d=mm&r=g\",\"caption\":\"Noticieros Televisa\"},\"url\":\"https:\\\/\\\/fuentesfidedignas.com.mx\\\/index.php\\\/author\\\/noticieros-televisa\\\/\"}]}<\/script>\n<!-- \/ Yoast SEO plugin. -->","yoast_head_json":{"title":"FED aumenta 0.75% su tasa de inter\u00e9s, por segunda vez consecutiva - Fuentes Fidedignas","robots":{"index":"index","follow":"follow","max-snippet":"max-snippet:-1","max-image-preview":"max-image-preview:large","max-video-preview":"max-video-preview:-1"},"canonical":"https:\/\/fuentesfidedignas.com.mx\/index.php\/2022\/07\/27\/fed-aumenta-0-75-su-tasa-de-interes-por-segunda-vez-consecutiva\/","og_locale":"es_MX","og_type":"article","og_title":"FED aumenta 0.75% su tasa de inter\u00e9s, por segunda vez consecutiva - Fuentes Fidedignas","og_description":"Con este incremento, que es el cuarto desde que la Fed empez\u00f3 a subir los tipos en marzo Estados Unidos. La\u00a0Reserva Federal de Estados Unidos (Fed)\u00a0anunci\u00f3 hoy una subida de su\u00a0tasa de inter\u00e9s\u00a0oficial de 0,75 puntos, la segunda en los \u00faltimos dos meses, para tratar de poner coto a una inflaci\u00f3n desbocada. Con este incremento, [&hellip;]","og_url":"https:\/\/fuentesfidedignas.com.mx\/index.php\/2022\/07\/27\/fed-aumenta-0-75-su-tasa-de-interes-por-segunda-vez-consecutiva\/","og_site_name":"Fuentes Fidedignas","article_publisher":"https:\/\/www.facebook.com\/Fuentes-Fidedignas-368234489921644","article_published_time":"2022-07-27T23:33:20+00:00","article_modified_time":"2022-07-27T23:33:48+00:00","og_image":[{"width":1280,"height":720,"url":"https:\/\/fuentesfidedignas.com.mx\/wp-content\/uploads\/2022\/07\/jerome-powell.jpg","type":"image\/jpeg"}],"author":"Noticieros Televisa","twitter_card":"summary_large_image","twitter_creator":"@fidedignas","twitter_site":"@fidedignas","twitter_misc":{"Escrito por":"Noticieros Televisa","Tiempo de lectura":"2 minutos"},"schema":{"@context":"https:\/\/schema.org","@graph":[{"@type":"Article","@id":"https:\/\/fuentesfidedignas.com.mx\/index.php\/2022\/07\/27\/fed-aumenta-0-75-su-tasa-de-interes-por-segunda-vez-consecutiva\/#article","isPartOf":{"@id":"https:\/\/fuentesfidedignas.com.mx\/index.php\/2022\/07\/27\/fed-aumenta-0-75-su-tasa-de-interes-por-segunda-vez-consecutiva\/"},"author":{"name":"Noticieros Televisa","@id":"https:\/\/fuentesfidedignas.com.mx\/#\/schema\/person\/f030e42657a5a464a8bbd891b1aab6ee"},"headline":"FED aumenta 0.75% su tasa de inter\u00e9s, por segunda vez consecutiva","datePublished":"2022-07-27T23:33:20+00:00","dateModified":"2022-07-27T23:33:48+00:00","mainEntityOfPage":{"@id":"https:\/\/fuentesfidedignas.com.mx\/index.php\/2022\/07\/27\/fed-aumenta-0-75-su-tasa-de-interes-por-segunda-vez-consecutiva\/"},"wordCount":254,"commentCount":0,"publisher":{"@id":"https:\/\/fuentesfidedignas.com.mx\/#organization"},"image":{"@id":"https:\/\/fuentesfidedignas.com.mx\/index.php\/2022\/07\/27\/fed-aumenta-0-75-su-tasa-de-interes-por-segunda-vez-consecutiva\/#primaryimage"},"thumbnailUrl":"https:\/\/fuentesfidedignas.com.mx\/wp-content\/uploads\/2022\/07\/jerome-powell.jpg","articleSection":["NOTICIAS NACIONALES"],"inLanguage":"es","potentialAction":[{"@type":"CommentAction","name":"Comment","target":["https:\/\/fuentesfidedignas.com.mx\/index.php\/2022\/07\/27\/fed-aumenta-0-75-su-tasa-de-interes-por-segunda-vez-consecutiva\/#respond"]}]},{"@type":"WebPage","@id":"https:\/\/fuentesfidedignas.com.mx\/index.php\/2022\/07\/27\/fed-aumenta-0-75-su-tasa-de-interes-por-segunda-vez-consecutiva\/","url":"https:\/\/fuentesfidedignas.com.mx\/index.php\/2022\/07\/27\/fed-aumenta-0-75-su-tasa-de-interes-por-segunda-vez-consecutiva\/","name":"FED aumenta 0.75% su tasa de inter\u00e9s, por segunda vez consecutiva - Fuentes Fidedignas","isPartOf":{"@id":"https:\/\/fuentesfidedignas.com.mx\/#website"},"primaryImageOfPage":{"@id":"https:\/\/fuentesfidedignas.com.mx\/index.php\/2022\/07\/27\/fed-aumenta-0-75-su-tasa-de-interes-por-segunda-vez-consecutiva\/#primaryimage"},"image":{"@id":"https:\/\/fuentesfidedignas.com.mx\/index.php\/2022\/07\/27\/fed-aumenta-0-75-su-tasa-de-interes-por-segunda-vez-consecutiva\/#primaryimage"},"thumbnailUrl":"https:\/\/fuentesfidedignas.com.mx\/wp-content\/uploads\/2022\/07\/jerome-powell.jpg","datePublished":"2022-07-27T23:33:20+00:00","dateModified":"2022-07-27T23:33:48+00:00","breadcrumb":{"@id":"https:\/\/fuentesfidedignas.com.mx\/index.php\/2022\/07\/27\/fed-aumenta-0-75-su-tasa-de-interes-por-segunda-vez-consecutiva\/#breadcrumb"},"inLanguage":"es","potentialAction":[{"@type":"ReadAction","target":["https:\/\/fuentesfidedignas.com.mx\/index.php\/2022\/07\/27\/fed-aumenta-0-75-su-tasa-de-interes-por-segunda-vez-consecutiva\/"]}]},{"@type":"ImageObject","inLanguage":"es","@id":"https:\/\/fuentesfidedignas.com.mx\/index.php\/2022\/07\/27\/fed-aumenta-0-75-su-tasa-de-interes-por-segunda-vez-consecutiva\/#primaryimage","url":"https:\/\/fuentesfidedignas.com.mx\/wp-content\/uploads\/2022\/07\/jerome-powell.jpg","contentUrl":"https:\/\/fuentesfidedignas.com.mx\/wp-content\/uploads\/2022\/07\/jerome-powell.jpg","width":1280,"height":720},{"@type":"BreadcrumbList","@id":"https:\/\/fuentesfidedignas.com.mx\/index.php\/2022\/07\/27\/fed-aumenta-0-75-su-tasa-de-interes-por-segunda-vez-consecutiva\/#breadcrumb","itemListElement":[{"@type":"ListItem","position":1,"name":"Inicio","item":"https:\/\/fuentesfidedignas.com.mx\/"},{"@type":"ListItem","position":2,"name":"FED aumenta 0.75% su tasa de inter\u00e9s, por segunda vez consecutiva"}]},{"@type":"WebSite","@id":"https:\/\/fuentesfidedignas.com.mx\/#website","url":"https:\/\/fuentesfidedignas.com.mx\/","name":"Fuentes Fidedignas","description":"Otro sitio realizado con WordPress","publisher":{"@id":"https:\/\/fuentesfidedignas.com.mx\/#organization"},"potentialAction":[{"@type":"SearchAction","target":{"@type":"EntryPoint","urlTemplate":"https:\/\/fuentesfidedignas.com.mx\/?s={search_term_string}"},"query-input":{"@type":"PropertyValueSpecification","valueRequired":true,"valueName":"search_term_string"}}],"inLanguage":"es"},{"@type":"Organization","@id":"https:\/\/fuentesfidedignas.com.mx\/#organization","name":"Fuentes Fidedignas","url":"https:\/\/fuentesfidedignas.com.mx\/","logo":{"@type":"ImageObject","inLanguage":"es","@id":"https:\/\/fuentesfidedignas.com.mx\/#\/schema\/logo\/image\/","url":"https:\/\/fuentesfidedignas.com.mx\/wp-content\/uploads\/2021\/04\/logo-retina.png","contentUrl":"https:\/\/fuentesfidedignas.com.mx\/wp-content\/uploads\/2021\/04\/logo-retina.png","width":280,"height":51,"caption":"Fuentes Fidedignas"},"image":{"@id":"https:\/\/fuentesfidedignas.com.mx\/#\/schema\/logo\/image\/"},"sameAs":["https:\/\/www.facebook.com\/Fuentes-Fidedignas-368234489921644","https:\/\/x.com\/fidedignas"]},{"@type":"Person","@id":"https:\/\/fuentesfidedignas.com.mx\/#\/schema\/person\/f030e42657a5a464a8bbd891b1aab6ee","name":"Noticieros Televisa","image":{"@type":"ImageObject","inLanguage":"es","@id":"https:\/\/secure.gravatar.com\/avatar\/0e47b9e785a628831b8fd9eaf15e090e106760a879abbd4a3306f128ef5d43a9?s=96&d=mm&r=g","url":"https:\/\/secure.gravatar.com\/avatar\/0e47b9e785a628831b8fd9eaf15e090e106760a879abbd4a3306f128ef5d43a9?s=96&d=mm&r=g","contentUrl":"https:\/\/secure.gravatar.com\/avatar\/0e47b9e785a628831b8fd9eaf15e090e106760a879abbd4a3306f128ef5d43a9?s=96&d=mm&r=g","caption":"Noticieros Televisa"},"url":"https:\/\/fuentesfidedignas.com.mx\/index.php\/author\/noticieros-televisa\/"}]}},"_links":{"self":[{"href":"https:\/\/fuentesfidedignas.com.mx\/index.php\/wp-json\/wp\/v2\/posts\/38410","targetHints":{"allow":["GET"]}}],"collection":[{"href":"https:\/\/fuentesfidedignas.com.mx\/index.php\/wp-json\/wp\/v2\/posts"}],"about":[{"href":"https:\/\/fuentesfidedignas.com.mx\/index.php\/wp-json\/wp\/v2\/types\/post"}],"author":[{"embeddable":true,"href":"https:\/\/fuentesfidedignas.com.mx\/index.php\/wp-json\/wp\/v2\/users\/46"}],"replies":[{"embeddable":true,"href":"https:\/\/fuentesfidedignas.com.mx\/index.php\/wp-json\/wp\/v2\/comments?post=38410"}],"version-history":[{"count":1,"href":"https:\/\/fuentesfidedignas.com.mx\/index.php\/wp-json\/wp\/v2\/posts\/38410\/revisions"}],"predecessor-version":[{"id":38411,"href":"https:\/\/fuentesfidedignas.com.mx\/index.php\/wp-json\/wp\/v2\/posts\/38410\/revisions\/38411"}],"wp:featuredmedia":[{"embeddable":true,"href":"https:\/\/fuentesfidedignas.com.mx\/index.php\/wp-json\/wp\/v2\/media\/38412"}],"wp:attachment":[{"href":"https:\/\/fuentesfidedignas.com.mx\/index.php\/wp-json\/wp\/v2\/media?parent=38410"}],"wp:term":[{"taxonomy":"category","embeddable":true,"href":"https:\/\/fuentesfidedignas.com.mx\/index.php\/wp-json\/wp\/v2\/categories?post=38410"},{"taxonomy":"post_tag","embeddable":true,"href":"https:\/\/fuentesfidedignas.com.mx\/index.php\/wp-json\/wp\/v2\/tags?post=38410"}],"curies":[{"name":"wp","href":"https:\/\/api.w.org\/{rel}","templated":true}]}}