{"id":38336,"date":"2022-07-25T19:04:18","date_gmt":"2022-07-26T01:04:18","guid":{"rendered":"https:\/\/fuentesfidedignas.com.mx\/?p=38336"},"modified":"2022-07-25T19:04:46","modified_gmt":"2022-07-26T01:04:46","slug":"caro-quintero-obtiene-nueva-suspension-contra-extradicion-a-eua","status":"publish","type":"post","link":"https:\/\/fuentesfidedignas.com.mx\/index.php\/2022\/07\/25\/caro-quintero-obtiene-nueva-suspension-contra-extradicion-a-eua\/","title":{"rendered":"Caro Quintero obtiene nueva suspensi\u00f3n contra extradici\u00f3n a EUA"},"content":{"rendered":"\n<p><br><strong><em>El juez primero de Distrito en Materia de Amparo del Estado de M\u00e9xico le notific\u00f3 al detenido que debe de confirmar si ratifica o no la nueva demanda<\/em><\/strong> <\/p>\n\n\n\n<p>Estado de M\u00e9xico. <a href=\"https:\/\/noticieros.televisa.com\/historia\/quien-es-rafael-caro-quintero-el-narco-mas-buscado-por-eeuu\/\"><strong>Rafael Caro Quintero<\/strong><\/a>, fundador del C\u00e1rtel de Guadalajara, detenido el pasado 15 de julio en\u00a0<strong>Sinaloa<\/strong>\u00a0y quien se encuentra en la prisi\u00f3n federal de \u201cEl Altiplano\u201d, obtuvo una nueva suspensi\u00f3n en contra de una posible\u00a0<strong>extradici\u00f3n a Estados Unidos.<\/strong><\/p>\n\n\n\n<p>Sin embargo, el juez primero de Distrito en Materia de Amparo del Estado de M\u00e9xico le notific\u00f3 al detenido que debe de confirmar si ratifica o no la nueva demanda promovida por quien dijo llamarse<strong>&nbsp;Juan Francisco Rodr\u00edguez Smith Macdonald.<\/strong>https:\/\/d-28497588482551493707.ampproject.net\/2207071723000\/frame.html<\/p>\n\n\n\n<p>La demanda de&nbsp;<strong>amparo<\/strong>&nbsp;fue presentada el pasado viernes 22 de julio.<\/p>\n\n\n\n<p>El presunto abogado de Rafael \u201cN\u201d argument\u00f3 presuntas violaciones a 2 art\u00edculos de la constituci\u00f3n, por actos privativos de la libertad y contra la orden de aprehensi\u00f3n con fines de extradici\u00f3n e incomunicaci\u00f3n.<\/p>\n\n\n\n<p>Este ser\u00eda el tercer\u00a0<strong>amparo<\/strong>\u00a0que se interpone a favor de\u00a0<strong>Rafael Caro Quintero.<\/strong><\/p>\n\n\n\n<p>Los dos primeros se presentaron el s\u00e1bado 16 de julio, un d\u00eda despu\u00e9s de que fuera detenido por las fuerzas federales en Sinaloa.<\/p>\n\n\n\n<p>El primer amparo era para saber si\u00a0<strong>Rafael Caro Quintero<\/strong>\u00a0se encontraba detenido y no fuera incomunicado.<\/p>\n\n\n\n<p>El segundo, presentado por quien dijo llamarse Beatriz Ang\u00e9lica Caro Quintero, presunta hermana del detenido, fue ante una posible orden de extradici\u00f3n, sin que antes se realizara el juicio de extradici\u00f3n correspondiente.<\/p>\n\n\n\n<p>En un principio, este amparo fue presentado ante un juez federal en Puente Grande, Jalisco, el cual&nbsp;<a href=\"https:\/\/noticieros.televisa.com\/ultimas-noticias\/juez-de-jalisco-se-declara-incompetente-para-conocer-amparo-de-caro-quintero-contra-extradicion-a-eua\/\"><strong>se declar\u00f3 incompetente<\/strong><\/a>, por razones de territorialidad y turn\u00f3 la demanda a un juez de amparo en el Estado de M\u00e9xico.<\/p>\n\n\n\n<p>En la resoluci\u00f3n de este lunes, no se fija una fecha para que\u00a0<strong>Rafael Caro Quintero<\/strong>, sentenciado a 48 a\u00f1os por el secuestro, tortura y homicidio, en 1985, del agente de la DEA Enrique Camarena Salazar, confirme si est\u00e1 de acuerdo en ratificar o no, la nueva demanda de amparo.<\/p>\n\n\n\n<p><\/p>\n","protected":false},"excerpt":{"rendered":"<p>El juez primero de Distrito en Materia de Amparo del Estado de M\u00e9xico le notific\u00f3 al detenido que debe de confirmar si ratifica o no la nueva demanda Estado de M\u00e9xico. Rafael Caro Quintero, fundador del C\u00e1rtel de Guadalajara, detenido el pasado 15 de julio en\u00a0Sinaloa\u00a0y quien se encuentra en la prisi\u00f3n federal de \u201cEl [&hellip;]<\/p>\n","protected":false},"author":46,"featured_media":38338,"comment_status":"open","ping_status":"open","sticky":false,"template":"","format":"standard","meta":{"tdm_status":"","tdm_grid_status":"","footnotes":""},"categories":[39],"tags":[],"class_list":{"0":"post-38336","1":"post","2":"type-post","3":"status-publish","4":"format-standard","5":"has-post-thumbnail","7":"category-noticias-nacionales"},"yoast_head":"<!-- This site is optimized with the Yoast SEO plugin v27.5 - https:\/\/yoast.com\/product\/yoast-seo-wordpress\/ -->\n<title>Caro Quintero obtiene nueva suspensi\u00f3n contra extradici\u00f3n a EUA - Fuentes Fidedignas<\/title>\n<meta name=\"robots\" content=\"index, follow, max-snippet:-1, max-image-preview:large, max-video-preview:-1\" \/>\n<link rel=\"canonical\" href=\"https:\/\/fuentesfidedignas.com.mx\/index.php\/2022\/07\/25\/caro-quintero-obtiene-nueva-suspension-contra-extradicion-a-eua\/\" \/>\n<meta property=\"og:locale\" content=\"es_MX\" \/>\n<meta property=\"og:type\" content=\"article\" \/>\n<meta property=\"og:title\" content=\"Caro Quintero obtiene nueva suspensi\u00f3n contra extradici\u00f3n a EUA - Fuentes Fidedignas\" \/>\n<meta property=\"og:description\" content=\"El juez primero de Distrito en Materia de Amparo del Estado de M\u00e9xico le notific\u00f3 al detenido que debe de confirmar si ratifica o no la nueva demanda Estado de M\u00e9xico. Rafael Caro Quintero, fundador del C\u00e1rtel de Guadalajara, detenido el pasado 15 de julio en\u00a0Sinaloa\u00a0y quien se encuentra en la prisi\u00f3n federal de \u201cEl [&hellip;]\" \/>\n<meta property=\"og:url\" content=\"https:\/\/fuentesfidedignas.com.mx\/index.php\/2022\/07\/25\/caro-quintero-obtiene-nueva-suspension-contra-extradicion-a-eua\/\" \/>\n<meta property=\"og:site_name\" content=\"Fuentes Fidedignas\" \/>\n<meta property=\"article:publisher\" content=\"https:\/\/www.facebook.com\/Fuentes-Fidedignas-368234489921644\" \/>\n<meta property=\"article:published_time\" content=\"2022-07-26T01:04:18+00:00\" \/>\n<meta property=\"article:modified_time\" content=\"2022-07-26T01:04:46+00:00\" \/>\n<meta property=\"og:image\" content=\"https:\/\/fuentesfidedignas.com.mx\/wp-content\/uploads\/2022\/07\/detencion-caro-quintero-reuters.jpg\" \/>\n\t<meta property=\"og:image:width\" content=\"1280\" \/>\n\t<meta property=\"og:image:height\" content=\"720\" \/>\n\t<meta property=\"og:image:type\" content=\"image\/jpeg\" \/>\n<meta name=\"author\" content=\"Noticieros Televisa\" \/>\n<meta name=\"twitter:card\" content=\"summary_large_image\" \/>\n<meta name=\"twitter:creator\" content=\"@fidedignas\" \/>\n<meta name=\"twitter:site\" content=\"@fidedignas\" \/>\n<meta name=\"twitter:label1\" content=\"Escrito por\" \/>\n\t<meta name=\"twitter:data1\" content=\"Noticieros Televisa\" \/>\n\t<meta name=\"twitter:label2\" content=\"Tiempo de lectura\" \/>\n\t<meta name=\"twitter:data2\" content=\"2 minutos\" \/>\n<script type=\"application\/ld+json\" class=\"yoast-schema-graph\">{\"@context\":\"https:\\\/\\\/schema.org\",\"@graph\":[{\"@type\":\"Article\",\"@id\":\"https:\\\/\\\/fuentesfidedignas.com.mx\\\/index.php\\\/2022\\\/07\\\/25\\\/caro-quintero-obtiene-nueva-suspension-contra-extradicion-a-eua\\\/#article\",\"isPartOf\":{\"@id\":\"https:\\\/\\\/fuentesfidedignas.com.mx\\\/index.php\\\/2022\\\/07\\\/25\\\/caro-quintero-obtiene-nueva-suspension-contra-extradicion-a-eua\\\/\"},\"author\":{\"name\":\"Noticieros Televisa\",\"@id\":\"https:\\\/\\\/fuentesfidedignas.com.mx\\\/#\\\/schema\\\/person\\\/f030e42657a5a464a8bbd891b1aab6ee\"},\"headline\":\"Caro Quintero obtiene nueva suspensi\u00f3n contra extradici\u00f3n a EUA\",\"datePublished\":\"2022-07-26T01:04:18+00:00\",\"dateModified\":\"2022-07-26T01:04:46+00:00\",\"mainEntityOfPage\":{\"@id\":\"https:\\\/\\\/fuentesfidedignas.com.mx\\\/index.php\\\/2022\\\/07\\\/25\\\/caro-quintero-obtiene-nueva-suspension-contra-extradicion-a-eua\\\/\"},\"wordCount\":368,\"commentCount\":0,\"publisher\":{\"@id\":\"https:\\\/\\\/fuentesfidedignas.com.mx\\\/#organization\"},\"image\":{\"@id\":\"https:\\\/\\\/fuentesfidedignas.com.mx\\\/index.php\\\/2022\\\/07\\\/25\\\/caro-quintero-obtiene-nueva-suspension-contra-extradicion-a-eua\\\/#primaryimage\"},\"thumbnailUrl\":\"https:\\\/\\\/fuentesfidedignas.com.mx\\\/wp-content\\\/uploads\\\/2022\\\/07\\\/detencion-caro-quintero-reuters.jpg\",\"articleSection\":[\"NOTICIAS NACIONALES\"],\"inLanguage\":\"es\",\"potentialAction\":[{\"@type\":\"CommentAction\",\"name\":\"Comment\",\"target\":[\"https:\\\/\\\/fuentesfidedignas.com.mx\\\/index.php\\\/2022\\\/07\\\/25\\\/caro-quintero-obtiene-nueva-suspension-contra-extradicion-a-eua\\\/#respond\"]}]},{\"@type\":\"WebPage\",\"@id\":\"https:\\\/\\\/fuentesfidedignas.com.mx\\\/index.php\\\/2022\\\/07\\\/25\\\/caro-quintero-obtiene-nueva-suspension-contra-extradicion-a-eua\\\/\",\"url\":\"https:\\\/\\\/fuentesfidedignas.com.mx\\\/index.php\\\/2022\\\/07\\\/25\\\/caro-quintero-obtiene-nueva-suspension-contra-extradicion-a-eua\\\/\",\"name\":\"Caro Quintero obtiene nueva suspensi\u00f3n contra extradici\u00f3n a EUA - Fuentes Fidedignas\",\"isPartOf\":{\"@id\":\"https:\\\/\\\/fuentesfidedignas.com.mx\\\/#website\"},\"primaryImageOfPage\":{\"@id\":\"https:\\\/\\\/fuentesfidedignas.com.mx\\\/index.php\\\/2022\\\/07\\\/25\\\/caro-quintero-obtiene-nueva-suspension-contra-extradicion-a-eua\\\/#primaryimage\"},\"image\":{\"@id\":\"https:\\\/\\\/fuentesfidedignas.com.mx\\\/index.php\\\/2022\\\/07\\\/25\\\/caro-quintero-obtiene-nueva-suspension-contra-extradicion-a-eua\\\/#primaryimage\"},\"thumbnailUrl\":\"https:\\\/\\\/fuentesfidedignas.com.mx\\\/wp-content\\\/uploads\\\/2022\\\/07\\\/detencion-caro-quintero-reuters.jpg\",\"datePublished\":\"2022-07-26T01:04:18+00:00\",\"dateModified\":\"2022-07-26T01:04:46+00:00\",\"breadcrumb\":{\"@id\":\"https:\\\/\\\/fuentesfidedignas.com.mx\\\/index.php\\\/2022\\\/07\\\/25\\\/caro-quintero-obtiene-nueva-suspension-contra-extradicion-a-eua\\\/#breadcrumb\"},\"inLanguage\":\"es\",\"potentialAction\":[{\"@type\":\"ReadAction\",\"target\":[\"https:\\\/\\\/fuentesfidedignas.com.mx\\\/index.php\\\/2022\\\/07\\\/25\\\/caro-quintero-obtiene-nueva-suspension-contra-extradicion-a-eua\\\/\"]}]},{\"@type\":\"ImageObject\",\"inLanguage\":\"es\",\"@id\":\"https:\\\/\\\/fuentesfidedignas.com.mx\\\/index.php\\\/2022\\\/07\\\/25\\\/caro-quintero-obtiene-nueva-suspension-contra-extradicion-a-eua\\\/#primaryimage\",\"url\":\"https:\\\/\\\/fuentesfidedignas.com.mx\\\/wp-content\\\/uploads\\\/2022\\\/07\\\/detencion-caro-quintero-reuters.jpg\",\"contentUrl\":\"https:\\\/\\\/fuentesfidedignas.com.mx\\\/wp-content\\\/uploads\\\/2022\\\/07\\\/detencion-caro-quintero-reuters.jpg\",\"width\":1280,\"height\":720},{\"@type\":\"BreadcrumbList\",\"@id\":\"https:\\\/\\\/fuentesfidedignas.com.mx\\\/index.php\\\/2022\\\/07\\\/25\\\/caro-quintero-obtiene-nueva-suspension-contra-extradicion-a-eua\\\/#breadcrumb\",\"itemListElement\":[{\"@type\":\"ListItem\",\"position\":1,\"name\":\"Inicio\",\"item\":\"https:\\\/\\\/fuentesfidedignas.com.mx\\\/\"},{\"@type\":\"ListItem\",\"position\":2,\"name\":\"Caro Quintero obtiene nueva suspensi\u00f3n contra extradici\u00f3n a EUA\"}]},{\"@type\":\"WebSite\",\"@id\":\"https:\\\/\\\/fuentesfidedignas.com.mx\\\/#website\",\"url\":\"https:\\\/\\\/fuentesfidedignas.com.mx\\\/\",\"name\":\"Fuentes Fidedignas\",\"description\":\"Otro sitio realizado con WordPress\",\"publisher\":{\"@id\":\"https:\\\/\\\/fuentesfidedignas.com.mx\\\/#organization\"},\"potentialAction\":[{\"@type\":\"SearchAction\",\"target\":{\"@type\":\"EntryPoint\",\"urlTemplate\":\"https:\\\/\\\/fuentesfidedignas.com.mx\\\/?s={search_term_string}\"},\"query-input\":{\"@type\":\"PropertyValueSpecification\",\"valueRequired\":true,\"valueName\":\"search_term_string\"}}],\"inLanguage\":\"es\"},{\"@type\":\"Organization\",\"@id\":\"https:\\\/\\\/fuentesfidedignas.com.mx\\\/#organization\",\"name\":\"Fuentes Fidedignas\",\"url\":\"https:\\\/\\\/fuentesfidedignas.com.mx\\\/\",\"logo\":{\"@type\":\"ImageObject\",\"inLanguage\":\"es\",\"@id\":\"https:\\\/\\\/fuentesfidedignas.com.mx\\\/#\\\/schema\\\/logo\\\/image\\\/\",\"url\":\"https:\\\/\\\/fuentesfidedignas.com.mx\\\/wp-content\\\/uploads\\\/2021\\\/04\\\/logo-retina.png\",\"contentUrl\":\"https:\\\/\\\/fuentesfidedignas.com.mx\\\/wp-content\\\/uploads\\\/2021\\\/04\\\/logo-retina.png\",\"width\":280,\"height\":51,\"caption\":\"Fuentes Fidedignas\"},\"image\":{\"@id\":\"https:\\\/\\\/fuentesfidedignas.com.mx\\\/#\\\/schema\\\/logo\\\/image\\\/\"},\"sameAs\":[\"https:\\\/\\\/www.facebook.com\\\/Fuentes-Fidedignas-368234489921644\",\"https:\\\/\\\/x.com\\\/fidedignas\"]},{\"@type\":\"Person\",\"@id\":\"https:\\\/\\\/fuentesfidedignas.com.mx\\\/#\\\/schema\\\/person\\\/f030e42657a5a464a8bbd891b1aab6ee\",\"name\":\"Noticieros Televisa\",\"image\":{\"@type\":\"ImageObject\",\"inLanguage\":\"es\",\"@id\":\"https:\\\/\\\/secure.gravatar.com\\\/avatar\\\/0e47b9e785a628831b8fd9eaf15e090e106760a879abbd4a3306f128ef5d43a9?s=96&d=mm&r=g\",\"url\":\"https:\\\/\\\/secure.gravatar.com\\\/avatar\\\/0e47b9e785a628831b8fd9eaf15e090e106760a879abbd4a3306f128ef5d43a9?s=96&d=mm&r=g\",\"contentUrl\":\"https:\\\/\\\/secure.gravatar.com\\\/avatar\\\/0e47b9e785a628831b8fd9eaf15e090e106760a879abbd4a3306f128ef5d43a9?s=96&d=mm&r=g\",\"caption\":\"Noticieros Televisa\"},\"url\":\"https:\\\/\\\/fuentesfidedignas.com.mx\\\/index.php\\\/author\\\/noticieros-televisa\\\/\"}]}<\/script>\n<!-- \/ Yoast SEO plugin. -->","yoast_head_json":{"title":"Caro Quintero obtiene nueva suspensi\u00f3n contra extradici\u00f3n a EUA - Fuentes Fidedignas","robots":{"index":"index","follow":"follow","max-snippet":"max-snippet:-1","max-image-preview":"max-image-preview:large","max-video-preview":"max-video-preview:-1"},"canonical":"https:\/\/fuentesfidedignas.com.mx\/index.php\/2022\/07\/25\/caro-quintero-obtiene-nueva-suspension-contra-extradicion-a-eua\/","og_locale":"es_MX","og_type":"article","og_title":"Caro Quintero obtiene nueva suspensi\u00f3n contra extradici\u00f3n a EUA - Fuentes Fidedignas","og_description":"El juez primero de Distrito en Materia de Amparo del Estado de M\u00e9xico le notific\u00f3 al detenido que debe de confirmar si ratifica o no la nueva demanda Estado de M\u00e9xico. Rafael Caro Quintero, fundador del C\u00e1rtel de Guadalajara, detenido el pasado 15 de julio en\u00a0Sinaloa\u00a0y quien se encuentra en la prisi\u00f3n federal de \u201cEl [&hellip;]","og_url":"https:\/\/fuentesfidedignas.com.mx\/index.php\/2022\/07\/25\/caro-quintero-obtiene-nueva-suspension-contra-extradicion-a-eua\/","og_site_name":"Fuentes Fidedignas","article_publisher":"https:\/\/www.facebook.com\/Fuentes-Fidedignas-368234489921644","article_published_time":"2022-07-26T01:04:18+00:00","article_modified_time":"2022-07-26T01:04:46+00:00","og_image":[{"width":1280,"height":720,"url":"https:\/\/fuentesfidedignas.com.mx\/wp-content\/uploads\/2022\/07\/detencion-caro-quintero-reuters.jpg","type":"image\/jpeg"}],"author":"Noticieros Televisa","twitter_card":"summary_large_image","twitter_creator":"@fidedignas","twitter_site":"@fidedignas","twitter_misc":{"Escrito por":"Noticieros Televisa","Tiempo de lectura":"2 minutos"},"schema":{"@context":"https:\/\/schema.org","@graph":[{"@type":"Article","@id":"https:\/\/fuentesfidedignas.com.mx\/index.php\/2022\/07\/25\/caro-quintero-obtiene-nueva-suspension-contra-extradicion-a-eua\/#article","isPartOf":{"@id":"https:\/\/fuentesfidedignas.com.mx\/index.php\/2022\/07\/25\/caro-quintero-obtiene-nueva-suspension-contra-extradicion-a-eua\/"},"author":{"name":"Noticieros Televisa","@id":"https:\/\/fuentesfidedignas.com.mx\/#\/schema\/person\/f030e42657a5a464a8bbd891b1aab6ee"},"headline":"Caro Quintero obtiene nueva suspensi\u00f3n contra extradici\u00f3n a EUA","datePublished":"2022-07-26T01:04:18+00:00","dateModified":"2022-07-26T01:04:46+00:00","mainEntityOfPage":{"@id":"https:\/\/fuentesfidedignas.com.mx\/index.php\/2022\/07\/25\/caro-quintero-obtiene-nueva-suspension-contra-extradicion-a-eua\/"},"wordCount":368,"commentCount":0,"publisher":{"@id":"https:\/\/fuentesfidedignas.com.mx\/#organization"},"image":{"@id":"https:\/\/fuentesfidedignas.com.mx\/index.php\/2022\/07\/25\/caro-quintero-obtiene-nueva-suspension-contra-extradicion-a-eua\/#primaryimage"},"thumbnailUrl":"https:\/\/fuentesfidedignas.com.mx\/wp-content\/uploads\/2022\/07\/detencion-caro-quintero-reuters.jpg","articleSection":["NOTICIAS NACIONALES"],"inLanguage":"es","potentialAction":[{"@type":"CommentAction","name":"Comment","target":["https:\/\/fuentesfidedignas.com.mx\/index.php\/2022\/07\/25\/caro-quintero-obtiene-nueva-suspension-contra-extradicion-a-eua\/#respond"]}]},{"@type":"WebPage","@id":"https:\/\/fuentesfidedignas.com.mx\/index.php\/2022\/07\/25\/caro-quintero-obtiene-nueva-suspension-contra-extradicion-a-eua\/","url":"https:\/\/fuentesfidedignas.com.mx\/index.php\/2022\/07\/25\/caro-quintero-obtiene-nueva-suspension-contra-extradicion-a-eua\/","name":"Caro Quintero obtiene nueva suspensi\u00f3n contra extradici\u00f3n a EUA - Fuentes Fidedignas","isPartOf":{"@id":"https:\/\/fuentesfidedignas.com.mx\/#website"},"primaryImageOfPage":{"@id":"https:\/\/fuentesfidedignas.com.mx\/index.php\/2022\/07\/25\/caro-quintero-obtiene-nueva-suspension-contra-extradicion-a-eua\/#primaryimage"},"image":{"@id":"https:\/\/fuentesfidedignas.com.mx\/index.php\/2022\/07\/25\/caro-quintero-obtiene-nueva-suspension-contra-extradicion-a-eua\/#primaryimage"},"thumbnailUrl":"https:\/\/fuentesfidedignas.com.mx\/wp-content\/uploads\/2022\/07\/detencion-caro-quintero-reuters.jpg","datePublished":"2022-07-26T01:04:18+00:00","dateModified":"2022-07-26T01:04:46+00:00","breadcrumb":{"@id":"https:\/\/fuentesfidedignas.com.mx\/index.php\/2022\/07\/25\/caro-quintero-obtiene-nueva-suspension-contra-extradicion-a-eua\/#breadcrumb"},"inLanguage":"es","potentialAction":[{"@type":"ReadAction","target":["https:\/\/fuentesfidedignas.com.mx\/index.php\/2022\/07\/25\/caro-quintero-obtiene-nueva-suspension-contra-extradicion-a-eua\/"]}]},{"@type":"ImageObject","inLanguage":"es","@id":"https:\/\/fuentesfidedignas.com.mx\/index.php\/2022\/07\/25\/caro-quintero-obtiene-nueva-suspension-contra-extradicion-a-eua\/#primaryimage","url":"https:\/\/fuentesfidedignas.com.mx\/wp-content\/uploads\/2022\/07\/detencion-caro-quintero-reuters.jpg","contentUrl":"https:\/\/fuentesfidedignas.com.mx\/wp-content\/uploads\/2022\/07\/detencion-caro-quintero-reuters.jpg","width":1280,"height":720},{"@type":"BreadcrumbList","@id":"https:\/\/fuentesfidedignas.com.mx\/index.php\/2022\/07\/25\/caro-quintero-obtiene-nueva-suspension-contra-extradicion-a-eua\/#breadcrumb","itemListElement":[{"@type":"ListItem","position":1,"name":"Inicio","item":"https:\/\/fuentesfidedignas.com.mx\/"},{"@type":"ListItem","position":2,"name":"Caro Quintero obtiene nueva suspensi\u00f3n contra extradici\u00f3n a EUA"}]},{"@type":"WebSite","@id":"https:\/\/fuentesfidedignas.com.mx\/#website","url":"https:\/\/fuentesfidedignas.com.mx\/","name":"Fuentes Fidedignas","description":"Otro sitio realizado con WordPress","publisher":{"@id":"https:\/\/fuentesfidedignas.com.mx\/#organization"},"potentialAction":[{"@type":"SearchAction","target":{"@type":"EntryPoint","urlTemplate":"https:\/\/fuentesfidedignas.com.mx\/?s={search_term_string}"},"query-input":{"@type":"PropertyValueSpecification","valueRequired":true,"valueName":"search_term_string"}}],"inLanguage":"es"},{"@type":"Organization","@id":"https:\/\/fuentesfidedignas.com.mx\/#organization","name":"Fuentes Fidedignas","url":"https:\/\/fuentesfidedignas.com.mx\/","logo":{"@type":"ImageObject","inLanguage":"es","@id":"https:\/\/fuentesfidedignas.com.mx\/#\/schema\/logo\/image\/","url":"https:\/\/fuentesfidedignas.com.mx\/wp-content\/uploads\/2021\/04\/logo-retina.png","contentUrl":"https:\/\/fuentesfidedignas.com.mx\/wp-content\/uploads\/2021\/04\/logo-retina.png","width":280,"height":51,"caption":"Fuentes Fidedignas"},"image":{"@id":"https:\/\/fuentesfidedignas.com.mx\/#\/schema\/logo\/image\/"},"sameAs":["https:\/\/www.facebook.com\/Fuentes-Fidedignas-368234489921644","https:\/\/x.com\/fidedignas"]},{"@type":"Person","@id":"https:\/\/fuentesfidedignas.com.mx\/#\/schema\/person\/f030e42657a5a464a8bbd891b1aab6ee","name":"Noticieros Televisa","image":{"@type":"ImageObject","inLanguage":"es","@id":"https:\/\/secure.gravatar.com\/avatar\/0e47b9e785a628831b8fd9eaf15e090e106760a879abbd4a3306f128ef5d43a9?s=96&d=mm&r=g","url":"https:\/\/secure.gravatar.com\/avatar\/0e47b9e785a628831b8fd9eaf15e090e106760a879abbd4a3306f128ef5d43a9?s=96&d=mm&r=g","contentUrl":"https:\/\/secure.gravatar.com\/avatar\/0e47b9e785a628831b8fd9eaf15e090e106760a879abbd4a3306f128ef5d43a9?s=96&d=mm&r=g","caption":"Noticieros Televisa"},"url":"https:\/\/fuentesfidedignas.com.mx\/index.php\/author\/noticieros-televisa\/"}]}},"_links":{"self":[{"href":"https:\/\/fuentesfidedignas.com.mx\/index.php\/wp-json\/wp\/v2\/posts\/38336","targetHints":{"allow":["GET"]}}],"collection":[{"href":"https:\/\/fuentesfidedignas.com.mx\/index.php\/wp-json\/wp\/v2\/posts"}],"about":[{"href":"https:\/\/fuentesfidedignas.com.mx\/index.php\/wp-json\/wp\/v2\/types\/post"}],"author":[{"embeddable":true,"href":"https:\/\/fuentesfidedignas.com.mx\/index.php\/wp-json\/wp\/v2\/users\/46"}],"replies":[{"embeddable":true,"href":"https:\/\/fuentesfidedignas.com.mx\/index.php\/wp-json\/wp\/v2\/comments?post=38336"}],"version-history":[{"count":1,"href":"https:\/\/fuentesfidedignas.com.mx\/index.php\/wp-json\/wp\/v2\/posts\/38336\/revisions"}],"predecessor-version":[{"id":38337,"href":"https:\/\/fuentesfidedignas.com.mx\/index.php\/wp-json\/wp\/v2\/posts\/38336\/revisions\/38337"}],"wp:featuredmedia":[{"embeddable":true,"href":"https:\/\/fuentesfidedignas.com.mx\/index.php\/wp-json\/wp\/v2\/media\/38338"}],"wp:attachment":[{"href":"https:\/\/fuentesfidedignas.com.mx\/index.php\/wp-json\/wp\/v2\/media?parent=38336"}],"wp:term":[{"taxonomy":"category","embeddable":true,"href":"https:\/\/fuentesfidedignas.com.mx\/index.php\/wp-json\/wp\/v2\/categories?post=38336"},{"taxonomy":"post_tag","embeddable":true,"href":"https:\/\/fuentesfidedignas.com.mx\/index.php\/wp-json\/wp\/v2\/tags?post=38336"}],"curies":[{"name":"wp","href":"https:\/\/api.w.org\/{rel}","templated":true}]}}