{"id":3833,"date":"2021-06-02T12:27:15","date_gmt":"2021-06-02T19:27:15","guid":{"rendered":"https:\/\/fuentesfidedignas.com.mx\/?p=3833"},"modified":"2021-06-02T12:27:17","modified_gmt":"2021-06-02T19:27:17","slug":"se-suma-siria-quinonez-al-proyecto-politico-de-faustino-hernandez","status":"publish","type":"post","link":"https:\/\/fuentesfidedignas.com.mx\/index.php\/2021\/06\/02\/se-suma-siria-quinonez-al-proyecto-politico-de-faustino-hernandez\/","title":{"rendered":"Se suma Siria Qui\u00f1\u00f3nez, al proyecto pol\u00edtico de Faustino Hern\u00e1ndez"},"content":{"rendered":"\n<p><strong><em>Con esta adhesi\u00f3n se reafirma su convicci\u00f3n de que el triunfo es inminente este pr\u00f3ximo domingo 6 de junio, asegur\u00f3 el candidato<\/em><\/strong><\/p>\n\n\n\n<p>Culiac\u00e1n, Sin. Cada vez son m\u00e1s las voluntades que se suman a la candidatura de Faustino Hern\u00e1ndez \u00c1lvarez para desterrar el mal gobierno que quiere prevalecer en Culiac\u00e1n. En esta ocasi\u00f3n le toc\u00f3 a la candidata de Fuerza por M\u00e9xico, Siria Qui\u00f1\u00f3nez.<\/p>\n\n\n\n<p>En conferencia de prensa, el candidato del PRI, PAN y PRD a la alcald\u00eda de Culiac\u00e1n manifest\u00f3 que con la adhesi\u00f3n de la candidata y empresaria con gran liderazgo se reafirma su convicci\u00f3n de que el triunfo es inminente este pr\u00f3ximo domingo 6 de junio.<\/p>\n\n\n\n<p>Faustino Hern\u00e1ndez, destac\u00f3 que \u201cEs para m\u00ed motivo de una enorme satisfacci\u00f3n, que el d\u00eda de hoy Siria Qui\u00f1onez se sume al proyecto de rescatar a Culiac\u00e1n, del mal gobierno que ahora padecemos. Muchas gracias Siria, y vamos juntos a rescatar a Culiac\u00e1n&#8221;.<\/p>\n\n\n\n<p>\u201cSi desde hace d\u00edas vislumbramos ya el triunfo, con el respaldo de Siria Qui\u00f1onez, con su gran liderazgo, se reafirma nuestra convicci\u00f3n y certeza, de que vamos a ganar\u201d, enfatiz\u00f3.<\/p>\n\n\n\n<p>Destac\u00f3 que este apoyo a su candidatura es uno de los mejores ejemplos de su voluntad para encabezar con el apoyo de los culiacanenses un gobierno municipal plural e incluyente, donde todas las voces sean escuchadas y todas las expresiones tengan cabida.<\/p>\n\n\n\n<p>\u201cLa feliz convergencia que hoy hacemos del conocimiento p\u00fablico, deriva de que Siria y yo compartimos una misma visi\u00f3n y un mismo objetivo: queremos trabajar conjuntamente para tener un mejor Culiac\u00e1n, para la presente y futuras generaciones&#8221;.<\/p>\n\n\n\n<p>\u201cYo quiero decirle a Siria Qui\u00f1onez, que valoro enormemente su decisi\u00f3n, su compromiso con Culiac\u00e1n y su respaldo generoso, que mucho nos motiva y nos fortalece. Tambi\u00e9n le digo a Siria, que hago m\u00edas sus propuestas de convertir a Culiac\u00e1n en capital del emprendimiento, y en un municipio que brinde m\u00e1s y mejores oportunidades a las mujeres\u201d, se\u00f1al\u00f3.<\/p>\n\n\n\n<p>\u201cNo tenemos la menor duda que vamos a ganar, porque hemos trabajado muy fuerte, y porque as\u00ed nos lo dice la gente en las sindicaturas, en los fraccionamientos y en las colonias populares&#8221;.<\/p>\n\n\n\n<p>Por su parte, Siria Qui\u00f1\u00f3nez agradeci\u00f3 al partido Fuerza por M\u00e9xico su atenci\u00f3n por otorgarle esta oportunidad, pero consider\u00f3 que es necesario sumar el voto \u00fatil a favor de la candidatura de Faustino Hern\u00e1ndez, donde hay tantas coincidencias en busca del bienestar de Culiac\u00e1n.<\/p>\n\n\n\n<p>En tal sentido, invit\u00f3 a todos los simpatizantes y militantes que la han apoyado a sumarse a este proyecto pol\u00edtico que busca rescatar a Culiac\u00e1n del mal gobierno, olvido y desd\u00e9n en que tiene sumida a toda la ciudadan\u00eda, y de manera destacada a los empresarios, mujeres y j\u00f3venes.<\/p>\n\n\n\n<p>\u201cQuiero decirles que no existe ning\u00fan tipo de problem\u00e1tica con el Partido Fuerza por M\u00e9xico, yo cumpl\u00ed en todo momento, sin embargo, he estado en comunicaci\u00f3n y tambi\u00e9n en reuniones con el gremio empresarial, donde me han dicho que es importante que sumemos los esfuerzos para sacar adelante a Culiac\u00e1n en el tema de reactivaci\u00f3n econ\u00f3mica&#8221;.<\/p>\n\n\n\n<p>\u201cAl hacer una revisi\u00f3n de los candidatos, de ver con qui\u00e9n pod\u00edamos jugar en equipo, de sumar, vimos que con el proyecto de Faustino Hern\u00e1ndez compartimos el mismo sentimiento de ser un gobierno facilitador, de ser un gobierno que le d\u00e9 mayor participaci\u00f3n a las mujeres&#8221;.<\/p>\n","protected":false},"excerpt":{"rendered":"<p>Con esta adhesi\u00f3n se reafirma su convicci\u00f3n de que el triunfo es inminente este pr\u00f3ximo domingo 6 de junio, asegur\u00f3 el candidato Culiac\u00e1n, Sin. Cada vez son m\u00e1s las voluntades que se suman a la candidatura de Faustino Hern\u00e1ndez \u00c1lvarez para desterrar el mal gobierno que quiere prevalecer en Culiac\u00e1n. En esta ocasi\u00f3n le toc\u00f3 [&hellip;]<\/p>\n","protected":false},"author":4,"featured_media":3834,"comment_status":"open","ping_status":"open","sticky":false,"template":"","format":"standard","meta":{"tdm_status":"","tdm_grid_status":"","footnotes":""},"categories":[37],"tags":[],"class_list":{"0":"post-3833","1":"post","2":"type-post","3":"status-publish","4":"format-standard","5":"has-post-thumbnail","7":"category-nota-principal"},"yoast_head":"<!-- This site is optimized with the Yoast SEO plugin v27.5 - https:\/\/yoast.com\/product\/yoast-seo-wordpress\/ -->\n<title>Se suma Siria Qui\u00f1\u00f3nez, al proyecto pol\u00edtico de Faustino Hern\u00e1ndez - Fuentes Fidedignas<\/title>\n<meta name=\"robots\" content=\"index, follow, max-snippet:-1, max-image-preview:large, max-video-preview:-1\" \/>\n<link rel=\"canonical\" href=\"https:\/\/fuentesfidedignas.com.mx\/index.php\/2021\/06\/02\/se-suma-siria-quinonez-al-proyecto-politico-de-faustino-hernandez\/\" \/>\n<meta property=\"og:locale\" content=\"es_MX\" \/>\n<meta property=\"og:type\" content=\"article\" \/>\n<meta property=\"og:title\" content=\"Se suma Siria Qui\u00f1\u00f3nez, al proyecto pol\u00edtico de Faustino Hern\u00e1ndez - Fuentes Fidedignas\" \/>\n<meta property=\"og:description\" content=\"Con esta adhesi\u00f3n se reafirma su convicci\u00f3n de que el triunfo es inminente este pr\u00f3ximo domingo 6 de junio, asegur\u00f3 el candidato Culiac\u00e1n, Sin. Cada vez son m\u00e1s las voluntades que se suman a la candidatura de Faustino Hern\u00e1ndez \u00c1lvarez para desterrar el mal gobierno que quiere prevalecer en Culiac\u00e1n. En esta ocasi\u00f3n le toc\u00f3 [&hellip;]\" \/>\n<meta property=\"og:url\" content=\"https:\/\/fuentesfidedignas.com.mx\/index.php\/2021\/06\/02\/se-suma-siria-quinonez-al-proyecto-politico-de-faustino-hernandez\/\" \/>\n<meta property=\"og:site_name\" content=\"Fuentes Fidedignas\" \/>\n<meta property=\"article:publisher\" content=\"https:\/\/www.facebook.com\/Fuentes-Fidedignas-368234489921644\" \/>\n<meta property=\"article:published_time\" content=\"2021-06-02T19:27:15+00:00\" \/>\n<meta property=\"article:modified_time\" content=\"2021-06-02T19:27:17+00:00\" \/>\n<meta property=\"og:image\" content=\"https:\/\/fuentesfidedignas.com.mx\/wp-content\/uploads\/2021\/06\/IMG-20210602-WA0013.jpg\" \/>\n\t<meta property=\"og:image:width\" content=\"1066\" \/>\n\t<meta property=\"og:image:height\" content=\"839\" \/>\n\t<meta property=\"og:image:type\" content=\"image\/jpeg\" \/>\n<meta name=\"author\" content=\"Redacci\u00f3n\" \/>\n<meta name=\"twitter:card\" content=\"summary_large_image\" \/>\n<meta name=\"twitter:creator\" content=\"@fidedignas\" \/>\n<meta name=\"twitter:site\" content=\"@fidedignas\" \/>\n<meta name=\"twitter:label1\" content=\"Escrito por\" \/>\n\t<meta name=\"twitter:data1\" content=\"Redacci\u00f3n\" \/>\n\t<meta name=\"twitter:label2\" content=\"Tiempo de lectura\" \/>\n\t<meta name=\"twitter:data2\" content=\"3 minutos\" \/>\n<script type=\"application\/ld+json\" class=\"yoast-schema-graph\">{\"@context\":\"https:\\\/\\\/schema.org\",\"@graph\":[{\"@type\":\"Article\",\"@id\":\"https:\\\/\\\/fuentesfidedignas.com.mx\\\/index.php\\\/2021\\\/06\\\/02\\\/se-suma-siria-quinonez-al-proyecto-politico-de-faustino-hernandez\\\/#article\",\"isPartOf\":{\"@id\":\"https:\\\/\\\/fuentesfidedignas.com.mx\\\/index.php\\\/2021\\\/06\\\/02\\\/se-suma-siria-quinonez-al-proyecto-politico-de-faustino-hernandez\\\/\"},\"author\":{\"name\":\"Redacci\u00f3n\",\"@id\":\"https:\\\/\\\/fuentesfidedignas.com.mx\\\/#\\\/schema\\\/person\\\/331be9283d37198e2acd5750279085b0\"},\"headline\":\"Se suma Siria Qui\u00f1\u00f3nez, al proyecto pol\u00edtico de Faustino Hern\u00e1ndez\",\"datePublished\":\"2021-06-02T19:27:15+00:00\",\"dateModified\":\"2021-06-02T19:27:17+00:00\",\"mainEntityOfPage\":{\"@id\":\"https:\\\/\\\/fuentesfidedignas.com.mx\\\/index.php\\\/2021\\\/06\\\/02\\\/se-suma-siria-quinonez-al-proyecto-politico-de-faustino-hernandez\\\/\"},\"wordCount\":616,\"commentCount\":0,\"publisher\":{\"@id\":\"https:\\\/\\\/fuentesfidedignas.com.mx\\\/#organization\"},\"image\":{\"@id\":\"https:\\\/\\\/fuentesfidedignas.com.mx\\\/index.php\\\/2021\\\/06\\\/02\\\/se-suma-siria-quinonez-al-proyecto-politico-de-faustino-hernandez\\\/#primaryimage\"},\"thumbnailUrl\":\"https:\\\/\\\/fuentesfidedignas.com.mx\\\/wp-content\\\/uploads\\\/2021\\\/06\\\/IMG-20210602-WA0013.jpg\",\"articleSection\":[\"NOTA PRINCIPAL\"],\"inLanguage\":\"es\",\"potentialAction\":[{\"@type\":\"CommentAction\",\"name\":\"Comment\",\"target\":[\"https:\\\/\\\/fuentesfidedignas.com.mx\\\/index.php\\\/2021\\\/06\\\/02\\\/se-suma-siria-quinonez-al-proyecto-politico-de-faustino-hernandez\\\/#respond\"]}]},{\"@type\":\"WebPage\",\"@id\":\"https:\\\/\\\/fuentesfidedignas.com.mx\\\/index.php\\\/2021\\\/06\\\/02\\\/se-suma-siria-quinonez-al-proyecto-politico-de-faustino-hernandez\\\/\",\"url\":\"https:\\\/\\\/fuentesfidedignas.com.mx\\\/index.php\\\/2021\\\/06\\\/02\\\/se-suma-siria-quinonez-al-proyecto-politico-de-faustino-hernandez\\\/\",\"name\":\"Se suma Siria Qui\u00f1\u00f3nez, al proyecto pol\u00edtico de Faustino Hern\u00e1ndez - Fuentes Fidedignas\",\"isPartOf\":{\"@id\":\"https:\\\/\\\/fuentesfidedignas.com.mx\\\/#website\"},\"primaryImageOfPage\":{\"@id\":\"https:\\\/\\\/fuentesfidedignas.com.mx\\\/index.php\\\/2021\\\/06\\\/02\\\/se-suma-siria-quinonez-al-proyecto-politico-de-faustino-hernandez\\\/#primaryimage\"},\"image\":{\"@id\":\"https:\\\/\\\/fuentesfidedignas.com.mx\\\/index.php\\\/2021\\\/06\\\/02\\\/se-suma-siria-quinonez-al-proyecto-politico-de-faustino-hernandez\\\/#primaryimage\"},\"thumbnailUrl\":\"https:\\\/\\\/fuentesfidedignas.com.mx\\\/wp-content\\\/uploads\\\/2021\\\/06\\\/IMG-20210602-WA0013.jpg\",\"datePublished\":\"2021-06-02T19:27:15+00:00\",\"dateModified\":\"2021-06-02T19:27:17+00:00\",\"breadcrumb\":{\"@id\":\"https:\\\/\\\/fuentesfidedignas.com.mx\\\/index.php\\\/2021\\\/06\\\/02\\\/se-suma-siria-quinonez-al-proyecto-politico-de-faustino-hernandez\\\/#breadcrumb\"},\"inLanguage\":\"es\",\"potentialAction\":[{\"@type\":\"ReadAction\",\"target\":[\"https:\\\/\\\/fuentesfidedignas.com.mx\\\/index.php\\\/2021\\\/06\\\/02\\\/se-suma-siria-quinonez-al-proyecto-politico-de-faustino-hernandez\\\/\"]}]},{\"@type\":\"ImageObject\",\"inLanguage\":\"es\",\"@id\":\"https:\\\/\\\/fuentesfidedignas.com.mx\\\/index.php\\\/2021\\\/06\\\/02\\\/se-suma-siria-quinonez-al-proyecto-politico-de-faustino-hernandez\\\/#primaryimage\",\"url\":\"https:\\\/\\\/fuentesfidedignas.com.mx\\\/wp-content\\\/uploads\\\/2021\\\/06\\\/IMG-20210602-WA0013.jpg\",\"contentUrl\":\"https:\\\/\\\/fuentesfidedignas.com.mx\\\/wp-content\\\/uploads\\\/2021\\\/06\\\/IMG-20210602-WA0013.jpg\",\"width\":1066,\"height\":839},{\"@type\":\"BreadcrumbList\",\"@id\":\"https:\\\/\\\/fuentesfidedignas.com.mx\\\/index.php\\\/2021\\\/06\\\/02\\\/se-suma-siria-quinonez-al-proyecto-politico-de-faustino-hernandez\\\/#breadcrumb\",\"itemListElement\":[{\"@type\":\"ListItem\",\"position\":1,\"name\":\"Inicio\",\"item\":\"https:\\\/\\\/fuentesfidedignas.com.mx\\\/\"},{\"@type\":\"ListItem\",\"position\":2,\"name\":\"Se suma Siria Qui\u00f1\u00f3nez, al proyecto pol\u00edtico de Faustino Hern\u00e1ndez\"}]},{\"@type\":\"WebSite\",\"@id\":\"https:\\\/\\\/fuentesfidedignas.com.mx\\\/#website\",\"url\":\"https:\\\/\\\/fuentesfidedignas.com.mx\\\/\",\"name\":\"Fuentes Fidedignas\",\"description\":\"Otro sitio realizado con WordPress\",\"publisher\":{\"@id\":\"https:\\\/\\\/fuentesfidedignas.com.mx\\\/#organization\"},\"potentialAction\":[{\"@type\":\"SearchAction\",\"target\":{\"@type\":\"EntryPoint\",\"urlTemplate\":\"https:\\\/\\\/fuentesfidedignas.com.mx\\\/?s={search_term_string}\"},\"query-input\":{\"@type\":\"PropertyValueSpecification\",\"valueRequired\":true,\"valueName\":\"search_term_string\"}}],\"inLanguage\":\"es\"},{\"@type\":\"Organization\",\"@id\":\"https:\\\/\\\/fuentesfidedignas.com.mx\\\/#organization\",\"name\":\"Fuentes Fidedignas\",\"url\":\"https:\\\/\\\/fuentesfidedignas.com.mx\\\/\",\"logo\":{\"@type\":\"ImageObject\",\"inLanguage\":\"es\",\"@id\":\"https:\\\/\\\/fuentesfidedignas.com.mx\\\/#\\\/schema\\\/logo\\\/image\\\/\",\"url\":\"https:\\\/\\\/fuentesfidedignas.com.mx\\\/wp-content\\\/uploads\\\/2021\\\/04\\\/logo-retina.png\",\"contentUrl\":\"https:\\\/\\\/fuentesfidedignas.com.mx\\\/wp-content\\\/uploads\\\/2021\\\/04\\\/logo-retina.png\",\"width\":280,\"height\":51,\"caption\":\"Fuentes Fidedignas\"},\"image\":{\"@id\":\"https:\\\/\\\/fuentesfidedignas.com.mx\\\/#\\\/schema\\\/logo\\\/image\\\/\"},\"sameAs\":[\"https:\\\/\\\/www.facebook.com\\\/Fuentes-Fidedignas-368234489921644\",\"https:\\\/\\\/x.com\\\/fidedignas\"]},{\"@type\":\"Person\",\"@id\":\"https:\\\/\\\/fuentesfidedignas.com.mx\\\/#\\\/schema\\\/person\\\/331be9283d37198e2acd5750279085b0\",\"name\":\"Redacci\u00f3n\",\"image\":{\"@type\":\"ImageObject\",\"inLanguage\":\"es\",\"@id\":\"https:\\\/\\\/secure.gravatar.com\\\/avatar\\\/f6d8782c11d12b2d4ad3fbb6931aeab5309937a4d6cd2fc9cfaa28a6396a5aec?s=96&d=mm&r=g\",\"url\":\"https:\\\/\\\/secure.gravatar.com\\\/avatar\\\/f6d8782c11d12b2d4ad3fbb6931aeab5309937a4d6cd2fc9cfaa28a6396a5aec?s=96&d=mm&r=g\",\"contentUrl\":\"https:\\\/\\\/secure.gravatar.com\\\/avatar\\\/f6d8782c11d12b2d4ad3fbb6931aeab5309937a4d6cd2fc9cfaa28a6396a5aec?s=96&d=mm&r=g\",\"caption\":\"Redacci\u00f3n\"},\"url\":\"https:\\\/\\\/fuentesfidedignas.com.mx\\\/index.php\\\/author\\\/redaccion\\\/\"}]}<\/script>\n<!-- \/ Yoast SEO plugin. -->","yoast_head_json":{"title":"Se suma Siria Qui\u00f1\u00f3nez, al proyecto pol\u00edtico de Faustino Hern\u00e1ndez - Fuentes Fidedignas","robots":{"index":"index","follow":"follow","max-snippet":"max-snippet:-1","max-image-preview":"max-image-preview:large","max-video-preview":"max-video-preview:-1"},"canonical":"https:\/\/fuentesfidedignas.com.mx\/index.php\/2021\/06\/02\/se-suma-siria-quinonez-al-proyecto-politico-de-faustino-hernandez\/","og_locale":"es_MX","og_type":"article","og_title":"Se suma Siria Qui\u00f1\u00f3nez, al proyecto pol\u00edtico de Faustino Hern\u00e1ndez - Fuentes Fidedignas","og_description":"Con esta adhesi\u00f3n se reafirma su convicci\u00f3n de que el triunfo es inminente este pr\u00f3ximo domingo 6 de junio, asegur\u00f3 el candidato Culiac\u00e1n, Sin. Cada vez son m\u00e1s las voluntades que se suman a la candidatura de Faustino Hern\u00e1ndez \u00c1lvarez para desterrar el mal gobierno que quiere prevalecer en Culiac\u00e1n. En esta ocasi\u00f3n le toc\u00f3 [&hellip;]","og_url":"https:\/\/fuentesfidedignas.com.mx\/index.php\/2021\/06\/02\/se-suma-siria-quinonez-al-proyecto-politico-de-faustino-hernandez\/","og_site_name":"Fuentes Fidedignas","article_publisher":"https:\/\/www.facebook.com\/Fuentes-Fidedignas-368234489921644","article_published_time":"2021-06-02T19:27:15+00:00","article_modified_time":"2021-06-02T19:27:17+00:00","og_image":[{"width":1066,"height":839,"url":"https:\/\/fuentesfidedignas.com.mx\/wp-content\/uploads\/2021\/06\/IMG-20210602-WA0013.jpg","type":"image\/jpeg"}],"author":"Redacci\u00f3n","twitter_card":"summary_large_image","twitter_creator":"@fidedignas","twitter_site":"@fidedignas","twitter_misc":{"Escrito por":"Redacci\u00f3n","Tiempo de lectura":"3 minutos"},"schema":{"@context":"https:\/\/schema.org","@graph":[{"@type":"Article","@id":"https:\/\/fuentesfidedignas.com.mx\/index.php\/2021\/06\/02\/se-suma-siria-quinonez-al-proyecto-politico-de-faustino-hernandez\/#article","isPartOf":{"@id":"https:\/\/fuentesfidedignas.com.mx\/index.php\/2021\/06\/02\/se-suma-siria-quinonez-al-proyecto-politico-de-faustino-hernandez\/"},"author":{"name":"Redacci\u00f3n","@id":"https:\/\/fuentesfidedignas.com.mx\/#\/schema\/person\/331be9283d37198e2acd5750279085b0"},"headline":"Se suma Siria Qui\u00f1\u00f3nez, al proyecto pol\u00edtico de Faustino Hern\u00e1ndez","datePublished":"2021-06-02T19:27:15+00:00","dateModified":"2021-06-02T19:27:17+00:00","mainEntityOfPage":{"@id":"https:\/\/fuentesfidedignas.com.mx\/index.php\/2021\/06\/02\/se-suma-siria-quinonez-al-proyecto-politico-de-faustino-hernandez\/"},"wordCount":616,"commentCount":0,"publisher":{"@id":"https:\/\/fuentesfidedignas.com.mx\/#organization"},"image":{"@id":"https:\/\/fuentesfidedignas.com.mx\/index.php\/2021\/06\/02\/se-suma-siria-quinonez-al-proyecto-politico-de-faustino-hernandez\/#primaryimage"},"thumbnailUrl":"https:\/\/fuentesfidedignas.com.mx\/wp-content\/uploads\/2021\/06\/IMG-20210602-WA0013.jpg","articleSection":["NOTA PRINCIPAL"],"inLanguage":"es","potentialAction":[{"@type":"CommentAction","name":"Comment","target":["https:\/\/fuentesfidedignas.com.mx\/index.php\/2021\/06\/02\/se-suma-siria-quinonez-al-proyecto-politico-de-faustino-hernandez\/#respond"]}]},{"@type":"WebPage","@id":"https:\/\/fuentesfidedignas.com.mx\/index.php\/2021\/06\/02\/se-suma-siria-quinonez-al-proyecto-politico-de-faustino-hernandez\/","url":"https:\/\/fuentesfidedignas.com.mx\/index.php\/2021\/06\/02\/se-suma-siria-quinonez-al-proyecto-politico-de-faustino-hernandez\/","name":"Se suma Siria Qui\u00f1\u00f3nez, al proyecto pol\u00edtico de Faustino Hern\u00e1ndez - Fuentes Fidedignas","isPartOf":{"@id":"https:\/\/fuentesfidedignas.com.mx\/#website"},"primaryImageOfPage":{"@id":"https:\/\/fuentesfidedignas.com.mx\/index.php\/2021\/06\/02\/se-suma-siria-quinonez-al-proyecto-politico-de-faustino-hernandez\/#primaryimage"},"image":{"@id":"https:\/\/fuentesfidedignas.com.mx\/index.php\/2021\/06\/02\/se-suma-siria-quinonez-al-proyecto-politico-de-faustino-hernandez\/#primaryimage"},"thumbnailUrl":"https:\/\/fuentesfidedignas.com.mx\/wp-content\/uploads\/2021\/06\/IMG-20210602-WA0013.jpg","datePublished":"2021-06-02T19:27:15+00:00","dateModified":"2021-06-02T19:27:17+00:00","breadcrumb":{"@id":"https:\/\/fuentesfidedignas.com.mx\/index.php\/2021\/06\/02\/se-suma-siria-quinonez-al-proyecto-politico-de-faustino-hernandez\/#breadcrumb"},"inLanguage":"es","potentialAction":[{"@type":"ReadAction","target":["https:\/\/fuentesfidedignas.com.mx\/index.php\/2021\/06\/02\/se-suma-siria-quinonez-al-proyecto-politico-de-faustino-hernandez\/"]}]},{"@type":"ImageObject","inLanguage":"es","@id":"https:\/\/fuentesfidedignas.com.mx\/index.php\/2021\/06\/02\/se-suma-siria-quinonez-al-proyecto-politico-de-faustino-hernandez\/#primaryimage","url":"https:\/\/fuentesfidedignas.com.mx\/wp-content\/uploads\/2021\/06\/IMG-20210602-WA0013.jpg","contentUrl":"https:\/\/fuentesfidedignas.com.mx\/wp-content\/uploads\/2021\/06\/IMG-20210602-WA0013.jpg","width":1066,"height":839},{"@type":"BreadcrumbList","@id":"https:\/\/fuentesfidedignas.com.mx\/index.php\/2021\/06\/02\/se-suma-siria-quinonez-al-proyecto-politico-de-faustino-hernandez\/#breadcrumb","itemListElement":[{"@type":"ListItem","position":1,"name":"Inicio","item":"https:\/\/fuentesfidedignas.com.mx\/"},{"@type":"ListItem","position":2,"name":"Se suma Siria Qui\u00f1\u00f3nez, al proyecto pol\u00edtico de Faustino Hern\u00e1ndez"}]},{"@type":"WebSite","@id":"https:\/\/fuentesfidedignas.com.mx\/#website","url":"https:\/\/fuentesfidedignas.com.mx\/","name":"Fuentes Fidedignas","description":"Otro sitio realizado con WordPress","publisher":{"@id":"https:\/\/fuentesfidedignas.com.mx\/#organization"},"potentialAction":[{"@type":"SearchAction","target":{"@type":"EntryPoint","urlTemplate":"https:\/\/fuentesfidedignas.com.mx\/?s={search_term_string}"},"query-input":{"@type":"PropertyValueSpecification","valueRequired":true,"valueName":"search_term_string"}}],"inLanguage":"es"},{"@type":"Organization","@id":"https:\/\/fuentesfidedignas.com.mx\/#organization","name":"Fuentes Fidedignas","url":"https:\/\/fuentesfidedignas.com.mx\/","logo":{"@type":"ImageObject","inLanguage":"es","@id":"https:\/\/fuentesfidedignas.com.mx\/#\/schema\/logo\/image\/","url":"https:\/\/fuentesfidedignas.com.mx\/wp-content\/uploads\/2021\/04\/logo-retina.png","contentUrl":"https:\/\/fuentesfidedignas.com.mx\/wp-content\/uploads\/2021\/04\/logo-retina.png","width":280,"height":51,"caption":"Fuentes Fidedignas"},"image":{"@id":"https:\/\/fuentesfidedignas.com.mx\/#\/schema\/logo\/image\/"},"sameAs":["https:\/\/www.facebook.com\/Fuentes-Fidedignas-368234489921644","https:\/\/x.com\/fidedignas"]},{"@type":"Person","@id":"https:\/\/fuentesfidedignas.com.mx\/#\/schema\/person\/331be9283d37198e2acd5750279085b0","name":"Redacci\u00f3n","image":{"@type":"ImageObject","inLanguage":"es","@id":"https:\/\/secure.gravatar.com\/avatar\/f6d8782c11d12b2d4ad3fbb6931aeab5309937a4d6cd2fc9cfaa28a6396a5aec?s=96&d=mm&r=g","url":"https:\/\/secure.gravatar.com\/avatar\/f6d8782c11d12b2d4ad3fbb6931aeab5309937a4d6cd2fc9cfaa28a6396a5aec?s=96&d=mm&r=g","contentUrl":"https:\/\/secure.gravatar.com\/avatar\/f6d8782c11d12b2d4ad3fbb6931aeab5309937a4d6cd2fc9cfaa28a6396a5aec?s=96&d=mm&r=g","caption":"Redacci\u00f3n"},"url":"https:\/\/fuentesfidedignas.com.mx\/index.php\/author\/redaccion\/"}]}},"_links":{"self":[{"href":"https:\/\/fuentesfidedignas.com.mx\/index.php\/wp-json\/wp\/v2\/posts\/3833","targetHints":{"allow":["GET"]}}],"collection":[{"href":"https:\/\/fuentesfidedignas.com.mx\/index.php\/wp-json\/wp\/v2\/posts"}],"about":[{"href":"https:\/\/fuentesfidedignas.com.mx\/index.php\/wp-json\/wp\/v2\/types\/post"}],"author":[{"embeddable":true,"href":"https:\/\/fuentesfidedignas.com.mx\/index.php\/wp-json\/wp\/v2\/users\/4"}],"replies":[{"embeddable":true,"href":"https:\/\/fuentesfidedignas.com.mx\/index.php\/wp-json\/wp\/v2\/comments?post=3833"}],"version-history":[{"count":1,"href":"https:\/\/fuentesfidedignas.com.mx\/index.php\/wp-json\/wp\/v2\/posts\/3833\/revisions"}],"predecessor-version":[{"id":3835,"href":"https:\/\/fuentesfidedignas.com.mx\/index.php\/wp-json\/wp\/v2\/posts\/3833\/revisions\/3835"}],"wp:featuredmedia":[{"embeddable":true,"href":"https:\/\/fuentesfidedignas.com.mx\/index.php\/wp-json\/wp\/v2\/media\/3834"}],"wp:attachment":[{"href":"https:\/\/fuentesfidedignas.com.mx\/index.php\/wp-json\/wp\/v2\/media?parent=3833"}],"wp:term":[{"taxonomy":"category","embeddable":true,"href":"https:\/\/fuentesfidedignas.com.mx\/index.php\/wp-json\/wp\/v2\/categories?post=3833"},{"taxonomy":"post_tag","embeddable":true,"href":"https:\/\/fuentesfidedignas.com.mx\/index.php\/wp-json\/wp\/v2\/tags?post=3833"}],"curies":[{"name":"wp","href":"https:\/\/api.w.org\/{rel}","templated":true}]}}