{"id":38285,"date":"2022-07-25T09:36:13","date_gmt":"2022-07-25T15:36:13","guid":{"rendered":"https:\/\/fuentesfidedignas.com.mx\/?p=38285"},"modified":"2022-07-25T09:36:28","modified_gmt":"2022-07-25T15:36:28","slug":"el-mayito-gordo-tendra-que-darle-la-espalda-a-su-familia-y-otras-condiciones-tras-su-liberacion","status":"publish","type":"post","link":"https:\/\/fuentesfidedignas.com.mx\/index.php\/2022\/07\/25\/el-mayito-gordo-tendra-que-darle-la-espalda-a-su-familia-y-otras-condiciones-tras-su-liberacion\/","title":{"rendered":"\u201cEl Mayito Gordo\u201d tendr\u00e1 que darle la espalda a su familia y otras condiciones tras su liberaci\u00f3n"},"content":{"rendered":"\n<p><strong><em><br>El hijo de Ismael \u201cEl Mayo\u201d Zambada obtuvo su libertad el pasado 22 de julio bajo ciertas condiciones <\/em><\/strong><\/p>\n\n\n\n<p>Ciudad de M\u00e9xico. <strong>Ismael Zambada<\/strong>\u00a0Imperial, conocido como\u00a0<em><strong>El Mayito Gordo<\/strong><\/em>, hijo de\u00a0<strong>Ismael\u00a0<\/strong><em><strong>El Mayo<\/strong><\/em><strong>\u00a0Zambada<\/strong>\u00a0Garc\u00eda, obtuvo su libertad condicional luego de una resoluci\u00f3n de la justicia estadounidense, donde se encontraba\u00a0<strong>recluido desde 2019.<\/strong><\/p>\n\n\n\n<p>El pasado\u00a0<strong>22 de julio fue liberado,<\/strong>\u00a0tras encontrarse privado de su libertad desde 2014 cuando fue\u00a0<strong>detenido en Culiac\u00e1n,\u00a0<\/strong>Sinaloa por elementos de la Secretar\u00eda de Marina (Semar). Fue\u00a0<strong>extraditado a Estados Unidos<\/strong>\u00a0cinco a\u00f1os despu\u00e9s, enfrentando varios cargos por narcotr\u00e1fico. No obstante, su reciente libertad estuvo condicionada bajo 17 cl\u00e1usulas, entre las que destac\u00f3 el no tener contacto con su familia.<\/p>\n\n\n\n<p>Pese a haberse declarado culpable desde el a\u00f1o 2021, fue el pasado&nbsp;<strong>24 de junio cuando fue sentenciado.<\/strong>&nbsp;Fue en San Diego, California, donde se llev\u00f3 a cabo la audiencia en la que se le dict\u00f3 una<strong>&nbsp;pena de 108 meses de prisi\u00f3n o 9 a\u00f1os<\/strong>; condena en la que se contempl\u00f3 el tiempo que ya llevaba recluido.<\/p>\n\n\n\n<p><img decoding=\"async\" alt=\"Infobae: Gibr\u00e1n Casas Cedillo\" height=\"1080\" width=\"1920\" class=\"\" src=\"https:\/\/cloudfront-us-east-1.images.arcpublishing.com\/infobae\/Z4JQHZ3VGZHO5BM55RK4I4ABIE.jpg\" srcset=\"https:\/\/www.infobae.com\/new-resizer\/8yyuNw_519jRGcme0KyBXohXiDE=\/420x236\/filters:format(webp):quality(85)\/cloudfront-us-east-1.images.arcpublishing.com\/infobae\/Z4JQHZ3VGZHO5BM55RK4I4ABIE.jpg 420w,https:\/\/www.infobae.com\/new-resizer\/tzorbFW-ZofzWahjg4EaMHF5UPY=\/768x432\/filters:format(webp):quality(85)\/cloudfront-us-east-1.images.arcpublishing.com\/infobae\/Z4JQHZ3VGZHO5BM55RK4I4ABIE.jpg 768w,https:\/\/www.infobae.com\/new-resizer\/qAUKrwwiRJBpNNQR2CHg1GUoUSs=\/992x558\/filters:format(webp):quality(85)\/cloudfront-us-east-1.images.arcpublishing.com\/infobae\/Z4JQHZ3VGZHO5BM55RK4I4ABIE.jpg 992w,https:\/\/www.infobae.com\/new-resizer\/6G3eB30u0foDUAsLQSVca13cil8=\/1200x675\/filters:format(webp):quality(85)\/cloudfront-us-east-1.images.arcpublishing.com\/infobae\/Z4JQHZ3VGZHO5BM55RK4I4ABIE.jpg 1200w,https:\/\/www.infobae.com\/new-resizer\/LGkuspTeTBV_tE8BdRba0J90X7E=\/1440x810\/filters:format(webp):quality(85)\/cloudfront-us-east-1.images.arcpublishing.com\/infobae\/Z4JQHZ3VGZHO5BM55RK4I4ABIE.jpg 1440w\">Infobae: Gibr\u00e1n Casas Cedillo<\/p>\n\n\n\n<p>La jueza\u00a0<strong>Danna Sabraw\u00a0<\/strong>de la Corte Federal del Distrito Sur de California determin\u00f3 que la sentencia impuesta al hijo de El\u00a0<em>Mayo<\/em>\u00a0Zambada era\u00a0<strong>\u201csuficiente pero no mayor a lo necesario<\/strong>\u201d. Incluso, durante el proceso el fiscal de distrito busc\u00f3 reducir su condena, derivado de la cooperaci\u00f3n que le brind\u00f3 al Estado norteamericano.<\/p>\n\n\n\n<p>Por ello, hace un mes se especulaba que el segundo hijo de&nbsp;<em>el Mayo<\/em>&nbsp;Zambada estar\u00eda en libertad en julio, lo que fue un acierto, ya que fue&nbsp;<strong>puesto en libertad 28 d\u00edas despu\u00e9s de haberse emitido su sentencia<\/strong>. Ahora, de acuerdo con el medio&nbsp;<em>Zeta Tijuana<\/em>, se sabe que el miembro de la dinast\u00eda Zambada&nbsp;<strong>arribar\u00e1 a M\u00e9xico<\/strong>, ya que ser\u00e1<strong>&nbsp;deportado<\/strong>&nbsp;por Estados Unidos el pr\u00f3ximo&nbsp;<strong>27 de julio.<\/strong><\/p>\n\n\n\n<p>De acuerdo con el documento de sentencia consultado por<a href=\"https:\/\/www.infobae.com\/america\/mexico\/\" target=\"_blank\" rel=\"noreferrer noopener\"><em><strong>&nbsp;Infobae M\u00e9xico<\/strong><\/em><\/a><strong>,&nbsp;<\/strong>Zambada Imperial deber\u00e1 cumplir, entre otras cosas, con:&nbsp;<strong>no volver a cometer un il\u00edcito&nbsp;<\/strong>de car\u00e1cter local o federal en territorio estadounidense,&nbsp;<strong>no usar ni poseer sustancias<\/strong>&nbsp;il\u00edcitas, as\u00ed como someterse a una prueba de drogas 15 d\u00edas despu\u00e9s de su liberaci\u00f3n y dos pruebas peri\u00f3dicas en el tiempo que el tribunal determine.<\/p>\n\n\n\n<p><img decoding=\"async\" alt=\"Ismael Zambada &quot;El Mayito Gordo&quot; (Foto: Archivo)\" height=\"529\" width=\"1024\" class=\"\" src=\"https:\/\/cloudfront-us-east-1.images.arcpublishing.com\/infobae\/F4YQD6F3DVB73GA7664A4PPPOQ.jpeg\" srcset=\"https:\/\/www.infobae.com\/new-resizer\/YSoku66vXyij2ZhMuv_Hxd_lsto=\/420x236\/filters:format(webp):quality(85)\/cloudfront-us-east-1.images.arcpublishing.com\/infobae\/F4YQD6F3DVB73GA7664A4PPPOQ.jpeg 420w,https:\/\/www.infobae.com\/new-resizer\/DUWyLjeQjkkEhToTCCJA8SLP598=\/768x432\/filters:format(webp):quality(85)\/cloudfront-us-east-1.images.arcpublishing.com\/infobae\/F4YQD6F3DVB73GA7664A4PPPOQ.jpeg 768w,https:\/\/www.infobae.com\/new-resizer\/dR-RNkuVzw0UH_LiCMBr90GfQpM=\/992x558\/filters:format(webp):quality(85)\/cloudfront-us-east-1.images.arcpublishing.com\/infobae\/F4YQD6F3DVB73GA7664A4PPPOQ.jpeg 992w,https:\/\/www.infobae.com\/new-resizer\/2b-WaDOCEGhgK5AsA1zUavEaxOc=\/1200x675\/filters:format(webp):quality(85)\/cloudfront-us-east-1.images.arcpublishing.com\/infobae\/F4YQD6F3DVB73GA7664A4PPPOQ.jpeg 1200w,https:\/\/www.infobae.com\/new-resizer\/uxnXsstVf-Ca8Pv05nXlMTEpfGI=\/1440x810\/filters:format(webp):quality(85)\/cloudfront-us-east-1.images.arcpublishing.com\/infobae\/F4YQD6F3DVB73GA7664A4PPPOQ.jpeg 1440w\">Ismael Zambada &#8220;El Mayito Gordo&#8221; (Foto: Archivo)<\/p>\n\n\n\n<p>Dicha periodicidad de los ex\u00e1menes toxicol\u00f3gicos depender\u00e1 de si el demandado presenta un bajo consumo de drogas controladas o resultados negativos. Adem\u00e1s, deber\u00e1\u00a0<strong>proporcionar su ADN<\/strong>\u00a0y acudir a la oficina de libertad condicional 72 horas despu\u00e9s de obtener su libertad.<\/p>\n\n\n\n<p>Tampoco&nbsp;<strong>deber\u00e1 salir del distrito judicial federal&nbsp;<\/strong>donde se le autoriz\u00f3 residir; habitar en una vivienda previamente autorizada por las autoridades y, en caso de querer cambiarse, avisar con 10 d\u00edas de anticipaci\u00f3n. Sumado a ello, tendr\u00e1 que&nbsp;<strong>conseguir un empleo legal de tiempo completo<\/strong>&nbsp;(al menos 30 horas por semana).<\/p>\n\n\n\n<p>Pero la medida m\u00e1s impactante es que&nbsp;<a href=\"https:\/\/www.infobae.com\/america\/mexico\/2022\/07\/24\/el-mayito-gordo-regresara-a-mexico-y-no-sera-supervisado-por-eeuu\/\" target=\"_blank\" rel=\"noreferrer noopener\"><strong>Ismael Zambada deber\u00e1 prescindir de cualquier contacto<\/strong><\/a>con personas que est\u00e9n relacionadas en&nbsp;<strong>actividades delictivas<\/strong>, por lo que se le proh\u00edbe tener alg\u00fan tipo de comunicaci\u00f3n con gente involucrada en el crimen, seg\u00fan sea de su conocimiento.<\/p>\n\n\n\n<p><img decoding=\"async\" alt=\"Ismael Zambada Imperial, El Mayito Gordo (Foto: Twitter@PedroFerriz)\" height=\"1080\" width=\"1920\" class=\"\" src=\"https:\/\/cloudfront-us-east-1.images.arcpublishing.com\/infobae\/KCVY7CHVSNFBDL3UHKYITSUF5E.jpg\" srcset=\"https:\/\/www.infobae.com\/new-resizer\/D6uySi2Qc78_pO36WbSTzEL6Tuw=\/420x236\/filters:format(webp):quality(85)\/cloudfront-us-east-1.images.arcpublishing.com\/infobae\/KCVY7CHVSNFBDL3UHKYITSUF5E.jpg 420w,https:\/\/www.infobae.com\/new-resizer\/cNYuyLmaKnlOo6peOnfZaki8KNY=\/768x432\/filters:format(webp):quality(85)\/cloudfront-us-east-1.images.arcpublishing.com\/infobae\/KCVY7CHVSNFBDL3UHKYITSUF5E.jpg 768w,https:\/\/www.infobae.com\/new-resizer\/y9AKtsFtcFW1f2_a7KCcdVqy-SY=\/992x558\/filters:format(webp):quality(85)\/cloudfront-us-east-1.images.arcpublishing.com\/infobae\/KCVY7CHVSNFBDL3UHKYITSUF5E.jpg 992w,https:\/\/www.infobae.com\/new-resizer\/5dGAUuyzYxb6kRoQe_y-hxuYbao=\/1200x675\/filters:format(webp):quality(85)\/cloudfront-us-east-1.images.arcpublishing.com\/infobae\/KCVY7CHVSNFBDL3UHKYITSUF5E.jpg 1200w,https:\/\/www.infobae.com\/new-resizer\/K2AXm8p_yn8ZG1hLio1MzHwZ5bs=\/1440x810\/filters:format(webp):quality(85)\/cloudfront-us-east-1.images.arcpublishing.com\/infobae\/KCVY7CHVSNFBDL3UHKYITSUF5E.jpg 1440w\">Ismael Zambada Imperial, El Mayito Gordo (Foto: Twitter@PedroFerriz)<\/p>\n\n\n\n<p>Por ello, El\u00a0<em>Mayito Gordo\u00a0<\/em>tiene estrictamente<strong>\u00a0prohibido el contactarse con su padre<\/strong>, Ismael Zambada Garc\u00eda, alias\u00a0<em>El Mayo\u00a0<\/em>Zambada, fundador del\u00a0<strong>C\u00e1rtel de Sinaloa<\/strong>\u00a0junto con\u00a0<strong>Joaqu\u00edn\u00a0<\/strong><em><strong>El Chapo<\/strong><\/em><strong>\u00a0Guzm\u00e1n<\/strong>\u00a0Loera, as\u00ed como con sus hermanos Vicente Zambada Niebla,\u00a0<em><strong>El Vicentillo\u00a0<\/strong><\/em>y Seraf\u00edn Zambada Ortiz,<em><strong>\u00a0El Sera.<\/strong><\/em><\/p>\n\n\n\n<p>No obstante, de acuerdo con el documento de sentencia mencionado anteriormente, en el \u00faltimo apartado se menciona que&nbsp;<strong>en caso de extradici\u00f3n, deportaci\u00f3n o expulsi\u00f3n de forma voluntaria<\/strong>,<strong>&nbsp;Estados Unidos renuncia a la supervisi\u00f3n sobre el sujeto,&nbsp;<\/strong>por lo que el Mayito gordo podr\u00e1 encontrar la libertad en M\u00e9xico, ya que en territorio nacional no enfrenta cargos.<\/p>\n\n\n\n<p>Ismael Zambada Imperial es conocido, adem\u00e1s de sus actividades dentro del narcotr\u00e1fico, por haber<strong>&nbsp;presumido una vida de lujos a trav\u00e9s de sus redes sociales<\/strong>&nbsp;previo a su detenci\u00f3n en&nbsp;<strong>2014<\/strong>. Se trata del \u00fanico hijo de&nbsp;<em>El Mayo&nbsp;<\/em>que se encontraba preso, pues&nbsp;<em>El Vicentillo,<\/em>&nbsp;tras haber sido condenado a 15 a\u00f1os en 2013, se presume que se encuentra dentro del programa de testigos protegidos por testificar en contra de&nbsp;<em>El Chapo<\/em>&nbsp;en 2019.<\/p>\n\n\n\n<p>En tanto,<em>\u00a0El Sera<\/em>\u00a0fue aprehendido en 2013, sentenciado a cinco a\u00f1os y medio en 2018 luego que se declar\u00f3 culpable en 2014 y pag\u00f3 una multa de 250 mil d\u00f3lares. Sin embargo, fue liberado en septiembre de 2018.<\/p>\n\n\n\n<p><\/p>\n","protected":false},"excerpt":{"rendered":"<p>El hijo de Ismael \u201cEl Mayo\u201d Zambada obtuvo su libertad el pasado 22 de julio bajo ciertas condiciones Ciudad de M\u00e9xico. Ismael Zambada\u00a0Imperial, conocido como\u00a0El Mayito Gordo, hijo de\u00a0Ismael\u00a0El Mayo\u00a0Zambada\u00a0Garc\u00eda, obtuvo su libertad condicional luego de una resoluci\u00f3n de la justicia estadounidense, donde se encontraba\u00a0recluido desde 2019. El pasado\u00a022 de julio fue liberado,\u00a0tras encontrarse privado [&hellip;]<\/p>\n","protected":false},"author":41,"featured_media":38287,"comment_status":"open","ping_status":"open","sticky":false,"template":"","format":"standard","meta":{"tdm_status":"","tdm_grid_status":"","footnotes":""},"categories":[39],"tags":[],"class_list":{"0":"post-38285","1":"post","2":"type-post","3":"status-publish","4":"format-standard","5":"has-post-thumbnail","7":"category-noticias-nacionales"},"yoast_head":"<!-- This site is optimized with the Yoast SEO plugin v27.5 - https:\/\/yoast.com\/product\/yoast-seo-wordpress\/ -->\n<title>\u201cEl Mayito Gordo\u201d tendr\u00e1 que darle la espalda a su familia y otras condiciones tras su liberaci\u00f3n - Fuentes Fidedignas<\/title>\n<meta name=\"robots\" content=\"index, follow, max-snippet:-1, max-image-preview:large, max-video-preview:-1\" \/>\n<link rel=\"canonical\" href=\"https:\/\/fuentesfidedignas.com.mx\/index.php\/2022\/07\/25\/el-mayito-gordo-tendra-que-darle-la-espalda-a-su-familia-y-otras-condiciones-tras-su-liberacion\/\" \/>\n<meta property=\"og:locale\" content=\"es_MX\" \/>\n<meta property=\"og:type\" content=\"article\" \/>\n<meta property=\"og:title\" content=\"\u201cEl Mayito Gordo\u201d tendr\u00e1 que darle la espalda a su familia y otras condiciones tras su liberaci\u00f3n - Fuentes Fidedignas\" \/>\n<meta property=\"og:description\" content=\"El hijo de Ismael \u201cEl Mayo\u201d Zambada obtuvo su libertad el pasado 22 de julio bajo ciertas condiciones Ciudad de M\u00e9xico. Ismael Zambada\u00a0Imperial, conocido como\u00a0El Mayito Gordo, hijo de\u00a0Ismael\u00a0El Mayo\u00a0Zambada\u00a0Garc\u00eda, obtuvo su libertad condicional luego de una resoluci\u00f3n de la justicia estadounidense, donde se encontraba\u00a0recluido desde 2019. El pasado\u00a022 de julio fue liberado,\u00a0tras encontrarse privado [&hellip;]\" \/>\n<meta property=\"og:url\" content=\"https:\/\/fuentesfidedignas.com.mx\/index.php\/2022\/07\/25\/el-mayito-gordo-tendra-que-darle-la-espalda-a-su-familia-y-otras-condiciones-tras-su-liberacion\/\" \/>\n<meta property=\"og:site_name\" content=\"Fuentes Fidedignas\" \/>\n<meta property=\"article:publisher\" content=\"https:\/\/www.facebook.com\/Fuentes-Fidedignas-368234489921644\" \/>\n<meta property=\"article:published_time\" content=\"2022-07-25T15:36:13+00:00\" \/>\n<meta property=\"article:modified_time\" content=\"2022-07-25T15:36:28+00:00\" \/>\n<meta property=\"og:image\" content=\"https:\/\/fuentesfidedignas.com.mx\/wp-content\/uploads\/2022\/07\/XX23APPRLFGHJFSJ2CL35BUJGA.webp\" \/>\n\t<meta property=\"og:image:width\" content=\"992\" \/>\n\t<meta property=\"og:image:height\" content=\"558\" \/>\n\t<meta property=\"og:image:type\" content=\"image\/webp\" \/>\n<meta name=\"author\" content=\"Infobae\" \/>\n<meta name=\"twitter:card\" content=\"summary_large_image\" \/>\n<meta name=\"twitter:creator\" content=\"@fidedignas\" \/>\n<meta name=\"twitter:site\" content=\"@fidedignas\" \/>\n<meta name=\"twitter:label1\" content=\"Escrito por\" \/>\n\t<meta name=\"twitter:data1\" content=\"Infobae\" \/>\n\t<meta name=\"twitter:label2\" content=\"Tiempo de lectura\" \/>\n\t<meta name=\"twitter:data2\" content=\"4 minutos\" \/>\n<script type=\"application\/ld+json\" class=\"yoast-schema-graph\">{\"@context\":\"https:\\\/\\\/schema.org\",\"@graph\":[{\"@type\":\"Article\",\"@id\":\"https:\\\/\\\/fuentesfidedignas.com.mx\\\/index.php\\\/2022\\\/07\\\/25\\\/el-mayito-gordo-tendra-que-darle-la-espalda-a-su-familia-y-otras-condiciones-tras-su-liberacion\\\/#article\",\"isPartOf\":{\"@id\":\"https:\\\/\\\/fuentesfidedignas.com.mx\\\/index.php\\\/2022\\\/07\\\/25\\\/el-mayito-gordo-tendra-que-darle-la-espalda-a-su-familia-y-otras-condiciones-tras-su-liberacion\\\/\"},\"author\":{\"name\":\"Infobae\",\"@id\":\"https:\\\/\\\/fuentesfidedignas.com.mx\\\/#\\\/schema\\\/person\\\/8575896a7c1067d352f6c1cd6582c389\"},\"headline\":\"\u201cEl Mayito Gordo\u201d tendr\u00e1 que darle la espalda a su familia y otras condiciones tras su liberaci\u00f3n\",\"datePublished\":\"2022-07-25T15:36:13+00:00\",\"dateModified\":\"2022-07-25T15:36:28+00:00\",\"mainEntityOfPage\":{\"@id\":\"https:\\\/\\\/fuentesfidedignas.com.mx\\\/index.php\\\/2022\\\/07\\\/25\\\/el-mayito-gordo-tendra-que-darle-la-espalda-a-su-familia-y-otras-condiciones-tras-su-liberacion\\\/\"},\"wordCount\":825,\"commentCount\":0,\"publisher\":{\"@id\":\"https:\\\/\\\/fuentesfidedignas.com.mx\\\/#organization\"},\"image\":{\"@id\":\"https:\\\/\\\/fuentesfidedignas.com.mx\\\/index.php\\\/2022\\\/07\\\/25\\\/el-mayito-gordo-tendra-que-darle-la-espalda-a-su-familia-y-otras-condiciones-tras-su-liberacion\\\/#primaryimage\"},\"thumbnailUrl\":\"https:\\\/\\\/fuentesfidedignas.com.mx\\\/wp-content\\\/uploads\\\/2022\\\/07\\\/XX23APPRLFGHJFSJ2CL35BUJGA.webp\",\"articleSection\":[\"NOTICIAS NACIONALES\"],\"inLanguage\":\"es\",\"potentialAction\":[{\"@type\":\"CommentAction\",\"name\":\"Comment\",\"target\":[\"https:\\\/\\\/fuentesfidedignas.com.mx\\\/index.php\\\/2022\\\/07\\\/25\\\/el-mayito-gordo-tendra-que-darle-la-espalda-a-su-familia-y-otras-condiciones-tras-su-liberacion\\\/#respond\"]}]},{\"@type\":\"WebPage\",\"@id\":\"https:\\\/\\\/fuentesfidedignas.com.mx\\\/index.php\\\/2022\\\/07\\\/25\\\/el-mayito-gordo-tendra-que-darle-la-espalda-a-su-familia-y-otras-condiciones-tras-su-liberacion\\\/\",\"url\":\"https:\\\/\\\/fuentesfidedignas.com.mx\\\/index.php\\\/2022\\\/07\\\/25\\\/el-mayito-gordo-tendra-que-darle-la-espalda-a-su-familia-y-otras-condiciones-tras-su-liberacion\\\/\",\"name\":\"\u201cEl Mayito Gordo\u201d tendr\u00e1 que darle la espalda a su familia y otras condiciones tras su liberaci\u00f3n - Fuentes Fidedignas\",\"isPartOf\":{\"@id\":\"https:\\\/\\\/fuentesfidedignas.com.mx\\\/#website\"},\"primaryImageOfPage\":{\"@id\":\"https:\\\/\\\/fuentesfidedignas.com.mx\\\/index.php\\\/2022\\\/07\\\/25\\\/el-mayito-gordo-tendra-que-darle-la-espalda-a-su-familia-y-otras-condiciones-tras-su-liberacion\\\/#primaryimage\"},\"image\":{\"@id\":\"https:\\\/\\\/fuentesfidedignas.com.mx\\\/index.php\\\/2022\\\/07\\\/25\\\/el-mayito-gordo-tendra-que-darle-la-espalda-a-su-familia-y-otras-condiciones-tras-su-liberacion\\\/#primaryimage\"},\"thumbnailUrl\":\"https:\\\/\\\/fuentesfidedignas.com.mx\\\/wp-content\\\/uploads\\\/2022\\\/07\\\/XX23APPRLFGHJFSJ2CL35BUJGA.webp\",\"datePublished\":\"2022-07-25T15:36:13+00:00\",\"dateModified\":\"2022-07-25T15:36:28+00:00\",\"breadcrumb\":{\"@id\":\"https:\\\/\\\/fuentesfidedignas.com.mx\\\/index.php\\\/2022\\\/07\\\/25\\\/el-mayito-gordo-tendra-que-darle-la-espalda-a-su-familia-y-otras-condiciones-tras-su-liberacion\\\/#breadcrumb\"},\"inLanguage\":\"es\",\"potentialAction\":[{\"@type\":\"ReadAction\",\"target\":[\"https:\\\/\\\/fuentesfidedignas.com.mx\\\/index.php\\\/2022\\\/07\\\/25\\\/el-mayito-gordo-tendra-que-darle-la-espalda-a-su-familia-y-otras-condiciones-tras-su-liberacion\\\/\"]}]},{\"@type\":\"ImageObject\",\"inLanguage\":\"es\",\"@id\":\"https:\\\/\\\/fuentesfidedignas.com.mx\\\/index.php\\\/2022\\\/07\\\/25\\\/el-mayito-gordo-tendra-que-darle-la-espalda-a-su-familia-y-otras-condiciones-tras-su-liberacion\\\/#primaryimage\",\"url\":\"https:\\\/\\\/fuentesfidedignas.com.mx\\\/wp-content\\\/uploads\\\/2022\\\/07\\\/XX23APPRLFGHJFSJ2CL35BUJGA.webp\",\"contentUrl\":\"https:\\\/\\\/fuentesfidedignas.com.mx\\\/wp-content\\\/uploads\\\/2022\\\/07\\\/XX23APPRLFGHJFSJ2CL35BUJGA.webp\",\"width\":992,\"height\":558},{\"@type\":\"BreadcrumbList\",\"@id\":\"https:\\\/\\\/fuentesfidedignas.com.mx\\\/index.php\\\/2022\\\/07\\\/25\\\/el-mayito-gordo-tendra-que-darle-la-espalda-a-su-familia-y-otras-condiciones-tras-su-liberacion\\\/#breadcrumb\",\"itemListElement\":[{\"@type\":\"ListItem\",\"position\":1,\"name\":\"Inicio\",\"item\":\"https:\\\/\\\/fuentesfidedignas.com.mx\\\/\"},{\"@type\":\"ListItem\",\"position\":2,\"name\":\"\u201cEl Mayito Gordo\u201d tendr\u00e1 que darle la espalda a su familia y otras condiciones tras su liberaci\u00f3n\"}]},{\"@type\":\"WebSite\",\"@id\":\"https:\\\/\\\/fuentesfidedignas.com.mx\\\/#website\",\"url\":\"https:\\\/\\\/fuentesfidedignas.com.mx\\\/\",\"name\":\"Fuentes Fidedignas\",\"description\":\"Otro sitio realizado con WordPress\",\"publisher\":{\"@id\":\"https:\\\/\\\/fuentesfidedignas.com.mx\\\/#organization\"},\"potentialAction\":[{\"@type\":\"SearchAction\",\"target\":{\"@type\":\"EntryPoint\",\"urlTemplate\":\"https:\\\/\\\/fuentesfidedignas.com.mx\\\/?s={search_term_string}\"},\"query-input\":{\"@type\":\"PropertyValueSpecification\",\"valueRequired\":true,\"valueName\":\"search_term_string\"}}],\"inLanguage\":\"es\"},{\"@type\":\"Organization\",\"@id\":\"https:\\\/\\\/fuentesfidedignas.com.mx\\\/#organization\",\"name\":\"Fuentes Fidedignas\",\"url\":\"https:\\\/\\\/fuentesfidedignas.com.mx\\\/\",\"logo\":{\"@type\":\"ImageObject\",\"inLanguage\":\"es\",\"@id\":\"https:\\\/\\\/fuentesfidedignas.com.mx\\\/#\\\/schema\\\/logo\\\/image\\\/\",\"url\":\"https:\\\/\\\/fuentesfidedignas.com.mx\\\/wp-content\\\/uploads\\\/2021\\\/04\\\/logo-retina.png\",\"contentUrl\":\"https:\\\/\\\/fuentesfidedignas.com.mx\\\/wp-content\\\/uploads\\\/2021\\\/04\\\/logo-retina.png\",\"width\":280,\"height\":51,\"caption\":\"Fuentes Fidedignas\"},\"image\":{\"@id\":\"https:\\\/\\\/fuentesfidedignas.com.mx\\\/#\\\/schema\\\/logo\\\/image\\\/\"},\"sameAs\":[\"https:\\\/\\\/www.facebook.com\\\/Fuentes-Fidedignas-368234489921644\",\"https:\\\/\\\/x.com\\\/fidedignas\"]},{\"@type\":\"Person\",\"@id\":\"https:\\\/\\\/fuentesfidedignas.com.mx\\\/#\\\/schema\\\/person\\\/8575896a7c1067d352f6c1cd6582c389\",\"name\":\"Infobae\",\"image\":{\"@type\":\"ImageObject\",\"inLanguage\":\"es\",\"@id\":\"https:\\\/\\\/secure.gravatar.com\\\/avatar\\\/e4ec95706f8d1670343f6526fdcec45474bab17475a851434a64ca12b5acba1c?s=96&d=mm&r=g\",\"url\":\"https:\\\/\\\/secure.gravatar.com\\\/avatar\\\/e4ec95706f8d1670343f6526fdcec45474bab17475a851434a64ca12b5acba1c?s=96&d=mm&r=g\",\"contentUrl\":\"https:\\\/\\\/secure.gravatar.com\\\/avatar\\\/e4ec95706f8d1670343f6526fdcec45474bab17475a851434a64ca12b5acba1c?s=96&d=mm&r=g\",\"caption\":\"Infobae\"},\"url\":\"https:\\\/\\\/fuentesfidedignas.com.mx\\\/index.php\\\/author\\\/infobae\\\/\"}]}<\/script>\n<!-- \/ Yoast SEO plugin. -->","yoast_head_json":{"title":"\u201cEl Mayito Gordo\u201d tendr\u00e1 que darle la espalda a su familia y otras condiciones tras su liberaci\u00f3n - Fuentes Fidedignas","robots":{"index":"index","follow":"follow","max-snippet":"max-snippet:-1","max-image-preview":"max-image-preview:large","max-video-preview":"max-video-preview:-1"},"canonical":"https:\/\/fuentesfidedignas.com.mx\/index.php\/2022\/07\/25\/el-mayito-gordo-tendra-que-darle-la-espalda-a-su-familia-y-otras-condiciones-tras-su-liberacion\/","og_locale":"es_MX","og_type":"article","og_title":"\u201cEl Mayito Gordo\u201d tendr\u00e1 que darle la espalda a su familia y otras condiciones tras su liberaci\u00f3n - Fuentes Fidedignas","og_description":"El hijo de Ismael \u201cEl Mayo\u201d Zambada obtuvo su libertad el pasado 22 de julio bajo ciertas condiciones Ciudad de M\u00e9xico. Ismael Zambada\u00a0Imperial, conocido como\u00a0El Mayito Gordo, hijo de\u00a0Ismael\u00a0El Mayo\u00a0Zambada\u00a0Garc\u00eda, obtuvo su libertad condicional luego de una resoluci\u00f3n de la justicia estadounidense, donde se encontraba\u00a0recluido desde 2019. El pasado\u00a022 de julio fue liberado,\u00a0tras encontrarse privado [&hellip;]","og_url":"https:\/\/fuentesfidedignas.com.mx\/index.php\/2022\/07\/25\/el-mayito-gordo-tendra-que-darle-la-espalda-a-su-familia-y-otras-condiciones-tras-su-liberacion\/","og_site_name":"Fuentes Fidedignas","article_publisher":"https:\/\/www.facebook.com\/Fuentes-Fidedignas-368234489921644","article_published_time":"2022-07-25T15:36:13+00:00","article_modified_time":"2022-07-25T15:36:28+00:00","og_image":[{"width":992,"height":558,"url":"https:\/\/fuentesfidedignas.com.mx\/wp-content\/uploads\/2022\/07\/XX23APPRLFGHJFSJ2CL35BUJGA.webp","type":"image\/webp"}],"author":"Infobae","twitter_card":"summary_large_image","twitter_creator":"@fidedignas","twitter_site":"@fidedignas","twitter_misc":{"Escrito por":"Infobae","Tiempo de lectura":"4 minutos"},"schema":{"@context":"https:\/\/schema.org","@graph":[{"@type":"Article","@id":"https:\/\/fuentesfidedignas.com.mx\/index.php\/2022\/07\/25\/el-mayito-gordo-tendra-que-darle-la-espalda-a-su-familia-y-otras-condiciones-tras-su-liberacion\/#article","isPartOf":{"@id":"https:\/\/fuentesfidedignas.com.mx\/index.php\/2022\/07\/25\/el-mayito-gordo-tendra-que-darle-la-espalda-a-su-familia-y-otras-condiciones-tras-su-liberacion\/"},"author":{"name":"Infobae","@id":"https:\/\/fuentesfidedignas.com.mx\/#\/schema\/person\/8575896a7c1067d352f6c1cd6582c389"},"headline":"\u201cEl Mayito Gordo\u201d tendr\u00e1 que darle la espalda a su familia y otras condiciones tras su liberaci\u00f3n","datePublished":"2022-07-25T15:36:13+00:00","dateModified":"2022-07-25T15:36:28+00:00","mainEntityOfPage":{"@id":"https:\/\/fuentesfidedignas.com.mx\/index.php\/2022\/07\/25\/el-mayito-gordo-tendra-que-darle-la-espalda-a-su-familia-y-otras-condiciones-tras-su-liberacion\/"},"wordCount":825,"commentCount":0,"publisher":{"@id":"https:\/\/fuentesfidedignas.com.mx\/#organization"},"image":{"@id":"https:\/\/fuentesfidedignas.com.mx\/index.php\/2022\/07\/25\/el-mayito-gordo-tendra-que-darle-la-espalda-a-su-familia-y-otras-condiciones-tras-su-liberacion\/#primaryimage"},"thumbnailUrl":"https:\/\/fuentesfidedignas.com.mx\/wp-content\/uploads\/2022\/07\/XX23APPRLFGHJFSJ2CL35BUJGA.webp","articleSection":["NOTICIAS NACIONALES"],"inLanguage":"es","potentialAction":[{"@type":"CommentAction","name":"Comment","target":["https:\/\/fuentesfidedignas.com.mx\/index.php\/2022\/07\/25\/el-mayito-gordo-tendra-que-darle-la-espalda-a-su-familia-y-otras-condiciones-tras-su-liberacion\/#respond"]}]},{"@type":"WebPage","@id":"https:\/\/fuentesfidedignas.com.mx\/index.php\/2022\/07\/25\/el-mayito-gordo-tendra-que-darle-la-espalda-a-su-familia-y-otras-condiciones-tras-su-liberacion\/","url":"https:\/\/fuentesfidedignas.com.mx\/index.php\/2022\/07\/25\/el-mayito-gordo-tendra-que-darle-la-espalda-a-su-familia-y-otras-condiciones-tras-su-liberacion\/","name":"\u201cEl Mayito Gordo\u201d tendr\u00e1 que darle la espalda a su familia y otras condiciones tras su liberaci\u00f3n - Fuentes Fidedignas","isPartOf":{"@id":"https:\/\/fuentesfidedignas.com.mx\/#website"},"primaryImageOfPage":{"@id":"https:\/\/fuentesfidedignas.com.mx\/index.php\/2022\/07\/25\/el-mayito-gordo-tendra-que-darle-la-espalda-a-su-familia-y-otras-condiciones-tras-su-liberacion\/#primaryimage"},"image":{"@id":"https:\/\/fuentesfidedignas.com.mx\/index.php\/2022\/07\/25\/el-mayito-gordo-tendra-que-darle-la-espalda-a-su-familia-y-otras-condiciones-tras-su-liberacion\/#primaryimage"},"thumbnailUrl":"https:\/\/fuentesfidedignas.com.mx\/wp-content\/uploads\/2022\/07\/XX23APPRLFGHJFSJ2CL35BUJGA.webp","datePublished":"2022-07-25T15:36:13+00:00","dateModified":"2022-07-25T15:36:28+00:00","breadcrumb":{"@id":"https:\/\/fuentesfidedignas.com.mx\/index.php\/2022\/07\/25\/el-mayito-gordo-tendra-que-darle-la-espalda-a-su-familia-y-otras-condiciones-tras-su-liberacion\/#breadcrumb"},"inLanguage":"es","potentialAction":[{"@type":"ReadAction","target":["https:\/\/fuentesfidedignas.com.mx\/index.php\/2022\/07\/25\/el-mayito-gordo-tendra-que-darle-la-espalda-a-su-familia-y-otras-condiciones-tras-su-liberacion\/"]}]},{"@type":"ImageObject","inLanguage":"es","@id":"https:\/\/fuentesfidedignas.com.mx\/index.php\/2022\/07\/25\/el-mayito-gordo-tendra-que-darle-la-espalda-a-su-familia-y-otras-condiciones-tras-su-liberacion\/#primaryimage","url":"https:\/\/fuentesfidedignas.com.mx\/wp-content\/uploads\/2022\/07\/XX23APPRLFGHJFSJ2CL35BUJGA.webp","contentUrl":"https:\/\/fuentesfidedignas.com.mx\/wp-content\/uploads\/2022\/07\/XX23APPRLFGHJFSJ2CL35BUJGA.webp","width":992,"height":558},{"@type":"BreadcrumbList","@id":"https:\/\/fuentesfidedignas.com.mx\/index.php\/2022\/07\/25\/el-mayito-gordo-tendra-que-darle-la-espalda-a-su-familia-y-otras-condiciones-tras-su-liberacion\/#breadcrumb","itemListElement":[{"@type":"ListItem","position":1,"name":"Inicio","item":"https:\/\/fuentesfidedignas.com.mx\/"},{"@type":"ListItem","position":2,"name":"\u201cEl Mayito Gordo\u201d tendr\u00e1 que darle la espalda a su familia y otras condiciones tras su liberaci\u00f3n"}]},{"@type":"WebSite","@id":"https:\/\/fuentesfidedignas.com.mx\/#website","url":"https:\/\/fuentesfidedignas.com.mx\/","name":"Fuentes Fidedignas","description":"Otro sitio realizado con WordPress","publisher":{"@id":"https:\/\/fuentesfidedignas.com.mx\/#organization"},"potentialAction":[{"@type":"SearchAction","target":{"@type":"EntryPoint","urlTemplate":"https:\/\/fuentesfidedignas.com.mx\/?s={search_term_string}"},"query-input":{"@type":"PropertyValueSpecification","valueRequired":true,"valueName":"search_term_string"}}],"inLanguage":"es"},{"@type":"Organization","@id":"https:\/\/fuentesfidedignas.com.mx\/#organization","name":"Fuentes Fidedignas","url":"https:\/\/fuentesfidedignas.com.mx\/","logo":{"@type":"ImageObject","inLanguage":"es","@id":"https:\/\/fuentesfidedignas.com.mx\/#\/schema\/logo\/image\/","url":"https:\/\/fuentesfidedignas.com.mx\/wp-content\/uploads\/2021\/04\/logo-retina.png","contentUrl":"https:\/\/fuentesfidedignas.com.mx\/wp-content\/uploads\/2021\/04\/logo-retina.png","width":280,"height":51,"caption":"Fuentes Fidedignas"},"image":{"@id":"https:\/\/fuentesfidedignas.com.mx\/#\/schema\/logo\/image\/"},"sameAs":["https:\/\/www.facebook.com\/Fuentes-Fidedignas-368234489921644","https:\/\/x.com\/fidedignas"]},{"@type":"Person","@id":"https:\/\/fuentesfidedignas.com.mx\/#\/schema\/person\/8575896a7c1067d352f6c1cd6582c389","name":"Infobae","image":{"@type":"ImageObject","inLanguage":"es","@id":"https:\/\/secure.gravatar.com\/avatar\/e4ec95706f8d1670343f6526fdcec45474bab17475a851434a64ca12b5acba1c?s=96&d=mm&r=g","url":"https:\/\/secure.gravatar.com\/avatar\/e4ec95706f8d1670343f6526fdcec45474bab17475a851434a64ca12b5acba1c?s=96&d=mm&r=g","contentUrl":"https:\/\/secure.gravatar.com\/avatar\/e4ec95706f8d1670343f6526fdcec45474bab17475a851434a64ca12b5acba1c?s=96&d=mm&r=g","caption":"Infobae"},"url":"https:\/\/fuentesfidedignas.com.mx\/index.php\/author\/infobae\/"}]}},"_links":{"self":[{"href":"https:\/\/fuentesfidedignas.com.mx\/index.php\/wp-json\/wp\/v2\/posts\/38285","targetHints":{"allow":["GET"]}}],"collection":[{"href":"https:\/\/fuentesfidedignas.com.mx\/index.php\/wp-json\/wp\/v2\/posts"}],"about":[{"href":"https:\/\/fuentesfidedignas.com.mx\/index.php\/wp-json\/wp\/v2\/types\/post"}],"author":[{"embeddable":true,"href":"https:\/\/fuentesfidedignas.com.mx\/index.php\/wp-json\/wp\/v2\/users\/41"}],"replies":[{"embeddable":true,"href":"https:\/\/fuentesfidedignas.com.mx\/index.php\/wp-json\/wp\/v2\/comments?post=38285"}],"version-history":[{"count":1,"href":"https:\/\/fuentesfidedignas.com.mx\/index.php\/wp-json\/wp\/v2\/posts\/38285\/revisions"}],"predecessor-version":[{"id":38286,"href":"https:\/\/fuentesfidedignas.com.mx\/index.php\/wp-json\/wp\/v2\/posts\/38285\/revisions\/38286"}],"wp:featuredmedia":[{"embeddable":true,"href":"https:\/\/fuentesfidedignas.com.mx\/index.php\/wp-json\/wp\/v2\/media\/38287"}],"wp:attachment":[{"href":"https:\/\/fuentesfidedignas.com.mx\/index.php\/wp-json\/wp\/v2\/media?parent=38285"}],"wp:term":[{"taxonomy":"category","embeddable":true,"href":"https:\/\/fuentesfidedignas.com.mx\/index.php\/wp-json\/wp\/v2\/categories?post=38285"},{"taxonomy":"post_tag","embeddable":true,"href":"https:\/\/fuentesfidedignas.com.mx\/index.php\/wp-json\/wp\/v2\/tags?post=38285"}],"curies":[{"name":"wp","href":"https:\/\/api.w.org\/{rel}","templated":true}]}}