{"id":38235,"date":"2022-07-24T13:06:42","date_gmt":"2022-07-24T19:06:42","guid":{"rendered":"https:\/\/fuentesfidedignas.com.mx\/?p=38235"},"modified":"2022-07-24T13:06:43","modified_gmt":"2022-07-24T19:06:43","slug":"mexico-confirma-55-casos-de-viruela-del-mono-y-amplia-medidas-preventivas","status":"publish","type":"post","link":"https:\/\/fuentesfidedignas.com.mx\/index.php\/2022\/07\/24\/mexico-confirma-55-casos-de-viruela-del-mono-y-amplia-medidas-preventivas\/","title":{"rendered":"M\u00e9xico confirma 55 casos de viruela del mono y ampl\u00eda medidas preventivas"},"content":{"rendered":"\n<p><strong><em>La Secretar\u00eda de Salud de M\u00e9xico inform\u00f3 que, hasta el 23 de julio, se han confirmado 55 casos de viruela del mono en 9 estados del pa\u00eds.<\/em><\/strong><\/p>\n\n\n\n<p>Ciudad de M\u00e9xico.- El director general de la OMS, Tedros Adhanom Ghebreyesus, declar\u00f3 el s\u00e1bado el m\u00e1ximo nivel de alerta por el actual brote de viruela del mono, que suma ya m\u00e1s de 16,000 casos (cinco de ellos mortales) en 75 pa\u00edses, muchos de ellos en Europa, donde la enfermedad no era end\u00e9mica.<\/p>\n\n\n\n<p>En un comunicado, la Secretar\u00eda de Salud (SSa) de M\u00e9xico inform\u00f3 que, hasta el 23 de julio, se han confirmado 55 casos en nueve estados de los 32 que integran el pa\u00eds. M\u00e9xico detect\u00f3 su primer caso el 28 de mayo.<\/p>\n\n\n\n<p>Tras ser declarada una emergencia de salud p\u00fablica de importancia internacional (ESPII), la OMS present\u00f3 una serie de recomendaciones para los pa\u00edses miembros de este organismo.<\/p>\n\n\n\n<p>\u201cLa declaratoria de ESPII atiende varios criterios, no necesariamente porque se trate de una enfermedad grave o de r\u00e1pida propagaci\u00f3n\u201d, apunt\u00f3 en la nota la SSa.<\/p>\n\n\n\n<p>Adem\u00e1s, dijo que la OMS \u201cla considera como leve, autolimitada y de baja transmisi\u00f3n. Sus caracter\u00edsticas cl\u00ednicas, mecanismos de transmisi\u00f3n y velocidad de propagaci\u00f3n son considerablemente diferentes a la covid-19\u201d.<\/p>\n\n\n\n<p>Por ello, Salud de M\u00e9xico dijo que la nueva fase del paquete de intervenciones preventivas \u201cincorpora la emisi\u00f3n de un segundo Aviso Epidemiol\u00f3gico de Viruela S\u00edmica para todas las unidades m\u00e9dicas y de salud p\u00fablica\u201d.<\/p>\n\n\n\n<p>Adem\u00e1s, dijo que presentan las gu\u00edas de pr\u00e1ctica cl\u00ednica para la atenci\u00f3n estandarizada y se habilitar\u00e1 el centro automatizado de atenci\u00f3n telef\u00f3nica para orientar a las personas y facilitar el acceso a la atenci\u00f3n.<\/p>\n\n\n\n<p>Mientras que en el sitio espec\u00edfico de internet para viruela s\u00edmica se presentar\u00e1n diversos materiales informativos de promoci\u00f3n de la salud, se capacitar\u00e1 al personal de salud y se realizar\u00e1n talleres de concientizaci\u00f3n y manejo de riesgos dirigidos a poblaciones clave, entre otras medidas.<\/p>\n\n\n\n<p>\u201cLos lineamientos de vigilancia epidemiol\u00f3gica y diagn\u00f3stico por laboratorio, en vigor desde el inicio de la epidemia en mayo de 2022, ha guiado la detecci\u00f3n oportuna y confirmaci\u00f3n de casos sospechosos\u201d, se\u00f1al\u00f3 la dependencia.<\/p>\n\n\n\n<p>La SSa record\u00f3 que la enfermedad se transmite por contacto directo con animales infectados como monos y roedores; por exposici\u00f3n a secreciones de una persona infectada a trav\u00e9s de mucosas o lesiones de la piel.<\/p>\n\n\n\n<p>Adem\u00e1s, por comer carne mal cocida y otros productos de animales contaminados con el virus. Otros mecanismos conocidos incluyen gotitas respiratorias y objetos contaminados con los l\u00edquidos corporales de la persona enferma.<\/p>\n\n\n\n<p>Precis\u00f3 que en M\u00e9xico la viruela s\u00edmica no es una enfermedad end\u00e9mica, por lo que la transmisi\u00f3n es principalmente por contacto estrecho (incluidas las relaciones sexuales) con personas infectadas durante su periodo de contagio o a trav\u00e9s de objetos contaminados (ropa, ropa de cama, toallas y otros).<\/p>\n","protected":false},"excerpt":{"rendered":"<p>La Secretar\u00eda de Salud de M\u00e9xico inform\u00f3 que, hasta el 23 de julio, se han confirmado 55 casos de viruela del mono en 9 estados del pa\u00eds. Ciudad de M\u00e9xico.- El director general de la OMS, Tedros Adhanom Ghebreyesus, declar\u00f3 el s\u00e1bado el m\u00e1ximo nivel de alerta por el actual brote de viruela del mono, [&hellip;]<\/p>\n","protected":false},"author":5,"featured_media":32427,"comment_status":"open","ping_status":"open","sticky":false,"template":"","format":"standard","meta":{"tdm_status":"","tdm_grid_status":"","footnotes":""},"categories":[39],"tags":[],"class_list":{"0":"post-38235","1":"post","2":"type-post","3":"status-publish","4":"format-standard","5":"has-post-thumbnail","7":"category-noticias-nacionales"},"yoast_head":"<!-- This site is optimized with the Yoast SEO plugin v27.4 - https:\/\/yoast.com\/product\/yoast-seo-wordpress\/ -->\n<title>M\u00e9xico confirma 55 casos de viruela del mono y ampl\u00eda medidas preventivas - Fuentes Fidedignas<\/title>\n<meta name=\"robots\" content=\"index, follow, max-snippet:-1, max-image-preview:large, max-video-preview:-1\" \/>\n<link rel=\"canonical\" href=\"https:\/\/fuentesfidedignas.com.mx\/index.php\/2022\/07\/24\/mexico-confirma-55-casos-de-viruela-del-mono-y-amplia-medidas-preventivas\/\" \/>\n<meta property=\"og:locale\" content=\"es_MX\" \/>\n<meta property=\"og:type\" content=\"article\" \/>\n<meta property=\"og:title\" content=\"M\u00e9xico confirma 55 casos de viruela del mono y ampl\u00eda medidas preventivas - Fuentes Fidedignas\" \/>\n<meta property=\"og:description\" content=\"La Secretar\u00eda de Salud de M\u00e9xico inform\u00f3 que, hasta el 23 de julio, se han confirmado 55 casos de viruela del mono en 9 estados del pa\u00eds. Ciudad de M\u00e9xico.- El director general de la OMS, Tedros Adhanom Ghebreyesus, declar\u00f3 el s\u00e1bado el m\u00e1ximo nivel de alerta por el actual brote de viruela del mono, [&hellip;]\" \/>\n<meta property=\"og:url\" content=\"https:\/\/fuentesfidedignas.com.mx\/index.php\/2022\/07\/24\/mexico-confirma-55-casos-de-viruela-del-mono-y-amplia-medidas-preventivas\/\" \/>\n<meta property=\"og:site_name\" content=\"Fuentes Fidedignas\" \/>\n<meta property=\"article:publisher\" content=\"https:\/\/www.facebook.com\/Fuentes-Fidedignas-368234489921644\" \/>\n<meta property=\"article:published_time\" content=\"2022-07-24T19:06:42+00:00\" \/>\n<meta property=\"article:modified_time\" content=\"2022-07-24T19:06:43+00:00\" \/>\n<meta property=\"og:image\" content=\"https:\/\/fuentesfidedignas.com.mx\/wp-content\/uploads\/2022\/05\/VIRUELA_MONO-1.jpg\" \/>\n\t<meta property=\"og:image:width\" content=\"1187\" \/>\n\t<meta property=\"og:image:height\" content=\"712\" \/>\n\t<meta property=\"og:image:type\" content=\"image\/jpeg\" \/>\n<meta name=\"author\" content=\"Forbes\" \/>\n<meta name=\"twitter:card\" content=\"summary_large_image\" \/>\n<meta name=\"twitter:creator\" content=\"@fidedignas\" \/>\n<meta name=\"twitter:site\" content=\"@fidedignas\" \/>\n<meta name=\"twitter:label1\" content=\"Escrito por\" \/>\n\t<meta name=\"twitter:data1\" content=\"Forbes\" \/>\n\t<meta name=\"twitter:label2\" content=\"Tiempo de lectura\" \/>\n\t<meta name=\"twitter:data2\" content=\"3 minutos\" \/>\n<script type=\"application\/ld+json\" class=\"yoast-schema-graph\">{\"@context\":\"https:\\\/\\\/schema.org\",\"@graph\":[{\"@type\":\"Article\",\"@id\":\"https:\\\/\\\/fuentesfidedignas.com.mx\\\/index.php\\\/2022\\\/07\\\/24\\\/mexico-confirma-55-casos-de-viruela-del-mono-y-amplia-medidas-preventivas\\\/#article\",\"isPartOf\":{\"@id\":\"https:\\\/\\\/fuentesfidedignas.com.mx\\\/index.php\\\/2022\\\/07\\\/24\\\/mexico-confirma-55-casos-de-viruela-del-mono-y-amplia-medidas-preventivas\\\/\"},\"author\":{\"name\":\"Forbes\",\"@id\":\"https:\\\/\\\/fuentesfidedignas.com.mx\\\/#\\\/schema\\\/person\\\/5623d53fe2e579d825b1679734abcc44\"},\"headline\":\"M\u00e9xico confirma 55 casos de viruela del mono y ampl\u00eda medidas preventivas\",\"datePublished\":\"2022-07-24T19:06:42+00:00\",\"dateModified\":\"2022-07-24T19:06:43+00:00\",\"mainEntityOfPage\":{\"@id\":\"https:\\\/\\\/fuentesfidedignas.com.mx\\\/index.php\\\/2022\\\/07\\\/24\\\/mexico-confirma-55-casos-de-viruela-del-mono-y-amplia-medidas-preventivas\\\/\"},\"wordCount\":525,\"commentCount\":0,\"publisher\":{\"@id\":\"https:\\\/\\\/fuentesfidedignas.com.mx\\\/#organization\"},\"image\":{\"@id\":\"https:\\\/\\\/fuentesfidedignas.com.mx\\\/index.php\\\/2022\\\/07\\\/24\\\/mexico-confirma-55-casos-de-viruela-del-mono-y-amplia-medidas-preventivas\\\/#primaryimage\"},\"thumbnailUrl\":\"https:\\\/\\\/fuentesfidedignas.com.mx\\\/wp-content\\\/uploads\\\/2022\\\/05\\\/VIRUELA_MONO-1.jpg\",\"articleSection\":[\"NOTICIAS NACIONALES\"],\"inLanguage\":\"es\",\"potentialAction\":[{\"@type\":\"CommentAction\",\"name\":\"Comment\",\"target\":[\"https:\\\/\\\/fuentesfidedignas.com.mx\\\/index.php\\\/2022\\\/07\\\/24\\\/mexico-confirma-55-casos-de-viruela-del-mono-y-amplia-medidas-preventivas\\\/#respond\"]}]},{\"@type\":\"WebPage\",\"@id\":\"https:\\\/\\\/fuentesfidedignas.com.mx\\\/index.php\\\/2022\\\/07\\\/24\\\/mexico-confirma-55-casos-de-viruela-del-mono-y-amplia-medidas-preventivas\\\/\",\"url\":\"https:\\\/\\\/fuentesfidedignas.com.mx\\\/index.php\\\/2022\\\/07\\\/24\\\/mexico-confirma-55-casos-de-viruela-del-mono-y-amplia-medidas-preventivas\\\/\",\"name\":\"M\u00e9xico confirma 55 casos de viruela del mono y ampl\u00eda medidas preventivas - Fuentes Fidedignas\",\"isPartOf\":{\"@id\":\"https:\\\/\\\/fuentesfidedignas.com.mx\\\/#website\"},\"primaryImageOfPage\":{\"@id\":\"https:\\\/\\\/fuentesfidedignas.com.mx\\\/index.php\\\/2022\\\/07\\\/24\\\/mexico-confirma-55-casos-de-viruela-del-mono-y-amplia-medidas-preventivas\\\/#primaryimage\"},\"image\":{\"@id\":\"https:\\\/\\\/fuentesfidedignas.com.mx\\\/index.php\\\/2022\\\/07\\\/24\\\/mexico-confirma-55-casos-de-viruela-del-mono-y-amplia-medidas-preventivas\\\/#primaryimage\"},\"thumbnailUrl\":\"https:\\\/\\\/fuentesfidedignas.com.mx\\\/wp-content\\\/uploads\\\/2022\\\/05\\\/VIRUELA_MONO-1.jpg\",\"datePublished\":\"2022-07-24T19:06:42+00:00\",\"dateModified\":\"2022-07-24T19:06:43+00:00\",\"breadcrumb\":{\"@id\":\"https:\\\/\\\/fuentesfidedignas.com.mx\\\/index.php\\\/2022\\\/07\\\/24\\\/mexico-confirma-55-casos-de-viruela-del-mono-y-amplia-medidas-preventivas\\\/#breadcrumb\"},\"inLanguage\":\"es\",\"potentialAction\":[{\"@type\":\"ReadAction\",\"target\":[\"https:\\\/\\\/fuentesfidedignas.com.mx\\\/index.php\\\/2022\\\/07\\\/24\\\/mexico-confirma-55-casos-de-viruela-del-mono-y-amplia-medidas-preventivas\\\/\"]}]},{\"@type\":\"ImageObject\",\"inLanguage\":\"es\",\"@id\":\"https:\\\/\\\/fuentesfidedignas.com.mx\\\/index.php\\\/2022\\\/07\\\/24\\\/mexico-confirma-55-casos-de-viruela-del-mono-y-amplia-medidas-preventivas\\\/#primaryimage\",\"url\":\"https:\\\/\\\/fuentesfidedignas.com.mx\\\/wp-content\\\/uploads\\\/2022\\\/05\\\/VIRUELA_MONO-1.jpg\",\"contentUrl\":\"https:\\\/\\\/fuentesfidedignas.com.mx\\\/wp-content\\\/uploads\\\/2022\\\/05\\\/VIRUELA_MONO-1.jpg\",\"width\":1187,\"height\":712},{\"@type\":\"BreadcrumbList\",\"@id\":\"https:\\\/\\\/fuentesfidedignas.com.mx\\\/index.php\\\/2022\\\/07\\\/24\\\/mexico-confirma-55-casos-de-viruela-del-mono-y-amplia-medidas-preventivas\\\/#breadcrumb\",\"itemListElement\":[{\"@type\":\"ListItem\",\"position\":1,\"name\":\"Inicio\",\"item\":\"https:\\\/\\\/fuentesfidedignas.com.mx\\\/\"},{\"@type\":\"ListItem\",\"position\":2,\"name\":\"M\u00e9xico confirma 55 casos de viruela del mono y ampl\u00eda medidas preventivas\"}]},{\"@type\":\"WebSite\",\"@id\":\"https:\\\/\\\/fuentesfidedignas.com.mx\\\/#website\",\"url\":\"https:\\\/\\\/fuentesfidedignas.com.mx\\\/\",\"name\":\"Fuentes Fidedignas\",\"description\":\"Otro sitio realizado con WordPress\",\"publisher\":{\"@id\":\"https:\\\/\\\/fuentesfidedignas.com.mx\\\/#organization\"},\"potentialAction\":[{\"@type\":\"SearchAction\",\"target\":{\"@type\":\"EntryPoint\",\"urlTemplate\":\"https:\\\/\\\/fuentesfidedignas.com.mx\\\/?s={search_term_string}\"},\"query-input\":{\"@type\":\"PropertyValueSpecification\",\"valueRequired\":true,\"valueName\":\"search_term_string\"}}],\"inLanguage\":\"es\"},{\"@type\":\"Organization\",\"@id\":\"https:\\\/\\\/fuentesfidedignas.com.mx\\\/#organization\",\"name\":\"Fuentes Fidedignas\",\"url\":\"https:\\\/\\\/fuentesfidedignas.com.mx\\\/\",\"logo\":{\"@type\":\"ImageObject\",\"inLanguage\":\"es\",\"@id\":\"https:\\\/\\\/fuentesfidedignas.com.mx\\\/#\\\/schema\\\/logo\\\/image\\\/\",\"url\":\"https:\\\/\\\/fuentesfidedignas.com.mx\\\/wp-content\\\/uploads\\\/2021\\\/04\\\/logo-retina.png\",\"contentUrl\":\"https:\\\/\\\/fuentesfidedignas.com.mx\\\/wp-content\\\/uploads\\\/2021\\\/04\\\/logo-retina.png\",\"width\":280,\"height\":51,\"caption\":\"Fuentes Fidedignas\"},\"image\":{\"@id\":\"https:\\\/\\\/fuentesfidedignas.com.mx\\\/#\\\/schema\\\/logo\\\/image\\\/\"},\"sameAs\":[\"https:\\\/\\\/www.facebook.com\\\/Fuentes-Fidedignas-368234489921644\",\"https:\\\/\\\/x.com\\\/fidedignas\"]},{\"@type\":\"Person\",\"@id\":\"https:\\\/\\\/fuentesfidedignas.com.mx\\\/#\\\/schema\\\/person\\\/5623d53fe2e579d825b1679734abcc44\",\"name\":\"Forbes\",\"image\":{\"@type\":\"ImageObject\",\"inLanguage\":\"es\",\"@id\":\"https:\\\/\\\/secure.gravatar.com\\\/avatar\\\/87ce3dd4e41e60c22a79c758614f01a6bc2469255fc936ec7b15efb9bb5cb66f?s=96&d=mm&r=g\",\"url\":\"https:\\\/\\\/secure.gravatar.com\\\/avatar\\\/87ce3dd4e41e60c22a79c758614f01a6bc2469255fc936ec7b15efb9bb5cb66f?s=96&d=mm&r=g\",\"contentUrl\":\"https:\\\/\\\/secure.gravatar.com\\\/avatar\\\/87ce3dd4e41e60c22a79c758614f01a6bc2469255fc936ec7b15efb9bb5cb66f?s=96&d=mm&r=g\",\"caption\":\"Forbes\"},\"url\":\"https:\\\/\\\/fuentesfidedignas.com.mx\\\/index.php\\\/author\\\/forbes\\\/\"}]}<\/script>\n<!-- \/ Yoast SEO plugin. -->","yoast_head_json":{"title":"M\u00e9xico confirma 55 casos de viruela del mono y ampl\u00eda medidas preventivas - Fuentes Fidedignas","robots":{"index":"index","follow":"follow","max-snippet":"max-snippet:-1","max-image-preview":"max-image-preview:large","max-video-preview":"max-video-preview:-1"},"canonical":"https:\/\/fuentesfidedignas.com.mx\/index.php\/2022\/07\/24\/mexico-confirma-55-casos-de-viruela-del-mono-y-amplia-medidas-preventivas\/","og_locale":"es_MX","og_type":"article","og_title":"M\u00e9xico confirma 55 casos de viruela del mono y ampl\u00eda medidas preventivas - Fuentes Fidedignas","og_description":"La Secretar\u00eda de Salud de M\u00e9xico inform\u00f3 que, hasta el 23 de julio, se han confirmado 55 casos de viruela del mono en 9 estados del pa\u00eds. Ciudad de M\u00e9xico.- El director general de la OMS, Tedros Adhanom Ghebreyesus, declar\u00f3 el s\u00e1bado el m\u00e1ximo nivel de alerta por el actual brote de viruela del mono, [&hellip;]","og_url":"https:\/\/fuentesfidedignas.com.mx\/index.php\/2022\/07\/24\/mexico-confirma-55-casos-de-viruela-del-mono-y-amplia-medidas-preventivas\/","og_site_name":"Fuentes Fidedignas","article_publisher":"https:\/\/www.facebook.com\/Fuentes-Fidedignas-368234489921644","article_published_time":"2022-07-24T19:06:42+00:00","article_modified_time":"2022-07-24T19:06:43+00:00","og_image":[{"width":1187,"height":712,"url":"https:\/\/fuentesfidedignas.com.mx\/wp-content\/uploads\/2022\/05\/VIRUELA_MONO-1.jpg","type":"image\/jpeg"}],"author":"Forbes","twitter_card":"summary_large_image","twitter_creator":"@fidedignas","twitter_site":"@fidedignas","twitter_misc":{"Escrito por":"Forbes","Tiempo de lectura":"3 minutos"},"schema":{"@context":"https:\/\/schema.org","@graph":[{"@type":"Article","@id":"https:\/\/fuentesfidedignas.com.mx\/index.php\/2022\/07\/24\/mexico-confirma-55-casos-de-viruela-del-mono-y-amplia-medidas-preventivas\/#article","isPartOf":{"@id":"https:\/\/fuentesfidedignas.com.mx\/index.php\/2022\/07\/24\/mexico-confirma-55-casos-de-viruela-del-mono-y-amplia-medidas-preventivas\/"},"author":{"name":"Forbes","@id":"https:\/\/fuentesfidedignas.com.mx\/#\/schema\/person\/5623d53fe2e579d825b1679734abcc44"},"headline":"M\u00e9xico confirma 55 casos de viruela del mono y ampl\u00eda medidas preventivas","datePublished":"2022-07-24T19:06:42+00:00","dateModified":"2022-07-24T19:06:43+00:00","mainEntityOfPage":{"@id":"https:\/\/fuentesfidedignas.com.mx\/index.php\/2022\/07\/24\/mexico-confirma-55-casos-de-viruela-del-mono-y-amplia-medidas-preventivas\/"},"wordCount":525,"commentCount":0,"publisher":{"@id":"https:\/\/fuentesfidedignas.com.mx\/#organization"},"image":{"@id":"https:\/\/fuentesfidedignas.com.mx\/index.php\/2022\/07\/24\/mexico-confirma-55-casos-de-viruela-del-mono-y-amplia-medidas-preventivas\/#primaryimage"},"thumbnailUrl":"https:\/\/fuentesfidedignas.com.mx\/wp-content\/uploads\/2022\/05\/VIRUELA_MONO-1.jpg","articleSection":["NOTICIAS NACIONALES"],"inLanguage":"es","potentialAction":[{"@type":"CommentAction","name":"Comment","target":["https:\/\/fuentesfidedignas.com.mx\/index.php\/2022\/07\/24\/mexico-confirma-55-casos-de-viruela-del-mono-y-amplia-medidas-preventivas\/#respond"]}]},{"@type":"WebPage","@id":"https:\/\/fuentesfidedignas.com.mx\/index.php\/2022\/07\/24\/mexico-confirma-55-casos-de-viruela-del-mono-y-amplia-medidas-preventivas\/","url":"https:\/\/fuentesfidedignas.com.mx\/index.php\/2022\/07\/24\/mexico-confirma-55-casos-de-viruela-del-mono-y-amplia-medidas-preventivas\/","name":"M\u00e9xico confirma 55 casos de viruela del mono y ampl\u00eda medidas preventivas - Fuentes Fidedignas","isPartOf":{"@id":"https:\/\/fuentesfidedignas.com.mx\/#website"},"primaryImageOfPage":{"@id":"https:\/\/fuentesfidedignas.com.mx\/index.php\/2022\/07\/24\/mexico-confirma-55-casos-de-viruela-del-mono-y-amplia-medidas-preventivas\/#primaryimage"},"image":{"@id":"https:\/\/fuentesfidedignas.com.mx\/index.php\/2022\/07\/24\/mexico-confirma-55-casos-de-viruela-del-mono-y-amplia-medidas-preventivas\/#primaryimage"},"thumbnailUrl":"https:\/\/fuentesfidedignas.com.mx\/wp-content\/uploads\/2022\/05\/VIRUELA_MONO-1.jpg","datePublished":"2022-07-24T19:06:42+00:00","dateModified":"2022-07-24T19:06:43+00:00","breadcrumb":{"@id":"https:\/\/fuentesfidedignas.com.mx\/index.php\/2022\/07\/24\/mexico-confirma-55-casos-de-viruela-del-mono-y-amplia-medidas-preventivas\/#breadcrumb"},"inLanguage":"es","potentialAction":[{"@type":"ReadAction","target":["https:\/\/fuentesfidedignas.com.mx\/index.php\/2022\/07\/24\/mexico-confirma-55-casos-de-viruela-del-mono-y-amplia-medidas-preventivas\/"]}]},{"@type":"ImageObject","inLanguage":"es","@id":"https:\/\/fuentesfidedignas.com.mx\/index.php\/2022\/07\/24\/mexico-confirma-55-casos-de-viruela-del-mono-y-amplia-medidas-preventivas\/#primaryimage","url":"https:\/\/fuentesfidedignas.com.mx\/wp-content\/uploads\/2022\/05\/VIRUELA_MONO-1.jpg","contentUrl":"https:\/\/fuentesfidedignas.com.mx\/wp-content\/uploads\/2022\/05\/VIRUELA_MONO-1.jpg","width":1187,"height":712},{"@type":"BreadcrumbList","@id":"https:\/\/fuentesfidedignas.com.mx\/index.php\/2022\/07\/24\/mexico-confirma-55-casos-de-viruela-del-mono-y-amplia-medidas-preventivas\/#breadcrumb","itemListElement":[{"@type":"ListItem","position":1,"name":"Inicio","item":"https:\/\/fuentesfidedignas.com.mx\/"},{"@type":"ListItem","position":2,"name":"M\u00e9xico confirma 55 casos de viruela del mono y ampl\u00eda medidas preventivas"}]},{"@type":"WebSite","@id":"https:\/\/fuentesfidedignas.com.mx\/#website","url":"https:\/\/fuentesfidedignas.com.mx\/","name":"Fuentes Fidedignas","description":"Otro sitio realizado con WordPress","publisher":{"@id":"https:\/\/fuentesfidedignas.com.mx\/#organization"},"potentialAction":[{"@type":"SearchAction","target":{"@type":"EntryPoint","urlTemplate":"https:\/\/fuentesfidedignas.com.mx\/?s={search_term_string}"},"query-input":{"@type":"PropertyValueSpecification","valueRequired":true,"valueName":"search_term_string"}}],"inLanguage":"es"},{"@type":"Organization","@id":"https:\/\/fuentesfidedignas.com.mx\/#organization","name":"Fuentes Fidedignas","url":"https:\/\/fuentesfidedignas.com.mx\/","logo":{"@type":"ImageObject","inLanguage":"es","@id":"https:\/\/fuentesfidedignas.com.mx\/#\/schema\/logo\/image\/","url":"https:\/\/fuentesfidedignas.com.mx\/wp-content\/uploads\/2021\/04\/logo-retina.png","contentUrl":"https:\/\/fuentesfidedignas.com.mx\/wp-content\/uploads\/2021\/04\/logo-retina.png","width":280,"height":51,"caption":"Fuentes Fidedignas"},"image":{"@id":"https:\/\/fuentesfidedignas.com.mx\/#\/schema\/logo\/image\/"},"sameAs":["https:\/\/www.facebook.com\/Fuentes-Fidedignas-368234489921644","https:\/\/x.com\/fidedignas"]},{"@type":"Person","@id":"https:\/\/fuentesfidedignas.com.mx\/#\/schema\/person\/5623d53fe2e579d825b1679734abcc44","name":"Forbes","image":{"@type":"ImageObject","inLanguage":"es","@id":"https:\/\/secure.gravatar.com\/avatar\/87ce3dd4e41e60c22a79c758614f01a6bc2469255fc936ec7b15efb9bb5cb66f?s=96&d=mm&r=g","url":"https:\/\/secure.gravatar.com\/avatar\/87ce3dd4e41e60c22a79c758614f01a6bc2469255fc936ec7b15efb9bb5cb66f?s=96&d=mm&r=g","contentUrl":"https:\/\/secure.gravatar.com\/avatar\/87ce3dd4e41e60c22a79c758614f01a6bc2469255fc936ec7b15efb9bb5cb66f?s=96&d=mm&r=g","caption":"Forbes"},"url":"https:\/\/fuentesfidedignas.com.mx\/index.php\/author\/forbes\/"}]}},"_links":{"self":[{"href":"https:\/\/fuentesfidedignas.com.mx\/index.php\/wp-json\/wp\/v2\/posts\/38235","targetHints":{"allow":["GET"]}}],"collection":[{"href":"https:\/\/fuentesfidedignas.com.mx\/index.php\/wp-json\/wp\/v2\/posts"}],"about":[{"href":"https:\/\/fuentesfidedignas.com.mx\/index.php\/wp-json\/wp\/v2\/types\/post"}],"author":[{"embeddable":true,"href":"https:\/\/fuentesfidedignas.com.mx\/index.php\/wp-json\/wp\/v2\/users\/5"}],"replies":[{"embeddable":true,"href":"https:\/\/fuentesfidedignas.com.mx\/index.php\/wp-json\/wp\/v2\/comments?post=38235"}],"version-history":[{"count":1,"href":"https:\/\/fuentesfidedignas.com.mx\/index.php\/wp-json\/wp\/v2\/posts\/38235\/revisions"}],"predecessor-version":[{"id":38236,"href":"https:\/\/fuentesfidedignas.com.mx\/index.php\/wp-json\/wp\/v2\/posts\/38235\/revisions\/38236"}],"wp:featuredmedia":[{"embeddable":true,"href":"https:\/\/fuentesfidedignas.com.mx\/index.php\/wp-json\/wp\/v2\/media\/32427"}],"wp:attachment":[{"href":"https:\/\/fuentesfidedignas.com.mx\/index.php\/wp-json\/wp\/v2\/media?parent=38235"}],"wp:term":[{"taxonomy":"category","embeddable":true,"href":"https:\/\/fuentesfidedignas.com.mx\/index.php\/wp-json\/wp\/v2\/categories?post=38235"},{"taxonomy":"post_tag","embeddable":true,"href":"https:\/\/fuentesfidedignas.com.mx\/index.php\/wp-json\/wp\/v2\/tags?post=38235"}],"curies":[{"name":"wp","href":"https:\/\/api.w.org\/{rel}","templated":true}]}}