{"id":3821,"date":"2021-06-02T09:48:06","date_gmt":"2021-06-02T16:48:06","guid":{"rendered":"https:\/\/fuentesfidedignas.com.mx\/?p=3821"},"modified":"2021-06-02T09:48:09","modified_gmt":"2021-06-02T16:48:09","slug":"escuela-de-hijos-de-el-chapo-guzman-cerro-por-falta-de-recursos","status":"publish","type":"post","link":"https:\/\/fuentesfidedignas.com.mx\/index.php\/2021\/06\/02\/escuela-de-hijos-de-el-chapo-guzman-cerro-por-falta-de-recursos\/","title":{"rendered":"Escuela de hijos de &#8216;El Chapo&#8217; Guzm\u00e1n cerr\u00f3, por falta de recursos"},"content":{"rendered":"\n<p><strong><em>La escuela cerr\u00f3 sus puertas debido que las maestras no pudieron solventar los gastos para la compra de material educativo y el pago de Internet para que los ni\u00f1os pudieran cursar sus clases en l\u00ednea.<\/em><\/strong><\/p>\n\n\n\n<p>Sinaloa.- La escuela habilitada por los hijos de Joaqu\u00edn El Chapo Guzm\u00e1n en Culiac\u00e1n, Sinaloa, cerr\u00f3 sus puertas debido que las maestras no pudieron solventar los gastos para la compra de material educativo y el pago de Internet para que los ni\u00f1os pudieran cursar sus clases en l\u00ednea.<\/p>\n\n\n\n<p>La improvisada escuela construida en la colonia m\u00e1s pobre de Culiac\u00e1n, abri\u00f3 como un centro de estudios para que los ni\u00f1os que no ten\u00edan acceso a una Tablet, mucho menos a Internet tomar\u00e1n sus clases a distancia, debido a la pandemia, pero hoy finalmente cerr\u00f3 sus puertas y se desconoce hasta cu\u00e1ndo volver\u00e1 abrir.<\/p>\n\n\n\n<p>Esmeralda Qui\u00f1onez, quien ha sido la encargada del centro, record\u00f3 que en un inicio fueron los hijos del ex l\u00edder del c\u00e1rtel de Sinaloa, quienes apoyaron econ\u00f3micamente el proyecto educativo, sin embargo, luego de que se hiciera p\u00fablica la apertura de la escuela, el secretario de Educaci\u00f3n P\u00fablica, Juan Alfonso Mej\u00eda L\u00f3pez, se comprometi\u00f3 de dotar de herramientas el plantel, ayuda que jam\u00e1s lleg\u00f3.<\/p>\n\n\n\n<p>\u201cYa est\u00e1 cerrada pr\u00e1cticamente, porque no tiene lo b\u00e1sico que es la tinta, las hojas blancas, papel higi\u00e9nico, todas esas cosas ya no las tiene. Los hijos de Joaqu\u00edn El Chapo Guzm\u00e1n solo nos apoyaron los primeros dos meses, llegaron unas personas que daban una cantidad, de 2 mil a la semana que con eso se pagaba todo lo que hac\u00eda falta de comida, se pagaba el Internet y lo que era agua\u201d, afirm\u00f3.<\/p>\n\n\n\n<p>Hoy el sue\u00f1o se apag\u00f3 y los m\u00e1s de 100 ni\u00f1os que en su mayor\u00eda son hijos de pepenadores y no cuentan con un celular, mucho menos tienen acceso a Internet, dejar\u00e1n de recibir las clases y con ello pudieran perder el ciclo escolar.<\/p>\n\n\n\n<p>\u201cEs la colonia m\u00e1s pobre, tiene casas de l\u00e1mina, tiene mucho desplazado, mucho desplazado que viene, ahorita hasta los desplazados de Tepuche han querido llegar ah\u00ed, tiene mucha gente desplazada que se refugia en esa colonia, que como es un terreno del municipio, ah\u00ed se anidan, ah\u00ed hacen su chocita, porque son gente que perdi\u00f3 todo, que viven al d\u00eda\u201d.<\/p>\n\n\n\n<p>La escuela abri\u00f3 sus puertas hace siete meses y en los \u00faltimos d\u00edas, hab\u00eda estado recibiendo apoyo de Banco de Alimentos, quien dotaba de desayunos el plantel, ya que los padres mandaban a sus hijos sin comer, debido a la pobreza extrema en la que se encuentran.<\/p>\n\n\n\n<p>La maestra acudi\u00f3 hoy a Palacio de Gobierno donde acompa\u00f1ada de algunos alumnos peg\u00f3 cartulinas y una manta con la leyenda \u201cLa escuelita Bicentenario\u201d, con el fin de que alguna autoridad pudiera recibirla, pero fue ignorada.<\/p>\n\n\n\n<p>\u201cEsto es algo que le deber\u00eda importar al gobernador, deber\u00eda tener empat\u00eda deber\u00eda ser solidario, porque mucha gente se acerc\u00f3 a ayudar y nunca se acerc\u00f3 el gobernador, que respuesta va a dar, o el secretario de educaci\u00f3n, despu\u00e9s de hacerles prometido algo a los ni\u00f1os y no d\u00e1rselos, es como prometerle comida a un hambriento\u201d.<\/p>\n\n\n\n<p>Hoy luego de batallar y solicitar apoyo a todas las instancias, el sue\u00f1o para estos peque\u00f1os termin\u00f3 y pese a que el gobierno de Sinaloa buscaba incorporarla al sistema educativo estatal, la ayuda nunca lleg\u00f3.<\/p>\n","protected":false},"excerpt":{"rendered":"<p>La escuela cerr\u00f3 sus puertas debido que las maestras no pudieron solventar los gastos para la compra de material educativo y el pago de Internet para que los ni\u00f1os pudieran cursar sus clases en l\u00ednea. Sinaloa.- La escuela habilitada por los hijos de Joaqu\u00edn El Chapo Guzm\u00e1n en Culiac\u00e1n, Sinaloa, cerr\u00f3 sus puertas debido que [&hellip;]<\/p>\n","protected":false},"author":9,"featured_media":3822,"comment_status":"open","ping_status":"open","sticky":false,"template":"","format":"standard","meta":{"tdm_status":"","tdm_grid_status":"","footnotes":""},"categories":[39],"tags":[148,147,382,146],"class_list":{"0":"post-3821","1":"post","2":"type-post","3":"status-publish","4":"format-standard","5":"has-post-thumbnail","7":"category-noticias-nacionales","8":"tag-el-chapo","9":"tag-el-chapo-guzman","10":"tag-joaquin-el-chapo-guzman","11":"tag-joaquin-guzman-loera"},"yoast_head":"<!-- This site is optimized with the Yoast SEO plugin v27.5 - https:\/\/yoast.com\/product\/yoast-seo-wordpress\/ -->\n<title>Escuela de hijos de &#039;El Chapo&#039; Guzm\u00e1n cerr\u00f3, por falta de recursos - Fuentes Fidedignas<\/title>\n<meta name=\"robots\" content=\"index, follow, max-snippet:-1, max-image-preview:large, max-video-preview:-1\" \/>\n<link rel=\"canonical\" href=\"https:\/\/fuentesfidedignas.com.mx\/index.php\/2021\/06\/02\/escuela-de-hijos-de-el-chapo-guzman-cerro-por-falta-de-recursos\/\" \/>\n<meta property=\"og:locale\" content=\"es_MX\" \/>\n<meta property=\"og:type\" content=\"article\" \/>\n<meta property=\"og:title\" content=\"Escuela de hijos de &#039;El Chapo&#039; Guzm\u00e1n cerr\u00f3, por falta de recursos - Fuentes Fidedignas\" \/>\n<meta property=\"og:description\" content=\"La escuela cerr\u00f3 sus puertas debido que las maestras no pudieron solventar los gastos para la compra de material educativo y el pago de Internet para que los ni\u00f1os pudieran cursar sus clases en l\u00ednea. Sinaloa.- La escuela habilitada por los hijos de Joaqu\u00edn El Chapo Guzm\u00e1n en Culiac\u00e1n, Sinaloa, cerr\u00f3 sus puertas debido que [&hellip;]\" \/>\n<meta property=\"og:url\" content=\"https:\/\/fuentesfidedignas.com.mx\/index.php\/2021\/06\/02\/escuela-de-hijos-de-el-chapo-guzman-cerro-por-falta-de-recursos\/\" \/>\n<meta property=\"og:site_name\" content=\"Fuentes Fidedignas\" \/>\n<meta property=\"article:publisher\" content=\"https:\/\/www.facebook.com\/Fuentes-Fidedignas-368234489921644\" \/>\n<meta property=\"article:published_time\" content=\"2021-06-02T16:48:06+00:00\" \/>\n<meta property=\"article:modified_time\" content=\"2021-06-02T16:48:09+00:00\" \/>\n<meta property=\"og:image\" content=\"https:\/\/fuentesfidedignas.com.mx\/wp-content\/uploads\/2021\/06\/escuela-zonas-marginacion-culiacan-fanny_0_47_1024_637.jpg\" \/>\n\t<meta property=\"og:image:width\" content=\"980\" \/>\n\t<meta property=\"og:image:height\" content=\"610\" \/>\n\t<meta property=\"og:image:type\" content=\"image\/jpeg\" \/>\n<meta name=\"author\" content=\"Milenio\" \/>\n<meta name=\"twitter:card\" content=\"summary_large_image\" \/>\n<meta name=\"twitter:creator\" content=\"@fidedignas\" \/>\n<meta name=\"twitter:site\" content=\"@fidedignas\" \/>\n<meta name=\"twitter:label1\" content=\"Escrito por\" \/>\n\t<meta name=\"twitter:data1\" content=\"Milenio\" \/>\n\t<meta name=\"twitter:label2\" content=\"Tiempo de lectura\" \/>\n\t<meta name=\"twitter:data2\" content=\"3 minutos\" \/>\n<script type=\"application\/ld+json\" class=\"yoast-schema-graph\">{\"@context\":\"https:\\\/\\\/schema.org\",\"@graph\":[{\"@type\":\"Article\",\"@id\":\"https:\\\/\\\/fuentesfidedignas.com.mx\\\/index.php\\\/2021\\\/06\\\/02\\\/escuela-de-hijos-de-el-chapo-guzman-cerro-por-falta-de-recursos\\\/#article\",\"isPartOf\":{\"@id\":\"https:\\\/\\\/fuentesfidedignas.com.mx\\\/index.php\\\/2021\\\/06\\\/02\\\/escuela-de-hijos-de-el-chapo-guzman-cerro-por-falta-de-recursos\\\/\"},\"author\":{\"name\":\"Milenio\",\"@id\":\"https:\\\/\\\/fuentesfidedignas.com.mx\\\/#\\\/schema\\\/person\\\/47ec0135738f4b0c7495f06a77a2c976\"},\"headline\":\"Escuela de hijos de &#8216;El Chapo&#8217; Guzm\u00e1n cerr\u00f3, por falta de recursos\",\"datePublished\":\"2021-06-02T16:48:06+00:00\",\"dateModified\":\"2021-06-02T16:48:09+00:00\",\"mainEntityOfPage\":{\"@id\":\"https:\\\/\\\/fuentesfidedignas.com.mx\\\/index.php\\\/2021\\\/06\\\/02\\\/escuela-de-hijos-de-el-chapo-guzman-cerro-por-falta-de-recursos\\\/\"},\"wordCount\":615,\"commentCount\":0,\"publisher\":{\"@id\":\"https:\\\/\\\/fuentesfidedignas.com.mx\\\/#organization\"},\"image\":{\"@id\":\"https:\\\/\\\/fuentesfidedignas.com.mx\\\/index.php\\\/2021\\\/06\\\/02\\\/escuela-de-hijos-de-el-chapo-guzman-cerro-por-falta-de-recursos\\\/#primaryimage\"},\"thumbnailUrl\":\"https:\\\/\\\/fuentesfidedignas.com.mx\\\/wp-content\\\/uploads\\\/2021\\\/06\\\/escuela-zonas-marginacion-culiacan-fanny_0_47_1024_637.jpg\",\"keywords\":[\"El Chapo\",\"El Chapo Guzm\u00e1n\",\"Joaqu\u00edn El Chapo Guzm\u00e1n\",\"Joaqu\u00edn Guzm\u00e1n Loera\"],\"articleSection\":[\"NOTICIAS NACIONALES\"],\"inLanguage\":\"es\",\"potentialAction\":[{\"@type\":\"CommentAction\",\"name\":\"Comment\",\"target\":[\"https:\\\/\\\/fuentesfidedignas.com.mx\\\/index.php\\\/2021\\\/06\\\/02\\\/escuela-de-hijos-de-el-chapo-guzman-cerro-por-falta-de-recursos\\\/#respond\"]}]},{\"@type\":\"WebPage\",\"@id\":\"https:\\\/\\\/fuentesfidedignas.com.mx\\\/index.php\\\/2021\\\/06\\\/02\\\/escuela-de-hijos-de-el-chapo-guzman-cerro-por-falta-de-recursos\\\/\",\"url\":\"https:\\\/\\\/fuentesfidedignas.com.mx\\\/index.php\\\/2021\\\/06\\\/02\\\/escuela-de-hijos-de-el-chapo-guzman-cerro-por-falta-de-recursos\\\/\",\"name\":\"Escuela de hijos de 'El Chapo' Guzm\u00e1n cerr\u00f3, por falta de recursos - Fuentes Fidedignas\",\"isPartOf\":{\"@id\":\"https:\\\/\\\/fuentesfidedignas.com.mx\\\/#website\"},\"primaryImageOfPage\":{\"@id\":\"https:\\\/\\\/fuentesfidedignas.com.mx\\\/index.php\\\/2021\\\/06\\\/02\\\/escuela-de-hijos-de-el-chapo-guzman-cerro-por-falta-de-recursos\\\/#primaryimage\"},\"image\":{\"@id\":\"https:\\\/\\\/fuentesfidedignas.com.mx\\\/index.php\\\/2021\\\/06\\\/02\\\/escuela-de-hijos-de-el-chapo-guzman-cerro-por-falta-de-recursos\\\/#primaryimage\"},\"thumbnailUrl\":\"https:\\\/\\\/fuentesfidedignas.com.mx\\\/wp-content\\\/uploads\\\/2021\\\/06\\\/escuela-zonas-marginacion-culiacan-fanny_0_47_1024_637.jpg\",\"datePublished\":\"2021-06-02T16:48:06+00:00\",\"dateModified\":\"2021-06-02T16:48:09+00:00\",\"breadcrumb\":{\"@id\":\"https:\\\/\\\/fuentesfidedignas.com.mx\\\/index.php\\\/2021\\\/06\\\/02\\\/escuela-de-hijos-de-el-chapo-guzman-cerro-por-falta-de-recursos\\\/#breadcrumb\"},\"inLanguage\":\"es\",\"potentialAction\":[{\"@type\":\"ReadAction\",\"target\":[\"https:\\\/\\\/fuentesfidedignas.com.mx\\\/index.php\\\/2021\\\/06\\\/02\\\/escuela-de-hijos-de-el-chapo-guzman-cerro-por-falta-de-recursos\\\/\"]}]},{\"@type\":\"ImageObject\",\"inLanguage\":\"es\",\"@id\":\"https:\\\/\\\/fuentesfidedignas.com.mx\\\/index.php\\\/2021\\\/06\\\/02\\\/escuela-de-hijos-de-el-chapo-guzman-cerro-por-falta-de-recursos\\\/#primaryimage\",\"url\":\"https:\\\/\\\/fuentesfidedignas.com.mx\\\/wp-content\\\/uploads\\\/2021\\\/06\\\/escuela-zonas-marginacion-culiacan-fanny_0_47_1024_637.jpg\",\"contentUrl\":\"https:\\\/\\\/fuentesfidedignas.com.mx\\\/wp-content\\\/uploads\\\/2021\\\/06\\\/escuela-zonas-marginacion-culiacan-fanny_0_47_1024_637.jpg\",\"width\":980,\"height\":610},{\"@type\":\"BreadcrumbList\",\"@id\":\"https:\\\/\\\/fuentesfidedignas.com.mx\\\/index.php\\\/2021\\\/06\\\/02\\\/escuela-de-hijos-de-el-chapo-guzman-cerro-por-falta-de-recursos\\\/#breadcrumb\",\"itemListElement\":[{\"@type\":\"ListItem\",\"position\":1,\"name\":\"Inicio\",\"item\":\"https:\\\/\\\/fuentesfidedignas.com.mx\\\/\"},{\"@type\":\"ListItem\",\"position\":2,\"name\":\"Escuela de hijos de &#8216;El Chapo&#8217; Guzm\u00e1n cerr\u00f3, por falta de recursos\"}]},{\"@type\":\"WebSite\",\"@id\":\"https:\\\/\\\/fuentesfidedignas.com.mx\\\/#website\",\"url\":\"https:\\\/\\\/fuentesfidedignas.com.mx\\\/\",\"name\":\"Fuentes Fidedignas\",\"description\":\"Otro sitio realizado con WordPress\",\"publisher\":{\"@id\":\"https:\\\/\\\/fuentesfidedignas.com.mx\\\/#organization\"},\"potentialAction\":[{\"@type\":\"SearchAction\",\"target\":{\"@type\":\"EntryPoint\",\"urlTemplate\":\"https:\\\/\\\/fuentesfidedignas.com.mx\\\/?s={search_term_string}\"},\"query-input\":{\"@type\":\"PropertyValueSpecification\",\"valueRequired\":true,\"valueName\":\"search_term_string\"}}],\"inLanguage\":\"es\"},{\"@type\":\"Organization\",\"@id\":\"https:\\\/\\\/fuentesfidedignas.com.mx\\\/#organization\",\"name\":\"Fuentes Fidedignas\",\"url\":\"https:\\\/\\\/fuentesfidedignas.com.mx\\\/\",\"logo\":{\"@type\":\"ImageObject\",\"inLanguage\":\"es\",\"@id\":\"https:\\\/\\\/fuentesfidedignas.com.mx\\\/#\\\/schema\\\/logo\\\/image\\\/\",\"url\":\"https:\\\/\\\/fuentesfidedignas.com.mx\\\/wp-content\\\/uploads\\\/2021\\\/04\\\/logo-retina.png\",\"contentUrl\":\"https:\\\/\\\/fuentesfidedignas.com.mx\\\/wp-content\\\/uploads\\\/2021\\\/04\\\/logo-retina.png\",\"width\":280,\"height\":51,\"caption\":\"Fuentes Fidedignas\"},\"image\":{\"@id\":\"https:\\\/\\\/fuentesfidedignas.com.mx\\\/#\\\/schema\\\/logo\\\/image\\\/\"},\"sameAs\":[\"https:\\\/\\\/www.facebook.com\\\/Fuentes-Fidedignas-368234489921644\",\"https:\\\/\\\/x.com\\\/fidedignas\"]},{\"@type\":\"Person\",\"@id\":\"https:\\\/\\\/fuentesfidedignas.com.mx\\\/#\\\/schema\\\/person\\\/47ec0135738f4b0c7495f06a77a2c976\",\"name\":\"Milenio\",\"image\":{\"@type\":\"ImageObject\",\"inLanguage\":\"es\",\"@id\":\"https:\\\/\\\/secure.gravatar.com\\\/avatar\\\/acabf7b54753e51c2c76457954577c236b3b764789b19879565769739d1e4a75?s=96&d=mm&r=g\",\"url\":\"https:\\\/\\\/secure.gravatar.com\\\/avatar\\\/acabf7b54753e51c2c76457954577c236b3b764789b19879565769739d1e4a75?s=96&d=mm&r=g\",\"contentUrl\":\"https:\\\/\\\/secure.gravatar.com\\\/avatar\\\/acabf7b54753e51c2c76457954577c236b3b764789b19879565769739d1e4a75?s=96&d=mm&r=g\",\"caption\":\"Milenio\"},\"url\":\"https:\\\/\\\/fuentesfidedignas.com.mx\\\/index.php\\\/author\\\/milenio\\\/\"}]}<\/script>\n<!-- \/ Yoast SEO plugin. -->","yoast_head_json":{"title":"Escuela de hijos de 'El Chapo' Guzm\u00e1n cerr\u00f3, por falta de recursos - Fuentes Fidedignas","robots":{"index":"index","follow":"follow","max-snippet":"max-snippet:-1","max-image-preview":"max-image-preview:large","max-video-preview":"max-video-preview:-1"},"canonical":"https:\/\/fuentesfidedignas.com.mx\/index.php\/2021\/06\/02\/escuela-de-hijos-de-el-chapo-guzman-cerro-por-falta-de-recursos\/","og_locale":"es_MX","og_type":"article","og_title":"Escuela de hijos de 'El Chapo' Guzm\u00e1n cerr\u00f3, por falta de recursos - Fuentes Fidedignas","og_description":"La escuela cerr\u00f3 sus puertas debido que las maestras no pudieron solventar los gastos para la compra de material educativo y el pago de Internet para que los ni\u00f1os pudieran cursar sus clases en l\u00ednea. Sinaloa.- La escuela habilitada por los hijos de Joaqu\u00edn El Chapo Guzm\u00e1n en Culiac\u00e1n, Sinaloa, cerr\u00f3 sus puertas debido que [&hellip;]","og_url":"https:\/\/fuentesfidedignas.com.mx\/index.php\/2021\/06\/02\/escuela-de-hijos-de-el-chapo-guzman-cerro-por-falta-de-recursos\/","og_site_name":"Fuentes Fidedignas","article_publisher":"https:\/\/www.facebook.com\/Fuentes-Fidedignas-368234489921644","article_published_time":"2021-06-02T16:48:06+00:00","article_modified_time":"2021-06-02T16:48:09+00:00","og_image":[{"width":980,"height":610,"url":"https:\/\/fuentesfidedignas.com.mx\/wp-content\/uploads\/2021\/06\/escuela-zonas-marginacion-culiacan-fanny_0_47_1024_637.jpg","type":"image\/jpeg"}],"author":"Milenio","twitter_card":"summary_large_image","twitter_creator":"@fidedignas","twitter_site":"@fidedignas","twitter_misc":{"Escrito por":"Milenio","Tiempo de lectura":"3 minutos"},"schema":{"@context":"https:\/\/schema.org","@graph":[{"@type":"Article","@id":"https:\/\/fuentesfidedignas.com.mx\/index.php\/2021\/06\/02\/escuela-de-hijos-de-el-chapo-guzman-cerro-por-falta-de-recursos\/#article","isPartOf":{"@id":"https:\/\/fuentesfidedignas.com.mx\/index.php\/2021\/06\/02\/escuela-de-hijos-de-el-chapo-guzman-cerro-por-falta-de-recursos\/"},"author":{"name":"Milenio","@id":"https:\/\/fuentesfidedignas.com.mx\/#\/schema\/person\/47ec0135738f4b0c7495f06a77a2c976"},"headline":"Escuela de hijos de &#8216;El Chapo&#8217; Guzm\u00e1n cerr\u00f3, por falta de recursos","datePublished":"2021-06-02T16:48:06+00:00","dateModified":"2021-06-02T16:48:09+00:00","mainEntityOfPage":{"@id":"https:\/\/fuentesfidedignas.com.mx\/index.php\/2021\/06\/02\/escuela-de-hijos-de-el-chapo-guzman-cerro-por-falta-de-recursos\/"},"wordCount":615,"commentCount":0,"publisher":{"@id":"https:\/\/fuentesfidedignas.com.mx\/#organization"},"image":{"@id":"https:\/\/fuentesfidedignas.com.mx\/index.php\/2021\/06\/02\/escuela-de-hijos-de-el-chapo-guzman-cerro-por-falta-de-recursos\/#primaryimage"},"thumbnailUrl":"https:\/\/fuentesfidedignas.com.mx\/wp-content\/uploads\/2021\/06\/escuela-zonas-marginacion-culiacan-fanny_0_47_1024_637.jpg","keywords":["El Chapo","El Chapo Guzm\u00e1n","Joaqu\u00edn El Chapo Guzm\u00e1n","Joaqu\u00edn Guzm\u00e1n Loera"],"articleSection":["NOTICIAS NACIONALES"],"inLanguage":"es","potentialAction":[{"@type":"CommentAction","name":"Comment","target":["https:\/\/fuentesfidedignas.com.mx\/index.php\/2021\/06\/02\/escuela-de-hijos-de-el-chapo-guzman-cerro-por-falta-de-recursos\/#respond"]}]},{"@type":"WebPage","@id":"https:\/\/fuentesfidedignas.com.mx\/index.php\/2021\/06\/02\/escuela-de-hijos-de-el-chapo-guzman-cerro-por-falta-de-recursos\/","url":"https:\/\/fuentesfidedignas.com.mx\/index.php\/2021\/06\/02\/escuela-de-hijos-de-el-chapo-guzman-cerro-por-falta-de-recursos\/","name":"Escuela de hijos de 'El Chapo' Guzm\u00e1n cerr\u00f3, por falta de recursos - Fuentes Fidedignas","isPartOf":{"@id":"https:\/\/fuentesfidedignas.com.mx\/#website"},"primaryImageOfPage":{"@id":"https:\/\/fuentesfidedignas.com.mx\/index.php\/2021\/06\/02\/escuela-de-hijos-de-el-chapo-guzman-cerro-por-falta-de-recursos\/#primaryimage"},"image":{"@id":"https:\/\/fuentesfidedignas.com.mx\/index.php\/2021\/06\/02\/escuela-de-hijos-de-el-chapo-guzman-cerro-por-falta-de-recursos\/#primaryimage"},"thumbnailUrl":"https:\/\/fuentesfidedignas.com.mx\/wp-content\/uploads\/2021\/06\/escuela-zonas-marginacion-culiacan-fanny_0_47_1024_637.jpg","datePublished":"2021-06-02T16:48:06+00:00","dateModified":"2021-06-02T16:48:09+00:00","breadcrumb":{"@id":"https:\/\/fuentesfidedignas.com.mx\/index.php\/2021\/06\/02\/escuela-de-hijos-de-el-chapo-guzman-cerro-por-falta-de-recursos\/#breadcrumb"},"inLanguage":"es","potentialAction":[{"@type":"ReadAction","target":["https:\/\/fuentesfidedignas.com.mx\/index.php\/2021\/06\/02\/escuela-de-hijos-de-el-chapo-guzman-cerro-por-falta-de-recursos\/"]}]},{"@type":"ImageObject","inLanguage":"es","@id":"https:\/\/fuentesfidedignas.com.mx\/index.php\/2021\/06\/02\/escuela-de-hijos-de-el-chapo-guzman-cerro-por-falta-de-recursos\/#primaryimage","url":"https:\/\/fuentesfidedignas.com.mx\/wp-content\/uploads\/2021\/06\/escuela-zonas-marginacion-culiacan-fanny_0_47_1024_637.jpg","contentUrl":"https:\/\/fuentesfidedignas.com.mx\/wp-content\/uploads\/2021\/06\/escuela-zonas-marginacion-culiacan-fanny_0_47_1024_637.jpg","width":980,"height":610},{"@type":"BreadcrumbList","@id":"https:\/\/fuentesfidedignas.com.mx\/index.php\/2021\/06\/02\/escuela-de-hijos-de-el-chapo-guzman-cerro-por-falta-de-recursos\/#breadcrumb","itemListElement":[{"@type":"ListItem","position":1,"name":"Inicio","item":"https:\/\/fuentesfidedignas.com.mx\/"},{"@type":"ListItem","position":2,"name":"Escuela de hijos de &#8216;El Chapo&#8217; Guzm\u00e1n cerr\u00f3, por falta de recursos"}]},{"@type":"WebSite","@id":"https:\/\/fuentesfidedignas.com.mx\/#website","url":"https:\/\/fuentesfidedignas.com.mx\/","name":"Fuentes Fidedignas","description":"Otro sitio realizado con WordPress","publisher":{"@id":"https:\/\/fuentesfidedignas.com.mx\/#organization"},"potentialAction":[{"@type":"SearchAction","target":{"@type":"EntryPoint","urlTemplate":"https:\/\/fuentesfidedignas.com.mx\/?s={search_term_string}"},"query-input":{"@type":"PropertyValueSpecification","valueRequired":true,"valueName":"search_term_string"}}],"inLanguage":"es"},{"@type":"Organization","@id":"https:\/\/fuentesfidedignas.com.mx\/#organization","name":"Fuentes Fidedignas","url":"https:\/\/fuentesfidedignas.com.mx\/","logo":{"@type":"ImageObject","inLanguage":"es","@id":"https:\/\/fuentesfidedignas.com.mx\/#\/schema\/logo\/image\/","url":"https:\/\/fuentesfidedignas.com.mx\/wp-content\/uploads\/2021\/04\/logo-retina.png","contentUrl":"https:\/\/fuentesfidedignas.com.mx\/wp-content\/uploads\/2021\/04\/logo-retina.png","width":280,"height":51,"caption":"Fuentes Fidedignas"},"image":{"@id":"https:\/\/fuentesfidedignas.com.mx\/#\/schema\/logo\/image\/"},"sameAs":["https:\/\/www.facebook.com\/Fuentes-Fidedignas-368234489921644","https:\/\/x.com\/fidedignas"]},{"@type":"Person","@id":"https:\/\/fuentesfidedignas.com.mx\/#\/schema\/person\/47ec0135738f4b0c7495f06a77a2c976","name":"Milenio","image":{"@type":"ImageObject","inLanguage":"es","@id":"https:\/\/secure.gravatar.com\/avatar\/acabf7b54753e51c2c76457954577c236b3b764789b19879565769739d1e4a75?s=96&d=mm&r=g","url":"https:\/\/secure.gravatar.com\/avatar\/acabf7b54753e51c2c76457954577c236b3b764789b19879565769739d1e4a75?s=96&d=mm&r=g","contentUrl":"https:\/\/secure.gravatar.com\/avatar\/acabf7b54753e51c2c76457954577c236b3b764789b19879565769739d1e4a75?s=96&d=mm&r=g","caption":"Milenio"},"url":"https:\/\/fuentesfidedignas.com.mx\/index.php\/author\/milenio\/"}]}},"_links":{"self":[{"href":"https:\/\/fuentesfidedignas.com.mx\/index.php\/wp-json\/wp\/v2\/posts\/3821","targetHints":{"allow":["GET"]}}],"collection":[{"href":"https:\/\/fuentesfidedignas.com.mx\/index.php\/wp-json\/wp\/v2\/posts"}],"about":[{"href":"https:\/\/fuentesfidedignas.com.mx\/index.php\/wp-json\/wp\/v2\/types\/post"}],"author":[{"embeddable":true,"href":"https:\/\/fuentesfidedignas.com.mx\/index.php\/wp-json\/wp\/v2\/users\/9"}],"replies":[{"embeddable":true,"href":"https:\/\/fuentesfidedignas.com.mx\/index.php\/wp-json\/wp\/v2\/comments?post=3821"}],"version-history":[{"count":1,"href":"https:\/\/fuentesfidedignas.com.mx\/index.php\/wp-json\/wp\/v2\/posts\/3821\/revisions"}],"predecessor-version":[{"id":3823,"href":"https:\/\/fuentesfidedignas.com.mx\/index.php\/wp-json\/wp\/v2\/posts\/3821\/revisions\/3823"}],"wp:featuredmedia":[{"embeddable":true,"href":"https:\/\/fuentesfidedignas.com.mx\/index.php\/wp-json\/wp\/v2\/media\/3822"}],"wp:attachment":[{"href":"https:\/\/fuentesfidedignas.com.mx\/index.php\/wp-json\/wp\/v2\/media?parent=3821"}],"wp:term":[{"taxonomy":"category","embeddable":true,"href":"https:\/\/fuentesfidedignas.com.mx\/index.php\/wp-json\/wp\/v2\/categories?post=3821"},{"taxonomy":"post_tag","embeddable":true,"href":"https:\/\/fuentesfidedignas.com.mx\/index.php\/wp-json\/wp\/v2\/tags?post=3821"}],"curies":[{"name":"wp","href":"https:\/\/api.w.org\/{rel}","templated":true}]}}