{"id":38195,"date":"2022-07-23T15:35:39","date_gmt":"2022-07-23T21:35:39","guid":{"rendered":"https:\/\/fuentesfidedignas.com.mx\/?p=38195"},"modified":"2022-07-23T15:35:41","modified_gmt":"2022-07-23T21:35:41","slug":"detencion-de-caro-quintero-estuvo-precedida-de-12-operaciones-fallidas","status":"publish","type":"post","link":"https:\/\/fuentesfidedignas.com.mx\/index.php\/2022\/07\/23\/detencion-de-caro-quintero-estuvo-precedida-de-12-operaciones-fallidas\/","title":{"rendered":"Detenci\u00f3n de Caro Quintero estuvo precedida de 12 operaciones fallidas"},"content":{"rendered":"\n<p><strong><em>Entre 2013 y 2022, Estados Unidos y M\u00e9xico hab\u00edan efectuado esas 12 operaciones frustradas, seg\u00fan oficiales estadounidenses activos y retirados.<\/em><\/strong><\/p>\n\n\n\n<p>Ciudad de M\u00e9xico.- La captura el pasado 15 de julio del capo mexicano Rafael Caro Quintero estuvo precedida de doce operaciones fallidas desde 2013, algunas de ellas obstaculizadas por filtraciones mexicanas de alto nivel, apunt\u00f3 este s\u00e1bado The Washington Post.<\/p>\n\n\n\n<p>Entre 2013 y 2022, y en un momento en que la recompensa por informaci\u00f3n que facilitara su arresto pas\u00f3 de los 5 a los 20 millones de d\u00f3lares, Estados Unidos y M\u00e9xico hab\u00edan efectuado esas doce operaciones frustra das, seg\u00fan oficiales estadounidenses activos y retirados.<\/p>\n\n\n\n<p>\u201cMuchas no hab\u00edan sido comunicadas anteriormente. Los oficiales estadounidenses creen que fueron bloqueadas por filtraciones mexicanas de alto nivel, una se\u00f1al de que el Gobierno mexicano lo proteg\u00eda\u201d, apunta el peri\u00f3dico en su relato del arresto.<\/p>\n\n\n\n<p>Fundador del Cartel de Guadalajara, Caro Quintero, de 69 a\u00f1os, fue uno de los principales capos en la d\u00e9cada de 1980 y de los primeros en enviar droga a gran escala a Estados Unidos. Fue detenido en el municipio de Guachochi, en el norte\u00f1o estado de Chihuahua.<\/p>\n\n\n\n<p>Los oficiales estadounidenses consultados por The Washington Post bajo condici\u00f3n de anonimato se\u00f1alan que hab\u00edan identificado hace tiempo que viv\u00eda en Sinaloa, a pocos kil\u00f3metros de una base militar mexicana y en un pueblo que controlaba \u201ccomo un feudo\u201d.<\/p>\n\n\n\n<p>Caro Quintero se mov\u00eda en moto y en quad, escoltado por un equipo de seguridad que rotaba cada semana, y la Agencia Antidrogas Estadounidense (DEA) hab\u00eda convertido en informadores a algunos familiares \u201ce incluso sab\u00eda qu\u00e9 caminos tomaba para visitar a sus novias\u201d.<\/p>\n\n\n\n<p>El presidente mexicano, Andr\u00e9s Manuel L\u00f3pez Obrador, neg\u00f3 este pasado lunes que la DEA tuviera \u201cinjerencia directa\u201d en la captura y sostuvo que no proporcion\u00f3 tampoco informaci\u00f3n sobre la ubicaci\u00f3n del capo mexicano, el m\u00e1s buscado por la DEA por ser presunto responsable del asesinato de su agente Enrique \u201cKiki\u201d Camarena en 1985.<\/p>\n\n\n\n<p>La primera operaci\u00f3n de la fuerza operativa RCQ, bautizada as\u00ed por las siglas de Caro Quintero, hab\u00eda tenido lugar en 2015, seg\u00fan The Washington Post.<\/p>\n\n\n\n<p>Agentes de la DEA y marines y soldados estadounidenses aterrizaron entonces en Babunica, en el estado de Sinaloa, pero en ese momento tanto el capo como su gente hab\u00edan huido. \u201cViv\u00eda como un campesino\u201d, relat\u00f3 un oficial estadounidense al diario.<\/p>\n\n\n\n<p>La investigaci\u00f3n que condujo finalmente a su arresto empez\u00f3 a perfilarse \u201cal menos\u201d hace ocho meses y cont\u00f3 con agentes antidroga estadounidenses y con veteranos de las fuerzas especiales de la marina mexicana.<\/p>\n\n\n\n<p>La detenci\u00f3n de Caro Quintero se produjo d\u00edas despu\u00e9s de la reuni\u00f3n del presidente de M\u00e9xico, Andr\u00e9s Manuel L\u00f3pez Obrador, con su hom\u00f3logo de Estados Unidos, Joe Biden, en Washington, que tuvo lugar el 12 de julio.<\/p>\n\n\n\n<p>Desde M\u00e9xico se ha negado que la captura tuviera relaci\u00f3n con ese encuentro bilateral. Seg\u00fan The Washington Post, agentes de la DEA estuvieron pendientes de la operaci\u00f3n pero no sobre el terreno cuando se produjo.<\/p>\n\n\n\n<p>El fiscal general de Estados Unidos, Merrick Garland, llam\u00f3 este viernes por tel\u00e9fono al canciller mexicano, Marcelo Ebrard, para agradecer el arresto y hablar sobre la esperada extradici\u00f3n, sobre la que ambos, seg\u00fan el Departamento de Justicia, reiteraron su compromiso.<\/p>\n","protected":false},"excerpt":{"rendered":"<p>Entre 2013 y 2022, Estados Unidos y M\u00e9xico hab\u00edan efectuado esas 12 operaciones frustradas, seg\u00fan oficiales estadounidenses activos y retirados. Ciudad de M\u00e9xico.- La captura el pasado 15 de julio del capo mexicano Rafael Caro Quintero estuvo precedida de doce operaciones fallidas desde 2013, algunas de ellas obstaculizadas por filtraciones mexicanas de alto nivel, apunt\u00f3 [&hellip;]<\/p>\n","protected":false},"author":46,"featured_media":37747,"comment_status":"open","ping_status":"open","sticky":false,"template":"","format":"standard","meta":{"tdm_status":"","tdm_grid_status":"","footnotes":""},"categories":[39],"tags":[2251,494,2753],"class_list":{"0":"post-38195","1":"post","2":"type-post","3":"status-publish","4":"format-standard","5":"has-post-thumbnail","7":"category-noticias-nacionales","8":"tag-dea","9":"tag-guardia-nacional","10":"tag-rafael-caro-quintero"},"yoast_head":"<!-- This site is optimized with the Yoast SEO plugin v27.5 - https:\/\/yoast.com\/product\/yoast-seo-wordpress\/ -->\n<title>Detenci\u00f3n de Caro Quintero estuvo precedida de 12 operaciones fallidas - Fuentes Fidedignas<\/title>\n<meta name=\"robots\" content=\"index, follow, max-snippet:-1, max-image-preview:large, max-video-preview:-1\" \/>\n<link rel=\"canonical\" href=\"https:\/\/fuentesfidedignas.com.mx\/index.php\/2022\/07\/23\/detencion-de-caro-quintero-estuvo-precedida-de-12-operaciones-fallidas\/\" \/>\n<meta property=\"og:locale\" content=\"es_MX\" \/>\n<meta property=\"og:type\" content=\"article\" \/>\n<meta property=\"og:title\" content=\"Detenci\u00f3n de Caro Quintero estuvo precedida de 12 operaciones fallidas - Fuentes Fidedignas\" \/>\n<meta property=\"og:description\" content=\"Entre 2013 y 2022, Estados Unidos y M\u00e9xico hab\u00edan efectuado esas 12 operaciones frustradas, seg\u00fan oficiales estadounidenses activos y retirados. Ciudad de M\u00e9xico.- La captura el pasado 15 de julio del capo mexicano Rafael Caro Quintero estuvo precedida de doce operaciones fallidas desde 2013, algunas de ellas obstaculizadas por filtraciones mexicanas de alto nivel, apunt\u00f3 [&hellip;]\" \/>\n<meta property=\"og:url\" content=\"https:\/\/fuentesfidedignas.com.mx\/index.php\/2022\/07\/23\/detencion-de-caro-quintero-estuvo-precedida-de-12-operaciones-fallidas\/\" \/>\n<meta property=\"og:site_name\" content=\"Fuentes Fidedignas\" \/>\n<meta property=\"article:publisher\" content=\"https:\/\/www.facebook.com\/Fuentes-Fidedignas-368234489921644\" \/>\n<meta property=\"article:published_time\" content=\"2022-07-23T21:35:39+00:00\" \/>\n<meta property=\"article:modified_time\" content=\"2022-07-23T21:35:41+00:00\" \/>\n<meta property=\"og:image\" content=\"https:\/\/fuentesfidedignas.com.mx\/wp-content\/uploads\/2022\/07\/CARO_2.jpg\" \/>\n\t<meta property=\"og:image:width\" content=\"800\" \/>\n\t<meta property=\"og:image:height\" content=\"600\" \/>\n\t<meta property=\"og:image:type\" content=\"image\/jpeg\" \/>\n<meta name=\"author\" content=\"Noticieros Televisa\" \/>\n<meta name=\"twitter:card\" content=\"summary_large_image\" \/>\n<meta name=\"twitter:creator\" content=\"@fidedignas\" \/>\n<meta name=\"twitter:site\" content=\"@fidedignas\" \/>\n<meta name=\"twitter:label1\" content=\"Escrito por\" \/>\n\t<meta name=\"twitter:data1\" content=\"Noticieros Televisa\" \/>\n\t<meta name=\"twitter:label2\" content=\"Tiempo de lectura\" \/>\n\t<meta name=\"twitter:data2\" content=\"3 minutos\" \/>\n<script type=\"application\/ld+json\" class=\"yoast-schema-graph\">{\"@context\":\"https:\\\/\\\/schema.org\",\"@graph\":[{\"@type\":\"Article\",\"@id\":\"https:\\\/\\\/fuentesfidedignas.com.mx\\\/index.php\\\/2022\\\/07\\\/23\\\/detencion-de-caro-quintero-estuvo-precedida-de-12-operaciones-fallidas\\\/#article\",\"isPartOf\":{\"@id\":\"https:\\\/\\\/fuentesfidedignas.com.mx\\\/index.php\\\/2022\\\/07\\\/23\\\/detencion-de-caro-quintero-estuvo-precedida-de-12-operaciones-fallidas\\\/\"},\"author\":{\"name\":\"Noticieros Televisa\",\"@id\":\"https:\\\/\\\/fuentesfidedignas.com.mx\\\/#\\\/schema\\\/person\\\/f030e42657a5a464a8bbd891b1aab6ee\"},\"headline\":\"Detenci\u00f3n de Caro Quintero estuvo precedida de 12 operaciones fallidas\",\"datePublished\":\"2022-07-23T21:35:39+00:00\",\"dateModified\":\"2022-07-23T21:35:41+00:00\",\"mainEntityOfPage\":{\"@id\":\"https:\\\/\\\/fuentesfidedignas.com.mx\\\/index.php\\\/2022\\\/07\\\/23\\\/detencion-de-caro-quintero-estuvo-precedida-de-12-operaciones-fallidas\\\/\"},\"wordCount\":581,\"commentCount\":0,\"publisher\":{\"@id\":\"https:\\\/\\\/fuentesfidedignas.com.mx\\\/#organization\"},\"image\":{\"@id\":\"https:\\\/\\\/fuentesfidedignas.com.mx\\\/index.php\\\/2022\\\/07\\\/23\\\/detencion-de-caro-quintero-estuvo-precedida-de-12-operaciones-fallidas\\\/#primaryimage\"},\"thumbnailUrl\":\"https:\\\/\\\/fuentesfidedignas.com.mx\\\/wp-content\\\/uploads\\\/2022\\\/07\\\/CARO_2.jpg\",\"keywords\":[\"DEA\",\"Guardia Nacional\",\"Rafael Caro Quintero\"],\"articleSection\":[\"NOTICIAS NACIONALES\"],\"inLanguage\":\"es\",\"potentialAction\":[{\"@type\":\"CommentAction\",\"name\":\"Comment\",\"target\":[\"https:\\\/\\\/fuentesfidedignas.com.mx\\\/index.php\\\/2022\\\/07\\\/23\\\/detencion-de-caro-quintero-estuvo-precedida-de-12-operaciones-fallidas\\\/#respond\"]}]},{\"@type\":\"WebPage\",\"@id\":\"https:\\\/\\\/fuentesfidedignas.com.mx\\\/index.php\\\/2022\\\/07\\\/23\\\/detencion-de-caro-quintero-estuvo-precedida-de-12-operaciones-fallidas\\\/\",\"url\":\"https:\\\/\\\/fuentesfidedignas.com.mx\\\/index.php\\\/2022\\\/07\\\/23\\\/detencion-de-caro-quintero-estuvo-precedida-de-12-operaciones-fallidas\\\/\",\"name\":\"Detenci\u00f3n de Caro Quintero estuvo precedida de 12 operaciones fallidas - Fuentes Fidedignas\",\"isPartOf\":{\"@id\":\"https:\\\/\\\/fuentesfidedignas.com.mx\\\/#website\"},\"primaryImageOfPage\":{\"@id\":\"https:\\\/\\\/fuentesfidedignas.com.mx\\\/index.php\\\/2022\\\/07\\\/23\\\/detencion-de-caro-quintero-estuvo-precedida-de-12-operaciones-fallidas\\\/#primaryimage\"},\"image\":{\"@id\":\"https:\\\/\\\/fuentesfidedignas.com.mx\\\/index.php\\\/2022\\\/07\\\/23\\\/detencion-de-caro-quintero-estuvo-precedida-de-12-operaciones-fallidas\\\/#primaryimage\"},\"thumbnailUrl\":\"https:\\\/\\\/fuentesfidedignas.com.mx\\\/wp-content\\\/uploads\\\/2022\\\/07\\\/CARO_2.jpg\",\"datePublished\":\"2022-07-23T21:35:39+00:00\",\"dateModified\":\"2022-07-23T21:35:41+00:00\",\"breadcrumb\":{\"@id\":\"https:\\\/\\\/fuentesfidedignas.com.mx\\\/index.php\\\/2022\\\/07\\\/23\\\/detencion-de-caro-quintero-estuvo-precedida-de-12-operaciones-fallidas\\\/#breadcrumb\"},\"inLanguage\":\"es\",\"potentialAction\":[{\"@type\":\"ReadAction\",\"target\":[\"https:\\\/\\\/fuentesfidedignas.com.mx\\\/index.php\\\/2022\\\/07\\\/23\\\/detencion-de-caro-quintero-estuvo-precedida-de-12-operaciones-fallidas\\\/\"]}]},{\"@type\":\"ImageObject\",\"inLanguage\":\"es\",\"@id\":\"https:\\\/\\\/fuentesfidedignas.com.mx\\\/index.php\\\/2022\\\/07\\\/23\\\/detencion-de-caro-quintero-estuvo-precedida-de-12-operaciones-fallidas\\\/#primaryimage\",\"url\":\"https:\\\/\\\/fuentesfidedignas.com.mx\\\/wp-content\\\/uploads\\\/2022\\\/07\\\/CARO_2.jpg\",\"contentUrl\":\"https:\\\/\\\/fuentesfidedignas.com.mx\\\/wp-content\\\/uploads\\\/2022\\\/07\\\/CARO_2.jpg\",\"width\":800,\"height\":600},{\"@type\":\"BreadcrumbList\",\"@id\":\"https:\\\/\\\/fuentesfidedignas.com.mx\\\/index.php\\\/2022\\\/07\\\/23\\\/detencion-de-caro-quintero-estuvo-precedida-de-12-operaciones-fallidas\\\/#breadcrumb\",\"itemListElement\":[{\"@type\":\"ListItem\",\"position\":1,\"name\":\"Inicio\",\"item\":\"https:\\\/\\\/fuentesfidedignas.com.mx\\\/\"},{\"@type\":\"ListItem\",\"position\":2,\"name\":\"Detenci\u00f3n de Caro Quintero estuvo precedida de 12 operaciones fallidas\"}]},{\"@type\":\"WebSite\",\"@id\":\"https:\\\/\\\/fuentesfidedignas.com.mx\\\/#website\",\"url\":\"https:\\\/\\\/fuentesfidedignas.com.mx\\\/\",\"name\":\"Fuentes Fidedignas\",\"description\":\"Otro sitio realizado con WordPress\",\"publisher\":{\"@id\":\"https:\\\/\\\/fuentesfidedignas.com.mx\\\/#organization\"},\"potentialAction\":[{\"@type\":\"SearchAction\",\"target\":{\"@type\":\"EntryPoint\",\"urlTemplate\":\"https:\\\/\\\/fuentesfidedignas.com.mx\\\/?s={search_term_string}\"},\"query-input\":{\"@type\":\"PropertyValueSpecification\",\"valueRequired\":true,\"valueName\":\"search_term_string\"}}],\"inLanguage\":\"es\"},{\"@type\":\"Organization\",\"@id\":\"https:\\\/\\\/fuentesfidedignas.com.mx\\\/#organization\",\"name\":\"Fuentes Fidedignas\",\"url\":\"https:\\\/\\\/fuentesfidedignas.com.mx\\\/\",\"logo\":{\"@type\":\"ImageObject\",\"inLanguage\":\"es\",\"@id\":\"https:\\\/\\\/fuentesfidedignas.com.mx\\\/#\\\/schema\\\/logo\\\/image\\\/\",\"url\":\"https:\\\/\\\/fuentesfidedignas.com.mx\\\/wp-content\\\/uploads\\\/2021\\\/04\\\/logo-retina.png\",\"contentUrl\":\"https:\\\/\\\/fuentesfidedignas.com.mx\\\/wp-content\\\/uploads\\\/2021\\\/04\\\/logo-retina.png\",\"width\":280,\"height\":51,\"caption\":\"Fuentes Fidedignas\"},\"image\":{\"@id\":\"https:\\\/\\\/fuentesfidedignas.com.mx\\\/#\\\/schema\\\/logo\\\/image\\\/\"},\"sameAs\":[\"https:\\\/\\\/www.facebook.com\\\/Fuentes-Fidedignas-368234489921644\",\"https:\\\/\\\/x.com\\\/fidedignas\"]},{\"@type\":\"Person\",\"@id\":\"https:\\\/\\\/fuentesfidedignas.com.mx\\\/#\\\/schema\\\/person\\\/f030e42657a5a464a8bbd891b1aab6ee\",\"name\":\"Noticieros Televisa\",\"image\":{\"@type\":\"ImageObject\",\"inLanguage\":\"es\",\"@id\":\"https:\\\/\\\/secure.gravatar.com\\\/avatar\\\/0e47b9e785a628831b8fd9eaf15e090e106760a879abbd4a3306f128ef5d43a9?s=96&d=mm&r=g\",\"url\":\"https:\\\/\\\/secure.gravatar.com\\\/avatar\\\/0e47b9e785a628831b8fd9eaf15e090e106760a879abbd4a3306f128ef5d43a9?s=96&d=mm&r=g\",\"contentUrl\":\"https:\\\/\\\/secure.gravatar.com\\\/avatar\\\/0e47b9e785a628831b8fd9eaf15e090e106760a879abbd4a3306f128ef5d43a9?s=96&d=mm&r=g\",\"caption\":\"Noticieros Televisa\"},\"url\":\"https:\\\/\\\/fuentesfidedignas.com.mx\\\/index.php\\\/author\\\/noticieros-televisa\\\/\"}]}<\/script>\n<!-- \/ Yoast SEO plugin. -->","yoast_head_json":{"title":"Detenci\u00f3n de Caro Quintero estuvo precedida de 12 operaciones fallidas - Fuentes Fidedignas","robots":{"index":"index","follow":"follow","max-snippet":"max-snippet:-1","max-image-preview":"max-image-preview:large","max-video-preview":"max-video-preview:-1"},"canonical":"https:\/\/fuentesfidedignas.com.mx\/index.php\/2022\/07\/23\/detencion-de-caro-quintero-estuvo-precedida-de-12-operaciones-fallidas\/","og_locale":"es_MX","og_type":"article","og_title":"Detenci\u00f3n de Caro Quintero estuvo precedida de 12 operaciones fallidas - Fuentes Fidedignas","og_description":"Entre 2013 y 2022, Estados Unidos y M\u00e9xico hab\u00edan efectuado esas 12 operaciones frustradas, seg\u00fan oficiales estadounidenses activos y retirados. Ciudad de M\u00e9xico.- La captura el pasado 15 de julio del capo mexicano Rafael Caro Quintero estuvo precedida de doce operaciones fallidas desde 2013, algunas de ellas obstaculizadas por filtraciones mexicanas de alto nivel, apunt\u00f3 [&hellip;]","og_url":"https:\/\/fuentesfidedignas.com.mx\/index.php\/2022\/07\/23\/detencion-de-caro-quintero-estuvo-precedida-de-12-operaciones-fallidas\/","og_site_name":"Fuentes Fidedignas","article_publisher":"https:\/\/www.facebook.com\/Fuentes-Fidedignas-368234489921644","article_published_time":"2022-07-23T21:35:39+00:00","article_modified_time":"2022-07-23T21:35:41+00:00","og_image":[{"width":800,"height":600,"url":"https:\/\/fuentesfidedignas.com.mx\/wp-content\/uploads\/2022\/07\/CARO_2.jpg","type":"image\/jpeg"}],"author":"Noticieros Televisa","twitter_card":"summary_large_image","twitter_creator":"@fidedignas","twitter_site":"@fidedignas","twitter_misc":{"Escrito por":"Noticieros Televisa","Tiempo de lectura":"3 minutos"},"schema":{"@context":"https:\/\/schema.org","@graph":[{"@type":"Article","@id":"https:\/\/fuentesfidedignas.com.mx\/index.php\/2022\/07\/23\/detencion-de-caro-quintero-estuvo-precedida-de-12-operaciones-fallidas\/#article","isPartOf":{"@id":"https:\/\/fuentesfidedignas.com.mx\/index.php\/2022\/07\/23\/detencion-de-caro-quintero-estuvo-precedida-de-12-operaciones-fallidas\/"},"author":{"name":"Noticieros Televisa","@id":"https:\/\/fuentesfidedignas.com.mx\/#\/schema\/person\/f030e42657a5a464a8bbd891b1aab6ee"},"headline":"Detenci\u00f3n de Caro Quintero estuvo precedida de 12 operaciones fallidas","datePublished":"2022-07-23T21:35:39+00:00","dateModified":"2022-07-23T21:35:41+00:00","mainEntityOfPage":{"@id":"https:\/\/fuentesfidedignas.com.mx\/index.php\/2022\/07\/23\/detencion-de-caro-quintero-estuvo-precedida-de-12-operaciones-fallidas\/"},"wordCount":581,"commentCount":0,"publisher":{"@id":"https:\/\/fuentesfidedignas.com.mx\/#organization"},"image":{"@id":"https:\/\/fuentesfidedignas.com.mx\/index.php\/2022\/07\/23\/detencion-de-caro-quintero-estuvo-precedida-de-12-operaciones-fallidas\/#primaryimage"},"thumbnailUrl":"https:\/\/fuentesfidedignas.com.mx\/wp-content\/uploads\/2022\/07\/CARO_2.jpg","keywords":["DEA","Guardia Nacional","Rafael Caro Quintero"],"articleSection":["NOTICIAS NACIONALES"],"inLanguage":"es","potentialAction":[{"@type":"CommentAction","name":"Comment","target":["https:\/\/fuentesfidedignas.com.mx\/index.php\/2022\/07\/23\/detencion-de-caro-quintero-estuvo-precedida-de-12-operaciones-fallidas\/#respond"]}]},{"@type":"WebPage","@id":"https:\/\/fuentesfidedignas.com.mx\/index.php\/2022\/07\/23\/detencion-de-caro-quintero-estuvo-precedida-de-12-operaciones-fallidas\/","url":"https:\/\/fuentesfidedignas.com.mx\/index.php\/2022\/07\/23\/detencion-de-caro-quintero-estuvo-precedida-de-12-operaciones-fallidas\/","name":"Detenci\u00f3n de Caro Quintero estuvo precedida de 12 operaciones fallidas - Fuentes Fidedignas","isPartOf":{"@id":"https:\/\/fuentesfidedignas.com.mx\/#website"},"primaryImageOfPage":{"@id":"https:\/\/fuentesfidedignas.com.mx\/index.php\/2022\/07\/23\/detencion-de-caro-quintero-estuvo-precedida-de-12-operaciones-fallidas\/#primaryimage"},"image":{"@id":"https:\/\/fuentesfidedignas.com.mx\/index.php\/2022\/07\/23\/detencion-de-caro-quintero-estuvo-precedida-de-12-operaciones-fallidas\/#primaryimage"},"thumbnailUrl":"https:\/\/fuentesfidedignas.com.mx\/wp-content\/uploads\/2022\/07\/CARO_2.jpg","datePublished":"2022-07-23T21:35:39+00:00","dateModified":"2022-07-23T21:35:41+00:00","breadcrumb":{"@id":"https:\/\/fuentesfidedignas.com.mx\/index.php\/2022\/07\/23\/detencion-de-caro-quintero-estuvo-precedida-de-12-operaciones-fallidas\/#breadcrumb"},"inLanguage":"es","potentialAction":[{"@type":"ReadAction","target":["https:\/\/fuentesfidedignas.com.mx\/index.php\/2022\/07\/23\/detencion-de-caro-quintero-estuvo-precedida-de-12-operaciones-fallidas\/"]}]},{"@type":"ImageObject","inLanguage":"es","@id":"https:\/\/fuentesfidedignas.com.mx\/index.php\/2022\/07\/23\/detencion-de-caro-quintero-estuvo-precedida-de-12-operaciones-fallidas\/#primaryimage","url":"https:\/\/fuentesfidedignas.com.mx\/wp-content\/uploads\/2022\/07\/CARO_2.jpg","contentUrl":"https:\/\/fuentesfidedignas.com.mx\/wp-content\/uploads\/2022\/07\/CARO_2.jpg","width":800,"height":600},{"@type":"BreadcrumbList","@id":"https:\/\/fuentesfidedignas.com.mx\/index.php\/2022\/07\/23\/detencion-de-caro-quintero-estuvo-precedida-de-12-operaciones-fallidas\/#breadcrumb","itemListElement":[{"@type":"ListItem","position":1,"name":"Inicio","item":"https:\/\/fuentesfidedignas.com.mx\/"},{"@type":"ListItem","position":2,"name":"Detenci\u00f3n de Caro Quintero estuvo precedida de 12 operaciones fallidas"}]},{"@type":"WebSite","@id":"https:\/\/fuentesfidedignas.com.mx\/#website","url":"https:\/\/fuentesfidedignas.com.mx\/","name":"Fuentes Fidedignas","description":"Otro sitio realizado con WordPress","publisher":{"@id":"https:\/\/fuentesfidedignas.com.mx\/#organization"},"potentialAction":[{"@type":"SearchAction","target":{"@type":"EntryPoint","urlTemplate":"https:\/\/fuentesfidedignas.com.mx\/?s={search_term_string}"},"query-input":{"@type":"PropertyValueSpecification","valueRequired":true,"valueName":"search_term_string"}}],"inLanguage":"es"},{"@type":"Organization","@id":"https:\/\/fuentesfidedignas.com.mx\/#organization","name":"Fuentes Fidedignas","url":"https:\/\/fuentesfidedignas.com.mx\/","logo":{"@type":"ImageObject","inLanguage":"es","@id":"https:\/\/fuentesfidedignas.com.mx\/#\/schema\/logo\/image\/","url":"https:\/\/fuentesfidedignas.com.mx\/wp-content\/uploads\/2021\/04\/logo-retina.png","contentUrl":"https:\/\/fuentesfidedignas.com.mx\/wp-content\/uploads\/2021\/04\/logo-retina.png","width":280,"height":51,"caption":"Fuentes Fidedignas"},"image":{"@id":"https:\/\/fuentesfidedignas.com.mx\/#\/schema\/logo\/image\/"},"sameAs":["https:\/\/www.facebook.com\/Fuentes-Fidedignas-368234489921644","https:\/\/x.com\/fidedignas"]},{"@type":"Person","@id":"https:\/\/fuentesfidedignas.com.mx\/#\/schema\/person\/f030e42657a5a464a8bbd891b1aab6ee","name":"Noticieros Televisa","image":{"@type":"ImageObject","inLanguage":"es","@id":"https:\/\/secure.gravatar.com\/avatar\/0e47b9e785a628831b8fd9eaf15e090e106760a879abbd4a3306f128ef5d43a9?s=96&d=mm&r=g","url":"https:\/\/secure.gravatar.com\/avatar\/0e47b9e785a628831b8fd9eaf15e090e106760a879abbd4a3306f128ef5d43a9?s=96&d=mm&r=g","contentUrl":"https:\/\/secure.gravatar.com\/avatar\/0e47b9e785a628831b8fd9eaf15e090e106760a879abbd4a3306f128ef5d43a9?s=96&d=mm&r=g","caption":"Noticieros Televisa"},"url":"https:\/\/fuentesfidedignas.com.mx\/index.php\/author\/noticieros-televisa\/"}]}},"_links":{"self":[{"href":"https:\/\/fuentesfidedignas.com.mx\/index.php\/wp-json\/wp\/v2\/posts\/38195","targetHints":{"allow":["GET"]}}],"collection":[{"href":"https:\/\/fuentesfidedignas.com.mx\/index.php\/wp-json\/wp\/v2\/posts"}],"about":[{"href":"https:\/\/fuentesfidedignas.com.mx\/index.php\/wp-json\/wp\/v2\/types\/post"}],"author":[{"embeddable":true,"href":"https:\/\/fuentesfidedignas.com.mx\/index.php\/wp-json\/wp\/v2\/users\/46"}],"replies":[{"embeddable":true,"href":"https:\/\/fuentesfidedignas.com.mx\/index.php\/wp-json\/wp\/v2\/comments?post=38195"}],"version-history":[{"count":1,"href":"https:\/\/fuentesfidedignas.com.mx\/index.php\/wp-json\/wp\/v2\/posts\/38195\/revisions"}],"predecessor-version":[{"id":38196,"href":"https:\/\/fuentesfidedignas.com.mx\/index.php\/wp-json\/wp\/v2\/posts\/38195\/revisions\/38196"}],"wp:featuredmedia":[{"embeddable":true,"href":"https:\/\/fuentesfidedignas.com.mx\/index.php\/wp-json\/wp\/v2\/media\/37747"}],"wp:attachment":[{"href":"https:\/\/fuentesfidedignas.com.mx\/index.php\/wp-json\/wp\/v2\/media?parent=38195"}],"wp:term":[{"taxonomy":"category","embeddable":true,"href":"https:\/\/fuentesfidedignas.com.mx\/index.php\/wp-json\/wp\/v2\/categories?post=38195"},{"taxonomy":"post_tag","embeddable":true,"href":"https:\/\/fuentesfidedignas.com.mx\/index.php\/wp-json\/wp\/v2\/tags?post=38195"}],"curies":[{"name":"wp","href":"https:\/\/api.w.org\/{rel}","templated":true}]}}