{"id":3817,"date":"2021-06-02T09:29:49","date_gmt":"2021-06-02T16:29:49","guid":{"rendered":"https:\/\/fuentesfidedignas.com.mx\/?p=3817"},"modified":"2021-06-02T09:30:54","modified_gmt":"2021-06-02T16:30:54","slug":"ya-son-101-comunidades-las-afectadas-por-la-sequia-en-el-municipio-de-culiacan","status":"publish","type":"post","link":"https:\/\/fuentesfidedignas.com.mx\/index.php\/2021\/06\/02\/ya-son-101-comunidades-las-afectadas-por-la-sequia-en-el-municipio-de-culiacan\/","title":{"rendered":"Ya son 101 comunidades las afectadas por la sequ\u00eda en el municipio de Culiac\u00e1n"},"content":{"rendered":"\n<p><strong><em>26 comunidades m\u00e1s, empiezan a dar se\u00f1ales de abatimiento, por lo que se les est\u00e1 tandeando el suministro de agua, para lograr una mejor administraci\u00f3n del vital l\u00edquido.<\/em><\/strong><\/p>\n\n\n\n<p>Culiac\u00e1n, Sin.- Son 101 comunidades las que en este momento est\u00e1n siendo afectadas por el estiaje en el municipio de Culiac\u00e1n, seg\u00fan lo inform\u00f3 el Gerente General de JAPAC, Jes\u00fas Higuera Laura.<\/p>\n\n\n\n<p>Record\u00f3 que esta temporada, la sequ\u00eda empez\u00f3 a mostrar sus primeros efectos desde diciembre del a\u00f1o pasado, por lo que a la fecha se han acumulado 75 comunidades a las que se le han agotado sus mantos fre\u00e1ticos por lo que es necesario dotarles de agua potable a trav\u00e9s de pipas.<\/p>\n\n\n\n<p>En tanto que, 26 comunidades m\u00e1s, empiezan a dar se\u00f1ales de abatimiento, por lo que se les est\u00e1 tandeando el suministro de agua, para lograr una mejor administraci\u00f3n del vital l\u00edquido.<\/p>\n\n\n\n<p>Esta informaci\u00f3n fua dada a conocer por el gerente de la paramunicipal, quien dio a conocer a estos apoyos est\u00e1n siendo llevados con recursos propios del organismo y que al momento ascienden a 6 millones de pesos.<\/p>\n\n\n\n<p>Higuera Laura destac\u00f3 que son m\u00e1s de 30 mil culiacanenses los afectados, principalmente de las sindicaturas de Tepuche, Jes\u00fas Mar\u00eda, El salado, Imala y Sanalona.<\/p>\n\n\n\n<p>Con relaci\u00f3n al bajo nivel de las presas que surten de agua a las plantas potabilizadoras de la ciudad, destac\u00f3 que hasta este momento existe una estrecha coordinaci\u00f3n con la Comisi\u00f3n Nacional del Agua, y se ha estado dotando del volumen que se requiere para el consumo humano.<\/p>\n\n\n\n<p>Sin embargo, hizo un llamado a la poblaci\u00f3n para que hoy m\u00e1s que nunca se haga un uso racional del agua e invit\u00f3 a reportar desperdicios al Aquatel 073.<\/p>\n","protected":false},"excerpt":{"rendered":"<p>26 comunidades m\u00e1s, empiezan a dar se\u00f1ales de abatimiento, por lo que se les est\u00e1 tandeando el suministro de agua, para lograr una mejor administraci\u00f3n del vital l\u00edquido. Culiac\u00e1n, Sin.- Son 101 comunidades las que en este momento est\u00e1n siendo afectadas por el estiaje en el municipio de Culiac\u00e1n, seg\u00fan lo inform\u00f3 el Gerente General [&hellip;]<\/p>\n","protected":false},"author":4,"featured_media":3820,"comment_status":"open","ping_status":"open","sticky":false,"template":"","format":"standard","meta":{"tdm_status":"","tdm_grid_status":"","footnotes":""},"categories":[37],"tags":[],"class_list":{"0":"post-3817","1":"post","2":"type-post","3":"status-publish","4":"format-standard","5":"has-post-thumbnail","7":"category-nota-principal"},"yoast_head":"<!-- This site is optimized with the Yoast SEO plugin v27.5 - https:\/\/yoast.com\/product\/yoast-seo-wordpress\/ -->\n<title>Ya son 101 comunidades las afectadas por la sequ\u00eda en el municipio de Culiac\u00e1n - Fuentes Fidedignas<\/title>\n<meta name=\"robots\" content=\"index, follow, max-snippet:-1, max-image-preview:large, max-video-preview:-1\" \/>\n<link rel=\"canonical\" href=\"https:\/\/fuentesfidedignas.com.mx\/index.php\/2021\/06\/02\/ya-son-101-comunidades-las-afectadas-por-la-sequia-en-el-municipio-de-culiacan\/\" \/>\n<meta property=\"og:locale\" content=\"es_MX\" \/>\n<meta property=\"og:type\" content=\"article\" \/>\n<meta property=\"og:title\" content=\"Ya son 101 comunidades las afectadas por la sequ\u00eda en el municipio de Culiac\u00e1n - Fuentes Fidedignas\" \/>\n<meta property=\"og:description\" content=\"26 comunidades m\u00e1s, empiezan a dar se\u00f1ales de abatimiento, por lo que se les est\u00e1 tandeando el suministro de agua, para lograr una mejor administraci\u00f3n del vital l\u00edquido. Culiac\u00e1n, Sin.- Son 101 comunidades las que en este momento est\u00e1n siendo afectadas por el estiaje en el municipio de Culiac\u00e1n, seg\u00fan lo inform\u00f3 el Gerente General [&hellip;]\" \/>\n<meta property=\"og:url\" content=\"https:\/\/fuentesfidedignas.com.mx\/index.php\/2021\/06\/02\/ya-son-101-comunidades-las-afectadas-por-la-sequia-en-el-municipio-de-culiacan\/\" \/>\n<meta property=\"og:site_name\" content=\"Fuentes Fidedignas\" \/>\n<meta property=\"article:publisher\" content=\"https:\/\/www.facebook.com\/Fuentes-Fidedignas-368234489921644\" \/>\n<meta property=\"article:published_time\" content=\"2021-06-02T16:29:49+00:00\" \/>\n<meta property=\"article:modified_time\" content=\"2021-06-02T16:30:54+00:00\" \/>\n<meta property=\"og:image\" content=\"https:\/\/fuentesfidedignas.com.mx\/wp-content\/uploads\/2021\/06\/A1454E6D-ED0B-4466-B90D-516F66D1AA1F.jpeg\" \/>\n\t<meta property=\"og:image:width\" content=\"1280\" \/>\n\t<meta property=\"og:image:height\" content=\"960\" \/>\n\t<meta property=\"og:image:type\" content=\"image\/jpeg\" \/>\n<meta name=\"author\" content=\"Redacci\u00f3n\" \/>\n<meta name=\"twitter:card\" content=\"summary_large_image\" \/>\n<meta name=\"twitter:creator\" content=\"@fidedignas\" \/>\n<meta name=\"twitter:site\" content=\"@fidedignas\" \/>\n<meta name=\"twitter:label1\" content=\"Escrito por\" \/>\n\t<meta name=\"twitter:data1\" content=\"Redacci\u00f3n\" \/>\n\t<meta name=\"twitter:label2\" content=\"Tiempo de lectura\" \/>\n\t<meta name=\"twitter:data2\" content=\"2 minutos\" \/>\n<script type=\"application\/ld+json\" class=\"yoast-schema-graph\">{\"@context\":\"https:\\\/\\\/schema.org\",\"@graph\":[{\"@type\":\"Article\",\"@id\":\"https:\\\/\\\/fuentesfidedignas.com.mx\\\/index.php\\\/2021\\\/06\\\/02\\\/ya-son-101-comunidades-las-afectadas-por-la-sequia-en-el-municipio-de-culiacan\\\/#article\",\"isPartOf\":{\"@id\":\"https:\\\/\\\/fuentesfidedignas.com.mx\\\/index.php\\\/2021\\\/06\\\/02\\\/ya-son-101-comunidades-las-afectadas-por-la-sequia-en-el-municipio-de-culiacan\\\/\"},\"author\":{\"name\":\"Redacci\u00f3n\",\"@id\":\"https:\\\/\\\/fuentesfidedignas.com.mx\\\/#\\\/schema\\\/person\\\/331be9283d37198e2acd5750279085b0\"},\"headline\":\"Ya son 101 comunidades las afectadas por la sequ\u00eda en el municipio de Culiac\u00e1n\",\"datePublished\":\"2021-06-02T16:29:49+00:00\",\"dateModified\":\"2021-06-02T16:30:54+00:00\",\"mainEntityOfPage\":{\"@id\":\"https:\\\/\\\/fuentesfidedignas.com.mx\\\/index.php\\\/2021\\\/06\\\/02\\\/ya-son-101-comunidades-las-afectadas-por-la-sequia-en-el-municipio-de-culiacan\\\/\"},\"wordCount\":317,\"commentCount\":0,\"publisher\":{\"@id\":\"https:\\\/\\\/fuentesfidedignas.com.mx\\\/#organization\"},\"image\":{\"@id\":\"https:\\\/\\\/fuentesfidedignas.com.mx\\\/index.php\\\/2021\\\/06\\\/02\\\/ya-son-101-comunidades-las-afectadas-por-la-sequia-en-el-municipio-de-culiacan\\\/#primaryimage\"},\"thumbnailUrl\":\"https:\\\/\\\/fuentesfidedignas.com.mx\\\/wp-content\\\/uploads\\\/2021\\\/06\\\/A1454E6D-ED0B-4466-B90D-516F66D1AA1F.jpeg\",\"articleSection\":[\"NOTA PRINCIPAL\"],\"inLanguage\":\"es\",\"potentialAction\":[{\"@type\":\"CommentAction\",\"name\":\"Comment\",\"target\":[\"https:\\\/\\\/fuentesfidedignas.com.mx\\\/index.php\\\/2021\\\/06\\\/02\\\/ya-son-101-comunidades-las-afectadas-por-la-sequia-en-el-municipio-de-culiacan\\\/#respond\"]}]},{\"@type\":\"WebPage\",\"@id\":\"https:\\\/\\\/fuentesfidedignas.com.mx\\\/index.php\\\/2021\\\/06\\\/02\\\/ya-son-101-comunidades-las-afectadas-por-la-sequia-en-el-municipio-de-culiacan\\\/\",\"url\":\"https:\\\/\\\/fuentesfidedignas.com.mx\\\/index.php\\\/2021\\\/06\\\/02\\\/ya-son-101-comunidades-las-afectadas-por-la-sequia-en-el-municipio-de-culiacan\\\/\",\"name\":\"Ya son 101 comunidades las afectadas por la sequ\u00eda en el municipio de Culiac\u00e1n - Fuentes Fidedignas\",\"isPartOf\":{\"@id\":\"https:\\\/\\\/fuentesfidedignas.com.mx\\\/#website\"},\"primaryImageOfPage\":{\"@id\":\"https:\\\/\\\/fuentesfidedignas.com.mx\\\/index.php\\\/2021\\\/06\\\/02\\\/ya-son-101-comunidades-las-afectadas-por-la-sequia-en-el-municipio-de-culiacan\\\/#primaryimage\"},\"image\":{\"@id\":\"https:\\\/\\\/fuentesfidedignas.com.mx\\\/index.php\\\/2021\\\/06\\\/02\\\/ya-son-101-comunidades-las-afectadas-por-la-sequia-en-el-municipio-de-culiacan\\\/#primaryimage\"},\"thumbnailUrl\":\"https:\\\/\\\/fuentesfidedignas.com.mx\\\/wp-content\\\/uploads\\\/2021\\\/06\\\/A1454E6D-ED0B-4466-B90D-516F66D1AA1F.jpeg\",\"datePublished\":\"2021-06-02T16:29:49+00:00\",\"dateModified\":\"2021-06-02T16:30:54+00:00\",\"breadcrumb\":{\"@id\":\"https:\\\/\\\/fuentesfidedignas.com.mx\\\/index.php\\\/2021\\\/06\\\/02\\\/ya-son-101-comunidades-las-afectadas-por-la-sequia-en-el-municipio-de-culiacan\\\/#breadcrumb\"},\"inLanguage\":\"es\",\"potentialAction\":[{\"@type\":\"ReadAction\",\"target\":[\"https:\\\/\\\/fuentesfidedignas.com.mx\\\/index.php\\\/2021\\\/06\\\/02\\\/ya-son-101-comunidades-las-afectadas-por-la-sequia-en-el-municipio-de-culiacan\\\/\"]}]},{\"@type\":\"ImageObject\",\"inLanguage\":\"es\",\"@id\":\"https:\\\/\\\/fuentesfidedignas.com.mx\\\/index.php\\\/2021\\\/06\\\/02\\\/ya-son-101-comunidades-las-afectadas-por-la-sequia-en-el-municipio-de-culiacan\\\/#primaryimage\",\"url\":\"https:\\\/\\\/fuentesfidedignas.com.mx\\\/wp-content\\\/uploads\\\/2021\\\/06\\\/A1454E6D-ED0B-4466-B90D-516F66D1AA1F.jpeg\",\"contentUrl\":\"https:\\\/\\\/fuentesfidedignas.com.mx\\\/wp-content\\\/uploads\\\/2021\\\/06\\\/A1454E6D-ED0B-4466-B90D-516F66D1AA1F.jpeg\",\"width\":1280,\"height\":960},{\"@type\":\"BreadcrumbList\",\"@id\":\"https:\\\/\\\/fuentesfidedignas.com.mx\\\/index.php\\\/2021\\\/06\\\/02\\\/ya-son-101-comunidades-las-afectadas-por-la-sequia-en-el-municipio-de-culiacan\\\/#breadcrumb\",\"itemListElement\":[{\"@type\":\"ListItem\",\"position\":1,\"name\":\"Inicio\",\"item\":\"https:\\\/\\\/fuentesfidedignas.com.mx\\\/\"},{\"@type\":\"ListItem\",\"position\":2,\"name\":\"Ya son 101 comunidades las afectadas por la sequ\u00eda en el municipio de Culiac\u00e1n\"}]},{\"@type\":\"WebSite\",\"@id\":\"https:\\\/\\\/fuentesfidedignas.com.mx\\\/#website\",\"url\":\"https:\\\/\\\/fuentesfidedignas.com.mx\\\/\",\"name\":\"Fuentes Fidedignas\",\"description\":\"Otro sitio realizado con WordPress\",\"publisher\":{\"@id\":\"https:\\\/\\\/fuentesfidedignas.com.mx\\\/#organization\"},\"potentialAction\":[{\"@type\":\"SearchAction\",\"target\":{\"@type\":\"EntryPoint\",\"urlTemplate\":\"https:\\\/\\\/fuentesfidedignas.com.mx\\\/?s={search_term_string}\"},\"query-input\":{\"@type\":\"PropertyValueSpecification\",\"valueRequired\":true,\"valueName\":\"search_term_string\"}}],\"inLanguage\":\"es\"},{\"@type\":\"Organization\",\"@id\":\"https:\\\/\\\/fuentesfidedignas.com.mx\\\/#organization\",\"name\":\"Fuentes Fidedignas\",\"url\":\"https:\\\/\\\/fuentesfidedignas.com.mx\\\/\",\"logo\":{\"@type\":\"ImageObject\",\"inLanguage\":\"es\",\"@id\":\"https:\\\/\\\/fuentesfidedignas.com.mx\\\/#\\\/schema\\\/logo\\\/image\\\/\",\"url\":\"https:\\\/\\\/fuentesfidedignas.com.mx\\\/wp-content\\\/uploads\\\/2021\\\/04\\\/logo-retina.png\",\"contentUrl\":\"https:\\\/\\\/fuentesfidedignas.com.mx\\\/wp-content\\\/uploads\\\/2021\\\/04\\\/logo-retina.png\",\"width\":280,\"height\":51,\"caption\":\"Fuentes Fidedignas\"},\"image\":{\"@id\":\"https:\\\/\\\/fuentesfidedignas.com.mx\\\/#\\\/schema\\\/logo\\\/image\\\/\"},\"sameAs\":[\"https:\\\/\\\/www.facebook.com\\\/Fuentes-Fidedignas-368234489921644\",\"https:\\\/\\\/x.com\\\/fidedignas\"]},{\"@type\":\"Person\",\"@id\":\"https:\\\/\\\/fuentesfidedignas.com.mx\\\/#\\\/schema\\\/person\\\/331be9283d37198e2acd5750279085b0\",\"name\":\"Redacci\u00f3n\",\"image\":{\"@type\":\"ImageObject\",\"inLanguage\":\"es\",\"@id\":\"https:\\\/\\\/secure.gravatar.com\\\/avatar\\\/f6d8782c11d12b2d4ad3fbb6931aeab5309937a4d6cd2fc9cfaa28a6396a5aec?s=96&d=mm&r=g\",\"url\":\"https:\\\/\\\/secure.gravatar.com\\\/avatar\\\/f6d8782c11d12b2d4ad3fbb6931aeab5309937a4d6cd2fc9cfaa28a6396a5aec?s=96&d=mm&r=g\",\"contentUrl\":\"https:\\\/\\\/secure.gravatar.com\\\/avatar\\\/f6d8782c11d12b2d4ad3fbb6931aeab5309937a4d6cd2fc9cfaa28a6396a5aec?s=96&d=mm&r=g\",\"caption\":\"Redacci\u00f3n\"},\"url\":\"https:\\\/\\\/fuentesfidedignas.com.mx\\\/index.php\\\/author\\\/redaccion\\\/\"}]}<\/script>\n<!-- \/ Yoast SEO plugin. -->","yoast_head_json":{"title":"Ya son 101 comunidades las afectadas por la sequ\u00eda en el municipio de Culiac\u00e1n - Fuentes Fidedignas","robots":{"index":"index","follow":"follow","max-snippet":"max-snippet:-1","max-image-preview":"max-image-preview:large","max-video-preview":"max-video-preview:-1"},"canonical":"https:\/\/fuentesfidedignas.com.mx\/index.php\/2021\/06\/02\/ya-son-101-comunidades-las-afectadas-por-la-sequia-en-el-municipio-de-culiacan\/","og_locale":"es_MX","og_type":"article","og_title":"Ya son 101 comunidades las afectadas por la sequ\u00eda en el municipio de Culiac\u00e1n - Fuentes Fidedignas","og_description":"26 comunidades m\u00e1s, empiezan a dar se\u00f1ales de abatimiento, por lo que se les est\u00e1 tandeando el suministro de agua, para lograr una mejor administraci\u00f3n del vital l\u00edquido. Culiac\u00e1n, Sin.- Son 101 comunidades las que en este momento est\u00e1n siendo afectadas por el estiaje en el municipio de Culiac\u00e1n, seg\u00fan lo inform\u00f3 el Gerente General [&hellip;]","og_url":"https:\/\/fuentesfidedignas.com.mx\/index.php\/2021\/06\/02\/ya-son-101-comunidades-las-afectadas-por-la-sequia-en-el-municipio-de-culiacan\/","og_site_name":"Fuentes Fidedignas","article_publisher":"https:\/\/www.facebook.com\/Fuentes-Fidedignas-368234489921644","article_published_time":"2021-06-02T16:29:49+00:00","article_modified_time":"2021-06-02T16:30:54+00:00","og_image":[{"width":1280,"height":960,"url":"https:\/\/fuentesfidedignas.com.mx\/wp-content\/uploads\/2021\/06\/A1454E6D-ED0B-4466-B90D-516F66D1AA1F.jpeg","type":"image\/jpeg"}],"author":"Redacci\u00f3n","twitter_card":"summary_large_image","twitter_creator":"@fidedignas","twitter_site":"@fidedignas","twitter_misc":{"Escrito por":"Redacci\u00f3n","Tiempo de lectura":"2 minutos"},"schema":{"@context":"https:\/\/schema.org","@graph":[{"@type":"Article","@id":"https:\/\/fuentesfidedignas.com.mx\/index.php\/2021\/06\/02\/ya-son-101-comunidades-las-afectadas-por-la-sequia-en-el-municipio-de-culiacan\/#article","isPartOf":{"@id":"https:\/\/fuentesfidedignas.com.mx\/index.php\/2021\/06\/02\/ya-son-101-comunidades-las-afectadas-por-la-sequia-en-el-municipio-de-culiacan\/"},"author":{"name":"Redacci\u00f3n","@id":"https:\/\/fuentesfidedignas.com.mx\/#\/schema\/person\/331be9283d37198e2acd5750279085b0"},"headline":"Ya son 101 comunidades las afectadas por la sequ\u00eda en el municipio de Culiac\u00e1n","datePublished":"2021-06-02T16:29:49+00:00","dateModified":"2021-06-02T16:30:54+00:00","mainEntityOfPage":{"@id":"https:\/\/fuentesfidedignas.com.mx\/index.php\/2021\/06\/02\/ya-son-101-comunidades-las-afectadas-por-la-sequia-en-el-municipio-de-culiacan\/"},"wordCount":317,"commentCount":0,"publisher":{"@id":"https:\/\/fuentesfidedignas.com.mx\/#organization"},"image":{"@id":"https:\/\/fuentesfidedignas.com.mx\/index.php\/2021\/06\/02\/ya-son-101-comunidades-las-afectadas-por-la-sequia-en-el-municipio-de-culiacan\/#primaryimage"},"thumbnailUrl":"https:\/\/fuentesfidedignas.com.mx\/wp-content\/uploads\/2021\/06\/A1454E6D-ED0B-4466-B90D-516F66D1AA1F.jpeg","articleSection":["NOTA PRINCIPAL"],"inLanguage":"es","potentialAction":[{"@type":"CommentAction","name":"Comment","target":["https:\/\/fuentesfidedignas.com.mx\/index.php\/2021\/06\/02\/ya-son-101-comunidades-las-afectadas-por-la-sequia-en-el-municipio-de-culiacan\/#respond"]}]},{"@type":"WebPage","@id":"https:\/\/fuentesfidedignas.com.mx\/index.php\/2021\/06\/02\/ya-son-101-comunidades-las-afectadas-por-la-sequia-en-el-municipio-de-culiacan\/","url":"https:\/\/fuentesfidedignas.com.mx\/index.php\/2021\/06\/02\/ya-son-101-comunidades-las-afectadas-por-la-sequia-en-el-municipio-de-culiacan\/","name":"Ya son 101 comunidades las afectadas por la sequ\u00eda en el municipio de Culiac\u00e1n - Fuentes Fidedignas","isPartOf":{"@id":"https:\/\/fuentesfidedignas.com.mx\/#website"},"primaryImageOfPage":{"@id":"https:\/\/fuentesfidedignas.com.mx\/index.php\/2021\/06\/02\/ya-son-101-comunidades-las-afectadas-por-la-sequia-en-el-municipio-de-culiacan\/#primaryimage"},"image":{"@id":"https:\/\/fuentesfidedignas.com.mx\/index.php\/2021\/06\/02\/ya-son-101-comunidades-las-afectadas-por-la-sequia-en-el-municipio-de-culiacan\/#primaryimage"},"thumbnailUrl":"https:\/\/fuentesfidedignas.com.mx\/wp-content\/uploads\/2021\/06\/A1454E6D-ED0B-4466-B90D-516F66D1AA1F.jpeg","datePublished":"2021-06-02T16:29:49+00:00","dateModified":"2021-06-02T16:30:54+00:00","breadcrumb":{"@id":"https:\/\/fuentesfidedignas.com.mx\/index.php\/2021\/06\/02\/ya-son-101-comunidades-las-afectadas-por-la-sequia-en-el-municipio-de-culiacan\/#breadcrumb"},"inLanguage":"es","potentialAction":[{"@type":"ReadAction","target":["https:\/\/fuentesfidedignas.com.mx\/index.php\/2021\/06\/02\/ya-son-101-comunidades-las-afectadas-por-la-sequia-en-el-municipio-de-culiacan\/"]}]},{"@type":"ImageObject","inLanguage":"es","@id":"https:\/\/fuentesfidedignas.com.mx\/index.php\/2021\/06\/02\/ya-son-101-comunidades-las-afectadas-por-la-sequia-en-el-municipio-de-culiacan\/#primaryimage","url":"https:\/\/fuentesfidedignas.com.mx\/wp-content\/uploads\/2021\/06\/A1454E6D-ED0B-4466-B90D-516F66D1AA1F.jpeg","contentUrl":"https:\/\/fuentesfidedignas.com.mx\/wp-content\/uploads\/2021\/06\/A1454E6D-ED0B-4466-B90D-516F66D1AA1F.jpeg","width":1280,"height":960},{"@type":"BreadcrumbList","@id":"https:\/\/fuentesfidedignas.com.mx\/index.php\/2021\/06\/02\/ya-son-101-comunidades-las-afectadas-por-la-sequia-en-el-municipio-de-culiacan\/#breadcrumb","itemListElement":[{"@type":"ListItem","position":1,"name":"Inicio","item":"https:\/\/fuentesfidedignas.com.mx\/"},{"@type":"ListItem","position":2,"name":"Ya son 101 comunidades las afectadas por la sequ\u00eda en el municipio de Culiac\u00e1n"}]},{"@type":"WebSite","@id":"https:\/\/fuentesfidedignas.com.mx\/#website","url":"https:\/\/fuentesfidedignas.com.mx\/","name":"Fuentes Fidedignas","description":"Otro sitio realizado con WordPress","publisher":{"@id":"https:\/\/fuentesfidedignas.com.mx\/#organization"},"potentialAction":[{"@type":"SearchAction","target":{"@type":"EntryPoint","urlTemplate":"https:\/\/fuentesfidedignas.com.mx\/?s={search_term_string}"},"query-input":{"@type":"PropertyValueSpecification","valueRequired":true,"valueName":"search_term_string"}}],"inLanguage":"es"},{"@type":"Organization","@id":"https:\/\/fuentesfidedignas.com.mx\/#organization","name":"Fuentes Fidedignas","url":"https:\/\/fuentesfidedignas.com.mx\/","logo":{"@type":"ImageObject","inLanguage":"es","@id":"https:\/\/fuentesfidedignas.com.mx\/#\/schema\/logo\/image\/","url":"https:\/\/fuentesfidedignas.com.mx\/wp-content\/uploads\/2021\/04\/logo-retina.png","contentUrl":"https:\/\/fuentesfidedignas.com.mx\/wp-content\/uploads\/2021\/04\/logo-retina.png","width":280,"height":51,"caption":"Fuentes Fidedignas"},"image":{"@id":"https:\/\/fuentesfidedignas.com.mx\/#\/schema\/logo\/image\/"},"sameAs":["https:\/\/www.facebook.com\/Fuentes-Fidedignas-368234489921644","https:\/\/x.com\/fidedignas"]},{"@type":"Person","@id":"https:\/\/fuentesfidedignas.com.mx\/#\/schema\/person\/331be9283d37198e2acd5750279085b0","name":"Redacci\u00f3n","image":{"@type":"ImageObject","inLanguage":"es","@id":"https:\/\/secure.gravatar.com\/avatar\/f6d8782c11d12b2d4ad3fbb6931aeab5309937a4d6cd2fc9cfaa28a6396a5aec?s=96&d=mm&r=g","url":"https:\/\/secure.gravatar.com\/avatar\/f6d8782c11d12b2d4ad3fbb6931aeab5309937a4d6cd2fc9cfaa28a6396a5aec?s=96&d=mm&r=g","contentUrl":"https:\/\/secure.gravatar.com\/avatar\/f6d8782c11d12b2d4ad3fbb6931aeab5309937a4d6cd2fc9cfaa28a6396a5aec?s=96&d=mm&r=g","caption":"Redacci\u00f3n"},"url":"https:\/\/fuentesfidedignas.com.mx\/index.php\/author\/redaccion\/"}]}},"_links":{"self":[{"href":"https:\/\/fuentesfidedignas.com.mx\/index.php\/wp-json\/wp\/v2\/posts\/3817","targetHints":{"allow":["GET"]}}],"collection":[{"href":"https:\/\/fuentesfidedignas.com.mx\/index.php\/wp-json\/wp\/v2\/posts"}],"about":[{"href":"https:\/\/fuentesfidedignas.com.mx\/index.php\/wp-json\/wp\/v2\/types\/post"}],"author":[{"embeddable":true,"href":"https:\/\/fuentesfidedignas.com.mx\/index.php\/wp-json\/wp\/v2\/users\/4"}],"replies":[{"embeddable":true,"href":"https:\/\/fuentesfidedignas.com.mx\/index.php\/wp-json\/wp\/v2\/comments?post=3817"}],"version-history":[{"count":1,"href":"https:\/\/fuentesfidedignas.com.mx\/index.php\/wp-json\/wp\/v2\/posts\/3817\/revisions"}],"predecessor-version":[{"id":3819,"href":"https:\/\/fuentesfidedignas.com.mx\/index.php\/wp-json\/wp\/v2\/posts\/3817\/revisions\/3819"}],"wp:featuredmedia":[{"embeddable":true,"href":"https:\/\/fuentesfidedignas.com.mx\/index.php\/wp-json\/wp\/v2\/media\/3820"}],"wp:attachment":[{"href":"https:\/\/fuentesfidedignas.com.mx\/index.php\/wp-json\/wp\/v2\/media?parent=3817"}],"wp:term":[{"taxonomy":"category","embeddable":true,"href":"https:\/\/fuentesfidedignas.com.mx\/index.php\/wp-json\/wp\/v2\/categories?post=3817"},{"taxonomy":"post_tag","embeddable":true,"href":"https:\/\/fuentesfidedignas.com.mx\/index.php\/wp-json\/wp\/v2\/tags?post=3817"}],"curies":[{"name":"wp","href":"https:\/\/api.w.org\/{rel}","templated":true}]}}