{"id":38161,"date":"2022-07-23T00:43:00","date_gmt":"2022-07-23T06:43:00","guid":{"rendered":"https:\/\/fuentesfidedignas.com.mx\/?p=38161"},"modified":"2022-07-22T21:47:15","modified_gmt":"2022-07-23T03:47:15","slug":"funcionario-bebe-agua-de-rio-sagrado-y-termina-hospitalizado-queria-demostrar-la-limpieza-del-lugar","status":"publish","type":"post","link":"https:\/\/fuentesfidedignas.com.mx\/index.php\/2022\/07\/23\/funcionario-bebe-agua-de-rio-sagrado-y-termina-hospitalizado-queria-demostrar-la-limpieza-del-lugar\/","title":{"rendered":"Funcionario bebe agua de \u201cr\u00edo sagrado\u201d y termina hospitalizado; quer\u00eda demostrar la limpieza del lugar"},"content":{"rendered":"\n<p><strong><em>A trav\u00e9s de sus cuentas oficiales, se inform\u00f3 que el primer ministro de Punjab contrajo una infecci\u00f3n estomacal y tuvo que permanecer bajo observaci\u00f3n m\u00e9dica<\/em><\/strong><\/p>\n\n\n\n<p>Bhagwant Mann, el primer ministro de Punjab en Nueva Delhi, prob\u00f3 el agua del riachuelo sagrado Kali Bein durante el aniversario n\u00famero 22 de una campa\u00f1a de limpieza en este lugar. Aunque tuvo la intenci\u00f3n de demostrar que el agua estaba en un buen estado, un par de d\u00edas despu\u00e9s fue trasladado a un hospital con urgencia porque contrajo una enfermedad estomacal.<\/p>\n\n\n\n<p>Seg\u00fan las tradiciones de la regi\u00f3n, el agua del Kali Bein permanece bendita tras haber sido tocada por los pies de Guru Nanak Sahib, fundador e iluminado del sijismo que es venerado tanto por hind\u00faes como por musulmanes en India, al haber declarado la unificaci\u00f3n de un solo dios para ambas religiones.<\/p>\n\n\n\n<p>Aunque en teor\u00eda esta agua no puede contaminarse ni enfermar a quien la ingiera, el diagn\u00f3stico que recibi\u00f3 el primer ministro una vez ingresado en el Hospital Indraprastha Apollo, de Delhi, fue que el agua sucia hab\u00eda hecho estragos en su cuerpo, por lo que su administraci\u00f3n inform\u00f3 en redes sociales que deb\u00eda permanecer bajo observaci\u00f3n.<\/p>\n\n\n\n<figure class=\"wp-block-embed is-type-rich is-provider-twitter wp-block-embed-twitter\"><div class=\"wp-block-embed__wrapper\">\n<blockquote class=\"twitter-tweet\" data-width=\"550\" data-dnt=\"true\"><p lang=\"en\" dir=\"ltr\">Punjab Chief Minister openly drinks a glass of polluted water from a \u2018holy river\u2019 to prove that water is clean. Now admitted to hospital. <a href=\"https:\/\/t.co\/MH1OLwUlUw\">pic.twitter.com\/MH1OLwUlUw<\/a><\/p>&mdash; Ashok Swain (@ashoswai) <a href=\"https:\/\/twitter.com\/ashoswai\/status\/1550105958747197440?ref_src=twsrc%5Etfw\">July 21, 2022<\/a><\/blockquote><script async src=\"https:\/\/platform.twitter.com\/widgets.js\" charset=\"utf-8\"><\/script>\n<\/div><figcaption>Los primeros s\u00edntomas de la infecci\u00f3n, los present\u00f3 Bhagwant Mann el 19 de julio por la noche, por lo que tuvo que ser trasladado de su residencia en Chandigarh al nosocomio. Pese a que en un inicio las autoridades negaron el mal estado del primer ministro para evitar pol\u00e9micas y controversias, d\u00edas despu\u00e9s la noticia se hizo de inter\u00e9s internacional.<br><br><strong>\u00bfQu\u00e9 significa el agua del Kali Bein y por qu\u00e9 es un r\u00edo sagrado para los sijistas?<\/strong><br>El Kali Bein es un riachuelo de 165 kil\u00f3metros de extensi\u00f3n. Comienza en Hoshiarpur y atraviesa a cuatro distritos. Se conecta con los r\u00edos Beas y Sutlej, en Kapurthala, y se cree que permiti\u00f3 que unos 80 pueblos crecieran a su alrededor.<br><br>En el pasado se consideraba un lugar de purificaci\u00f3n e importancia espiritual, porque en \u00e9l, Guru Nanak Sahib alcanz\u00f3 la iluminaci\u00f3n. De acuerdo con la leyeda, Guru Nanak desapareci\u00f3 mientras se met\u00eda a las aguas del Kali Bein para ba\u00f1arse, pero tres d\u00edas despu\u00e9s emergi\u00f3 del riachuelo y afirm\u00f3 que en el mundo \u00fanicamente existe un dios, que este no es ni musulm\u00e1n, ni hind\u00fa, sino una totalidad. Con tal declaraci\u00f3n, hizo que terminara durante alg\u00fan tiempo una importante fracci\u00f3n entre creyentes de ambas religiones en esta comunidad.<\/figcaption><\/figure>\n\n\n\n<p>Muchos a\u00f1os m\u00e1s tarde, el \u00e1rbol cercano al Kali Bein, donde Guru Nanak Sahib sol\u00eda meditar, se volvi\u00f3 un espacio sagrado, pero a la par que la popularidad de esta regi\u00f3n crec\u00eda, el riachuelo comenz\u00f3 a contaminarse con basura, desechos y suciedad.<\/p>\n\n\n\n<p><strong>Las aguas contaminadas de Kali Bein<\/strong><\/p>\n\n\n\n<p>Kali Bein quiere decir \u201cCorriente Negra\u201d y este riachuelo recibi\u00f3 ese nombre porque sus aguas eran de dicho color al reflejar los minerales que se encontraban al fondo de su cuenta, sin embargo luego se utiliz\u00f3 como una referencia a la mala calidad del agua que corr\u00eda all\u00ed.<\/p>\n\n\n\n<p>Desde el a\u00f1o 2000, distintas campa\u00f1as de conservaci\u00f3n del medio ambiente y maestros espirituales como Sant Balbir Singh Seechewa, y ambientalistas como Baba Balbir Singh Seechewal, decidieron juntar esfuerzos para limpiarlo y evitar un colapso ambiental.<\/p>\n\n\n\n<p>A partir de 2003, el enfoque de la limpieza del Bein cambi\u00f3 hacia la preservaci\u00f3n de los sistemas de riego m\u00e1s que a un estado de purificaci\u00f3n espiritual, pero actualmente se estima que entre 30 y 40 pueblos vierten agua sin tratar y otros tipos de basura al Kali Bein de forma clandestina; uno de los motivos que pudo causar la infecci\u00f3n estomacal en Bhagwant Mann.<\/p>\n","protected":false},"excerpt":{"rendered":"<p>A trav\u00e9s de sus cuentas oficiales, se inform\u00f3 que el primer ministro de Punjab contrajo una infecci\u00f3n estomacal y tuvo que permanecer bajo observaci\u00f3n m\u00e9dica Bhagwant Mann, el primer ministro de Punjab en Nueva Delhi, prob\u00f3 el agua del riachuelo sagrado Kali Bein durante el aniversario n\u00famero 22 de una campa\u00f1a de limpieza en este [&hellip;]<\/p>\n","protected":false},"author":46,"featured_media":38162,"comment_status":"open","ping_status":"open","sticky":false,"template":"","format":"standard","meta":{"tdm_status":"","tdm_grid_status":"","footnotes":""},"categories":[40],"tags":[290,193],"class_list":{"0":"post-38161","1":"post","2":"type-post","3":"status-publish","4":"format-standard","5":"has-post-thumbnail","7":"category-las-asombrosas","8":"tag-asombrosa","9":"tag-viral"},"yoast_head":"<!-- This site is optimized with the Yoast SEO plugin v27.5 - https:\/\/yoast.com\/product\/yoast-seo-wordpress\/ -->\n<title>Funcionario bebe agua de \u201cr\u00edo sagrado\u201d y termina hospitalizado; quer\u00eda demostrar la limpieza del lugar - Fuentes Fidedignas<\/title>\n<meta name=\"robots\" content=\"index, follow, max-snippet:-1, max-image-preview:large, max-video-preview:-1\" \/>\n<link rel=\"canonical\" href=\"https:\/\/fuentesfidedignas.com.mx\/index.php\/2022\/07\/23\/funcionario-bebe-agua-de-rio-sagrado-y-termina-hospitalizado-queria-demostrar-la-limpieza-del-lugar\/\" \/>\n<meta property=\"og:locale\" content=\"es_MX\" \/>\n<meta property=\"og:type\" content=\"article\" \/>\n<meta property=\"og:title\" content=\"Funcionario bebe agua de \u201cr\u00edo sagrado\u201d y termina hospitalizado; quer\u00eda demostrar la limpieza del lugar - Fuentes Fidedignas\" \/>\n<meta property=\"og:description\" content=\"A trav\u00e9s de sus cuentas oficiales, se inform\u00f3 que el primer ministro de Punjab contrajo una infecci\u00f3n estomacal y tuvo que permanecer bajo observaci\u00f3n m\u00e9dica Bhagwant Mann, el primer ministro de Punjab en Nueva Delhi, prob\u00f3 el agua del riachuelo sagrado Kali Bein durante el aniversario n\u00famero 22 de una campa\u00f1a de limpieza en este [&hellip;]\" \/>\n<meta property=\"og:url\" content=\"https:\/\/fuentesfidedignas.com.mx\/index.php\/2022\/07\/23\/funcionario-bebe-agua-de-rio-sagrado-y-termina-hospitalizado-queria-demostrar-la-limpieza-del-lugar\/\" \/>\n<meta property=\"og:site_name\" content=\"Fuentes Fidedignas\" \/>\n<meta property=\"article:publisher\" content=\"https:\/\/www.facebook.com\/Fuentes-Fidedignas-368234489921644\" \/>\n<meta property=\"article:published_time\" content=\"2022-07-23T06:43:00+00:00\" \/>\n<meta property=\"og:image\" content=\"https:\/\/fuentesfidedignas.com.mx\/wp-content\/uploads\/2022\/07\/FUNCIONARIO_INDIO.jpg\" \/>\n\t<meta property=\"og:image:width\" content=\"1264\" \/>\n\t<meta property=\"og:image:height\" content=\"710\" \/>\n\t<meta property=\"og:image:type\" content=\"image\/jpeg\" \/>\n<meta name=\"author\" content=\"Noticieros Televisa\" \/>\n<meta name=\"twitter:card\" content=\"summary_large_image\" \/>\n<meta name=\"twitter:creator\" content=\"@fidedignas\" \/>\n<meta name=\"twitter:site\" content=\"@fidedignas\" \/>\n<meta name=\"twitter:label1\" content=\"Escrito por\" \/>\n\t<meta name=\"twitter:data1\" content=\"Noticieros Televisa\" \/>\n\t<meta name=\"twitter:label2\" content=\"Tiempo de lectura\" \/>\n\t<meta name=\"twitter:data2\" content=\"3 minutos\" \/>\n<script type=\"application\/ld+json\" class=\"yoast-schema-graph\">{\"@context\":\"https:\\\/\\\/schema.org\",\"@graph\":[{\"@type\":\"Article\",\"@id\":\"https:\\\/\\\/fuentesfidedignas.com.mx\\\/index.php\\\/2022\\\/07\\\/23\\\/funcionario-bebe-agua-de-rio-sagrado-y-termina-hospitalizado-queria-demostrar-la-limpieza-del-lugar\\\/#article\",\"isPartOf\":{\"@id\":\"https:\\\/\\\/fuentesfidedignas.com.mx\\\/index.php\\\/2022\\\/07\\\/23\\\/funcionario-bebe-agua-de-rio-sagrado-y-termina-hospitalizado-queria-demostrar-la-limpieza-del-lugar\\\/\"},\"author\":{\"name\":\"Noticieros Televisa\",\"@id\":\"https:\\\/\\\/fuentesfidedignas.com.mx\\\/#\\\/schema\\\/person\\\/f030e42657a5a464a8bbd891b1aab6ee\"},\"headline\":\"Funcionario bebe agua de \u201cr\u00edo sagrado\u201d y termina hospitalizado; quer\u00eda demostrar la limpieza del lugar\",\"datePublished\":\"2022-07-23T06:43:00+00:00\",\"mainEntityOfPage\":{\"@id\":\"https:\\\/\\\/fuentesfidedignas.com.mx\\\/index.php\\\/2022\\\/07\\\/23\\\/funcionario-bebe-agua-de-rio-sagrado-y-termina-hospitalizado-queria-demostrar-la-limpieza-del-lugar\\\/\"},\"wordCount\":666,\"commentCount\":0,\"publisher\":{\"@id\":\"https:\\\/\\\/fuentesfidedignas.com.mx\\\/#organization\"},\"image\":{\"@id\":\"https:\\\/\\\/fuentesfidedignas.com.mx\\\/index.php\\\/2022\\\/07\\\/23\\\/funcionario-bebe-agua-de-rio-sagrado-y-termina-hospitalizado-queria-demostrar-la-limpieza-del-lugar\\\/#primaryimage\"},\"thumbnailUrl\":\"https:\\\/\\\/fuentesfidedignas.com.mx\\\/wp-content\\\/uploads\\\/2022\\\/07\\\/FUNCIONARIO_INDIO.jpg\",\"keywords\":[\"Asombrosa\",\"Viral\"],\"articleSection\":[\"LAS ASOMBROSAS\"],\"inLanguage\":\"es\",\"potentialAction\":[{\"@type\":\"CommentAction\",\"name\":\"Comment\",\"target\":[\"https:\\\/\\\/fuentesfidedignas.com.mx\\\/index.php\\\/2022\\\/07\\\/23\\\/funcionario-bebe-agua-de-rio-sagrado-y-termina-hospitalizado-queria-demostrar-la-limpieza-del-lugar\\\/#respond\"]}]},{\"@type\":\"WebPage\",\"@id\":\"https:\\\/\\\/fuentesfidedignas.com.mx\\\/index.php\\\/2022\\\/07\\\/23\\\/funcionario-bebe-agua-de-rio-sagrado-y-termina-hospitalizado-queria-demostrar-la-limpieza-del-lugar\\\/\",\"url\":\"https:\\\/\\\/fuentesfidedignas.com.mx\\\/index.php\\\/2022\\\/07\\\/23\\\/funcionario-bebe-agua-de-rio-sagrado-y-termina-hospitalizado-queria-demostrar-la-limpieza-del-lugar\\\/\",\"name\":\"Funcionario bebe agua de \u201cr\u00edo sagrado\u201d y termina hospitalizado; quer\u00eda demostrar la limpieza del lugar - Fuentes Fidedignas\",\"isPartOf\":{\"@id\":\"https:\\\/\\\/fuentesfidedignas.com.mx\\\/#website\"},\"primaryImageOfPage\":{\"@id\":\"https:\\\/\\\/fuentesfidedignas.com.mx\\\/index.php\\\/2022\\\/07\\\/23\\\/funcionario-bebe-agua-de-rio-sagrado-y-termina-hospitalizado-queria-demostrar-la-limpieza-del-lugar\\\/#primaryimage\"},\"image\":{\"@id\":\"https:\\\/\\\/fuentesfidedignas.com.mx\\\/index.php\\\/2022\\\/07\\\/23\\\/funcionario-bebe-agua-de-rio-sagrado-y-termina-hospitalizado-queria-demostrar-la-limpieza-del-lugar\\\/#primaryimage\"},\"thumbnailUrl\":\"https:\\\/\\\/fuentesfidedignas.com.mx\\\/wp-content\\\/uploads\\\/2022\\\/07\\\/FUNCIONARIO_INDIO.jpg\",\"datePublished\":\"2022-07-23T06:43:00+00:00\",\"breadcrumb\":{\"@id\":\"https:\\\/\\\/fuentesfidedignas.com.mx\\\/index.php\\\/2022\\\/07\\\/23\\\/funcionario-bebe-agua-de-rio-sagrado-y-termina-hospitalizado-queria-demostrar-la-limpieza-del-lugar\\\/#breadcrumb\"},\"inLanguage\":\"es\",\"potentialAction\":[{\"@type\":\"ReadAction\",\"target\":[\"https:\\\/\\\/fuentesfidedignas.com.mx\\\/index.php\\\/2022\\\/07\\\/23\\\/funcionario-bebe-agua-de-rio-sagrado-y-termina-hospitalizado-queria-demostrar-la-limpieza-del-lugar\\\/\"]}]},{\"@type\":\"ImageObject\",\"inLanguage\":\"es\",\"@id\":\"https:\\\/\\\/fuentesfidedignas.com.mx\\\/index.php\\\/2022\\\/07\\\/23\\\/funcionario-bebe-agua-de-rio-sagrado-y-termina-hospitalizado-queria-demostrar-la-limpieza-del-lugar\\\/#primaryimage\",\"url\":\"https:\\\/\\\/fuentesfidedignas.com.mx\\\/wp-content\\\/uploads\\\/2022\\\/07\\\/FUNCIONARIO_INDIO.jpg\",\"contentUrl\":\"https:\\\/\\\/fuentesfidedignas.com.mx\\\/wp-content\\\/uploads\\\/2022\\\/07\\\/FUNCIONARIO_INDIO.jpg\",\"width\":1264,\"height\":710},{\"@type\":\"BreadcrumbList\",\"@id\":\"https:\\\/\\\/fuentesfidedignas.com.mx\\\/index.php\\\/2022\\\/07\\\/23\\\/funcionario-bebe-agua-de-rio-sagrado-y-termina-hospitalizado-queria-demostrar-la-limpieza-del-lugar\\\/#breadcrumb\",\"itemListElement\":[{\"@type\":\"ListItem\",\"position\":1,\"name\":\"Inicio\",\"item\":\"https:\\\/\\\/fuentesfidedignas.com.mx\\\/\"},{\"@type\":\"ListItem\",\"position\":2,\"name\":\"Funcionario bebe agua de \u201cr\u00edo sagrado\u201d y termina hospitalizado; quer\u00eda demostrar la limpieza del lugar\"}]},{\"@type\":\"WebSite\",\"@id\":\"https:\\\/\\\/fuentesfidedignas.com.mx\\\/#website\",\"url\":\"https:\\\/\\\/fuentesfidedignas.com.mx\\\/\",\"name\":\"Fuentes Fidedignas\",\"description\":\"Otro sitio realizado con WordPress\",\"publisher\":{\"@id\":\"https:\\\/\\\/fuentesfidedignas.com.mx\\\/#organization\"},\"potentialAction\":[{\"@type\":\"SearchAction\",\"target\":{\"@type\":\"EntryPoint\",\"urlTemplate\":\"https:\\\/\\\/fuentesfidedignas.com.mx\\\/?s={search_term_string}\"},\"query-input\":{\"@type\":\"PropertyValueSpecification\",\"valueRequired\":true,\"valueName\":\"search_term_string\"}}],\"inLanguage\":\"es\"},{\"@type\":\"Organization\",\"@id\":\"https:\\\/\\\/fuentesfidedignas.com.mx\\\/#organization\",\"name\":\"Fuentes Fidedignas\",\"url\":\"https:\\\/\\\/fuentesfidedignas.com.mx\\\/\",\"logo\":{\"@type\":\"ImageObject\",\"inLanguage\":\"es\",\"@id\":\"https:\\\/\\\/fuentesfidedignas.com.mx\\\/#\\\/schema\\\/logo\\\/image\\\/\",\"url\":\"https:\\\/\\\/fuentesfidedignas.com.mx\\\/wp-content\\\/uploads\\\/2021\\\/04\\\/logo-retina.png\",\"contentUrl\":\"https:\\\/\\\/fuentesfidedignas.com.mx\\\/wp-content\\\/uploads\\\/2021\\\/04\\\/logo-retina.png\",\"width\":280,\"height\":51,\"caption\":\"Fuentes Fidedignas\"},\"image\":{\"@id\":\"https:\\\/\\\/fuentesfidedignas.com.mx\\\/#\\\/schema\\\/logo\\\/image\\\/\"},\"sameAs\":[\"https:\\\/\\\/www.facebook.com\\\/Fuentes-Fidedignas-368234489921644\",\"https:\\\/\\\/x.com\\\/fidedignas\"]},{\"@type\":\"Person\",\"@id\":\"https:\\\/\\\/fuentesfidedignas.com.mx\\\/#\\\/schema\\\/person\\\/f030e42657a5a464a8bbd891b1aab6ee\",\"name\":\"Noticieros Televisa\",\"image\":{\"@type\":\"ImageObject\",\"inLanguage\":\"es\",\"@id\":\"https:\\\/\\\/secure.gravatar.com\\\/avatar\\\/0e47b9e785a628831b8fd9eaf15e090e106760a879abbd4a3306f128ef5d43a9?s=96&d=mm&r=g\",\"url\":\"https:\\\/\\\/secure.gravatar.com\\\/avatar\\\/0e47b9e785a628831b8fd9eaf15e090e106760a879abbd4a3306f128ef5d43a9?s=96&d=mm&r=g\",\"contentUrl\":\"https:\\\/\\\/secure.gravatar.com\\\/avatar\\\/0e47b9e785a628831b8fd9eaf15e090e106760a879abbd4a3306f128ef5d43a9?s=96&d=mm&r=g\",\"caption\":\"Noticieros Televisa\"},\"url\":\"https:\\\/\\\/fuentesfidedignas.com.mx\\\/index.php\\\/author\\\/noticieros-televisa\\\/\"}]}<\/script>\n<!-- \/ Yoast SEO plugin. -->","yoast_head_json":{"title":"Funcionario bebe agua de \u201cr\u00edo sagrado\u201d y termina hospitalizado; quer\u00eda demostrar la limpieza del lugar - Fuentes Fidedignas","robots":{"index":"index","follow":"follow","max-snippet":"max-snippet:-1","max-image-preview":"max-image-preview:large","max-video-preview":"max-video-preview:-1"},"canonical":"https:\/\/fuentesfidedignas.com.mx\/index.php\/2022\/07\/23\/funcionario-bebe-agua-de-rio-sagrado-y-termina-hospitalizado-queria-demostrar-la-limpieza-del-lugar\/","og_locale":"es_MX","og_type":"article","og_title":"Funcionario bebe agua de \u201cr\u00edo sagrado\u201d y termina hospitalizado; quer\u00eda demostrar la limpieza del lugar - Fuentes Fidedignas","og_description":"A trav\u00e9s de sus cuentas oficiales, se inform\u00f3 que el primer ministro de Punjab contrajo una infecci\u00f3n estomacal y tuvo que permanecer bajo observaci\u00f3n m\u00e9dica Bhagwant Mann, el primer ministro de Punjab en Nueva Delhi, prob\u00f3 el agua del riachuelo sagrado Kali Bein durante el aniversario n\u00famero 22 de una campa\u00f1a de limpieza en este [&hellip;]","og_url":"https:\/\/fuentesfidedignas.com.mx\/index.php\/2022\/07\/23\/funcionario-bebe-agua-de-rio-sagrado-y-termina-hospitalizado-queria-demostrar-la-limpieza-del-lugar\/","og_site_name":"Fuentes Fidedignas","article_publisher":"https:\/\/www.facebook.com\/Fuentes-Fidedignas-368234489921644","article_published_time":"2022-07-23T06:43:00+00:00","og_image":[{"width":1264,"height":710,"url":"https:\/\/fuentesfidedignas.com.mx\/wp-content\/uploads\/2022\/07\/FUNCIONARIO_INDIO.jpg","type":"image\/jpeg"}],"author":"Noticieros Televisa","twitter_card":"summary_large_image","twitter_creator":"@fidedignas","twitter_site":"@fidedignas","twitter_misc":{"Escrito por":"Noticieros Televisa","Tiempo de lectura":"3 minutos"},"schema":{"@context":"https:\/\/schema.org","@graph":[{"@type":"Article","@id":"https:\/\/fuentesfidedignas.com.mx\/index.php\/2022\/07\/23\/funcionario-bebe-agua-de-rio-sagrado-y-termina-hospitalizado-queria-demostrar-la-limpieza-del-lugar\/#article","isPartOf":{"@id":"https:\/\/fuentesfidedignas.com.mx\/index.php\/2022\/07\/23\/funcionario-bebe-agua-de-rio-sagrado-y-termina-hospitalizado-queria-demostrar-la-limpieza-del-lugar\/"},"author":{"name":"Noticieros Televisa","@id":"https:\/\/fuentesfidedignas.com.mx\/#\/schema\/person\/f030e42657a5a464a8bbd891b1aab6ee"},"headline":"Funcionario bebe agua de \u201cr\u00edo sagrado\u201d y termina hospitalizado; quer\u00eda demostrar la limpieza del lugar","datePublished":"2022-07-23T06:43:00+00:00","mainEntityOfPage":{"@id":"https:\/\/fuentesfidedignas.com.mx\/index.php\/2022\/07\/23\/funcionario-bebe-agua-de-rio-sagrado-y-termina-hospitalizado-queria-demostrar-la-limpieza-del-lugar\/"},"wordCount":666,"commentCount":0,"publisher":{"@id":"https:\/\/fuentesfidedignas.com.mx\/#organization"},"image":{"@id":"https:\/\/fuentesfidedignas.com.mx\/index.php\/2022\/07\/23\/funcionario-bebe-agua-de-rio-sagrado-y-termina-hospitalizado-queria-demostrar-la-limpieza-del-lugar\/#primaryimage"},"thumbnailUrl":"https:\/\/fuentesfidedignas.com.mx\/wp-content\/uploads\/2022\/07\/FUNCIONARIO_INDIO.jpg","keywords":["Asombrosa","Viral"],"articleSection":["LAS ASOMBROSAS"],"inLanguage":"es","potentialAction":[{"@type":"CommentAction","name":"Comment","target":["https:\/\/fuentesfidedignas.com.mx\/index.php\/2022\/07\/23\/funcionario-bebe-agua-de-rio-sagrado-y-termina-hospitalizado-queria-demostrar-la-limpieza-del-lugar\/#respond"]}]},{"@type":"WebPage","@id":"https:\/\/fuentesfidedignas.com.mx\/index.php\/2022\/07\/23\/funcionario-bebe-agua-de-rio-sagrado-y-termina-hospitalizado-queria-demostrar-la-limpieza-del-lugar\/","url":"https:\/\/fuentesfidedignas.com.mx\/index.php\/2022\/07\/23\/funcionario-bebe-agua-de-rio-sagrado-y-termina-hospitalizado-queria-demostrar-la-limpieza-del-lugar\/","name":"Funcionario bebe agua de \u201cr\u00edo sagrado\u201d y termina hospitalizado; quer\u00eda demostrar la limpieza del lugar - Fuentes Fidedignas","isPartOf":{"@id":"https:\/\/fuentesfidedignas.com.mx\/#website"},"primaryImageOfPage":{"@id":"https:\/\/fuentesfidedignas.com.mx\/index.php\/2022\/07\/23\/funcionario-bebe-agua-de-rio-sagrado-y-termina-hospitalizado-queria-demostrar-la-limpieza-del-lugar\/#primaryimage"},"image":{"@id":"https:\/\/fuentesfidedignas.com.mx\/index.php\/2022\/07\/23\/funcionario-bebe-agua-de-rio-sagrado-y-termina-hospitalizado-queria-demostrar-la-limpieza-del-lugar\/#primaryimage"},"thumbnailUrl":"https:\/\/fuentesfidedignas.com.mx\/wp-content\/uploads\/2022\/07\/FUNCIONARIO_INDIO.jpg","datePublished":"2022-07-23T06:43:00+00:00","breadcrumb":{"@id":"https:\/\/fuentesfidedignas.com.mx\/index.php\/2022\/07\/23\/funcionario-bebe-agua-de-rio-sagrado-y-termina-hospitalizado-queria-demostrar-la-limpieza-del-lugar\/#breadcrumb"},"inLanguage":"es","potentialAction":[{"@type":"ReadAction","target":["https:\/\/fuentesfidedignas.com.mx\/index.php\/2022\/07\/23\/funcionario-bebe-agua-de-rio-sagrado-y-termina-hospitalizado-queria-demostrar-la-limpieza-del-lugar\/"]}]},{"@type":"ImageObject","inLanguage":"es","@id":"https:\/\/fuentesfidedignas.com.mx\/index.php\/2022\/07\/23\/funcionario-bebe-agua-de-rio-sagrado-y-termina-hospitalizado-queria-demostrar-la-limpieza-del-lugar\/#primaryimage","url":"https:\/\/fuentesfidedignas.com.mx\/wp-content\/uploads\/2022\/07\/FUNCIONARIO_INDIO.jpg","contentUrl":"https:\/\/fuentesfidedignas.com.mx\/wp-content\/uploads\/2022\/07\/FUNCIONARIO_INDIO.jpg","width":1264,"height":710},{"@type":"BreadcrumbList","@id":"https:\/\/fuentesfidedignas.com.mx\/index.php\/2022\/07\/23\/funcionario-bebe-agua-de-rio-sagrado-y-termina-hospitalizado-queria-demostrar-la-limpieza-del-lugar\/#breadcrumb","itemListElement":[{"@type":"ListItem","position":1,"name":"Inicio","item":"https:\/\/fuentesfidedignas.com.mx\/"},{"@type":"ListItem","position":2,"name":"Funcionario bebe agua de \u201cr\u00edo sagrado\u201d y termina hospitalizado; quer\u00eda demostrar la limpieza del lugar"}]},{"@type":"WebSite","@id":"https:\/\/fuentesfidedignas.com.mx\/#website","url":"https:\/\/fuentesfidedignas.com.mx\/","name":"Fuentes Fidedignas","description":"Otro sitio realizado con WordPress","publisher":{"@id":"https:\/\/fuentesfidedignas.com.mx\/#organization"},"potentialAction":[{"@type":"SearchAction","target":{"@type":"EntryPoint","urlTemplate":"https:\/\/fuentesfidedignas.com.mx\/?s={search_term_string}"},"query-input":{"@type":"PropertyValueSpecification","valueRequired":true,"valueName":"search_term_string"}}],"inLanguage":"es"},{"@type":"Organization","@id":"https:\/\/fuentesfidedignas.com.mx\/#organization","name":"Fuentes Fidedignas","url":"https:\/\/fuentesfidedignas.com.mx\/","logo":{"@type":"ImageObject","inLanguage":"es","@id":"https:\/\/fuentesfidedignas.com.mx\/#\/schema\/logo\/image\/","url":"https:\/\/fuentesfidedignas.com.mx\/wp-content\/uploads\/2021\/04\/logo-retina.png","contentUrl":"https:\/\/fuentesfidedignas.com.mx\/wp-content\/uploads\/2021\/04\/logo-retina.png","width":280,"height":51,"caption":"Fuentes Fidedignas"},"image":{"@id":"https:\/\/fuentesfidedignas.com.mx\/#\/schema\/logo\/image\/"},"sameAs":["https:\/\/www.facebook.com\/Fuentes-Fidedignas-368234489921644","https:\/\/x.com\/fidedignas"]},{"@type":"Person","@id":"https:\/\/fuentesfidedignas.com.mx\/#\/schema\/person\/f030e42657a5a464a8bbd891b1aab6ee","name":"Noticieros Televisa","image":{"@type":"ImageObject","inLanguage":"es","@id":"https:\/\/secure.gravatar.com\/avatar\/0e47b9e785a628831b8fd9eaf15e090e106760a879abbd4a3306f128ef5d43a9?s=96&d=mm&r=g","url":"https:\/\/secure.gravatar.com\/avatar\/0e47b9e785a628831b8fd9eaf15e090e106760a879abbd4a3306f128ef5d43a9?s=96&d=mm&r=g","contentUrl":"https:\/\/secure.gravatar.com\/avatar\/0e47b9e785a628831b8fd9eaf15e090e106760a879abbd4a3306f128ef5d43a9?s=96&d=mm&r=g","caption":"Noticieros Televisa"},"url":"https:\/\/fuentesfidedignas.com.mx\/index.php\/author\/noticieros-televisa\/"}]}},"_links":{"self":[{"href":"https:\/\/fuentesfidedignas.com.mx\/index.php\/wp-json\/wp\/v2\/posts\/38161","targetHints":{"allow":["GET"]}}],"collection":[{"href":"https:\/\/fuentesfidedignas.com.mx\/index.php\/wp-json\/wp\/v2\/posts"}],"about":[{"href":"https:\/\/fuentesfidedignas.com.mx\/index.php\/wp-json\/wp\/v2\/types\/post"}],"author":[{"embeddable":true,"href":"https:\/\/fuentesfidedignas.com.mx\/index.php\/wp-json\/wp\/v2\/users\/46"}],"replies":[{"embeddable":true,"href":"https:\/\/fuentesfidedignas.com.mx\/index.php\/wp-json\/wp\/v2\/comments?post=38161"}],"version-history":[{"count":1,"href":"https:\/\/fuentesfidedignas.com.mx\/index.php\/wp-json\/wp\/v2\/posts\/38161\/revisions"}],"predecessor-version":[{"id":38163,"href":"https:\/\/fuentesfidedignas.com.mx\/index.php\/wp-json\/wp\/v2\/posts\/38161\/revisions\/38163"}],"wp:featuredmedia":[{"embeddable":true,"href":"https:\/\/fuentesfidedignas.com.mx\/index.php\/wp-json\/wp\/v2\/media\/38162"}],"wp:attachment":[{"href":"https:\/\/fuentesfidedignas.com.mx\/index.php\/wp-json\/wp\/v2\/media?parent=38161"}],"wp:term":[{"taxonomy":"category","embeddable":true,"href":"https:\/\/fuentesfidedignas.com.mx\/index.php\/wp-json\/wp\/v2\/categories?post=38161"},{"taxonomy":"post_tag","embeddable":true,"href":"https:\/\/fuentesfidedignas.com.mx\/index.php\/wp-json\/wp\/v2\/tags?post=38161"}],"curies":[{"name":"wp","href":"https:\/\/api.w.org\/{rel}","templated":true}]}}