{"id":38158,"date":"2022-07-22T21:41:12","date_gmt":"2022-07-23T03:41:12","guid":{"rendered":"https:\/\/fuentesfidedignas.com.mx\/?p=38158"},"modified":"2022-07-22T21:41:13","modified_gmt":"2022-07-23T03:41:13","slug":"mayito-gordo-hijo-de-el-mayo-zambada-fue-liberado-de-carcel-de-eua","status":"publish","type":"post","link":"https:\/\/fuentesfidedignas.com.mx\/index.php\/2022\/07\/22\/mayito-gordo-hijo-de-el-mayo-zambada-fue-liberado-de-carcel-de-eua\/","title":{"rendered":"\u2018Mayito Gordo\u2019, hijo de \u2018El Mayo Zambada\u2019, fue liberado de c\u00e1rcel de EUA"},"content":{"rendered":"\n<p><strong><em>Ismael Zambada Imperial, alias \u201cMayito Gordo\u201d, hijo de Ismael \u201cEl Mayo Zambada\u201d, fue liberado el d\u00eda de ayer, jueves 21 de julio, de una c\u00e1rcel en California<\/em><\/strong><\/p>\n\n\n\n<p>Ciudad de M\u00e9xico.- Seg\u00fan informaci\u00f3n oficial, hay registro en el bur\u00f3 de prisiones de Estados Unidos que Ismael Zambada Imperial, alias \u201cMayito Gordo\u201d, hijo de Ismael \u201cEl Mayo Zambada\u201c, fue liberado el d\u00eda de ayer, jueves 21 de julio, de una c\u00e1rcel en California.<\/p>\n\n\n\n<p>Fue detenido el 12 de noviembre de 2014 por elementos de las Fuerzas especiales de la Secretar\u00eda de Marina en Culiac\u00e1n, Sinaloa.<\/p>\n\n\n\n<p>Se encontraba junto a integrantes de los \u00c1ntrax, uno de los brazos armados del C\u00e1rtel de Sinaloa.<\/p>\n\n\n\n<p>Les aseguraron cuatro fusiles AK-47, una pistola calibre 9 mil\u00edmetros, cuatro armas cortas, un fusil, decenas de cargadores, miles de cartuchos y dos envoltorios con droga.<\/p>\n\n\n\n<p>\u201cMayito Gordo\u201d, de 37 a\u00f1os, fue sentenciado a nueve a\u00f1os de prisi\u00f3n en la Corte Federal del Distrito sur de California por importar y distribuir metanfetamina, coca\u00edna y marihuana a Estados Unidos.<\/p>\n\n\n\n<p>El \u201cMayito Gordo\u201d fue capturado en M\u00e9xico en 2014 y extraditado a San Diego, California, en 2019. En M\u00e9xico cumpli\u00f3 cinco a\u00f1os de c\u00e1rcel por cargos de posesi\u00f3n de armas.<\/p>\n\n\n\n<p>La acusaci\u00f3n formal en Estados Unidos aleg\u00f3 que el c\u00e1rtel us\u00f3 toda clase de medios para transportar la droga desde M\u00e9xico. Entre los transportes estaban incluidos aviones y submarinos.<\/p>\n\n\n\n<p>El c\u00e1rtel tambi\u00e9n utiliz\u00f3 redes sofisticadas de lavado y contrabando de grandes cantidades de dinero en efectivo para que sus ganancias il\u00edcitas regresaran a M\u00e9xico.<\/p>\n\n\n\n<p>Dos de los otros hijos de \u201cEl Mayo\u201d han sido condenados en Estados Unidos: Vicente Zambada Niebla en Chicago y Seraf\u00edn Zambada Ortiz en San Diego.<\/p>\n","protected":false},"excerpt":{"rendered":"<p>Ismael Zambada Imperial, alias \u201cMayito Gordo\u201d, hijo de Ismael \u201cEl Mayo Zambada\u201d, fue liberado el d\u00eda de ayer, jueves 21 de julio, de una c\u00e1rcel en California Ciudad de M\u00e9xico.- Seg\u00fan informaci\u00f3n oficial, hay registro en el bur\u00f3 de prisiones de Estados Unidos que Ismael Zambada Imperial, alias \u201cMayito Gordo\u201d, hijo de Ismael \u201cEl Mayo [&hellip;]<\/p>\n","protected":false},"author":46,"featured_media":38159,"comment_status":"open","ping_status":"open","sticky":false,"template":"","format":"standard","meta":{"tdm_status":"","tdm_grid_status":"","footnotes":""},"categories":[37],"tags":[],"class_list":{"0":"post-38158","1":"post","2":"type-post","3":"status-publish","4":"format-standard","5":"has-post-thumbnail","7":"category-nota-principal"},"yoast_head":"<!-- This site is optimized with the Yoast SEO plugin v27.5 - https:\/\/yoast.com\/product\/yoast-seo-wordpress\/ -->\n<title>\u2018Mayito Gordo\u2019, hijo de \u2018El Mayo Zambada\u2019, fue liberado de c\u00e1rcel de EUA - Fuentes Fidedignas<\/title>\n<meta name=\"robots\" content=\"index, follow, max-snippet:-1, max-image-preview:large, max-video-preview:-1\" \/>\n<link rel=\"canonical\" href=\"https:\/\/fuentesfidedignas.com.mx\/index.php\/2022\/07\/22\/mayito-gordo-hijo-de-el-mayo-zambada-fue-liberado-de-carcel-de-eua\/\" \/>\n<meta property=\"og:locale\" content=\"es_MX\" \/>\n<meta property=\"og:type\" content=\"article\" \/>\n<meta property=\"og:title\" content=\"\u2018Mayito Gordo\u2019, hijo de \u2018El Mayo Zambada\u2019, fue liberado de c\u00e1rcel de EUA - Fuentes Fidedignas\" \/>\n<meta property=\"og:description\" content=\"Ismael Zambada Imperial, alias \u201cMayito Gordo\u201d, hijo de Ismael \u201cEl Mayo Zambada\u201d, fue liberado el d\u00eda de ayer, jueves 21 de julio, de una c\u00e1rcel en California Ciudad de M\u00e9xico.- Seg\u00fan informaci\u00f3n oficial, hay registro en el bur\u00f3 de prisiones de Estados Unidos que Ismael Zambada Imperial, alias \u201cMayito Gordo\u201d, hijo de Ismael \u201cEl Mayo [&hellip;]\" \/>\n<meta property=\"og:url\" content=\"https:\/\/fuentesfidedignas.com.mx\/index.php\/2022\/07\/22\/mayito-gordo-hijo-de-el-mayo-zambada-fue-liberado-de-carcel-de-eua\/\" \/>\n<meta property=\"og:site_name\" content=\"Fuentes Fidedignas\" \/>\n<meta property=\"article:publisher\" content=\"https:\/\/www.facebook.com\/Fuentes-Fidedignas-368234489921644\" \/>\n<meta property=\"article:published_time\" content=\"2022-07-23T03:41:12+00:00\" \/>\n<meta property=\"article:modified_time\" content=\"2022-07-23T03:41:13+00:00\" \/>\n<meta property=\"og:image\" content=\"https:\/\/fuentesfidedignas.com.mx\/wp-content\/uploads\/2022\/07\/Mayito-Gordo-Zambada.jpg\" \/>\n\t<meta property=\"og:image:width\" content=\"1280\" \/>\n\t<meta property=\"og:image:height\" content=\"720\" \/>\n\t<meta property=\"og:image:type\" content=\"image\/jpeg\" \/>\n<meta name=\"author\" content=\"Noticieros Televisa\" \/>\n<meta name=\"twitter:card\" content=\"summary_large_image\" \/>\n<meta name=\"twitter:creator\" content=\"@fidedignas\" \/>\n<meta name=\"twitter:site\" content=\"@fidedignas\" \/>\n<meta name=\"twitter:label1\" content=\"Escrito por\" \/>\n\t<meta name=\"twitter:data1\" content=\"Noticieros Televisa\" \/>\n\t<meta name=\"twitter:label2\" content=\"Tiempo de lectura\" \/>\n\t<meta name=\"twitter:data2\" content=\"2 minutos\" \/>\n<script type=\"application\/ld+json\" class=\"yoast-schema-graph\">{\"@context\":\"https:\\\/\\\/schema.org\",\"@graph\":[{\"@type\":\"Article\",\"@id\":\"https:\\\/\\\/fuentesfidedignas.com.mx\\\/index.php\\\/2022\\\/07\\\/22\\\/mayito-gordo-hijo-de-el-mayo-zambada-fue-liberado-de-carcel-de-eua\\\/#article\",\"isPartOf\":{\"@id\":\"https:\\\/\\\/fuentesfidedignas.com.mx\\\/index.php\\\/2022\\\/07\\\/22\\\/mayito-gordo-hijo-de-el-mayo-zambada-fue-liberado-de-carcel-de-eua\\\/\"},\"author\":{\"name\":\"Noticieros Televisa\",\"@id\":\"https:\\\/\\\/fuentesfidedignas.com.mx\\\/#\\\/schema\\\/person\\\/f030e42657a5a464a8bbd891b1aab6ee\"},\"headline\":\"\u2018Mayito Gordo\u2019, hijo de \u2018El Mayo Zambada\u2019, fue liberado de c\u00e1rcel de EUA\",\"datePublished\":\"2022-07-23T03:41:12+00:00\",\"dateModified\":\"2022-07-23T03:41:13+00:00\",\"mainEntityOfPage\":{\"@id\":\"https:\\\/\\\/fuentesfidedignas.com.mx\\\/index.php\\\/2022\\\/07\\\/22\\\/mayito-gordo-hijo-de-el-mayo-zambada-fue-liberado-de-carcel-de-eua\\\/\"},\"wordCount\":313,\"commentCount\":0,\"publisher\":{\"@id\":\"https:\\\/\\\/fuentesfidedignas.com.mx\\\/#organization\"},\"image\":{\"@id\":\"https:\\\/\\\/fuentesfidedignas.com.mx\\\/index.php\\\/2022\\\/07\\\/22\\\/mayito-gordo-hijo-de-el-mayo-zambada-fue-liberado-de-carcel-de-eua\\\/#primaryimage\"},\"thumbnailUrl\":\"https:\\\/\\\/fuentesfidedignas.com.mx\\\/wp-content\\\/uploads\\\/2022\\\/07\\\/Mayito-Gordo-Zambada.jpg\",\"articleSection\":[\"NOTA PRINCIPAL\"],\"inLanguage\":\"es\",\"potentialAction\":[{\"@type\":\"CommentAction\",\"name\":\"Comment\",\"target\":[\"https:\\\/\\\/fuentesfidedignas.com.mx\\\/index.php\\\/2022\\\/07\\\/22\\\/mayito-gordo-hijo-de-el-mayo-zambada-fue-liberado-de-carcel-de-eua\\\/#respond\"]}]},{\"@type\":\"WebPage\",\"@id\":\"https:\\\/\\\/fuentesfidedignas.com.mx\\\/index.php\\\/2022\\\/07\\\/22\\\/mayito-gordo-hijo-de-el-mayo-zambada-fue-liberado-de-carcel-de-eua\\\/\",\"url\":\"https:\\\/\\\/fuentesfidedignas.com.mx\\\/index.php\\\/2022\\\/07\\\/22\\\/mayito-gordo-hijo-de-el-mayo-zambada-fue-liberado-de-carcel-de-eua\\\/\",\"name\":\"\u2018Mayito Gordo\u2019, hijo de \u2018El Mayo Zambada\u2019, fue liberado de c\u00e1rcel de EUA - Fuentes Fidedignas\",\"isPartOf\":{\"@id\":\"https:\\\/\\\/fuentesfidedignas.com.mx\\\/#website\"},\"primaryImageOfPage\":{\"@id\":\"https:\\\/\\\/fuentesfidedignas.com.mx\\\/index.php\\\/2022\\\/07\\\/22\\\/mayito-gordo-hijo-de-el-mayo-zambada-fue-liberado-de-carcel-de-eua\\\/#primaryimage\"},\"image\":{\"@id\":\"https:\\\/\\\/fuentesfidedignas.com.mx\\\/index.php\\\/2022\\\/07\\\/22\\\/mayito-gordo-hijo-de-el-mayo-zambada-fue-liberado-de-carcel-de-eua\\\/#primaryimage\"},\"thumbnailUrl\":\"https:\\\/\\\/fuentesfidedignas.com.mx\\\/wp-content\\\/uploads\\\/2022\\\/07\\\/Mayito-Gordo-Zambada.jpg\",\"datePublished\":\"2022-07-23T03:41:12+00:00\",\"dateModified\":\"2022-07-23T03:41:13+00:00\",\"breadcrumb\":{\"@id\":\"https:\\\/\\\/fuentesfidedignas.com.mx\\\/index.php\\\/2022\\\/07\\\/22\\\/mayito-gordo-hijo-de-el-mayo-zambada-fue-liberado-de-carcel-de-eua\\\/#breadcrumb\"},\"inLanguage\":\"es\",\"potentialAction\":[{\"@type\":\"ReadAction\",\"target\":[\"https:\\\/\\\/fuentesfidedignas.com.mx\\\/index.php\\\/2022\\\/07\\\/22\\\/mayito-gordo-hijo-de-el-mayo-zambada-fue-liberado-de-carcel-de-eua\\\/\"]}]},{\"@type\":\"ImageObject\",\"inLanguage\":\"es\",\"@id\":\"https:\\\/\\\/fuentesfidedignas.com.mx\\\/index.php\\\/2022\\\/07\\\/22\\\/mayito-gordo-hijo-de-el-mayo-zambada-fue-liberado-de-carcel-de-eua\\\/#primaryimage\",\"url\":\"https:\\\/\\\/fuentesfidedignas.com.mx\\\/wp-content\\\/uploads\\\/2022\\\/07\\\/Mayito-Gordo-Zambada.jpg\",\"contentUrl\":\"https:\\\/\\\/fuentesfidedignas.com.mx\\\/wp-content\\\/uploads\\\/2022\\\/07\\\/Mayito-Gordo-Zambada.jpg\",\"width\":1280,\"height\":720},{\"@type\":\"BreadcrumbList\",\"@id\":\"https:\\\/\\\/fuentesfidedignas.com.mx\\\/index.php\\\/2022\\\/07\\\/22\\\/mayito-gordo-hijo-de-el-mayo-zambada-fue-liberado-de-carcel-de-eua\\\/#breadcrumb\",\"itemListElement\":[{\"@type\":\"ListItem\",\"position\":1,\"name\":\"Inicio\",\"item\":\"https:\\\/\\\/fuentesfidedignas.com.mx\\\/\"},{\"@type\":\"ListItem\",\"position\":2,\"name\":\"\u2018Mayito Gordo\u2019, hijo de \u2018El Mayo Zambada\u2019, fue liberado de c\u00e1rcel de EUA\"}]},{\"@type\":\"WebSite\",\"@id\":\"https:\\\/\\\/fuentesfidedignas.com.mx\\\/#website\",\"url\":\"https:\\\/\\\/fuentesfidedignas.com.mx\\\/\",\"name\":\"Fuentes Fidedignas\",\"description\":\"Otro sitio realizado con WordPress\",\"publisher\":{\"@id\":\"https:\\\/\\\/fuentesfidedignas.com.mx\\\/#organization\"},\"potentialAction\":[{\"@type\":\"SearchAction\",\"target\":{\"@type\":\"EntryPoint\",\"urlTemplate\":\"https:\\\/\\\/fuentesfidedignas.com.mx\\\/?s={search_term_string}\"},\"query-input\":{\"@type\":\"PropertyValueSpecification\",\"valueRequired\":true,\"valueName\":\"search_term_string\"}}],\"inLanguage\":\"es\"},{\"@type\":\"Organization\",\"@id\":\"https:\\\/\\\/fuentesfidedignas.com.mx\\\/#organization\",\"name\":\"Fuentes Fidedignas\",\"url\":\"https:\\\/\\\/fuentesfidedignas.com.mx\\\/\",\"logo\":{\"@type\":\"ImageObject\",\"inLanguage\":\"es\",\"@id\":\"https:\\\/\\\/fuentesfidedignas.com.mx\\\/#\\\/schema\\\/logo\\\/image\\\/\",\"url\":\"https:\\\/\\\/fuentesfidedignas.com.mx\\\/wp-content\\\/uploads\\\/2021\\\/04\\\/logo-retina.png\",\"contentUrl\":\"https:\\\/\\\/fuentesfidedignas.com.mx\\\/wp-content\\\/uploads\\\/2021\\\/04\\\/logo-retina.png\",\"width\":280,\"height\":51,\"caption\":\"Fuentes Fidedignas\"},\"image\":{\"@id\":\"https:\\\/\\\/fuentesfidedignas.com.mx\\\/#\\\/schema\\\/logo\\\/image\\\/\"},\"sameAs\":[\"https:\\\/\\\/www.facebook.com\\\/Fuentes-Fidedignas-368234489921644\",\"https:\\\/\\\/x.com\\\/fidedignas\"]},{\"@type\":\"Person\",\"@id\":\"https:\\\/\\\/fuentesfidedignas.com.mx\\\/#\\\/schema\\\/person\\\/f030e42657a5a464a8bbd891b1aab6ee\",\"name\":\"Noticieros Televisa\",\"image\":{\"@type\":\"ImageObject\",\"inLanguage\":\"es\",\"@id\":\"https:\\\/\\\/secure.gravatar.com\\\/avatar\\\/0e47b9e785a628831b8fd9eaf15e090e106760a879abbd4a3306f128ef5d43a9?s=96&d=mm&r=g\",\"url\":\"https:\\\/\\\/secure.gravatar.com\\\/avatar\\\/0e47b9e785a628831b8fd9eaf15e090e106760a879abbd4a3306f128ef5d43a9?s=96&d=mm&r=g\",\"contentUrl\":\"https:\\\/\\\/secure.gravatar.com\\\/avatar\\\/0e47b9e785a628831b8fd9eaf15e090e106760a879abbd4a3306f128ef5d43a9?s=96&d=mm&r=g\",\"caption\":\"Noticieros Televisa\"},\"url\":\"https:\\\/\\\/fuentesfidedignas.com.mx\\\/index.php\\\/author\\\/noticieros-televisa\\\/\"}]}<\/script>\n<!-- \/ Yoast SEO plugin. -->","yoast_head_json":{"title":"\u2018Mayito Gordo\u2019, hijo de \u2018El Mayo Zambada\u2019, fue liberado de c\u00e1rcel de EUA - Fuentes Fidedignas","robots":{"index":"index","follow":"follow","max-snippet":"max-snippet:-1","max-image-preview":"max-image-preview:large","max-video-preview":"max-video-preview:-1"},"canonical":"https:\/\/fuentesfidedignas.com.mx\/index.php\/2022\/07\/22\/mayito-gordo-hijo-de-el-mayo-zambada-fue-liberado-de-carcel-de-eua\/","og_locale":"es_MX","og_type":"article","og_title":"\u2018Mayito Gordo\u2019, hijo de \u2018El Mayo Zambada\u2019, fue liberado de c\u00e1rcel de EUA - Fuentes Fidedignas","og_description":"Ismael Zambada Imperial, alias \u201cMayito Gordo\u201d, hijo de Ismael \u201cEl Mayo Zambada\u201d, fue liberado el d\u00eda de ayer, jueves 21 de julio, de una c\u00e1rcel en California Ciudad de M\u00e9xico.- Seg\u00fan informaci\u00f3n oficial, hay registro en el bur\u00f3 de prisiones de Estados Unidos que Ismael Zambada Imperial, alias \u201cMayito Gordo\u201d, hijo de Ismael \u201cEl Mayo [&hellip;]","og_url":"https:\/\/fuentesfidedignas.com.mx\/index.php\/2022\/07\/22\/mayito-gordo-hijo-de-el-mayo-zambada-fue-liberado-de-carcel-de-eua\/","og_site_name":"Fuentes Fidedignas","article_publisher":"https:\/\/www.facebook.com\/Fuentes-Fidedignas-368234489921644","article_published_time":"2022-07-23T03:41:12+00:00","article_modified_time":"2022-07-23T03:41:13+00:00","og_image":[{"width":1280,"height":720,"url":"https:\/\/fuentesfidedignas.com.mx\/wp-content\/uploads\/2022\/07\/Mayito-Gordo-Zambada.jpg","type":"image\/jpeg"}],"author":"Noticieros Televisa","twitter_card":"summary_large_image","twitter_creator":"@fidedignas","twitter_site":"@fidedignas","twitter_misc":{"Escrito por":"Noticieros Televisa","Tiempo de lectura":"2 minutos"},"schema":{"@context":"https:\/\/schema.org","@graph":[{"@type":"Article","@id":"https:\/\/fuentesfidedignas.com.mx\/index.php\/2022\/07\/22\/mayito-gordo-hijo-de-el-mayo-zambada-fue-liberado-de-carcel-de-eua\/#article","isPartOf":{"@id":"https:\/\/fuentesfidedignas.com.mx\/index.php\/2022\/07\/22\/mayito-gordo-hijo-de-el-mayo-zambada-fue-liberado-de-carcel-de-eua\/"},"author":{"name":"Noticieros Televisa","@id":"https:\/\/fuentesfidedignas.com.mx\/#\/schema\/person\/f030e42657a5a464a8bbd891b1aab6ee"},"headline":"\u2018Mayito Gordo\u2019, hijo de \u2018El Mayo Zambada\u2019, fue liberado de c\u00e1rcel de EUA","datePublished":"2022-07-23T03:41:12+00:00","dateModified":"2022-07-23T03:41:13+00:00","mainEntityOfPage":{"@id":"https:\/\/fuentesfidedignas.com.mx\/index.php\/2022\/07\/22\/mayito-gordo-hijo-de-el-mayo-zambada-fue-liberado-de-carcel-de-eua\/"},"wordCount":313,"commentCount":0,"publisher":{"@id":"https:\/\/fuentesfidedignas.com.mx\/#organization"},"image":{"@id":"https:\/\/fuentesfidedignas.com.mx\/index.php\/2022\/07\/22\/mayito-gordo-hijo-de-el-mayo-zambada-fue-liberado-de-carcel-de-eua\/#primaryimage"},"thumbnailUrl":"https:\/\/fuentesfidedignas.com.mx\/wp-content\/uploads\/2022\/07\/Mayito-Gordo-Zambada.jpg","articleSection":["NOTA PRINCIPAL"],"inLanguage":"es","potentialAction":[{"@type":"CommentAction","name":"Comment","target":["https:\/\/fuentesfidedignas.com.mx\/index.php\/2022\/07\/22\/mayito-gordo-hijo-de-el-mayo-zambada-fue-liberado-de-carcel-de-eua\/#respond"]}]},{"@type":"WebPage","@id":"https:\/\/fuentesfidedignas.com.mx\/index.php\/2022\/07\/22\/mayito-gordo-hijo-de-el-mayo-zambada-fue-liberado-de-carcel-de-eua\/","url":"https:\/\/fuentesfidedignas.com.mx\/index.php\/2022\/07\/22\/mayito-gordo-hijo-de-el-mayo-zambada-fue-liberado-de-carcel-de-eua\/","name":"\u2018Mayito Gordo\u2019, hijo de \u2018El Mayo Zambada\u2019, fue liberado de c\u00e1rcel de EUA - Fuentes Fidedignas","isPartOf":{"@id":"https:\/\/fuentesfidedignas.com.mx\/#website"},"primaryImageOfPage":{"@id":"https:\/\/fuentesfidedignas.com.mx\/index.php\/2022\/07\/22\/mayito-gordo-hijo-de-el-mayo-zambada-fue-liberado-de-carcel-de-eua\/#primaryimage"},"image":{"@id":"https:\/\/fuentesfidedignas.com.mx\/index.php\/2022\/07\/22\/mayito-gordo-hijo-de-el-mayo-zambada-fue-liberado-de-carcel-de-eua\/#primaryimage"},"thumbnailUrl":"https:\/\/fuentesfidedignas.com.mx\/wp-content\/uploads\/2022\/07\/Mayito-Gordo-Zambada.jpg","datePublished":"2022-07-23T03:41:12+00:00","dateModified":"2022-07-23T03:41:13+00:00","breadcrumb":{"@id":"https:\/\/fuentesfidedignas.com.mx\/index.php\/2022\/07\/22\/mayito-gordo-hijo-de-el-mayo-zambada-fue-liberado-de-carcel-de-eua\/#breadcrumb"},"inLanguage":"es","potentialAction":[{"@type":"ReadAction","target":["https:\/\/fuentesfidedignas.com.mx\/index.php\/2022\/07\/22\/mayito-gordo-hijo-de-el-mayo-zambada-fue-liberado-de-carcel-de-eua\/"]}]},{"@type":"ImageObject","inLanguage":"es","@id":"https:\/\/fuentesfidedignas.com.mx\/index.php\/2022\/07\/22\/mayito-gordo-hijo-de-el-mayo-zambada-fue-liberado-de-carcel-de-eua\/#primaryimage","url":"https:\/\/fuentesfidedignas.com.mx\/wp-content\/uploads\/2022\/07\/Mayito-Gordo-Zambada.jpg","contentUrl":"https:\/\/fuentesfidedignas.com.mx\/wp-content\/uploads\/2022\/07\/Mayito-Gordo-Zambada.jpg","width":1280,"height":720},{"@type":"BreadcrumbList","@id":"https:\/\/fuentesfidedignas.com.mx\/index.php\/2022\/07\/22\/mayito-gordo-hijo-de-el-mayo-zambada-fue-liberado-de-carcel-de-eua\/#breadcrumb","itemListElement":[{"@type":"ListItem","position":1,"name":"Inicio","item":"https:\/\/fuentesfidedignas.com.mx\/"},{"@type":"ListItem","position":2,"name":"\u2018Mayito Gordo\u2019, hijo de \u2018El Mayo Zambada\u2019, fue liberado de c\u00e1rcel de EUA"}]},{"@type":"WebSite","@id":"https:\/\/fuentesfidedignas.com.mx\/#website","url":"https:\/\/fuentesfidedignas.com.mx\/","name":"Fuentes Fidedignas","description":"Otro sitio realizado con WordPress","publisher":{"@id":"https:\/\/fuentesfidedignas.com.mx\/#organization"},"potentialAction":[{"@type":"SearchAction","target":{"@type":"EntryPoint","urlTemplate":"https:\/\/fuentesfidedignas.com.mx\/?s={search_term_string}"},"query-input":{"@type":"PropertyValueSpecification","valueRequired":true,"valueName":"search_term_string"}}],"inLanguage":"es"},{"@type":"Organization","@id":"https:\/\/fuentesfidedignas.com.mx\/#organization","name":"Fuentes Fidedignas","url":"https:\/\/fuentesfidedignas.com.mx\/","logo":{"@type":"ImageObject","inLanguage":"es","@id":"https:\/\/fuentesfidedignas.com.mx\/#\/schema\/logo\/image\/","url":"https:\/\/fuentesfidedignas.com.mx\/wp-content\/uploads\/2021\/04\/logo-retina.png","contentUrl":"https:\/\/fuentesfidedignas.com.mx\/wp-content\/uploads\/2021\/04\/logo-retina.png","width":280,"height":51,"caption":"Fuentes Fidedignas"},"image":{"@id":"https:\/\/fuentesfidedignas.com.mx\/#\/schema\/logo\/image\/"},"sameAs":["https:\/\/www.facebook.com\/Fuentes-Fidedignas-368234489921644","https:\/\/x.com\/fidedignas"]},{"@type":"Person","@id":"https:\/\/fuentesfidedignas.com.mx\/#\/schema\/person\/f030e42657a5a464a8bbd891b1aab6ee","name":"Noticieros Televisa","image":{"@type":"ImageObject","inLanguage":"es","@id":"https:\/\/secure.gravatar.com\/avatar\/0e47b9e785a628831b8fd9eaf15e090e106760a879abbd4a3306f128ef5d43a9?s=96&d=mm&r=g","url":"https:\/\/secure.gravatar.com\/avatar\/0e47b9e785a628831b8fd9eaf15e090e106760a879abbd4a3306f128ef5d43a9?s=96&d=mm&r=g","contentUrl":"https:\/\/secure.gravatar.com\/avatar\/0e47b9e785a628831b8fd9eaf15e090e106760a879abbd4a3306f128ef5d43a9?s=96&d=mm&r=g","caption":"Noticieros Televisa"},"url":"https:\/\/fuentesfidedignas.com.mx\/index.php\/author\/noticieros-televisa\/"}]}},"_links":{"self":[{"href":"https:\/\/fuentesfidedignas.com.mx\/index.php\/wp-json\/wp\/v2\/posts\/38158","targetHints":{"allow":["GET"]}}],"collection":[{"href":"https:\/\/fuentesfidedignas.com.mx\/index.php\/wp-json\/wp\/v2\/posts"}],"about":[{"href":"https:\/\/fuentesfidedignas.com.mx\/index.php\/wp-json\/wp\/v2\/types\/post"}],"author":[{"embeddable":true,"href":"https:\/\/fuentesfidedignas.com.mx\/index.php\/wp-json\/wp\/v2\/users\/46"}],"replies":[{"embeddable":true,"href":"https:\/\/fuentesfidedignas.com.mx\/index.php\/wp-json\/wp\/v2\/comments?post=38158"}],"version-history":[{"count":1,"href":"https:\/\/fuentesfidedignas.com.mx\/index.php\/wp-json\/wp\/v2\/posts\/38158\/revisions"}],"predecessor-version":[{"id":38160,"href":"https:\/\/fuentesfidedignas.com.mx\/index.php\/wp-json\/wp\/v2\/posts\/38158\/revisions\/38160"}],"wp:featuredmedia":[{"embeddable":true,"href":"https:\/\/fuentesfidedignas.com.mx\/index.php\/wp-json\/wp\/v2\/media\/38159"}],"wp:attachment":[{"href":"https:\/\/fuentesfidedignas.com.mx\/index.php\/wp-json\/wp\/v2\/media?parent=38158"}],"wp:term":[{"taxonomy":"category","embeddable":true,"href":"https:\/\/fuentesfidedignas.com.mx\/index.php\/wp-json\/wp\/v2\/categories?post=38158"},{"taxonomy":"post_tag","embeddable":true,"href":"https:\/\/fuentesfidedignas.com.mx\/index.php\/wp-json\/wp\/v2\/tags?post=38158"}],"curies":[{"name":"wp","href":"https:\/\/api.w.org\/{rel}","templated":true}]}}