{"id":38076,"date":"2022-07-22T10:27:51","date_gmt":"2022-07-22T16:27:51","guid":{"rendered":"https:\/\/fuentesfidedignas.com.mx\/?p=38076"},"modified":"2022-07-22T10:28:41","modified_gmt":"2022-07-22T16:28:41","slug":"inflacion-en-mexico-sube-a-8-16-en-primera-quincena-de-julio","status":"publish","type":"post","link":"https:\/\/fuentesfidedignas.com.mx\/index.php\/2022\/07\/22\/inflacion-en-mexico-sube-a-8-16-en-primera-quincena-de-julio\/","title":{"rendered":"Inflaci\u00f3n en M\u00e9xico sube a 8.16% en primera quincena de julio"},"content":{"rendered":"\n<p><strong><em><em>Es la subida de inflaci\u00f3n quincenal m\u00e1s alta registrada desde hace mas de 20 a\u00f1os seg\u00fan datos de Inegi.<\/em><\/em><\/strong><\/p>\n\n\n\n<p>Ciudad de M\u00e9xico.- La tasa de inflaci\u00f3n mexicana subi\u00f3 en la primera quincena de julio hasta el 8.16%, el \u00edndice m\u00e1s alto desde enero de 2001, inform\u00f3 este viernes el Instituto Nacional de Estad\u00edstica y Geograf\u00eda (Inegi).<\/p>\n\n\n\n<p>El aumento se explica por un incremento de 0.43% en el \u00cdndice de Precios al Consumidor (IPC) respecto a los 15 d\u00edas anteriores, lo que representa la subida quincenal m\u00e1s alta desde 1998.<\/p>\n\n\n\n<p>El dato anual de esta primera quincena de julio supone tambi\u00e9n un incremento frente al dato de todo el mes de junio, cuando la inflaci\u00f3n qued\u00f3 en un 7.99% interanual, su entonces mayor nivel desde enero de 2001.<\/p>\n\n\n\n<p>El Inegi record\u00f3 que en la misma quincena de 2021, hace justo un a\u00f1o, la inflaci\u00f3n quincenal fue de 0.37% y la tasa anual qued\u00f3 en 5.75%.<\/p>\n\n\n\n<p>El \u00edndice de precios subyacente, considerado un mejor par\u00e1metro para medir la carest\u00eda general porque elimina art\u00edculos de alta volatilidad en sus precios, aument\u00f3 un 0.34% quincenal y dej\u00f3 la tasa anual en el 7.56%, detall\u00f3 el Inegi en su reporte.<\/p>\n\n\n\n<p>Mientras que la partida de no subyacentes subi\u00f3 un 0.68% a tasa quincenal y un 9.96% interanual.<\/p>\n\n\n\n<p><strong><em>La inflaci\u00f3n en M\u00e9xico sube a 8.16% en la primera quincena de julio<br><\/em><\/strong>Dentro del subgrupo de bienes y servicios subyacentes, las mercanc\u00edas aumentaron el 0.38% en la quincena y un 9.99% anual, mientras que los servicios crecieron un 0.30% quincenal y 4.81% anual.<\/p>\n\n\n\n<p>En los no subyacentes, los agropecuarios aumentaron un 1.22% respecto al periodo inmediato anterior y un 16.76% frente al mismo lapso del a\u00f1o pasado.<\/p>\n\n\n\n<p>Los energ\u00e9ticos y tarifas autorizadas por el Gobierno se elevaron un 0.23% en la quincena y un 4.78% anual.<\/p>\n\n\n\n<p>Por \u00faltimo, el \u00edndice de precios de la canasta de consumo m\u00ednimo, conformada por 176 productos y servicios, escal\u00f3 un 0.45% quincenal y un 8.68% a tasa anual.<\/p>\n\n\n\n<p>Los precios al consumidor cerraron 2021 con una subida del 7.36%, un nivel no visto en 20 a\u00f1os por la alza de insumos b\u00e1sicos como los agropecuarios o la energ\u00eda.<\/p>\n\n\n\n<p>La inflaci\u00f3n de 2020 cerr\u00f3 en un 3.15%, mientras que en 2019 la inflaci\u00f3n fue del 2.83% y en 2018 los precios al consumidor se elevaron un 4.83%.<\/p>\n\n\n\n<p>La meta del Banco de M\u00e9xico (Banxico) es del 3% anual y los especialistas consultados por el banco central prev\u00e9n que la inflaci\u00f3n termine el a\u00f1o en 7.45%.<\/p>\n\n\n\n<p>Para responder a la subida de precios, Banxico elev\u00f3 el 23 de junio la tasa de inter\u00e9s al 7.75%, lo que representa el noveno incremento consecutivo del objetivo.<\/p>\n","protected":false},"excerpt":{"rendered":"<p>Es la subida de inflaci\u00f3n quincenal m\u00e1s alta registrada desde hace mas de 20 a\u00f1os seg\u00fan datos de Inegi. Ciudad de M\u00e9xico.- La tasa de inflaci\u00f3n mexicana subi\u00f3 en la primera quincena de julio hasta el 8.16%, el \u00edndice m\u00e1s alto desde enero de 2001, inform\u00f3 este viernes el Instituto Nacional de Estad\u00edstica y Geograf\u00eda [&hellip;]<\/p>\n","protected":false},"author":5,"featured_media":38083,"comment_status":"open","ping_status":"open","sticky":false,"template":"","format":"standard","meta":{"tdm_status":"","tdm_grid_status":"","footnotes":""},"categories":[39],"tags":[],"class_list":{"0":"post-38076","1":"post","2":"type-post","3":"status-publish","4":"format-standard","5":"has-post-thumbnail","7":"category-noticias-nacionales"},"yoast_head":"<!-- This site is optimized with the Yoast SEO plugin v27.4 - https:\/\/yoast.com\/product\/yoast-seo-wordpress\/ -->\n<title>Inflaci\u00f3n en M\u00e9xico sube a 8.16% en primera quincena de julio - Fuentes Fidedignas<\/title>\n<meta name=\"robots\" content=\"index, follow, max-snippet:-1, max-image-preview:large, max-video-preview:-1\" \/>\n<link rel=\"canonical\" href=\"https:\/\/fuentesfidedignas.com.mx\/index.php\/2022\/07\/22\/inflacion-en-mexico-sube-a-8-16-en-primera-quincena-de-julio\/\" \/>\n<meta property=\"og:locale\" content=\"es_MX\" \/>\n<meta property=\"og:type\" content=\"article\" \/>\n<meta property=\"og:title\" content=\"Inflaci\u00f3n en M\u00e9xico sube a 8.16% en primera quincena de julio - Fuentes Fidedignas\" \/>\n<meta property=\"og:description\" content=\"Es la subida de inflaci\u00f3n quincenal m\u00e1s alta registrada desde hace mas de 20 a\u00f1os seg\u00fan datos de Inegi. Ciudad de M\u00e9xico.- La tasa de inflaci\u00f3n mexicana subi\u00f3 en la primera quincena de julio hasta el 8.16%, el \u00edndice m\u00e1s alto desde enero de 2001, inform\u00f3 este viernes el Instituto Nacional de Estad\u00edstica y Geograf\u00eda [&hellip;]\" \/>\n<meta property=\"og:url\" content=\"https:\/\/fuentesfidedignas.com.mx\/index.php\/2022\/07\/22\/inflacion-en-mexico-sube-a-8-16-en-primera-quincena-de-julio\/\" \/>\n<meta property=\"og:site_name\" content=\"Fuentes Fidedignas\" \/>\n<meta property=\"article:publisher\" content=\"https:\/\/www.facebook.com\/Fuentes-Fidedignas-368234489921644\" \/>\n<meta property=\"article:published_time\" content=\"2022-07-22T16:27:51+00:00\" \/>\n<meta property=\"article:modified_time\" content=\"2022-07-22T16:28:41+00:00\" \/>\n<meta property=\"og:image\" content=\"https:\/\/fuentesfidedignas.com.mx\/wp-content\/uploads\/2022\/07\/Canasta21-640x360-1.jpg\" \/>\n\t<meta property=\"og:image:width\" content=\"640\" \/>\n\t<meta property=\"og:image:height\" content=\"360\" \/>\n\t<meta property=\"og:image:type\" content=\"image\/jpeg\" \/>\n<meta name=\"author\" content=\"Forbes\" \/>\n<meta name=\"twitter:card\" content=\"summary_large_image\" \/>\n<meta name=\"twitter:creator\" content=\"@fidedignas\" \/>\n<meta name=\"twitter:site\" content=\"@fidedignas\" \/>\n<meta name=\"twitter:label1\" content=\"Escrito por\" \/>\n\t<meta name=\"twitter:data1\" content=\"Forbes\" \/>\n\t<meta name=\"twitter:label2\" content=\"Tiempo de lectura\" \/>\n\t<meta name=\"twitter:data2\" content=\"3 minutos\" \/>\n<script type=\"application\/ld+json\" class=\"yoast-schema-graph\">{\"@context\":\"https:\\\/\\\/schema.org\",\"@graph\":[{\"@type\":\"Article\",\"@id\":\"https:\\\/\\\/fuentesfidedignas.com.mx\\\/index.php\\\/2022\\\/07\\\/22\\\/inflacion-en-mexico-sube-a-8-16-en-primera-quincena-de-julio\\\/#article\",\"isPartOf\":{\"@id\":\"https:\\\/\\\/fuentesfidedignas.com.mx\\\/index.php\\\/2022\\\/07\\\/22\\\/inflacion-en-mexico-sube-a-8-16-en-primera-quincena-de-julio\\\/\"},\"author\":{\"name\":\"Forbes\",\"@id\":\"https:\\\/\\\/fuentesfidedignas.com.mx\\\/#\\\/schema\\\/person\\\/5623d53fe2e579d825b1679734abcc44\"},\"headline\":\"Inflaci\u00f3n en M\u00e9xico sube a 8.16% en primera quincena de julio\",\"datePublished\":\"2022-07-22T16:27:51+00:00\",\"dateModified\":\"2022-07-22T16:28:41+00:00\",\"mainEntityOfPage\":{\"@id\":\"https:\\\/\\\/fuentesfidedignas.com.mx\\\/index.php\\\/2022\\\/07\\\/22\\\/inflacion-en-mexico-sube-a-8-16-en-primera-quincena-de-julio\\\/\"},\"wordCount\":448,\"commentCount\":0,\"publisher\":{\"@id\":\"https:\\\/\\\/fuentesfidedignas.com.mx\\\/#organization\"},\"image\":{\"@id\":\"https:\\\/\\\/fuentesfidedignas.com.mx\\\/index.php\\\/2022\\\/07\\\/22\\\/inflacion-en-mexico-sube-a-8-16-en-primera-quincena-de-julio\\\/#primaryimage\"},\"thumbnailUrl\":\"https:\\\/\\\/fuentesfidedignas.com.mx\\\/wp-content\\\/uploads\\\/2022\\\/07\\\/Canasta21-640x360-1.jpg\",\"articleSection\":[\"NOTICIAS NACIONALES\"],\"inLanguage\":\"es\",\"potentialAction\":[{\"@type\":\"CommentAction\",\"name\":\"Comment\",\"target\":[\"https:\\\/\\\/fuentesfidedignas.com.mx\\\/index.php\\\/2022\\\/07\\\/22\\\/inflacion-en-mexico-sube-a-8-16-en-primera-quincena-de-julio\\\/#respond\"]}]},{\"@type\":\"WebPage\",\"@id\":\"https:\\\/\\\/fuentesfidedignas.com.mx\\\/index.php\\\/2022\\\/07\\\/22\\\/inflacion-en-mexico-sube-a-8-16-en-primera-quincena-de-julio\\\/\",\"url\":\"https:\\\/\\\/fuentesfidedignas.com.mx\\\/index.php\\\/2022\\\/07\\\/22\\\/inflacion-en-mexico-sube-a-8-16-en-primera-quincena-de-julio\\\/\",\"name\":\"Inflaci\u00f3n en M\u00e9xico sube a 8.16% en primera quincena de julio - Fuentes Fidedignas\",\"isPartOf\":{\"@id\":\"https:\\\/\\\/fuentesfidedignas.com.mx\\\/#website\"},\"primaryImageOfPage\":{\"@id\":\"https:\\\/\\\/fuentesfidedignas.com.mx\\\/index.php\\\/2022\\\/07\\\/22\\\/inflacion-en-mexico-sube-a-8-16-en-primera-quincena-de-julio\\\/#primaryimage\"},\"image\":{\"@id\":\"https:\\\/\\\/fuentesfidedignas.com.mx\\\/index.php\\\/2022\\\/07\\\/22\\\/inflacion-en-mexico-sube-a-8-16-en-primera-quincena-de-julio\\\/#primaryimage\"},\"thumbnailUrl\":\"https:\\\/\\\/fuentesfidedignas.com.mx\\\/wp-content\\\/uploads\\\/2022\\\/07\\\/Canasta21-640x360-1.jpg\",\"datePublished\":\"2022-07-22T16:27:51+00:00\",\"dateModified\":\"2022-07-22T16:28:41+00:00\",\"breadcrumb\":{\"@id\":\"https:\\\/\\\/fuentesfidedignas.com.mx\\\/index.php\\\/2022\\\/07\\\/22\\\/inflacion-en-mexico-sube-a-8-16-en-primera-quincena-de-julio\\\/#breadcrumb\"},\"inLanguage\":\"es\",\"potentialAction\":[{\"@type\":\"ReadAction\",\"target\":[\"https:\\\/\\\/fuentesfidedignas.com.mx\\\/index.php\\\/2022\\\/07\\\/22\\\/inflacion-en-mexico-sube-a-8-16-en-primera-quincena-de-julio\\\/\"]}]},{\"@type\":\"ImageObject\",\"inLanguage\":\"es\",\"@id\":\"https:\\\/\\\/fuentesfidedignas.com.mx\\\/index.php\\\/2022\\\/07\\\/22\\\/inflacion-en-mexico-sube-a-8-16-en-primera-quincena-de-julio\\\/#primaryimage\",\"url\":\"https:\\\/\\\/fuentesfidedignas.com.mx\\\/wp-content\\\/uploads\\\/2022\\\/07\\\/Canasta21-640x360-1.jpg\",\"contentUrl\":\"https:\\\/\\\/fuentesfidedignas.com.mx\\\/wp-content\\\/uploads\\\/2022\\\/07\\\/Canasta21-640x360-1.jpg\",\"width\":640,\"height\":360},{\"@type\":\"BreadcrumbList\",\"@id\":\"https:\\\/\\\/fuentesfidedignas.com.mx\\\/index.php\\\/2022\\\/07\\\/22\\\/inflacion-en-mexico-sube-a-8-16-en-primera-quincena-de-julio\\\/#breadcrumb\",\"itemListElement\":[{\"@type\":\"ListItem\",\"position\":1,\"name\":\"Inicio\",\"item\":\"https:\\\/\\\/fuentesfidedignas.com.mx\\\/\"},{\"@type\":\"ListItem\",\"position\":2,\"name\":\"Inflaci\u00f3n en M\u00e9xico sube a 8.16% en primera quincena de julio\"}]},{\"@type\":\"WebSite\",\"@id\":\"https:\\\/\\\/fuentesfidedignas.com.mx\\\/#website\",\"url\":\"https:\\\/\\\/fuentesfidedignas.com.mx\\\/\",\"name\":\"Fuentes Fidedignas\",\"description\":\"Otro sitio realizado con WordPress\",\"publisher\":{\"@id\":\"https:\\\/\\\/fuentesfidedignas.com.mx\\\/#organization\"},\"potentialAction\":[{\"@type\":\"SearchAction\",\"target\":{\"@type\":\"EntryPoint\",\"urlTemplate\":\"https:\\\/\\\/fuentesfidedignas.com.mx\\\/?s={search_term_string}\"},\"query-input\":{\"@type\":\"PropertyValueSpecification\",\"valueRequired\":true,\"valueName\":\"search_term_string\"}}],\"inLanguage\":\"es\"},{\"@type\":\"Organization\",\"@id\":\"https:\\\/\\\/fuentesfidedignas.com.mx\\\/#organization\",\"name\":\"Fuentes Fidedignas\",\"url\":\"https:\\\/\\\/fuentesfidedignas.com.mx\\\/\",\"logo\":{\"@type\":\"ImageObject\",\"inLanguage\":\"es\",\"@id\":\"https:\\\/\\\/fuentesfidedignas.com.mx\\\/#\\\/schema\\\/logo\\\/image\\\/\",\"url\":\"https:\\\/\\\/fuentesfidedignas.com.mx\\\/wp-content\\\/uploads\\\/2021\\\/04\\\/logo-retina.png\",\"contentUrl\":\"https:\\\/\\\/fuentesfidedignas.com.mx\\\/wp-content\\\/uploads\\\/2021\\\/04\\\/logo-retina.png\",\"width\":280,\"height\":51,\"caption\":\"Fuentes Fidedignas\"},\"image\":{\"@id\":\"https:\\\/\\\/fuentesfidedignas.com.mx\\\/#\\\/schema\\\/logo\\\/image\\\/\"},\"sameAs\":[\"https:\\\/\\\/www.facebook.com\\\/Fuentes-Fidedignas-368234489921644\",\"https:\\\/\\\/x.com\\\/fidedignas\"]},{\"@type\":\"Person\",\"@id\":\"https:\\\/\\\/fuentesfidedignas.com.mx\\\/#\\\/schema\\\/person\\\/5623d53fe2e579d825b1679734abcc44\",\"name\":\"Forbes\",\"image\":{\"@type\":\"ImageObject\",\"inLanguage\":\"es\",\"@id\":\"https:\\\/\\\/secure.gravatar.com\\\/avatar\\\/87ce3dd4e41e60c22a79c758614f01a6bc2469255fc936ec7b15efb9bb5cb66f?s=96&d=mm&r=g\",\"url\":\"https:\\\/\\\/secure.gravatar.com\\\/avatar\\\/87ce3dd4e41e60c22a79c758614f01a6bc2469255fc936ec7b15efb9bb5cb66f?s=96&d=mm&r=g\",\"contentUrl\":\"https:\\\/\\\/secure.gravatar.com\\\/avatar\\\/87ce3dd4e41e60c22a79c758614f01a6bc2469255fc936ec7b15efb9bb5cb66f?s=96&d=mm&r=g\",\"caption\":\"Forbes\"},\"url\":\"https:\\\/\\\/fuentesfidedignas.com.mx\\\/index.php\\\/author\\\/forbes\\\/\"}]}<\/script>\n<!-- \/ Yoast SEO plugin. -->","yoast_head_json":{"title":"Inflaci\u00f3n en M\u00e9xico sube a 8.16% en primera quincena de julio - Fuentes Fidedignas","robots":{"index":"index","follow":"follow","max-snippet":"max-snippet:-1","max-image-preview":"max-image-preview:large","max-video-preview":"max-video-preview:-1"},"canonical":"https:\/\/fuentesfidedignas.com.mx\/index.php\/2022\/07\/22\/inflacion-en-mexico-sube-a-8-16-en-primera-quincena-de-julio\/","og_locale":"es_MX","og_type":"article","og_title":"Inflaci\u00f3n en M\u00e9xico sube a 8.16% en primera quincena de julio - Fuentes Fidedignas","og_description":"Es la subida de inflaci\u00f3n quincenal m\u00e1s alta registrada desde hace mas de 20 a\u00f1os seg\u00fan datos de Inegi. Ciudad de M\u00e9xico.- La tasa de inflaci\u00f3n mexicana subi\u00f3 en la primera quincena de julio hasta el 8.16%, el \u00edndice m\u00e1s alto desde enero de 2001, inform\u00f3 este viernes el Instituto Nacional de Estad\u00edstica y Geograf\u00eda [&hellip;]","og_url":"https:\/\/fuentesfidedignas.com.mx\/index.php\/2022\/07\/22\/inflacion-en-mexico-sube-a-8-16-en-primera-quincena-de-julio\/","og_site_name":"Fuentes Fidedignas","article_publisher":"https:\/\/www.facebook.com\/Fuentes-Fidedignas-368234489921644","article_published_time":"2022-07-22T16:27:51+00:00","article_modified_time":"2022-07-22T16:28:41+00:00","og_image":[{"width":640,"height":360,"url":"https:\/\/fuentesfidedignas.com.mx\/wp-content\/uploads\/2022\/07\/Canasta21-640x360-1.jpg","type":"image\/jpeg"}],"author":"Forbes","twitter_card":"summary_large_image","twitter_creator":"@fidedignas","twitter_site":"@fidedignas","twitter_misc":{"Escrito por":"Forbes","Tiempo de lectura":"3 minutos"},"schema":{"@context":"https:\/\/schema.org","@graph":[{"@type":"Article","@id":"https:\/\/fuentesfidedignas.com.mx\/index.php\/2022\/07\/22\/inflacion-en-mexico-sube-a-8-16-en-primera-quincena-de-julio\/#article","isPartOf":{"@id":"https:\/\/fuentesfidedignas.com.mx\/index.php\/2022\/07\/22\/inflacion-en-mexico-sube-a-8-16-en-primera-quincena-de-julio\/"},"author":{"name":"Forbes","@id":"https:\/\/fuentesfidedignas.com.mx\/#\/schema\/person\/5623d53fe2e579d825b1679734abcc44"},"headline":"Inflaci\u00f3n en M\u00e9xico sube a 8.16% en primera quincena de julio","datePublished":"2022-07-22T16:27:51+00:00","dateModified":"2022-07-22T16:28:41+00:00","mainEntityOfPage":{"@id":"https:\/\/fuentesfidedignas.com.mx\/index.php\/2022\/07\/22\/inflacion-en-mexico-sube-a-8-16-en-primera-quincena-de-julio\/"},"wordCount":448,"commentCount":0,"publisher":{"@id":"https:\/\/fuentesfidedignas.com.mx\/#organization"},"image":{"@id":"https:\/\/fuentesfidedignas.com.mx\/index.php\/2022\/07\/22\/inflacion-en-mexico-sube-a-8-16-en-primera-quincena-de-julio\/#primaryimage"},"thumbnailUrl":"https:\/\/fuentesfidedignas.com.mx\/wp-content\/uploads\/2022\/07\/Canasta21-640x360-1.jpg","articleSection":["NOTICIAS NACIONALES"],"inLanguage":"es","potentialAction":[{"@type":"CommentAction","name":"Comment","target":["https:\/\/fuentesfidedignas.com.mx\/index.php\/2022\/07\/22\/inflacion-en-mexico-sube-a-8-16-en-primera-quincena-de-julio\/#respond"]}]},{"@type":"WebPage","@id":"https:\/\/fuentesfidedignas.com.mx\/index.php\/2022\/07\/22\/inflacion-en-mexico-sube-a-8-16-en-primera-quincena-de-julio\/","url":"https:\/\/fuentesfidedignas.com.mx\/index.php\/2022\/07\/22\/inflacion-en-mexico-sube-a-8-16-en-primera-quincena-de-julio\/","name":"Inflaci\u00f3n en M\u00e9xico sube a 8.16% en primera quincena de julio - Fuentes Fidedignas","isPartOf":{"@id":"https:\/\/fuentesfidedignas.com.mx\/#website"},"primaryImageOfPage":{"@id":"https:\/\/fuentesfidedignas.com.mx\/index.php\/2022\/07\/22\/inflacion-en-mexico-sube-a-8-16-en-primera-quincena-de-julio\/#primaryimage"},"image":{"@id":"https:\/\/fuentesfidedignas.com.mx\/index.php\/2022\/07\/22\/inflacion-en-mexico-sube-a-8-16-en-primera-quincena-de-julio\/#primaryimage"},"thumbnailUrl":"https:\/\/fuentesfidedignas.com.mx\/wp-content\/uploads\/2022\/07\/Canasta21-640x360-1.jpg","datePublished":"2022-07-22T16:27:51+00:00","dateModified":"2022-07-22T16:28:41+00:00","breadcrumb":{"@id":"https:\/\/fuentesfidedignas.com.mx\/index.php\/2022\/07\/22\/inflacion-en-mexico-sube-a-8-16-en-primera-quincena-de-julio\/#breadcrumb"},"inLanguage":"es","potentialAction":[{"@type":"ReadAction","target":["https:\/\/fuentesfidedignas.com.mx\/index.php\/2022\/07\/22\/inflacion-en-mexico-sube-a-8-16-en-primera-quincena-de-julio\/"]}]},{"@type":"ImageObject","inLanguage":"es","@id":"https:\/\/fuentesfidedignas.com.mx\/index.php\/2022\/07\/22\/inflacion-en-mexico-sube-a-8-16-en-primera-quincena-de-julio\/#primaryimage","url":"https:\/\/fuentesfidedignas.com.mx\/wp-content\/uploads\/2022\/07\/Canasta21-640x360-1.jpg","contentUrl":"https:\/\/fuentesfidedignas.com.mx\/wp-content\/uploads\/2022\/07\/Canasta21-640x360-1.jpg","width":640,"height":360},{"@type":"BreadcrumbList","@id":"https:\/\/fuentesfidedignas.com.mx\/index.php\/2022\/07\/22\/inflacion-en-mexico-sube-a-8-16-en-primera-quincena-de-julio\/#breadcrumb","itemListElement":[{"@type":"ListItem","position":1,"name":"Inicio","item":"https:\/\/fuentesfidedignas.com.mx\/"},{"@type":"ListItem","position":2,"name":"Inflaci\u00f3n en M\u00e9xico sube a 8.16% en primera quincena de julio"}]},{"@type":"WebSite","@id":"https:\/\/fuentesfidedignas.com.mx\/#website","url":"https:\/\/fuentesfidedignas.com.mx\/","name":"Fuentes Fidedignas","description":"Otro sitio realizado con WordPress","publisher":{"@id":"https:\/\/fuentesfidedignas.com.mx\/#organization"},"potentialAction":[{"@type":"SearchAction","target":{"@type":"EntryPoint","urlTemplate":"https:\/\/fuentesfidedignas.com.mx\/?s={search_term_string}"},"query-input":{"@type":"PropertyValueSpecification","valueRequired":true,"valueName":"search_term_string"}}],"inLanguage":"es"},{"@type":"Organization","@id":"https:\/\/fuentesfidedignas.com.mx\/#organization","name":"Fuentes Fidedignas","url":"https:\/\/fuentesfidedignas.com.mx\/","logo":{"@type":"ImageObject","inLanguage":"es","@id":"https:\/\/fuentesfidedignas.com.mx\/#\/schema\/logo\/image\/","url":"https:\/\/fuentesfidedignas.com.mx\/wp-content\/uploads\/2021\/04\/logo-retina.png","contentUrl":"https:\/\/fuentesfidedignas.com.mx\/wp-content\/uploads\/2021\/04\/logo-retina.png","width":280,"height":51,"caption":"Fuentes Fidedignas"},"image":{"@id":"https:\/\/fuentesfidedignas.com.mx\/#\/schema\/logo\/image\/"},"sameAs":["https:\/\/www.facebook.com\/Fuentes-Fidedignas-368234489921644","https:\/\/x.com\/fidedignas"]},{"@type":"Person","@id":"https:\/\/fuentesfidedignas.com.mx\/#\/schema\/person\/5623d53fe2e579d825b1679734abcc44","name":"Forbes","image":{"@type":"ImageObject","inLanguage":"es","@id":"https:\/\/secure.gravatar.com\/avatar\/87ce3dd4e41e60c22a79c758614f01a6bc2469255fc936ec7b15efb9bb5cb66f?s=96&d=mm&r=g","url":"https:\/\/secure.gravatar.com\/avatar\/87ce3dd4e41e60c22a79c758614f01a6bc2469255fc936ec7b15efb9bb5cb66f?s=96&d=mm&r=g","contentUrl":"https:\/\/secure.gravatar.com\/avatar\/87ce3dd4e41e60c22a79c758614f01a6bc2469255fc936ec7b15efb9bb5cb66f?s=96&d=mm&r=g","caption":"Forbes"},"url":"https:\/\/fuentesfidedignas.com.mx\/index.php\/author\/forbes\/"}]}},"_links":{"self":[{"href":"https:\/\/fuentesfidedignas.com.mx\/index.php\/wp-json\/wp\/v2\/posts\/38076","targetHints":{"allow":["GET"]}}],"collection":[{"href":"https:\/\/fuentesfidedignas.com.mx\/index.php\/wp-json\/wp\/v2\/posts"}],"about":[{"href":"https:\/\/fuentesfidedignas.com.mx\/index.php\/wp-json\/wp\/v2\/types\/post"}],"author":[{"embeddable":true,"href":"https:\/\/fuentesfidedignas.com.mx\/index.php\/wp-json\/wp\/v2\/users\/5"}],"replies":[{"embeddable":true,"href":"https:\/\/fuentesfidedignas.com.mx\/index.php\/wp-json\/wp\/v2\/comments?post=38076"}],"version-history":[{"count":1,"href":"https:\/\/fuentesfidedignas.com.mx\/index.php\/wp-json\/wp\/v2\/posts\/38076\/revisions"}],"predecessor-version":[{"id":38084,"href":"https:\/\/fuentesfidedignas.com.mx\/index.php\/wp-json\/wp\/v2\/posts\/38076\/revisions\/38084"}],"wp:featuredmedia":[{"embeddable":true,"href":"https:\/\/fuentesfidedignas.com.mx\/index.php\/wp-json\/wp\/v2\/media\/38083"}],"wp:attachment":[{"href":"https:\/\/fuentesfidedignas.com.mx\/index.php\/wp-json\/wp\/v2\/media?parent=38076"}],"wp:term":[{"taxonomy":"category","embeddable":true,"href":"https:\/\/fuentesfidedignas.com.mx\/index.php\/wp-json\/wp\/v2\/categories?post=38076"},{"taxonomy":"post_tag","embeddable":true,"href":"https:\/\/fuentesfidedignas.com.mx\/index.php\/wp-json\/wp\/v2\/tags?post=38076"}],"curies":[{"name":"wp","href":"https:\/\/api.w.org\/{rel}","templated":true}]}}