{"id":37903,"date":"2022-07-20T10:12:10","date_gmt":"2022-07-20T16:12:10","guid":{"rendered":"https:\/\/fuentesfidedignas.com.mx\/?p=37903"},"modified":"2022-07-20T10:12:11","modified_gmt":"2022-07-20T16:12:11","slug":"llama-cuen-ojeda-a-decirle-alto-al-covid-19-invita-a-vacunarse","status":"publish","type":"post","link":"https:\/\/fuentesfidedignas.com.mx\/index.php\/2022\/07\/20\/llama-cuen-ojeda-a-decirle-alto-al-covid-19-invita-a-vacunarse\/","title":{"rendered":"Llama Cu\u00e9n Ojeda a decirle alto al covid-19; invita a vacunarse"},"content":{"rendered":"\n<p><strong><em>El l\u00edder pol\u00edtico del PAS tambi\u00e9n llama a los padres de ni\u00f1as y ni\u00f1os de 6 meses a 4 a\u00f1os a no querer adelantarse y vallan a cometer el error de vacunar a sus hijos con una vacuna qu\u00e9 es para otro grupo de edad.<\/em><\/strong><\/p>\n\n\n\n<p>Culiac\u00e1n Sin.- El ex secretario de salud de Sinaloa y l\u00edder pol\u00edtico del Partido Sinaloense, H\u00e9ctor Melesio Cu\u00e9n Ojeda, qui\u00e9n ha dado seguimiento puntual al tema de la pandemia de Covid-19 a nivel global, se\u00f1al\u00f3 que en Estados Unidos ya est\u00e1n vacunando contra covid-19 a beb\u00e9s de 6 meses hasta los 4 a\u00f1os de edad, sin embargo la dosis que se usa es especial y al respecto manifest\u00f3 que este sector de la poblaci\u00f3n en M\u00e9xico tambi\u00e9n est\u00e1 pr\u00f3ximo a recibir protecci\u00f3n biol\u00f3gica contra el virus sars cov-2.<\/p>\n\n\n\n<p>Aclar\u00f3 que de momento no hay una versi\u00f3n oficial que anticipe la compra de vacunas especiales para beb\u00e9s en M\u00e9xico, pero desde la federaci\u00f3n el presidente Andr\u00e9s Manuel L\u00f3pez Obrador, ha hecho el compromiso de darle protecci\u00f3n biol\u00f3gica universal y gratuita a la poblaci\u00f3n infantil.<\/p>\n\n\n\n<p>Ante esto, Cu\u00e9n Ojeda comparti\u00f3 con la poblaci\u00f3n, que la vacuna anticovid para ni\u00f1os es una dosis especial y no se le puede aplicar la pedi\u00e1trica, por lo tanto hizo el llamado a los padres y madres de familia, que no vallan a cometer el error, de que por querer ganarle al sistema, quieran llevar a sus hijos menores de 4 a\u00f1os a ponerle la vacuna qu\u00e9 es para poblaci\u00f3n de 5 a 11 a\u00f1os, porque le pueden causar una sobredosis con esa vacuna y en vez de hacerle un bien le podr\u00eda provocar un mal.<\/p>\n\n\n\n<p>Cu\u00e9n Ojeda tambi\u00e9n coment\u00f3 que considera que las campa\u00f1as de vacunaci\u00f3n contra covid deben reforzarse en este periodo vacacional, que la gente acuda a los puestos de vacunaci\u00f3n a aplicarse las dosis que le hagan falta y no se conf\u00eden porque se est\u00e1 dando un nuevo rebrote.<\/p>\n\n\n\n<p>&#8220;Vamos a regresar a clases el 29 de agosto lo que es el nivel b\u00e1sico, entonces es muy importante cortar la cadena de contagio al interior de las aulas ,los maestros que est\u00e9n vacunados y que los ni\u00f1os tambi\u00e9n est\u00e9n vacunados; Yo sigo insistiendo porque hay un rebrote muy fuertes por ejemplo ya ahorita china est\u00e1n confinando de nueva cuenta y algunos pa\u00edses que est\u00e1n sufriendo mucho, entonces entonces no queremos que esto se de aqu\u00ed de nueva cuenta en M\u00e9xico, es muy importante romper el contagio comunitario y esto \u00fanicamente se hace vacunando a la mayor cantidad de gente&#8221;<\/p>\n","protected":false},"excerpt":{"rendered":"<p>El l\u00edder pol\u00edtico del PAS tambi\u00e9n llama a los padres de ni\u00f1as y ni\u00f1os de 6 meses a 4 a\u00f1os a no querer adelantarse y vallan a cometer el error de vacunar a sus hijos con una vacuna qu\u00e9 es para otro grupo de edad. Culiac\u00e1n Sin.- El ex secretario de salud de Sinaloa y [&hellip;]<\/p>\n","protected":false},"author":4,"featured_media":37904,"comment_status":"open","ping_status":"open","sticky":false,"template":"","format":"standard","meta":{"tdm_status":"","tdm_grid_status":"","footnotes":""},"categories":[38],"tags":[332,59,1328,416,407,193],"class_list":{"0":"post-37903","1":"post","2":"type-post","3":"status-publish","4":"format-standard","5":"has-post-thumbnail","7":"category-noticias-locales","8":"tag-coronavirus","9":"tag-covid-19","10":"tag-hector-melesio-cuen-ojeda","11":"tag-sars-cov-2","12":"tag-vacuna-anticovid","13":"tag-viral"},"yoast_head":"<!-- This site is optimized with the Yoast SEO plugin v27.4 - https:\/\/yoast.com\/product\/yoast-seo-wordpress\/ -->\n<title>Llama Cu\u00e9n Ojeda a decirle alto al covid-19; invita a vacunarse - Fuentes Fidedignas<\/title>\n<meta name=\"robots\" content=\"index, follow, max-snippet:-1, max-image-preview:large, max-video-preview:-1\" \/>\n<link rel=\"canonical\" href=\"https:\/\/fuentesfidedignas.com.mx\/index.php\/2022\/07\/20\/llama-cuen-ojeda-a-decirle-alto-al-covid-19-invita-a-vacunarse\/\" \/>\n<meta property=\"og:locale\" content=\"es_MX\" \/>\n<meta property=\"og:type\" content=\"article\" \/>\n<meta property=\"og:title\" content=\"Llama Cu\u00e9n Ojeda a decirle alto al covid-19; invita a vacunarse - Fuentes Fidedignas\" \/>\n<meta property=\"og:description\" content=\"El l\u00edder pol\u00edtico del PAS tambi\u00e9n llama a los padres de ni\u00f1as y ni\u00f1os de 6 meses a 4 a\u00f1os a no querer adelantarse y vallan a cometer el error de vacunar a sus hijos con una vacuna qu\u00e9 es para otro grupo de edad. Culiac\u00e1n Sin.- El ex secretario de salud de Sinaloa y [&hellip;]\" \/>\n<meta property=\"og:url\" content=\"https:\/\/fuentesfidedignas.com.mx\/index.php\/2022\/07\/20\/llama-cuen-ojeda-a-decirle-alto-al-covid-19-invita-a-vacunarse\/\" \/>\n<meta property=\"og:site_name\" content=\"Fuentes Fidedignas\" \/>\n<meta property=\"article:publisher\" content=\"https:\/\/www.facebook.com\/Fuentes-Fidedignas-368234489921644\" \/>\n<meta property=\"article:published_time\" content=\"2022-07-20T16:12:10+00:00\" \/>\n<meta property=\"article:modified_time\" content=\"2022-07-20T16:12:11+00:00\" \/>\n<meta property=\"og:image\" content=\"https:\/\/fuentesfidedignas.com.mx\/wp-content\/uploads\/2022\/07\/IMG-20220720-WA0005.jpg\" \/>\n\t<meta property=\"og:image:width\" content=\"927\" \/>\n\t<meta property=\"og:image:height\" content=\"587\" \/>\n\t<meta property=\"og:image:type\" content=\"image\/jpeg\" \/>\n<meta name=\"author\" content=\"Redacci\u00f3n\" \/>\n<meta name=\"twitter:card\" content=\"summary_large_image\" \/>\n<meta name=\"twitter:creator\" content=\"@fidedignas\" \/>\n<meta name=\"twitter:site\" content=\"@fidedignas\" \/>\n<meta name=\"twitter:label1\" content=\"Escrito por\" \/>\n\t<meta name=\"twitter:data1\" content=\"Redacci\u00f3n\" \/>\n\t<meta name=\"twitter:label2\" content=\"Tiempo de lectura\" \/>\n\t<meta name=\"twitter:data2\" content=\"2 minutos\" \/>\n<script type=\"application\/ld+json\" class=\"yoast-schema-graph\">{\"@context\":\"https:\\\/\\\/schema.org\",\"@graph\":[{\"@type\":\"Article\",\"@id\":\"https:\\\/\\\/fuentesfidedignas.com.mx\\\/index.php\\\/2022\\\/07\\\/20\\\/llama-cuen-ojeda-a-decirle-alto-al-covid-19-invita-a-vacunarse\\\/#article\",\"isPartOf\":{\"@id\":\"https:\\\/\\\/fuentesfidedignas.com.mx\\\/index.php\\\/2022\\\/07\\\/20\\\/llama-cuen-ojeda-a-decirle-alto-al-covid-19-invita-a-vacunarse\\\/\"},\"author\":{\"name\":\"Redacci\u00f3n\",\"@id\":\"https:\\\/\\\/fuentesfidedignas.com.mx\\\/#\\\/schema\\\/person\\\/331be9283d37198e2acd5750279085b0\"},\"headline\":\"Llama Cu\u00e9n Ojeda a decirle alto al covid-19; invita a vacunarse\",\"datePublished\":\"2022-07-20T16:12:10+00:00\",\"dateModified\":\"2022-07-20T16:12:11+00:00\",\"mainEntityOfPage\":{\"@id\":\"https:\\\/\\\/fuentesfidedignas.com.mx\\\/index.php\\\/2022\\\/07\\\/20\\\/llama-cuen-ojeda-a-decirle-alto-al-covid-19-invita-a-vacunarse\\\/\"},\"wordCount\":480,\"commentCount\":0,\"publisher\":{\"@id\":\"https:\\\/\\\/fuentesfidedignas.com.mx\\\/#organization\"},\"image\":{\"@id\":\"https:\\\/\\\/fuentesfidedignas.com.mx\\\/index.php\\\/2022\\\/07\\\/20\\\/llama-cuen-ojeda-a-decirle-alto-al-covid-19-invita-a-vacunarse\\\/#primaryimage\"},\"thumbnailUrl\":\"https:\\\/\\\/fuentesfidedignas.com.mx\\\/wp-content\\\/uploads\\\/2022\\\/07\\\/IMG-20220720-WA0005.jpg\",\"keywords\":[\"Coronavirus\",\"Covid-19\",\"H\u00e9ctor Melesio Cu\u00e9n Ojeda\",\"SARS-CoV-2\",\"Vacuna anticovid\",\"Viral\"],\"articleSection\":[\"NOTICIAS LOCALES\"],\"inLanguage\":\"es\",\"potentialAction\":[{\"@type\":\"CommentAction\",\"name\":\"Comment\",\"target\":[\"https:\\\/\\\/fuentesfidedignas.com.mx\\\/index.php\\\/2022\\\/07\\\/20\\\/llama-cuen-ojeda-a-decirle-alto-al-covid-19-invita-a-vacunarse\\\/#respond\"]}]},{\"@type\":\"WebPage\",\"@id\":\"https:\\\/\\\/fuentesfidedignas.com.mx\\\/index.php\\\/2022\\\/07\\\/20\\\/llama-cuen-ojeda-a-decirle-alto-al-covid-19-invita-a-vacunarse\\\/\",\"url\":\"https:\\\/\\\/fuentesfidedignas.com.mx\\\/index.php\\\/2022\\\/07\\\/20\\\/llama-cuen-ojeda-a-decirle-alto-al-covid-19-invita-a-vacunarse\\\/\",\"name\":\"Llama Cu\u00e9n Ojeda a decirle alto al covid-19; invita a vacunarse - Fuentes Fidedignas\",\"isPartOf\":{\"@id\":\"https:\\\/\\\/fuentesfidedignas.com.mx\\\/#website\"},\"primaryImageOfPage\":{\"@id\":\"https:\\\/\\\/fuentesfidedignas.com.mx\\\/index.php\\\/2022\\\/07\\\/20\\\/llama-cuen-ojeda-a-decirle-alto-al-covid-19-invita-a-vacunarse\\\/#primaryimage\"},\"image\":{\"@id\":\"https:\\\/\\\/fuentesfidedignas.com.mx\\\/index.php\\\/2022\\\/07\\\/20\\\/llama-cuen-ojeda-a-decirle-alto-al-covid-19-invita-a-vacunarse\\\/#primaryimage\"},\"thumbnailUrl\":\"https:\\\/\\\/fuentesfidedignas.com.mx\\\/wp-content\\\/uploads\\\/2022\\\/07\\\/IMG-20220720-WA0005.jpg\",\"datePublished\":\"2022-07-20T16:12:10+00:00\",\"dateModified\":\"2022-07-20T16:12:11+00:00\",\"breadcrumb\":{\"@id\":\"https:\\\/\\\/fuentesfidedignas.com.mx\\\/index.php\\\/2022\\\/07\\\/20\\\/llama-cuen-ojeda-a-decirle-alto-al-covid-19-invita-a-vacunarse\\\/#breadcrumb\"},\"inLanguage\":\"es\",\"potentialAction\":[{\"@type\":\"ReadAction\",\"target\":[\"https:\\\/\\\/fuentesfidedignas.com.mx\\\/index.php\\\/2022\\\/07\\\/20\\\/llama-cuen-ojeda-a-decirle-alto-al-covid-19-invita-a-vacunarse\\\/\"]}]},{\"@type\":\"ImageObject\",\"inLanguage\":\"es\",\"@id\":\"https:\\\/\\\/fuentesfidedignas.com.mx\\\/index.php\\\/2022\\\/07\\\/20\\\/llama-cuen-ojeda-a-decirle-alto-al-covid-19-invita-a-vacunarse\\\/#primaryimage\",\"url\":\"https:\\\/\\\/fuentesfidedignas.com.mx\\\/wp-content\\\/uploads\\\/2022\\\/07\\\/IMG-20220720-WA0005.jpg\",\"contentUrl\":\"https:\\\/\\\/fuentesfidedignas.com.mx\\\/wp-content\\\/uploads\\\/2022\\\/07\\\/IMG-20220720-WA0005.jpg\",\"width\":927,\"height\":587},{\"@type\":\"BreadcrumbList\",\"@id\":\"https:\\\/\\\/fuentesfidedignas.com.mx\\\/index.php\\\/2022\\\/07\\\/20\\\/llama-cuen-ojeda-a-decirle-alto-al-covid-19-invita-a-vacunarse\\\/#breadcrumb\",\"itemListElement\":[{\"@type\":\"ListItem\",\"position\":1,\"name\":\"Inicio\",\"item\":\"https:\\\/\\\/fuentesfidedignas.com.mx\\\/\"},{\"@type\":\"ListItem\",\"position\":2,\"name\":\"Llama Cu\u00e9n Ojeda a decirle alto al covid-19; invita a vacunarse\"}]},{\"@type\":\"WebSite\",\"@id\":\"https:\\\/\\\/fuentesfidedignas.com.mx\\\/#website\",\"url\":\"https:\\\/\\\/fuentesfidedignas.com.mx\\\/\",\"name\":\"Fuentes Fidedignas\",\"description\":\"Otro sitio realizado con WordPress\",\"publisher\":{\"@id\":\"https:\\\/\\\/fuentesfidedignas.com.mx\\\/#organization\"},\"potentialAction\":[{\"@type\":\"SearchAction\",\"target\":{\"@type\":\"EntryPoint\",\"urlTemplate\":\"https:\\\/\\\/fuentesfidedignas.com.mx\\\/?s={search_term_string}\"},\"query-input\":{\"@type\":\"PropertyValueSpecification\",\"valueRequired\":true,\"valueName\":\"search_term_string\"}}],\"inLanguage\":\"es\"},{\"@type\":\"Organization\",\"@id\":\"https:\\\/\\\/fuentesfidedignas.com.mx\\\/#organization\",\"name\":\"Fuentes Fidedignas\",\"url\":\"https:\\\/\\\/fuentesfidedignas.com.mx\\\/\",\"logo\":{\"@type\":\"ImageObject\",\"inLanguage\":\"es\",\"@id\":\"https:\\\/\\\/fuentesfidedignas.com.mx\\\/#\\\/schema\\\/logo\\\/image\\\/\",\"url\":\"https:\\\/\\\/fuentesfidedignas.com.mx\\\/wp-content\\\/uploads\\\/2021\\\/04\\\/logo-retina.png\",\"contentUrl\":\"https:\\\/\\\/fuentesfidedignas.com.mx\\\/wp-content\\\/uploads\\\/2021\\\/04\\\/logo-retina.png\",\"width\":280,\"height\":51,\"caption\":\"Fuentes Fidedignas\"},\"image\":{\"@id\":\"https:\\\/\\\/fuentesfidedignas.com.mx\\\/#\\\/schema\\\/logo\\\/image\\\/\"},\"sameAs\":[\"https:\\\/\\\/www.facebook.com\\\/Fuentes-Fidedignas-368234489921644\",\"https:\\\/\\\/x.com\\\/fidedignas\"]},{\"@type\":\"Person\",\"@id\":\"https:\\\/\\\/fuentesfidedignas.com.mx\\\/#\\\/schema\\\/person\\\/331be9283d37198e2acd5750279085b0\",\"name\":\"Redacci\u00f3n\",\"image\":{\"@type\":\"ImageObject\",\"inLanguage\":\"es\",\"@id\":\"https:\\\/\\\/secure.gravatar.com\\\/avatar\\\/f6d8782c11d12b2d4ad3fbb6931aeab5309937a4d6cd2fc9cfaa28a6396a5aec?s=96&d=mm&r=g\",\"url\":\"https:\\\/\\\/secure.gravatar.com\\\/avatar\\\/f6d8782c11d12b2d4ad3fbb6931aeab5309937a4d6cd2fc9cfaa28a6396a5aec?s=96&d=mm&r=g\",\"contentUrl\":\"https:\\\/\\\/secure.gravatar.com\\\/avatar\\\/f6d8782c11d12b2d4ad3fbb6931aeab5309937a4d6cd2fc9cfaa28a6396a5aec?s=96&d=mm&r=g\",\"caption\":\"Redacci\u00f3n\"},\"url\":\"https:\\\/\\\/fuentesfidedignas.com.mx\\\/index.php\\\/author\\\/redaccion\\\/\"}]}<\/script>\n<!-- \/ Yoast SEO plugin. -->","yoast_head_json":{"title":"Llama Cu\u00e9n Ojeda a decirle alto al covid-19; invita a vacunarse - Fuentes Fidedignas","robots":{"index":"index","follow":"follow","max-snippet":"max-snippet:-1","max-image-preview":"max-image-preview:large","max-video-preview":"max-video-preview:-1"},"canonical":"https:\/\/fuentesfidedignas.com.mx\/index.php\/2022\/07\/20\/llama-cuen-ojeda-a-decirle-alto-al-covid-19-invita-a-vacunarse\/","og_locale":"es_MX","og_type":"article","og_title":"Llama Cu\u00e9n Ojeda a decirle alto al covid-19; invita a vacunarse - Fuentes Fidedignas","og_description":"El l\u00edder pol\u00edtico del PAS tambi\u00e9n llama a los padres de ni\u00f1as y ni\u00f1os de 6 meses a 4 a\u00f1os a no querer adelantarse y vallan a cometer el error de vacunar a sus hijos con una vacuna qu\u00e9 es para otro grupo de edad. Culiac\u00e1n Sin.- El ex secretario de salud de Sinaloa y [&hellip;]","og_url":"https:\/\/fuentesfidedignas.com.mx\/index.php\/2022\/07\/20\/llama-cuen-ojeda-a-decirle-alto-al-covid-19-invita-a-vacunarse\/","og_site_name":"Fuentes Fidedignas","article_publisher":"https:\/\/www.facebook.com\/Fuentes-Fidedignas-368234489921644","article_published_time":"2022-07-20T16:12:10+00:00","article_modified_time":"2022-07-20T16:12:11+00:00","og_image":[{"width":927,"height":587,"url":"https:\/\/fuentesfidedignas.com.mx\/wp-content\/uploads\/2022\/07\/IMG-20220720-WA0005.jpg","type":"image\/jpeg"}],"author":"Redacci\u00f3n","twitter_card":"summary_large_image","twitter_creator":"@fidedignas","twitter_site":"@fidedignas","twitter_misc":{"Escrito por":"Redacci\u00f3n","Tiempo de lectura":"2 minutos"},"schema":{"@context":"https:\/\/schema.org","@graph":[{"@type":"Article","@id":"https:\/\/fuentesfidedignas.com.mx\/index.php\/2022\/07\/20\/llama-cuen-ojeda-a-decirle-alto-al-covid-19-invita-a-vacunarse\/#article","isPartOf":{"@id":"https:\/\/fuentesfidedignas.com.mx\/index.php\/2022\/07\/20\/llama-cuen-ojeda-a-decirle-alto-al-covid-19-invita-a-vacunarse\/"},"author":{"name":"Redacci\u00f3n","@id":"https:\/\/fuentesfidedignas.com.mx\/#\/schema\/person\/331be9283d37198e2acd5750279085b0"},"headline":"Llama Cu\u00e9n Ojeda a decirle alto al covid-19; invita a vacunarse","datePublished":"2022-07-20T16:12:10+00:00","dateModified":"2022-07-20T16:12:11+00:00","mainEntityOfPage":{"@id":"https:\/\/fuentesfidedignas.com.mx\/index.php\/2022\/07\/20\/llama-cuen-ojeda-a-decirle-alto-al-covid-19-invita-a-vacunarse\/"},"wordCount":480,"commentCount":0,"publisher":{"@id":"https:\/\/fuentesfidedignas.com.mx\/#organization"},"image":{"@id":"https:\/\/fuentesfidedignas.com.mx\/index.php\/2022\/07\/20\/llama-cuen-ojeda-a-decirle-alto-al-covid-19-invita-a-vacunarse\/#primaryimage"},"thumbnailUrl":"https:\/\/fuentesfidedignas.com.mx\/wp-content\/uploads\/2022\/07\/IMG-20220720-WA0005.jpg","keywords":["Coronavirus","Covid-19","H\u00e9ctor Melesio Cu\u00e9n Ojeda","SARS-CoV-2","Vacuna anticovid","Viral"],"articleSection":["NOTICIAS LOCALES"],"inLanguage":"es","potentialAction":[{"@type":"CommentAction","name":"Comment","target":["https:\/\/fuentesfidedignas.com.mx\/index.php\/2022\/07\/20\/llama-cuen-ojeda-a-decirle-alto-al-covid-19-invita-a-vacunarse\/#respond"]}]},{"@type":"WebPage","@id":"https:\/\/fuentesfidedignas.com.mx\/index.php\/2022\/07\/20\/llama-cuen-ojeda-a-decirle-alto-al-covid-19-invita-a-vacunarse\/","url":"https:\/\/fuentesfidedignas.com.mx\/index.php\/2022\/07\/20\/llama-cuen-ojeda-a-decirle-alto-al-covid-19-invita-a-vacunarse\/","name":"Llama Cu\u00e9n Ojeda a decirle alto al covid-19; invita a vacunarse - Fuentes Fidedignas","isPartOf":{"@id":"https:\/\/fuentesfidedignas.com.mx\/#website"},"primaryImageOfPage":{"@id":"https:\/\/fuentesfidedignas.com.mx\/index.php\/2022\/07\/20\/llama-cuen-ojeda-a-decirle-alto-al-covid-19-invita-a-vacunarse\/#primaryimage"},"image":{"@id":"https:\/\/fuentesfidedignas.com.mx\/index.php\/2022\/07\/20\/llama-cuen-ojeda-a-decirle-alto-al-covid-19-invita-a-vacunarse\/#primaryimage"},"thumbnailUrl":"https:\/\/fuentesfidedignas.com.mx\/wp-content\/uploads\/2022\/07\/IMG-20220720-WA0005.jpg","datePublished":"2022-07-20T16:12:10+00:00","dateModified":"2022-07-20T16:12:11+00:00","breadcrumb":{"@id":"https:\/\/fuentesfidedignas.com.mx\/index.php\/2022\/07\/20\/llama-cuen-ojeda-a-decirle-alto-al-covid-19-invita-a-vacunarse\/#breadcrumb"},"inLanguage":"es","potentialAction":[{"@type":"ReadAction","target":["https:\/\/fuentesfidedignas.com.mx\/index.php\/2022\/07\/20\/llama-cuen-ojeda-a-decirle-alto-al-covid-19-invita-a-vacunarse\/"]}]},{"@type":"ImageObject","inLanguage":"es","@id":"https:\/\/fuentesfidedignas.com.mx\/index.php\/2022\/07\/20\/llama-cuen-ojeda-a-decirle-alto-al-covid-19-invita-a-vacunarse\/#primaryimage","url":"https:\/\/fuentesfidedignas.com.mx\/wp-content\/uploads\/2022\/07\/IMG-20220720-WA0005.jpg","contentUrl":"https:\/\/fuentesfidedignas.com.mx\/wp-content\/uploads\/2022\/07\/IMG-20220720-WA0005.jpg","width":927,"height":587},{"@type":"BreadcrumbList","@id":"https:\/\/fuentesfidedignas.com.mx\/index.php\/2022\/07\/20\/llama-cuen-ojeda-a-decirle-alto-al-covid-19-invita-a-vacunarse\/#breadcrumb","itemListElement":[{"@type":"ListItem","position":1,"name":"Inicio","item":"https:\/\/fuentesfidedignas.com.mx\/"},{"@type":"ListItem","position":2,"name":"Llama Cu\u00e9n Ojeda a decirle alto al covid-19; invita a vacunarse"}]},{"@type":"WebSite","@id":"https:\/\/fuentesfidedignas.com.mx\/#website","url":"https:\/\/fuentesfidedignas.com.mx\/","name":"Fuentes Fidedignas","description":"Otro sitio realizado con WordPress","publisher":{"@id":"https:\/\/fuentesfidedignas.com.mx\/#organization"},"potentialAction":[{"@type":"SearchAction","target":{"@type":"EntryPoint","urlTemplate":"https:\/\/fuentesfidedignas.com.mx\/?s={search_term_string}"},"query-input":{"@type":"PropertyValueSpecification","valueRequired":true,"valueName":"search_term_string"}}],"inLanguage":"es"},{"@type":"Organization","@id":"https:\/\/fuentesfidedignas.com.mx\/#organization","name":"Fuentes Fidedignas","url":"https:\/\/fuentesfidedignas.com.mx\/","logo":{"@type":"ImageObject","inLanguage":"es","@id":"https:\/\/fuentesfidedignas.com.mx\/#\/schema\/logo\/image\/","url":"https:\/\/fuentesfidedignas.com.mx\/wp-content\/uploads\/2021\/04\/logo-retina.png","contentUrl":"https:\/\/fuentesfidedignas.com.mx\/wp-content\/uploads\/2021\/04\/logo-retina.png","width":280,"height":51,"caption":"Fuentes Fidedignas"},"image":{"@id":"https:\/\/fuentesfidedignas.com.mx\/#\/schema\/logo\/image\/"},"sameAs":["https:\/\/www.facebook.com\/Fuentes-Fidedignas-368234489921644","https:\/\/x.com\/fidedignas"]},{"@type":"Person","@id":"https:\/\/fuentesfidedignas.com.mx\/#\/schema\/person\/331be9283d37198e2acd5750279085b0","name":"Redacci\u00f3n","image":{"@type":"ImageObject","inLanguage":"es","@id":"https:\/\/secure.gravatar.com\/avatar\/f6d8782c11d12b2d4ad3fbb6931aeab5309937a4d6cd2fc9cfaa28a6396a5aec?s=96&d=mm&r=g","url":"https:\/\/secure.gravatar.com\/avatar\/f6d8782c11d12b2d4ad3fbb6931aeab5309937a4d6cd2fc9cfaa28a6396a5aec?s=96&d=mm&r=g","contentUrl":"https:\/\/secure.gravatar.com\/avatar\/f6d8782c11d12b2d4ad3fbb6931aeab5309937a4d6cd2fc9cfaa28a6396a5aec?s=96&d=mm&r=g","caption":"Redacci\u00f3n"},"url":"https:\/\/fuentesfidedignas.com.mx\/index.php\/author\/redaccion\/"}]}},"_links":{"self":[{"href":"https:\/\/fuentesfidedignas.com.mx\/index.php\/wp-json\/wp\/v2\/posts\/37903","targetHints":{"allow":["GET"]}}],"collection":[{"href":"https:\/\/fuentesfidedignas.com.mx\/index.php\/wp-json\/wp\/v2\/posts"}],"about":[{"href":"https:\/\/fuentesfidedignas.com.mx\/index.php\/wp-json\/wp\/v2\/types\/post"}],"author":[{"embeddable":true,"href":"https:\/\/fuentesfidedignas.com.mx\/index.php\/wp-json\/wp\/v2\/users\/4"}],"replies":[{"embeddable":true,"href":"https:\/\/fuentesfidedignas.com.mx\/index.php\/wp-json\/wp\/v2\/comments?post=37903"}],"version-history":[{"count":1,"href":"https:\/\/fuentesfidedignas.com.mx\/index.php\/wp-json\/wp\/v2\/posts\/37903\/revisions"}],"predecessor-version":[{"id":37905,"href":"https:\/\/fuentesfidedignas.com.mx\/index.php\/wp-json\/wp\/v2\/posts\/37903\/revisions\/37905"}],"wp:featuredmedia":[{"embeddable":true,"href":"https:\/\/fuentesfidedignas.com.mx\/index.php\/wp-json\/wp\/v2\/media\/37904"}],"wp:attachment":[{"href":"https:\/\/fuentesfidedignas.com.mx\/index.php\/wp-json\/wp\/v2\/media?parent=37903"}],"wp:term":[{"taxonomy":"category","embeddable":true,"href":"https:\/\/fuentesfidedignas.com.mx\/index.php\/wp-json\/wp\/v2\/categories?post=37903"},{"taxonomy":"post_tag","embeddable":true,"href":"https:\/\/fuentesfidedignas.com.mx\/index.php\/wp-json\/wp\/v2\/tags?post=37903"}],"curies":[{"name":"wp","href":"https:\/\/api.w.org\/{rel}","templated":true}]}}