{"id":37831,"date":"2022-07-19T10:06:28","date_gmt":"2022-07-19T16:06:28","guid":{"rendered":"https:\/\/fuentesfidedignas.com.mx\/?p=37831"},"modified":"2022-07-19T10:06:29","modified_gmt":"2022-07-19T16:06:29","slug":"viruela-del-mono-no-tarda-en-ser-declarada-pandemia-advierte-experto-de-la-oms","status":"publish","type":"post","link":"https:\/\/fuentesfidedignas.com.mx\/index.php\/2022\/07\/19\/viruela-del-mono-no-tarda-en-ser-declarada-pandemia-advierte-experto-de-la-oms\/","title":{"rendered":"Viruela del mono no tarda en ser declarada pandemia, advierte experto de la OMS"},"content":{"rendered":"\n<p><strong><em>Santiago Mas-Coma se\u00f1al\u00f3 que el virus ha mutado y se han incrementado los casos de la enfermedad<\/em><\/strong><\/p>\n\n\n\n<p>El catedr\u00e1tico de Parasitolog\u00eda de la Universidad de La Laguna (ULL) y experto de la Organizaci\u00f3n Mundial de la Salud (OMS), Santiago Mas-Coma, se ha mostrado pesimista a corto plazo sobre el control de la viruela del mono porque \u201clos casos no paran de subir cada d\u00eda\u201d y ya ha llegado a Asia.<\/p>\n\n\n\n<p>\u201cNo creo que tardemos mucho en declarar la pandemia\u201d, ha indicado a los periodistas antes de impartir una conferencia en Campus \u00c1frica, subrayando que \u201cla gente no muere, pero el virus ha mutado y se han incrementado los casos, es un problema, por eso se transmite m\u00e1s f\u00e1cilmente de humano a humano\u201d.<\/p>\n\n\n\n<p>Respecto al covid, Santiago Mas-Coma ha dicho que la pandemia ha demostrado la relaci\u00f3n entre continentes y los agentes que causan las enfermedades a trav\u00e9s de los viajes. \u201cAntes pasaba pero no se viajaba tanto y las condiciones clim\u00e1ticas imped\u00edan a los agentes infecciosos establecerse\u201d, ha subrayado.<\/p>\n\n\n\n<p>El experto de la OMS tambi\u00e9n se\u00f1al\u00f3 que el COVID-19 \u201cno se ha terminado\u201d, aunque se hayan bajado las medidas con el fin de evitar repercusiones econ\u00f3micas. \u201cHay gente muriendo, la mortalidad sigue ah\u00ed\u201d, se\u00f1al\u00f3.<\/p>\n\n\n\n<p>Mas-Coma alert\u00f3 que le preocupa la nueva subvariante Centaurus, porque presenta varias mutaciones de \u00f3micron y las primeras estimaciones indican que es hasta 18 veces m\u00e1s contagiosa, aunque a\u00fan queda ver la patogenizaci\u00f3n.<\/p>\n\n\n\n<p>\u201cTal como funcionan las cosas, ma\u00f1ana la tenemos aqu\u00ed, es el problema de la globalizaci\u00f3n\u201d, ha apuntado en referencia a que ahora mismo se ha descubierto en la India.<\/p>\n","protected":false},"excerpt":{"rendered":"<p>Santiago Mas-Coma se\u00f1al\u00f3 que el virus ha mutado y se han incrementado los casos de la enfermedad El catedr\u00e1tico de Parasitolog\u00eda de la Universidad de La Laguna (ULL) y experto de la Organizaci\u00f3n Mundial de la Salud (OMS), Santiago Mas-Coma, se ha mostrado pesimista a corto plazo sobre el control de la viruela del mono [&hellip;]<\/p>\n","protected":false},"author":46,"featured_media":37832,"comment_status":"open","ping_status":"open","sticky":false,"template":"","format":"standard","meta":{"tdm_status":"","tdm_grid_status":"","footnotes":""},"categories":[39],"tags":[290,193],"class_list":{"0":"post-37831","1":"post","2":"type-post","3":"status-publish","4":"format-standard","5":"has-post-thumbnail","7":"category-noticias-nacionales","8":"tag-asombrosa","9":"tag-viral"},"yoast_head":"<!-- This site is optimized with the Yoast SEO plugin v27.5 - https:\/\/yoast.com\/product\/yoast-seo-wordpress\/ -->\n<title>Viruela del mono no tarda en ser declarada pandemia, advierte experto de la OMS - Fuentes Fidedignas<\/title>\n<meta name=\"robots\" content=\"index, follow, max-snippet:-1, max-image-preview:large, max-video-preview:-1\" \/>\n<link rel=\"canonical\" href=\"https:\/\/fuentesfidedignas.com.mx\/index.php\/2022\/07\/19\/viruela-del-mono-no-tarda-en-ser-declarada-pandemia-advierte-experto-de-la-oms\/\" \/>\n<meta property=\"og:locale\" content=\"es_MX\" \/>\n<meta property=\"og:type\" content=\"article\" \/>\n<meta property=\"og:title\" content=\"Viruela del mono no tarda en ser declarada pandemia, advierte experto de la OMS - Fuentes Fidedignas\" \/>\n<meta property=\"og:description\" content=\"Santiago Mas-Coma se\u00f1al\u00f3 que el virus ha mutado y se han incrementado los casos de la enfermedad El catedr\u00e1tico de Parasitolog\u00eda de la Universidad de La Laguna (ULL) y experto de la Organizaci\u00f3n Mundial de la Salud (OMS), Santiago Mas-Coma, se ha mostrado pesimista a corto plazo sobre el control de la viruela del mono [&hellip;]\" \/>\n<meta property=\"og:url\" content=\"https:\/\/fuentesfidedignas.com.mx\/index.php\/2022\/07\/19\/viruela-del-mono-no-tarda-en-ser-declarada-pandemia-advierte-experto-de-la-oms\/\" \/>\n<meta property=\"og:site_name\" content=\"Fuentes Fidedignas\" \/>\n<meta property=\"article:publisher\" content=\"https:\/\/www.facebook.com\/Fuentes-Fidedignas-368234489921644\" \/>\n<meta property=\"article:published_time\" content=\"2022-07-19T16:06:28+00:00\" \/>\n<meta property=\"article:modified_time\" content=\"2022-07-19T16:06:29+00:00\" \/>\n<meta property=\"og:image\" content=\"https:\/\/fuentesfidedignas.com.mx\/wp-content\/uploads\/2022\/07\/viruela-mono-.jpg\" \/>\n\t<meta property=\"og:image:width\" content=\"624\" \/>\n\t<meta property=\"og:image:height\" content=\"385\" \/>\n\t<meta property=\"og:image:type\" content=\"image\/jpeg\" \/>\n<meta name=\"author\" content=\"Noticieros Televisa\" \/>\n<meta name=\"twitter:card\" content=\"summary_large_image\" \/>\n<meta name=\"twitter:creator\" content=\"@fidedignas\" \/>\n<meta name=\"twitter:site\" content=\"@fidedignas\" \/>\n<meta name=\"twitter:label1\" content=\"Escrito por\" \/>\n\t<meta name=\"twitter:data1\" content=\"Noticieros Televisa\" \/>\n\t<meta name=\"twitter:label2\" content=\"Tiempo de lectura\" \/>\n\t<meta name=\"twitter:data2\" content=\"2 minutos\" \/>\n<script type=\"application\/ld+json\" class=\"yoast-schema-graph\">{\"@context\":\"https:\\\/\\\/schema.org\",\"@graph\":[{\"@type\":\"Article\",\"@id\":\"https:\\\/\\\/fuentesfidedignas.com.mx\\\/index.php\\\/2022\\\/07\\\/19\\\/viruela-del-mono-no-tarda-en-ser-declarada-pandemia-advierte-experto-de-la-oms\\\/#article\",\"isPartOf\":{\"@id\":\"https:\\\/\\\/fuentesfidedignas.com.mx\\\/index.php\\\/2022\\\/07\\\/19\\\/viruela-del-mono-no-tarda-en-ser-declarada-pandemia-advierte-experto-de-la-oms\\\/\"},\"author\":{\"name\":\"Noticieros Televisa\",\"@id\":\"https:\\\/\\\/fuentesfidedignas.com.mx\\\/#\\\/schema\\\/person\\\/f030e42657a5a464a8bbd891b1aab6ee\"},\"headline\":\"Viruela del mono no tarda en ser declarada pandemia, advierte experto de la OMS\",\"datePublished\":\"2022-07-19T16:06:28+00:00\",\"dateModified\":\"2022-07-19T16:06:29+00:00\",\"mainEntityOfPage\":{\"@id\":\"https:\\\/\\\/fuentesfidedignas.com.mx\\\/index.php\\\/2022\\\/07\\\/19\\\/viruela-del-mono-no-tarda-en-ser-declarada-pandemia-advierte-experto-de-la-oms\\\/\"},\"wordCount\":299,\"commentCount\":0,\"publisher\":{\"@id\":\"https:\\\/\\\/fuentesfidedignas.com.mx\\\/#organization\"},\"image\":{\"@id\":\"https:\\\/\\\/fuentesfidedignas.com.mx\\\/index.php\\\/2022\\\/07\\\/19\\\/viruela-del-mono-no-tarda-en-ser-declarada-pandemia-advierte-experto-de-la-oms\\\/#primaryimage\"},\"thumbnailUrl\":\"https:\\\/\\\/fuentesfidedignas.com.mx\\\/wp-content\\\/uploads\\\/2022\\\/07\\\/viruela-mono-.jpg\",\"keywords\":[\"Asombrosa\",\"Viral\"],\"articleSection\":[\"NOTICIAS NACIONALES\"],\"inLanguage\":\"es\",\"potentialAction\":[{\"@type\":\"CommentAction\",\"name\":\"Comment\",\"target\":[\"https:\\\/\\\/fuentesfidedignas.com.mx\\\/index.php\\\/2022\\\/07\\\/19\\\/viruela-del-mono-no-tarda-en-ser-declarada-pandemia-advierte-experto-de-la-oms\\\/#respond\"]}]},{\"@type\":\"WebPage\",\"@id\":\"https:\\\/\\\/fuentesfidedignas.com.mx\\\/index.php\\\/2022\\\/07\\\/19\\\/viruela-del-mono-no-tarda-en-ser-declarada-pandemia-advierte-experto-de-la-oms\\\/\",\"url\":\"https:\\\/\\\/fuentesfidedignas.com.mx\\\/index.php\\\/2022\\\/07\\\/19\\\/viruela-del-mono-no-tarda-en-ser-declarada-pandemia-advierte-experto-de-la-oms\\\/\",\"name\":\"Viruela del mono no tarda en ser declarada pandemia, advierte experto de la OMS - Fuentes Fidedignas\",\"isPartOf\":{\"@id\":\"https:\\\/\\\/fuentesfidedignas.com.mx\\\/#website\"},\"primaryImageOfPage\":{\"@id\":\"https:\\\/\\\/fuentesfidedignas.com.mx\\\/index.php\\\/2022\\\/07\\\/19\\\/viruela-del-mono-no-tarda-en-ser-declarada-pandemia-advierte-experto-de-la-oms\\\/#primaryimage\"},\"image\":{\"@id\":\"https:\\\/\\\/fuentesfidedignas.com.mx\\\/index.php\\\/2022\\\/07\\\/19\\\/viruela-del-mono-no-tarda-en-ser-declarada-pandemia-advierte-experto-de-la-oms\\\/#primaryimage\"},\"thumbnailUrl\":\"https:\\\/\\\/fuentesfidedignas.com.mx\\\/wp-content\\\/uploads\\\/2022\\\/07\\\/viruela-mono-.jpg\",\"datePublished\":\"2022-07-19T16:06:28+00:00\",\"dateModified\":\"2022-07-19T16:06:29+00:00\",\"breadcrumb\":{\"@id\":\"https:\\\/\\\/fuentesfidedignas.com.mx\\\/index.php\\\/2022\\\/07\\\/19\\\/viruela-del-mono-no-tarda-en-ser-declarada-pandemia-advierte-experto-de-la-oms\\\/#breadcrumb\"},\"inLanguage\":\"es\",\"potentialAction\":[{\"@type\":\"ReadAction\",\"target\":[\"https:\\\/\\\/fuentesfidedignas.com.mx\\\/index.php\\\/2022\\\/07\\\/19\\\/viruela-del-mono-no-tarda-en-ser-declarada-pandemia-advierte-experto-de-la-oms\\\/\"]}]},{\"@type\":\"ImageObject\",\"inLanguage\":\"es\",\"@id\":\"https:\\\/\\\/fuentesfidedignas.com.mx\\\/index.php\\\/2022\\\/07\\\/19\\\/viruela-del-mono-no-tarda-en-ser-declarada-pandemia-advierte-experto-de-la-oms\\\/#primaryimage\",\"url\":\"https:\\\/\\\/fuentesfidedignas.com.mx\\\/wp-content\\\/uploads\\\/2022\\\/07\\\/viruela-mono-.jpg\",\"contentUrl\":\"https:\\\/\\\/fuentesfidedignas.com.mx\\\/wp-content\\\/uploads\\\/2022\\\/07\\\/viruela-mono-.jpg\",\"width\":624,\"height\":385},{\"@type\":\"BreadcrumbList\",\"@id\":\"https:\\\/\\\/fuentesfidedignas.com.mx\\\/index.php\\\/2022\\\/07\\\/19\\\/viruela-del-mono-no-tarda-en-ser-declarada-pandemia-advierte-experto-de-la-oms\\\/#breadcrumb\",\"itemListElement\":[{\"@type\":\"ListItem\",\"position\":1,\"name\":\"Inicio\",\"item\":\"https:\\\/\\\/fuentesfidedignas.com.mx\\\/\"},{\"@type\":\"ListItem\",\"position\":2,\"name\":\"Viruela del mono no tarda en ser declarada pandemia, advierte experto de la OMS\"}]},{\"@type\":\"WebSite\",\"@id\":\"https:\\\/\\\/fuentesfidedignas.com.mx\\\/#website\",\"url\":\"https:\\\/\\\/fuentesfidedignas.com.mx\\\/\",\"name\":\"Fuentes Fidedignas\",\"description\":\"Otro sitio realizado con WordPress\",\"publisher\":{\"@id\":\"https:\\\/\\\/fuentesfidedignas.com.mx\\\/#organization\"},\"potentialAction\":[{\"@type\":\"SearchAction\",\"target\":{\"@type\":\"EntryPoint\",\"urlTemplate\":\"https:\\\/\\\/fuentesfidedignas.com.mx\\\/?s={search_term_string}\"},\"query-input\":{\"@type\":\"PropertyValueSpecification\",\"valueRequired\":true,\"valueName\":\"search_term_string\"}}],\"inLanguage\":\"es\"},{\"@type\":\"Organization\",\"@id\":\"https:\\\/\\\/fuentesfidedignas.com.mx\\\/#organization\",\"name\":\"Fuentes Fidedignas\",\"url\":\"https:\\\/\\\/fuentesfidedignas.com.mx\\\/\",\"logo\":{\"@type\":\"ImageObject\",\"inLanguage\":\"es\",\"@id\":\"https:\\\/\\\/fuentesfidedignas.com.mx\\\/#\\\/schema\\\/logo\\\/image\\\/\",\"url\":\"https:\\\/\\\/fuentesfidedignas.com.mx\\\/wp-content\\\/uploads\\\/2021\\\/04\\\/logo-retina.png\",\"contentUrl\":\"https:\\\/\\\/fuentesfidedignas.com.mx\\\/wp-content\\\/uploads\\\/2021\\\/04\\\/logo-retina.png\",\"width\":280,\"height\":51,\"caption\":\"Fuentes Fidedignas\"},\"image\":{\"@id\":\"https:\\\/\\\/fuentesfidedignas.com.mx\\\/#\\\/schema\\\/logo\\\/image\\\/\"},\"sameAs\":[\"https:\\\/\\\/www.facebook.com\\\/Fuentes-Fidedignas-368234489921644\",\"https:\\\/\\\/x.com\\\/fidedignas\"]},{\"@type\":\"Person\",\"@id\":\"https:\\\/\\\/fuentesfidedignas.com.mx\\\/#\\\/schema\\\/person\\\/f030e42657a5a464a8bbd891b1aab6ee\",\"name\":\"Noticieros Televisa\",\"image\":{\"@type\":\"ImageObject\",\"inLanguage\":\"es\",\"@id\":\"https:\\\/\\\/secure.gravatar.com\\\/avatar\\\/0e47b9e785a628831b8fd9eaf15e090e106760a879abbd4a3306f128ef5d43a9?s=96&d=mm&r=g\",\"url\":\"https:\\\/\\\/secure.gravatar.com\\\/avatar\\\/0e47b9e785a628831b8fd9eaf15e090e106760a879abbd4a3306f128ef5d43a9?s=96&d=mm&r=g\",\"contentUrl\":\"https:\\\/\\\/secure.gravatar.com\\\/avatar\\\/0e47b9e785a628831b8fd9eaf15e090e106760a879abbd4a3306f128ef5d43a9?s=96&d=mm&r=g\",\"caption\":\"Noticieros Televisa\"},\"url\":\"https:\\\/\\\/fuentesfidedignas.com.mx\\\/index.php\\\/author\\\/noticieros-televisa\\\/\"}]}<\/script>\n<!-- \/ Yoast SEO plugin. -->","yoast_head_json":{"title":"Viruela del mono no tarda en ser declarada pandemia, advierte experto de la OMS - Fuentes Fidedignas","robots":{"index":"index","follow":"follow","max-snippet":"max-snippet:-1","max-image-preview":"max-image-preview:large","max-video-preview":"max-video-preview:-1"},"canonical":"https:\/\/fuentesfidedignas.com.mx\/index.php\/2022\/07\/19\/viruela-del-mono-no-tarda-en-ser-declarada-pandemia-advierte-experto-de-la-oms\/","og_locale":"es_MX","og_type":"article","og_title":"Viruela del mono no tarda en ser declarada pandemia, advierte experto de la OMS - Fuentes Fidedignas","og_description":"Santiago Mas-Coma se\u00f1al\u00f3 que el virus ha mutado y se han incrementado los casos de la enfermedad El catedr\u00e1tico de Parasitolog\u00eda de la Universidad de La Laguna (ULL) y experto de la Organizaci\u00f3n Mundial de la Salud (OMS), Santiago Mas-Coma, se ha mostrado pesimista a corto plazo sobre el control de la viruela del mono [&hellip;]","og_url":"https:\/\/fuentesfidedignas.com.mx\/index.php\/2022\/07\/19\/viruela-del-mono-no-tarda-en-ser-declarada-pandemia-advierte-experto-de-la-oms\/","og_site_name":"Fuentes Fidedignas","article_publisher":"https:\/\/www.facebook.com\/Fuentes-Fidedignas-368234489921644","article_published_time":"2022-07-19T16:06:28+00:00","article_modified_time":"2022-07-19T16:06:29+00:00","og_image":[{"width":624,"height":385,"url":"https:\/\/fuentesfidedignas.com.mx\/wp-content\/uploads\/2022\/07\/viruela-mono-.jpg","type":"image\/jpeg"}],"author":"Noticieros Televisa","twitter_card":"summary_large_image","twitter_creator":"@fidedignas","twitter_site":"@fidedignas","twitter_misc":{"Escrito por":"Noticieros Televisa","Tiempo de lectura":"2 minutos"},"schema":{"@context":"https:\/\/schema.org","@graph":[{"@type":"Article","@id":"https:\/\/fuentesfidedignas.com.mx\/index.php\/2022\/07\/19\/viruela-del-mono-no-tarda-en-ser-declarada-pandemia-advierte-experto-de-la-oms\/#article","isPartOf":{"@id":"https:\/\/fuentesfidedignas.com.mx\/index.php\/2022\/07\/19\/viruela-del-mono-no-tarda-en-ser-declarada-pandemia-advierte-experto-de-la-oms\/"},"author":{"name":"Noticieros Televisa","@id":"https:\/\/fuentesfidedignas.com.mx\/#\/schema\/person\/f030e42657a5a464a8bbd891b1aab6ee"},"headline":"Viruela del mono no tarda en ser declarada pandemia, advierte experto de la OMS","datePublished":"2022-07-19T16:06:28+00:00","dateModified":"2022-07-19T16:06:29+00:00","mainEntityOfPage":{"@id":"https:\/\/fuentesfidedignas.com.mx\/index.php\/2022\/07\/19\/viruela-del-mono-no-tarda-en-ser-declarada-pandemia-advierte-experto-de-la-oms\/"},"wordCount":299,"commentCount":0,"publisher":{"@id":"https:\/\/fuentesfidedignas.com.mx\/#organization"},"image":{"@id":"https:\/\/fuentesfidedignas.com.mx\/index.php\/2022\/07\/19\/viruela-del-mono-no-tarda-en-ser-declarada-pandemia-advierte-experto-de-la-oms\/#primaryimage"},"thumbnailUrl":"https:\/\/fuentesfidedignas.com.mx\/wp-content\/uploads\/2022\/07\/viruela-mono-.jpg","keywords":["Asombrosa","Viral"],"articleSection":["NOTICIAS NACIONALES"],"inLanguage":"es","potentialAction":[{"@type":"CommentAction","name":"Comment","target":["https:\/\/fuentesfidedignas.com.mx\/index.php\/2022\/07\/19\/viruela-del-mono-no-tarda-en-ser-declarada-pandemia-advierte-experto-de-la-oms\/#respond"]}]},{"@type":"WebPage","@id":"https:\/\/fuentesfidedignas.com.mx\/index.php\/2022\/07\/19\/viruela-del-mono-no-tarda-en-ser-declarada-pandemia-advierte-experto-de-la-oms\/","url":"https:\/\/fuentesfidedignas.com.mx\/index.php\/2022\/07\/19\/viruela-del-mono-no-tarda-en-ser-declarada-pandemia-advierte-experto-de-la-oms\/","name":"Viruela del mono no tarda en ser declarada pandemia, advierte experto de la OMS - Fuentes Fidedignas","isPartOf":{"@id":"https:\/\/fuentesfidedignas.com.mx\/#website"},"primaryImageOfPage":{"@id":"https:\/\/fuentesfidedignas.com.mx\/index.php\/2022\/07\/19\/viruela-del-mono-no-tarda-en-ser-declarada-pandemia-advierte-experto-de-la-oms\/#primaryimage"},"image":{"@id":"https:\/\/fuentesfidedignas.com.mx\/index.php\/2022\/07\/19\/viruela-del-mono-no-tarda-en-ser-declarada-pandemia-advierte-experto-de-la-oms\/#primaryimage"},"thumbnailUrl":"https:\/\/fuentesfidedignas.com.mx\/wp-content\/uploads\/2022\/07\/viruela-mono-.jpg","datePublished":"2022-07-19T16:06:28+00:00","dateModified":"2022-07-19T16:06:29+00:00","breadcrumb":{"@id":"https:\/\/fuentesfidedignas.com.mx\/index.php\/2022\/07\/19\/viruela-del-mono-no-tarda-en-ser-declarada-pandemia-advierte-experto-de-la-oms\/#breadcrumb"},"inLanguage":"es","potentialAction":[{"@type":"ReadAction","target":["https:\/\/fuentesfidedignas.com.mx\/index.php\/2022\/07\/19\/viruela-del-mono-no-tarda-en-ser-declarada-pandemia-advierte-experto-de-la-oms\/"]}]},{"@type":"ImageObject","inLanguage":"es","@id":"https:\/\/fuentesfidedignas.com.mx\/index.php\/2022\/07\/19\/viruela-del-mono-no-tarda-en-ser-declarada-pandemia-advierte-experto-de-la-oms\/#primaryimage","url":"https:\/\/fuentesfidedignas.com.mx\/wp-content\/uploads\/2022\/07\/viruela-mono-.jpg","contentUrl":"https:\/\/fuentesfidedignas.com.mx\/wp-content\/uploads\/2022\/07\/viruela-mono-.jpg","width":624,"height":385},{"@type":"BreadcrumbList","@id":"https:\/\/fuentesfidedignas.com.mx\/index.php\/2022\/07\/19\/viruela-del-mono-no-tarda-en-ser-declarada-pandemia-advierte-experto-de-la-oms\/#breadcrumb","itemListElement":[{"@type":"ListItem","position":1,"name":"Inicio","item":"https:\/\/fuentesfidedignas.com.mx\/"},{"@type":"ListItem","position":2,"name":"Viruela del mono no tarda en ser declarada pandemia, advierte experto de la OMS"}]},{"@type":"WebSite","@id":"https:\/\/fuentesfidedignas.com.mx\/#website","url":"https:\/\/fuentesfidedignas.com.mx\/","name":"Fuentes Fidedignas","description":"Otro sitio realizado con WordPress","publisher":{"@id":"https:\/\/fuentesfidedignas.com.mx\/#organization"},"potentialAction":[{"@type":"SearchAction","target":{"@type":"EntryPoint","urlTemplate":"https:\/\/fuentesfidedignas.com.mx\/?s={search_term_string}"},"query-input":{"@type":"PropertyValueSpecification","valueRequired":true,"valueName":"search_term_string"}}],"inLanguage":"es"},{"@type":"Organization","@id":"https:\/\/fuentesfidedignas.com.mx\/#organization","name":"Fuentes Fidedignas","url":"https:\/\/fuentesfidedignas.com.mx\/","logo":{"@type":"ImageObject","inLanguage":"es","@id":"https:\/\/fuentesfidedignas.com.mx\/#\/schema\/logo\/image\/","url":"https:\/\/fuentesfidedignas.com.mx\/wp-content\/uploads\/2021\/04\/logo-retina.png","contentUrl":"https:\/\/fuentesfidedignas.com.mx\/wp-content\/uploads\/2021\/04\/logo-retina.png","width":280,"height":51,"caption":"Fuentes Fidedignas"},"image":{"@id":"https:\/\/fuentesfidedignas.com.mx\/#\/schema\/logo\/image\/"},"sameAs":["https:\/\/www.facebook.com\/Fuentes-Fidedignas-368234489921644","https:\/\/x.com\/fidedignas"]},{"@type":"Person","@id":"https:\/\/fuentesfidedignas.com.mx\/#\/schema\/person\/f030e42657a5a464a8bbd891b1aab6ee","name":"Noticieros Televisa","image":{"@type":"ImageObject","inLanguage":"es","@id":"https:\/\/secure.gravatar.com\/avatar\/0e47b9e785a628831b8fd9eaf15e090e106760a879abbd4a3306f128ef5d43a9?s=96&d=mm&r=g","url":"https:\/\/secure.gravatar.com\/avatar\/0e47b9e785a628831b8fd9eaf15e090e106760a879abbd4a3306f128ef5d43a9?s=96&d=mm&r=g","contentUrl":"https:\/\/secure.gravatar.com\/avatar\/0e47b9e785a628831b8fd9eaf15e090e106760a879abbd4a3306f128ef5d43a9?s=96&d=mm&r=g","caption":"Noticieros Televisa"},"url":"https:\/\/fuentesfidedignas.com.mx\/index.php\/author\/noticieros-televisa\/"}]}},"_links":{"self":[{"href":"https:\/\/fuentesfidedignas.com.mx\/index.php\/wp-json\/wp\/v2\/posts\/37831","targetHints":{"allow":["GET"]}}],"collection":[{"href":"https:\/\/fuentesfidedignas.com.mx\/index.php\/wp-json\/wp\/v2\/posts"}],"about":[{"href":"https:\/\/fuentesfidedignas.com.mx\/index.php\/wp-json\/wp\/v2\/types\/post"}],"author":[{"embeddable":true,"href":"https:\/\/fuentesfidedignas.com.mx\/index.php\/wp-json\/wp\/v2\/users\/46"}],"replies":[{"embeddable":true,"href":"https:\/\/fuentesfidedignas.com.mx\/index.php\/wp-json\/wp\/v2\/comments?post=37831"}],"version-history":[{"count":1,"href":"https:\/\/fuentesfidedignas.com.mx\/index.php\/wp-json\/wp\/v2\/posts\/37831\/revisions"}],"predecessor-version":[{"id":37833,"href":"https:\/\/fuentesfidedignas.com.mx\/index.php\/wp-json\/wp\/v2\/posts\/37831\/revisions\/37833"}],"wp:featuredmedia":[{"embeddable":true,"href":"https:\/\/fuentesfidedignas.com.mx\/index.php\/wp-json\/wp\/v2\/media\/37832"}],"wp:attachment":[{"href":"https:\/\/fuentesfidedignas.com.mx\/index.php\/wp-json\/wp\/v2\/media?parent=37831"}],"wp:term":[{"taxonomy":"category","embeddable":true,"href":"https:\/\/fuentesfidedignas.com.mx\/index.php\/wp-json\/wp\/v2\/categories?post=37831"},{"taxonomy":"post_tag","embeddable":true,"href":"https:\/\/fuentesfidedignas.com.mx\/index.php\/wp-json\/wp\/v2\/tags?post=37831"}],"curies":[{"name":"wp","href":"https:\/\/api.w.org\/{rel}","templated":true}]}}