{"id":37813,"date":"2022-07-19T09:22:15","date_gmt":"2022-07-19T15:22:15","guid":{"rendered":"https:\/\/fuentesfidedignas.com.mx\/?p=37813"},"modified":"2022-07-19T09:22:16","modified_gmt":"2022-07-19T15:22:16","slug":"hombres-armados-asesinan-a-tiros-a-mujer-mientras-bajaba-de-su-auto-en-culiacan","status":"publish","type":"post","link":"https:\/\/fuentesfidedignas.com.mx\/index.php\/2022\/07\/19\/hombres-armados-asesinan-a-tiros-a-mujer-mientras-bajaba-de-su-auto-en-culiacan\/","title":{"rendered":"Hombres armados asesinan a tiros a mujer mientras bajaba de su auto en Culiac\u00e1n"},"content":{"rendered":"\n<p><strong><em>Los cuerpos que auxilio lograron estabilizarla y trasladarla a uno de los hospitales m\u00e1s cercanos de la zona, donde minutos despu\u00e9s falleci\u00f3 a causa de las heridas<\/em><\/strong><\/p>\n\n\n\n<p>Culiac\u00e1n, Sinaloa.- La Fiscal\u00eda General del Estado investiga el asesinato a tiros, en el \u00e1rea de estacionamiento del Jard\u00edn Bot\u00e1nico, ubicado frente a Ciudad Universitaria, en la capital del estado, de Cynthia Rosal\u00eda \u201cN\u201d, de 39 a\u00f1os de edad.<\/p>\n\n\n\n<p>Seg\u00fan el reporte, dos hombres armados sorprendieron a su v\u00edctima cuando \u00e9sta hab\u00eda estacionado su veh\u00edculo en uno de los cajones del \u00e1rea; los sujetos se le acercaron y le dispararon en cinco ocasiones con armas cortas.<\/p>\n\n\n\n<p>El \u00e1rea de estacionamiento del Jard\u00edn Bot\u00e1nico que colinda con Ciudad Universitaria fue acordonada por peritos en Criminal\u00edstica de la Fiscal\u00eda General del Estado que llegaron al sitio para levantar las evidencias y testimonios sobre el ataque.<\/p>\n\n\n\n<p>Los datos que se conocen, establecen que Cynthia Rosal\u00eda \u201cN\u201d, vecina de uno de los fraccionamientos cercanos al Jard\u00edn Bot\u00e1nico, se dispon\u00eda a descender de su veh\u00edculo, cuando dos j\u00f3venes que circulaban en una motocicleta se le acercaron a corta distancia y le dispararon.<\/p>\n\n\n\n<p><strong>Van 16 feminicidios<\/strong><br>Con este nuevo hecho, suman 16 el n\u00famero de mujeres que han sido privadas de la vida en forma violenta durante este a\u00f1o, el caso anterior, tuvo sitio en una vivienda de la comunidad de la Higuerita, en el municipio de Choix, donde la se\u00f1ora Loreto \u201cN\u201d, de 72 a\u00f1os de edad fue asesinada a machetazos.<\/p>\n","protected":false},"excerpt":{"rendered":"<p>Los cuerpos que auxilio lograron estabilizarla y trasladarla a uno de los hospitales m\u00e1s cercanos de la zona, donde minutos despu\u00e9s falleci\u00f3 a causa de las heridas Culiac\u00e1n, Sinaloa.- La Fiscal\u00eda General del Estado investiga el asesinato a tiros, en el \u00e1rea de estacionamiento del Jard\u00edn Bot\u00e1nico, ubicado frente a Ciudad Universitaria, en la capital [&hellip;]<\/p>\n","protected":false},"author":39,"featured_media":32259,"comment_status":"open","ping_status":"open","sticky":false,"template":"","format":"standard","meta":{"tdm_status":"","tdm_grid_status":"","footnotes":""},"categories":[38],"tags":[120,1681,115],"class_list":{"0":"post-37813","1":"post","2":"type-post","3":"status-publish","4":"format-standard","5":"has-post-thumbnail","7":"category-noticias-locales","8":"tag-culiacan","9":"tag-mujer","10":"tag-violencia"},"yoast_head":"<!-- This site is optimized with the Yoast SEO plugin v27.4 - https:\/\/yoast.com\/product\/yoast-seo-wordpress\/ -->\n<title>Hombres armados asesinan a tiros a mujer mientras bajaba de su auto en Culiac\u00e1n - Fuentes Fidedignas<\/title>\n<meta name=\"robots\" content=\"index, follow, max-snippet:-1, max-image-preview:large, max-video-preview:-1\" \/>\n<link rel=\"canonical\" href=\"https:\/\/fuentesfidedignas.com.mx\/index.php\/2022\/07\/19\/hombres-armados-asesinan-a-tiros-a-mujer-mientras-bajaba-de-su-auto-en-culiacan\/\" \/>\n<meta property=\"og:locale\" content=\"es_MX\" \/>\n<meta property=\"og:type\" content=\"article\" \/>\n<meta property=\"og:title\" content=\"Hombres armados asesinan a tiros a mujer mientras bajaba de su auto en Culiac\u00e1n - Fuentes Fidedignas\" \/>\n<meta property=\"og:description\" content=\"Los cuerpos que auxilio lograron estabilizarla y trasladarla a uno de los hospitales m\u00e1s cercanos de la zona, donde minutos despu\u00e9s falleci\u00f3 a causa de las heridas Culiac\u00e1n, Sinaloa.- La Fiscal\u00eda General del Estado investiga el asesinato a tiros, en el \u00e1rea de estacionamiento del Jard\u00edn Bot\u00e1nico, ubicado frente a Ciudad Universitaria, en la capital [&hellip;]\" \/>\n<meta property=\"og:url\" content=\"https:\/\/fuentesfidedignas.com.mx\/index.php\/2022\/07\/19\/hombres-armados-asesinan-a-tiros-a-mujer-mientras-bajaba-de-su-auto-en-culiacan\/\" \/>\n<meta property=\"og:site_name\" content=\"Fuentes Fidedignas\" \/>\n<meta property=\"article:publisher\" content=\"https:\/\/www.facebook.com\/Fuentes-Fidedignas-368234489921644\" \/>\n<meta property=\"article:published_time\" content=\"2022-07-19T15:22:15+00:00\" \/>\n<meta property=\"article:modified_time\" content=\"2022-07-19T15:22:16+00:00\" \/>\n<meta property=\"og:image\" content=\"https:\/\/fuentesfidedignas.com.mx\/wp-content\/uploads\/2022\/05\/POLICIA_BANDA.jpg\" \/>\n\t<meta property=\"og:image:width\" content=\"1333\" \/>\n\t<meta property=\"og:image:height\" content=\"811\" \/>\n\t<meta property=\"og:image:type\" content=\"image\/jpeg\" \/>\n<meta name=\"author\" content=\"El Universal\" \/>\n<meta name=\"twitter:card\" content=\"summary_large_image\" \/>\n<meta name=\"twitter:creator\" content=\"@fidedignas\" \/>\n<meta name=\"twitter:site\" content=\"@fidedignas\" \/>\n<meta name=\"twitter:label1\" content=\"Escrito por\" \/>\n\t<meta name=\"twitter:data1\" content=\"El Universal\" \/>\n\t<meta name=\"twitter:label2\" content=\"Tiempo de lectura\" \/>\n\t<meta name=\"twitter:data2\" content=\"2 minutos\" \/>\n<script type=\"application\/ld+json\" class=\"yoast-schema-graph\">{\"@context\":\"https:\\\/\\\/schema.org\",\"@graph\":[{\"@type\":\"Article\",\"@id\":\"https:\\\/\\\/fuentesfidedignas.com.mx\\\/index.php\\\/2022\\\/07\\\/19\\\/hombres-armados-asesinan-a-tiros-a-mujer-mientras-bajaba-de-su-auto-en-culiacan\\\/#article\",\"isPartOf\":{\"@id\":\"https:\\\/\\\/fuentesfidedignas.com.mx\\\/index.php\\\/2022\\\/07\\\/19\\\/hombres-armados-asesinan-a-tiros-a-mujer-mientras-bajaba-de-su-auto-en-culiacan\\\/\"},\"author\":{\"name\":\"El Universal\",\"@id\":\"https:\\\/\\\/fuentesfidedignas.com.mx\\\/#\\\/schema\\\/person\\\/fee3882e65fd0510d292c43a346d35d7\"},\"headline\":\"Hombres armados asesinan a tiros a mujer mientras bajaba de su auto en Culiac\u00e1n\",\"datePublished\":\"2022-07-19T15:22:15+00:00\",\"dateModified\":\"2022-07-19T15:22:16+00:00\",\"mainEntityOfPage\":{\"@id\":\"https:\\\/\\\/fuentesfidedignas.com.mx\\\/index.php\\\/2022\\\/07\\\/19\\\/hombres-armados-asesinan-a-tiros-a-mujer-mientras-bajaba-de-su-auto-en-culiacan\\\/\"},\"wordCount\":281,\"commentCount\":0,\"publisher\":{\"@id\":\"https:\\\/\\\/fuentesfidedignas.com.mx\\\/#organization\"},\"image\":{\"@id\":\"https:\\\/\\\/fuentesfidedignas.com.mx\\\/index.php\\\/2022\\\/07\\\/19\\\/hombres-armados-asesinan-a-tiros-a-mujer-mientras-bajaba-de-su-auto-en-culiacan\\\/#primaryimage\"},\"thumbnailUrl\":\"https:\\\/\\\/fuentesfidedignas.com.mx\\\/wp-content\\\/uploads\\\/2022\\\/05\\\/POLICIA_BANDA.jpg\",\"keywords\":[\"Culiac\u00e1n\",\"Mujer\",\"violencia\"],\"articleSection\":[\"NOTICIAS LOCALES\"],\"inLanguage\":\"es\",\"potentialAction\":[{\"@type\":\"CommentAction\",\"name\":\"Comment\",\"target\":[\"https:\\\/\\\/fuentesfidedignas.com.mx\\\/index.php\\\/2022\\\/07\\\/19\\\/hombres-armados-asesinan-a-tiros-a-mujer-mientras-bajaba-de-su-auto-en-culiacan\\\/#respond\"]}]},{\"@type\":\"WebPage\",\"@id\":\"https:\\\/\\\/fuentesfidedignas.com.mx\\\/index.php\\\/2022\\\/07\\\/19\\\/hombres-armados-asesinan-a-tiros-a-mujer-mientras-bajaba-de-su-auto-en-culiacan\\\/\",\"url\":\"https:\\\/\\\/fuentesfidedignas.com.mx\\\/index.php\\\/2022\\\/07\\\/19\\\/hombres-armados-asesinan-a-tiros-a-mujer-mientras-bajaba-de-su-auto-en-culiacan\\\/\",\"name\":\"Hombres armados asesinan a tiros a mujer mientras bajaba de su auto en Culiac\u00e1n - Fuentes Fidedignas\",\"isPartOf\":{\"@id\":\"https:\\\/\\\/fuentesfidedignas.com.mx\\\/#website\"},\"primaryImageOfPage\":{\"@id\":\"https:\\\/\\\/fuentesfidedignas.com.mx\\\/index.php\\\/2022\\\/07\\\/19\\\/hombres-armados-asesinan-a-tiros-a-mujer-mientras-bajaba-de-su-auto-en-culiacan\\\/#primaryimage\"},\"image\":{\"@id\":\"https:\\\/\\\/fuentesfidedignas.com.mx\\\/index.php\\\/2022\\\/07\\\/19\\\/hombres-armados-asesinan-a-tiros-a-mujer-mientras-bajaba-de-su-auto-en-culiacan\\\/#primaryimage\"},\"thumbnailUrl\":\"https:\\\/\\\/fuentesfidedignas.com.mx\\\/wp-content\\\/uploads\\\/2022\\\/05\\\/POLICIA_BANDA.jpg\",\"datePublished\":\"2022-07-19T15:22:15+00:00\",\"dateModified\":\"2022-07-19T15:22:16+00:00\",\"breadcrumb\":{\"@id\":\"https:\\\/\\\/fuentesfidedignas.com.mx\\\/index.php\\\/2022\\\/07\\\/19\\\/hombres-armados-asesinan-a-tiros-a-mujer-mientras-bajaba-de-su-auto-en-culiacan\\\/#breadcrumb\"},\"inLanguage\":\"es\",\"potentialAction\":[{\"@type\":\"ReadAction\",\"target\":[\"https:\\\/\\\/fuentesfidedignas.com.mx\\\/index.php\\\/2022\\\/07\\\/19\\\/hombres-armados-asesinan-a-tiros-a-mujer-mientras-bajaba-de-su-auto-en-culiacan\\\/\"]}]},{\"@type\":\"ImageObject\",\"inLanguage\":\"es\",\"@id\":\"https:\\\/\\\/fuentesfidedignas.com.mx\\\/index.php\\\/2022\\\/07\\\/19\\\/hombres-armados-asesinan-a-tiros-a-mujer-mientras-bajaba-de-su-auto-en-culiacan\\\/#primaryimage\",\"url\":\"https:\\\/\\\/fuentesfidedignas.com.mx\\\/wp-content\\\/uploads\\\/2022\\\/05\\\/POLICIA_BANDA.jpg\",\"contentUrl\":\"https:\\\/\\\/fuentesfidedignas.com.mx\\\/wp-content\\\/uploads\\\/2022\\\/05\\\/POLICIA_BANDA.jpg\",\"width\":1333,\"height\":811},{\"@type\":\"BreadcrumbList\",\"@id\":\"https:\\\/\\\/fuentesfidedignas.com.mx\\\/index.php\\\/2022\\\/07\\\/19\\\/hombres-armados-asesinan-a-tiros-a-mujer-mientras-bajaba-de-su-auto-en-culiacan\\\/#breadcrumb\",\"itemListElement\":[{\"@type\":\"ListItem\",\"position\":1,\"name\":\"Inicio\",\"item\":\"https:\\\/\\\/fuentesfidedignas.com.mx\\\/\"},{\"@type\":\"ListItem\",\"position\":2,\"name\":\"Hombres armados asesinan a tiros a mujer mientras bajaba de su auto en Culiac\u00e1n\"}]},{\"@type\":\"WebSite\",\"@id\":\"https:\\\/\\\/fuentesfidedignas.com.mx\\\/#website\",\"url\":\"https:\\\/\\\/fuentesfidedignas.com.mx\\\/\",\"name\":\"Fuentes Fidedignas\",\"description\":\"Otro sitio realizado con WordPress\",\"publisher\":{\"@id\":\"https:\\\/\\\/fuentesfidedignas.com.mx\\\/#organization\"},\"potentialAction\":[{\"@type\":\"SearchAction\",\"target\":{\"@type\":\"EntryPoint\",\"urlTemplate\":\"https:\\\/\\\/fuentesfidedignas.com.mx\\\/?s={search_term_string}\"},\"query-input\":{\"@type\":\"PropertyValueSpecification\",\"valueRequired\":true,\"valueName\":\"search_term_string\"}}],\"inLanguage\":\"es\"},{\"@type\":\"Organization\",\"@id\":\"https:\\\/\\\/fuentesfidedignas.com.mx\\\/#organization\",\"name\":\"Fuentes Fidedignas\",\"url\":\"https:\\\/\\\/fuentesfidedignas.com.mx\\\/\",\"logo\":{\"@type\":\"ImageObject\",\"inLanguage\":\"es\",\"@id\":\"https:\\\/\\\/fuentesfidedignas.com.mx\\\/#\\\/schema\\\/logo\\\/image\\\/\",\"url\":\"https:\\\/\\\/fuentesfidedignas.com.mx\\\/wp-content\\\/uploads\\\/2021\\\/04\\\/logo-retina.png\",\"contentUrl\":\"https:\\\/\\\/fuentesfidedignas.com.mx\\\/wp-content\\\/uploads\\\/2021\\\/04\\\/logo-retina.png\",\"width\":280,\"height\":51,\"caption\":\"Fuentes Fidedignas\"},\"image\":{\"@id\":\"https:\\\/\\\/fuentesfidedignas.com.mx\\\/#\\\/schema\\\/logo\\\/image\\\/\"},\"sameAs\":[\"https:\\\/\\\/www.facebook.com\\\/Fuentes-Fidedignas-368234489921644\",\"https:\\\/\\\/x.com\\\/fidedignas\"]},{\"@type\":\"Person\",\"@id\":\"https:\\\/\\\/fuentesfidedignas.com.mx\\\/#\\\/schema\\\/person\\\/fee3882e65fd0510d292c43a346d35d7\",\"name\":\"El Universal\",\"image\":{\"@type\":\"ImageObject\",\"inLanguage\":\"es\",\"@id\":\"https:\\\/\\\/secure.gravatar.com\\\/avatar\\\/1ebc94d82b6c3c081781f73e5b76a0d0c1ac7bf8e57426f18802246eeaa2747c?s=96&d=mm&r=g\",\"url\":\"https:\\\/\\\/secure.gravatar.com\\\/avatar\\\/1ebc94d82b6c3c081781f73e5b76a0d0c1ac7bf8e57426f18802246eeaa2747c?s=96&d=mm&r=g\",\"contentUrl\":\"https:\\\/\\\/secure.gravatar.com\\\/avatar\\\/1ebc94d82b6c3c081781f73e5b76a0d0c1ac7bf8e57426f18802246eeaa2747c?s=96&d=mm&r=g\",\"caption\":\"El Universal\"},\"url\":\"https:\\\/\\\/fuentesfidedignas.com.mx\\\/index.php\\\/author\\\/el-universal\\\/\"}]}<\/script>\n<!-- \/ Yoast SEO plugin. -->","yoast_head_json":{"title":"Hombres armados asesinan a tiros a mujer mientras bajaba de su auto en Culiac\u00e1n - Fuentes Fidedignas","robots":{"index":"index","follow":"follow","max-snippet":"max-snippet:-1","max-image-preview":"max-image-preview:large","max-video-preview":"max-video-preview:-1"},"canonical":"https:\/\/fuentesfidedignas.com.mx\/index.php\/2022\/07\/19\/hombres-armados-asesinan-a-tiros-a-mujer-mientras-bajaba-de-su-auto-en-culiacan\/","og_locale":"es_MX","og_type":"article","og_title":"Hombres armados asesinan a tiros a mujer mientras bajaba de su auto en Culiac\u00e1n - Fuentes Fidedignas","og_description":"Los cuerpos que auxilio lograron estabilizarla y trasladarla a uno de los hospitales m\u00e1s cercanos de la zona, donde minutos despu\u00e9s falleci\u00f3 a causa de las heridas Culiac\u00e1n, Sinaloa.- La Fiscal\u00eda General del Estado investiga el asesinato a tiros, en el \u00e1rea de estacionamiento del Jard\u00edn Bot\u00e1nico, ubicado frente a Ciudad Universitaria, en la capital [&hellip;]","og_url":"https:\/\/fuentesfidedignas.com.mx\/index.php\/2022\/07\/19\/hombres-armados-asesinan-a-tiros-a-mujer-mientras-bajaba-de-su-auto-en-culiacan\/","og_site_name":"Fuentes Fidedignas","article_publisher":"https:\/\/www.facebook.com\/Fuentes-Fidedignas-368234489921644","article_published_time":"2022-07-19T15:22:15+00:00","article_modified_time":"2022-07-19T15:22:16+00:00","og_image":[{"width":1333,"height":811,"url":"https:\/\/fuentesfidedignas.com.mx\/wp-content\/uploads\/2022\/05\/POLICIA_BANDA.jpg","type":"image\/jpeg"}],"author":"El Universal","twitter_card":"summary_large_image","twitter_creator":"@fidedignas","twitter_site":"@fidedignas","twitter_misc":{"Escrito por":"El Universal","Tiempo de lectura":"2 minutos"},"schema":{"@context":"https:\/\/schema.org","@graph":[{"@type":"Article","@id":"https:\/\/fuentesfidedignas.com.mx\/index.php\/2022\/07\/19\/hombres-armados-asesinan-a-tiros-a-mujer-mientras-bajaba-de-su-auto-en-culiacan\/#article","isPartOf":{"@id":"https:\/\/fuentesfidedignas.com.mx\/index.php\/2022\/07\/19\/hombres-armados-asesinan-a-tiros-a-mujer-mientras-bajaba-de-su-auto-en-culiacan\/"},"author":{"name":"El Universal","@id":"https:\/\/fuentesfidedignas.com.mx\/#\/schema\/person\/fee3882e65fd0510d292c43a346d35d7"},"headline":"Hombres armados asesinan a tiros a mujer mientras bajaba de su auto en Culiac\u00e1n","datePublished":"2022-07-19T15:22:15+00:00","dateModified":"2022-07-19T15:22:16+00:00","mainEntityOfPage":{"@id":"https:\/\/fuentesfidedignas.com.mx\/index.php\/2022\/07\/19\/hombres-armados-asesinan-a-tiros-a-mujer-mientras-bajaba-de-su-auto-en-culiacan\/"},"wordCount":281,"commentCount":0,"publisher":{"@id":"https:\/\/fuentesfidedignas.com.mx\/#organization"},"image":{"@id":"https:\/\/fuentesfidedignas.com.mx\/index.php\/2022\/07\/19\/hombres-armados-asesinan-a-tiros-a-mujer-mientras-bajaba-de-su-auto-en-culiacan\/#primaryimage"},"thumbnailUrl":"https:\/\/fuentesfidedignas.com.mx\/wp-content\/uploads\/2022\/05\/POLICIA_BANDA.jpg","keywords":["Culiac\u00e1n","Mujer","violencia"],"articleSection":["NOTICIAS LOCALES"],"inLanguage":"es","potentialAction":[{"@type":"CommentAction","name":"Comment","target":["https:\/\/fuentesfidedignas.com.mx\/index.php\/2022\/07\/19\/hombres-armados-asesinan-a-tiros-a-mujer-mientras-bajaba-de-su-auto-en-culiacan\/#respond"]}]},{"@type":"WebPage","@id":"https:\/\/fuentesfidedignas.com.mx\/index.php\/2022\/07\/19\/hombres-armados-asesinan-a-tiros-a-mujer-mientras-bajaba-de-su-auto-en-culiacan\/","url":"https:\/\/fuentesfidedignas.com.mx\/index.php\/2022\/07\/19\/hombres-armados-asesinan-a-tiros-a-mujer-mientras-bajaba-de-su-auto-en-culiacan\/","name":"Hombres armados asesinan a tiros a mujer mientras bajaba de su auto en Culiac\u00e1n - Fuentes Fidedignas","isPartOf":{"@id":"https:\/\/fuentesfidedignas.com.mx\/#website"},"primaryImageOfPage":{"@id":"https:\/\/fuentesfidedignas.com.mx\/index.php\/2022\/07\/19\/hombres-armados-asesinan-a-tiros-a-mujer-mientras-bajaba-de-su-auto-en-culiacan\/#primaryimage"},"image":{"@id":"https:\/\/fuentesfidedignas.com.mx\/index.php\/2022\/07\/19\/hombres-armados-asesinan-a-tiros-a-mujer-mientras-bajaba-de-su-auto-en-culiacan\/#primaryimage"},"thumbnailUrl":"https:\/\/fuentesfidedignas.com.mx\/wp-content\/uploads\/2022\/05\/POLICIA_BANDA.jpg","datePublished":"2022-07-19T15:22:15+00:00","dateModified":"2022-07-19T15:22:16+00:00","breadcrumb":{"@id":"https:\/\/fuentesfidedignas.com.mx\/index.php\/2022\/07\/19\/hombres-armados-asesinan-a-tiros-a-mujer-mientras-bajaba-de-su-auto-en-culiacan\/#breadcrumb"},"inLanguage":"es","potentialAction":[{"@type":"ReadAction","target":["https:\/\/fuentesfidedignas.com.mx\/index.php\/2022\/07\/19\/hombres-armados-asesinan-a-tiros-a-mujer-mientras-bajaba-de-su-auto-en-culiacan\/"]}]},{"@type":"ImageObject","inLanguage":"es","@id":"https:\/\/fuentesfidedignas.com.mx\/index.php\/2022\/07\/19\/hombres-armados-asesinan-a-tiros-a-mujer-mientras-bajaba-de-su-auto-en-culiacan\/#primaryimage","url":"https:\/\/fuentesfidedignas.com.mx\/wp-content\/uploads\/2022\/05\/POLICIA_BANDA.jpg","contentUrl":"https:\/\/fuentesfidedignas.com.mx\/wp-content\/uploads\/2022\/05\/POLICIA_BANDA.jpg","width":1333,"height":811},{"@type":"BreadcrumbList","@id":"https:\/\/fuentesfidedignas.com.mx\/index.php\/2022\/07\/19\/hombres-armados-asesinan-a-tiros-a-mujer-mientras-bajaba-de-su-auto-en-culiacan\/#breadcrumb","itemListElement":[{"@type":"ListItem","position":1,"name":"Inicio","item":"https:\/\/fuentesfidedignas.com.mx\/"},{"@type":"ListItem","position":2,"name":"Hombres armados asesinan a tiros a mujer mientras bajaba de su auto en Culiac\u00e1n"}]},{"@type":"WebSite","@id":"https:\/\/fuentesfidedignas.com.mx\/#website","url":"https:\/\/fuentesfidedignas.com.mx\/","name":"Fuentes Fidedignas","description":"Otro sitio realizado con WordPress","publisher":{"@id":"https:\/\/fuentesfidedignas.com.mx\/#organization"},"potentialAction":[{"@type":"SearchAction","target":{"@type":"EntryPoint","urlTemplate":"https:\/\/fuentesfidedignas.com.mx\/?s={search_term_string}"},"query-input":{"@type":"PropertyValueSpecification","valueRequired":true,"valueName":"search_term_string"}}],"inLanguage":"es"},{"@type":"Organization","@id":"https:\/\/fuentesfidedignas.com.mx\/#organization","name":"Fuentes Fidedignas","url":"https:\/\/fuentesfidedignas.com.mx\/","logo":{"@type":"ImageObject","inLanguage":"es","@id":"https:\/\/fuentesfidedignas.com.mx\/#\/schema\/logo\/image\/","url":"https:\/\/fuentesfidedignas.com.mx\/wp-content\/uploads\/2021\/04\/logo-retina.png","contentUrl":"https:\/\/fuentesfidedignas.com.mx\/wp-content\/uploads\/2021\/04\/logo-retina.png","width":280,"height":51,"caption":"Fuentes Fidedignas"},"image":{"@id":"https:\/\/fuentesfidedignas.com.mx\/#\/schema\/logo\/image\/"},"sameAs":["https:\/\/www.facebook.com\/Fuentes-Fidedignas-368234489921644","https:\/\/x.com\/fidedignas"]},{"@type":"Person","@id":"https:\/\/fuentesfidedignas.com.mx\/#\/schema\/person\/fee3882e65fd0510d292c43a346d35d7","name":"El Universal","image":{"@type":"ImageObject","inLanguage":"es","@id":"https:\/\/secure.gravatar.com\/avatar\/1ebc94d82b6c3c081781f73e5b76a0d0c1ac7bf8e57426f18802246eeaa2747c?s=96&d=mm&r=g","url":"https:\/\/secure.gravatar.com\/avatar\/1ebc94d82b6c3c081781f73e5b76a0d0c1ac7bf8e57426f18802246eeaa2747c?s=96&d=mm&r=g","contentUrl":"https:\/\/secure.gravatar.com\/avatar\/1ebc94d82b6c3c081781f73e5b76a0d0c1ac7bf8e57426f18802246eeaa2747c?s=96&d=mm&r=g","caption":"El Universal"},"url":"https:\/\/fuentesfidedignas.com.mx\/index.php\/author\/el-universal\/"}]}},"_links":{"self":[{"href":"https:\/\/fuentesfidedignas.com.mx\/index.php\/wp-json\/wp\/v2\/posts\/37813","targetHints":{"allow":["GET"]}}],"collection":[{"href":"https:\/\/fuentesfidedignas.com.mx\/index.php\/wp-json\/wp\/v2\/posts"}],"about":[{"href":"https:\/\/fuentesfidedignas.com.mx\/index.php\/wp-json\/wp\/v2\/types\/post"}],"author":[{"embeddable":true,"href":"https:\/\/fuentesfidedignas.com.mx\/index.php\/wp-json\/wp\/v2\/users\/39"}],"replies":[{"embeddable":true,"href":"https:\/\/fuentesfidedignas.com.mx\/index.php\/wp-json\/wp\/v2\/comments?post=37813"}],"version-history":[{"count":1,"href":"https:\/\/fuentesfidedignas.com.mx\/index.php\/wp-json\/wp\/v2\/posts\/37813\/revisions"}],"predecessor-version":[{"id":37814,"href":"https:\/\/fuentesfidedignas.com.mx\/index.php\/wp-json\/wp\/v2\/posts\/37813\/revisions\/37814"}],"wp:featuredmedia":[{"embeddable":true,"href":"https:\/\/fuentesfidedignas.com.mx\/index.php\/wp-json\/wp\/v2\/media\/32259"}],"wp:attachment":[{"href":"https:\/\/fuentesfidedignas.com.mx\/index.php\/wp-json\/wp\/v2\/media?parent=37813"}],"wp:term":[{"taxonomy":"category","embeddable":true,"href":"https:\/\/fuentesfidedignas.com.mx\/index.php\/wp-json\/wp\/v2\/categories?post=37813"},{"taxonomy":"post_tag","embeddable":true,"href":"https:\/\/fuentesfidedignas.com.mx\/index.php\/wp-json\/wp\/v2\/tags?post=37813"}],"curies":[{"name":"wp","href":"https:\/\/api.w.org\/{rel}","templated":true}]}}