{"id":37616,"date":"2022-07-16T11:46:14","date_gmt":"2022-07-16T17:46:14","guid":{"rendered":"https:\/\/fuentesfidedignas.com.mx\/?p=37616"},"modified":"2022-07-16T11:46:27","modified_gmt":"2022-07-16T17:46:27","slug":"ivana-trump-habria-muerto-tras-caer-accidentalmente-por-las-escaleras","status":"publish","type":"post","link":"https:\/\/fuentesfidedignas.com.mx\/index.php\/2022\/07\/16\/ivana-trump-habria-muerto-tras-caer-accidentalmente-por-las-escaleras\/","title":{"rendered":"Ivana Trump habr\u00eda muerto tras caer accidentalmente por las escaleras"},"content":{"rendered":"\n<p><strong><em>La exesposa de Donald Trump habr\u00eda muerto al precipitarse accidentalmente por las escaleras de su casa en Nueva York<\/em><\/strong><\/p>\n\n\n\n<p>Estados Unidos. La exmodelo y empresaria checoslovaca <strong>Ivana Trump<\/strong> habr\u00eda muerto al precipitarse accidentalmente por las escaleras de su casa en <strong>Nueva York<\/strong>, seg\u00fan ha detallado el an\u00e1lisis forense compartido este viernes por la Polic\u00eda neoyorkina. <\/p>\n\n\n\n<p>Trump, de 73 a\u00f1os, habr\u00eda muerto en un accidente por las lesiones \u201c<em>contundentes<\/em>\u201d que habr\u00eda recibido en el torso tras el impacto de caer por las escaleras de caracol de su vivienda, lugar donde la Polic\u00eda de Nueva York la encontr\u00f3 m\u00e1s tarde muerta, seg\u00fan ha recogido la cadena NBC.<\/p>\n\n\n\n<p>La oficina del m\u00e9dico forense que se encarga de la investigaci\u00f3n ha detallado al diario estadounidense \u2018The Hill\u2019 que no har\u00e1 m\u00e1s comentarios sobre el caso m\u00e1s all\u00e1 de revelar la causa y la forma de la muerte.<\/p>\n\n\n\n<p>El Departamento de Polic\u00eda de Nueva York hab\u00eda dicho el jueves que \u201c<em>no parec\u00eda haber ning\u00fan delito<\/em>\u201d relacionado con su muerte. Asimismo, seg\u00fan un comunicado, la Polic\u00eda recibi\u00f3 una llamada alertando sobre que un individuo hab\u00eda sufrido un paro card\u00edaco a la hora y lugar a la que parec\u00eda haber muerto Trump, seg\u00fan la CNN.<\/p>\n\n\n\n<p>\u201c<em>Me entristece mucho informarles a todos los que la amaban, que son muchos, que Ivana Trump falleci\u00f3 en su casa en la ciudad de Nueva York. Fue una mujer maravillosa, hermosa e incre\u00edble, que tuvo un gran e inspiradora vida<\/em>\u201d, public\u00f3 el exmandatario estadounidense y exposo de Ivana Trump, Donald Trump.<\/p>\n\n\n\n<p>Eric Trump, uno de sus tres hijos -junto con Donald Trump Jr. e Ivanka-, tambi\u00e9n public\u00f3 un mensaje con fotograf\u00edas en Instagram en el que aseguraban que su madre era \u201cuna mujer incre\u00edble\u201d y una \u201csuperviviente\u201d. \u201cHuy\u00f3 del comunismo y acogi\u00f3 a este pa\u00eds\u201d, dijo.<\/p>\n\n\n\n<p>La exmodelo, que naci\u00f3 en <strong>Checoslovaquia<\/strong>, se cas\u00f3 con el entonces empresario Donald Trump en 1977 y ocup\u00f3 puestos clave en su empresa, la Organizaci\u00f3n Trump, durante un matrimonio que dur\u00f3 15 a\u00f1os, tal y como ha recogido la cadena NBC News.<\/p>\n","protected":false},"excerpt":{"rendered":"<p>La exesposa de Donald Trump habr\u00eda muerto al precipitarse accidentalmente por las escaleras de su casa en Nueva York Estados Unidos. La exmodelo y empresaria checoslovaca Ivana Trump habr\u00eda muerto al precipitarse accidentalmente por las escaleras de su casa en Nueva York, seg\u00fan ha detallado el an\u00e1lisis forense compartido este viernes por la Polic\u00eda neoyorkina. [&hellip;]<\/p>\n","protected":false},"author":46,"featured_media":37618,"comment_status":"open","ping_status":"open","sticky":false,"template":"","format":"standard","meta":{"tdm_status":"","tdm_grid_status":"","footnotes":""},"categories":[39],"tags":[],"class_list":{"0":"post-37616","1":"post","2":"type-post","3":"status-publish","4":"format-standard","5":"has-post-thumbnail","7":"category-noticias-nacionales"},"yoast_head":"<!-- This site is optimized with the Yoast SEO plugin v27.5 - https:\/\/yoast.com\/product\/yoast-seo-wordpress\/ -->\n<title>Ivana Trump habr\u00eda muerto tras caer accidentalmente por las escaleras - Fuentes Fidedignas<\/title>\n<meta name=\"robots\" content=\"index, follow, max-snippet:-1, max-image-preview:large, max-video-preview:-1\" \/>\n<link rel=\"canonical\" href=\"https:\/\/fuentesfidedignas.com.mx\/index.php\/2022\/07\/16\/ivana-trump-habria-muerto-tras-caer-accidentalmente-por-las-escaleras\/\" \/>\n<meta property=\"og:locale\" content=\"es_MX\" \/>\n<meta property=\"og:type\" content=\"article\" \/>\n<meta property=\"og:title\" content=\"Ivana Trump habr\u00eda muerto tras caer accidentalmente por las escaleras - Fuentes Fidedignas\" \/>\n<meta property=\"og:description\" content=\"La exesposa de Donald Trump habr\u00eda muerto al precipitarse accidentalmente por las escaleras de su casa en Nueva York Estados Unidos. La exmodelo y empresaria checoslovaca Ivana Trump habr\u00eda muerto al precipitarse accidentalmente por las escaleras de su casa en Nueva York, seg\u00fan ha detallado el an\u00e1lisis forense compartido este viernes por la Polic\u00eda neoyorkina. [&hellip;]\" \/>\n<meta property=\"og:url\" content=\"https:\/\/fuentesfidedignas.com.mx\/index.php\/2022\/07\/16\/ivana-trump-habria-muerto-tras-caer-accidentalmente-por-las-escaleras\/\" \/>\n<meta property=\"og:site_name\" content=\"Fuentes Fidedignas\" \/>\n<meta property=\"article:publisher\" content=\"https:\/\/www.facebook.com\/Fuentes-Fidedignas-368234489921644\" \/>\n<meta property=\"article:published_time\" content=\"2022-07-16T17:46:14+00:00\" \/>\n<meta property=\"article:modified_time\" content=\"2022-07-16T17:46:27+00:00\" \/>\n<meta property=\"og:image\" content=\"https:\/\/fuentesfidedignas.com.mx\/wp-content\/uploads\/2022\/07\/ivana-trump.jpg\" \/>\n\t<meta property=\"og:image:width\" content=\"1280\" \/>\n\t<meta property=\"og:image:height\" content=\"720\" \/>\n\t<meta property=\"og:image:type\" content=\"image\/jpeg\" \/>\n<meta name=\"author\" content=\"Noticieros Televisa\" \/>\n<meta name=\"twitter:card\" content=\"summary_large_image\" \/>\n<meta name=\"twitter:creator\" content=\"@fidedignas\" \/>\n<meta name=\"twitter:site\" content=\"@fidedignas\" \/>\n<meta name=\"twitter:label1\" content=\"Escrito por\" \/>\n\t<meta name=\"twitter:data1\" content=\"Noticieros Televisa\" \/>\n\t<meta name=\"twitter:label2\" content=\"Tiempo de lectura\" \/>\n\t<meta name=\"twitter:data2\" content=\"2 minutos\" \/>\n<script type=\"application\/ld+json\" class=\"yoast-schema-graph\">{\"@context\":\"https:\\\/\\\/schema.org\",\"@graph\":[{\"@type\":\"Article\",\"@id\":\"https:\\\/\\\/fuentesfidedignas.com.mx\\\/index.php\\\/2022\\\/07\\\/16\\\/ivana-trump-habria-muerto-tras-caer-accidentalmente-por-las-escaleras\\\/#article\",\"isPartOf\":{\"@id\":\"https:\\\/\\\/fuentesfidedignas.com.mx\\\/index.php\\\/2022\\\/07\\\/16\\\/ivana-trump-habria-muerto-tras-caer-accidentalmente-por-las-escaleras\\\/\"},\"author\":{\"name\":\"Noticieros Televisa\",\"@id\":\"https:\\\/\\\/fuentesfidedignas.com.mx\\\/#\\\/schema\\\/person\\\/f030e42657a5a464a8bbd891b1aab6ee\"},\"headline\":\"Ivana Trump habr\u00eda muerto tras caer accidentalmente por las escaleras\",\"datePublished\":\"2022-07-16T17:46:14+00:00\",\"dateModified\":\"2022-07-16T17:46:27+00:00\",\"mainEntityOfPage\":{\"@id\":\"https:\\\/\\\/fuentesfidedignas.com.mx\\\/index.php\\\/2022\\\/07\\\/16\\\/ivana-trump-habria-muerto-tras-caer-accidentalmente-por-las-escaleras\\\/\"},\"wordCount\":376,\"commentCount\":0,\"publisher\":{\"@id\":\"https:\\\/\\\/fuentesfidedignas.com.mx\\\/#organization\"},\"image\":{\"@id\":\"https:\\\/\\\/fuentesfidedignas.com.mx\\\/index.php\\\/2022\\\/07\\\/16\\\/ivana-trump-habria-muerto-tras-caer-accidentalmente-por-las-escaleras\\\/#primaryimage\"},\"thumbnailUrl\":\"https:\\\/\\\/fuentesfidedignas.com.mx\\\/wp-content\\\/uploads\\\/2022\\\/07\\\/ivana-trump.jpg\",\"articleSection\":[\"NOTICIAS NACIONALES\"],\"inLanguage\":\"es\",\"potentialAction\":[{\"@type\":\"CommentAction\",\"name\":\"Comment\",\"target\":[\"https:\\\/\\\/fuentesfidedignas.com.mx\\\/index.php\\\/2022\\\/07\\\/16\\\/ivana-trump-habria-muerto-tras-caer-accidentalmente-por-las-escaleras\\\/#respond\"]}]},{\"@type\":\"WebPage\",\"@id\":\"https:\\\/\\\/fuentesfidedignas.com.mx\\\/index.php\\\/2022\\\/07\\\/16\\\/ivana-trump-habria-muerto-tras-caer-accidentalmente-por-las-escaleras\\\/\",\"url\":\"https:\\\/\\\/fuentesfidedignas.com.mx\\\/index.php\\\/2022\\\/07\\\/16\\\/ivana-trump-habria-muerto-tras-caer-accidentalmente-por-las-escaleras\\\/\",\"name\":\"Ivana Trump habr\u00eda muerto tras caer accidentalmente por las escaleras - Fuentes Fidedignas\",\"isPartOf\":{\"@id\":\"https:\\\/\\\/fuentesfidedignas.com.mx\\\/#website\"},\"primaryImageOfPage\":{\"@id\":\"https:\\\/\\\/fuentesfidedignas.com.mx\\\/index.php\\\/2022\\\/07\\\/16\\\/ivana-trump-habria-muerto-tras-caer-accidentalmente-por-las-escaleras\\\/#primaryimage\"},\"image\":{\"@id\":\"https:\\\/\\\/fuentesfidedignas.com.mx\\\/index.php\\\/2022\\\/07\\\/16\\\/ivana-trump-habria-muerto-tras-caer-accidentalmente-por-las-escaleras\\\/#primaryimage\"},\"thumbnailUrl\":\"https:\\\/\\\/fuentesfidedignas.com.mx\\\/wp-content\\\/uploads\\\/2022\\\/07\\\/ivana-trump.jpg\",\"datePublished\":\"2022-07-16T17:46:14+00:00\",\"dateModified\":\"2022-07-16T17:46:27+00:00\",\"breadcrumb\":{\"@id\":\"https:\\\/\\\/fuentesfidedignas.com.mx\\\/index.php\\\/2022\\\/07\\\/16\\\/ivana-trump-habria-muerto-tras-caer-accidentalmente-por-las-escaleras\\\/#breadcrumb\"},\"inLanguage\":\"es\",\"potentialAction\":[{\"@type\":\"ReadAction\",\"target\":[\"https:\\\/\\\/fuentesfidedignas.com.mx\\\/index.php\\\/2022\\\/07\\\/16\\\/ivana-trump-habria-muerto-tras-caer-accidentalmente-por-las-escaleras\\\/\"]}]},{\"@type\":\"ImageObject\",\"inLanguage\":\"es\",\"@id\":\"https:\\\/\\\/fuentesfidedignas.com.mx\\\/index.php\\\/2022\\\/07\\\/16\\\/ivana-trump-habria-muerto-tras-caer-accidentalmente-por-las-escaleras\\\/#primaryimage\",\"url\":\"https:\\\/\\\/fuentesfidedignas.com.mx\\\/wp-content\\\/uploads\\\/2022\\\/07\\\/ivana-trump.jpg\",\"contentUrl\":\"https:\\\/\\\/fuentesfidedignas.com.mx\\\/wp-content\\\/uploads\\\/2022\\\/07\\\/ivana-trump.jpg\",\"width\":1280,\"height\":720},{\"@type\":\"BreadcrumbList\",\"@id\":\"https:\\\/\\\/fuentesfidedignas.com.mx\\\/index.php\\\/2022\\\/07\\\/16\\\/ivana-trump-habria-muerto-tras-caer-accidentalmente-por-las-escaleras\\\/#breadcrumb\",\"itemListElement\":[{\"@type\":\"ListItem\",\"position\":1,\"name\":\"Inicio\",\"item\":\"https:\\\/\\\/fuentesfidedignas.com.mx\\\/\"},{\"@type\":\"ListItem\",\"position\":2,\"name\":\"Ivana Trump habr\u00eda muerto tras caer accidentalmente por las escaleras\"}]},{\"@type\":\"WebSite\",\"@id\":\"https:\\\/\\\/fuentesfidedignas.com.mx\\\/#website\",\"url\":\"https:\\\/\\\/fuentesfidedignas.com.mx\\\/\",\"name\":\"Fuentes Fidedignas\",\"description\":\"Otro sitio realizado con WordPress\",\"publisher\":{\"@id\":\"https:\\\/\\\/fuentesfidedignas.com.mx\\\/#organization\"},\"potentialAction\":[{\"@type\":\"SearchAction\",\"target\":{\"@type\":\"EntryPoint\",\"urlTemplate\":\"https:\\\/\\\/fuentesfidedignas.com.mx\\\/?s={search_term_string}\"},\"query-input\":{\"@type\":\"PropertyValueSpecification\",\"valueRequired\":true,\"valueName\":\"search_term_string\"}}],\"inLanguage\":\"es\"},{\"@type\":\"Organization\",\"@id\":\"https:\\\/\\\/fuentesfidedignas.com.mx\\\/#organization\",\"name\":\"Fuentes Fidedignas\",\"url\":\"https:\\\/\\\/fuentesfidedignas.com.mx\\\/\",\"logo\":{\"@type\":\"ImageObject\",\"inLanguage\":\"es\",\"@id\":\"https:\\\/\\\/fuentesfidedignas.com.mx\\\/#\\\/schema\\\/logo\\\/image\\\/\",\"url\":\"https:\\\/\\\/fuentesfidedignas.com.mx\\\/wp-content\\\/uploads\\\/2021\\\/04\\\/logo-retina.png\",\"contentUrl\":\"https:\\\/\\\/fuentesfidedignas.com.mx\\\/wp-content\\\/uploads\\\/2021\\\/04\\\/logo-retina.png\",\"width\":280,\"height\":51,\"caption\":\"Fuentes Fidedignas\"},\"image\":{\"@id\":\"https:\\\/\\\/fuentesfidedignas.com.mx\\\/#\\\/schema\\\/logo\\\/image\\\/\"},\"sameAs\":[\"https:\\\/\\\/www.facebook.com\\\/Fuentes-Fidedignas-368234489921644\",\"https:\\\/\\\/x.com\\\/fidedignas\"]},{\"@type\":\"Person\",\"@id\":\"https:\\\/\\\/fuentesfidedignas.com.mx\\\/#\\\/schema\\\/person\\\/f030e42657a5a464a8bbd891b1aab6ee\",\"name\":\"Noticieros Televisa\",\"image\":{\"@type\":\"ImageObject\",\"inLanguage\":\"es\",\"@id\":\"https:\\\/\\\/secure.gravatar.com\\\/avatar\\\/0e47b9e785a628831b8fd9eaf15e090e106760a879abbd4a3306f128ef5d43a9?s=96&d=mm&r=g\",\"url\":\"https:\\\/\\\/secure.gravatar.com\\\/avatar\\\/0e47b9e785a628831b8fd9eaf15e090e106760a879abbd4a3306f128ef5d43a9?s=96&d=mm&r=g\",\"contentUrl\":\"https:\\\/\\\/secure.gravatar.com\\\/avatar\\\/0e47b9e785a628831b8fd9eaf15e090e106760a879abbd4a3306f128ef5d43a9?s=96&d=mm&r=g\",\"caption\":\"Noticieros Televisa\"},\"url\":\"https:\\\/\\\/fuentesfidedignas.com.mx\\\/index.php\\\/author\\\/noticieros-televisa\\\/\"}]}<\/script>\n<!-- \/ Yoast SEO plugin. -->","yoast_head_json":{"title":"Ivana Trump habr\u00eda muerto tras caer accidentalmente por las escaleras - Fuentes Fidedignas","robots":{"index":"index","follow":"follow","max-snippet":"max-snippet:-1","max-image-preview":"max-image-preview:large","max-video-preview":"max-video-preview:-1"},"canonical":"https:\/\/fuentesfidedignas.com.mx\/index.php\/2022\/07\/16\/ivana-trump-habria-muerto-tras-caer-accidentalmente-por-las-escaleras\/","og_locale":"es_MX","og_type":"article","og_title":"Ivana Trump habr\u00eda muerto tras caer accidentalmente por las escaleras - Fuentes Fidedignas","og_description":"La exesposa de Donald Trump habr\u00eda muerto al precipitarse accidentalmente por las escaleras de su casa en Nueva York Estados Unidos. La exmodelo y empresaria checoslovaca Ivana Trump habr\u00eda muerto al precipitarse accidentalmente por las escaleras de su casa en Nueva York, seg\u00fan ha detallado el an\u00e1lisis forense compartido este viernes por la Polic\u00eda neoyorkina. [&hellip;]","og_url":"https:\/\/fuentesfidedignas.com.mx\/index.php\/2022\/07\/16\/ivana-trump-habria-muerto-tras-caer-accidentalmente-por-las-escaleras\/","og_site_name":"Fuentes Fidedignas","article_publisher":"https:\/\/www.facebook.com\/Fuentes-Fidedignas-368234489921644","article_published_time":"2022-07-16T17:46:14+00:00","article_modified_time":"2022-07-16T17:46:27+00:00","og_image":[{"width":1280,"height":720,"url":"https:\/\/fuentesfidedignas.com.mx\/wp-content\/uploads\/2022\/07\/ivana-trump.jpg","type":"image\/jpeg"}],"author":"Noticieros Televisa","twitter_card":"summary_large_image","twitter_creator":"@fidedignas","twitter_site":"@fidedignas","twitter_misc":{"Escrito por":"Noticieros Televisa","Tiempo de lectura":"2 minutos"},"schema":{"@context":"https:\/\/schema.org","@graph":[{"@type":"Article","@id":"https:\/\/fuentesfidedignas.com.mx\/index.php\/2022\/07\/16\/ivana-trump-habria-muerto-tras-caer-accidentalmente-por-las-escaleras\/#article","isPartOf":{"@id":"https:\/\/fuentesfidedignas.com.mx\/index.php\/2022\/07\/16\/ivana-trump-habria-muerto-tras-caer-accidentalmente-por-las-escaleras\/"},"author":{"name":"Noticieros Televisa","@id":"https:\/\/fuentesfidedignas.com.mx\/#\/schema\/person\/f030e42657a5a464a8bbd891b1aab6ee"},"headline":"Ivana Trump habr\u00eda muerto tras caer accidentalmente por las escaleras","datePublished":"2022-07-16T17:46:14+00:00","dateModified":"2022-07-16T17:46:27+00:00","mainEntityOfPage":{"@id":"https:\/\/fuentesfidedignas.com.mx\/index.php\/2022\/07\/16\/ivana-trump-habria-muerto-tras-caer-accidentalmente-por-las-escaleras\/"},"wordCount":376,"commentCount":0,"publisher":{"@id":"https:\/\/fuentesfidedignas.com.mx\/#organization"},"image":{"@id":"https:\/\/fuentesfidedignas.com.mx\/index.php\/2022\/07\/16\/ivana-trump-habria-muerto-tras-caer-accidentalmente-por-las-escaleras\/#primaryimage"},"thumbnailUrl":"https:\/\/fuentesfidedignas.com.mx\/wp-content\/uploads\/2022\/07\/ivana-trump.jpg","articleSection":["NOTICIAS NACIONALES"],"inLanguage":"es","potentialAction":[{"@type":"CommentAction","name":"Comment","target":["https:\/\/fuentesfidedignas.com.mx\/index.php\/2022\/07\/16\/ivana-trump-habria-muerto-tras-caer-accidentalmente-por-las-escaleras\/#respond"]}]},{"@type":"WebPage","@id":"https:\/\/fuentesfidedignas.com.mx\/index.php\/2022\/07\/16\/ivana-trump-habria-muerto-tras-caer-accidentalmente-por-las-escaleras\/","url":"https:\/\/fuentesfidedignas.com.mx\/index.php\/2022\/07\/16\/ivana-trump-habria-muerto-tras-caer-accidentalmente-por-las-escaleras\/","name":"Ivana Trump habr\u00eda muerto tras caer accidentalmente por las escaleras - Fuentes Fidedignas","isPartOf":{"@id":"https:\/\/fuentesfidedignas.com.mx\/#website"},"primaryImageOfPage":{"@id":"https:\/\/fuentesfidedignas.com.mx\/index.php\/2022\/07\/16\/ivana-trump-habria-muerto-tras-caer-accidentalmente-por-las-escaleras\/#primaryimage"},"image":{"@id":"https:\/\/fuentesfidedignas.com.mx\/index.php\/2022\/07\/16\/ivana-trump-habria-muerto-tras-caer-accidentalmente-por-las-escaleras\/#primaryimage"},"thumbnailUrl":"https:\/\/fuentesfidedignas.com.mx\/wp-content\/uploads\/2022\/07\/ivana-trump.jpg","datePublished":"2022-07-16T17:46:14+00:00","dateModified":"2022-07-16T17:46:27+00:00","breadcrumb":{"@id":"https:\/\/fuentesfidedignas.com.mx\/index.php\/2022\/07\/16\/ivana-trump-habria-muerto-tras-caer-accidentalmente-por-las-escaleras\/#breadcrumb"},"inLanguage":"es","potentialAction":[{"@type":"ReadAction","target":["https:\/\/fuentesfidedignas.com.mx\/index.php\/2022\/07\/16\/ivana-trump-habria-muerto-tras-caer-accidentalmente-por-las-escaleras\/"]}]},{"@type":"ImageObject","inLanguage":"es","@id":"https:\/\/fuentesfidedignas.com.mx\/index.php\/2022\/07\/16\/ivana-trump-habria-muerto-tras-caer-accidentalmente-por-las-escaleras\/#primaryimage","url":"https:\/\/fuentesfidedignas.com.mx\/wp-content\/uploads\/2022\/07\/ivana-trump.jpg","contentUrl":"https:\/\/fuentesfidedignas.com.mx\/wp-content\/uploads\/2022\/07\/ivana-trump.jpg","width":1280,"height":720},{"@type":"BreadcrumbList","@id":"https:\/\/fuentesfidedignas.com.mx\/index.php\/2022\/07\/16\/ivana-trump-habria-muerto-tras-caer-accidentalmente-por-las-escaleras\/#breadcrumb","itemListElement":[{"@type":"ListItem","position":1,"name":"Inicio","item":"https:\/\/fuentesfidedignas.com.mx\/"},{"@type":"ListItem","position":2,"name":"Ivana Trump habr\u00eda muerto tras caer accidentalmente por las escaleras"}]},{"@type":"WebSite","@id":"https:\/\/fuentesfidedignas.com.mx\/#website","url":"https:\/\/fuentesfidedignas.com.mx\/","name":"Fuentes Fidedignas","description":"Otro sitio realizado con WordPress","publisher":{"@id":"https:\/\/fuentesfidedignas.com.mx\/#organization"},"potentialAction":[{"@type":"SearchAction","target":{"@type":"EntryPoint","urlTemplate":"https:\/\/fuentesfidedignas.com.mx\/?s={search_term_string}"},"query-input":{"@type":"PropertyValueSpecification","valueRequired":true,"valueName":"search_term_string"}}],"inLanguage":"es"},{"@type":"Organization","@id":"https:\/\/fuentesfidedignas.com.mx\/#organization","name":"Fuentes Fidedignas","url":"https:\/\/fuentesfidedignas.com.mx\/","logo":{"@type":"ImageObject","inLanguage":"es","@id":"https:\/\/fuentesfidedignas.com.mx\/#\/schema\/logo\/image\/","url":"https:\/\/fuentesfidedignas.com.mx\/wp-content\/uploads\/2021\/04\/logo-retina.png","contentUrl":"https:\/\/fuentesfidedignas.com.mx\/wp-content\/uploads\/2021\/04\/logo-retina.png","width":280,"height":51,"caption":"Fuentes Fidedignas"},"image":{"@id":"https:\/\/fuentesfidedignas.com.mx\/#\/schema\/logo\/image\/"},"sameAs":["https:\/\/www.facebook.com\/Fuentes-Fidedignas-368234489921644","https:\/\/x.com\/fidedignas"]},{"@type":"Person","@id":"https:\/\/fuentesfidedignas.com.mx\/#\/schema\/person\/f030e42657a5a464a8bbd891b1aab6ee","name":"Noticieros Televisa","image":{"@type":"ImageObject","inLanguage":"es","@id":"https:\/\/secure.gravatar.com\/avatar\/0e47b9e785a628831b8fd9eaf15e090e106760a879abbd4a3306f128ef5d43a9?s=96&d=mm&r=g","url":"https:\/\/secure.gravatar.com\/avatar\/0e47b9e785a628831b8fd9eaf15e090e106760a879abbd4a3306f128ef5d43a9?s=96&d=mm&r=g","contentUrl":"https:\/\/secure.gravatar.com\/avatar\/0e47b9e785a628831b8fd9eaf15e090e106760a879abbd4a3306f128ef5d43a9?s=96&d=mm&r=g","caption":"Noticieros Televisa"},"url":"https:\/\/fuentesfidedignas.com.mx\/index.php\/author\/noticieros-televisa\/"}]}},"_links":{"self":[{"href":"https:\/\/fuentesfidedignas.com.mx\/index.php\/wp-json\/wp\/v2\/posts\/37616","targetHints":{"allow":["GET"]}}],"collection":[{"href":"https:\/\/fuentesfidedignas.com.mx\/index.php\/wp-json\/wp\/v2\/posts"}],"about":[{"href":"https:\/\/fuentesfidedignas.com.mx\/index.php\/wp-json\/wp\/v2\/types\/post"}],"author":[{"embeddable":true,"href":"https:\/\/fuentesfidedignas.com.mx\/index.php\/wp-json\/wp\/v2\/users\/46"}],"replies":[{"embeddable":true,"href":"https:\/\/fuentesfidedignas.com.mx\/index.php\/wp-json\/wp\/v2\/comments?post=37616"}],"version-history":[{"count":1,"href":"https:\/\/fuentesfidedignas.com.mx\/index.php\/wp-json\/wp\/v2\/posts\/37616\/revisions"}],"predecessor-version":[{"id":37617,"href":"https:\/\/fuentesfidedignas.com.mx\/index.php\/wp-json\/wp\/v2\/posts\/37616\/revisions\/37617"}],"wp:featuredmedia":[{"embeddable":true,"href":"https:\/\/fuentesfidedignas.com.mx\/index.php\/wp-json\/wp\/v2\/media\/37618"}],"wp:attachment":[{"href":"https:\/\/fuentesfidedignas.com.mx\/index.php\/wp-json\/wp\/v2\/media?parent=37616"}],"wp:term":[{"taxonomy":"category","embeddable":true,"href":"https:\/\/fuentesfidedignas.com.mx\/index.php\/wp-json\/wp\/v2\/categories?post=37616"},{"taxonomy":"post_tag","embeddable":true,"href":"https:\/\/fuentesfidedignas.com.mx\/index.php\/wp-json\/wp\/v2\/tags?post=37616"}],"curies":[{"name":"wp","href":"https:\/\/api.w.org\/{rel}","templated":true}]}}