{"id":37609,"date":"2022-07-16T11:06:54","date_gmt":"2022-07-16T17:06:54","guid":{"rendered":"https:\/\/fuentesfidedignas.com.mx\/?p=37609"},"modified":"2022-07-16T11:07:08","modified_gmt":"2022-07-16T17:07:08","slug":"dea-participo-en-arresto-de-caro-quintero-no-hay-escondite-para-quien-asesine-a-fuerzas-del-orden-estadounidenses","status":"publish","type":"post","link":"https:\/\/fuentesfidedignas.com.mx\/index.php\/2022\/07\/16\/dea-participo-en-arresto-de-caro-quintero-no-hay-escondite-para-quien-asesine-a-fuerzas-del-orden-estadounidenses\/","title":{"rendered":"DEA particip\u00f3 en arresto de Caro Quintero: \u201cNo hay escondite para quien asesine a fuerzas del orden estadounidenses\u201d"},"content":{"rendered":"\n<p><em><strong>El llamado \u201cnarco de narcos\u201d es acusado entre otros delitos, por la tortura y asesinato del agente especial de la DEA Enrique \u201cKiki\u201d Camarena en 1985<\/strong><\/em><\/p>\n\n\n\n<p>Estados Unidos. La Administraci\u00f3n para el Control de Drogas de Estados Unidos(<strong>DEA<\/strong>) inform\u00f3 que\u00a0<strong>el arresto de Rafael Caro Quintero fue posible\u00a0<\/strong>gracias al equipo que desplegaron en M\u00e9xico. El narcotraficante era uno de los criminales m\u00e1s buscados desde 1985 por la tortura y<strong>\u00a0el asesinato de Enrique\u00a0<\/strong><em><strong>Kiki\u00a0<\/strong><\/em><strong>Camarena Salazar<\/strong>, uno de sus agentes.<\/p>\n\n\n\n<p>La agencia del Departamento de Justicia de los Estados Unidos<strong>\u00a0revel\u00f3 a trav\u00e9s de un\u00a0<\/strong><a href=\"https:\/\/www.justice.gov\/opa\/pr\/statement-attorney-general-merrick-b-garland-capture-rafael-caro-quintero\" target=\"_blank\" rel=\"noreferrer noopener\">comunicado<\/a>, la captura y el trabajo que realizaron en\u00a0<strong>colaboraci\u00f3n con el equipo y las autoridades mexicanas\u00a0<\/strong>para la detenci\u00f3n del\u00a0<strong>narcotraficante<\/strong>.<\/p>\n\n\n\n<p>\u201c<strong>No hay escondite para nadie que secuestre, torture y asesine a las fuerzas del orden estadounidenses. Estamos profundamente agradecidos con las autoridades mexicanas por la captura y arresto de<\/strong><a href=\"https:\/\/www.infobae.com\/america\/mexico\/2022\/06\/27\/voy-a-poner-mano-dura-el-narcocorrido-que-da-pistas-sobre-un-pacto-entre-caro-quintero-y-el-mencho\/\" target=\"_blank\" rel=\"noreferrer noopener\"><strong>&nbsp;Rafael Caro Quintero.&nbsp;<\/strong><\/a><strong>E<\/strong>l arresto de es la culminaci\u00f3n del trabajo incansable de la DEA y sus socios mexicanos para llevar a Caro Quintero ante la justicia por sus presuntos delitos, incluida la tortura y ejecuci\u00f3n del agente especial de la DEA Enrique `Kiki\u00b4 Camarena\u201d, fue el mensaje emitido por el fiscal general Merrick B. Garland por Caro Quintero, el fugitivo m\u00e1s buscado por el FBI y por el que se ofrec\u00eda una recompensa de 20 millones de d\u00f3lares, m\u00e1s que cualquier otro fugitivo.<\/p>\n\n\n\n<p>Asimismo a\u00f1adieron que buscan su extradici\u00f3n inmediata a los Estados Unidos para que pueda ser juzgado por estos cr\u00edmenes \u201cen el mismo sistema de justicia que el agente especial Camarena muri\u00f3 defendiendo\u201d.<img decoding=\"async\" src=\"\"><img decoding=\"async\" alt=\"Enrique &quot;Kiki&quot; Camarena Salazar fue asesinado en 1985 en M\u00e9xico (Foto: archivo)\" srcset=\"https:\/\/www-infobae-com.cdn.ampproject.org\/ii\/AW\/s\/www.infobae.com\/new-resizer\/vOMvQsrGc8Sy7HmsjhevgGVKV4U=\/420x236\/filters:format(webp):quality(85)\/cloudfront-us-east-1.images.arcpublishing.com\/infobae\/XJUTWNDTV5BNFPDR2O24KB54HM.jpg 420w, https:\/\/www-infobae-com.cdn.ampproject.org\/ii\/AW\/s\/www.infobae.com\/new-resizer\/7PtOh3R3sJ4XSzyrcb7yWy6of4Y=\/768x432\/filters:format(webp):quality(85)\/cloudfront-us-east-1.images.arcpublishing.com\/infobae\/XJUTWNDTV5BNFPDR2O24KB54HM.jpg 768w, https:\/\/www-infobae-com.cdn.ampproject.org\/ii\/AW\/s\/www.infobae.com\/new-resizer\/tUkasz5mR3hU3L8Hb7UJvFRnrw0=\/992x558\/filters:format(webp):quality(85)\/cloudfront-us-east-1.images.arcpublishing.com\/infobae\/XJUTWNDTV5BNFPDR2O24KB54HM.jpg 992w, https:\/\/www-infobae-com.cdn.ampproject.org\/ii\/AW\/s\/www.infobae.com\/new-resizer\/oO9E9u4qrS3Uhb4PoRI67qS7cc4=\/1200x675\/filters:format(webp):quality(85)\/cloudfront-us-east-1.images.arcpublishing.com\/infobae\/XJUTWNDTV5BNFPDR2O24KB54HM.jpg 1200w, https:\/\/www-infobae-com.cdn.ampproject.org\/ii\/AW\/s\/www.infobae.com\/new-resizer\/1ffmfgbN9XMzDlMjPRZIiGh4NmE=\/1440x810\/filters:format(webp):quality(85)\/cloudfront-us-east-1.images.arcpublishing.com\/infobae\/XJUTWNDTV5BNFPDR2O24KB54HM.jpg 1440w\" src=\"https:\/\/cloudfront--us--east--1-images-arcpublishing-com.cdn.ampproject.org\/ii\/AW\/s\/cloudfront-us-east-1.images.arcpublishing.com\/infobae\/XJUTWNDTV5BNFPDR2O24KB54HM.jpg\">Enrique &#8220;Kiki&#8221; Camarena Salazar fue asesinado en 1985 en M\u00e9xico (Foto: archivo)<\/p>\n\n\n\n<p>As\u00ed mismo,<strong>&nbsp;B. Garland escribi\u00f3 unos p\u00e1rrafos m\u00e1s con sus condolencias&nbsp;<\/strong>sobre el accidente del helic\u00f3ptero Black Hawk de la Armada en Los Mochis, Sinaloa, en el que fallecieron 14 personas y una result\u00f3 gravemente herida.<\/p>\n\n\n\n<p>\u201cNos unimos al duelo por los 14 militares mexicanos que dieron su vida al servicio de su pa\u00eds y expresamos nuestras condolencias a los seres queridos que dejaron atr\u00e1s\u201d, coment\u00f3.<\/p>\n\n\n\n<p><strong>Este es un hecho muy importante para el desempe\u00f1o de la DEA, pues la agencia revel\u00f3 en 2021 que su intervenci\u00f3n hab\u00eda sido suspendida desde 2020, justo despu\u00e9s de que se arrestara al ex Secretario de la Defensa Nacional Salvador Cienfuegos.<\/strong>&nbsp;Sin embargo este d\u00eda marca un antes y un despu\u00e9s para la colaboraci\u00f3n entre la agencia y las fuerzas mexicanas en el combate contra el narcotr\u00e1fico.<\/p>\n\n\n\n<p>El equipo mexicano con el que trabaj\u00f3 en conjunto la DEA para la recaptura, estuvo conformado por la Polic\u00eda Federal Ministerial, en su unidad de la Interpol. Y las operaciones de inteligencia y el resguardo fue encabezado por la Secretar\u00eda de Marina Armada de M\u00e9xico (Semar).<img decoding=\"async\" srcset=\"https:\/\/www-infobae-com.cdn.ampproject.org\/ii\/AW\/s\/www.infobae.com\/new-resizer\/Ne2U5MEKr2Bhnj3JePKTXRszoyA=\/420x236\/filters:format(webp):quality(85)\/cloudfront-us-east-1.images.arcpublishing.com\/infobae\/56FBJKOZJNOED7QUM7E3KZ3HMY.jpg 420w, https:\/\/www-infobae-com.cdn.ampproject.org\/ii\/AW\/s\/www.infobae.com\/new-resizer\/0yU-Yn4FgVX_vojYMGeWwIw1jIY=\/768x432\/filters:format(webp):quality(85)\/cloudfront-us-east-1.images.arcpublishing.com\/infobae\/56FBJKOZJNOED7QUM7E3KZ3HMY.jpg 768w, https:\/\/www-infobae-com.cdn.ampproject.org\/ii\/AW\/s\/www.infobae.com\/new-resizer\/QMHy7f-AVVZGpECnbkjtsWy7JXY=\/992x558\/filters:format(webp):quality(85)\/cloudfront-us-east-1.images.arcpublishing.com\/infobae\/56FBJKOZJNOED7QUM7E3KZ3HMY.jpg 992w, https:\/\/www-infobae-com.cdn.ampproject.org\/ii\/AW\/s\/www.infobae.com\/new-resizer\/b4qszc45ZMFXJ7N2Fqc578ILkh4=\/1200x675\/filters:format(webp):quality(85)\/cloudfront-us-east-1.images.arcpublishing.com\/infobae\/56FBJKOZJNOED7QUM7E3KZ3HMY.jpg 1200w, https:\/\/www-infobae-com.cdn.ampproject.org\/ii\/AW\/s\/www.infobae.com\/new-resizer\/JFuDSXDiyrHI8BVbzFsUqC-V9II=\/1440x810\/filters:format(webp):quality(85)\/cloudfront-us-east-1.images.arcpublishing.com\/infobae\/56FBJKOZJNOED7QUM7E3KZ3HMY.jpg 1440w\" src=\"https:\/\/cloudfront--us--east--1-images-arcpublishing-com.cdn.ampproject.org\/ii\/AW\/s\/cloudfront-us-east-1.images.arcpublishing.com\/infobae\/56FBJKOZJNOED7QUM7E3KZ3HMY.jpg\" alt=\"ACTUALIZACI\u00d3N: El hist\u00f3rico narcotraficante mexicano Rafael Caro Quintero, detenido el viernes, fue trasladado por la Marina al Penal del Altiplano, en estado de M\u00e9xico. Era uno de los m\u00e1s buscados por Estados Unidos por la muerte del agente de la DEA Enrique \u201cKiki\u201d Camarena en 1985.\">ACTUALIZACI\u00d3N: El hist\u00f3rico narcotraficante mexicano Rafael Caro Quintero, detenido el viernes, fue trasladado por la Marina al Penal del Altiplano, en estado de M\u00e9xico. Era uno de los m\u00e1s buscados por Estados Unidos por la muerte del agente de la DEA Enrique \u201cKiki\u201d Camarena en 1985.<\/p>\n\n\n\n<p><strong>El&nbsp;<\/strong><em><strong>Narco de narcos<\/strong><\/em>fue capturado por primera vez en 1985 en&nbsp;<strong>Costa Rica<\/strong>. Lo extraditaron, juzgaron y condenaron a 40 a\u00f1os de c\u00e1rcel, acusado precisamente por el asesinato y la tortura de Camarena y del&nbsp;<strong>piloto Alfredo Avelar<\/strong>. Pero 28 a\u00f1os despu\u00e9s, exactamente el 9 de agosto de<strong>&nbsp;2013&nbsp;<\/strong>fue liberado,tras un resquicio legal que se acept\u00f3 como falla al procedimiento. Y bajo el argumento de que \u201c<em>no debi\u00f3 ser enjuiciado en el fuero federal por el asesinato del agente de la DEA<\/em>\u201d.<\/p>\n\n\n\n<p>Dos a\u00f1os m\u00e1s tarde, el 16 de enero de 2015, fue&nbsp;<strong>declarado nuevamente culpable del homicidio de&nbsp;<\/strong><em><strong>Kiki&nbsp;<\/strong><\/em><strong>Camarena<\/strong>&nbsp;por un tribunal federal y se emiti\u00f3 una nueva orden de aprehensi\u00f3n en su contra.<\/p>\n\n\n\n<p>Desde entonces, se convirti\u00f3 en un fugitivo de la justicia, pero en 2018 fue incluido en la lista de los m\u00e1s buscados de la Oficina Federal de Investigaciones (<strong>FBI<\/strong>). Ofrecieron una<strong>&nbsp;recompensa de 20 millones de d\u00f3lares por \u00e9l&nbsp;<\/strong>y se convirti\u00f3 en&nbsp;<strong>objetivo prioritario<\/strong>&nbsp;del gobierno norteamericano. Un a\u00f1o antes hab\u00eda sido imputado en&nbsp;<strong>Nueva York<\/strong>.<img decoding=\"async\" alt=\"Un cartel de los 10 fugitivos m\u00e1s buscados del FBI muestra a Rafael Caro Quintero. FBI (Federal Bureau of Investigation) \/ Handout via REUTERS ATTENTION EDITORS - THIS IMAGE WAS PROVIDED BY A THIRD PARTY. MANDATORY CREDIT\" srcset=\"https:\/\/www-infobae-com.cdn.ampproject.org\/ii\/AW\/s\/www.infobae.com\/new-resizer\/CwTedzurFV6KSZjuKzSMDPaiBOU=\/420x560\/filters:format(webp):quality(85)\/cloudfront-us-east-1.images.arcpublishing.com\/infobae\/7OAEA4LDN22QY3CTPP7NUQX2V4.jpg 420w, https:\/\/www-infobae-com.cdn.ampproject.org\/ii\/AW\/s\/www.infobae.com\/new-resizer\/A4-LyRIf0EsoQulEjHa60eypulM=\/768x1024\/filters:format(webp):quality(85)\/cloudfront-us-east-1.images.arcpublishing.com\/infobae\/7OAEA4LDN22QY3CTPP7NUQX2V4.jpg 768w, https:\/\/www-infobae-com.cdn.ampproject.org\/ii\/AW\/s\/www.infobae.com\/new-resizer\/CFfKicMw4xbqivz-kqhokRItY2w=\/992x1323\/filters:format(webp):quality(85)\/cloudfront-us-east-1.images.arcpublishing.com\/infobae\/7OAEA4LDN22QY3CTPP7NUQX2V4.jpg 992w, https:\/\/www-infobae-com.cdn.ampproject.org\/ii\/AW\/s\/www.infobae.com\/new-resizer\/w1cnIweBlDp1gdc6fcZZnvwZf0U=\/1200x1600\/filters:format(webp):quality(85)\/cloudfront-us-east-1.images.arcpublishing.com\/infobae\/7OAEA4LDN22QY3CTPP7NUQX2V4.jpg 1200w\" src=\"https:\/\/cloudfront--us--east--1-images-arcpublishing-com.cdn.ampproject.org\/ii\/AW\/s\/cloudfront-us-east-1.images.arcpublishing.com\/infobae\/7OAEA4LDN22QY3CTPP7NUQX2V4.jpg\">Un cartel de los 10 fugitivos m\u00e1s buscados del FBI muestra a Rafael Caro Quintero. FBI (Federal Bureau of Investigation) \/ Handout via REUTERS ATTENTION EDITORS &#8211; THIS IMAGE WAS PROVIDED BY A THIRD PARTY. MANDATORY CREDIT<\/p>\n\n\n\n<p><strong>La detenci\u00f3n del&nbsp;<\/strong><em><strong>Narco de Narcos<\/strong><\/em><\/p>\n\n\n\n<p>La captura de&nbsp;<strong>Rafael Caro Quintero<\/strong>,&nbsp;<strong>el&nbsp;<\/strong><em><strong>Narco de narcos<\/strong><\/em>, fue luego de que un canino de la<strong>&nbsp;Secretar\u00eda de Marina Armada de M\u00e9xico&nbsp;<\/strong>(Semar) dio con \u00e9l entre matorrales de<strong>&nbsp;Sinaloa<\/strong>.<\/p>\n\n\n\n<p>De acuerdo con el reporte de la&nbsp;<strong>Semar<\/strong>, trabajos de inteligencia llevaron a ubicar al fundador del&nbsp;<strong>C\u00e1rtel de Guadalajara<\/strong>&nbsp;en el poblado de<strong>&nbsp;San Sim\u00f3n<\/strong>, en<strong>&nbsp;Choix<\/strong>. Las investigaciones comenzaron tras su liberaci\u00f3n, en 2013.<\/p>\n\n\n\n<p>\u201cEn este contexto, se informa que<strong>&nbsp;citado objetivo fue localizado entre matorrales&nbsp;<\/strong>por un&nbsp;<strong>elemento canino<\/strong>&nbsp;de esta Instituci\u00f3n, de nombre&nbsp;<em><strong>Max<\/strong><\/em>, cuyo adiestramiento de b\u00fasqueda y rescate permiti\u00f3 su ubicaci\u00f3n\u201d, inform\u00f3 la dependencia naval.<\/p>\n","protected":false},"excerpt":{"rendered":"<p>El llamado \u201cnarco de narcos\u201d es acusado entre otros delitos, por la tortura y asesinato del agente especial de la DEA Enrique \u201cKiki\u201d Camarena en 1985 Estados Unidos. La Administraci\u00f3n para el Control de Drogas de Estados Unidos(DEA) inform\u00f3 que\u00a0el arresto de Rafael Caro Quintero fue posible\u00a0gracias al equipo que desplegaron en M\u00e9xico. El narcotraficante [&hellip;]<\/p>\n","protected":false},"author":41,"featured_media":37611,"comment_status":"open","ping_status":"open","sticky":false,"template":"","format":"standard","meta":{"tdm_status":"","tdm_grid_status":"","footnotes":""},"categories":[39],"tags":[],"class_list":{"0":"post-37609","1":"post","2":"type-post","3":"status-publish","4":"format-standard","5":"has-post-thumbnail","7":"category-noticias-nacionales"},"yoast_head":"<!-- This site is optimized with the Yoast SEO plugin v27.5 - https:\/\/yoast.com\/product\/yoast-seo-wordpress\/ -->\n<title>DEA particip\u00f3 en arresto de Caro Quintero: \u201cNo hay escondite para quien asesine a fuerzas del orden estadounidenses\u201d - Fuentes Fidedignas<\/title>\n<meta name=\"robots\" content=\"index, follow, max-snippet:-1, max-image-preview:large, max-video-preview:-1\" \/>\n<link rel=\"canonical\" href=\"https:\/\/fuentesfidedignas.com.mx\/index.php\/2022\/07\/16\/dea-participo-en-arresto-de-caro-quintero-no-hay-escondite-para-quien-asesine-a-fuerzas-del-orden-estadounidenses\/\" \/>\n<meta property=\"og:locale\" content=\"es_MX\" \/>\n<meta property=\"og:type\" content=\"article\" \/>\n<meta property=\"og:title\" content=\"DEA particip\u00f3 en arresto de Caro Quintero: \u201cNo hay escondite para quien asesine a fuerzas del orden estadounidenses\u201d - Fuentes Fidedignas\" \/>\n<meta property=\"og:description\" content=\"El llamado \u201cnarco de narcos\u201d es acusado entre otros delitos, por la tortura y asesinato del agente especial de la DEA Enrique \u201cKiki\u201d Camarena en 1985 Estados Unidos. La Administraci\u00f3n para el Control de Drogas de Estados Unidos(DEA) inform\u00f3 que\u00a0el arresto de Rafael Caro Quintero fue posible\u00a0gracias al equipo que desplegaron en M\u00e9xico. El narcotraficante [&hellip;]\" \/>\n<meta property=\"og:url\" content=\"https:\/\/fuentesfidedignas.com.mx\/index.php\/2022\/07\/16\/dea-participo-en-arresto-de-caro-quintero-no-hay-escondite-para-quien-asesine-a-fuerzas-del-orden-estadounidenses\/\" \/>\n<meta property=\"og:site_name\" content=\"Fuentes Fidedignas\" \/>\n<meta property=\"article:publisher\" content=\"https:\/\/www.facebook.com\/Fuentes-Fidedignas-368234489921644\" \/>\n<meta property=\"article:published_time\" content=\"2022-07-16T17:06:54+00:00\" \/>\n<meta property=\"article:modified_time\" content=\"2022-07-16T17:07:08+00:00\" \/>\n<meta property=\"og:image\" content=\"https:\/\/fuentesfidedignas.com.mx\/wp-content\/uploads\/2022\/07\/2SODTTRNEZAFJO6LNBVP64YYZU.jpeg\" \/>\n\t<meta property=\"og:image:width\" content=\"992\" \/>\n\t<meta property=\"og:image:height\" content=\"661\" \/>\n\t<meta property=\"og:image:type\" content=\"image\/jpeg\" \/>\n<meta name=\"author\" content=\"Infobae\" \/>\n<meta name=\"twitter:card\" content=\"summary_large_image\" \/>\n<meta name=\"twitter:creator\" content=\"@fidedignas\" \/>\n<meta name=\"twitter:site\" content=\"@fidedignas\" \/>\n<meta name=\"twitter:label1\" content=\"Escrito por\" \/>\n\t<meta name=\"twitter:data1\" content=\"Infobae\" \/>\n\t<meta name=\"twitter:label2\" content=\"Tiempo de lectura\" \/>\n\t<meta name=\"twitter:data2\" content=\"5 minutos\" \/>\n<script type=\"application\/ld+json\" class=\"yoast-schema-graph\">{\"@context\":\"https:\\\/\\\/schema.org\",\"@graph\":[{\"@type\":\"Article\",\"@id\":\"https:\\\/\\\/fuentesfidedignas.com.mx\\\/index.php\\\/2022\\\/07\\\/16\\\/dea-participo-en-arresto-de-caro-quintero-no-hay-escondite-para-quien-asesine-a-fuerzas-del-orden-estadounidenses\\\/#article\",\"isPartOf\":{\"@id\":\"https:\\\/\\\/fuentesfidedignas.com.mx\\\/index.php\\\/2022\\\/07\\\/16\\\/dea-participo-en-arresto-de-caro-quintero-no-hay-escondite-para-quien-asesine-a-fuerzas-del-orden-estadounidenses\\\/\"},\"author\":{\"name\":\"Infobae\",\"@id\":\"https:\\\/\\\/fuentesfidedignas.com.mx\\\/#\\\/schema\\\/person\\\/8575896a7c1067d352f6c1cd6582c389\"},\"headline\":\"DEA particip\u00f3 en arresto de Caro Quintero: \u201cNo hay escondite para quien asesine a fuerzas del orden estadounidenses\u201d\",\"datePublished\":\"2022-07-16T17:06:54+00:00\",\"dateModified\":\"2022-07-16T17:07:08+00:00\",\"mainEntityOfPage\":{\"@id\":\"https:\\\/\\\/fuentesfidedignas.com.mx\\\/index.php\\\/2022\\\/07\\\/16\\\/dea-participo-en-arresto-de-caro-quintero-no-hay-escondite-para-quien-asesine-a-fuerzas-del-orden-estadounidenses\\\/\"},\"wordCount\":913,\"commentCount\":0,\"publisher\":{\"@id\":\"https:\\\/\\\/fuentesfidedignas.com.mx\\\/#organization\"},\"image\":{\"@id\":\"https:\\\/\\\/fuentesfidedignas.com.mx\\\/index.php\\\/2022\\\/07\\\/16\\\/dea-participo-en-arresto-de-caro-quintero-no-hay-escondite-para-quien-asesine-a-fuerzas-del-orden-estadounidenses\\\/#primaryimage\"},\"thumbnailUrl\":\"https:\\\/\\\/fuentesfidedignas.com.mx\\\/wp-content\\\/uploads\\\/2022\\\/07\\\/2SODTTRNEZAFJO6LNBVP64YYZU.jpeg\",\"articleSection\":[\"NOTICIAS NACIONALES\"],\"inLanguage\":\"es\",\"potentialAction\":[{\"@type\":\"CommentAction\",\"name\":\"Comment\",\"target\":[\"https:\\\/\\\/fuentesfidedignas.com.mx\\\/index.php\\\/2022\\\/07\\\/16\\\/dea-participo-en-arresto-de-caro-quintero-no-hay-escondite-para-quien-asesine-a-fuerzas-del-orden-estadounidenses\\\/#respond\"]}]},{\"@type\":\"WebPage\",\"@id\":\"https:\\\/\\\/fuentesfidedignas.com.mx\\\/index.php\\\/2022\\\/07\\\/16\\\/dea-participo-en-arresto-de-caro-quintero-no-hay-escondite-para-quien-asesine-a-fuerzas-del-orden-estadounidenses\\\/\",\"url\":\"https:\\\/\\\/fuentesfidedignas.com.mx\\\/index.php\\\/2022\\\/07\\\/16\\\/dea-participo-en-arresto-de-caro-quintero-no-hay-escondite-para-quien-asesine-a-fuerzas-del-orden-estadounidenses\\\/\",\"name\":\"DEA particip\u00f3 en arresto de Caro Quintero: \u201cNo hay escondite para quien asesine a fuerzas del orden estadounidenses\u201d - Fuentes Fidedignas\",\"isPartOf\":{\"@id\":\"https:\\\/\\\/fuentesfidedignas.com.mx\\\/#website\"},\"primaryImageOfPage\":{\"@id\":\"https:\\\/\\\/fuentesfidedignas.com.mx\\\/index.php\\\/2022\\\/07\\\/16\\\/dea-participo-en-arresto-de-caro-quintero-no-hay-escondite-para-quien-asesine-a-fuerzas-del-orden-estadounidenses\\\/#primaryimage\"},\"image\":{\"@id\":\"https:\\\/\\\/fuentesfidedignas.com.mx\\\/index.php\\\/2022\\\/07\\\/16\\\/dea-participo-en-arresto-de-caro-quintero-no-hay-escondite-para-quien-asesine-a-fuerzas-del-orden-estadounidenses\\\/#primaryimage\"},\"thumbnailUrl\":\"https:\\\/\\\/fuentesfidedignas.com.mx\\\/wp-content\\\/uploads\\\/2022\\\/07\\\/2SODTTRNEZAFJO6LNBVP64YYZU.jpeg\",\"datePublished\":\"2022-07-16T17:06:54+00:00\",\"dateModified\":\"2022-07-16T17:07:08+00:00\",\"breadcrumb\":{\"@id\":\"https:\\\/\\\/fuentesfidedignas.com.mx\\\/index.php\\\/2022\\\/07\\\/16\\\/dea-participo-en-arresto-de-caro-quintero-no-hay-escondite-para-quien-asesine-a-fuerzas-del-orden-estadounidenses\\\/#breadcrumb\"},\"inLanguage\":\"es\",\"potentialAction\":[{\"@type\":\"ReadAction\",\"target\":[\"https:\\\/\\\/fuentesfidedignas.com.mx\\\/index.php\\\/2022\\\/07\\\/16\\\/dea-participo-en-arresto-de-caro-quintero-no-hay-escondite-para-quien-asesine-a-fuerzas-del-orden-estadounidenses\\\/\"]}]},{\"@type\":\"ImageObject\",\"inLanguage\":\"es\",\"@id\":\"https:\\\/\\\/fuentesfidedignas.com.mx\\\/index.php\\\/2022\\\/07\\\/16\\\/dea-participo-en-arresto-de-caro-quintero-no-hay-escondite-para-quien-asesine-a-fuerzas-del-orden-estadounidenses\\\/#primaryimage\",\"url\":\"https:\\\/\\\/fuentesfidedignas.com.mx\\\/wp-content\\\/uploads\\\/2022\\\/07\\\/2SODTTRNEZAFJO6LNBVP64YYZU.jpeg\",\"contentUrl\":\"https:\\\/\\\/fuentesfidedignas.com.mx\\\/wp-content\\\/uploads\\\/2022\\\/07\\\/2SODTTRNEZAFJO6LNBVP64YYZU.jpeg\",\"width\":992,\"height\":661},{\"@type\":\"BreadcrumbList\",\"@id\":\"https:\\\/\\\/fuentesfidedignas.com.mx\\\/index.php\\\/2022\\\/07\\\/16\\\/dea-participo-en-arresto-de-caro-quintero-no-hay-escondite-para-quien-asesine-a-fuerzas-del-orden-estadounidenses\\\/#breadcrumb\",\"itemListElement\":[{\"@type\":\"ListItem\",\"position\":1,\"name\":\"Inicio\",\"item\":\"https:\\\/\\\/fuentesfidedignas.com.mx\\\/\"},{\"@type\":\"ListItem\",\"position\":2,\"name\":\"DEA particip\u00f3 en arresto de Caro Quintero: \u201cNo hay escondite para quien asesine a fuerzas del orden estadounidenses\u201d\"}]},{\"@type\":\"WebSite\",\"@id\":\"https:\\\/\\\/fuentesfidedignas.com.mx\\\/#website\",\"url\":\"https:\\\/\\\/fuentesfidedignas.com.mx\\\/\",\"name\":\"Fuentes Fidedignas\",\"description\":\"Otro sitio realizado con WordPress\",\"publisher\":{\"@id\":\"https:\\\/\\\/fuentesfidedignas.com.mx\\\/#organization\"},\"potentialAction\":[{\"@type\":\"SearchAction\",\"target\":{\"@type\":\"EntryPoint\",\"urlTemplate\":\"https:\\\/\\\/fuentesfidedignas.com.mx\\\/?s={search_term_string}\"},\"query-input\":{\"@type\":\"PropertyValueSpecification\",\"valueRequired\":true,\"valueName\":\"search_term_string\"}}],\"inLanguage\":\"es\"},{\"@type\":\"Organization\",\"@id\":\"https:\\\/\\\/fuentesfidedignas.com.mx\\\/#organization\",\"name\":\"Fuentes Fidedignas\",\"url\":\"https:\\\/\\\/fuentesfidedignas.com.mx\\\/\",\"logo\":{\"@type\":\"ImageObject\",\"inLanguage\":\"es\",\"@id\":\"https:\\\/\\\/fuentesfidedignas.com.mx\\\/#\\\/schema\\\/logo\\\/image\\\/\",\"url\":\"https:\\\/\\\/fuentesfidedignas.com.mx\\\/wp-content\\\/uploads\\\/2021\\\/04\\\/logo-retina.png\",\"contentUrl\":\"https:\\\/\\\/fuentesfidedignas.com.mx\\\/wp-content\\\/uploads\\\/2021\\\/04\\\/logo-retina.png\",\"width\":280,\"height\":51,\"caption\":\"Fuentes Fidedignas\"},\"image\":{\"@id\":\"https:\\\/\\\/fuentesfidedignas.com.mx\\\/#\\\/schema\\\/logo\\\/image\\\/\"},\"sameAs\":[\"https:\\\/\\\/www.facebook.com\\\/Fuentes-Fidedignas-368234489921644\",\"https:\\\/\\\/x.com\\\/fidedignas\"]},{\"@type\":\"Person\",\"@id\":\"https:\\\/\\\/fuentesfidedignas.com.mx\\\/#\\\/schema\\\/person\\\/8575896a7c1067d352f6c1cd6582c389\",\"name\":\"Infobae\",\"image\":{\"@type\":\"ImageObject\",\"inLanguage\":\"es\",\"@id\":\"https:\\\/\\\/secure.gravatar.com\\\/avatar\\\/e4ec95706f8d1670343f6526fdcec45474bab17475a851434a64ca12b5acba1c?s=96&d=mm&r=g\",\"url\":\"https:\\\/\\\/secure.gravatar.com\\\/avatar\\\/e4ec95706f8d1670343f6526fdcec45474bab17475a851434a64ca12b5acba1c?s=96&d=mm&r=g\",\"contentUrl\":\"https:\\\/\\\/secure.gravatar.com\\\/avatar\\\/e4ec95706f8d1670343f6526fdcec45474bab17475a851434a64ca12b5acba1c?s=96&d=mm&r=g\",\"caption\":\"Infobae\"},\"url\":\"https:\\\/\\\/fuentesfidedignas.com.mx\\\/index.php\\\/author\\\/infobae\\\/\"}]}<\/script>\n<!-- \/ Yoast SEO plugin. -->","yoast_head_json":{"title":"DEA particip\u00f3 en arresto de Caro Quintero: \u201cNo hay escondite para quien asesine a fuerzas del orden estadounidenses\u201d - Fuentes Fidedignas","robots":{"index":"index","follow":"follow","max-snippet":"max-snippet:-1","max-image-preview":"max-image-preview:large","max-video-preview":"max-video-preview:-1"},"canonical":"https:\/\/fuentesfidedignas.com.mx\/index.php\/2022\/07\/16\/dea-participo-en-arresto-de-caro-quintero-no-hay-escondite-para-quien-asesine-a-fuerzas-del-orden-estadounidenses\/","og_locale":"es_MX","og_type":"article","og_title":"DEA particip\u00f3 en arresto de Caro Quintero: \u201cNo hay escondite para quien asesine a fuerzas del orden estadounidenses\u201d - Fuentes Fidedignas","og_description":"El llamado \u201cnarco de narcos\u201d es acusado entre otros delitos, por la tortura y asesinato del agente especial de la DEA Enrique \u201cKiki\u201d Camarena en 1985 Estados Unidos. La Administraci\u00f3n para el Control de Drogas de Estados Unidos(DEA) inform\u00f3 que\u00a0el arresto de Rafael Caro Quintero fue posible\u00a0gracias al equipo que desplegaron en M\u00e9xico. El narcotraficante [&hellip;]","og_url":"https:\/\/fuentesfidedignas.com.mx\/index.php\/2022\/07\/16\/dea-participo-en-arresto-de-caro-quintero-no-hay-escondite-para-quien-asesine-a-fuerzas-del-orden-estadounidenses\/","og_site_name":"Fuentes Fidedignas","article_publisher":"https:\/\/www.facebook.com\/Fuentes-Fidedignas-368234489921644","article_published_time":"2022-07-16T17:06:54+00:00","article_modified_time":"2022-07-16T17:07:08+00:00","og_image":[{"width":992,"height":661,"url":"https:\/\/fuentesfidedignas.com.mx\/wp-content\/uploads\/2022\/07\/2SODTTRNEZAFJO6LNBVP64YYZU.jpeg","type":"image\/jpeg"}],"author":"Infobae","twitter_card":"summary_large_image","twitter_creator":"@fidedignas","twitter_site":"@fidedignas","twitter_misc":{"Escrito por":"Infobae","Tiempo de lectura":"5 minutos"},"schema":{"@context":"https:\/\/schema.org","@graph":[{"@type":"Article","@id":"https:\/\/fuentesfidedignas.com.mx\/index.php\/2022\/07\/16\/dea-participo-en-arresto-de-caro-quintero-no-hay-escondite-para-quien-asesine-a-fuerzas-del-orden-estadounidenses\/#article","isPartOf":{"@id":"https:\/\/fuentesfidedignas.com.mx\/index.php\/2022\/07\/16\/dea-participo-en-arresto-de-caro-quintero-no-hay-escondite-para-quien-asesine-a-fuerzas-del-orden-estadounidenses\/"},"author":{"name":"Infobae","@id":"https:\/\/fuentesfidedignas.com.mx\/#\/schema\/person\/8575896a7c1067d352f6c1cd6582c389"},"headline":"DEA particip\u00f3 en arresto de Caro Quintero: \u201cNo hay escondite para quien asesine a fuerzas del orden estadounidenses\u201d","datePublished":"2022-07-16T17:06:54+00:00","dateModified":"2022-07-16T17:07:08+00:00","mainEntityOfPage":{"@id":"https:\/\/fuentesfidedignas.com.mx\/index.php\/2022\/07\/16\/dea-participo-en-arresto-de-caro-quintero-no-hay-escondite-para-quien-asesine-a-fuerzas-del-orden-estadounidenses\/"},"wordCount":913,"commentCount":0,"publisher":{"@id":"https:\/\/fuentesfidedignas.com.mx\/#organization"},"image":{"@id":"https:\/\/fuentesfidedignas.com.mx\/index.php\/2022\/07\/16\/dea-participo-en-arresto-de-caro-quintero-no-hay-escondite-para-quien-asesine-a-fuerzas-del-orden-estadounidenses\/#primaryimage"},"thumbnailUrl":"https:\/\/fuentesfidedignas.com.mx\/wp-content\/uploads\/2022\/07\/2SODTTRNEZAFJO6LNBVP64YYZU.jpeg","articleSection":["NOTICIAS NACIONALES"],"inLanguage":"es","potentialAction":[{"@type":"CommentAction","name":"Comment","target":["https:\/\/fuentesfidedignas.com.mx\/index.php\/2022\/07\/16\/dea-participo-en-arresto-de-caro-quintero-no-hay-escondite-para-quien-asesine-a-fuerzas-del-orden-estadounidenses\/#respond"]}]},{"@type":"WebPage","@id":"https:\/\/fuentesfidedignas.com.mx\/index.php\/2022\/07\/16\/dea-participo-en-arresto-de-caro-quintero-no-hay-escondite-para-quien-asesine-a-fuerzas-del-orden-estadounidenses\/","url":"https:\/\/fuentesfidedignas.com.mx\/index.php\/2022\/07\/16\/dea-participo-en-arresto-de-caro-quintero-no-hay-escondite-para-quien-asesine-a-fuerzas-del-orden-estadounidenses\/","name":"DEA particip\u00f3 en arresto de Caro Quintero: \u201cNo hay escondite para quien asesine a fuerzas del orden estadounidenses\u201d - Fuentes Fidedignas","isPartOf":{"@id":"https:\/\/fuentesfidedignas.com.mx\/#website"},"primaryImageOfPage":{"@id":"https:\/\/fuentesfidedignas.com.mx\/index.php\/2022\/07\/16\/dea-participo-en-arresto-de-caro-quintero-no-hay-escondite-para-quien-asesine-a-fuerzas-del-orden-estadounidenses\/#primaryimage"},"image":{"@id":"https:\/\/fuentesfidedignas.com.mx\/index.php\/2022\/07\/16\/dea-participo-en-arresto-de-caro-quintero-no-hay-escondite-para-quien-asesine-a-fuerzas-del-orden-estadounidenses\/#primaryimage"},"thumbnailUrl":"https:\/\/fuentesfidedignas.com.mx\/wp-content\/uploads\/2022\/07\/2SODTTRNEZAFJO6LNBVP64YYZU.jpeg","datePublished":"2022-07-16T17:06:54+00:00","dateModified":"2022-07-16T17:07:08+00:00","breadcrumb":{"@id":"https:\/\/fuentesfidedignas.com.mx\/index.php\/2022\/07\/16\/dea-participo-en-arresto-de-caro-quintero-no-hay-escondite-para-quien-asesine-a-fuerzas-del-orden-estadounidenses\/#breadcrumb"},"inLanguage":"es","potentialAction":[{"@type":"ReadAction","target":["https:\/\/fuentesfidedignas.com.mx\/index.php\/2022\/07\/16\/dea-participo-en-arresto-de-caro-quintero-no-hay-escondite-para-quien-asesine-a-fuerzas-del-orden-estadounidenses\/"]}]},{"@type":"ImageObject","inLanguage":"es","@id":"https:\/\/fuentesfidedignas.com.mx\/index.php\/2022\/07\/16\/dea-participo-en-arresto-de-caro-quintero-no-hay-escondite-para-quien-asesine-a-fuerzas-del-orden-estadounidenses\/#primaryimage","url":"https:\/\/fuentesfidedignas.com.mx\/wp-content\/uploads\/2022\/07\/2SODTTRNEZAFJO6LNBVP64YYZU.jpeg","contentUrl":"https:\/\/fuentesfidedignas.com.mx\/wp-content\/uploads\/2022\/07\/2SODTTRNEZAFJO6LNBVP64YYZU.jpeg","width":992,"height":661},{"@type":"BreadcrumbList","@id":"https:\/\/fuentesfidedignas.com.mx\/index.php\/2022\/07\/16\/dea-participo-en-arresto-de-caro-quintero-no-hay-escondite-para-quien-asesine-a-fuerzas-del-orden-estadounidenses\/#breadcrumb","itemListElement":[{"@type":"ListItem","position":1,"name":"Inicio","item":"https:\/\/fuentesfidedignas.com.mx\/"},{"@type":"ListItem","position":2,"name":"DEA particip\u00f3 en arresto de Caro Quintero: \u201cNo hay escondite para quien asesine a fuerzas del orden estadounidenses\u201d"}]},{"@type":"WebSite","@id":"https:\/\/fuentesfidedignas.com.mx\/#website","url":"https:\/\/fuentesfidedignas.com.mx\/","name":"Fuentes Fidedignas","description":"Otro sitio realizado con WordPress","publisher":{"@id":"https:\/\/fuentesfidedignas.com.mx\/#organization"},"potentialAction":[{"@type":"SearchAction","target":{"@type":"EntryPoint","urlTemplate":"https:\/\/fuentesfidedignas.com.mx\/?s={search_term_string}"},"query-input":{"@type":"PropertyValueSpecification","valueRequired":true,"valueName":"search_term_string"}}],"inLanguage":"es"},{"@type":"Organization","@id":"https:\/\/fuentesfidedignas.com.mx\/#organization","name":"Fuentes Fidedignas","url":"https:\/\/fuentesfidedignas.com.mx\/","logo":{"@type":"ImageObject","inLanguage":"es","@id":"https:\/\/fuentesfidedignas.com.mx\/#\/schema\/logo\/image\/","url":"https:\/\/fuentesfidedignas.com.mx\/wp-content\/uploads\/2021\/04\/logo-retina.png","contentUrl":"https:\/\/fuentesfidedignas.com.mx\/wp-content\/uploads\/2021\/04\/logo-retina.png","width":280,"height":51,"caption":"Fuentes Fidedignas"},"image":{"@id":"https:\/\/fuentesfidedignas.com.mx\/#\/schema\/logo\/image\/"},"sameAs":["https:\/\/www.facebook.com\/Fuentes-Fidedignas-368234489921644","https:\/\/x.com\/fidedignas"]},{"@type":"Person","@id":"https:\/\/fuentesfidedignas.com.mx\/#\/schema\/person\/8575896a7c1067d352f6c1cd6582c389","name":"Infobae","image":{"@type":"ImageObject","inLanguage":"es","@id":"https:\/\/secure.gravatar.com\/avatar\/e4ec95706f8d1670343f6526fdcec45474bab17475a851434a64ca12b5acba1c?s=96&d=mm&r=g","url":"https:\/\/secure.gravatar.com\/avatar\/e4ec95706f8d1670343f6526fdcec45474bab17475a851434a64ca12b5acba1c?s=96&d=mm&r=g","contentUrl":"https:\/\/secure.gravatar.com\/avatar\/e4ec95706f8d1670343f6526fdcec45474bab17475a851434a64ca12b5acba1c?s=96&d=mm&r=g","caption":"Infobae"},"url":"https:\/\/fuentesfidedignas.com.mx\/index.php\/author\/infobae\/"}]}},"_links":{"self":[{"href":"https:\/\/fuentesfidedignas.com.mx\/index.php\/wp-json\/wp\/v2\/posts\/37609","targetHints":{"allow":["GET"]}}],"collection":[{"href":"https:\/\/fuentesfidedignas.com.mx\/index.php\/wp-json\/wp\/v2\/posts"}],"about":[{"href":"https:\/\/fuentesfidedignas.com.mx\/index.php\/wp-json\/wp\/v2\/types\/post"}],"author":[{"embeddable":true,"href":"https:\/\/fuentesfidedignas.com.mx\/index.php\/wp-json\/wp\/v2\/users\/41"}],"replies":[{"embeddable":true,"href":"https:\/\/fuentesfidedignas.com.mx\/index.php\/wp-json\/wp\/v2\/comments?post=37609"}],"version-history":[{"count":1,"href":"https:\/\/fuentesfidedignas.com.mx\/index.php\/wp-json\/wp\/v2\/posts\/37609\/revisions"}],"predecessor-version":[{"id":37610,"href":"https:\/\/fuentesfidedignas.com.mx\/index.php\/wp-json\/wp\/v2\/posts\/37609\/revisions\/37610"}],"wp:featuredmedia":[{"embeddable":true,"href":"https:\/\/fuentesfidedignas.com.mx\/index.php\/wp-json\/wp\/v2\/media\/37611"}],"wp:attachment":[{"href":"https:\/\/fuentesfidedignas.com.mx\/index.php\/wp-json\/wp\/v2\/media?parent=37609"}],"wp:term":[{"taxonomy":"category","embeddable":true,"href":"https:\/\/fuentesfidedignas.com.mx\/index.php\/wp-json\/wp\/v2\/categories?post=37609"},{"taxonomy":"post_tag","embeddable":true,"href":"https:\/\/fuentesfidedignas.com.mx\/index.php\/wp-json\/wp\/v2\/tags?post=37609"}],"curies":[{"name":"wp","href":"https:\/\/api.w.org\/{rel}","templated":true}]}}