{"id":37602,"date":"2022-07-16T10:55:51","date_gmt":"2022-07-16T16:55:51","guid":{"rendered":"https:\/\/fuentesfidedignas.com.mx\/?p=37602"},"modified":"2022-07-16T10:56:09","modified_gmt":"2022-07-16T16:56:09","slug":"marinos-muertos-tras-desplome-respaldaron-operativo-contra-caro-quintero-amlo","status":"publish","type":"post","link":"https:\/\/fuentesfidedignas.com.mx\/index.php\/2022\/07\/16\/marinos-muertos-tras-desplome-respaldaron-operativo-contra-caro-quintero-amlo\/","title":{"rendered":"Marinos muertos tras desplome respaldaron operativo contra Caro Quintero: AMLO"},"content":{"rendered":"\n<p><strong><em><br>El presidente Andr\u00e9s Manuel L\u00f3pez Obrador recurri\u00f3 a sus redes sociales para expresar sus condolencias por la muerte de 14 elementos de la Marina <\/em><\/strong><\/p>\n\n\n\n<p>Ciudad de M\u00e9xico. El presidente\u00a0<a href=\"https:\/\/noticieros.televisa.com\/tema\/amlo-gobierno-mexico-noticias\/\" target=\"_blank\" rel=\"noreferrer noopener\"><strong>Andr\u00e9s Manuel L\u00f3pez Obrador<\/strong><\/a>\u00a0lament\u00f3, por medio de sus redes sociales, la muerte de 14 elementos de la Marina tras el desplome de su helic\u00f3ptero en el estado de Sinaloa.<\/p>\n\n\n\n<p>En su mensaje envi\u00f3 su p\u00e9same y un abrazo a los familiares de los marinos que perdieron la vida en cumplimiento de su deber tras la detenci\u00f3n del narcotraficante Rafael Caro Quintero.<\/p>\n\n\n\n<p><em>\u201cLamento mucho la p\u00e9rdida de 14 elementos de la Armada de M\u00e9xico y deseo que se recupere el oficial que est\u00e1 herido de gravedad. Env\u00edo mi m\u00e1s sincero p\u00e9same y abrazo a sus familiares, compa\u00f1eros y amigos\u201d, se lee en el mensaje emitido por el mandatario.<\/em><\/p>\n\n\n\n<p>A continuaci\u00f3n detall\u00f3 que se investigar\u00e1 las causas del percance que dej\u00f3 un saldo de 14 muertos y solo un sobreviviente.<\/p>\n\n\n\n<p><em>\u201cMe ha informado el secretario de Marina, Jos\u00e9 Rafael Ojeda Dur\u00e1n, que se ordenar\u00e1 una investigaci\u00f3n para conocer las causas del desplome del helic\u00f3ptero en el que viajaban cuando estaban por aterrizar en Los Mochis, Sinaloa, luego de cumplir con la misi\u00f3n de respaldar a quienes ejecutaron la orden de aprehensi\u00f3n en contra de Rafael Caro Quintero\u201d, public\u00f3 AMLO.<\/em><\/p>\n\n\n\n<figure class=\"wp-block-image size-large\"><img decoding=\"async\" width=\"1024\" height=\"871\" src=\"https:\/\/fuentesfidedignas.com.mx\/wp-content\/uploads\/2022\/07\/Screenshot_20220716-105523_Chrome-1024x871.jpg\" alt=\"\" class=\"wp-image-37603\" srcset=\"https:\/\/fuentesfidedignas.com.mx\/wp-content\/uploads\/2022\/07\/Screenshot_20220716-105523_Chrome-1024x871.jpg 1024w, https:\/\/fuentesfidedignas.com.mx\/wp-content\/uploads\/2022\/07\/Screenshot_20220716-105523_Chrome-300x255.jpg 300w, https:\/\/fuentesfidedignas.com.mx\/wp-content\/uploads\/2022\/07\/Screenshot_20220716-105523_Chrome-768x654.jpg 768w, https:\/\/fuentesfidedignas.com.mx\/wp-content\/uploads\/2022\/07\/Screenshot_20220716-105523_Chrome.jpg 1080w\" sizes=\"(max-width: 1024px) 100vw, 1024px\" \/><\/figure>\n","protected":false},"excerpt":{"rendered":"<p>El presidente Andr\u00e9s Manuel L\u00f3pez Obrador recurri\u00f3 a sus redes sociales para expresar sus condolencias por la muerte de 14 elementos de la Marina Ciudad de M\u00e9xico. El presidente\u00a0Andr\u00e9s Manuel L\u00f3pez Obrador\u00a0lament\u00f3, por medio de sus redes sociales, la muerte de 14 elementos de la Marina tras el desplome de su helic\u00f3ptero en el estado [&hellip;]<\/p>\n","protected":false},"author":46,"featured_media":37605,"comment_status":"open","ping_status":"open","sticky":false,"template":"","format":"standard","meta":{"tdm_status":"","tdm_grid_status":"","footnotes":""},"categories":[39],"tags":[],"class_list":{"0":"post-37602","1":"post","2":"type-post","3":"status-publish","4":"format-standard","5":"has-post-thumbnail","7":"category-noticias-nacionales"},"yoast_head":"<!-- This site is optimized with the Yoast SEO plugin v27.5 - https:\/\/yoast.com\/product\/yoast-seo-wordpress\/ -->\n<title>Marinos muertos tras desplome respaldaron operativo contra Caro Quintero: AMLO - Fuentes Fidedignas<\/title>\n<meta name=\"robots\" content=\"index, follow, max-snippet:-1, max-image-preview:large, max-video-preview:-1\" \/>\n<link rel=\"canonical\" href=\"https:\/\/fuentesfidedignas.com.mx\/index.php\/2022\/07\/16\/marinos-muertos-tras-desplome-respaldaron-operativo-contra-caro-quintero-amlo\/\" \/>\n<meta property=\"og:locale\" content=\"es_MX\" \/>\n<meta property=\"og:type\" content=\"article\" \/>\n<meta property=\"og:title\" content=\"Marinos muertos tras desplome respaldaron operativo contra Caro Quintero: AMLO - Fuentes Fidedignas\" \/>\n<meta property=\"og:description\" content=\"El presidente Andr\u00e9s Manuel L\u00f3pez Obrador recurri\u00f3 a sus redes sociales para expresar sus condolencias por la muerte de 14 elementos de la Marina Ciudad de M\u00e9xico. El presidente\u00a0Andr\u00e9s Manuel L\u00f3pez Obrador\u00a0lament\u00f3, por medio de sus redes sociales, la muerte de 14 elementos de la Marina tras el desplome de su helic\u00f3ptero en el estado [&hellip;]\" \/>\n<meta property=\"og:url\" content=\"https:\/\/fuentesfidedignas.com.mx\/index.php\/2022\/07\/16\/marinos-muertos-tras-desplome-respaldaron-operativo-contra-caro-quintero-amlo\/\" \/>\n<meta property=\"og:site_name\" content=\"Fuentes Fidedignas\" \/>\n<meta property=\"article:publisher\" content=\"https:\/\/www.facebook.com\/Fuentes-Fidedignas-368234489921644\" \/>\n<meta property=\"article:published_time\" content=\"2022-07-16T16:55:51+00:00\" \/>\n<meta property=\"article:modified_time\" content=\"2022-07-16T16:56:09+00:00\" \/>\n<meta property=\"og:image\" content=\"https:\/\/fuentesfidedignas.com.mx\/wp-content\/uploads\/2022\/07\/cuartoscuro-883975-digital.jpeg\" \/>\n\t<meta property=\"og:image:width\" content=\"1536\" \/>\n\t<meta property=\"og:image:height\" content=\"1152\" \/>\n\t<meta property=\"og:image:type\" content=\"image\/jpeg\" \/>\n<meta name=\"author\" content=\"Noticieros Televisa\" \/>\n<meta name=\"twitter:card\" content=\"summary_large_image\" \/>\n<meta name=\"twitter:creator\" content=\"@fidedignas\" \/>\n<meta name=\"twitter:site\" content=\"@fidedignas\" \/>\n<meta name=\"twitter:label1\" content=\"Escrito por\" \/>\n\t<meta name=\"twitter:data1\" content=\"Noticieros Televisa\" \/>\n\t<meta name=\"twitter:label2\" content=\"Tiempo de lectura\" \/>\n\t<meta name=\"twitter:data2\" content=\"2 minutos\" \/>\n<script type=\"application\/ld+json\" class=\"yoast-schema-graph\">{\"@context\":\"https:\\\/\\\/schema.org\",\"@graph\":[{\"@type\":\"Article\",\"@id\":\"https:\\\/\\\/fuentesfidedignas.com.mx\\\/index.php\\\/2022\\\/07\\\/16\\\/marinos-muertos-tras-desplome-respaldaron-operativo-contra-caro-quintero-amlo\\\/#article\",\"isPartOf\":{\"@id\":\"https:\\\/\\\/fuentesfidedignas.com.mx\\\/index.php\\\/2022\\\/07\\\/16\\\/marinos-muertos-tras-desplome-respaldaron-operativo-contra-caro-quintero-amlo\\\/\"},\"author\":{\"name\":\"Noticieros Televisa\",\"@id\":\"https:\\\/\\\/fuentesfidedignas.com.mx\\\/#\\\/schema\\\/person\\\/f030e42657a5a464a8bbd891b1aab6ee\"},\"headline\":\"Marinos muertos tras desplome respaldaron operativo contra Caro Quintero: AMLO\",\"datePublished\":\"2022-07-16T16:55:51+00:00\",\"dateModified\":\"2022-07-16T16:56:09+00:00\",\"mainEntityOfPage\":{\"@id\":\"https:\\\/\\\/fuentesfidedignas.com.mx\\\/index.php\\\/2022\\\/07\\\/16\\\/marinos-muertos-tras-desplome-respaldaron-operativo-contra-caro-quintero-amlo\\\/\"},\"wordCount\":243,\"commentCount\":0,\"publisher\":{\"@id\":\"https:\\\/\\\/fuentesfidedignas.com.mx\\\/#organization\"},\"image\":{\"@id\":\"https:\\\/\\\/fuentesfidedignas.com.mx\\\/index.php\\\/2022\\\/07\\\/16\\\/marinos-muertos-tras-desplome-respaldaron-operativo-contra-caro-quintero-amlo\\\/#primaryimage\"},\"thumbnailUrl\":\"https:\\\/\\\/fuentesfidedignas.com.mx\\\/wp-content\\\/uploads\\\/2022\\\/07\\\/cuartoscuro-883975-digital.jpeg\",\"articleSection\":[\"NOTICIAS NACIONALES\"],\"inLanguage\":\"es\",\"potentialAction\":[{\"@type\":\"CommentAction\",\"name\":\"Comment\",\"target\":[\"https:\\\/\\\/fuentesfidedignas.com.mx\\\/index.php\\\/2022\\\/07\\\/16\\\/marinos-muertos-tras-desplome-respaldaron-operativo-contra-caro-quintero-amlo\\\/#respond\"]}]},{\"@type\":\"WebPage\",\"@id\":\"https:\\\/\\\/fuentesfidedignas.com.mx\\\/index.php\\\/2022\\\/07\\\/16\\\/marinos-muertos-tras-desplome-respaldaron-operativo-contra-caro-quintero-amlo\\\/\",\"url\":\"https:\\\/\\\/fuentesfidedignas.com.mx\\\/index.php\\\/2022\\\/07\\\/16\\\/marinos-muertos-tras-desplome-respaldaron-operativo-contra-caro-quintero-amlo\\\/\",\"name\":\"Marinos muertos tras desplome respaldaron operativo contra Caro Quintero: AMLO - Fuentes Fidedignas\",\"isPartOf\":{\"@id\":\"https:\\\/\\\/fuentesfidedignas.com.mx\\\/#website\"},\"primaryImageOfPage\":{\"@id\":\"https:\\\/\\\/fuentesfidedignas.com.mx\\\/index.php\\\/2022\\\/07\\\/16\\\/marinos-muertos-tras-desplome-respaldaron-operativo-contra-caro-quintero-amlo\\\/#primaryimage\"},\"image\":{\"@id\":\"https:\\\/\\\/fuentesfidedignas.com.mx\\\/index.php\\\/2022\\\/07\\\/16\\\/marinos-muertos-tras-desplome-respaldaron-operativo-contra-caro-quintero-amlo\\\/#primaryimage\"},\"thumbnailUrl\":\"https:\\\/\\\/fuentesfidedignas.com.mx\\\/wp-content\\\/uploads\\\/2022\\\/07\\\/cuartoscuro-883975-digital.jpeg\",\"datePublished\":\"2022-07-16T16:55:51+00:00\",\"dateModified\":\"2022-07-16T16:56:09+00:00\",\"breadcrumb\":{\"@id\":\"https:\\\/\\\/fuentesfidedignas.com.mx\\\/index.php\\\/2022\\\/07\\\/16\\\/marinos-muertos-tras-desplome-respaldaron-operativo-contra-caro-quintero-amlo\\\/#breadcrumb\"},\"inLanguage\":\"es\",\"potentialAction\":[{\"@type\":\"ReadAction\",\"target\":[\"https:\\\/\\\/fuentesfidedignas.com.mx\\\/index.php\\\/2022\\\/07\\\/16\\\/marinos-muertos-tras-desplome-respaldaron-operativo-contra-caro-quintero-amlo\\\/\"]}]},{\"@type\":\"ImageObject\",\"inLanguage\":\"es\",\"@id\":\"https:\\\/\\\/fuentesfidedignas.com.mx\\\/index.php\\\/2022\\\/07\\\/16\\\/marinos-muertos-tras-desplome-respaldaron-operativo-contra-caro-quintero-amlo\\\/#primaryimage\",\"url\":\"https:\\\/\\\/fuentesfidedignas.com.mx\\\/wp-content\\\/uploads\\\/2022\\\/07\\\/cuartoscuro-883975-digital.jpeg\",\"contentUrl\":\"https:\\\/\\\/fuentesfidedignas.com.mx\\\/wp-content\\\/uploads\\\/2022\\\/07\\\/cuartoscuro-883975-digital.jpeg\",\"width\":1536,\"height\":1152},{\"@type\":\"BreadcrumbList\",\"@id\":\"https:\\\/\\\/fuentesfidedignas.com.mx\\\/index.php\\\/2022\\\/07\\\/16\\\/marinos-muertos-tras-desplome-respaldaron-operativo-contra-caro-quintero-amlo\\\/#breadcrumb\",\"itemListElement\":[{\"@type\":\"ListItem\",\"position\":1,\"name\":\"Inicio\",\"item\":\"https:\\\/\\\/fuentesfidedignas.com.mx\\\/\"},{\"@type\":\"ListItem\",\"position\":2,\"name\":\"Marinos muertos tras desplome respaldaron operativo contra Caro Quintero: AMLO\"}]},{\"@type\":\"WebSite\",\"@id\":\"https:\\\/\\\/fuentesfidedignas.com.mx\\\/#website\",\"url\":\"https:\\\/\\\/fuentesfidedignas.com.mx\\\/\",\"name\":\"Fuentes Fidedignas\",\"description\":\"Otro sitio realizado con WordPress\",\"publisher\":{\"@id\":\"https:\\\/\\\/fuentesfidedignas.com.mx\\\/#organization\"},\"potentialAction\":[{\"@type\":\"SearchAction\",\"target\":{\"@type\":\"EntryPoint\",\"urlTemplate\":\"https:\\\/\\\/fuentesfidedignas.com.mx\\\/?s={search_term_string}\"},\"query-input\":{\"@type\":\"PropertyValueSpecification\",\"valueRequired\":true,\"valueName\":\"search_term_string\"}}],\"inLanguage\":\"es\"},{\"@type\":\"Organization\",\"@id\":\"https:\\\/\\\/fuentesfidedignas.com.mx\\\/#organization\",\"name\":\"Fuentes Fidedignas\",\"url\":\"https:\\\/\\\/fuentesfidedignas.com.mx\\\/\",\"logo\":{\"@type\":\"ImageObject\",\"inLanguage\":\"es\",\"@id\":\"https:\\\/\\\/fuentesfidedignas.com.mx\\\/#\\\/schema\\\/logo\\\/image\\\/\",\"url\":\"https:\\\/\\\/fuentesfidedignas.com.mx\\\/wp-content\\\/uploads\\\/2021\\\/04\\\/logo-retina.png\",\"contentUrl\":\"https:\\\/\\\/fuentesfidedignas.com.mx\\\/wp-content\\\/uploads\\\/2021\\\/04\\\/logo-retina.png\",\"width\":280,\"height\":51,\"caption\":\"Fuentes Fidedignas\"},\"image\":{\"@id\":\"https:\\\/\\\/fuentesfidedignas.com.mx\\\/#\\\/schema\\\/logo\\\/image\\\/\"},\"sameAs\":[\"https:\\\/\\\/www.facebook.com\\\/Fuentes-Fidedignas-368234489921644\",\"https:\\\/\\\/x.com\\\/fidedignas\"]},{\"@type\":\"Person\",\"@id\":\"https:\\\/\\\/fuentesfidedignas.com.mx\\\/#\\\/schema\\\/person\\\/f030e42657a5a464a8bbd891b1aab6ee\",\"name\":\"Noticieros Televisa\",\"image\":{\"@type\":\"ImageObject\",\"inLanguage\":\"es\",\"@id\":\"https:\\\/\\\/secure.gravatar.com\\\/avatar\\\/0e47b9e785a628831b8fd9eaf15e090e106760a879abbd4a3306f128ef5d43a9?s=96&d=mm&r=g\",\"url\":\"https:\\\/\\\/secure.gravatar.com\\\/avatar\\\/0e47b9e785a628831b8fd9eaf15e090e106760a879abbd4a3306f128ef5d43a9?s=96&d=mm&r=g\",\"contentUrl\":\"https:\\\/\\\/secure.gravatar.com\\\/avatar\\\/0e47b9e785a628831b8fd9eaf15e090e106760a879abbd4a3306f128ef5d43a9?s=96&d=mm&r=g\",\"caption\":\"Noticieros Televisa\"},\"url\":\"https:\\\/\\\/fuentesfidedignas.com.mx\\\/index.php\\\/author\\\/noticieros-televisa\\\/\"}]}<\/script>\n<!-- \/ Yoast SEO plugin. -->","yoast_head_json":{"title":"Marinos muertos tras desplome respaldaron operativo contra Caro Quintero: AMLO - Fuentes Fidedignas","robots":{"index":"index","follow":"follow","max-snippet":"max-snippet:-1","max-image-preview":"max-image-preview:large","max-video-preview":"max-video-preview:-1"},"canonical":"https:\/\/fuentesfidedignas.com.mx\/index.php\/2022\/07\/16\/marinos-muertos-tras-desplome-respaldaron-operativo-contra-caro-quintero-amlo\/","og_locale":"es_MX","og_type":"article","og_title":"Marinos muertos tras desplome respaldaron operativo contra Caro Quintero: AMLO - Fuentes Fidedignas","og_description":"El presidente Andr\u00e9s Manuel L\u00f3pez Obrador recurri\u00f3 a sus redes sociales para expresar sus condolencias por la muerte de 14 elementos de la Marina Ciudad de M\u00e9xico. El presidente\u00a0Andr\u00e9s Manuel L\u00f3pez Obrador\u00a0lament\u00f3, por medio de sus redes sociales, la muerte de 14 elementos de la Marina tras el desplome de su helic\u00f3ptero en el estado [&hellip;]","og_url":"https:\/\/fuentesfidedignas.com.mx\/index.php\/2022\/07\/16\/marinos-muertos-tras-desplome-respaldaron-operativo-contra-caro-quintero-amlo\/","og_site_name":"Fuentes Fidedignas","article_publisher":"https:\/\/www.facebook.com\/Fuentes-Fidedignas-368234489921644","article_published_time":"2022-07-16T16:55:51+00:00","article_modified_time":"2022-07-16T16:56:09+00:00","og_image":[{"width":1536,"height":1152,"url":"https:\/\/fuentesfidedignas.com.mx\/wp-content\/uploads\/2022\/07\/cuartoscuro-883975-digital.jpeg","type":"image\/jpeg"}],"author":"Noticieros Televisa","twitter_card":"summary_large_image","twitter_creator":"@fidedignas","twitter_site":"@fidedignas","twitter_misc":{"Escrito por":"Noticieros Televisa","Tiempo de lectura":"2 minutos"},"schema":{"@context":"https:\/\/schema.org","@graph":[{"@type":"Article","@id":"https:\/\/fuentesfidedignas.com.mx\/index.php\/2022\/07\/16\/marinos-muertos-tras-desplome-respaldaron-operativo-contra-caro-quintero-amlo\/#article","isPartOf":{"@id":"https:\/\/fuentesfidedignas.com.mx\/index.php\/2022\/07\/16\/marinos-muertos-tras-desplome-respaldaron-operativo-contra-caro-quintero-amlo\/"},"author":{"name":"Noticieros Televisa","@id":"https:\/\/fuentesfidedignas.com.mx\/#\/schema\/person\/f030e42657a5a464a8bbd891b1aab6ee"},"headline":"Marinos muertos tras desplome respaldaron operativo contra Caro Quintero: AMLO","datePublished":"2022-07-16T16:55:51+00:00","dateModified":"2022-07-16T16:56:09+00:00","mainEntityOfPage":{"@id":"https:\/\/fuentesfidedignas.com.mx\/index.php\/2022\/07\/16\/marinos-muertos-tras-desplome-respaldaron-operativo-contra-caro-quintero-amlo\/"},"wordCount":243,"commentCount":0,"publisher":{"@id":"https:\/\/fuentesfidedignas.com.mx\/#organization"},"image":{"@id":"https:\/\/fuentesfidedignas.com.mx\/index.php\/2022\/07\/16\/marinos-muertos-tras-desplome-respaldaron-operativo-contra-caro-quintero-amlo\/#primaryimage"},"thumbnailUrl":"https:\/\/fuentesfidedignas.com.mx\/wp-content\/uploads\/2022\/07\/cuartoscuro-883975-digital.jpeg","articleSection":["NOTICIAS NACIONALES"],"inLanguage":"es","potentialAction":[{"@type":"CommentAction","name":"Comment","target":["https:\/\/fuentesfidedignas.com.mx\/index.php\/2022\/07\/16\/marinos-muertos-tras-desplome-respaldaron-operativo-contra-caro-quintero-amlo\/#respond"]}]},{"@type":"WebPage","@id":"https:\/\/fuentesfidedignas.com.mx\/index.php\/2022\/07\/16\/marinos-muertos-tras-desplome-respaldaron-operativo-contra-caro-quintero-amlo\/","url":"https:\/\/fuentesfidedignas.com.mx\/index.php\/2022\/07\/16\/marinos-muertos-tras-desplome-respaldaron-operativo-contra-caro-quintero-amlo\/","name":"Marinos muertos tras desplome respaldaron operativo contra Caro Quintero: AMLO - Fuentes Fidedignas","isPartOf":{"@id":"https:\/\/fuentesfidedignas.com.mx\/#website"},"primaryImageOfPage":{"@id":"https:\/\/fuentesfidedignas.com.mx\/index.php\/2022\/07\/16\/marinos-muertos-tras-desplome-respaldaron-operativo-contra-caro-quintero-amlo\/#primaryimage"},"image":{"@id":"https:\/\/fuentesfidedignas.com.mx\/index.php\/2022\/07\/16\/marinos-muertos-tras-desplome-respaldaron-operativo-contra-caro-quintero-amlo\/#primaryimage"},"thumbnailUrl":"https:\/\/fuentesfidedignas.com.mx\/wp-content\/uploads\/2022\/07\/cuartoscuro-883975-digital.jpeg","datePublished":"2022-07-16T16:55:51+00:00","dateModified":"2022-07-16T16:56:09+00:00","breadcrumb":{"@id":"https:\/\/fuentesfidedignas.com.mx\/index.php\/2022\/07\/16\/marinos-muertos-tras-desplome-respaldaron-operativo-contra-caro-quintero-amlo\/#breadcrumb"},"inLanguage":"es","potentialAction":[{"@type":"ReadAction","target":["https:\/\/fuentesfidedignas.com.mx\/index.php\/2022\/07\/16\/marinos-muertos-tras-desplome-respaldaron-operativo-contra-caro-quintero-amlo\/"]}]},{"@type":"ImageObject","inLanguage":"es","@id":"https:\/\/fuentesfidedignas.com.mx\/index.php\/2022\/07\/16\/marinos-muertos-tras-desplome-respaldaron-operativo-contra-caro-quintero-amlo\/#primaryimage","url":"https:\/\/fuentesfidedignas.com.mx\/wp-content\/uploads\/2022\/07\/cuartoscuro-883975-digital.jpeg","contentUrl":"https:\/\/fuentesfidedignas.com.mx\/wp-content\/uploads\/2022\/07\/cuartoscuro-883975-digital.jpeg","width":1536,"height":1152},{"@type":"BreadcrumbList","@id":"https:\/\/fuentesfidedignas.com.mx\/index.php\/2022\/07\/16\/marinos-muertos-tras-desplome-respaldaron-operativo-contra-caro-quintero-amlo\/#breadcrumb","itemListElement":[{"@type":"ListItem","position":1,"name":"Inicio","item":"https:\/\/fuentesfidedignas.com.mx\/"},{"@type":"ListItem","position":2,"name":"Marinos muertos tras desplome respaldaron operativo contra Caro Quintero: AMLO"}]},{"@type":"WebSite","@id":"https:\/\/fuentesfidedignas.com.mx\/#website","url":"https:\/\/fuentesfidedignas.com.mx\/","name":"Fuentes Fidedignas","description":"Otro sitio realizado con WordPress","publisher":{"@id":"https:\/\/fuentesfidedignas.com.mx\/#organization"},"potentialAction":[{"@type":"SearchAction","target":{"@type":"EntryPoint","urlTemplate":"https:\/\/fuentesfidedignas.com.mx\/?s={search_term_string}"},"query-input":{"@type":"PropertyValueSpecification","valueRequired":true,"valueName":"search_term_string"}}],"inLanguage":"es"},{"@type":"Organization","@id":"https:\/\/fuentesfidedignas.com.mx\/#organization","name":"Fuentes Fidedignas","url":"https:\/\/fuentesfidedignas.com.mx\/","logo":{"@type":"ImageObject","inLanguage":"es","@id":"https:\/\/fuentesfidedignas.com.mx\/#\/schema\/logo\/image\/","url":"https:\/\/fuentesfidedignas.com.mx\/wp-content\/uploads\/2021\/04\/logo-retina.png","contentUrl":"https:\/\/fuentesfidedignas.com.mx\/wp-content\/uploads\/2021\/04\/logo-retina.png","width":280,"height":51,"caption":"Fuentes Fidedignas"},"image":{"@id":"https:\/\/fuentesfidedignas.com.mx\/#\/schema\/logo\/image\/"},"sameAs":["https:\/\/www.facebook.com\/Fuentes-Fidedignas-368234489921644","https:\/\/x.com\/fidedignas"]},{"@type":"Person","@id":"https:\/\/fuentesfidedignas.com.mx\/#\/schema\/person\/f030e42657a5a464a8bbd891b1aab6ee","name":"Noticieros Televisa","image":{"@type":"ImageObject","inLanguage":"es","@id":"https:\/\/secure.gravatar.com\/avatar\/0e47b9e785a628831b8fd9eaf15e090e106760a879abbd4a3306f128ef5d43a9?s=96&d=mm&r=g","url":"https:\/\/secure.gravatar.com\/avatar\/0e47b9e785a628831b8fd9eaf15e090e106760a879abbd4a3306f128ef5d43a9?s=96&d=mm&r=g","contentUrl":"https:\/\/secure.gravatar.com\/avatar\/0e47b9e785a628831b8fd9eaf15e090e106760a879abbd4a3306f128ef5d43a9?s=96&d=mm&r=g","caption":"Noticieros Televisa"},"url":"https:\/\/fuentesfidedignas.com.mx\/index.php\/author\/noticieros-televisa\/"}]}},"_links":{"self":[{"href":"https:\/\/fuentesfidedignas.com.mx\/index.php\/wp-json\/wp\/v2\/posts\/37602","targetHints":{"allow":["GET"]}}],"collection":[{"href":"https:\/\/fuentesfidedignas.com.mx\/index.php\/wp-json\/wp\/v2\/posts"}],"about":[{"href":"https:\/\/fuentesfidedignas.com.mx\/index.php\/wp-json\/wp\/v2\/types\/post"}],"author":[{"embeddable":true,"href":"https:\/\/fuentesfidedignas.com.mx\/index.php\/wp-json\/wp\/v2\/users\/46"}],"replies":[{"embeddable":true,"href":"https:\/\/fuentesfidedignas.com.mx\/index.php\/wp-json\/wp\/v2\/comments?post=37602"}],"version-history":[{"count":1,"href":"https:\/\/fuentesfidedignas.com.mx\/index.php\/wp-json\/wp\/v2\/posts\/37602\/revisions"}],"predecessor-version":[{"id":37604,"href":"https:\/\/fuentesfidedignas.com.mx\/index.php\/wp-json\/wp\/v2\/posts\/37602\/revisions\/37604"}],"wp:featuredmedia":[{"embeddable":true,"href":"https:\/\/fuentesfidedignas.com.mx\/index.php\/wp-json\/wp\/v2\/media\/37605"}],"wp:attachment":[{"href":"https:\/\/fuentesfidedignas.com.mx\/index.php\/wp-json\/wp\/v2\/media?parent=37602"}],"wp:term":[{"taxonomy":"category","embeddable":true,"href":"https:\/\/fuentesfidedignas.com.mx\/index.php\/wp-json\/wp\/v2\/categories?post=37602"},{"taxonomy":"post_tag","embeddable":true,"href":"https:\/\/fuentesfidedignas.com.mx\/index.php\/wp-json\/wp\/v2\/tags?post=37602"}],"curies":[{"name":"wp","href":"https:\/\/api.w.org\/{rel}","templated":true}]}}