{"id":37596,"date":"2022-07-16T10:40:32","date_gmt":"2022-07-16T16:40:32","guid":{"rendered":"https:\/\/fuentesfidedignas.com.mx\/?p=37596"},"modified":"2022-07-16T18:10:53","modified_gmt":"2022-07-17T00:10:53","slug":"implicada-guarda-silencio-y-se-contradice-en-interrogatorio-sobre-luis-enrique-ramirez","status":"publish","type":"post","link":"https:\/\/fuentesfidedignas.com.mx\/index.php\/2022\/07\/16\/implicada-guarda-silencio-y-se-contradice-en-interrogatorio-sobre-luis-enrique-ramirez\/","title":{"rendered":"Implicada guarda silencio y se contradice en interrogatorio sobre Luis Enrique Ram\u00edrez"},"content":{"rendered":"\n<p><strong><em>Se limit\u00f3 a responder a su defensa, cayendo en contradicciones con datos e informaci\u00f3n<\/em><\/strong><\/p>\n\n\n\n<p>Culiac\u00e1n, Sin. <strong>Brysia Carolina<\/strong>, la mujer implicada en el homicidio del periodista <strong>Luis Enrique Ram\u00edrez<\/strong>, se reserv\u00f3 ante los cuestionamientos por parte del Ministerio P\u00fablico en la audiencia que se lleva en estos momentos.<\/p>\n\n\n\n<p>La f\u00e9mina detenida por Encubrimiento por Favorecimiento , <strong>se limit\u00f3 a responder a su defensa<\/strong>, cayendo en contradicciones con datos e informaci\u00f3n. <\/p>\n\n\n\n<p>La imputada es una de varios testigos, a los que se les cit\u00f3 hoy a un interrogatorio por el homicidio del comunicador encontrado sin vida el pasado 5 de mayo y privado un d\u00eda antes.<\/p>\n\n\n\n<p>Brysia Carolina antes de la audiencia se encontraba bajo prisi\u00f3n preventiva, y tras siete horas de audiencia el Juez de Control determin\u00f3 vincularla a proceso y darle prisi\u00f3n justificada.<\/p>\n","protected":false},"excerpt":{"rendered":"<p>Se limit\u00f3 a responder a su defensa, cayendo en contradicciones con datos e informaci\u00f3n Culiac\u00e1n, Sin. Brysia Carolina, la mujer implicada en el homicidio del periodista Luis Enrique Ram\u00edrez, se reserv\u00f3 ante los cuestionamientos por parte del Ministerio P\u00fablico en la audiencia que se lleva en estos momentos. La f\u00e9mina detenida por Encubrimiento por Favorecimiento [&hellip;]<\/p>\n","protected":false},"author":115,"featured_media":37598,"comment_status":"open","ping_status":"open","sticky":false,"template":"","format":"standard","meta":{"tdm_status":"","tdm_grid_status":"","footnotes":""},"categories":[38],"tags":[],"class_list":{"0":"post-37596","1":"post","2":"type-post","3":"status-publish","4":"format-standard","5":"has-post-thumbnail","7":"category-noticias-locales"},"yoast_head":"<!-- This site is optimized with the Yoast SEO plugin v27.5 - https:\/\/yoast.com\/product\/yoast-seo-wordpress\/ -->\n<title>Implicada guarda silencio y se contradice en interrogatorio sobre Luis Enrique Ram\u00edrez - Fuentes Fidedignas<\/title>\n<meta name=\"robots\" content=\"index, follow, max-snippet:-1, max-image-preview:large, max-video-preview:-1\" \/>\n<link rel=\"canonical\" href=\"https:\/\/fuentesfidedignas.com.mx\/index.php\/2022\/07\/16\/implicada-guarda-silencio-y-se-contradice-en-interrogatorio-sobre-luis-enrique-ramirez\/\" \/>\n<meta property=\"og:locale\" content=\"es_MX\" \/>\n<meta property=\"og:type\" content=\"article\" \/>\n<meta property=\"og:title\" content=\"Implicada guarda silencio y se contradice en interrogatorio sobre Luis Enrique Ram\u00edrez - Fuentes Fidedignas\" \/>\n<meta property=\"og:description\" content=\"Se limit\u00f3 a responder a su defensa, cayendo en contradicciones con datos e informaci\u00f3n Culiac\u00e1n, Sin. Brysia Carolina, la mujer implicada en el homicidio del periodista Luis Enrique Ram\u00edrez, se reserv\u00f3 ante los cuestionamientos por parte del Ministerio P\u00fablico en la audiencia que se lleva en estos momentos. La f\u00e9mina detenida por Encubrimiento por Favorecimiento [&hellip;]\" \/>\n<meta property=\"og:url\" content=\"https:\/\/fuentesfidedignas.com.mx\/index.php\/2022\/07\/16\/implicada-guarda-silencio-y-se-contradice-en-interrogatorio-sobre-luis-enrique-ramirez\/\" \/>\n<meta property=\"og:site_name\" content=\"Fuentes Fidedignas\" \/>\n<meta property=\"article:publisher\" content=\"https:\/\/www.facebook.com\/Fuentes-Fidedignas-368234489921644\" \/>\n<meta property=\"article:published_time\" content=\"2022-07-16T16:40:32+00:00\" \/>\n<meta property=\"article:modified_time\" content=\"2022-07-17T00:10:53+00:00\" \/>\n<meta property=\"og:image\" content=\"https:\/\/fuentesfidedignas.com.mx\/wp-content\/uploads\/2022\/07\/Screenshot_20220716-104125_WhatsApp.jpg\" \/>\n\t<meta property=\"og:image:width\" content=\"1080\" \/>\n\t<meta property=\"og:image:height\" content=\"806\" \/>\n\t<meta property=\"og:image:type\" content=\"image\/jpeg\" \/>\n<meta name=\"author\" content=\"Irma Espinoza\" \/>\n<meta name=\"twitter:card\" content=\"summary_large_image\" \/>\n<meta name=\"twitter:creator\" content=\"@fidedignas\" \/>\n<meta name=\"twitter:site\" content=\"@fidedignas\" \/>\n<meta name=\"twitter:label1\" content=\"Escrito por\" \/>\n\t<meta name=\"twitter:data1\" content=\"Irma Espinoza\" \/>\n\t<meta name=\"twitter:label2\" content=\"Tiempo de lectura\" \/>\n\t<meta name=\"twitter:data2\" content=\"1 minuto\" \/>\n<script type=\"application\/ld+json\" class=\"yoast-schema-graph\">{\"@context\":\"https:\\\/\\\/schema.org\",\"@graph\":[{\"@type\":\"Article\",\"@id\":\"https:\\\/\\\/fuentesfidedignas.com.mx\\\/index.php\\\/2022\\\/07\\\/16\\\/implicada-guarda-silencio-y-se-contradice-en-interrogatorio-sobre-luis-enrique-ramirez\\\/#article\",\"isPartOf\":{\"@id\":\"https:\\\/\\\/fuentesfidedignas.com.mx\\\/index.php\\\/2022\\\/07\\\/16\\\/implicada-guarda-silencio-y-se-contradice-en-interrogatorio-sobre-luis-enrique-ramirez\\\/\"},\"author\":{\"name\":\"Irma Espinoza\",\"@id\":\"https:\\\/\\\/fuentesfidedignas.com.mx\\\/#\\\/schema\\\/person\\\/8100cb4bfcbf6d754386ce164f542ba1\"},\"headline\":\"Implicada guarda silencio y se contradice en interrogatorio sobre Luis Enrique Ram\u00edrez\",\"datePublished\":\"2022-07-16T16:40:32+00:00\",\"dateModified\":\"2022-07-17T00:10:53+00:00\",\"mainEntityOfPage\":{\"@id\":\"https:\\\/\\\/fuentesfidedignas.com.mx\\\/index.php\\\/2022\\\/07\\\/16\\\/implicada-guarda-silencio-y-se-contradice-en-interrogatorio-sobre-luis-enrique-ramirez\\\/\"},\"wordCount\":154,\"commentCount\":0,\"publisher\":{\"@id\":\"https:\\\/\\\/fuentesfidedignas.com.mx\\\/#organization\"},\"image\":{\"@id\":\"https:\\\/\\\/fuentesfidedignas.com.mx\\\/index.php\\\/2022\\\/07\\\/16\\\/implicada-guarda-silencio-y-se-contradice-en-interrogatorio-sobre-luis-enrique-ramirez\\\/#primaryimage\"},\"thumbnailUrl\":\"https:\\\/\\\/fuentesfidedignas.com.mx\\\/wp-content\\\/uploads\\\/2022\\\/07\\\/Screenshot_20220716-104125_WhatsApp.jpg\",\"articleSection\":[\"NOTICIAS LOCALES\"],\"inLanguage\":\"es\",\"potentialAction\":[{\"@type\":\"CommentAction\",\"name\":\"Comment\",\"target\":[\"https:\\\/\\\/fuentesfidedignas.com.mx\\\/index.php\\\/2022\\\/07\\\/16\\\/implicada-guarda-silencio-y-se-contradice-en-interrogatorio-sobre-luis-enrique-ramirez\\\/#respond\"]}]},{\"@type\":\"WebPage\",\"@id\":\"https:\\\/\\\/fuentesfidedignas.com.mx\\\/index.php\\\/2022\\\/07\\\/16\\\/implicada-guarda-silencio-y-se-contradice-en-interrogatorio-sobre-luis-enrique-ramirez\\\/\",\"url\":\"https:\\\/\\\/fuentesfidedignas.com.mx\\\/index.php\\\/2022\\\/07\\\/16\\\/implicada-guarda-silencio-y-se-contradice-en-interrogatorio-sobre-luis-enrique-ramirez\\\/\",\"name\":\"Implicada guarda silencio y se contradice en interrogatorio sobre Luis Enrique Ram\u00edrez - Fuentes Fidedignas\",\"isPartOf\":{\"@id\":\"https:\\\/\\\/fuentesfidedignas.com.mx\\\/#website\"},\"primaryImageOfPage\":{\"@id\":\"https:\\\/\\\/fuentesfidedignas.com.mx\\\/index.php\\\/2022\\\/07\\\/16\\\/implicada-guarda-silencio-y-se-contradice-en-interrogatorio-sobre-luis-enrique-ramirez\\\/#primaryimage\"},\"image\":{\"@id\":\"https:\\\/\\\/fuentesfidedignas.com.mx\\\/index.php\\\/2022\\\/07\\\/16\\\/implicada-guarda-silencio-y-se-contradice-en-interrogatorio-sobre-luis-enrique-ramirez\\\/#primaryimage\"},\"thumbnailUrl\":\"https:\\\/\\\/fuentesfidedignas.com.mx\\\/wp-content\\\/uploads\\\/2022\\\/07\\\/Screenshot_20220716-104125_WhatsApp.jpg\",\"datePublished\":\"2022-07-16T16:40:32+00:00\",\"dateModified\":\"2022-07-17T00:10:53+00:00\",\"breadcrumb\":{\"@id\":\"https:\\\/\\\/fuentesfidedignas.com.mx\\\/index.php\\\/2022\\\/07\\\/16\\\/implicada-guarda-silencio-y-se-contradice-en-interrogatorio-sobre-luis-enrique-ramirez\\\/#breadcrumb\"},\"inLanguage\":\"es\",\"potentialAction\":[{\"@type\":\"ReadAction\",\"target\":[\"https:\\\/\\\/fuentesfidedignas.com.mx\\\/index.php\\\/2022\\\/07\\\/16\\\/implicada-guarda-silencio-y-se-contradice-en-interrogatorio-sobre-luis-enrique-ramirez\\\/\"]}]},{\"@type\":\"ImageObject\",\"inLanguage\":\"es\",\"@id\":\"https:\\\/\\\/fuentesfidedignas.com.mx\\\/index.php\\\/2022\\\/07\\\/16\\\/implicada-guarda-silencio-y-se-contradice-en-interrogatorio-sobre-luis-enrique-ramirez\\\/#primaryimage\",\"url\":\"https:\\\/\\\/fuentesfidedignas.com.mx\\\/wp-content\\\/uploads\\\/2022\\\/07\\\/Screenshot_20220716-104125_WhatsApp.jpg\",\"contentUrl\":\"https:\\\/\\\/fuentesfidedignas.com.mx\\\/wp-content\\\/uploads\\\/2022\\\/07\\\/Screenshot_20220716-104125_WhatsApp.jpg\",\"width\":1080,\"height\":806},{\"@type\":\"BreadcrumbList\",\"@id\":\"https:\\\/\\\/fuentesfidedignas.com.mx\\\/index.php\\\/2022\\\/07\\\/16\\\/implicada-guarda-silencio-y-se-contradice-en-interrogatorio-sobre-luis-enrique-ramirez\\\/#breadcrumb\",\"itemListElement\":[{\"@type\":\"ListItem\",\"position\":1,\"name\":\"Inicio\",\"item\":\"https:\\\/\\\/fuentesfidedignas.com.mx\\\/\"},{\"@type\":\"ListItem\",\"position\":2,\"name\":\"Implicada guarda silencio y se contradice en interrogatorio sobre Luis Enrique Ram\u00edrez\"}]},{\"@type\":\"WebSite\",\"@id\":\"https:\\\/\\\/fuentesfidedignas.com.mx\\\/#website\",\"url\":\"https:\\\/\\\/fuentesfidedignas.com.mx\\\/\",\"name\":\"Fuentes Fidedignas\",\"description\":\"Otro sitio realizado con WordPress\",\"publisher\":{\"@id\":\"https:\\\/\\\/fuentesfidedignas.com.mx\\\/#organization\"},\"potentialAction\":[{\"@type\":\"SearchAction\",\"target\":{\"@type\":\"EntryPoint\",\"urlTemplate\":\"https:\\\/\\\/fuentesfidedignas.com.mx\\\/?s={search_term_string}\"},\"query-input\":{\"@type\":\"PropertyValueSpecification\",\"valueRequired\":true,\"valueName\":\"search_term_string\"}}],\"inLanguage\":\"es\"},{\"@type\":\"Organization\",\"@id\":\"https:\\\/\\\/fuentesfidedignas.com.mx\\\/#organization\",\"name\":\"Fuentes Fidedignas\",\"url\":\"https:\\\/\\\/fuentesfidedignas.com.mx\\\/\",\"logo\":{\"@type\":\"ImageObject\",\"inLanguage\":\"es\",\"@id\":\"https:\\\/\\\/fuentesfidedignas.com.mx\\\/#\\\/schema\\\/logo\\\/image\\\/\",\"url\":\"https:\\\/\\\/fuentesfidedignas.com.mx\\\/wp-content\\\/uploads\\\/2021\\\/04\\\/logo-retina.png\",\"contentUrl\":\"https:\\\/\\\/fuentesfidedignas.com.mx\\\/wp-content\\\/uploads\\\/2021\\\/04\\\/logo-retina.png\",\"width\":280,\"height\":51,\"caption\":\"Fuentes Fidedignas\"},\"image\":{\"@id\":\"https:\\\/\\\/fuentesfidedignas.com.mx\\\/#\\\/schema\\\/logo\\\/image\\\/\"},\"sameAs\":[\"https:\\\/\\\/www.facebook.com\\\/Fuentes-Fidedignas-368234489921644\",\"https:\\\/\\\/x.com\\\/fidedignas\"]},{\"@type\":\"Person\",\"@id\":\"https:\\\/\\\/fuentesfidedignas.com.mx\\\/#\\\/schema\\\/person\\\/8100cb4bfcbf6d754386ce164f542ba1\",\"name\":\"Irma Espinoza\",\"image\":{\"@type\":\"ImageObject\",\"inLanguage\":\"es\",\"@id\":\"https:\\\/\\\/secure.gravatar.com\\\/avatar\\\/966b22bc2fbe9003c90320dc4a513b5d1a73f4658dfbf94c4d18f15d44d56aa5?s=96&d=mm&r=g\",\"url\":\"https:\\\/\\\/secure.gravatar.com\\\/avatar\\\/966b22bc2fbe9003c90320dc4a513b5d1a73f4658dfbf94c4d18f15d44d56aa5?s=96&d=mm&r=g\",\"contentUrl\":\"https:\\\/\\\/secure.gravatar.com\\\/avatar\\\/966b22bc2fbe9003c90320dc4a513b5d1a73f4658dfbf94c4d18f15d44d56aa5?s=96&d=mm&r=g\",\"caption\":\"Irma Espinoza\"},\"url\":\"https:\\\/\\\/fuentesfidedignas.com.mx\\\/index.php\\\/author\\\/irma\\\/\"}]}<\/script>\n<!-- \/ Yoast SEO plugin. -->","yoast_head_json":{"title":"Implicada guarda silencio y se contradice en interrogatorio sobre Luis Enrique Ram\u00edrez - Fuentes Fidedignas","robots":{"index":"index","follow":"follow","max-snippet":"max-snippet:-1","max-image-preview":"max-image-preview:large","max-video-preview":"max-video-preview:-1"},"canonical":"https:\/\/fuentesfidedignas.com.mx\/index.php\/2022\/07\/16\/implicada-guarda-silencio-y-se-contradice-en-interrogatorio-sobre-luis-enrique-ramirez\/","og_locale":"es_MX","og_type":"article","og_title":"Implicada guarda silencio y se contradice en interrogatorio sobre Luis Enrique Ram\u00edrez - Fuentes Fidedignas","og_description":"Se limit\u00f3 a responder a su defensa, cayendo en contradicciones con datos e informaci\u00f3n Culiac\u00e1n, Sin. Brysia Carolina, la mujer implicada en el homicidio del periodista Luis Enrique Ram\u00edrez, se reserv\u00f3 ante los cuestionamientos por parte del Ministerio P\u00fablico en la audiencia que se lleva en estos momentos. La f\u00e9mina detenida por Encubrimiento por Favorecimiento [&hellip;]","og_url":"https:\/\/fuentesfidedignas.com.mx\/index.php\/2022\/07\/16\/implicada-guarda-silencio-y-se-contradice-en-interrogatorio-sobre-luis-enrique-ramirez\/","og_site_name":"Fuentes Fidedignas","article_publisher":"https:\/\/www.facebook.com\/Fuentes-Fidedignas-368234489921644","article_published_time":"2022-07-16T16:40:32+00:00","article_modified_time":"2022-07-17T00:10:53+00:00","og_image":[{"width":1080,"height":806,"url":"https:\/\/fuentesfidedignas.com.mx\/wp-content\/uploads\/2022\/07\/Screenshot_20220716-104125_WhatsApp.jpg","type":"image\/jpeg"}],"author":"Irma Espinoza","twitter_card":"summary_large_image","twitter_creator":"@fidedignas","twitter_site":"@fidedignas","twitter_misc":{"Escrito por":"Irma Espinoza","Tiempo de lectura":"1 minuto"},"schema":{"@context":"https:\/\/schema.org","@graph":[{"@type":"Article","@id":"https:\/\/fuentesfidedignas.com.mx\/index.php\/2022\/07\/16\/implicada-guarda-silencio-y-se-contradice-en-interrogatorio-sobre-luis-enrique-ramirez\/#article","isPartOf":{"@id":"https:\/\/fuentesfidedignas.com.mx\/index.php\/2022\/07\/16\/implicada-guarda-silencio-y-se-contradice-en-interrogatorio-sobre-luis-enrique-ramirez\/"},"author":{"name":"Irma Espinoza","@id":"https:\/\/fuentesfidedignas.com.mx\/#\/schema\/person\/8100cb4bfcbf6d754386ce164f542ba1"},"headline":"Implicada guarda silencio y se contradice en interrogatorio sobre Luis Enrique Ram\u00edrez","datePublished":"2022-07-16T16:40:32+00:00","dateModified":"2022-07-17T00:10:53+00:00","mainEntityOfPage":{"@id":"https:\/\/fuentesfidedignas.com.mx\/index.php\/2022\/07\/16\/implicada-guarda-silencio-y-se-contradice-en-interrogatorio-sobre-luis-enrique-ramirez\/"},"wordCount":154,"commentCount":0,"publisher":{"@id":"https:\/\/fuentesfidedignas.com.mx\/#organization"},"image":{"@id":"https:\/\/fuentesfidedignas.com.mx\/index.php\/2022\/07\/16\/implicada-guarda-silencio-y-se-contradice-en-interrogatorio-sobre-luis-enrique-ramirez\/#primaryimage"},"thumbnailUrl":"https:\/\/fuentesfidedignas.com.mx\/wp-content\/uploads\/2022\/07\/Screenshot_20220716-104125_WhatsApp.jpg","articleSection":["NOTICIAS LOCALES"],"inLanguage":"es","potentialAction":[{"@type":"CommentAction","name":"Comment","target":["https:\/\/fuentesfidedignas.com.mx\/index.php\/2022\/07\/16\/implicada-guarda-silencio-y-se-contradice-en-interrogatorio-sobre-luis-enrique-ramirez\/#respond"]}]},{"@type":"WebPage","@id":"https:\/\/fuentesfidedignas.com.mx\/index.php\/2022\/07\/16\/implicada-guarda-silencio-y-se-contradice-en-interrogatorio-sobre-luis-enrique-ramirez\/","url":"https:\/\/fuentesfidedignas.com.mx\/index.php\/2022\/07\/16\/implicada-guarda-silencio-y-se-contradice-en-interrogatorio-sobre-luis-enrique-ramirez\/","name":"Implicada guarda silencio y se contradice en interrogatorio sobre Luis Enrique Ram\u00edrez - Fuentes Fidedignas","isPartOf":{"@id":"https:\/\/fuentesfidedignas.com.mx\/#website"},"primaryImageOfPage":{"@id":"https:\/\/fuentesfidedignas.com.mx\/index.php\/2022\/07\/16\/implicada-guarda-silencio-y-se-contradice-en-interrogatorio-sobre-luis-enrique-ramirez\/#primaryimage"},"image":{"@id":"https:\/\/fuentesfidedignas.com.mx\/index.php\/2022\/07\/16\/implicada-guarda-silencio-y-se-contradice-en-interrogatorio-sobre-luis-enrique-ramirez\/#primaryimage"},"thumbnailUrl":"https:\/\/fuentesfidedignas.com.mx\/wp-content\/uploads\/2022\/07\/Screenshot_20220716-104125_WhatsApp.jpg","datePublished":"2022-07-16T16:40:32+00:00","dateModified":"2022-07-17T00:10:53+00:00","breadcrumb":{"@id":"https:\/\/fuentesfidedignas.com.mx\/index.php\/2022\/07\/16\/implicada-guarda-silencio-y-se-contradice-en-interrogatorio-sobre-luis-enrique-ramirez\/#breadcrumb"},"inLanguage":"es","potentialAction":[{"@type":"ReadAction","target":["https:\/\/fuentesfidedignas.com.mx\/index.php\/2022\/07\/16\/implicada-guarda-silencio-y-se-contradice-en-interrogatorio-sobre-luis-enrique-ramirez\/"]}]},{"@type":"ImageObject","inLanguage":"es","@id":"https:\/\/fuentesfidedignas.com.mx\/index.php\/2022\/07\/16\/implicada-guarda-silencio-y-se-contradice-en-interrogatorio-sobre-luis-enrique-ramirez\/#primaryimage","url":"https:\/\/fuentesfidedignas.com.mx\/wp-content\/uploads\/2022\/07\/Screenshot_20220716-104125_WhatsApp.jpg","contentUrl":"https:\/\/fuentesfidedignas.com.mx\/wp-content\/uploads\/2022\/07\/Screenshot_20220716-104125_WhatsApp.jpg","width":1080,"height":806},{"@type":"BreadcrumbList","@id":"https:\/\/fuentesfidedignas.com.mx\/index.php\/2022\/07\/16\/implicada-guarda-silencio-y-se-contradice-en-interrogatorio-sobre-luis-enrique-ramirez\/#breadcrumb","itemListElement":[{"@type":"ListItem","position":1,"name":"Inicio","item":"https:\/\/fuentesfidedignas.com.mx\/"},{"@type":"ListItem","position":2,"name":"Implicada guarda silencio y se contradice en interrogatorio sobre Luis Enrique Ram\u00edrez"}]},{"@type":"WebSite","@id":"https:\/\/fuentesfidedignas.com.mx\/#website","url":"https:\/\/fuentesfidedignas.com.mx\/","name":"Fuentes Fidedignas","description":"Otro sitio realizado con WordPress","publisher":{"@id":"https:\/\/fuentesfidedignas.com.mx\/#organization"},"potentialAction":[{"@type":"SearchAction","target":{"@type":"EntryPoint","urlTemplate":"https:\/\/fuentesfidedignas.com.mx\/?s={search_term_string}"},"query-input":{"@type":"PropertyValueSpecification","valueRequired":true,"valueName":"search_term_string"}}],"inLanguage":"es"},{"@type":"Organization","@id":"https:\/\/fuentesfidedignas.com.mx\/#organization","name":"Fuentes Fidedignas","url":"https:\/\/fuentesfidedignas.com.mx\/","logo":{"@type":"ImageObject","inLanguage":"es","@id":"https:\/\/fuentesfidedignas.com.mx\/#\/schema\/logo\/image\/","url":"https:\/\/fuentesfidedignas.com.mx\/wp-content\/uploads\/2021\/04\/logo-retina.png","contentUrl":"https:\/\/fuentesfidedignas.com.mx\/wp-content\/uploads\/2021\/04\/logo-retina.png","width":280,"height":51,"caption":"Fuentes Fidedignas"},"image":{"@id":"https:\/\/fuentesfidedignas.com.mx\/#\/schema\/logo\/image\/"},"sameAs":["https:\/\/www.facebook.com\/Fuentes-Fidedignas-368234489921644","https:\/\/x.com\/fidedignas"]},{"@type":"Person","@id":"https:\/\/fuentesfidedignas.com.mx\/#\/schema\/person\/8100cb4bfcbf6d754386ce164f542ba1","name":"Irma Espinoza","image":{"@type":"ImageObject","inLanguage":"es","@id":"https:\/\/secure.gravatar.com\/avatar\/966b22bc2fbe9003c90320dc4a513b5d1a73f4658dfbf94c4d18f15d44d56aa5?s=96&d=mm&r=g","url":"https:\/\/secure.gravatar.com\/avatar\/966b22bc2fbe9003c90320dc4a513b5d1a73f4658dfbf94c4d18f15d44d56aa5?s=96&d=mm&r=g","contentUrl":"https:\/\/secure.gravatar.com\/avatar\/966b22bc2fbe9003c90320dc4a513b5d1a73f4658dfbf94c4d18f15d44d56aa5?s=96&d=mm&r=g","caption":"Irma Espinoza"},"url":"https:\/\/fuentesfidedignas.com.mx\/index.php\/author\/irma\/"}]}},"_links":{"self":[{"href":"https:\/\/fuentesfidedignas.com.mx\/index.php\/wp-json\/wp\/v2\/posts\/37596","targetHints":{"allow":["GET"]}}],"collection":[{"href":"https:\/\/fuentesfidedignas.com.mx\/index.php\/wp-json\/wp\/v2\/posts"}],"about":[{"href":"https:\/\/fuentesfidedignas.com.mx\/index.php\/wp-json\/wp\/v2\/types\/post"}],"author":[{"embeddable":true,"href":"https:\/\/fuentesfidedignas.com.mx\/index.php\/wp-json\/wp\/v2\/users\/115"}],"replies":[{"embeddable":true,"href":"https:\/\/fuentesfidedignas.com.mx\/index.php\/wp-json\/wp\/v2\/comments?post=37596"}],"version-history":[{"count":5,"href":"https:\/\/fuentesfidedignas.com.mx\/index.php\/wp-json\/wp\/v2\/posts\/37596\/revisions"}],"predecessor-version":[{"id":37645,"href":"https:\/\/fuentesfidedignas.com.mx\/index.php\/wp-json\/wp\/v2\/posts\/37596\/revisions\/37645"}],"wp:featuredmedia":[{"embeddable":true,"href":"https:\/\/fuentesfidedignas.com.mx\/index.php\/wp-json\/wp\/v2\/media\/37598"}],"wp:attachment":[{"href":"https:\/\/fuentesfidedignas.com.mx\/index.php\/wp-json\/wp\/v2\/media?parent=37596"}],"wp:term":[{"taxonomy":"category","embeddable":true,"href":"https:\/\/fuentesfidedignas.com.mx\/index.php\/wp-json\/wp\/v2\/categories?post=37596"},{"taxonomy":"post_tag","embeddable":true,"href":"https:\/\/fuentesfidedignas.com.mx\/index.php\/wp-json\/wp\/v2\/tags?post=37596"}],"curies":[{"name":"wp","href":"https:\/\/api.w.org\/{rel}","templated":true}]}}