{"id":37578,"date":"2022-07-15T20:51:04","date_gmt":"2022-07-16T02:51:04","guid":{"rendered":"https:\/\/fuentesfidedignas.com.mx\/?p=37578"},"modified":"2022-07-15T20:51:30","modified_gmt":"2022-07-16T02:51:30","slug":"max-un-perro-de-la-marina-encontro-a-caro-quintero-entre-matorrales","status":"publish","type":"post","link":"https:\/\/fuentesfidedignas.com.mx\/index.php\/2022\/07\/15\/max-un-perro-de-la-marina-encontro-a-caro-quintero-entre-matorrales\/","title":{"rendered":"Max, un perro de la Marina, encontr\u00f3 a Caro Quintero entre matorrales"},"content":{"rendered":"\n<p><strong><em>Fue puesto a disposici\u00f3n de la FGR, pues tiene una orden de extradici\u00f3n a Estados Unidos<\/em><\/strong> <\/p>\n\n\n\n<p>Choix, Sin. El gobierno de M\u00e9xico inform\u00f3 que Rafael Caro Quintero, otrora l\u00edder del C\u00e1rtel de Guadalajara, fue detenido en San Sim\u00f3n de Choix, Sinaloa, en una operaci\u00f3n conjunta con elementos de la Fiscal\u00eda General de la Rep\u00fablica (FGR) y la Secretar\u00eda de Marina (Semar).<\/p>\n\n\n\n<p>\u201c<em>Esta acci\u00f3n deriv\u00f3 de trabajos de campo y gabinete, realizados desde su liberaci\u00f3n en 2013, lo que permiti\u00f3 la ubicaci\u00f3n de Caro Quintero<\/em>\u201d, se inform\u00f3 en un comunicado conjunto.<\/p>\n\n\n\n<p>Por su parte, la Marina inform\u00f3 que el \u201cobjetivo fue localizado entre matorrales por un elemento canino de esta instituci\u00f3n, de nombre \u201cMax\u201d, cuyo adiestramiento de b\u00fasqueda y rescate permiti\u00f3 su ubicaci\u00f3n, habiendo sido puesto a disposici\u00f3n de la FGR para la integraci\u00f3n de la carpeta de investigaci\u00f3n correspondiente\u201d.<\/p>\n\n\n\n<h2 class=\"wp-block-heading\">Los datos de Max<\/h2>\n\n\n\n<p>Nombre: &#8220;Max&#8221;<br>Sexo: Hembra<br>Raza: Bloodhound<br>Fecha de nacimiento: 20\/04\/2016<br>Peso: 35.500 kg.<br>Funci\u00f3n Zoot\u00e9cnica: Rastreo<\/p>\n\n\n\n\n\n<figure class=\"wp-block-image\"><img decoding=\"async\" src=\"https:\/\/www-proceso-com-mx.cdn.ampproject.org\/ii\/AW\/s\/www.proceso.com.mx\/u\/fotografias\/m\/2022\/7\/15\/f768x1-158078_158205_81.jpeg\" alt=\"\"\/><\/figure>\n\n\n\n<p>Revelaron que Caro Quintero fue puesto a disposici\u00f3n de la FGR para los tr\u00e1mites correspondientes, pues cuenta con orden de reaprehensi\u00f3n y orden de detenci\u00f3n provisional con fines de extradici\u00f3n a Estados Unidos.<\/p>\n\n\n\n<p>Rafael Caro Quintero junto a Miguel \u00c1ngel F\u00e9lix Gallardo y Ernesto Fonseca, fue se\u00f1alado por las autoridades mexicanas y de Estados Unidos como responsables por el secuestro y asesinato del agente de la DEA, Enrique \u201cKiki\u201d Camarena, en 1985.<\/p>\n\n\n\n<p>En 2014 el corresponsal de Proceso en Washington, Jes\u00fas J. Esquivel public\u00f3 el libro \u201cLa CIA, Camarena y Caro Quintero\u201d, una de las investigaciones m\u00e1s completas sobre el caso. Entre los datos que revel\u00f3 fue lo relacionado a la destrucci\u00f3n por parte del ej\u00e9rcito de Venezuela de una aeronave mexicana el 4 de noviembre de 2013.<\/p>\n\n\n\n<figure class=\"wp-block-embed is-type-rich is-provider-twitter wp-block-embed-twitter\"><div class=\"wp-block-embed__wrapper\">\n<blockquote class=\"twitter-tweet\" data-width=\"550\" data-dnt=\"true\"><p lang=\"es\" dir=\"ltr\"><a href=\"https:\/\/twitter.com\/hashtag\/Video?src=hash&amp;ref_src=twsrc%5Etfw\">#Video<\/a> | Rafael Caro Quintero fue localizado por Max, un perro de la Marina, entre matorrales en San Sim\u00f3n de Choix, Sinaloa. <a href=\"https:\/\/t.co\/ztShVxZxik\">https:\/\/t.co\/ztShVxZxik<\/a> <a href=\"https:\/\/t.co\/OGR7DcDD1w\">pic.twitter.com\/OGR7DcDD1w<\/a><\/p>&mdash; Proceso (@proceso) <a href=\"https:\/\/twitter.com\/proceso\/status\/1548100250132303874?ref_src=twsrc%5Etfw\">July 16, 2022<\/a><\/blockquote><script async src=\"https:\/\/platform.twitter.com\/widgets.js\" charset=\"utf-8\"><\/script>\n<\/div><figcaption>De acuerdo con las versiones que en su momento ofreci\u00f3 el gobierno de Nicol\u00e1s Maduro, la aeronave Hawker DH-125-400a matr\u00edcula XB-MGM, fue derribada por haber ingresado de manera ilegal en el espacio a\u00e9reo de ese pa\u00eds.<br><br>Uno de los testigos protegidos revel\u00f3 a Esquivel que, en el avi\u00f3n, viaj\u00f3 Rafael Caro Quintero, junto con su familia, pese a que las versiones period\u00edsticas indicaban que los tripulantes eran hombres relacionados con el C\u00e1rtel de Sinaloa.<br><br>Un hombre identificado bajo el nombre clave \u201cJos\u00e9 2\u201d, perteneciente al programa de testigos protegidos del Gobierno de Estados Unidos, inform\u00f3 que el capo est\u00e1 escondido en el monte.<br><br>\u201cA Rafa no lo bajan del monte, s\u00f3lo muerto. Mientras exista la amenaza de entregarlo a los gringos, ser\u00e1 muy dif\u00edcil que lo agarren. Por muy enfermo y viejo que est\u00e9, Rafa sigue siendo bronco y \u00e9l sabe moverse muy bien en el monte. Adem\u00e1s, tiene a la gente necesaria para esconderse y defenderse\u201d.<br><br>A pesar de que Rafael Caro Quintero neg\u00f3 a Proceso haber orquestado el secuestro del agente de la DEA, su participaci\u00f3n intelectual en el homicidio est\u00e1 presente en diversos testimonios, expedientes judiciales y documentaci\u00f3n period\u00edstica.<\/figcaption><\/figure>\n","protected":false},"excerpt":{"rendered":"<p>Fue puesto a disposici\u00f3n de la FGR, pues tiene una orden de extradici\u00f3n a Estados Unidos Choix, Sin. El gobierno de M\u00e9xico inform\u00f3 que Rafael Caro Quintero, otrora l\u00edder del C\u00e1rtel de Guadalajara, fue detenido en San Sim\u00f3n de Choix, Sinaloa, en una operaci\u00f3n conjunta con elementos de la Fiscal\u00eda General de la Rep\u00fablica (FGR) [&hellip;]<\/p>\n","protected":false},"author":50,"featured_media":37580,"comment_status":"open","ping_status":"open","sticky":false,"template":"","format":"standard","meta":{"tdm_status":"","tdm_grid_status":"","footnotes":""},"categories":[39],"tags":[],"class_list":{"0":"post-37578","1":"post","2":"type-post","3":"status-publish","4":"format-standard","5":"has-post-thumbnail","7":"category-noticias-nacionales"},"yoast_head":"<!-- This site is optimized with the Yoast SEO plugin v27.4 - https:\/\/yoast.com\/product\/yoast-seo-wordpress\/ -->\n<title>Max, un perro de la Marina, encontr\u00f3 a Caro Quintero entre matorrales - Fuentes Fidedignas<\/title>\n<meta name=\"robots\" content=\"index, follow, max-snippet:-1, max-image-preview:large, max-video-preview:-1\" \/>\n<link rel=\"canonical\" href=\"https:\/\/fuentesfidedignas.com.mx\/index.php\/2022\/07\/15\/max-un-perro-de-la-marina-encontro-a-caro-quintero-entre-matorrales\/\" \/>\n<meta property=\"og:locale\" content=\"es_MX\" \/>\n<meta property=\"og:type\" content=\"article\" \/>\n<meta property=\"og:title\" content=\"Max, un perro de la Marina, encontr\u00f3 a Caro Quintero entre matorrales - Fuentes Fidedignas\" \/>\n<meta property=\"og:description\" content=\"Fue puesto a disposici\u00f3n de la FGR, pues tiene una orden de extradici\u00f3n a Estados Unidos Choix, Sin. El gobierno de M\u00e9xico inform\u00f3 que Rafael Caro Quintero, otrora l\u00edder del C\u00e1rtel de Guadalajara, fue detenido en San Sim\u00f3n de Choix, Sinaloa, en una operaci\u00f3n conjunta con elementos de la Fiscal\u00eda General de la Rep\u00fablica (FGR) [&hellip;]\" \/>\n<meta property=\"og:url\" content=\"https:\/\/fuentesfidedignas.com.mx\/index.php\/2022\/07\/15\/max-un-perro-de-la-marina-encontro-a-caro-quintero-entre-matorrales\/\" \/>\n<meta property=\"og:site_name\" content=\"Fuentes Fidedignas\" \/>\n<meta property=\"article:publisher\" content=\"https:\/\/www.facebook.com\/Fuentes-Fidedignas-368234489921644\" \/>\n<meta property=\"article:published_time\" content=\"2022-07-16T02:51:04+00:00\" \/>\n<meta property=\"article:modified_time\" content=\"2022-07-16T02:51:30+00:00\" \/>\n<meta property=\"og:image\" content=\"https:\/\/fuentesfidedignas.com.mx\/wp-content\/uploads\/2022\/07\/f608x342-158074_187797_140.jpg\" \/>\n\t<meta property=\"og:image:width\" content=\"608\" \/>\n\t<meta property=\"og:image:height\" content=\"342\" \/>\n\t<meta property=\"og:image:type\" content=\"image\/jpeg\" \/>\n<meta name=\"author\" content=\"Proceso\" \/>\n<meta name=\"twitter:card\" content=\"summary_large_image\" \/>\n<meta name=\"twitter:creator\" content=\"@fidedignas\" \/>\n<meta name=\"twitter:site\" content=\"@fidedignas\" \/>\n<meta name=\"twitter:label1\" content=\"Escrito por\" \/>\n\t<meta name=\"twitter:data1\" content=\"Proceso\" \/>\n\t<meta name=\"twitter:label2\" content=\"Tiempo de lectura\" \/>\n\t<meta name=\"twitter:data2\" content=\"3 minutos\" \/>\n<script type=\"application\/ld+json\" class=\"yoast-schema-graph\">{\"@context\":\"https:\\\/\\\/schema.org\",\"@graph\":[{\"@type\":\"Article\",\"@id\":\"https:\\\/\\\/fuentesfidedignas.com.mx\\\/index.php\\\/2022\\\/07\\\/15\\\/max-un-perro-de-la-marina-encontro-a-caro-quintero-entre-matorrales\\\/#article\",\"isPartOf\":{\"@id\":\"https:\\\/\\\/fuentesfidedignas.com.mx\\\/index.php\\\/2022\\\/07\\\/15\\\/max-un-perro-de-la-marina-encontro-a-caro-quintero-entre-matorrales\\\/\"},\"author\":{\"name\":\"Proceso\",\"@id\":\"https:\\\/\\\/fuentesfidedignas.com.mx\\\/#\\\/schema\\\/person\\\/eb72247ff123b3ce5e4cadc7f50ae372\"},\"headline\":\"Max, un perro de la Marina, encontr\u00f3 a Caro Quintero entre matorrales\",\"datePublished\":\"2022-07-16T02:51:04+00:00\",\"dateModified\":\"2022-07-16T02:51:30+00:00\",\"mainEntityOfPage\":{\"@id\":\"https:\\\/\\\/fuentesfidedignas.com.mx\\\/index.php\\\/2022\\\/07\\\/15\\\/max-un-perro-de-la-marina-encontro-a-caro-quintero-entre-matorrales\\\/\"},\"wordCount\":558,\"commentCount\":0,\"publisher\":{\"@id\":\"https:\\\/\\\/fuentesfidedignas.com.mx\\\/#organization\"},\"image\":{\"@id\":\"https:\\\/\\\/fuentesfidedignas.com.mx\\\/index.php\\\/2022\\\/07\\\/15\\\/max-un-perro-de-la-marina-encontro-a-caro-quintero-entre-matorrales\\\/#primaryimage\"},\"thumbnailUrl\":\"https:\\\/\\\/fuentesfidedignas.com.mx\\\/wp-content\\\/uploads\\\/2022\\\/07\\\/f608x342-158074_187797_140.jpg\",\"articleSection\":[\"NOTICIAS NACIONALES\"],\"inLanguage\":\"es\",\"potentialAction\":[{\"@type\":\"CommentAction\",\"name\":\"Comment\",\"target\":[\"https:\\\/\\\/fuentesfidedignas.com.mx\\\/index.php\\\/2022\\\/07\\\/15\\\/max-un-perro-de-la-marina-encontro-a-caro-quintero-entre-matorrales\\\/#respond\"]}]},{\"@type\":\"WebPage\",\"@id\":\"https:\\\/\\\/fuentesfidedignas.com.mx\\\/index.php\\\/2022\\\/07\\\/15\\\/max-un-perro-de-la-marina-encontro-a-caro-quintero-entre-matorrales\\\/\",\"url\":\"https:\\\/\\\/fuentesfidedignas.com.mx\\\/index.php\\\/2022\\\/07\\\/15\\\/max-un-perro-de-la-marina-encontro-a-caro-quintero-entre-matorrales\\\/\",\"name\":\"Max, un perro de la Marina, encontr\u00f3 a Caro Quintero entre matorrales - Fuentes Fidedignas\",\"isPartOf\":{\"@id\":\"https:\\\/\\\/fuentesfidedignas.com.mx\\\/#website\"},\"primaryImageOfPage\":{\"@id\":\"https:\\\/\\\/fuentesfidedignas.com.mx\\\/index.php\\\/2022\\\/07\\\/15\\\/max-un-perro-de-la-marina-encontro-a-caro-quintero-entre-matorrales\\\/#primaryimage\"},\"image\":{\"@id\":\"https:\\\/\\\/fuentesfidedignas.com.mx\\\/index.php\\\/2022\\\/07\\\/15\\\/max-un-perro-de-la-marina-encontro-a-caro-quintero-entre-matorrales\\\/#primaryimage\"},\"thumbnailUrl\":\"https:\\\/\\\/fuentesfidedignas.com.mx\\\/wp-content\\\/uploads\\\/2022\\\/07\\\/f608x342-158074_187797_140.jpg\",\"datePublished\":\"2022-07-16T02:51:04+00:00\",\"dateModified\":\"2022-07-16T02:51:30+00:00\",\"breadcrumb\":{\"@id\":\"https:\\\/\\\/fuentesfidedignas.com.mx\\\/index.php\\\/2022\\\/07\\\/15\\\/max-un-perro-de-la-marina-encontro-a-caro-quintero-entre-matorrales\\\/#breadcrumb\"},\"inLanguage\":\"es\",\"potentialAction\":[{\"@type\":\"ReadAction\",\"target\":[\"https:\\\/\\\/fuentesfidedignas.com.mx\\\/index.php\\\/2022\\\/07\\\/15\\\/max-un-perro-de-la-marina-encontro-a-caro-quintero-entre-matorrales\\\/\"]}]},{\"@type\":\"ImageObject\",\"inLanguage\":\"es\",\"@id\":\"https:\\\/\\\/fuentesfidedignas.com.mx\\\/index.php\\\/2022\\\/07\\\/15\\\/max-un-perro-de-la-marina-encontro-a-caro-quintero-entre-matorrales\\\/#primaryimage\",\"url\":\"https:\\\/\\\/fuentesfidedignas.com.mx\\\/wp-content\\\/uploads\\\/2022\\\/07\\\/f608x342-158074_187797_140.jpg\",\"contentUrl\":\"https:\\\/\\\/fuentesfidedignas.com.mx\\\/wp-content\\\/uploads\\\/2022\\\/07\\\/f608x342-158074_187797_140.jpg\",\"width\":608,\"height\":342},{\"@type\":\"BreadcrumbList\",\"@id\":\"https:\\\/\\\/fuentesfidedignas.com.mx\\\/index.php\\\/2022\\\/07\\\/15\\\/max-un-perro-de-la-marina-encontro-a-caro-quintero-entre-matorrales\\\/#breadcrumb\",\"itemListElement\":[{\"@type\":\"ListItem\",\"position\":1,\"name\":\"Inicio\",\"item\":\"https:\\\/\\\/fuentesfidedignas.com.mx\\\/\"},{\"@type\":\"ListItem\",\"position\":2,\"name\":\"Max, un perro de la Marina, encontr\u00f3 a Caro Quintero entre matorrales\"}]},{\"@type\":\"WebSite\",\"@id\":\"https:\\\/\\\/fuentesfidedignas.com.mx\\\/#website\",\"url\":\"https:\\\/\\\/fuentesfidedignas.com.mx\\\/\",\"name\":\"Fuentes Fidedignas\",\"description\":\"Otro sitio realizado con WordPress\",\"publisher\":{\"@id\":\"https:\\\/\\\/fuentesfidedignas.com.mx\\\/#organization\"},\"potentialAction\":[{\"@type\":\"SearchAction\",\"target\":{\"@type\":\"EntryPoint\",\"urlTemplate\":\"https:\\\/\\\/fuentesfidedignas.com.mx\\\/?s={search_term_string}\"},\"query-input\":{\"@type\":\"PropertyValueSpecification\",\"valueRequired\":true,\"valueName\":\"search_term_string\"}}],\"inLanguage\":\"es\"},{\"@type\":\"Organization\",\"@id\":\"https:\\\/\\\/fuentesfidedignas.com.mx\\\/#organization\",\"name\":\"Fuentes Fidedignas\",\"url\":\"https:\\\/\\\/fuentesfidedignas.com.mx\\\/\",\"logo\":{\"@type\":\"ImageObject\",\"inLanguage\":\"es\",\"@id\":\"https:\\\/\\\/fuentesfidedignas.com.mx\\\/#\\\/schema\\\/logo\\\/image\\\/\",\"url\":\"https:\\\/\\\/fuentesfidedignas.com.mx\\\/wp-content\\\/uploads\\\/2021\\\/04\\\/logo-retina.png\",\"contentUrl\":\"https:\\\/\\\/fuentesfidedignas.com.mx\\\/wp-content\\\/uploads\\\/2021\\\/04\\\/logo-retina.png\",\"width\":280,\"height\":51,\"caption\":\"Fuentes Fidedignas\"},\"image\":{\"@id\":\"https:\\\/\\\/fuentesfidedignas.com.mx\\\/#\\\/schema\\\/logo\\\/image\\\/\"},\"sameAs\":[\"https:\\\/\\\/www.facebook.com\\\/Fuentes-Fidedignas-368234489921644\",\"https:\\\/\\\/x.com\\\/fidedignas\"]},{\"@type\":\"Person\",\"@id\":\"https:\\\/\\\/fuentesfidedignas.com.mx\\\/#\\\/schema\\\/person\\\/eb72247ff123b3ce5e4cadc7f50ae372\",\"name\":\"Proceso\",\"image\":{\"@type\":\"ImageObject\",\"inLanguage\":\"es\",\"@id\":\"https:\\\/\\\/secure.gravatar.com\\\/avatar\\\/0bb01ecb091d50a46122cbe5cc32ffea15a000f83628f1e40458e669d38ff2cd?s=96&d=mm&r=g\",\"url\":\"https:\\\/\\\/secure.gravatar.com\\\/avatar\\\/0bb01ecb091d50a46122cbe5cc32ffea15a000f83628f1e40458e669d38ff2cd?s=96&d=mm&r=g\",\"contentUrl\":\"https:\\\/\\\/secure.gravatar.com\\\/avatar\\\/0bb01ecb091d50a46122cbe5cc32ffea15a000f83628f1e40458e669d38ff2cd?s=96&d=mm&r=g\",\"caption\":\"Proceso\"},\"url\":\"https:\\\/\\\/fuentesfidedignas.com.mx\\\/index.php\\\/author\\\/proceso\\\/\"}]}<\/script>\n<!-- \/ Yoast SEO plugin. -->","yoast_head_json":{"title":"Max, un perro de la Marina, encontr\u00f3 a Caro Quintero entre matorrales - Fuentes Fidedignas","robots":{"index":"index","follow":"follow","max-snippet":"max-snippet:-1","max-image-preview":"max-image-preview:large","max-video-preview":"max-video-preview:-1"},"canonical":"https:\/\/fuentesfidedignas.com.mx\/index.php\/2022\/07\/15\/max-un-perro-de-la-marina-encontro-a-caro-quintero-entre-matorrales\/","og_locale":"es_MX","og_type":"article","og_title":"Max, un perro de la Marina, encontr\u00f3 a Caro Quintero entre matorrales - Fuentes Fidedignas","og_description":"Fue puesto a disposici\u00f3n de la FGR, pues tiene una orden de extradici\u00f3n a Estados Unidos Choix, Sin. El gobierno de M\u00e9xico inform\u00f3 que Rafael Caro Quintero, otrora l\u00edder del C\u00e1rtel de Guadalajara, fue detenido en San Sim\u00f3n de Choix, Sinaloa, en una operaci\u00f3n conjunta con elementos de la Fiscal\u00eda General de la Rep\u00fablica (FGR) [&hellip;]","og_url":"https:\/\/fuentesfidedignas.com.mx\/index.php\/2022\/07\/15\/max-un-perro-de-la-marina-encontro-a-caro-quintero-entre-matorrales\/","og_site_name":"Fuentes Fidedignas","article_publisher":"https:\/\/www.facebook.com\/Fuentes-Fidedignas-368234489921644","article_published_time":"2022-07-16T02:51:04+00:00","article_modified_time":"2022-07-16T02:51:30+00:00","og_image":[{"width":608,"height":342,"url":"https:\/\/fuentesfidedignas.com.mx\/wp-content\/uploads\/2022\/07\/f608x342-158074_187797_140.jpg","type":"image\/jpeg"}],"author":"Proceso","twitter_card":"summary_large_image","twitter_creator":"@fidedignas","twitter_site":"@fidedignas","twitter_misc":{"Escrito por":"Proceso","Tiempo de lectura":"3 minutos"},"schema":{"@context":"https:\/\/schema.org","@graph":[{"@type":"Article","@id":"https:\/\/fuentesfidedignas.com.mx\/index.php\/2022\/07\/15\/max-un-perro-de-la-marina-encontro-a-caro-quintero-entre-matorrales\/#article","isPartOf":{"@id":"https:\/\/fuentesfidedignas.com.mx\/index.php\/2022\/07\/15\/max-un-perro-de-la-marina-encontro-a-caro-quintero-entre-matorrales\/"},"author":{"name":"Proceso","@id":"https:\/\/fuentesfidedignas.com.mx\/#\/schema\/person\/eb72247ff123b3ce5e4cadc7f50ae372"},"headline":"Max, un perro de la Marina, encontr\u00f3 a Caro Quintero entre matorrales","datePublished":"2022-07-16T02:51:04+00:00","dateModified":"2022-07-16T02:51:30+00:00","mainEntityOfPage":{"@id":"https:\/\/fuentesfidedignas.com.mx\/index.php\/2022\/07\/15\/max-un-perro-de-la-marina-encontro-a-caro-quintero-entre-matorrales\/"},"wordCount":558,"commentCount":0,"publisher":{"@id":"https:\/\/fuentesfidedignas.com.mx\/#organization"},"image":{"@id":"https:\/\/fuentesfidedignas.com.mx\/index.php\/2022\/07\/15\/max-un-perro-de-la-marina-encontro-a-caro-quintero-entre-matorrales\/#primaryimage"},"thumbnailUrl":"https:\/\/fuentesfidedignas.com.mx\/wp-content\/uploads\/2022\/07\/f608x342-158074_187797_140.jpg","articleSection":["NOTICIAS NACIONALES"],"inLanguage":"es","potentialAction":[{"@type":"CommentAction","name":"Comment","target":["https:\/\/fuentesfidedignas.com.mx\/index.php\/2022\/07\/15\/max-un-perro-de-la-marina-encontro-a-caro-quintero-entre-matorrales\/#respond"]}]},{"@type":"WebPage","@id":"https:\/\/fuentesfidedignas.com.mx\/index.php\/2022\/07\/15\/max-un-perro-de-la-marina-encontro-a-caro-quintero-entre-matorrales\/","url":"https:\/\/fuentesfidedignas.com.mx\/index.php\/2022\/07\/15\/max-un-perro-de-la-marina-encontro-a-caro-quintero-entre-matorrales\/","name":"Max, un perro de la Marina, encontr\u00f3 a Caro Quintero entre matorrales - Fuentes Fidedignas","isPartOf":{"@id":"https:\/\/fuentesfidedignas.com.mx\/#website"},"primaryImageOfPage":{"@id":"https:\/\/fuentesfidedignas.com.mx\/index.php\/2022\/07\/15\/max-un-perro-de-la-marina-encontro-a-caro-quintero-entre-matorrales\/#primaryimage"},"image":{"@id":"https:\/\/fuentesfidedignas.com.mx\/index.php\/2022\/07\/15\/max-un-perro-de-la-marina-encontro-a-caro-quintero-entre-matorrales\/#primaryimage"},"thumbnailUrl":"https:\/\/fuentesfidedignas.com.mx\/wp-content\/uploads\/2022\/07\/f608x342-158074_187797_140.jpg","datePublished":"2022-07-16T02:51:04+00:00","dateModified":"2022-07-16T02:51:30+00:00","breadcrumb":{"@id":"https:\/\/fuentesfidedignas.com.mx\/index.php\/2022\/07\/15\/max-un-perro-de-la-marina-encontro-a-caro-quintero-entre-matorrales\/#breadcrumb"},"inLanguage":"es","potentialAction":[{"@type":"ReadAction","target":["https:\/\/fuentesfidedignas.com.mx\/index.php\/2022\/07\/15\/max-un-perro-de-la-marina-encontro-a-caro-quintero-entre-matorrales\/"]}]},{"@type":"ImageObject","inLanguage":"es","@id":"https:\/\/fuentesfidedignas.com.mx\/index.php\/2022\/07\/15\/max-un-perro-de-la-marina-encontro-a-caro-quintero-entre-matorrales\/#primaryimage","url":"https:\/\/fuentesfidedignas.com.mx\/wp-content\/uploads\/2022\/07\/f608x342-158074_187797_140.jpg","contentUrl":"https:\/\/fuentesfidedignas.com.mx\/wp-content\/uploads\/2022\/07\/f608x342-158074_187797_140.jpg","width":608,"height":342},{"@type":"BreadcrumbList","@id":"https:\/\/fuentesfidedignas.com.mx\/index.php\/2022\/07\/15\/max-un-perro-de-la-marina-encontro-a-caro-quintero-entre-matorrales\/#breadcrumb","itemListElement":[{"@type":"ListItem","position":1,"name":"Inicio","item":"https:\/\/fuentesfidedignas.com.mx\/"},{"@type":"ListItem","position":2,"name":"Max, un perro de la Marina, encontr\u00f3 a Caro Quintero entre matorrales"}]},{"@type":"WebSite","@id":"https:\/\/fuentesfidedignas.com.mx\/#website","url":"https:\/\/fuentesfidedignas.com.mx\/","name":"Fuentes Fidedignas","description":"Otro sitio realizado con WordPress","publisher":{"@id":"https:\/\/fuentesfidedignas.com.mx\/#organization"},"potentialAction":[{"@type":"SearchAction","target":{"@type":"EntryPoint","urlTemplate":"https:\/\/fuentesfidedignas.com.mx\/?s={search_term_string}"},"query-input":{"@type":"PropertyValueSpecification","valueRequired":true,"valueName":"search_term_string"}}],"inLanguage":"es"},{"@type":"Organization","@id":"https:\/\/fuentesfidedignas.com.mx\/#organization","name":"Fuentes Fidedignas","url":"https:\/\/fuentesfidedignas.com.mx\/","logo":{"@type":"ImageObject","inLanguage":"es","@id":"https:\/\/fuentesfidedignas.com.mx\/#\/schema\/logo\/image\/","url":"https:\/\/fuentesfidedignas.com.mx\/wp-content\/uploads\/2021\/04\/logo-retina.png","contentUrl":"https:\/\/fuentesfidedignas.com.mx\/wp-content\/uploads\/2021\/04\/logo-retina.png","width":280,"height":51,"caption":"Fuentes Fidedignas"},"image":{"@id":"https:\/\/fuentesfidedignas.com.mx\/#\/schema\/logo\/image\/"},"sameAs":["https:\/\/www.facebook.com\/Fuentes-Fidedignas-368234489921644","https:\/\/x.com\/fidedignas"]},{"@type":"Person","@id":"https:\/\/fuentesfidedignas.com.mx\/#\/schema\/person\/eb72247ff123b3ce5e4cadc7f50ae372","name":"Proceso","image":{"@type":"ImageObject","inLanguage":"es","@id":"https:\/\/secure.gravatar.com\/avatar\/0bb01ecb091d50a46122cbe5cc32ffea15a000f83628f1e40458e669d38ff2cd?s=96&d=mm&r=g","url":"https:\/\/secure.gravatar.com\/avatar\/0bb01ecb091d50a46122cbe5cc32ffea15a000f83628f1e40458e669d38ff2cd?s=96&d=mm&r=g","contentUrl":"https:\/\/secure.gravatar.com\/avatar\/0bb01ecb091d50a46122cbe5cc32ffea15a000f83628f1e40458e669d38ff2cd?s=96&d=mm&r=g","caption":"Proceso"},"url":"https:\/\/fuentesfidedignas.com.mx\/index.php\/author\/proceso\/"}]}},"_links":{"self":[{"href":"https:\/\/fuentesfidedignas.com.mx\/index.php\/wp-json\/wp\/v2\/posts\/37578","targetHints":{"allow":["GET"]}}],"collection":[{"href":"https:\/\/fuentesfidedignas.com.mx\/index.php\/wp-json\/wp\/v2\/posts"}],"about":[{"href":"https:\/\/fuentesfidedignas.com.mx\/index.php\/wp-json\/wp\/v2\/types\/post"}],"author":[{"embeddable":true,"href":"https:\/\/fuentesfidedignas.com.mx\/index.php\/wp-json\/wp\/v2\/users\/50"}],"replies":[{"embeddable":true,"href":"https:\/\/fuentesfidedignas.com.mx\/index.php\/wp-json\/wp\/v2\/comments?post=37578"}],"version-history":[{"count":1,"href":"https:\/\/fuentesfidedignas.com.mx\/index.php\/wp-json\/wp\/v2\/posts\/37578\/revisions"}],"predecessor-version":[{"id":37579,"href":"https:\/\/fuentesfidedignas.com.mx\/index.php\/wp-json\/wp\/v2\/posts\/37578\/revisions\/37579"}],"wp:featuredmedia":[{"embeddable":true,"href":"https:\/\/fuentesfidedignas.com.mx\/index.php\/wp-json\/wp\/v2\/media\/37580"}],"wp:attachment":[{"href":"https:\/\/fuentesfidedignas.com.mx\/index.php\/wp-json\/wp\/v2\/media?parent=37578"}],"wp:term":[{"taxonomy":"category","embeddable":true,"href":"https:\/\/fuentesfidedignas.com.mx\/index.php\/wp-json\/wp\/v2\/categories?post=37578"},{"taxonomy":"post_tag","embeddable":true,"href":"https:\/\/fuentesfidedignas.com.mx\/index.php\/wp-json\/wp\/v2\/tags?post=37578"}],"curies":[{"name":"wp","href":"https:\/\/api.w.org\/{rel}","templated":true}]}}