{"id":37470,"date":"2022-07-15T06:15:00","date_gmt":"2022-07-15T12:15:00","guid":{"rendered":"https:\/\/fuentesfidedignas.com.mx\/?p=37470"},"modified":"2022-07-15T06:18:38","modified_gmt":"2022-07-15T12:18:38","slug":"este-viernes-15-vence-plazo-de-inscripcion-para-alumnos-de-nuevo-ingreso-en-la-uas","status":"publish","type":"post","link":"https:\/\/fuentesfidedignas.com.mx\/index.php\/2022\/07\/15\/este-viernes-15-vence-plazo-de-inscripcion-para-alumnos-de-nuevo-ingreso-en-la-uas\/","title":{"rendered":"\u00a1No te quedes fuera! Hoy vence plazo de inscripci\u00f3n para alumnos de nuevo ingreso en la UAS"},"content":{"rendered":"\n<p><strong><em>Al d\u00eda martes 12 de julio apenas se registraba entre un 15 y 20 por ciento de j\u00f3venes inscritos del total de fichas que se otorgaron<\/em><\/strong><\/p>\n\n\n\n<p>Culiac\u00e1n, Sin. Este viernes 15 de julio y por acuerdo de la Comisi\u00f3n Institucional de Admisi\u00f3n, vence el plazo para que se inscriban todos los alumnos de nuevo ingreso a la <strong>Universidad Aut\u00f3noma de Sinaloa<\/strong> (UAS), tanto en bachillerato como en licenciatura, de lo contrario perder\u00e1n su espacio dentro de la instituci\u00f3n dado a que se cancelar\u00e1n esas fichas ya otorgadas. &nbsp;<\/p>\n\n\n\n<p><em>\u201cEl 15 cerramos, para, regresando, hacer la valoraci\u00f3n de cu\u00e1ntos alumnos tenemos registrados, hacer la planeaci\u00f3n de los grupos y si hay gente que no se ha inscrito darle oportunidad a alguien que nos sigue solicitando ficha (\u2026) quienes no se hayan inscrito quedar\u00edan pr\u00e1cticamente fuera de la Universidad y estar\u00edamos entonces reofertando esos espacios para gente que s\u00ed quiere estudiar\u201d, expres\u00f3 el Rector, doctor Jes\u00fas Madue\u00f1a Molina.<\/em><\/p>\n\n\n\n<p>Indic\u00f3 que la inscripci\u00f3n se ven\u00eda registrando de manera lenta, motivo por el cual desde el inicio de esta semana se hizo el llamado a todos los j\u00f3venes que ya ten\u00edan un lugar en la Universidad a que culminaran con el proceso de inscripci\u00f3n, en virtud de que la instituci\u00f3n deber\u00e1 iniciar la etapa de formaci\u00f3n de grupos y la planeaci\u00f3n del arranque del nuevo semestre considerando el periodo vacacional y que el <strong>22 de agosto pr\u00f3ximo inician las clases del nuevo ciclo escolar.<\/strong><\/p>\n\n\n\n<p><em>\u201cPorque no est\u00e1n moviendo su recibo, como que no les interesa, entonces vamos hacer un corte el viernes y aquel alumno que para ese d\u00eda no se haya registrado lo daremos de baja, porque no est\u00e1n mostrando el inter\u00e9s de la oportunidad que les estamos dando\u201d, manifest\u00f3 el Rector.<\/em><\/p>\n\n\n\n<p><strong>Al d\u00eda martes 12 de julio apenas se registraba entre un 15 y 20 por ciento de j\u00f3venes inscritos del total de fichas que se otorgaron<\/strong> y, por el contrario, para el d\u00eda mi\u00e9rcoles 13 ya se ten\u00edan registrados 750 alumnos para el Grupo A de Medicina General y 108 para el Grupo A de Odontolog\u00eda, quienes tuvieron hasta el jueves 14 a las 20:00 horas para registrarse.<\/p>\n\n\n\n<p>El dirigente universitario agreg\u00f3 que para atender el Grupo A de Medicina se aplicar\u00e1 la modalidad mixta, es decir, clases presenciales y virtuales porque el a\u00f1o pasado se registraron mil 200 j\u00f3venes y este a\u00f1o la Universidad est\u00e1 en posibilidad de mantener esa misma oferta, mientras que en las licenciaturas de mayor demanda se aplicar\u00e1n diversas estrategias para atender a todos los aceptados, como cambiar mesas de trabajo en las aulas por butacas para tener m\u00e1s alumnos en los grupos, por citar un ejemplo.<\/p>\n","protected":false},"excerpt":{"rendered":"<p>Al d\u00eda martes 12 de julio apenas se registraba entre un 15 y 20 por ciento de j\u00f3venes inscritos del total de fichas que se otorgaron Culiac\u00e1n, Sin. Este viernes 15 de julio y por acuerdo de la Comisi\u00f3n Institucional de Admisi\u00f3n, vence el plazo para que se inscriban todos los alumnos de nuevo ingreso [&hellip;]<\/p>\n","protected":false},"author":4,"featured_media":37472,"comment_status":"open","ping_status":"open","sticky":false,"template":"","format":"standard","meta":{"tdm_status":"","tdm_grid_status":"","footnotes":""},"categories":[37],"tags":[234],"class_list":{"0":"post-37470","1":"post","2":"type-post","3":"status-publish","4":"format-standard","5":"has-post-thumbnail","7":"category-nota-principal","8":"tag-universidad-autonoma-de-sinaloa"},"yoast_head":"<!-- This site is optimized with the Yoast SEO plugin v27.4 - https:\/\/yoast.com\/product\/yoast-seo-wordpress\/ -->\n<title>\u00a1No te quedes fuera! Hoy vence plazo de inscripci\u00f3n para alumnos de nuevo ingreso en la UAS - Fuentes Fidedignas<\/title>\n<meta name=\"robots\" content=\"index, follow, max-snippet:-1, max-image-preview:large, max-video-preview:-1\" \/>\n<link rel=\"canonical\" href=\"https:\/\/fuentesfidedignas.com.mx\/index.php\/2022\/07\/15\/este-viernes-15-vence-plazo-de-inscripcion-para-alumnos-de-nuevo-ingreso-en-la-uas\/\" \/>\n<meta property=\"og:locale\" content=\"es_MX\" \/>\n<meta property=\"og:type\" content=\"article\" \/>\n<meta property=\"og:title\" content=\"\u00a1No te quedes fuera! Hoy vence plazo de inscripci\u00f3n para alumnos de nuevo ingreso en la UAS - Fuentes Fidedignas\" \/>\n<meta property=\"og:description\" content=\"Al d\u00eda martes 12 de julio apenas se registraba entre un 15 y 20 por ciento de j\u00f3venes inscritos del total de fichas que se otorgaron Culiac\u00e1n, Sin. Este viernes 15 de julio y por acuerdo de la Comisi\u00f3n Institucional de Admisi\u00f3n, vence el plazo para que se inscriban todos los alumnos de nuevo ingreso [&hellip;]\" \/>\n<meta property=\"og:url\" content=\"https:\/\/fuentesfidedignas.com.mx\/index.php\/2022\/07\/15\/este-viernes-15-vence-plazo-de-inscripcion-para-alumnos-de-nuevo-ingreso-en-la-uas\/\" \/>\n<meta property=\"og:site_name\" content=\"Fuentes Fidedignas\" \/>\n<meta property=\"article:publisher\" content=\"https:\/\/www.facebook.com\/Fuentes-Fidedignas-368234489921644\" \/>\n<meta property=\"article:published_time\" content=\"2022-07-15T12:15:00+00:00\" \/>\n<meta property=\"article:modified_time\" content=\"2022-07-15T12:18:38+00:00\" \/>\n<meta property=\"og:image\" content=\"https:\/\/fuentesfidedignas.com.mx\/wp-content\/uploads\/2022\/07\/Inscripciones-scaled.jpg\" \/>\n\t<meta property=\"og:image:width\" content=\"2560\" \/>\n\t<meta property=\"og:image:height\" content=\"1707\" \/>\n\t<meta property=\"og:image:type\" content=\"image\/jpeg\" \/>\n<meta name=\"author\" content=\"Redacci\u00f3n\" \/>\n<meta name=\"twitter:card\" content=\"summary_large_image\" \/>\n<meta name=\"twitter:creator\" content=\"@fidedignas\" \/>\n<meta name=\"twitter:site\" content=\"@fidedignas\" \/>\n<meta name=\"twitter:label1\" content=\"Escrito por\" \/>\n\t<meta name=\"twitter:data1\" content=\"Redacci\u00f3n\" \/>\n\t<meta name=\"twitter:label2\" content=\"Tiempo de lectura\" \/>\n\t<meta name=\"twitter:data2\" content=\"3 minutos\" \/>\n<script type=\"application\/ld+json\" class=\"yoast-schema-graph\">{\"@context\":\"https:\\\/\\\/schema.org\",\"@graph\":[{\"@type\":\"Article\",\"@id\":\"https:\\\/\\\/fuentesfidedignas.com.mx\\\/index.php\\\/2022\\\/07\\\/15\\\/este-viernes-15-vence-plazo-de-inscripcion-para-alumnos-de-nuevo-ingreso-en-la-uas\\\/#article\",\"isPartOf\":{\"@id\":\"https:\\\/\\\/fuentesfidedignas.com.mx\\\/index.php\\\/2022\\\/07\\\/15\\\/este-viernes-15-vence-plazo-de-inscripcion-para-alumnos-de-nuevo-ingreso-en-la-uas\\\/\"},\"author\":{\"name\":\"Redacci\u00f3n\",\"@id\":\"https:\\\/\\\/fuentesfidedignas.com.mx\\\/#\\\/schema\\\/person\\\/331be9283d37198e2acd5750279085b0\"},\"headline\":\"\u00a1No te quedes fuera! Hoy vence plazo de inscripci\u00f3n para alumnos de nuevo ingreso en la UAS\",\"datePublished\":\"2022-07-15T12:15:00+00:00\",\"dateModified\":\"2022-07-15T12:18:38+00:00\",\"mainEntityOfPage\":{\"@id\":\"https:\\\/\\\/fuentesfidedignas.com.mx\\\/index.php\\\/2022\\\/07\\\/15\\\/este-viernes-15-vence-plazo-de-inscripcion-para-alumnos-de-nuevo-ingreso-en-la-uas\\\/\"},\"wordCount\":484,\"commentCount\":0,\"publisher\":{\"@id\":\"https:\\\/\\\/fuentesfidedignas.com.mx\\\/#organization\"},\"image\":{\"@id\":\"https:\\\/\\\/fuentesfidedignas.com.mx\\\/index.php\\\/2022\\\/07\\\/15\\\/este-viernes-15-vence-plazo-de-inscripcion-para-alumnos-de-nuevo-ingreso-en-la-uas\\\/#primaryimage\"},\"thumbnailUrl\":\"https:\\\/\\\/fuentesfidedignas.com.mx\\\/wp-content\\\/uploads\\\/2022\\\/07\\\/Inscripciones-scaled.jpg\",\"keywords\":[\"Universidad Aut\u00f3noma de Sinaloa\"],\"articleSection\":[\"NOTA PRINCIPAL\"],\"inLanguage\":\"es\",\"potentialAction\":[{\"@type\":\"CommentAction\",\"name\":\"Comment\",\"target\":[\"https:\\\/\\\/fuentesfidedignas.com.mx\\\/index.php\\\/2022\\\/07\\\/15\\\/este-viernes-15-vence-plazo-de-inscripcion-para-alumnos-de-nuevo-ingreso-en-la-uas\\\/#respond\"]}]},{\"@type\":\"WebPage\",\"@id\":\"https:\\\/\\\/fuentesfidedignas.com.mx\\\/index.php\\\/2022\\\/07\\\/15\\\/este-viernes-15-vence-plazo-de-inscripcion-para-alumnos-de-nuevo-ingreso-en-la-uas\\\/\",\"url\":\"https:\\\/\\\/fuentesfidedignas.com.mx\\\/index.php\\\/2022\\\/07\\\/15\\\/este-viernes-15-vence-plazo-de-inscripcion-para-alumnos-de-nuevo-ingreso-en-la-uas\\\/\",\"name\":\"\u00a1No te quedes fuera! Hoy vence plazo de inscripci\u00f3n para alumnos de nuevo ingreso en la UAS - Fuentes Fidedignas\",\"isPartOf\":{\"@id\":\"https:\\\/\\\/fuentesfidedignas.com.mx\\\/#website\"},\"primaryImageOfPage\":{\"@id\":\"https:\\\/\\\/fuentesfidedignas.com.mx\\\/index.php\\\/2022\\\/07\\\/15\\\/este-viernes-15-vence-plazo-de-inscripcion-para-alumnos-de-nuevo-ingreso-en-la-uas\\\/#primaryimage\"},\"image\":{\"@id\":\"https:\\\/\\\/fuentesfidedignas.com.mx\\\/index.php\\\/2022\\\/07\\\/15\\\/este-viernes-15-vence-plazo-de-inscripcion-para-alumnos-de-nuevo-ingreso-en-la-uas\\\/#primaryimage\"},\"thumbnailUrl\":\"https:\\\/\\\/fuentesfidedignas.com.mx\\\/wp-content\\\/uploads\\\/2022\\\/07\\\/Inscripciones-scaled.jpg\",\"datePublished\":\"2022-07-15T12:15:00+00:00\",\"dateModified\":\"2022-07-15T12:18:38+00:00\",\"breadcrumb\":{\"@id\":\"https:\\\/\\\/fuentesfidedignas.com.mx\\\/index.php\\\/2022\\\/07\\\/15\\\/este-viernes-15-vence-plazo-de-inscripcion-para-alumnos-de-nuevo-ingreso-en-la-uas\\\/#breadcrumb\"},\"inLanguage\":\"es\",\"potentialAction\":[{\"@type\":\"ReadAction\",\"target\":[\"https:\\\/\\\/fuentesfidedignas.com.mx\\\/index.php\\\/2022\\\/07\\\/15\\\/este-viernes-15-vence-plazo-de-inscripcion-para-alumnos-de-nuevo-ingreso-en-la-uas\\\/\"]}]},{\"@type\":\"ImageObject\",\"inLanguage\":\"es\",\"@id\":\"https:\\\/\\\/fuentesfidedignas.com.mx\\\/index.php\\\/2022\\\/07\\\/15\\\/este-viernes-15-vence-plazo-de-inscripcion-para-alumnos-de-nuevo-ingreso-en-la-uas\\\/#primaryimage\",\"url\":\"https:\\\/\\\/fuentesfidedignas.com.mx\\\/wp-content\\\/uploads\\\/2022\\\/07\\\/Inscripciones-scaled.jpg\",\"contentUrl\":\"https:\\\/\\\/fuentesfidedignas.com.mx\\\/wp-content\\\/uploads\\\/2022\\\/07\\\/Inscripciones-scaled.jpg\",\"width\":2560,\"height\":1707},{\"@type\":\"BreadcrumbList\",\"@id\":\"https:\\\/\\\/fuentesfidedignas.com.mx\\\/index.php\\\/2022\\\/07\\\/15\\\/este-viernes-15-vence-plazo-de-inscripcion-para-alumnos-de-nuevo-ingreso-en-la-uas\\\/#breadcrumb\",\"itemListElement\":[{\"@type\":\"ListItem\",\"position\":1,\"name\":\"Inicio\",\"item\":\"https:\\\/\\\/fuentesfidedignas.com.mx\\\/\"},{\"@type\":\"ListItem\",\"position\":2,\"name\":\"\u00a1No te quedes fuera! Hoy vence plazo de inscripci\u00f3n para alumnos de nuevo ingreso en la UAS\"}]},{\"@type\":\"WebSite\",\"@id\":\"https:\\\/\\\/fuentesfidedignas.com.mx\\\/#website\",\"url\":\"https:\\\/\\\/fuentesfidedignas.com.mx\\\/\",\"name\":\"Fuentes Fidedignas\",\"description\":\"Otro sitio realizado con WordPress\",\"publisher\":{\"@id\":\"https:\\\/\\\/fuentesfidedignas.com.mx\\\/#organization\"},\"potentialAction\":[{\"@type\":\"SearchAction\",\"target\":{\"@type\":\"EntryPoint\",\"urlTemplate\":\"https:\\\/\\\/fuentesfidedignas.com.mx\\\/?s={search_term_string}\"},\"query-input\":{\"@type\":\"PropertyValueSpecification\",\"valueRequired\":true,\"valueName\":\"search_term_string\"}}],\"inLanguage\":\"es\"},{\"@type\":\"Organization\",\"@id\":\"https:\\\/\\\/fuentesfidedignas.com.mx\\\/#organization\",\"name\":\"Fuentes Fidedignas\",\"url\":\"https:\\\/\\\/fuentesfidedignas.com.mx\\\/\",\"logo\":{\"@type\":\"ImageObject\",\"inLanguage\":\"es\",\"@id\":\"https:\\\/\\\/fuentesfidedignas.com.mx\\\/#\\\/schema\\\/logo\\\/image\\\/\",\"url\":\"https:\\\/\\\/fuentesfidedignas.com.mx\\\/wp-content\\\/uploads\\\/2021\\\/04\\\/logo-retina.png\",\"contentUrl\":\"https:\\\/\\\/fuentesfidedignas.com.mx\\\/wp-content\\\/uploads\\\/2021\\\/04\\\/logo-retina.png\",\"width\":280,\"height\":51,\"caption\":\"Fuentes Fidedignas\"},\"image\":{\"@id\":\"https:\\\/\\\/fuentesfidedignas.com.mx\\\/#\\\/schema\\\/logo\\\/image\\\/\"},\"sameAs\":[\"https:\\\/\\\/www.facebook.com\\\/Fuentes-Fidedignas-368234489921644\",\"https:\\\/\\\/x.com\\\/fidedignas\"]},{\"@type\":\"Person\",\"@id\":\"https:\\\/\\\/fuentesfidedignas.com.mx\\\/#\\\/schema\\\/person\\\/331be9283d37198e2acd5750279085b0\",\"name\":\"Redacci\u00f3n\",\"image\":{\"@type\":\"ImageObject\",\"inLanguage\":\"es\",\"@id\":\"https:\\\/\\\/secure.gravatar.com\\\/avatar\\\/f6d8782c11d12b2d4ad3fbb6931aeab5309937a4d6cd2fc9cfaa28a6396a5aec?s=96&d=mm&r=g\",\"url\":\"https:\\\/\\\/secure.gravatar.com\\\/avatar\\\/f6d8782c11d12b2d4ad3fbb6931aeab5309937a4d6cd2fc9cfaa28a6396a5aec?s=96&d=mm&r=g\",\"contentUrl\":\"https:\\\/\\\/secure.gravatar.com\\\/avatar\\\/f6d8782c11d12b2d4ad3fbb6931aeab5309937a4d6cd2fc9cfaa28a6396a5aec?s=96&d=mm&r=g\",\"caption\":\"Redacci\u00f3n\"},\"url\":\"https:\\\/\\\/fuentesfidedignas.com.mx\\\/index.php\\\/author\\\/redaccion\\\/\"}]}<\/script>\n<!-- \/ Yoast SEO plugin. -->","yoast_head_json":{"title":"\u00a1No te quedes fuera! Hoy vence plazo de inscripci\u00f3n para alumnos de nuevo ingreso en la UAS - Fuentes Fidedignas","robots":{"index":"index","follow":"follow","max-snippet":"max-snippet:-1","max-image-preview":"max-image-preview:large","max-video-preview":"max-video-preview:-1"},"canonical":"https:\/\/fuentesfidedignas.com.mx\/index.php\/2022\/07\/15\/este-viernes-15-vence-plazo-de-inscripcion-para-alumnos-de-nuevo-ingreso-en-la-uas\/","og_locale":"es_MX","og_type":"article","og_title":"\u00a1No te quedes fuera! Hoy vence plazo de inscripci\u00f3n para alumnos de nuevo ingreso en la UAS - Fuentes Fidedignas","og_description":"Al d\u00eda martes 12 de julio apenas se registraba entre un 15 y 20 por ciento de j\u00f3venes inscritos del total de fichas que se otorgaron Culiac\u00e1n, Sin. Este viernes 15 de julio y por acuerdo de la Comisi\u00f3n Institucional de Admisi\u00f3n, vence el plazo para que se inscriban todos los alumnos de nuevo ingreso [&hellip;]","og_url":"https:\/\/fuentesfidedignas.com.mx\/index.php\/2022\/07\/15\/este-viernes-15-vence-plazo-de-inscripcion-para-alumnos-de-nuevo-ingreso-en-la-uas\/","og_site_name":"Fuentes Fidedignas","article_publisher":"https:\/\/www.facebook.com\/Fuentes-Fidedignas-368234489921644","article_published_time":"2022-07-15T12:15:00+00:00","article_modified_time":"2022-07-15T12:18:38+00:00","og_image":[{"width":2560,"height":1707,"url":"https:\/\/fuentesfidedignas.com.mx\/wp-content\/uploads\/2022\/07\/Inscripciones-scaled.jpg","type":"image\/jpeg"}],"author":"Redacci\u00f3n","twitter_card":"summary_large_image","twitter_creator":"@fidedignas","twitter_site":"@fidedignas","twitter_misc":{"Escrito por":"Redacci\u00f3n","Tiempo de lectura":"3 minutos"},"schema":{"@context":"https:\/\/schema.org","@graph":[{"@type":"Article","@id":"https:\/\/fuentesfidedignas.com.mx\/index.php\/2022\/07\/15\/este-viernes-15-vence-plazo-de-inscripcion-para-alumnos-de-nuevo-ingreso-en-la-uas\/#article","isPartOf":{"@id":"https:\/\/fuentesfidedignas.com.mx\/index.php\/2022\/07\/15\/este-viernes-15-vence-plazo-de-inscripcion-para-alumnos-de-nuevo-ingreso-en-la-uas\/"},"author":{"name":"Redacci\u00f3n","@id":"https:\/\/fuentesfidedignas.com.mx\/#\/schema\/person\/331be9283d37198e2acd5750279085b0"},"headline":"\u00a1No te quedes fuera! Hoy vence plazo de inscripci\u00f3n para alumnos de nuevo ingreso en la UAS","datePublished":"2022-07-15T12:15:00+00:00","dateModified":"2022-07-15T12:18:38+00:00","mainEntityOfPage":{"@id":"https:\/\/fuentesfidedignas.com.mx\/index.php\/2022\/07\/15\/este-viernes-15-vence-plazo-de-inscripcion-para-alumnos-de-nuevo-ingreso-en-la-uas\/"},"wordCount":484,"commentCount":0,"publisher":{"@id":"https:\/\/fuentesfidedignas.com.mx\/#organization"},"image":{"@id":"https:\/\/fuentesfidedignas.com.mx\/index.php\/2022\/07\/15\/este-viernes-15-vence-plazo-de-inscripcion-para-alumnos-de-nuevo-ingreso-en-la-uas\/#primaryimage"},"thumbnailUrl":"https:\/\/fuentesfidedignas.com.mx\/wp-content\/uploads\/2022\/07\/Inscripciones-scaled.jpg","keywords":["Universidad Aut\u00f3noma de Sinaloa"],"articleSection":["NOTA PRINCIPAL"],"inLanguage":"es","potentialAction":[{"@type":"CommentAction","name":"Comment","target":["https:\/\/fuentesfidedignas.com.mx\/index.php\/2022\/07\/15\/este-viernes-15-vence-plazo-de-inscripcion-para-alumnos-de-nuevo-ingreso-en-la-uas\/#respond"]}]},{"@type":"WebPage","@id":"https:\/\/fuentesfidedignas.com.mx\/index.php\/2022\/07\/15\/este-viernes-15-vence-plazo-de-inscripcion-para-alumnos-de-nuevo-ingreso-en-la-uas\/","url":"https:\/\/fuentesfidedignas.com.mx\/index.php\/2022\/07\/15\/este-viernes-15-vence-plazo-de-inscripcion-para-alumnos-de-nuevo-ingreso-en-la-uas\/","name":"\u00a1No te quedes fuera! Hoy vence plazo de inscripci\u00f3n para alumnos de nuevo ingreso en la UAS - Fuentes Fidedignas","isPartOf":{"@id":"https:\/\/fuentesfidedignas.com.mx\/#website"},"primaryImageOfPage":{"@id":"https:\/\/fuentesfidedignas.com.mx\/index.php\/2022\/07\/15\/este-viernes-15-vence-plazo-de-inscripcion-para-alumnos-de-nuevo-ingreso-en-la-uas\/#primaryimage"},"image":{"@id":"https:\/\/fuentesfidedignas.com.mx\/index.php\/2022\/07\/15\/este-viernes-15-vence-plazo-de-inscripcion-para-alumnos-de-nuevo-ingreso-en-la-uas\/#primaryimage"},"thumbnailUrl":"https:\/\/fuentesfidedignas.com.mx\/wp-content\/uploads\/2022\/07\/Inscripciones-scaled.jpg","datePublished":"2022-07-15T12:15:00+00:00","dateModified":"2022-07-15T12:18:38+00:00","breadcrumb":{"@id":"https:\/\/fuentesfidedignas.com.mx\/index.php\/2022\/07\/15\/este-viernes-15-vence-plazo-de-inscripcion-para-alumnos-de-nuevo-ingreso-en-la-uas\/#breadcrumb"},"inLanguage":"es","potentialAction":[{"@type":"ReadAction","target":["https:\/\/fuentesfidedignas.com.mx\/index.php\/2022\/07\/15\/este-viernes-15-vence-plazo-de-inscripcion-para-alumnos-de-nuevo-ingreso-en-la-uas\/"]}]},{"@type":"ImageObject","inLanguage":"es","@id":"https:\/\/fuentesfidedignas.com.mx\/index.php\/2022\/07\/15\/este-viernes-15-vence-plazo-de-inscripcion-para-alumnos-de-nuevo-ingreso-en-la-uas\/#primaryimage","url":"https:\/\/fuentesfidedignas.com.mx\/wp-content\/uploads\/2022\/07\/Inscripciones-scaled.jpg","contentUrl":"https:\/\/fuentesfidedignas.com.mx\/wp-content\/uploads\/2022\/07\/Inscripciones-scaled.jpg","width":2560,"height":1707},{"@type":"BreadcrumbList","@id":"https:\/\/fuentesfidedignas.com.mx\/index.php\/2022\/07\/15\/este-viernes-15-vence-plazo-de-inscripcion-para-alumnos-de-nuevo-ingreso-en-la-uas\/#breadcrumb","itemListElement":[{"@type":"ListItem","position":1,"name":"Inicio","item":"https:\/\/fuentesfidedignas.com.mx\/"},{"@type":"ListItem","position":2,"name":"\u00a1No te quedes fuera! Hoy vence plazo de inscripci\u00f3n para alumnos de nuevo ingreso en la UAS"}]},{"@type":"WebSite","@id":"https:\/\/fuentesfidedignas.com.mx\/#website","url":"https:\/\/fuentesfidedignas.com.mx\/","name":"Fuentes Fidedignas","description":"Otro sitio realizado con WordPress","publisher":{"@id":"https:\/\/fuentesfidedignas.com.mx\/#organization"},"potentialAction":[{"@type":"SearchAction","target":{"@type":"EntryPoint","urlTemplate":"https:\/\/fuentesfidedignas.com.mx\/?s={search_term_string}"},"query-input":{"@type":"PropertyValueSpecification","valueRequired":true,"valueName":"search_term_string"}}],"inLanguage":"es"},{"@type":"Organization","@id":"https:\/\/fuentesfidedignas.com.mx\/#organization","name":"Fuentes Fidedignas","url":"https:\/\/fuentesfidedignas.com.mx\/","logo":{"@type":"ImageObject","inLanguage":"es","@id":"https:\/\/fuentesfidedignas.com.mx\/#\/schema\/logo\/image\/","url":"https:\/\/fuentesfidedignas.com.mx\/wp-content\/uploads\/2021\/04\/logo-retina.png","contentUrl":"https:\/\/fuentesfidedignas.com.mx\/wp-content\/uploads\/2021\/04\/logo-retina.png","width":280,"height":51,"caption":"Fuentes Fidedignas"},"image":{"@id":"https:\/\/fuentesfidedignas.com.mx\/#\/schema\/logo\/image\/"},"sameAs":["https:\/\/www.facebook.com\/Fuentes-Fidedignas-368234489921644","https:\/\/x.com\/fidedignas"]},{"@type":"Person","@id":"https:\/\/fuentesfidedignas.com.mx\/#\/schema\/person\/331be9283d37198e2acd5750279085b0","name":"Redacci\u00f3n","image":{"@type":"ImageObject","inLanguage":"es","@id":"https:\/\/secure.gravatar.com\/avatar\/f6d8782c11d12b2d4ad3fbb6931aeab5309937a4d6cd2fc9cfaa28a6396a5aec?s=96&d=mm&r=g","url":"https:\/\/secure.gravatar.com\/avatar\/f6d8782c11d12b2d4ad3fbb6931aeab5309937a4d6cd2fc9cfaa28a6396a5aec?s=96&d=mm&r=g","contentUrl":"https:\/\/secure.gravatar.com\/avatar\/f6d8782c11d12b2d4ad3fbb6931aeab5309937a4d6cd2fc9cfaa28a6396a5aec?s=96&d=mm&r=g","caption":"Redacci\u00f3n"},"url":"https:\/\/fuentesfidedignas.com.mx\/index.php\/author\/redaccion\/"}]}},"_links":{"self":[{"href":"https:\/\/fuentesfidedignas.com.mx\/index.php\/wp-json\/wp\/v2\/posts\/37470","targetHints":{"allow":["GET"]}}],"collection":[{"href":"https:\/\/fuentesfidedignas.com.mx\/index.php\/wp-json\/wp\/v2\/posts"}],"about":[{"href":"https:\/\/fuentesfidedignas.com.mx\/index.php\/wp-json\/wp\/v2\/types\/post"}],"author":[{"embeddable":true,"href":"https:\/\/fuentesfidedignas.com.mx\/index.php\/wp-json\/wp\/v2\/users\/4"}],"replies":[{"embeddable":true,"href":"https:\/\/fuentesfidedignas.com.mx\/index.php\/wp-json\/wp\/v2\/comments?post=37470"}],"version-history":[{"count":3,"href":"https:\/\/fuentesfidedignas.com.mx\/index.php\/wp-json\/wp\/v2\/posts\/37470\/revisions"}],"predecessor-version":[{"id":37479,"href":"https:\/\/fuentesfidedignas.com.mx\/index.php\/wp-json\/wp\/v2\/posts\/37470\/revisions\/37479"}],"wp:featuredmedia":[{"embeddable":true,"href":"https:\/\/fuentesfidedignas.com.mx\/index.php\/wp-json\/wp\/v2\/media\/37472"}],"wp:attachment":[{"href":"https:\/\/fuentesfidedignas.com.mx\/index.php\/wp-json\/wp\/v2\/media?parent=37470"}],"wp:term":[{"taxonomy":"category","embeddable":true,"href":"https:\/\/fuentesfidedignas.com.mx\/index.php\/wp-json\/wp\/v2\/categories?post=37470"},{"taxonomy":"post_tag","embeddable":true,"href":"https:\/\/fuentesfidedignas.com.mx\/index.php\/wp-json\/wp\/v2\/tags?post=37470"}],"curies":[{"name":"wp","href":"https:\/\/api.w.org\/{rel}","templated":true}]}}