{"id":37430,"date":"2022-07-14T13:05:00","date_gmt":"2022-07-14T19:05:00","guid":{"rendered":"https:\/\/fuentesfidedignas.com.mx\/?p=37430"},"modified":"2022-07-14T14:34:47","modified_gmt":"2022-07-14T20:34:47","slug":"una-vez-mas-gobierno-federal-filtra-informacion-sobre-caso-ler-confirma-tercera-orden-de-aprehension","status":"publish","type":"post","link":"https:\/\/fuentesfidedignas.com.mx\/index.php\/2022\/07\/14\/una-vez-mas-gobierno-federal-filtra-informacion-sobre-caso-ler-confirma-tercera-orden-de-aprehension\/","title":{"rendered":"Una vez m\u00e1s, Gobierno Federal filtra informaci\u00f3n sobre caso LER; confirma tercera orden de aprehensi\u00f3n"},"content":{"rendered":"\n<p><em><strong>&#8220;La Fiscal\u00eda de Sinaloa informa que hay una tercera orden de aprensi\u00f3n contra un presunto autor material del homicidio\u201d, se\u00f1al\u00f3<\/strong><\/em><\/p>\n\n\n\n<p>Ciudad de M\u00e9xico.- La Fiscal\u00eda de Sinaloa emiti\u00f3 una tercera orden de aprensi\u00f3n en contra de un presunto autor material del homicidio del periodista L<strong>uis Enrique Ram\u00edrez<\/strong>, fue lo que confirm\u00f3 este jueves el Gobierno Federal.<\/p>\n\n\n\n<p>As\u00ed lo dio a conocer el S<strong>ubsecretario de Seguridad P\u00fablica<\/strong>, Ricardo Mej\u00eda Berdeja, durante la conferencia de prensa diaria que ofrece el Presidente Andr\u00e9s Manuel L\u00f3pez Obrador.<em>&#8220;La Fiscal\u00eda de Sinaloa informa que hay una tercera orden de aprensi\u00f3n contra un presunto autor material del homicidio\u201d, se\u00f1al\u00f3.<\/em><\/p>\n","protected":false},"excerpt":{"rendered":"<p>&#8220;La Fiscal\u00eda de Sinaloa informa que hay una tercera orden de aprensi\u00f3n contra un presunto autor material del homicidio\u201d, se\u00f1al\u00f3 Ciudad de M\u00e9xico.- La Fiscal\u00eda de Sinaloa emiti\u00f3 una tercera orden de aprensi\u00f3n en contra de un presunto autor material del homicidio del periodista Luis Enrique Ram\u00edrez, fue lo que confirm\u00f3 este jueves el Gobierno [&hellip;]<\/p>\n","protected":false},"author":11,"featured_media":37431,"comment_status":"open","ping_status":"open","sticky":false,"template":"","format":"standard","meta":{"tdm_status":"","tdm_grid_status":"","footnotes":""},"categories":[37,1],"tags":[],"class_list":{"0":"post-37430","1":"post","2":"type-post","3":"status-publish","4":"format-standard","5":"has-post-thumbnail","7":"category-nota-principal","8":"category-sin-categoria"},"yoast_head":"<!-- This site is optimized with the Yoast SEO plugin v27.5 - https:\/\/yoast.com\/product\/yoast-seo-wordpress\/ -->\n<title>Una vez m\u00e1s, Gobierno Federal filtra informaci\u00f3n sobre caso LER; confirma tercera orden de aprehensi\u00f3n - Fuentes Fidedignas<\/title>\n<meta name=\"robots\" content=\"index, follow, max-snippet:-1, max-image-preview:large, max-video-preview:-1\" \/>\n<link rel=\"canonical\" href=\"https:\/\/fuentesfidedignas.com.mx\/index.php\/2022\/07\/14\/una-vez-mas-gobierno-federal-filtra-informacion-sobre-caso-ler-confirma-tercera-orden-de-aprehension\/\" \/>\n<meta property=\"og:locale\" content=\"es_MX\" \/>\n<meta property=\"og:type\" content=\"article\" \/>\n<meta property=\"og:title\" content=\"Una vez m\u00e1s, Gobierno Federal filtra informaci\u00f3n sobre caso LER; confirma tercera orden de aprehensi\u00f3n - Fuentes Fidedignas\" \/>\n<meta property=\"og:description\" content=\"&#8220;La Fiscal\u00eda de Sinaloa informa que hay una tercera orden de aprensi\u00f3n contra un presunto autor material del homicidio\u201d, se\u00f1al\u00f3 Ciudad de M\u00e9xico.- La Fiscal\u00eda de Sinaloa emiti\u00f3 una tercera orden de aprensi\u00f3n en contra de un presunto autor material del homicidio del periodista Luis Enrique Ram\u00edrez, fue lo que confirm\u00f3 este jueves el Gobierno [&hellip;]\" \/>\n<meta property=\"og:url\" content=\"https:\/\/fuentesfidedignas.com.mx\/index.php\/2022\/07\/14\/una-vez-mas-gobierno-federal-filtra-informacion-sobre-caso-ler-confirma-tercera-orden-de-aprehension\/\" \/>\n<meta property=\"og:site_name\" content=\"Fuentes Fidedignas\" \/>\n<meta property=\"article:publisher\" content=\"https:\/\/www.facebook.com\/Fuentes-Fidedignas-368234489921644\" \/>\n<meta property=\"article:published_time\" content=\"2022-07-14T19:05:00+00:00\" \/>\n<meta property=\"article:modified_time\" content=\"2022-07-14T20:34:47+00:00\" \/>\n<meta property=\"og:image\" content=\"https:\/\/fuentesfidedignas.com.mx\/wp-content\/uploads\/2022\/07\/gobierno-federal.png\" \/>\n\t<meta property=\"og:image:width\" content=\"1140\" \/>\n\t<meta property=\"og:image:height\" content=\"500\" \/>\n\t<meta property=\"og:image:type\" content=\"image\/png\" \/>\n<meta name=\"author\" content=\"Marissa Palafox\" \/>\n<meta name=\"twitter:card\" content=\"summary_large_image\" \/>\n<meta name=\"twitter:creator\" content=\"@fidedignas\" \/>\n<meta name=\"twitter:site\" content=\"@fidedignas\" \/>\n<meta name=\"twitter:label1\" content=\"Escrito por\" \/>\n\t<meta name=\"twitter:data1\" content=\"Marissa Palafox\" \/>\n\t<meta name=\"twitter:label2\" content=\"Tiempo de lectura\" \/>\n\t<meta name=\"twitter:data2\" content=\"1 minuto\" \/>\n<script type=\"application\/ld+json\" class=\"yoast-schema-graph\">{\"@context\":\"https:\\\/\\\/schema.org\",\"@graph\":[{\"@type\":\"Article\",\"@id\":\"https:\\\/\\\/fuentesfidedignas.com.mx\\\/index.php\\\/2022\\\/07\\\/14\\\/una-vez-mas-gobierno-federal-filtra-informacion-sobre-caso-ler-confirma-tercera-orden-de-aprehension\\\/#article\",\"isPartOf\":{\"@id\":\"https:\\\/\\\/fuentesfidedignas.com.mx\\\/index.php\\\/2022\\\/07\\\/14\\\/una-vez-mas-gobierno-federal-filtra-informacion-sobre-caso-ler-confirma-tercera-orden-de-aprehension\\\/\"},\"author\":{\"name\":\"Marissa Palafox\",\"@id\":\"https:\\\/\\\/fuentesfidedignas.com.mx\\\/#\\\/schema\\\/person\\\/2c10028b4a30078c05a056a215342ab9\"},\"headline\":\"Una vez m\u00e1s, Gobierno Federal filtra informaci\u00f3n sobre caso LER; confirma tercera orden de aprehensi\u00f3n\",\"datePublished\":\"2022-07-14T19:05:00+00:00\",\"dateModified\":\"2022-07-14T20:34:47+00:00\",\"mainEntityOfPage\":{\"@id\":\"https:\\\/\\\/fuentesfidedignas.com.mx\\\/index.php\\\/2022\\\/07\\\/14\\\/una-vez-mas-gobierno-federal-filtra-informacion-sobre-caso-ler-confirma-tercera-orden-de-aprehension\\\/\"},\"wordCount\":136,\"commentCount\":0,\"publisher\":{\"@id\":\"https:\\\/\\\/fuentesfidedignas.com.mx\\\/#organization\"},\"image\":{\"@id\":\"https:\\\/\\\/fuentesfidedignas.com.mx\\\/index.php\\\/2022\\\/07\\\/14\\\/una-vez-mas-gobierno-federal-filtra-informacion-sobre-caso-ler-confirma-tercera-orden-de-aprehension\\\/#primaryimage\"},\"thumbnailUrl\":\"https:\\\/\\\/fuentesfidedignas.com.mx\\\/wp-content\\\/uploads\\\/2022\\\/07\\\/gobierno-federal.png\",\"articleSection\":[\"NOTA PRINCIPAL\"],\"inLanguage\":\"es\",\"potentialAction\":[{\"@type\":\"CommentAction\",\"name\":\"Comment\",\"target\":[\"https:\\\/\\\/fuentesfidedignas.com.mx\\\/index.php\\\/2022\\\/07\\\/14\\\/una-vez-mas-gobierno-federal-filtra-informacion-sobre-caso-ler-confirma-tercera-orden-de-aprehension\\\/#respond\"]}]},{\"@type\":\"WebPage\",\"@id\":\"https:\\\/\\\/fuentesfidedignas.com.mx\\\/index.php\\\/2022\\\/07\\\/14\\\/una-vez-mas-gobierno-federal-filtra-informacion-sobre-caso-ler-confirma-tercera-orden-de-aprehension\\\/\",\"url\":\"https:\\\/\\\/fuentesfidedignas.com.mx\\\/index.php\\\/2022\\\/07\\\/14\\\/una-vez-mas-gobierno-federal-filtra-informacion-sobre-caso-ler-confirma-tercera-orden-de-aprehension\\\/\",\"name\":\"Una vez m\u00e1s, Gobierno Federal filtra informaci\u00f3n sobre caso LER; confirma tercera orden de aprehensi\u00f3n - Fuentes Fidedignas\",\"isPartOf\":{\"@id\":\"https:\\\/\\\/fuentesfidedignas.com.mx\\\/#website\"},\"primaryImageOfPage\":{\"@id\":\"https:\\\/\\\/fuentesfidedignas.com.mx\\\/index.php\\\/2022\\\/07\\\/14\\\/una-vez-mas-gobierno-federal-filtra-informacion-sobre-caso-ler-confirma-tercera-orden-de-aprehension\\\/#primaryimage\"},\"image\":{\"@id\":\"https:\\\/\\\/fuentesfidedignas.com.mx\\\/index.php\\\/2022\\\/07\\\/14\\\/una-vez-mas-gobierno-federal-filtra-informacion-sobre-caso-ler-confirma-tercera-orden-de-aprehension\\\/#primaryimage\"},\"thumbnailUrl\":\"https:\\\/\\\/fuentesfidedignas.com.mx\\\/wp-content\\\/uploads\\\/2022\\\/07\\\/gobierno-federal.png\",\"datePublished\":\"2022-07-14T19:05:00+00:00\",\"dateModified\":\"2022-07-14T20:34:47+00:00\",\"breadcrumb\":{\"@id\":\"https:\\\/\\\/fuentesfidedignas.com.mx\\\/index.php\\\/2022\\\/07\\\/14\\\/una-vez-mas-gobierno-federal-filtra-informacion-sobre-caso-ler-confirma-tercera-orden-de-aprehension\\\/#breadcrumb\"},\"inLanguage\":\"es\",\"potentialAction\":[{\"@type\":\"ReadAction\",\"target\":[\"https:\\\/\\\/fuentesfidedignas.com.mx\\\/index.php\\\/2022\\\/07\\\/14\\\/una-vez-mas-gobierno-federal-filtra-informacion-sobre-caso-ler-confirma-tercera-orden-de-aprehension\\\/\"]}]},{\"@type\":\"ImageObject\",\"inLanguage\":\"es\",\"@id\":\"https:\\\/\\\/fuentesfidedignas.com.mx\\\/index.php\\\/2022\\\/07\\\/14\\\/una-vez-mas-gobierno-federal-filtra-informacion-sobre-caso-ler-confirma-tercera-orden-de-aprehension\\\/#primaryimage\",\"url\":\"https:\\\/\\\/fuentesfidedignas.com.mx\\\/wp-content\\\/uploads\\\/2022\\\/07\\\/gobierno-federal.png\",\"contentUrl\":\"https:\\\/\\\/fuentesfidedignas.com.mx\\\/wp-content\\\/uploads\\\/2022\\\/07\\\/gobierno-federal.png\",\"width\":1140,\"height\":500},{\"@type\":\"BreadcrumbList\",\"@id\":\"https:\\\/\\\/fuentesfidedignas.com.mx\\\/index.php\\\/2022\\\/07\\\/14\\\/una-vez-mas-gobierno-federal-filtra-informacion-sobre-caso-ler-confirma-tercera-orden-de-aprehension\\\/#breadcrumb\",\"itemListElement\":[{\"@type\":\"ListItem\",\"position\":1,\"name\":\"Inicio\",\"item\":\"https:\\\/\\\/fuentesfidedignas.com.mx\\\/\"},{\"@type\":\"ListItem\",\"position\":2,\"name\":\"Una vez m\u00e1s, Gobierno Federal filtra informaci\u00f3n sobre caso LER; confirma tercera orden de aprehensi\u00f3n\"}]},{\"@type\":\"WebSite\",\"@id\":\"https:\\\/\\\/fuentesfidedignas.com.mx\\\/#website\",\"url\":\"https:\\\/\\\/fuentesfidedignas.com.mx\\\/\",\"name\":\"Fuentes Fidedignas\",\"description\":\"Otro sitio realizado con WordPress\",\"publisher\":{\"@id\":\"https:\\\/\\\/fuentesfidedignas.com.mx\\\/#organization\"},\"potentialAction\":[{\"@type\":\"SearchAction\",\"target\":{\"@type\":\"EntryPoint\",\"urlTemplate\":\"https:\\\/\\\/fuentesfidedignas.com.mx\\\/?s={search_term_string}\"},\"query-input\":{\"@type\":\"PropertyValueSpecification\",\"valueRequired\":true,\"valueName\":\"search_term_string\"}}],\"inLanguage\":\"es\"},{\"@type\":\"Organization\",\"@id\":\"https:\\\/\\\/fuentesfidedignas.com.mx\\\/#organization\",\"name\":\"Fuentes Fidedignas\",\"url\":\"https:\\\/\\\/fuentesfidedignas.com.mx\\\/\",\"logo\":{\"@type\":\"ImageObject\",\"inLanguage\":\"es\",\"@id\":\"https:\\\/\\\/fuentesfidedignas.com.mx\\\/#\\\/schema\\\/logo\\\/image\\\/\",\"url\":\"https:\\\/\\\/fuentesfidedignas.com.mx\\\/wp-content\\\/uploads\\\/2021\\\/04\\\/logo-retina.png\",\"contentUrl\":\"https:\\\/\\\/fuentesfidedignas.com.mx\\\/wp-content\\\/uploads\\\/2021\\\/04\\\/logo-retina.png\",\"width\":280,\"height\":51,\"caption\":\"Fuentes Fidedignas\"},\"image\":{\"@id\":\"https:\\\/\\\/fuentesfidedignas.com.mx\\\/#\\\/schema\\\/logo\\\/image\\\/\"},\"sameAs\":[\"https:\\\/\\\/www.facebook.com\\\/Fuentes-Fidedignas-368234489921644\",\"https:\\\/\\\/x.com\\\/fidedignas\"]},{\"@type\":\"Person\",\"@id\":\"https:\\\/\\\/fuentesfidedignas.com.mx\\\/#\\\/schema\\\/person\\\/2c10028b4a30078c05a056a215342ab9\",\"name\":\"Marissa Palafox\",\"image\":{\"@type\":\"ImageObject\",\"inLanguage\":\"es\",\"@id\":\"https:\\\/\\\/secure.gravatar.com\\\/avatar\\\/20a43bdb2f2db10f20b22d4e98b96eb027faf98f7f76d29854dc5fab46d1cf71?s=96&d=mm&r=g\",\"url\":\"https:\\\/\\\/secure.gravatar.com\\\/avatar\\\/20a43bdb2f2db10f20b22d4e98b96eb027faf98f7f76d29854dc5fab46d1cf71?s=96&d=mm&r=g\",\"contentUrl\":\"https:\\\/\\\/secure.gravatar.com\\\/avatar\\\/20a43bdb2f2db10f20b22d4e98b96eb027faf98f7f76d29854dc5fab46d1cf71?s=96&d=mm&r=g\",\"caption\":\"Marissa Palafox\"},\"url\":\"https:\\\/\\\/fuentesfidedignas.com.mx\\\/index.php\\\/author\\\/marissa\\\/\"}]}<\/script>\n<!-- \/ Yoast SEO plugin. -->","yoast_head_json":{"title":"Una vez m\u00e1s, Gobierno Federal filtra informaci\u00f3n sobre caso LER; confirma tercera orden de aprehensi\u00f3n - Fuentes Fidedignas","robots":{"index":"index","follow":"follow","max-snippet":"max-snippet:-1","max-image-preview":"max-image-preview:large","max-video-preview":"max-video-preview:-1"},"canonical":"https:\/\/fuentesfidedignas.com.mx\/index.php\/2022\/07\/14\/una-vez-mas-gobierno-federal-filtra-informacion-sobre-caso-ler-confirma-tercera-orden-de-aprehension\/","og_locale":"es_MX","og_type":"article","og_title":"Una vez m\u00e1s, Gobierno Federal filtra informaci\u00f3n sobre caso LER; confirma tercera orden de aprehensi\u00f3n - Fuentes Fidedignas","og_description":"&#8220;La Fiscal\u00eda de Sinaloa informa que hay una tercera orden de aprensi\u00f3n contra un presunto autor material del homicidio\u201d, se\u00f1al\u00f3 Ciudad de M\u00e9xico.- La Fiscal\u00eda de Sinaloa emiti\u00f3 una tercera orden de aprensi\u00f3n en contra de un presunto autor material del homicidio del periodista Luis Enrique Ram\u00edrez, fue lo que confirm\u00f3 este jueves el Gobierno [&hellip;]","og_url":"https:\/\/fuentesfidedignas.com.mx\/index.php\/2022\/07\/14\/una-vez-mas-gobierno-federal-filtra-informacion-sobre-caso-ler-confirma-tercera-orden-de-aprehension\/","og_site_name":"Fuentes Fidedignas","article_publisher":"https:\/\/www.facebook.com\/Fuentes-Fidedignas-368234489921644","article_published_time":"2022-07-14T19:05:00+00:00","article_modified_time":"2022-07-14T20:34:47+00:00","og_image":[{"width":1140,"height":500,"url":"https:\/\/fuentesfidedignas.com.mx\/wp-content\/uploads\/2022\/07\/gobierno-federal.png","type":"image\/png"}],"author":"Marissa Palafox","twitter_card":"summary_large_image","twitter_creator":"@fidedignas","twitter_site":"@fidedignas","twitter_misc":{"Escrito por":"Marissa Palafox","Tiempo de lectura":"1 minuto"},"schema":{"@context":"https:\/\/schema.org","@graph":[{"@type":"Article","@id":"https:\/\/fuentesfidedignas.com.mx\/index.php\/2022\/07\/14\/una-vez-mas-gobierno-federal-filtra-informacion-sobre-caso-ler-confirma-tercera-orden-de-aprehension\/#article","isPartOf":{"@id":"https:\/\/fuentesfidedignas.com.mx\/index.php\/2022\/07\/14\/una-vez-mas-gobierno-federal-filtra-informacion-sobre-caso-ler-confirma-tercera-orden-de-aprehension\/"},"author":{"name":"Marissa Palafox","@id":"https:\/\/fuentesfidedignas.com.mx\/#\/schema\/person\/2c10028b4a30078c05a056a215342ab9"},"headline":"Una vez m\u00e1s, Gobierno Federal filtra informaci\u00f3n sobre caso LER; confirma tercera orden de aprehensi\u00f3n","datePublished":"2022-07-14T19:05:00+00:00","dateModified":"2022-07-14T20:34:47+00:00","mainEntityOfPage":{"@id":"https:\/\/fuentesfidedignas.com.mx\/index.php\/2022\/07\/14\/una-vez-mas-gobierno-federal-filtra-informacion-sobre-caso-ler-confirma-tercera-orden-de-aprehension\/"},"wordCount":136,"commentCount":0,"publisher":{"@id":"https:\/\/fuentesfidedignas.com.mx\/#organization"},"image":{"@id":"https:\/\/fuentesfidedignas.com.mx\/index.php\/2022\/07\/14\/una-vez-mas-gobierno-federal-filtra-informacion-sobre-caso-ler-confirma-tercera-orden-de-aprehension\/#primaryimage"},"thumbnailUrl":"https:\/\/fuentesfidedignas.com.mx\/wp-content\/uploads\/2022\/07\/gobierno-federal.png","articleSection":["NOTA PRINCIPAL"],"inLanguage":"es","potentialAction":[{"@type":"CommentAction","name":"Comment","target":["https:\/\/fuentesfidedignas.com.mx\/index.php\/2022\/07\/14\/una-vez-mas-gobierno-federal-filtra-informacion-sobre-caso-ler-confirma-tercera-orden-de-aprehension\/#respond"]}]},{"@type":"WebPage","@id":"https:\/\/fuentesfidedignas.com.mx\/index.php\/2022\/07\/14\/una-vez-mas-gobierno-federal-filtra-informacion-sobre-caso-ler-confirma-tercera-orden-de-aprehension\/","url":"https:\/\/fuentesfidedignas.com.mx\/index.php\/2022\/07\/14\/una-vez-mas-gobierno-federal-filtra-informacion-sobre-caso-ler-confirma-tercera-orden-de-aprehension\/","name":"Una vez m\u00e1s, Gobierno Federal filtra informaci\u00f3n sobre caso LER; confirma tercera orden de aprehensi\u00f3n - Fuentes Fidedignas","isPartOf":{"@id":"https:\/\/fuentesfidedignas.com.mx\/#website"},"primaryImageOfPage":{"@id":"https:\/\/fuentesfidedignas.com.mx\/index.php\/2022\/07\/14\/una-vez-mas-gobierno-federal-filtra-informacion-sobre-caso-ler-confirma-tercera-orden-de-aprehension\/#primaryimage"},"image":{"@id":"https:\/\/fuentesfidedignas.com.mx\/index.php\/2022\/07\/14\/una-vez-mas-gobierno-federal-filtra-informacion-sobre-caso-ler-confirma-tercera-orden-de-aprehension\/#primaryimage"},"thumbnailUrl":"https:\/\/fuentesfidedignas.com.mx\/wp-content\/uploads\/2022\/07\/gobierno-federal.png","datePublished":"2022-07-14T19:05:00+00:00","dateModified":"2022-07-14T20:34:47+00:00","breadcrumb":{"@id":"https:\/\/fuentesfidedignas.com.mx\/index.php\/2022\/07\/14\/una-vez-mas-gobierno-federal-filtra-informacion-sobre-caso-ler-confirma-tercera-orden-de-aprehension\/#breadcrumb"},"inLanguage":"es","potentialAction":[{"@type":"ReadAction","target":["https:\/\/fuentesfidedignas.com.mx\/index.php\/2022\/07\/14\/una-vez-mas-gobierno-federal-filtra-informacion-sobre-caso-ler-confirma-tercera-orden-de-aprehension\/"]}]},{"@type":"ImageObject","inLanguage":"es","@id":"https:\/\/fuentesfidedignas.com.mx\/index.php\/2022\/07\/14\/una-vez-mas-gobierno-federal-filtra-informacion-sobre-caso-ler-confirma-tercera-orden-de-aprehension\/#primaryimage","url":"https:\/\/fuentesfidedignas.com.mx\/wp-content\/uploads\/2022\/07\/gobierno-federal.png","contentUrl":"https:\/\/fuentesfidedignas.com.mx\/wp-content\/uploads\/2022\/07\/gobierno-federal.png","width":1140,"height":500},{"@type":"BreadcrumbList","@id":"https:\/\/fuentesfidedignas.com.mx\/index.php\/2022\/07\/14\/una-vez-mas-gobierno-federal-filtra-informacion-sobre-caso-ler-confirma-tercera-orden-de-aprehension\/#breadcrumb","itemListElement":[{"@type":"ListItem","position":1,"name":"Inicio","item":"https:\/\/fuentesfidedignas.com.mx\/"},{"@type":"ListItem","position":2,"name":"Una vez m\u00e1s, Gobierno Federal filtra informaci\u00f3n sobre caso LER; confirma tercera orden de aprehensi\u00f3n"}]},{"@type":"WebSite","@id":"https:\/\/fuentesfidedignas.com.mx\/#website","url":"https:\/\/fuentesfidedignas.com.mx\/","name":"Fuentes Fidedignas","description":"Otro sitio realizado con WordPress","publisher":{"@id":"https:\/\/fuentesfidedignas.com.mx\/#organization"},"potentialAction":[{"@type":"SearchAction","target":{"@type":"EntryPoint","urlTemplate":"https:\/\/fuentesfidedignas.com.mx\/?s={search_term_string}"},"query-input":{"@type":"PropertyValueSpecification","valueRequired":true,"valueName":"search_term_string"}}],"inLanguage":"es"},{"@type":"Organization","@id":"https:\/\/fuentesfidedignas.com.mx\/#organization","name":"Fuentes Fidedignas","url":"https:\/\/fuentesfidedignas.com.mx\/","logo":{"@type":"ImageObject","inLanguage":"es","@id":"https:\/\/fuentesfidedignas.com.mx\/#\/schema\/logo\/image\/","url":"https:\/\/fuentesfidedignas.com.mx\/wp-content\/uploads\/2021\/04\/logo-retina.png","contentUrl":"https:\/\/fuentesfidedignas.com.mx\/wp-content\/uploads\/2021\/04\/logo-retina.png","width":280,"height":51,"caption":"Fuentes Fidedignas"},"image":{"@id":"https:\/\/fuentesfidedignas.com.mx\/#\/schema\/logo\/image\/"},"sameAs":["https:\/\/www.facebook.com\/Fuentes-Fidedignas-368234489921644","https:\/\/x.com\/fidedignas"]},{"@type":"Person","@id":"https:\/\/fuentesfidedignas.com.mx\/#\/schema\/person\/2c10028b4a30078c05a056a215342ab9","name":"Marissa Palafox","image":{"@type":"ImageObject","inLanguage":"es","@id":"https:\/\/secure.gravatar.com\/avatar\/20a43bdb2f2db10f20b22d4e98b96eb027faf98f7f76d29854dc5fab46d1cf71?s=96&d=mm&r=g","url":"https:\/\/secure.gravatar.com\/avatar\/20a43bdb2f2db10f20b22d4e98b96eb027faf98f7f76d29854dc5fab46d1cf71?s=96&d=mm&r=g","contentUrl":"https:\/\/secure.gravatar.com\/avatar\/20a43bdb2f2db10f20b22d4e98b96eb027faf98f7f76d29854dc5fab46d1cf71?s=96&d=mm&r=g","caption":"Marissa Palafox"},"url":"https:\/\/fuentesfidedignas.com.mx\/index.php\/author\/marissa\/"}]}},"_links":{"self":[{"href":"https:\/\/fuentesfidedignas.com.mx\/index.php\/wp-json\/wp\/v2\/posts\/37430","targetHints":{"allow":["GET"]}}],"collection":[{"href":"https:\/\/fuentesfidedignas.com.mx\/index.php\/wp-json\/wp\/v2\/posts"}],"about":[{"href":"https:\/\/fuentesfidedignas.com.mx\/index.php\/wp-json\/wp\/v2\/types\/post"}],"author":[{"embeddable":true,"href":"https:\/\/fuentesfidedignas.com.mx\/index.php\/wp-json\/wp\/v2\/users\/11"}],"replies":[{"embeddable":true,"href":"https:\/\/fuentesfidedignas.com.mx\/index.php\/wp-json\/wp\/v2\/comments?post=37430"}],"version-history":[{"count":2,"href":"https:\/\/fuentesfidedignas.com.mx\/index.php\/wp-json\/wp\/v2\/posts\/37430\/revisions"}],"predecessor-version":[{"id":37437,"href":"https:\/\/fuentesfidedignas.com.mx\/index.php\/wp-json\/wp\/v2\/posts\/37430\/revisions\/37437"}],"wp:featuredmedia":[{"embeddable":true,"href":"https:\/\/fuentesfidedignas.com.mx\/index.php\/wp-json\/wp\/v2\/media\/37431"}],"wp:attachment":[{"href":"https:\/\/fuentesfidedignas.com.mx\/index.php\/wp-json\/wp\/v2\/media?parent=37430"}],"wp:term":[{"taxonomy":"category","embeddable":true,"href":"https:\/\/fuentesfidedignas.com.mx\/index.php\/wp-json\/wp\/v2\/categories?post=37430"},{"taxonomy":"post_tag","embeddable":true,"href":"https:\/\/fuentesfidedignas.com.mx\/index.php\/wp-json\/wp\/v2\/tags?post=37430"}],"curies":[{"name":"wp","href":"https:\/\/api.w.org\/{rel}","templated":true}]}}