{"id":37293,"date":"2022-07-13T12:42:00","date_gmt":"2022-07-13T18:42:00","guid":{"rendered":"https:\/\/fuentesfidedignas.com.mx\/?p=37293"},"modified":"2022-07-13T18:45:00","modified_gmt":"2022-07-14T00:45:00","slug":"alcalde-se-reune-con-intercamaral-para-construir-alianzas-a-favor-de-culiacan","status":"publish","type":"post","link":"https:\/\/fuentesfidedignas.com.mx\/index.php\/2022\/07\/13\/alcalde-se-reune-con-intercamaral-para-construir-alianzas-a-favor-de-culiacan\/","title":{"rendered":"Alcalde se re\u00fane con Intercamaral para construir alianzas a favor de Culiac\u00e1n"},"content":{"rendered":"\n<p><br>Culiac\u00e1n, Sin.- En la b\u00fasqueda de fortalecer los lazos de colaboraci\u00f3n y, al mismo tiempo, generar condiciones que permitan atender las necesidades del sector empresarial, el alcalde <strong>Juan de Dios G\u00e1mez Mend\u00edvil <\/strong>sostuvo un encuentro con los diferentes organismos que integran el <strong>Consejo Intercamaral de Culiac\u00e1n.<\/strong><\/p>\n\n\n\n<p>Reunidos en el <strong>Sal\u00f3n de Cabildos<\/strong>, el presidente municipal manifest\u00f3 ante los representantes empresariales, su disposici\u00f3n y compromiso por estrechar la coordinaci\u00f3n entre el <strong>Ayuntamiento<\/strong> y la iniciativa privada, con el prop\u00f3sito de seguir impulsando el desarrollo econ\u00f3mico de la capital del Estado.<\/p>\n\n\n\n<p><em>\u201cDecirles que para nosotros es sumamente importante conservar esta alianza con el sector productivo, porque a trav\u00e9s de ella logramos promover el crecimiento de Culiac\u00e1n, pues son una pieza fundamental en la captaci\u00f3n de inversiones y la creaci\u00f3n de nuevos empleos\u201d, destac\u00f3 el primer edil.<\/em><\/p>\n\n\n\n<figure class=\"wp-block-image size-full\"><img decoding=\"async\" width=\"1024\" height=\"682\" src=\"https:\/\/fuentesfidedignas.com.mx\/wp-content\/uploads\/2022\/07\/IMG-20220713-WA0012.jpg\" alt=\"\" class=\"wp-image-37294\" srcset=\"https:\/\/fuentesfidedignas.com.mx\/wp-content\/uploads\/2022\/07\/IMG-20220713-WA0012.jpg 1024w, https:\/\/fuentesfidedignas.com.mx\/wp-content\/uploads\/2022\/07\/IMG-20220713-WA0012-300x200.jpg 300w, https:\/\/fuentesfidedignas.com.mx\/wp-content\/uploads\/2022\/07\/IMG-20220713-WA0012-768x512.jpg 768w\" sizes=\"(max-width: 1024px) 100vw, 1024px\" \/><\/figure>\n\n\n\n<p><strong>Juan de Dios G\u00e1mez<\/strong> indic\u00f3 que se buscar\u00e1 tener m\u00e1s reuniones de esta \u00edndole, inclusive con cada una de las c\u00e1maras que integran la Intercamaral, para abordar los casos particulares de cada giro comercial, a fin de avanzar en sus planteamientos.<\/p>\n\n\n\n<p>Por su parte, <strong>Marcos Barr\u00f3n Burgue\u00f1o, presidente del Consejo Intercamaral de Culiac\u00e1n<\/strong>, agradeci\u00f3 a las autoridades municipales su apertura para dialogar y establecer acuerdos en torno a un pliego petitorio que entregaron al alcalde para identificar \u00e1reas de oportunidad en operaci\u00f3n, mercado y legislaci\u00f3n.<\/p>\n\n\n\n<p>En dicho documento se abordan diversas solicitudes, como el an\u00e1lisis para reactivar los<strong> Certificados de Promoci\u00f3n Fiscal del Estado de Sinaloa<\/strong> (Ceprofies), la recuperaci\u00f3n del 40 por ciento de descuento al comercio en pago del predial, el ordenamiento y regularizaci\u00f3n del comercio en la v\u00eda p\u00fablica, y la revalidaci\u00f3n de licencias.<\/p>\n\n\n\n<p>As\u00ed como tambi\u00e9n, tener una mayor participaci\u00f3n de afiliados a la CMIC en licitaciones de obra p\u00fablica, acceso al catastro en l\u00ednea actualizado, mejorar el servicio y tramitolog\u00eda de fraccionamientos, y la promoci\u00f3n tur\u00edstica de la ciudad por medio del impuesto al hospedaje.<\/p>\n\n\n\n<p>Tras ello, Janeth Tostado Noriega, secretaria de Desarrollo Econ\u00f3mico Municipal, precis\u00f3 que revisar\u00e1 cada una de las peticiones presentadas, dando un seguimiento oportuno para alcanzar un acuerdo mutuo que beneficie a ambas partes, pero sobre todo, a los habitantes de Culiac\u00e1n en temas de desarrollo econ\u00f3mico, generaci\u00f3n de empleo y sustentabilidad.<\/p>\n","protected":false},"excerpt":{"rendered":"<p>Culiac\u00e1n, Sin.- En la b\u00fasqueda de fortalecer los lazos de colaboraci\u00f3n y, al mismo tiempo, generar condiciones que permitan atender las necesidades del sector empresarial, el alcalde Juan de Dios G\u00e1mez Mend\u00edvil sostuvo un encuentro con los diferentes organismos que integran el Consejo Intercamaral de Culiac\u00e1n. Reunidos en el Sal\u00f3n de Cabildos, el presidente municipal [&hellip;]<\/p>\n","protected":false},"author":11,"featured_media":37296,"comment_status":"open","ping_status":"open","sticky":false,"template":"","format":"standard","meta":{"tdm_status":"","tdm_grid_status":"","footnotes":""},"categories":[38],"tags":[],"class_list":{"0":"post-37293","1":"post","2":"type-post","3":"status-publish","4":"format-standard","5":"has-post-thumbnail","7":"category-noticias-locales"},"yoast_head":"<!-- This site is optimized with the Yoast SEO plugin v27.5 - https:\/\/yoast.com\/product\/yoast-seo-wordpress\/ -->\n<title>Alcalde se re\u00fane con Intercamaral para construir alianzas a favor de Culiac\u00e1n - Fuentes Fidedignas<\/title>\n<meta name=\"robots\" content=\"index, follow, max-snippet:-1, max-image-preview:large, max-video-preview:-1\" \/>\n<link rel=\"canonical\" href=\"https:\/\/fuentesfidedignas.com.mx\/index.php\/2022\/07\/13\/alcalde-se-reune-con-intercamaral-para-construir-alianzas-a-favor-de-culiacan\/\" \/>\n<meta property=\"og:locale\" content=\"es_MX\" \/>\n<meta property=\"og:type\" content=\"article\" \/>\n<meta property=\"og:title\" content=\"Alcalde se re\u00fane con Intercamaral para construir alianzas a favor de Culiac\u00e1n - Fuentes Fidedignas\" \/>\n<meta property=\"og:description\" content=\"Culiac\u00e1n, Sin.- En la b\u00fasqueda de fortalecer los lazos de colaboraci\u00f3n y, al mismo tiempo, generar condiciones que permitan atender las necesidades del sector empresarial, el alcalde Juan de Dios G\u00e1mez Mend\u00edvil sostuvo un encuentro con los diferentes organismos que integran el Consejo Intercamaral de Culiac\u00e1n. Reunidos en el Sal\u00f3n de Cabildos, el presidente municipal [&hellip;]\" \/>\n<meta property=\"og:url\" content=\"https:\/\/fuentesfidedignas.com.mx\/index.php\/2022\/07\/13\/alcalde-se-reune-con-intercamaral-para-construir-alianzas-a-favor-de-culiacan\/\" \/>\n<meta property=\"og:site_name\" content=\"Fuentes Fidedignas\" \/>\n<meta property=\"article:publisher\" content=\"https:\/\/www.facebook.com\/Fuentes-Fidedignas-368234489921644\" \/>\n<meta property=\"article:published_time\" content=\"2022-07-13T18:42:00+00:00\" \/>\n<meta property=\"article:modified_time\" content=\"2022-07-14T00:45:00+00:00\" \/>\n<meta property=\"og:image\" content=\"https:\/\/fuentesfidedignas.com.mx\/wp-content\/uploads\/2022\/07\/IMG-20220713-WA0010.jpg\" \/>\n\t<meta property=\"og:image:width\" content=\"1024\" \/>\n\t<meta property=\"og:image:height\" content=\"682\" \/>\n\t<meta property=\"og:image:type\" content=\"image\/jpeg\" \/>\n<meta name=\"author\" content=\"Marissa Palafox\" \/>\n<meta name=\"twitter:card\" content=\"summary_large_image\" \/>\n<meta name=\"twitter:creator\" content=\"@fidedignas\" \/>\n<meta name=\"twitter:site\" content=\"@fidedignas\" \/>\n<meta name=\"twitter:label1\" content=\"Escrito por\" \/>\n\t<meta name=\"twitter:data1\" content=\"Marissa Palafox\" \/>\n\t<meta name=\"twitter:label2\" content=\"Tiempo de lectura\" \/>\n\t<meta name=\"twitter:data2\" content=\"2 minutos\" \/>\n<script type=\"application\/ld+json\" class=\"yoast-schema-graph\">{\"@context\":\"https:\\\/\\\/schema.org\",\"@graph\":[{\"@type\":\"Article\",\"@id\":\"https:\\\/\\\/fuentesfidedignas.com.mx\\\/index.php\\\/2022\\\/07\\\/13\\\/alcalde-se-reune-con-intercamaral-para-construir-alianzas-a-favor-de-culiacan\\\/#article\",\"isPartOf\":{\"@id\":\"https:\\\/\\\/fuentesfidedignas.com.mx\\\/index.php\\\/2022\\\/07\\\/13\\\/alcalde-se-reune-con-intercamaral-para-construir-alianzas-a-favor-de-culiacan\\\/\"},\"author\":{\"name\":\"Marissa Palafox\",\"@id\":\"https:\\\/\\\/fuentesfidedignas.com.mx\\\/#\\\/schema\\\/person\\\/2c10028b4a30078c05a056a215342ab9\"},\"headline\":\"Alcalde se re\u00fane con Intercamaral para construir alianzas a favor de Culiac\u00e1n\",\"datePublished\":\"2022-07-13T18:42:00+00:00\",\"dateModified\":\"2022-07-14T00:45:00+00:00\",\"mainEntityOfPage\":{\"@id\":\"https:\\\/\\\/fuentesfidedignas.com.mx\\\/index.php\\\/2022\\\/07\\\/13\\\/alcalde-se-reune-con-intercamaral-para-construir-alianzas-a-favor-de-culiacan\\\/\"},\"wordCount\":419,\"commentCount\":0,\"publisher\":{\"@id\":\"https:\\\/\\\/fuentesfidedignas.com.mx\\\/#organization\"},\"image\":{\"@id\":\"https:\\\/\\\/fuentesfidedignas.com.mx\\\/index.php\\\/2022\\\/07\\\/13\\\/alcalde-se-reune-con-intercamaral-para-construir-alianzas-a-favor-de-culiacan\\\/#primaryimage\"},\"thumbnailUrl\":\"https:\\\/\\\/fuentesfidedignas.com.mx\\\/wp-content\\\/uploads\\\/2022\\\/07\\\/IMG-20220713-WA0010.jpg\",\"articleSection\":[\"NOTICIAS LOCALES\"],\"inLanguage\":\"es\",\"potentialAction\":[{\"@type\":\"CommentAction\",\"name\":\"Comment\",\"target\":[\"https:\\\/\\\/fuentesfidedignas.com.mx\\\/index.php\\\/2022\\\/07\\\/13\\\/alcalde-se-reune-con-intercamaral-para-construir-alianzas-a-favor-de-culiacan\\\/#respond\"]}]},{\"@type\":\"WebPage\",\"@id\":\"https:\\\/\\\/fuentesfidedignas.com.mx\\\/index.php\\\/2022\\\/07\\\/13\\\/alcalde-se-reune-con-intercamaral-para-construir-alianzas-a-favor-de-culiacan\\\/\",\"url\":\"https:\\\/\\\/fuentesfidedignas.com.mx\\\/index.php\\\/2022\\\/07\\\/13\\\/alcalde-se-reune-con-intercamaral-para-construir-alianzas-a-favor-de-culiacan\\\/\",\"name\":\"Alcalde se re\u00fane con Intercamaral para construir alianzas a favor de Culiac\u00e1n - Fuentes Fidedignas\",\"isPartOf\":{\"@id\":\"https:\\\/\\\/fuentesfidedignas.com.mx\\\/#website\"},\"primaryImageOfPage\":{\"@id\":\"https:\\\/\\\/fuentesfidedignas.com.mx\\\/index.php\\\/2022\\\/07\\\/13\\\/alcalde-se-reune-con-intercamaral-para-construir-alianzas-a-favor-de-culiacan\\\/#primaryimage\"},\"image\":{\"@id\":\"https:\\\/\\\/fuentesfidedignas.com.mx\\\/index.php\\\/2022\\\/07\\\/13\\\/alcalde-se-reune-con-intercamaral-para-construir-alianzas-a-favor-de-culiacan\\\/#primaryimage\"},\"thumbnailUrl\":\"https:\\\/\\\/fuentesfidedignas.com.mx\\\/wp-content\\\/uploads\\\/2022\\\/07\\\/IMG-20220713-WA0010.jpg\",\"datePublished\":\"2022-07-13T18:42:00+00:00\",\"dateModified\":\"2022-07-14T00:45:00+00:00\",\"breadcrumb\":{\"@id\":\"https:\\\/\\\/fuentesfidedignas.com.mx\\\/index.php\\\/2022\\\/07\\\/13\\\/alcalde-se-reune-con-intercamaral-para-construir-alianzas-a-favor-de-culiacan\\\/#breadcrumb\"},\"inLanguage\":\"es\",\"potentialAction\":[{\"@type\":\"ReadAction\",\"target\":[\"https:\\\/\\\/fuentesfidedignas.com.mx\\\/index.php\\\/2022\\\/07\\\/13\\\/alcalde-se-reune-con-intercamaral-para-construir-alianzas-a-favor-de-culiacan\\\/\"]}]},{\"@type\":\"ImageObject\",\"inLanguage\":\"es\",\"@id\":\"https:\\\/\\\/fuentesfidedignas.com.mx\\\/index.php\\\/2022\\\/07\\\/13\\\/alcalde-se-reune-con-intercamaral-para-construir-alianzas-a-favor-de-culiacan\\\/#primaryimage\",\"url\":\"https:\\\/\\\/fuentesfidedignas.com.mx\\\/wp-content\\\/uploads\\\/2022\\\/07\\\/IMG-20220713-WA0010.jpg\",\"contentUrl\":\"https:\\\/\\\/fuentesfidedignas.com.mx\\\/wp-content\\\/uploads\\\/2022\\\/07\\\/IMG-20220713-WA0010.jpg\",\"width\":1024,\"height\":682},{\"@type\":\"BreadcrumbList\",\"@id\":\"https:\\\/\\\/fuentesfidedignas.com.mx\\\/index.php\\\/2022\\\/07\\\/13\\\/alcalde-se-reune-con-intercamaral-para-construir-alianzas-a-favor-de-culiacan\\\/#breadcrumb\",\"itemListElement\":[{\"@type\":\"ListItem\",\"position\":1,\"name\":\"Inicio\",\"item\":\"https:\\\/\\\/fuentesfidedignas.com.mx\\\/\"},{\"@type\":\"ListItem\",\"position\":2,\"name\":\"Alcalde se re\u00fane con Intercamaral para construir alianzas a favor de Culiac\u00e1n\"}]},{\"@type\":\"WebSite\",\"@id\":\"https:\\\/\\\/fuentesfidedignas.com.mx\\\/#website\",\"url\":\"https:\\\/\\\/fuentesfidedignas.com.mx\\\/\",\"name\":\"Fuentes Fidedignas\",\"description\":\"Otro sitio realizado con WordPress\",\"publisher\":{\"@id\":\"https:\\\/\\\/fuentesfidedignas.com.mx\\\/#organization\"},\"potentialAction\":[{\"@type\":\"SearchAction\",\"target\":{\"@type\":\"EntryPoint\",\"urlTemplate\":\"https:\\\/\\\/fuentesfidedignas.com.mx\\\/?s={search_term_string}\"},\"query-input\":{\"@type\":\"PropertyValueSpecification\",\"valueRequired\":true,\"valueName\":\"search_term_string\"}}],\"inLanguage\":\"es\"},{\"@type\":\"Organization\",\"@id\":\"https:\\\/\\\/fuentesfidedignas.com.mx\\\/#organization\",\"name\":\"Fuentes Fidedignas\",\"url\":\"https:\\\/\\\/fuentesfidedignas.com.mx\\\/\",\"logo\":{\"@type\":\"ImageObject\",\"inLanguage\":\"es\",\"@id\":\"https:\\\/\\\/fuentesfidedignas.com.mx\\\/#\\\/schema\\\/logo\\\/image\\\/\",\"url\":\"https:\\\/\\\/fuentesfidedignas.com.mx\\\/wp-content\\\/uploads\\\/2021\\\/04\\\/logo-retina.png\",\"contentUrl\":\"https:\\\/\\\/fuentesfidedignas.com.mx\\\/wp-content\\\/uploads\\\/2021\\\/04\\\/logo-retina.png\",\"width\":280,\"height\":51,\"caption\":\"Fuentes Fidedignas\"},\"image\":{\"@id\":\"https:\\\/\\\/fuentesfidedignas.com.mx\\\/#\\\/schema\\\/logo\\\/image\\\/\"},\"sameAs\":[\"https:\\\/\\\/www.facebook.com\\\/Fuentes-Fidedignas-368234489921644\",\"https:\\\/\\\/x.com\\\/fidedignas\"]},{\"@type\":\"Person\",\"@id\":\"https:\\\/\\\/fuentesfidedignas.com.mx\\\/#\\\/schema\\\/person\\\/2c10028b4a30078c05a056a215342ab9\",\"name\":\"Marissa Palafox\",\"image\":{\"@type\":\"ImageObject\",\"inLanguage\":\"es\",\"@id\":\"https:\\\/\\\/secure.gravatar.com\\\/avatar\\\/20a43bdb2f2db10f20b22d4e98b96eb027faf98f7f76d29854dc5fab46d1cf71?s=96&d=mm&r=g\",\"url\":\"https:\\\/\\\/secure.gravatar.com\\\/avatar\\\/20a43bdb2f2db10f20b22d4e98b96eb027faf98f7f76d29854dc5fab46d1cf71?s=96&d=mm&r=g\",\"contentUrl\":\"https:\\\/\\\/secure.gravatar.com\\\/avatar\\\/20a43bdb2f2db10f20b22d4e98b96eb027faf98f7f76d29854dc5fab46d1cf71?s=96&d=mm&r=g\",\"caption\":\"Marissa Palafox\"},\"url\":\"https:\\\/\\\/fuentesfidedignas.com.mx\\\/index.php\\\/author\\\/marissa\\\/\"}]}<\/script>\n<!-- \/ Yoast SEO plugin. -->","yoast_head_json":{"title":"Alcalde se re\u00fane con Intercamaral para construir alianzas a favor de Culiac\u00e1n - Fuentes Fidedignas","robots":{"index":"index","follow":"follow","max-snippet":"max-snippet:-1","max-image-preview":"max-image-preview:large","max-video-preview":"max-video-preview:-1"},"canonical":"https:\/\/fuentesfidedignas.com.mx\/index.php\/2022\/07\/13\/alcalde-se-reune-con-intercamaral-para-construir-alianzas-a-favor-de-culiacan\/","og_locale":"es_MX","og_type":"article","og_title":"Alcalde se re\u00fane con Intercamaral para construir alianzas a favor de Culiac\u00e1n - Fuentes Fidedignas","og_description":"Culiac\u00e1n, Sin.- En la b\u00fasqueda de fortalecer los lazos de colaboraci\u00f3n y, al mismo tiempo, generar condiciones que permitan atender las necesidades del sector empresarial, el alcalde Juan de Dios G\u00e1mez Mend\u00edvil sostuvo un encuentro con los diferentes organismos que integran el Consejo Intercamaral de Culiac\u00e1n. Reunidos en el Sal\u00f3n de Cabildos, el presidente municipal [&hellip;]","og_url":"https:\/\/fuentesfidedignas.com.mx\/index.php\/2022\/07\/13\/alcalde-se-reune-con-intercamaral-para-construir-alianzas-a-favor-de-culiacan\/","og_site_name":"Fuentes Fidedignas","article_publisher":"https:\/\/www.facebook.com\/Fuentes-Fidedignas-368234489921644","article_published_time":"2022-07-13T18:42:00+00:00","article_modified_time":"2022-07-14T00:45:00+00:00","og_image":[{"width":1024,"height":682,"url":"https:\/\/fuentesfidedignas.com.mx\/wp-content\/uploads\/2022\/07\/IMG-20220713-WA0010.jpg","type":"image\/jpeg"}],"author":"Marissa Palafox","twitter_card":"summary_large_image","twitter_creator":"@fidedignas","twitter_site":"@fidedignas","twitter_misc":{"Escrito por":"Marissa Palafox","Tiempo de lectura":"2 minutos"},"schema":{"@context":"https:\/\/schema.org","@graph":[{"@type":"Article","@id":"https:\/\/fuentesfidedignas.com.mx\/index.php\/2022\/07\/13\/alcalde-se-reune-con-intercamaral-para-construir-alianzas-a-favor-de-culiacan\/#article","isPartOf":{"@id":"https:\/\/fuentesfidedignas.com.mx\/index.php\/2022\/07\/13\/alcalde-se-reune-con-intercamaral-para-construir-alianzas-a-favor-de-culiacan\/"},"author":{"name":"Marissa Palafox","@id":"https:\/\/fuentesfidedignas.com.mx\/#\/schema\/person\/2c10028b4a30078c05a056a215342ab9"},"headline":"Alcalde se re\u00fane con Intercamaral para construir alianzas a favor de Culiac\u00e1n","datePublished":"2022-07-13T18:42:00+00:00","dateModified":"2022-07-14T00:45:00+00:00","mainEntityOfPage":{"@id":"https:\/\/fuentesfidedignas.com.mx\/index.php\/2022\/07\/13\/alcalde-se-reune-con-intercamaral-para-construir-alianzas-a-favor-de-culiacan\/"},"wordCount":419,"commentCount":0,"publisher":{"@id":"https:\/\/fuentesfidedignas.com.mx\/#organization"},"image":{"@id":"https:\/\/fuentesfidedignas.com.mx\/index.php\/2022\/07\/13\/alcalde-se-reune-con-intercamaral-para-construir-alianzas-a-favor-de-culiacan\/#primaryimage"},"thumbnailUrl":"https:\/\/fuentesfidedignas.com.mx\/wp-content\/uploads\/2022\/07\/IMG-20220713-WA0010.jpg","articleSection":["NOTICIAS LOCALES"],"inLanguage":"es","potentialAction":[{"@type":"CommentAction","name":"Comment","target":["https:\/\/fuentesfidedignas.com.mx\/index.php\/2022\/07\/13\/alcalde-se-reune-con-intercamaral-para-construir-alianzas-a-favor-de-culiacan\/#respond"]}]},{"@type":"WebPage","@id":"https:\/\/fuentesfidedignas.com.mx\/index.php\/2022\/07\/13\/alcalde-se-reune-con-intercamaral-para-construir-alianzas-a-favor-de-culiacan\/","url":"https:\/\/fuentesfidedignas.com.mx\/index.php\/2022\/07\/13\/alcalde-se-reune-con-intercamaral-para-construir-alianzas-a-favor-de-culiacan\/","name":"Alcalde se re\u00fane con Intercamaral para construir alianzas a favor de Culiac\u00e1n - Fuentes Fidedignas","isPartOf":{"@id":"https:\/\/fuentesfidedignas.com.mx\/#website"},"primaryImageOfPage":{"@id":"https:\/\/fuentesfidedignas.com.mx\/index.php\/2022\/07\/13\/alcalde-se-reune-con-intercamaral-para-construir-alianzas-a-favor-de-culiacan\/#primaryimage"},"image":{"@id":"https:\/\/fuentesfidedignas.com.mx\/index.php\/2022\/07\/13\/alcalde-se-reune-con-intercamaral-para-construir-alianzas-a-favor-de-culiacan\/#primaryimage"},"thumbnailUrl":"https:\/\/fuentesfidedignas.com.mx\/wp-content\/uploads\/2022\/07\/IMG-20220713-WA0010.jpg","datePublished":"2022-07-13T18:42:00+00:00","dateModified":"2022-07-14T00:45:00+00:00","breadcrumb":{"@id":"https:\/\/fuentesfidedignas.com.mx\/index.php\/2022\/07\/13\/alcalde-se-reune-con-intercamaral-para-construir-alianzas-a-favor-de-culiacan\/#breadcrumb"},"inLanguage":"es","potentialAction":[{"@type":"ReadAction","target":["https:\/\/fuentesfidedignas.com.mx\/index.php\/2022\/07\/13\/alcalde-se-reune-con-intercamaral-para-construir-alianzas-a-favor-de-culiacan\/"]}]},{"@type":"ImageObject","inLanguage":"es","@id":"https:\/\/fuentesfidedignas.com.mx\/index.php\/2022\/07\/13\/alcalde-se-reune-con-intercamaral-para-construir-alianzas-a-favor-de-culiacan\/#primaryimage","url":"https:\/\/fuentesfidedignas.com.mx\/wp-content\/uploads\/2022\/07\/IMG-20220713-WA0010.jpg","contentUrl":"https:\/\/fuentesfidedignas.com.mx\/wp-content\/uploads\/2022\/07\/IMG-20220713-WA0010.jpg","width":1024,"height":682},{"@type":"BreadcrumbList","@id":"https:\/\/fuentesfidedignas.com.mx\/index.php\/2022\/07\/13\/alcalde-se-reune-con-intercamaral-para-construir-alianzas-a-favor-de-culiacan\/#breadcrumb","itemListElement":[{"@type":"ListItem","position":1,"name":"Inicio","item":"https:\/\/fuentesfidedignas.com.mx\/"},{"@type":"ListItem","position":2,"name":"Alcalde se re\u00fane con Intercamaral para construir alianzas a favor de Culiac\u00e1n"}]},{"@type":"WebSite","@id":"https:\/\/fuentesfidedignas.com.mx\/#website","url":"https:\/\/fuentesfidedignas.com.mx\/","name":"Fuentes Fidedignas","description":"Otro sitio realizado con WordPress","publisher":{"@id":"https:\/\/fuentesfidedignas.com.mx\/#organization"},"potentialAction":[{"@type":"SearchAction","target":{"@type":"EntryPoint","urlTemplate":"https:\/\/fuentesfidedignas.com.mx\/?s={search_term_string}"},"query-input":{"@type":"PropertyValueSpecification","valueRequired":true,"valueName":"search_term_string"}}],"inLanguage":"es"},{"@type":"Organization","@id":"https:\/\/fuentesfidedignas.com.mx\/#organization","name":"Fuentes Fidedignas","url":"https:\/\/fuentesfidedignas.com.mx\/","logo":{"@type":"ImageObject","inLanguage":"es","@id":"https:\/\/fuentesfidedignas.com.mx\/#\/schema\/logo\/image\/","url":"https:\/\/fuentesfidedignas.com.mx\/wp-content\/uploads\/2021\/04\/logo-retina.png","contentUrl":"https:\/\/fuentesfidedignas.com.mx\/wp-content\/uploads\/2021\/04\/logo-retina.png","width":280,"height":51,"caption":"Fuentes Fidedignas"},"image":{"@id":"https:\/\/fuentesfidedignas.com.mx\/#\/schema\/logo\/image\/"},"sameAs":["https:\/\/www.facebook.com\/Fuentes-Fidedignas-368234489921644","https:\/\/x.com\/fidedignas"]},{"@type":"Person","@id":"https:\/\/fuentesfidedignas.com.mx\/#\/schema\/person\/2c10028b4a30078c05a056a215342ab9","name":"Marissa Palafox","image":{"@type":"ImageObject","inLanguage":"es","@id":"https:\/\/secure.gravatar.com\/avatar\/20a43bdb2f2db10f20b22d4e98b96eb027faf98f7f76d29854dc5fab46d1cf71?s=96&d=mm&r=g","url":"https:\/\/secure.gravatar.com\/avatar\/20a43bdb2f2db10f20b22d4e98b96eb027faf98f7f76d29854dc5fab46d1cf71?s=96&d=mm&r=g","contentUrl":"https:\/\/secure.gravatar.com\/avatar\/20a43bdb2f2db10f20b22d4e98b96eb027faf98f7f76d29854dc5fab46d1cf71?s=96&d=mm&r=g","caption":"Marissa Palafox"},"url":"https:\/\/fuentesfidedignas.com.mx\/index.php\/author\/marissa\/"}]}},"_links":{"self":[{"href":"https:\/\/fuentesfidedignas.com.mx\/index.php\/wp-json\/wp\/v2\/posts\/37293","targetHints":{"allow":["GET"]}}],"collection":[{"href":"https:\/\/fuentesfidedignas.com.mx\/index.php\/wp-json\/wp\/v2\/posts"}],"about":[{"href":"https:\/\/fuentesfidedignas.com.mx\/index.php\/wp-json\/wp\/v2\/types\/post"}],"author":[{"embeddable":true,"href":"https:\/\/fuentesfidedignas.com.mx\/index.php\/wp-json\/wp\/v2\/users\/11"}],"replies":[{"embeddable":true,"href":"https:\/\/fuentesfidedignas.com.mx\/index.php\/wp-json\/wp\/v2\/comments?post=37293"}],"version-history":[{"count":1,"href":"https:\/\/fuentesfidedignas.com.mx\/index.php\/wp-json\/wp\/v2\/posts\/37293\/revisions"}],"predecessor-version":[{"id":37295,"href":"https:\/\/fuentesfidedignas.com.mx\/index.php\/wp-json\/wp\/v2\/posts\/37293\/revisions\/37295"}],"wp:featuredmedia":[{"embeddable":true,"href":"https:\/\/fuentesfidedignas.com.mx\/index.php\/wp-json\/wp\/v2\/media\/37296"}],"wp:attachment":[{"href":"https:\/\/fuentesfidedignas.com.mx\/index.php\/wp-json\/wp\/v2\/media?parent=37293"}],"wp:term":[{"taxonomy":"category","embeddable":true,"href":"https:\/\/fuentesfidedignas.com.mx\/index.php\/wp-json\/wp\/v2\/categories?post=37293"},{"taxonomy":"post_tag","embeddable":true,"href":"https:\/\/fuentesfidedignas.com.mx\/index.php\/wp-json\/wp\/v2\/tags?post=37293"}],"curies":[{"name":"wp","href":"https:\/\/api.w.org\/{rel}","templated":true}]}}