{"id":37149,"date":"2022-07-12T12:12:35","date_gmt":"2022-07-12T18:12:35","guid":{"rendered":"https:\/\/fuentesfidedignas.com.mx\/?p=37149"},"modified":"2022-07-12T16:17:10","modified_gmt":"2022-07-12T22:17:10","slug":"vinculan-a-proceso-a-mujer-implicada-en-asesinato-de-luis-enrique-ramirez-queda-detenida","status":"publish","type":"post","link":"https:\/\/fuentesfidedignas.com.mx\/index.php\/2022\/07\/12\/vinculan-a-proceso-a-mujer-implicada-en-asesinato-de-luis-enrique-ramirez-queda-detenida\/","title":{"rendered":"Dan prisi\u00f3n peventiva a mujer implicada en asesinato de Luis Enrique Ram\u00edrez"},"content":{"rendered":"\n<p>E<em><strong>l juez cit\u00f3 a una nueva audiencia para el pr\u00f3ximo s\u00e1bado 16 de julio para el desahogo de testigos<\/strong><\/em><\/p>\n\n\n\n<p>Culiac\u00e1n, Sin.- Al t\u00e9rmino de la audiencia sobre el asesinato de <strong>Luis Enrique Ram\u00edrez<\/strong>, el Juez determin\u00f3 vincular al proceso y ordenar prisi\u00f3n preventiva a <strong>Brisya Carolina,<\/strong> mujer implicada en el asesinato del periodista.<\/p>\n\n\n\n<p>La f\u00e9mina se\u00f1alada por encubrimiento, ya no contaba con amparo por parte del Tribunal Federal, mismo que lo neg\u00f3 el pasado 6 de julio, dejando as\u00ed abierta la posibilidad de detenci\u00f3n.<\/p>\n\n\n\n<p>El juez cit\u00f3 a una nueva audiencia para el pr\u00f3ximo <strong>s\u00e1bado 16 de julio <\/strong>para el desahogo de testigos del caso del homicidio de Luis Enrique Ram\u00edrez, asesinado el pasado 5 de mayo. Quienes vieron los hechos y relatan la forma en que el comunicador fue herido con arma de fuego y golpeado para someterlo y posteriormente llev\u00e1rselo en una cajuela.<\/p>\n\n\n\n<p>Se sabe que hay al menos otras dos personas implicadas, las cuales se encuentran pr\u00f3fugas de la justicia ya que cuentan con \u00f3rdenes de aprehensi\u00f3n, incluida la pareja sentimental de Brisya Carolina.<\/p>\n","protected":false},"excerpt":{"rendered":"<p>El juez cit\u00f3 a una nueva audiencia para el pr\u00f3ximo s\u00e1bado 16 de julio para el desahogo de testigos Culiac\u00e1n, Sin.- Al t\u00e9rmino de la audiencia sobre el asesinato de Luis Enrique Ram\u00edrez, el Juez determin\u00f3 vincular al proceso y ordenar prisi\u00f3n preventiva a Brisya Carolina, mujer implicada en el asesinato del periodista. La f\u00e9mina [&hellip;]<\/p>\n","protected":false},"author":115,"featured_media":37085,"comment_status":"open","ping_status":"open","sticky":false,"template":"","format":"standard","meta":{"tdm_status":"","tdm_grid_status":"","footnotes":""},"categories":[37],"tags":[],"class_list":{"0":"post-37149","1":"post","2":"type-post","3":"status-publish","4":"format-standard","5":"has-post-thumbnail","7":"category-nota-principal"},"yoast_head":"<!-- This site is optimized with the Yoast SEO plugin v27.4 - https:\/\/yoast.com\/product\/yoast-seo-wordpress\/ -->\n<title>Dan prisi\u00f3n peventiva a mujer implicada en asesinato de Luis Enrique Ram\u00edrez - Fuentes Fidedignas<\/title>\n<meta name=\"robots\" content=\"index, follow, max-snippet:-1, max-image-preview:large, max-video-preview:-1\" \/>\n<link rel=\"canonical\" href=\"https:\/\/fuentesfidedignas.com.mx\/index.php\/2022\/07\/12\/vinculan-a-proceso-a-mujer-implicada-en-asesinato-de-luis-enrique-ramirez-queda-detenida\/\" \/>\n<meta property=\"og:locale\" content=\"es_MX\" \/>\n<meta property=\"og:type\" content=\"article\" \/>\n<meta property=\"og:title\" content=\"Dan prisi\u00f3n peventiva a mujer implicada en asesinato de Luis Enrique Ram\u00edrez - Fuentes Fidedignas\" \/>\n<meta property=\"og:description\" content=\"El juez cit\u00f3 a una nueva audiencia para el pr\u00f3ximo s\u00e1bado 16 de julio para el desahogo de testigos Culiac\u00e1n, Sin.- Al t\u00e9rmino de la audiencia sobre el asesinato de Luis Enrique Ram\u00edrez, el Juez determin\u00f3 vincular al proceso y ordenar prisi\u00f3n preventiva a Brisya Carolina, mujer implicada en el asesinato del periodista. La f\u00e9mina [&hellip;]\" \/>\n<meta property=\"og:url\" content=\"https:\/\/fuentesfidedignas.com.mx\/index.php\/2022\/07\/12\/vinculan-a-proceso-a-mujer-implicada-en-asesinato-de-luis-enrique-ramirez-queda-detenida\/\" \/>\n<meta property=\"og:site_name\" content=\"Fuentes Fidedignas\" \/>\n<meta property=\"article:publisher\" content=\"https:\/\/www.facebook.com\/Fuentes-Fidedignas-368234489921644\" \/>\n<meta property=\"article:published_time\" content=\"2022-07-12T18:12:35+00:00\" \/>\n<meta property=\"article:modified_time\" content=\"2022-07-12T22:17:10+00:00\" \/>\n<meta property=\"og:image\" content=\"https:\/\/fuentesfidedignas.com.mx\/wp-content\/uploads\/2022\/07\/IMG-20220712-WA0020.jpg\" \/>\n\t<meta property=\"og:image:width\" content=\"1024\" \/>\n\t<meta property=\"og:image:height\" content=\"768\" \/>\n\t<meta property=\"og:image:type\" content=\"image\/jpeg\" \/>\n<meta name=\"author\" content=\"Irma Espinoza\" \/>\n<meta name=\"twitter:card\" content=\"summary_large_image\" \/>\n<meta name=\"twitter:creator\" content=\"@fidedignas\" \/>\n<meta name=\"twitter:site\" content=\"@fidedignas\" \/>\n<meta name=\"twitter:label1\" content=\"Escrito por\" \/>\n\t<meta name=\"twitter:data1\" content=\"Irma Espinoza\" \/>\n\t<meta name=\"twitter:label2\" content=\"Tiempo de lectura\" \/>\n\t<meta name=\"twitter:data2\" content=\"1 minuto\" \/>\n<script type=\"application\/ld+json\" class=\"yoast-schema-graph\">{\"@context\":\"https:\\\/\\\/schema.org\",\"@graph\":[{\"@type\":\"Article\",\"@id\":\"https:\\\/\\\/fuentesfidedignas.com.mx\\\/index.php\\\/2022\\\/07\\\/12\\\/vinculan-a-proceso-a-mujer-implicada-en-asesinato-de-luis-enrique-ramirez-queda-detenida\\\/#article\",\"isPartOf\":{\"@id\":\"https:\\\/\\\/fuentesfidedignas.com.mx\\\/index.php\\\/2022\\\/07\\\/12\\\/vinculan-a-proceso-a-mujer-implicada-en-asesinato-de-luis-enrique-ramirez-queda-detenida\\\/\"},\"author\":{\"name\":\"Irma Espinoza\",\"@id\":\"https:\\\/\\\/fuentesfidedignas.com.mx\\\/#\\\/schema\\\/person\\\/8100cb4bfcbf6d754386ce164f542ba1\"},\"headline\":\"Dan prisi\u00f3n peventiva a mujer implicada en asesinato de Luis Enrique Ram\u00edrez\",\"datePublished\":\"2022-07-12T18:12:35+00:00\",\"dateModified\":\"2022-07-12T22:17:10+00:00\",\"mainEntityOfPage\":{\"@id\":\"https:\\\/\\\/fuentesfidedignas.com.mx\\\/index.php\\\/2022\\\/07\\\/12\\\/vinculan-a-proceso-a-mujer-implicada-en-asesinato-de-luis-enrique-ramirez-queda-detenida\\\/\"},\"wordCount\":204,\"commentCount\":0,\"publisher\":{\"@id\":\"https:\\\/\\\/fuentesfidedignas.com.mx\\\/#organization\"},\"image\":{\"@id\":\"https:\\\/\\\/fuentesfidedignas.com.mx\\\/index.php\\\/2022\\\/07\\\/12\\\/vinculan-a-proceso-a-mujer-implicada-en-asesinato-de-luis-enrique-ramirez-queda-detenida\\\/#primaryimage\"},\"thumbnailUrl\":\"https:\\\/\\\/fuentesfidedignas.com.mx\\\/wp-content\\\/uploads\\\/2022\\\/07\\\/IMG-20220712-WA0020.jpg\",\"articleSection\":[\"NOTA PRINCIPAL\"],\"inLanguage\":\"es\",\"potentialAction\":[{\"@type\":\"CommentAction\",\"name\":\"Comment\",\"target\":[\"https:\\\/\\\/fuentesfidedignas.com.mx\\\/index.php\\\/2022\\\/07\\\/12\\\/vinculan-a-proceso-a-mujer-implicada-en-asesinato-de-luis-enrique-ramirez-queda-detenida\\\/#respond\"]}]},{\"@type\":\"WebPage\",\"@id\":\"https:\\\/\\\/fuentesfidedignas.com.mx\\\/index.php\\\/2022\\\/07\\\/12\\\/vinculan-a-proceso-a-mujer-implicada-en-asesinato-de-luis-enrique-ramirez-queda-detenida\\\/\",\"url\":\"https:\\\/\\\/fuentesfidedignas.com.mx\\\/index.php\\\/2022\\\/07\\\/12\\\/vinculan-a-proceso-a-mujer-implicada-en-asesinato-de-luis-enrique-ramirez-queda-detenida\\\/\",\"name\":\"Dan prisi\u00f3n peventiva a mujer implicada en asesinato de Luis Enrique Ram\u00edrez - Fuentes Fidedignas\",\"isPartOf\":{\"@id\":\"https:\\\/\\\/fuentesfidedignas.com.mx\\\/#website\"},\"primaryImageOfPage\":{\"@id\":\"https:\\\/\\\/fuentesfidedignas.com.mx\\\/index.php\\\/2022\\\/07\\\/12\\\/vinculan-a-proceso-a-mujer-implicada-en-asesinato-de-luis-enrique-ramirez-queda-detenida\\\/#primaryimage\"},\"image\":{\"@id\":\"https:\\\/\\\/fuentesfidedignas.com.mx\\\/index.php\\\/2022\\\/07\\\/12\\\/vinculan-a-proceso-a-mujer-implicada-en-asesinato-de-luis-enrique-ramirez-queda-detenida\\\/#primaryimage\"},\"thumbnailUrl\":\"https:\\\/\\\/fuentesfidedignas.com.mx\\\/wp-content\\\/uploads\\\/2022\\\/07\\\/IMG-20220712-WA0020.jpg\",\"datePublished\":\"2022-07-12T18:12:35+00:00\",\"dateModified\":\"2022-07-12T22:17:10+00:00\",\"breadcrumb\":{\"@id\":\"https:\\\/\\\/fuentesfidedignas.com.mx\\\/index.php\\\/2022\\\/07\\\/12\\\/vinculan-a-proceso-a-mujer-implicada-en-asesinato-de-luis-enrique-ramirez-queda-detenida\\\/#breadcrumb\"},\"inLanguage\":\"es\",\"potentialAction\":[{\"@type\":\"ReadAction\",\"target\":[\"https:\\\/\\\/fuentesfidedignas.com.mx\\\/index.php\\\/2022\\\/07\\\/12\\\/vinculan-a-proceso-a-mujer-implicada-en-asesinato-de-luis-enrique-ramirez-queda-detenida\\\/\"]}]},{\"@type\":\"ImageObject\",\"inLanguage\":\"es\",\"@id\":\"https:\\\/\\\/fuentesfidedignas.com.mx\\\/index.php\\\/2022\\\/07\\\/12\\\/vinculan-a-proceso-a-mujer-implicada-en-asesinato-de-luis-enrique-ramirez-queda-detenida\\\/#primaryimage\",\"url\":\"https:\\\/\\\/fuentesfidedignas.com.mx\\\/wp-content\\\/uploads\\\/2022\\\/07\\\/IMG-20220712-WA0020.jpg\",\"contentUrl\":\"https:\\\/\\\/fuentesfidedignas.com.mx\\\/wp-content\\\/uploads\\\/2022\\\/07\\\/IMG-20220712-WA0020.jpg\",\"width\":1024,\"height\":768},{\"@type\":\"BreadcrumbList\",\"@id\":\"https:\\\/\\\/fuentesfidedignas.com.mx\\\/index.php\\\/2022\\\/07\\\/12\\\/vinculan-a-proceso-a-mujer-implicada-en-asesinato-de-luis-enrique-ramirez-queda-detenida\\\/#breadcrumb\",\"itemListElement\":[{\"@type\":\"ListItem\",\"position\":1,\"name\":\"Inicio\",\"item\":\"https:\\\/\\\/fuentesfidedignas.com.mx\\\/\"},{\"@type\":\"ListItem\",\"position\":2,\"name\":\"Dan prisi\u00f3n peventiva a mujer implicada en asesinato de Luis Enrique Ram\u00edrez\"}]},{\"@type\":\"WebSite\",\"@id\":\"https:\\\/\\\/fuentesfidedignas.com.mx\\\/#website\",\"url\":\"https:\\\/\\\/fuentesfidedignas.com.mx\\\/\",\"name\":\"Fuentes Fidedignas\",\"description\":\"Otro sitio realizado con WordPress\",\"publisher\":{\"@id\":\"https:\\\/\\\/fuentesfidedignas.com.mx\\\/#organization\"},\"potentialAction\":[{\"@type\":\"SearchAction\",\"target\":{\"@type\":\"EntryPoint\",\"urlTemplate\":\"https:\\\/\\\/fuentesfidedignas.com.mx\\\/?s={search_term_string}\"},\"query-input\":{\"@type\":\"PropertyValueSpecification\",\"valueRequired\":true,\"valueName\":\"search_term_string\"}}],\"inLanguage\":\"es\"},{\"@type\":\"Organization\",\"@id\":\"https:\\\/\\\/fuentesfidedignas.com.mx\\\/#organization\",\"name\":\"Fuentes Fidedignas\",\"url\":\"https:\\\/\\\/fuentesfidedignas.com.mx\\\/\",\"logo\":{\"@type\":\"ImageObject\",\"inLanguage\":\"es\",\"@id\":\"https:\\\/\\\/fuentesfidedignas.com.mx\\\/#\\\/schema\\\/logo\\\/image\\\/\",\"url\":\"https:\\\/\\\/fuentesfidedignas.com.mx\\\/wp-content\\\/uploads\\\/2021\\\/04\\\/logo-retina.png\",\"contentUrl\":\"https:\\\/\\\/fuentesfidedignas.com.mx\\\/wp-content\\\/uploads\\\/2021\\\/04\\\/logo-retina.png\",\"width\":280,\"height\":51,\"caption\":\"Fuentes Fidedignas\"},\"image\":{\"@id\":\"https:\\\/\\\/fuentesfidedignas.com.mx\\\/#\\\/schema\\\/logo\\\/image\\\/\"},\"sameAs\":[\"https:\\\/\\\/www.facebook.com\\\/Fuentes-Fidedignas-368234489921644\",\"https:\\\/\\\/x.com\\\/fidedignas\"]},{\"@type\":\"Person\",\"@id\":\"https:\\\/\\\/fuentesfidedignas.com.mx\\\/#\\\/schema\\\/person\\\/8100cb4bfcbf6d754386ce164f542ba1\",\"name\":\"Irma Espinoza\",\"image\":{\"@type\":\"ImageObject\",\"inLanguage\":\"es\",\"@id\":\"https:\\\/\\\/secure.gravatar.com\\\/avatar\\\/966b22bc2fbe9003c90320dc4a513b5d1a73f4658dfbf94c4d18f15d44d56aa5?s=96&d=mm&r=g\",\"url\":\"https:\\\/\\\/secure.gravatar.com\\\/avatar\\\/966b22bc2fbe9003c90320dc4a513b5d1a73f4658dfbf94c4d18f15d44d56aa5?s=96&d=mm&r=g\",\"contentUrl\":\"https:\\\/\\\/secure.gravatar.com\\\/avatar\\\/966b22bc2fbe9003c90320dc4a513b5d1a73f4658dfbf94c4d18f15d44d56aa5?s=96&d=mm&r=g\",\"caption\":\"Irma Espinoza\"},\"url\":\"https:\\\/\\\/fuentesfidedignas.com.mx\\\/index.php\\\/author\\\/irma\\\/\"}]}<\/script>\n<!-- \/ Yoast SEO plugin. -->","yoast_head_json":{"title":"Dan prisi\u00f3n peventiva a mujer implicada en asesinato de Luis Enrique Ram\u00edrez - Fuentes Fidedignas","robots":{"index":"index","follow":"follow","max-snippet":"max-snippet:-1","max-image-preview":"max-image-preview:large","max-video-preview":"max-video-preview:-1"},"canonical":"https:\/\/fuentesfidedignas.com.mx\/index.php\/2022\/07\/12\/vinculan-a-proceso-a-mujer-implicada-en-asesinato-de-luis-enrique-ramirez-queda-detenida\/","og_locale":"es_MX","og_type":"article","og_title":"Dan prisi\u00f3n peventiva a mujer implicada en asesinato de Luis Enrique Ram\u00edrez - Fuentes Fidedignas","og_description":"El juez cit\u00f3 a una nueva audiencia para el pr\u00f3ximo s\u00e1bado 16 de julio para el desahogo de testigos Culiac\u00e1n, Sin.- Al t\u00e9rmino de la audiencia sobre el asesinato de Luis Enrique Ram\u00edrez, el Juez determin\u00f3 vincular al proceso y ordenar prisi\u00f3n preventiva a Brisya Carolina, mujer implicada en el asesinato del periodista. La f\u00e9mina [&hellip;]","og_url":"https:\/\/fuentesfidedignas.com.mx\/index.php\/2022\/07\/12\/vinculan-a-proceso-a-mujer-implicada-en-asesinato-de-luis-enrique-ramirez-queda-detenida\/","og_site_name":"Fuentes Fidedignas","article_publisher":"https:\/\/www.facebook.com\/Fuentes-Fidedignas-368234489921644","article_published_time":"2022-07-12T18:12:35+00:00","article_modified_time":"2022-07-12T22:17:10+00:00","og_image":[{"width":1024,"height":768,"url":"https:\/\/fuentesfidedignas.com.mx\/wp-content\/uploads\/2022\/07\/IMG-20220712-WA0020.jpg","type":"image\/jpeg"}],"author":"Irma Espinoza","twitter_card":"summary_large_image","twitter_creator":"@fidedignas","twitter_site":"@fidedignas","twitter_misc":{"Escrito por":"Irma Espinoza","Tiempo de lectura":"1 minuto"},"schema":{"@context":"https:\/\/schema.org","@graph":[{"@type":"Article","@id":"https:\/\/fuentesfidedignas.com.mx\/index.php\/2022\/07\/12\/vinculan-a-proceso-a-mujer-implicada-en-asesinato-de-luis-enrique-ramirez-queda-detenida\/#article","isPartOf":{"@id":"https:\/\/fuentesfidedignas.com.mx\/index.php\/2022\/07\/12\/vinculan-a-proceso-a-mujer-implicada-en-asesinato-de-luis-enrique-ramirez-queda-detenida\/"},"author":{"name":"Irma Espinoza","@id":"https:\/\/fuentesfidedignas.com.mx\/#\/schema\/person\/8100cb4bfcbf6d754386ce164f542ba1"},"headline":"Dan prisi\u00f3n peventiva a mujer implicada en asesinato de Luis Enrique Ram\u00edrez","datePublished":"2022-07-12T18:12:35+00:00","dateModified":"2022-07-12T22:17:10+00:00","mainEntityOfPage":{"@id":"https:\/\/fuentesfidedignas.com.mx\/index.php\/2022\/07\/12\/vinculan-a-proceso-a-mujer-implicada-en-asesinato-de-luis-enrique-ramirez-queda-detenida\/"},"wordCount":204,"commentCount":0,"publisher":{"@id":"https:\/\/fuentesfidedignas.com.mx\/#organization"},"image":{"@id":"https:\/\/fuentesfidedignas.com.mx\/index.php\/2022\/07\/12\/vinculan-a-proceso-a-mujer-implicada-en-asesinato-de-luis-enrique-ramirez-queda-detenida\/#primaryimage"},"thumbnailUrl":"https:\/\/fuentesfidedignas.com.mx\/wp-content\/uploads\/2022\/07\/IMG-20220712-WA0020.jpg","articleSection":["NOTA PRINCIPAL"],"inLanguage":"es","potentialAction":[{"@type":"CommentAction","name":"Comment","target":["https:\/\/fuentesfidedignas.com.mx\/index.php\/2022\/07\/12\/vinculan-a-proceso-a-mujer-implicada-en-asesinato-de-luis-enrique-ramirez-queda-detenida\/#respond"]}]},{"@type":"WebPage","@id":"https:\/\/fuentesfidedignas.com.mx\/index.php\/2022\/07\/12\/vinculan-a-proceso-a-mujer-implicada-en-asesinato-de-luis-enrique-ramirez-queda-detenida\/","url":"https:\/\/fuentesfidedignas.com.mx\/index.php\/2022\/07\/12\/vinculan-a-proceso-a-mujer-implicada-en-asesinato-de-luis-enrique-ramirez-queda-detenida\/","name":"Dan prisi\u00f3n peventiva a mujer implicada en asesinato de Luis Enrique Ram\u00edrez - Fuentes Fidedignas","isPartOf":{"@id":"https:\/\/fuentesfidedignas.com.mx\/#website"},"primaryImageOfPage":{"@id":"https:\/\/fuentesfidedignas.com.mx\/index.php\/2022\/07\/12\/vinculan-a-proceso-a-mujer-implicada-en-asesinato-de-luis-enrique-ramirez-queda-detenida\/#primaryimage"},"image":{"@id":"https:\/\/fuentesfidedignas.com.mx\/index.php\/2022\/07\/12\/vinculan-a-proceso-a-mujer-implicada-en-asesinato-de-luis-enrique-ramirez-queda-detenida\/#primaryimage"},"thumbnailUrl":"https:\/\/fuentesfidedignas.com.mx\/wp-content\/uploads\/2022\/07\/IMG-20220712-WA0020.jpg","datePublished":"2022-07-12T18:12:35+00:00","dateModified":"2022-07-12T22:17:10+00:00","breadcrumb":{"@id":"https:\/\/fuentesfidedignas.com.mx\/index.php\/2022\/07\/12\/vinculan-a-proceso-a-mujer-implicada-en-asesinato-de-luis-enrique-ramirez-queda-detenida\/#breadcrumb"},"inLanguage":"es","potentialAction":[{"@type":"ReadAction","target":["https:\/\/fuentesfidedignas.com.mx\/index.php\/2022\/07\/12\/vinculan-a-proceso-a-mujer-implicada-en-asesinato-de-luis-enrique-ramirez-queda-detenida\/"]}]},{"@type":"ImageObject","inLanguage":"es","@id":"https:\/\/fuentesfidedignas.com.mx\/index.php\/2022\/07\/12\/vinculan-a-proceso-a-mujer-implicada-en-asesinato-de-luis-enrique-ramirez-queda-detenida\/#primaryimage","url":"https:\/\/fuentesfidedignas.com.mx\/wp-content\/uploads\/2022\/07\/IMG-20220712-WA0020.jpg","contentUrl":"https:\/\/fuentesfidedignas.com.mx\/wp-content\/uploads\/2022\/07\/IMG-20220712-WA0020.jpg","width":1024,"height":768},{"@type":"BreadcrumbList","@id":"https:\/\/fuentesfidedignas.com.mx\/index.php\/2022\/07\/12\/vinculan-a-proceso-a-mujer-implicada-en-asesinato-de-luis-enrique-ramirez-queda-detenida\/#breadcrumb","itemListElement":[{"@type":"ListItem","position":1,"name":"Inicio","item":"https:\/\/fuentesfidedignas.com.mx\/"},{"@type":"ListItem","position":2,"name":"Dan prisi\u00f3n peventiva a mujer implicada en asesinato de Luis Enrique Ram\u00edrez"}]},{"@type":"WebSite","@id":"https:\/\/fuentesfidedignas.com.mx\/#website","url":"https:\/\/fuentesfidedignas.com.mx\/","name":"Fuentes Fidedignas","description":"Otro sitio realizado con WordPress","publisher":{"@id":"https:\/\/fuentesfidedignas.com.mx\/#organization"},"potentialAction":[{"@type":"SearchAction","target":{"@type":"EntryPoint","urlTemplate":"https:\/\/fuentesfidedignas.com.mx\/?s={search_term_string}"},"query-input":{"@type":"PropertyValueSpecification","valueRequired":true,"valueName":"search_term_string"}}],"inLanguage":"es"},{"@type":"Organization","@id":"https:\/\/fuentesfidedignas.com.mx\/#organization","name":"Fuentes Fidedignas","url":"https:\/\/fuentesfidedignas.com.mx\/","logo":{"@type":"ImageObject","inLanguage":"es","@id":"https:\/\/fuentesfidedignas.com.mx\/#\/schema\/logo\/image\/","url":"https:\/\/fuentesfidedignas.com.mx\/wp-content\/uploads\/2021\/04\/logo-retina.png","contentUrl":"https:\/\/fuentesfidedignas.com.mx\/wp-content\/uploads\/2021\/04\/logo-retina.png","width":280,"height":51,"caption":"Fuentes Fidedignas"},"image":{"@id":"https:\/\/fuentesfidedignas.com.mx\/#\/schema\/logo\/image\/"},"sameAs":["https:\/\/www.facebook.com\/Fuentes-Fidedignas-368234489921644","https:\/\/x.com\/fidedignas"]},{"@type":"Person","@id":"https:\/\/fuentesfidedignas.com.mx\/#\/schema\/person\/8100cb4bfcbf6d754386ce164f542ba1","name":"Irma Espinoza","image":{"@type":"ImageObject","inLanguage":"es","@id":"https:\/\/secure.gravatar.com\/avatar\/966b22bc2fbe9003c90320dc4a513b5d1a73f4658dfbf94c4d18f15d44d56aa5?s=96&d=mm&r=g","url":"https:\/\/secure.gravatar.com\/avatar\/966b22bc2fbe9003c90320dc4a513b5d1a73f4658dfbf94c4d18f15d44d56aa5?s=96&d=mm&r=g","contentUrl":"https:\/\/secure.gravatar.com\/avatar\/966b22bc2fbe9003c90320dc4a513b5d1a73f4658dfbf94c4d18f15d44d56aa5?s=96&d=mm&r=g","caption":"Irma Espinoza"},"url":"https:\/\/fuentesfidedignas.com.mx\/index.php\/author\/irma\/"}]}},"_links":{"self":[{"href":"https:\/\/fuentesfidedignas.com.mx\/index.php\/wp-json\/wp\/v2\/posts\/37149","targetHints":{"allow":["GET"]}}],"collection":[{"href":"https:\/\/fuentesfidedignas.com.mx\/index.php\/wp-json\/wp\/v2\/posts"}],"about":[{"href":"https:\/\/fuentesfidedignas.com.mx\/index.php\/wp-json\/wp\/v2\/types\/post"}],"author":[{"embeddable":true,"href":"https:\/\/fuentesfidedignas.com.mx\/index.php\/wp-json\/wp\/v2\/users\/115"}],"replies":[{"embeddable":true,"href":"https:\/\/fuentesfidedignas.com.mx\/index.php\/wp-json\/wp\/v2\/comments?post=37149"}],"version-history":[{"count":3,"href":"https:\/\/fuentesfidedignas.com.mx\/index.php\/wp-json\/wp\/v2\/posts\/37149\/revisions"}],"predecessor-version":[{"id":37186,"href":"https:\/\/fuentesfidedignas.com.mx\/index.php\/wp-json\/wp\/v2\/posts\/37149\/revisions\/37186"}],"wp:featuredmedia":[{"embeddable":true,"href":"https:\/\/fuentesfidedignas.com.mx\/index.php\/wp-json\/wp\/v2\/media\/37085"}],"wp:attachment":[{"href":"https:\/\/fuentesfidedignas.com.mx\/index.php\/wp-json\/wp\/v2\/media?parent=37149"}],"wp:term":[{"taxonomy":"category","embeddable":true,"href":"https:\/\/fuentesfidedignas.com.mx\/index.php\/wp-json\/wp\/v2\/categories?post=37149"},{"taxonomy":"post_tag","embeddable":true,"href":"https:\/\/fuentesfidedignas.com.mx\/index.php\/wp-json\/wp\/v2\/tags?post=37149"}],"curies":[{"name":"wp","href":"https:\/\/api.w.org\/{rel}","templated":true}]}}