{"id":3709,"date":"2021-06-01T07:19:02","date_gmt":"2021-06-01T14:19:02","guid":{"rendered":"https:\/\/fuentesfidedignas.com.mx\/?p=3709"},"modified":"2021-06-01T07:19:05","modified_gmt":"2021-06-01T14:19:05","slug":"ya-hay-detenidos-por-el-asesinato-de-candidata-en-guanajuato-amlo","status":"publish","type":"post","link":"https:\/\/fuentesfidedignas.com.mx\/index.php\/2021\/06\/01\/ya-hay-detenidos-por-el-asesinato-de-candidata-en-guanajuato-amlo\/","title":{"rendered":"Ya hay detenidos por el asesinato de candidata en Guanajuato: AMLO"},"content":{"rendered":"\n<p><strong><em>El presidente indic\u00f3 que ya hay detenidos por el asesinato de Alma Rosa Barrag\u00e1n, candidata a alcaldesa de Morole\u00f3n, Guanajuato.<\/em><\/strong><\/p>\n\n\n\n<p>Ciudad de M\u00e9xico.- El presidente Andr\u00e9s Manuel L\u00f3pez Obrador, inform\u00f3 que ayer fueron detenidos los presuntos culpables del asesinato de la candidata a la presidencia municipal de Morole\u00f3n, Guanajuato, Alma Rosa Barrag\u00e1n.<\/p>\n\n\n\n<p>En la conferencia \u201cma\u00f1anera\u201d de este mertes, el mandatario coment\u00f3 que en \u201ccasi todos los casos\u201d de agresiones a contendientes por un cargo de elecci\u00f3n popular , ya hay presuntos responsables.<\/p>\n\n\n\n<p>\u201cCasi en todos los casos se tienen detenidos a presuntos responsables (\u2026) Se han presentado denuncias sobre estos hechos y queremos informar c\u00f3mo se ha avanzado en el castigo de los responsables. Hasta en el caso reciente de la candidata de Guanajuato, ya ayer hubieron detenciones\u201d, dijo.<\/p>\n\n\n\n<p>El titular del Ejecutivo federal agreg\u00f3 que ma\u00f1ana mi\u00e9rcoles informar\u00e1 cu\u00e1ntos han sido detenidos.<\/p>\n\n\n\n<p>\u201cEsto lo digo solo para informar de c\u00f3mo estamos actuando, lo digo porque a los que se portan mal les puede llegar la informaci\u00f3n, que no est\u00e9n pensando que van a cometer un il\u00edcito y no va a suceder nada, porque est\u00e1n bien parados, porque tienen comprado a las autoridades, porque tienen influencias, eso ya no aplica\u201d, mencion\u00f3.<\/p>\n\n\n\n<p>El Indicador de Violencia Pol\u00edtica en M\u00e9xico (IVP) elaborado por Etellekt Consultores, registr\u00f3 782 agresiones contra pol\u00edticos, con un saldo de 89 asesinados, de los cuales 35 eran candidatos y aspirantes en Veracruz, Guanajuato, Guerrero, Oaxaca, Chiapas, Quintana Roo, Jalisco, Baja California, Nuevo Le\u00f3n, Sonora, Chihuahua, Michoac\u00e1n, Tamaulipas, Puebla, Quer\u00e9taro y Morelos.<\/p>\n\n\n\n<figure class=\"wp-block-embed is-type-rich is-provider-twitter wp-block-embed-twitter\"><div class=\"wp-block-embed__wrapper\">\n<blockquote class=\"twitter-tweet\" data-width=\"550\" data-dnt=\"true\"><p lang=\"es\" dir=\"ltr\">Presentamos al p\u00fablico en general el Quinto Informe de Violencia Pol\u00edtica en M\u00e9xico <a href=\"https:\/\/twitter.com\/hashtag\/Elecciones2021MX?src=hash&amp;ref_src=twsrc%5Etfw\">#Elecciones2021MX<\/a> de <a href=\"https:\/\/twitter.com\/etellekt_?ref_src=twsrc%5Etfw\">@etellekt_<\/a> El IVP registra 782 agresiones o delitos globales contra pol\u00edticos, con un saldo de 89 pol\u00edticos asesinados (35 de ellos aspirantes). \u2b07\ufe0f<a href=\"https:\/\/t.co\/9KJkhOcFeV\">https:\/\/t.co\/9KJkhOcFeV<\/a><\/p>&mdash; Etellekt (@etellekt_) <a href=\"https:\/\/twitter.com\/etellekt_\/status\/1399409649212928001?ref_src=twsrc%5Etfw\">May 31, 2021<\/a><\/blockquote><script async src=\"https:\/\/platform.twitter.com\/widgets.js\" charset=\"utf-8\"><\/script>\n<\/div><\/figure>\n\n\n\n<p>El documento se\u00f1ala que el proceso electoral 2020-2021 es el segundo m\u00e1s violento en homicidios dolosos contra pol\u00edticos desde 2000.<\/p>\n","protected":false},"excerpt":{"rendered":"<p>El presidente indic\u00f3 que ya hay detenidos por el asesinato de Alma Rosa Barrag\u00e1n, candidata a alcaldesa de Morole\u00f3n, Guanajuato. Ciudad de M\u00e9xico.- El presidente Andr\u00e9s Manuel L\u00f3pez Obrador, inform\u00f3 que ayer fueron detenidos los presuntos culpables del asesinato de la candidata a la presidencia municipal de Morole\u00f3n, Guanajuato, Alma Rosa Barrag\u00e1n. En la conferencia [&hellip;]<\/p>\n","protected":false},"author":5,"featured_media":3710,"comment_status":"open","ping_status":"open","sticky":false,"template":"","format":"standard","meta":{"tdm_status":"","tdm_grid_status":"","footnotes":""},"categories":[39],"tags":[247,297,612,611],"class_list":{"0":"post-3709","1":"post","2":"type-post","3":"status-publish","4":"format-standard","5":"has-post-thumbnail","7":"category-noticias-nacionales","8":"tag-amlo","9":"tag-andres-manuel-lopez-obrador","10":"tag-guanajuato","11":"tag-violencia-electoral"},"yoast_head":"<!-- This site is optimized with the Yoast SEO plugin v27.5 - https:\/\/yoast.com\/product\/yoast-seo-wordpress\/ -->\n<title>Ya hay detenidos por el asesinato de candidata en Guanajuato: AMLO - Fuentes Fidedignas<\/title>\n<meta name=\"robots\" content=\"index, follow, max-snippet:-1, max-image-preview:large, max-video-preview:-1\" \/>\n<link rel=\"canonical\" href=\"https:\/\/fuentesfidedignas.com.mx\/index.php\/2021\/06\/01\/ya-hay-detenidos-por-el-asesinato-de-candidata-en-guanajuato-amlo\/\" \/>\n<meta property=\"og:locale\" content=\"es_MX\" \/>\n<meta property=\"og:type\" content=\"article\" \/>\n<meta property=\"og:title\" content=\"Ya hay detenidos por el asesinato de candidata en Guanajuato: AMLO - Fuentes Fidedignas\" \/>\n<meta property=\"og:description\" content=\"El presidente indic\u00f3 que ya hay detenidos por el asesinato de Alma Rosa Barrag\u00e1n, candidata a alcaldesa de Morole\u00f3n, Guanajuato. Ciudad de M\u00e9xico.- El presidente Andr\u00e9s Manuel L\u00f3pez Obrador, inform\u00f3 que ayer fueron detenidos los presuntos culpables del asesinato de la candidata a la presidencia municipal de Morole\u00f3n, Guanajuato, Alma Rosa Barrag\u00e1n. En la conferencia [&hellip;]\" \/>\n<meta property=\"og:url\" content=\"https:\/\/fuentesfidedignas.com.mx\/index.php\/2021\/06\/01\/ya-hay-detenidos-por-el-asesinato-de-candidata-en-guanajuato-amlo\/\" \/>\n<meta property=\"og:site_name\" content=\"Fuentes Fidedignas\" \/>\n<meta property=\"article:publisher\" content=\"https:\/\/www.facebook.com\/Fuentes-Fidedignas-368234489921644\" \/>\n<meta property=\"article:published_time\" content=\"2021-06-01T14:19:02+00:00\" \/>\n<meta property=\"article:modified_time\" content=\"2021-06-01T14:19:05+00:00\" \/>\n<meta property=\"og:image\" content=\"https:\/\/fuentesfidedignas.com.mx\/wp-content\/uploads\/2021\/06\/violencia-inseguridad-homicidios-1-640x360-1.jpg\" \/>\n\t<meta property=\"og:image:width\" content=\"640\" \/>\n\t<meta property=\"og:image:height\" content=\"360\" \/>\n\t<meta property=\"og:image:type\" content=\"image\/jpeg\" \/>\n<meta name=\"author\" content=\"Forbes\" \/>\n<meta name=\"twitter:card\" content=\"summary_large_image\" \/>\n<meta name=\"twitter:creator\" content=\"@fidedignas\" \/>\n<meta name=\"twitter:site\" content=\"@fidedignas\" \/>\n<meta name=\"twitter:label1\" content=\"Escrito por\" \/>\n\t<meta name=\"twitter:data1\" content=\"Forbes\" \/>\n\t<meta name=\"twitter:label2\" content=\"Tiempo de lectura\" \/>\n\t<meta name=\"twitter:data2\" content=\"2 minutos\" \/>\n<script type=\"application\/ld+json\" class=\"yoast-schema-graph\">{\"@context\":\"https:\\\/\\\/schema.org\",\"@graph\":[{\"@type\":\"Article\",\"@id\":\"https:\\\/\\\/fuentesfidedignas.com.mx\\\/index.php\\\/2021\\\/06\\\/01\\\/ya-hay-detenidos-por-el-asesinato-de-candidata-en-guanajuato-amlo\\\/#article\",\"isPartOf\":{\"@id\":\"https:\\\/\\\/fuentesfidedignas.com.mx\\\/index.php\\\/2021\\\/06\\\/01\\\/ya-hay-detenidos-por-el-asesinato-de-candidata-en-guanajuato-amlo\\\/\"},\"author\":{\"name\":\"Forbes\",\"@id\":\"https:\\\/\\\/fuentesfidedignas.com.mx\\\/#\\\/schema\\\/person\\\/5623d53fe2e579d825b1679734abcc44\"},\"headline\":\"Ya hay detenidos por el asesinato de candidata en Guanajuato: AMLO\",\"datePublished\":\"2021-06-01T14:19:02+00:00\",\"dateModified\":\"2021-06-01T14:19:05+00:00\",\"mainEntityOfPage\":{\"@id\":\"https:\\\/\\\/fuentesfidedignas.com.mx\\\/index.php\\\/2021\\\/06\\\/01\\\/ya-hay-detenidos-por-el-asesinato-de-candidata-en-guanajuato-amlo\\\/\"},\"wordCount\":312,\"commentCount\":0,\"publisher\":{\"@id\":\"https:\\\/\\\/fuentesfidedignas.com.mx\\\/#organization\"},\"image\":{\"@id\":\"https:\\\/\\\/fuentesfidedignas.com.mx\\\/index.php\\\/2021\\\/06\\\/01\\\/ya-hay-detenidos-por-el-asesinato-de-candidata-en-guanajuato-amlo\\\/#primaryimage\"},\"thumbnailUrl\":\"https:\\\/\\\/fuentesfidedignas.com.mx\\\/wp-content\\\/uploads\\\/2021\\\/06\\\/violencia-inseguridad-homicidios-1-640x360-1.jpg\",\"keywords\":[\"AMLO\",\"Andr\u00e9s Manuel L\u00f3pez Obrador\",\"Guanajuato\",\"Violencia electoral\"],\"articleSection\":[\"NOTICIAS NACIONALES\"],\"inLanguage\":\"es\",\"potentialAction\":[{\"@type\":\"CommentAction\",\"name\":\"Comment\",\"target\":[\"https:\\\/\\\/fuentesfidedignas.com.mx\\\/index.php\\\/2021\\\/06\\\/01\\\/ya-hay-detenidos-por-el-asesinato-de-candidata-en-guanajuato-amlo\\\/#respond\"]}]},{\"@type\":\"WebPage\",\"@id\":\"https:\\\/\\\/fuentesfidedignas.com.mx\\\/index.php\\\/2021\\\/06\\\/01\\\/ya-hay-detenidos-por-el-asesinato-de-candidata-en-guanajuato-amlo\\\/\",\"url\":\"https:\\\/\\\/fuentesfidedignas.com.mx\\\/index.php\\\/2021\\\/06\\\/01\\\/ya-hay-detenidos-por-el-asesinato-de-candidata-en-guanajuato-amlo\\\/\",\"name\":\"Ya hay detenidos por el asesinato de candidata en Guanajuato: AMLO - Fuentes Fidedignas\",\"isPartOf\":{\"@id\":\"https:\\\/\\\/fuentesfidedignas.com.mx\\\/#website\"},\"primaryImageOfPage\":{\"@id\":\"https:\\\/\\\/fuentesfidedignas.com.mx\\\/index.php\\\/2021\\\/06\\\/01\\\/ya-hay-detenidos-por-el-asesinato-de-candidata-en-guanajuato-amlo\\\/#primaryimage\"},\"image\":{\"@id\":\"https:\\\/\\\/fuentesfidedignas.com.mx\\\/index.php\\\/2021\\\/06\\\/01\\\/ya-hay-detenidos-por-el-asesinato-de-candidata-en-guanajuato-amlo\\\/#primaryimage\"},\"thumbnailUrl\":\"https:\\\/\\\/fuentesfidedignas.com.mx\\\/wp-content\\\/uploads\\\/2021\\\/06\\\/violencia-inseguridad-homicidios-1-640x360-1.jpg\",\"datePublished\":\"2021-06-01T14:19:02+00:00\",\"dateModified\":\"2021-06-01T14:19:05+00:00\",\"breadcrumb\":{\"@id\":\"https:\\\/\\\/fuentesfidedignas.com.mx\\\/index.php\\\/2021\\\/06\\\/01\\\/ya-hay-detenidos-por-el-asesinato-de-candidata-en-guanajuato-amlo\\\/#breadcrumb\"},\"inLanguage\":\"es\",\"potentialAction\":[{\"@type\":\"ReadAction\",\"target\":[\"https:\\\/\\\/fuentesfidedignas.com.mx\\\/index.php\\\/2021\\\/06\\\/01\\\/ya-hay-detenidos-por-el-asesinato-de-candidata-en-guanajuato-amlo\\\/\"]}]},{\"@type\":\"ImageObject\",\"inLanguage\":\"es\",\"@id\":\"https:\\\/\\\/fuentesfidedignas.com.mx\\\/index.php\\\/2021\\\/06\\\/01\\\/ya-hay-detenidos-por-el-asesinato-de-candidata-en-guanajuato-amlo\\\/#primaryimage\",\"url\":\"https:\\\/\\\/fuentesfidedignas.com.mx\\\/wp-content\\\/uploads\\\/2021\\\/06\\\/violencia-inseguridad-homicidios-1-640x360-1.jpg\",\"contentUrl\":\"https:\\\/\\\/fuentesfidedignas.com.mx\\\/wp-content\\\/uploads\\\/2021\\\/06\\\/violencia-inseguridad-homicidios-1-640x360-1.jpg\",\"width\":640,\"height\":360},{\"@type\":\"BreadcrumbList\",\"@id\":\"https:\\\/\\\/fuentesfidedignas.com.mx\\\/index.php\\\/2021\\\/06\\\/01\\\/ya-hay-detenidos-por-el-asesinato-de-candidata-en-guanajuato-amlo\\\/#breadcrumb\",\"itemListElement\":[{\"@type\":\"ListItem\",\"position\":1,\"name\":\"Inicio\",\"item\":\"https:\\\/\\\/fuentesfidedignas.com.mx\\\/\"},{\"@type\":\"ListItem\",\"position\":2,\"name\":\"Ya hay detenidos por el asesinato de candidata en Guanajuato: AMLO\"}]},{\"@type\":\"WebSite\",\"@id\":\"https:\\\/\\\/fuentesfidedignas.com.mx\\\/#website\",\"url\":\"https:\\\/\\\/fuentesfidedignas.com.mx\\\/\",\"name\":\"Fuentes Fidedignas\",\"description\":\"Otro sitio realizado con WordPress\",\"publisher\":{\"@id\":\"https:\\\/\\\/fuentesfidedignas.com.mx\\\/#organization\"},\"potentialAction\":[{\"@type\":\"SearchAction\",\"target\":{\"@type\":\"EntryPoint\",\"urlTemplate\":\"https:\\\/\\\/fuentesfidedignas.com.mx\\\/?s={search_term_string}\"},\"query-input\":{\"@type\":\"PropertyValueSpecification\",\"valueRequired\":true,\"valueName\":\"search_term_string\"}}],\"inLanguage\":\"es\"},{\"@type\":\"Organization\",\"@id\":\"https:\\\/\\\/fuentesfidedignas.com.mx\\\/#organization\",\"name\":\"Fuentes Fidedignas\",\"url\":\"https:\\\/\\\/fuentesfidedignas.com.mx\\\/\",\"logo\":{\"@type\":\"ImageObject\",\"inLanguage\":\"es\",\"@id\":\"https:\\\/\\\/fuentesfidedignas.com.mx\\\/#\\\/schema\\\/logo\\\/image\\\/\",\"url\":\"https:\\\/\\\/fuentesfidedignas.com.mx\\\/wp-content\\\/uploads\\\/2021\\\/04\\\/logo-retina.png\",\"contentUrl\":\"https:\\\/\\\/fuentesfidedignas.com.mx\\\/wp-content\\\/uploads\\\/2021\\\/04\\\/logo-retina.png\",\"width\":280,\"height\":51,\"caption\":\"Fuentes Fidedignas\"},\"image\":{\"@id\":\"https:\\\/\\\/fuentesfidedignas.com.mx\\\/#\\\/schema\\\/logo\\\/image\\\/\"},\"sameAs\":[\"https:\\\/\\\/www.facebook.com\\\/Fuentes-Fidedignas-368234489921644\",\"https:\\\/\\\/x.com\\\/fidedignas\"]},{\"@type\":\"Person\",\"@id\":\"https:\\\/\\\/fuentesfidedignas.com.mx\\\/#\\\/schema\\\/person\\\/5623d53fe2e579d825b1679734abcc44\",\"name\":\"Forbes\",\"image\":{\"@type\":\"ImageObject\",\"inLanguage\":\"es\",\"@id\":\"https:\\\/\\\/secure.gravatar.com\\\/avatar\\\/87ce3dd4e41e60c22a79c758614f01a6bc2469255fc936ec7b15efb9bb5cb66f?s=96&d=mm&r=g\",\"url\":\"https:\\\/\\\/secure.gravatar.com\\\/avatar\\\/87ce3dd4e41e60c22a79c758614f01a6bc2469255fc936ec7b15efb9bb5cb66f?s=96&d=mm&r=g\",\"contentUrl\":\"https:\\\/\\\/secure.gravatar.com\\\/avatar\\\/87ce3dd4e41e60c22a79c758614f01a6bc2469255fc936ec7b15efb9bb5cb66f?s=96&d=mm&r=g\",\"caption\":\"Forbes\"},\"url\":\"https:\\\/\\\/fuentesfidedignas.com.mx\\\/index.php\\\/author\\\/forbes\\\/\"}]}<\/script>\n<!-- \/ Yoast SEO plugin. -->","yoast_head_json":{"title":"Ya hay detenidos por el asesinato de candidata en Guanajuato: AMLO - Fuentes Fidedignas","robots":{"index":"index","follow":"follow","max-snippet":"max-snippet:-1","max-image-preview":"max-image-preview:large","max-video-preview":"max-video-preview:-1"},"canonical":"https:\/\/fuentesfidedignas.com.mx\/index.php\/2021\/06\/01\/ya-hay-detenidos-por-el-asesinato-de-candidata-en-guanajuato-amlo\/","og_locale":"es_MX","og_type":"article","og_title":"Ya hay detenidos por el asesinato de candidata en Guanajuato: AMLO - Fuentes Fidedignas","og_description":"El presidente indic\u00f3 que ya hay detenidos por el asesinato de Alma Rosa Barrag\u00e1n, candidata a alcaldesa de Morole\u00f3n, Guanajuato. Ciudad de M\u00e9xico.- El presidente Andr\u00e9s Manuel L\u00f3pez Obrador, inform\u00f3 que ayer fueron detenidos los presuntos culpables del asesinato de la candidata a la presidencia municipal de Morole\u00f3n, Guanajuato, Alma Rosa Barrag\u00e1n. En la conferencia [&hellip;]","og_url":"https:\/\/fuentesfidedignas.com.mx\/index.php\/2021\/06\/01\/ya-hay-detenidos-por-el-asesinato-de-candidata-en-guanajuato-amlo\/","og_site_name":"Fuentes Fidedignas","article_publisher":"https:\/\/www.facebook.com\/Fuentes-Fidedignas-368234489921644","article_published_time":"2021-06-01T14:19:02+00:00","article_modified_time":"2021-06-01T14:19:05+00:00","og_image":[{"width":640,"height":360,"url":"https:\/\/fuentesfidedignas.com.mx\/wp-content\/uploads\/2021\/06\/violencia-inseguridad-homicidios-1-640x360-1.jpg","type":"image\/jpeg"}],"author":"Forbes","twitter_card":"summary_large_image","twitter_creator":"@fidedignas","twitter_site":"@fidedignas","twitter_misc":{"Escrito por":"Forbes","Tiempo de lectura":"2 minutos"},"schema":{"@context":"https:\/\/schema.org","@graph":[{"@type":"Article","@id":"https:\/\/fuentesfidedignas.com.mx\/index.php\/2021\/06\/01\/ya-hay-detenidos-por-el-asesinato-de-candidata-en-guanajuato-amlo\/#article","isPartOf":{"@id":"https:\/\/fuentesfidedignas.com.mx\/index.php\/2021\/06\/01\/ya-hay-detenidos-por-el-asesinato-de-candidata-en-guanajuato-amlo\/"},"author":{"name":"Forbes","@id":"https:\/\/fuentesfidedignas.com.mx\/#\/schema\/person\/5623d53fe2e579d825b1679734abcc44"},"headline":"Ya hay detenidos por el asesinato de candidata en Guanajuato: AMLO","datePublished":"2021-06-01T14:19:02+00:00","dateModified":"2021-06-01T14:19:05+00:00","mainEntityOfPage":{"@id":"https:\/\/fuentesfidedignas.com.mx\/index.php\/2021\/06\/01\/ya-hay-detenidos-por-el-asesinato-de-candidata-en-guanajuato-amlo\/"},"wordCount":312,"commentCount":0,"publisher":{"@id":"https:\/\/fuentesfidedignas.com.mx\/#organization"},"image":{"@id":"https:\/\/fuentesfidedignas.com.mx\/index.php\/2021\/06\/01\/ya-hay-detenidos-por-el-asesinato-de-candidata-en-guanajuato-amlo\/#primaryimage"},"thumbnailUrl":"https:\/\/fuentesfidedignas.com.mx\/wp-content\/uploads\/2021\/06\/violencia-inseguridad-homicidios-1-640x360-1.jpg","keywords":["AMLO","Andr\u00e9s Manuel L\u00f3pez Obrador","Guanajuato","Violencia electoral"],"articleSection":["NOTICIAS NACIONALES"],"inLanguage":"es","potentialAction":[{"@type":"CommentAction","name":"Comment","target":["https:\/\/fuentesfidedignas.com.mx\/index.php\/2021\/06\/01\/ya-hay-detenidos-por-el-asesinato-de-candidata-en-guanajuato-amlo\/#respond"]}]},{"@type":"WebPage","@id":"https:\/\/fuentesfidedignas.com.mx\/index.php\/2021\/06\/01\/ya-hay-detenidos-por-el-asesinato-de-candidata-en-guanajuato-amlo\/","url":"https:\/\/fuentesfidedignas.com.mx\/index.php\/2021\/06\/01\/ya-hay-detenidos-por-el-asesinato-de-candidata-en-guanajuato-amlo\/","name":"Ya hay detenidos por el asesinato de candidata en Guanajuato: AMLO - Fuentes Fidedignas","isPartOf":{"@id":"https:\/\/fuentesfidedignas.com.mx\/#website"},"primaryImageOfPage":{"@id":"https:\/\/fuentesfidedignas.com.mx\/index.php\/2021\/06\/01\/ya-hay-detenidos-por-el-asesinato-de-candidata-en-guanajuato-amlo\/#primaryimage"},"image":{"@id":"https:\/\/fuentesfidedignas.com.mx\/index.php\/2021\/06\/01\/ya-hay-detenidos-por-el-asesinato-de-candidata-en-guanajuato-amlo\/#primaryimage"},"thumbnailUrl":"https:\/\/fuentesfidedignas.com.mx\/wp-content\/uploads\/2021\/06\/violencia-inseguridad-homicidios-1-640x360-1.jpg","datePublished":"2021-06-01T14:19:02+00:00","dateModified":"2021-06-01T14:19:05+00:00","breadcrumb":{"@id":"https:\/\/fuentesfidedignas.com.mx\/index.php\/2021\/06\/01\/ya-hay-detenidos-por-el-asesinato-de-candidata-en-guanajuato-amlo\/#breadcrumb"},"inLanguage":"es","potentialAction":[{"@type":"ReadAction","target":["https:\/\/fuentesfidedignas.com.mx\/index.php\/2021\/06\/01\/ya-hay-detenidos-por-el-asesinato-de-candidata-en-guanajuato-amlo\/"]}]},{"@type":"ImageObject","inLanguage":"es","@id":"https:\/\/fuentesfidedignas.com.mx\/index.php\/2021\/06\/01\/ya-hay-detenidos-por-el-asesinato-de-candidata-en-guanajuato-amlo\/#primaryimage","url":"https:\/\/fuentesfidedignas.com.mx\/wp-content\/uploads\/2021\/06\/violencia-inseguridad-homicidios-1-640x360-1.jpg","contentUrl":"https:\/\/fuentesfidedignas.com.mx\/wp-content\/uploads\/2021\/06\/violencia-inseguridad-homicidios-1-640x360-1.jpg","width":640,"height":360},{"@type":"BreadcrumbList","@id":"https:\/\/fuentesfidedignas.com.mx\/index.php\/2021\/06\/01\/ya-hay-detenidos-por-el-asesinato-de-candidata-en-guanajuato-amlo\/#breadcrumb","itemListElement":[{"@type":"ListItem","position":1,"name":"Inicio","item":"https:\/\/fuentesfidedignas.com.mx\/"},{"@type":"ListItem","position":2,"name":"Ya hay detenidos por el asesinato de candidata en Guanajuato: AMLO"}]},{"@type":"WebSite","@id":"https:\/\/fuentesfidedignas.com.mx\/#website","url":"https:\/\/fuentesfidedignas.com.mx\/","name":"Fuentes Fidedignas","description":"Otro sitio realizado con WordPress","publisher":{"@id":"https:\/\/fuentesfidedignas.com.mx\/#organization"},"potentialAction":[{"@type":"SearchAction","target":{"@type":"EntryPoint","urlTemplate":"https:\/\/fuentesfidedignas.com.mx\/?s={search_term_string}"},"query-input":{"@type":"PropertyValueSpecification","valueRequired":true,"valueName":"search_term_string"}}],"inLanguage":"es"},{"@type":"Organization","@id":"https:\/\/fuentesfidedignas.com.mx\/#organization","name":"Fuentes Fidedignas","url":"https:\/\/fuentesfidedignas.com.mx\/","logo":{"@type":"ImageObject","inLanguage":"es","@id":"https:\/\/fuentesfidedignas.com.mx\/#\/schema\/logo\/image\/","url":"https:\/\/fuentesfidedignas.com.mx\/wp-content\/uploads\/2021\/04\/logo-retina.png","contentUrl":"https:\/\/fuentesfidedignas.com.mx\/wp-content\/uploads\/2021\/04\/logo-retina.png","width":280,"height":51,"caption":"Fuentes Fidedignas"},"image":{"@id":"https:\/\/fuentesfidedignas.com.mx\/#\/schema\/logo\/image\/"},"sameAs":["https:\/\/www.facebook.com\/Fuentes-Fidedignas-368234489921644","https:\/\/x.com\/fidedignas"]},{"@type":"Person","@id":"https:\/\/fuentesfidedignas.com.mx\/#\/schema\/person\/5623d53fe2e579d825b1679734abcc44","name":"Forbes","image":{"@type":"ImageObject","inLanguage":"es","@id":"https:\/\/secure.gravatar.com\/avatar\/87ce3dd4e41e60c22a79c758614f01a6bc2469255fc936ec7b15efb9bb5cb66f?s=96&d=mm&r=g","url":"https:\/\/secure.gravatar.com\/avatar\/87ce3dd4e41e60c22a79c758614f01a6bc2469255fc936ec7b15efb9bb5cb66f?s=96&d=mm&r=g","contentUrl":"https:\/\/secure.gravatar.com\/avatar\/87ce3dd4e41e60c22a79c758614f01a6bc2469255fc936ec7b15efb9bb5cb66f?s=96&d=mm&r=g","caption":"Forbes"},"url":"https:\/\/fuentesfidedignas.com.mx\/index.php\/author\/forbes\/"}]}},"_links":{"self":[{"href":"https:\/\/fuentesfidedignas.com.mx\/index.php\/wp-json\/wp\/v2\/posts\/3709","targetHints":{"allow":["GET"]}}],"collection":[{"href":"https:\/\/fuentesfidedignas.com.mx\/index.php\/wp-json\/wp\/v2\/posts"}],"about":[{"href":"https:\/\/fuentesfidedignas.com.mx\/index.php\/wp-json\/wp\/v2\/types\/post"}],"author":[{"embeddable":true,"href":"https:\/\/fuentesfidedignas.com.mx\/index.php\/wp-json\/wp\/v2\/users\/5"}],"replies":[{"embeddable":true,"href":"https:\/\/fuentesfidedignas.com.mx\/index.php\/wp-json\/wp\/v2\/comments?post=3709"}],"version-history":[{"count":1,"href":"https:\/\/fuentesfidedignas.com.mx\/index.php\/wp-json\/wp\/v2\/posts\/3709\/revisions"}],"predecessor-version":[{"id":3711,"href":"https:\/\/fuentesfidedignas.com.mx\/index.php\/wp-json\/wp\/v2\/posts\/3709\/revisions\/3711"}],"wp:featuredmedia":[{"embeddable":true,"href":"https:\/\/fuentesfidedignas.com.mx\/index.php\/wp-json\/wp\/v2\/media\/3710"}],"wp:attachment":[{"href":"https:\/\/fuentesfidedignas.com.mx\/index.php\/wp-json\/wp\/v2\/media?parent=3709"}],"wp:term":[{"taxonomy":"category","embeddable":true,"href":"https:\/\/fuentesfidedignas.com.mx\/index.php\/wp-json\/wp\/v2\/categories?post=3709"},{"taxonomy":"post_tag","embeddable":true,"href":"https:\/\/fuentesfidedignas.com.mx\/index.php\/wp-json\/wp\/v2\/tags?post=3709"}],"curies":[{"name":"wp","href":"https:\/\/api.w.org\/{rel}","templated":true}]}}