{"id":36814,"date":"2022-07-09T10:31:00","date_gmt":"2022-07-09T16:31:00","guid":{"rendered":"https:\/\/fuentesfidedignas.com.mx\/?p=36814"},"modified":"2022-07-09T12:32:38","modified_gmt":"2022-07-09T18:32:38","slug":"se-activan-todos-los-protocolos-en-ahome-tras-tormenta-electrica","status":"publish","type":"post","link":"https:\/\/fuentesfidedignas.com.mx\/index.php\/2022\/07\/09\/se-activan-todos-los-protocolos-en-ahome-tras-tormenta-electrica\/","title":{"rendered":"Se activan todos los protocolos en Ahome tras tormenta el\u00e9ctrica"},"content":{"rendered":"\n<p><strong><em>El alcalde Gerardo Vargas Landeros inform\u00f3 que durante la noche y madrugada se realizaron trabajos para atender las afectaciones que dej\u00f3 dicho fen\u00f3meno natural<\/em><\/strong><\/p>\n\n\n\n<p>Ahome, Sin.- Luego de la fuerte tormenta registrada durante los \u00faltimos minutos de este viernes, el Gobierno Municipal que encabeza el alcalde, <strong>Gerardo Vargas Landeros<\/strong> implement\u00f3 todos protocolos para atender las afectaciones de dicho fen\u00f3meno natural.<\/p>\n\n\n\n<figure class=\"wp-block-gallery has-nested-images columns-default is-cropped wp-block-gallery-1 is-layout-flex wp-block-gallery-is-layout-flex\">\n<figure class=\"wp-block-image size-large\"><img decoding=\"async\" width=\"1024\" height=\"576\" data-id=\"36815\" src=\"https:\/\/fuentesfidedignas.com.mx\/wp-content\/uploads\/2022\/07\/IMG-20220709-WA0030-1024x576.jpg\" alt=\"\" class=\"wp-image-36815\" srcset=\"https:\/\/fuentesfidedignas.com.mx\/wp-content\/uploads\/2022\/07\/IMG-20220709-WA0030-1024x576.jpg 1024w, https:\/\/fuentesfidedignas.com.mx\/wp-content\/uploads\/2022\/07\/IMG-20220709-WA0030-300x169.jpg 300w, https:\/\/fuentesfidedignas.com.mx\/wp-content\/uploads\/2022\/07\/IMG-20220709-WA0030-768x432.jpg 768w, https:\/\/fuentesfidedignas.com.mx\/wp-content\/uploads\/2022\/07\/IMG-20220709-WA0030.jpg 1280w\" sizes=\"(max-width: 1024px) 100vw, 1024px\" \/><\/figure>\n<\/figure>\n\n\n\n<p>El Presidente Municipal de Ahome dio a conocer que todo el gabinete operativo realiz\u00f3 recorridos de supervisi\u00f3n, principalmente en las zonas que suelen presentar mayores afectaciones, adem\u00e1s de verificar que todos los c\u00e1rcamos funcionaran.<\/p>\n\n\n\n<p><em>\u201cTuvimos poca agua, pero demasiados vientos, tuvimos muchos \u00e1rboles ca\u00eddos por lo que desde la madrugada se est\u00e1 haciendo la limpieza de la ciudad. La Direcci\u00f3n de Servicios P\u00fablicos Municipales coordinaci\u00f3n con la Secretar\u00eda de Seguridad P\u00fablica, est\u00e1n efectuando el trabajo, por lo que hay que decirlo, mi reconocimiento a los polic\u00edas\u201d.<\/em><\/p>\n\n\n\n<figure class=\"wp-block-image size-large\"><img decoding=\"async\" width=\"1024\" height=\"826\" src=\"https:\/\/fuentesfidedignas.com.mx\/wp-content\/uploads\/2022\/07\/IMG-20220709-WA0029-1024x826.jpg\" alt=\"\" class=\"wp-image-36816\" srcset=\"https:\/\/fuentesfidedignas.com.mx\/wp-content\/uploads\/2022\/07\/IMG-20220709-WA0029-1024x826.jpg 1024w, https:\/\/fuentesfidedignas.com.mx\/wp-content\/uploads\/2022\/07\/IMG-20220709-WA0029-300x242.jpg 300w, https:\/\/fuentesfidedignas.com.mx\/wp-content\/uploads\/2022\/07\/IMG-20220709-WA0029-768x619.jpg 768w, https:\/\/fuentesfidedignas.com.mx\/wp-content\/uploads\/2022\/07\/IMG-20220709-WA0029.jpg 1037w\" sizes=\"(max-width: 1024px) 100vw, 1024px\" \/><\/figure>\n\n\n\n<p>Gerardo Vargas Landeros detall\u00f3 que debido a los fuertes vientos se presentaron fallas en el servicio de energ\u00eda el\u00e9ctrica, por lo que la planta &#8216;Jos\u00e9 Hern\u00e1ndez Ter\u00e1n&#8217; qued\u00f3 fuera de operaci\u00f3n, pero se espera que en las pr\u00f3ximas horas vuelva a funcionar.<\/p>\n\n\n\n<p>El Alcalde de <strong>Ahome<\/strong> dijo que durante la madrugada tuvo acercamiento con algunos vecinos de los sectores que visit\u00f3, ya que se buscaba como apoyar a la poblaci\u00f3n.<\/p>\n\n\n\n<p>Agreg\u00f3 que en el transcurso de la ma\u00f1ana se ha logrado restablecer el servicio de energ\u00eda el\u00e9ctrica y agua en diversos sectores.<\/p>\n","protected":false},"excerpt":{"rendered":"<p>El alcalde Gerardo Vargas Landeros inform\u00f3 que durante la noche y madrugada se realizaron trabajos para atender las afectaciones que dej\u00f3 dicho fen\u00f3meno natural Ahome, Sin.- Luego de la fuerte tormenta registrada durante los \u00faltimos minutos de este viernes, el Gobierno Municipal que encabeza el alcalde, Gerardo Vargas Landeros implement\u00f3 todos protocolos para atender las [&hellip;]<\/p>\n","protected":false},"author":4,"featured_media":36818,"comment_status":"open","ping_status":"open","sticky":false,"template":"","format":"standard","meta":{"tdm_status":"","tdm_grid_status":"","footnotes":""},"categories":[37],"tags":[278,1715,1654,969],"class_list":{"0":"post-36814","1":"post","2":"type-post","3":"status-publish","4":"format-standard","5":"has-post-thumbnail","7":"category-nota-principal","8":"tag-ahome","9":"tag-ayuntamiento-de-ahome","10":"tag-gerardo-vargas-landeros","11":"tag-lluvias"},"yoast_head":"<!-- This site is optimized with the Yoast SEO plugin v27.5 - https:\/\/yoast.com\/product\/yoast-seo-wordpress\/ -->\n<title>Se activan todos los protocolos en Ahome tras tormenta el\u00e9ctrica - Fuentes Fidedignas<\/title>\n<meta name=\"robots\" content=\"index, follow, max-snippet:-1, max-image-preview:large, max-video-preview:-1\" \/>\n<link rel=\"canonical\" href=\"https:\/\/fuentesfidedignas.com.mx\/index.php\/2022\/07\/09\/se-activan-todos-los-protocolos-en-ahome-tras-tormenta-electrica\/\" \/>\n<meta property=\"og:locale\" content=\"es_MX\" \/>\n<meta property=\"og:type\" content=\"article\" \/>\n<meta property=\"og:title\" content=\"Se activan todos los protocolos en Ahome tras tormenta el\u00e9ctrica - Fuentes Fidedignas\" \/>\n<meta property=\"og:description\" content=\"El alcalde Gerardo Vargas Landeros inform\u00f3 que durante la noche y madrugada se realizaron trabajos para atender las afectaciones que dej\u00f3 dicho fen\u00f3meno natural Ahome, Sin.- Luego de la fuerte tormenta registrada durante los \u00faltimos minutos de este viernes, el Gobierno Municipal que encabeza el alcalde, Gerardo Vargas Landeros implement\u00f3 todos protocolos para atender las [&hellip;]\" \/>\n<meta property=\"og:url\" content=\"https:\/\/fuentesfidedignas.com.mx\/index.php\/2022\/07\/09\/se-activan-todos-los-protocolos-en-ahome-tras-tormenta-electrica\/\" \/>\n<meta property=\"og:site_name\" content=\"Fuentes Fidedignas\" \/>\n<meta property=\"article:publisher\" content=\"https:\/\/www.facebook.com\/Fuentes-Fidedignas-368234489921644\" \/>\n<meta property=\"article:published_time\" content=\"2022-07-09T16:31:00+00:00\" \/>\n<meta property=\"article:modified_time\" content=\"2022-07-09T18:32:38+00:00\" \/>\n<meta property=\"og:image\" content=\"https:\/\/fuentesfidedignas.com.mx\/wp-content\/uploads\/2022\/07\/IMG-20220709-WA0028.jpg\" \/>\n\t<meta property=\"og:image:width\" content=\"1280\" \/>\n\t<meta property=\"og:image:height\" content=\"960\" \/>\n\t<meta property=\"og:image:type\" content=\"image\/jpeg\" \/>\n<meta name=\"author\" content=\"Redacci\u00f3n\" \/>\n<meta name=\"twitter:card\" content=\"summary_large_image\" \/>\n<meta name=\"twitter:creator\" content=\"@fidedignas\" \/>\n<meta name=\"twitter:site\" content=\"@fidedignas\" \/>\n<meta name=\"twitter:label1\" content=\"Escrito por\" \/>\n\t<meta name=\"twitter:data1\" content=\"Redacci\u00f3n\" \/>\n\t<meta name=\"twitter:label2\" content=\"Tiempo de lectura\" \/>\n\t<meta name=\"twitter:data2\" content=\"2 minutos\" \/>\n<script type=\"application\/ld+json\" class=\"yoast-schema-graph\">{\"@context\":\"https:\\\/\\\/schema.org\",\"@graph\":[{\"@type\":\"Article\",\"@id\":\"https:\\\/\\\/fuentesfidedignas.com.mx\\\/index.php\\\/2022\\\/07\\\/09\\\/se-activan-todos-los-protocolos-en-ahome-tras-tormenta-electrica\\\/#article\",\"isPartOf\":{\"@id\":\"https:\\\/\\\/fuentesfidedignas.com.mx\\\/index.php\\\/2022\\\/07\\\/09\\\/se-activan-todos-los-protocolos-en-ahome-tras-tormenta-electrica\\\/\"},\"author\":{\"name\":\"Redacci\u00f3n\",\"@id\":\"https:\\\/\\\/fuentesfidedignas.com.mx\\\/#\\\/schema\\\/person\\\/331be9283d37198e2acd5750279085b0\"},\"headline\":\"Se activan todos los protocolos en Ahome tras tormenta el\u00e9ctrica\",\"datePublished\":\"2022-07-09T16:31:00+00:00\",\"dateModified\":\"2022-07-09T18:32:38+00:00\",\"mainEntityOfPage\":{\"@id\":\"https:\\\/\\\/fuentesfidedignas.com.mx\\\/index.php\\\/2022\\\/07\\\/09\\\/se-activan-todos-los-protocolos-en-ahome-tras-tormenta-electrica\\\/\"},\"wordCount\":273,\"commentCount\":0,\"publisher\":{\"@id\":\"https:\\\/\\\/fuentesfidedignas.com.mx\\\/#organization\"},\"image\":{\"@id\":\"https:\\\/\\\/fuentesfidedignas.com.mx\\\/index.php\\\/2022\\\/07\\\/09\\\/se-activan-todos-los-protocolos-en-ahome-tras-tormenta-electrica\\\/#primaryimage\"},\"thumbnailUrl\":\"https:\\\/\\\/fuentesfidedignas.com.mx\\\/wp-content\\\/uploads\\\/2022\\\/07\\\/IMG-20220709-WA0028.jpg\",\"keywords\":[\"Ahome\",\"Ayuntamiento de Ahome\",\"Gerardo Vargas Landeros\",\"lluvias\"],\"articleSection\":[\"NOTA PRINCIPAL\"],\"inLanguage\":\"es\",\"potentialAction\":[{\"@type\":\"CommentAction\",\"name\":\"Comment\",\"target\":[\"https:\\\/\\\/fuentesfidedignas.com.mx\\\/index.php\\\/2022\\\/07\\\/09\\\/se-activan-todos-los-protocolos-en-ahome-tras-tormenta-electrica\\\/#respond\"]}]},{\"@type\":\"WebPage\",\"@id\":\"https:\\\/\\\/fuentesfidedignas.com.mx\\\/index.php\\\/2022\\\/07\\\/09\\\/se-activan-todos-los-protocolos-en-ahome-tras-tormenta-electrica\\\/\",\"url\":\"https:\\\/\\\/fuentesfidedignas.com.mx\\\/index.php\\\/2022\\\/07\\\/09\\\/se-activan-todos-los-protocolos-en-ahome-tras-tormenta-electrica\\\/\",\"name\":\"Se activan todos los protocolos en Ahome tras tormenta el\u00e9ctrica - Fuentes Fidedignas\",\"isPartOf\":{\"@id\":\"https:\\\/\\\/fuentesfidedignas.com.mx\\\/#website\"},\"primaryImageOfPage\":{\"@id\":\"https:\\\/\\\/fuentesfidedignas.com.mx\\\/index.php\\\/2022\\\/07\\\/09\\\/se-activan-todos-los-protocolos-en-ahome-tras-tormenta-electrica\\\/#primaryimage\"},\"image\":{\"@id\":\"https:\\\/\\\/fuentesfidedignas.com.mx\\\/index.php\\\/2022\\\/07\\\/09\\\/se-activan-todos-los-protocolos-en-ahome-tras-tormenta-electrica\\\/#primaryimage\"},\"thumbnailUrl\":\"https:\\\/\\\/fuentesfidedignas.com.mx\\\/wp-content\\\/uploads\\\/2022\\\/07\\\/IMG-20220709-WA0028.jpg\",\"datePublished\":\"2022-07-09T16:31:00+00:00\",\"dateModified\":\"2022-07-09T18:32:38+00:00\",\"breadcrumb\":{\"@id\":\"https:\\\/\\\/fuentesfidedignas.com.mx\\\/index.php\\\/2022\\\/07\\\/09\\\/se-activan-todos-los-protocolos-en-ahome-tras-tormenta-electrica\\\/#breadcrumb\"},\"inLanguage\":\"es\",\"potentialAction\":[{\"@type\":\"ReadAction\",\"target\":[\"https:\\\/\\\/fuentesfidedignas.com.mx\\\/index.php\\\/2022\\\/07\\\/09\\\/se-activan-todos-los-protocolos-en-ahome-tras-tormenta-electrica\\\/\"]}]},{\"@type\":\"ImageObject\",\"inLanguage\":\"es\",\"@id\":\"https:\\\/\\\/fuentesfidedignas.com.mx\\\/index.php\\\/2022\\\/07\\\/09\\\/se-activan-todos-los-protocolos-en-ahome-tras-tormenta-electrica\\\/#primaryimage\",\"url\":\"https:\\\/\\\/fuentesfidedignas.com.mx\\\/wp-content\\\/uploads\\\/2022\\\/07\\\/IMG-20220709-WA0028.jpg\",\"contentUrl\":\"https:\\\/\\\/fuentesfidedignas.com.mx\\\/wp-content\\\/uploads\\\/2022\\\/07\\\/IMG-20220709-WA0028.jpg\",\"width\":1280,\"height\":960},{\"@type\":\"BreadcrumbList\",\"@id\":\"https:\\\/\\\/fuentesfidedignas.com.mx\\\/index.php\\\/2022\\\/07\\\/09\\\/se-activan-todos-los-protocolos-en-ahome-tras-tormenta-electrica\\\/#breadcrumb\",\"itemListElement\":[{\"@type\":\"ListItem\",\"position\":1,\"name\":\"Inicio\",\"item\":\"https:\\\/\\\/fuentesfidedignas.com.mx\\\/\"},{\"@type\":\"ListItem\",\"position\":2,\"name\":\"Se activan todos los protocolos en Ahome tras tormenta el\u00e9ctrica\"}]},{\"@type\":\"WebSite\",\"@id\":\"https:\\\/\\\/fuentesfidedignas.com.mx\\\/#website\",\"url\":\"https:\\\/\\\/fuentesfidedignas.com.mx\\\/\",\"name\":\"Fuentes Fidedignas\",\"description\":\"Otro sitio realizado con WordPress\",\"publisher\":{\"@id\":\"https:\\\/\\\/fuentesfidedignas.com.mx\\\/#organization\"},\"potentialAction\":[{\"@type\":\"SearchAction\",\"target\":{\"@type\":\"EntryPoint\",\"urlTemplate\":\"https:\\\/\\\/fuentesfidedignas.com.mx\\\/?s={search_term_string}\"},\"query-input\":{\"@type\":\"PropertyValueSpecification\",\"valueRequired\":true,\"valueName\":\"search_term_string\"}}],\"inLanguage\":\"es\"},{\"@type\":\"Organization\",\"@id\":\"https:\\\/\\\/fuentesfidedignas.com.mx\\\/#organization\",\"name\":\"Fuentes Fidedignas\",\"url\":\"https:\\\/\\\/fuentesfidedignas.com.mx\\\/\",\"logo\":{\"@type\":\"ImageObject\",\"inLanguage\":\"es\",\"@id\":\"https:\\\/\\\/fuentesfidedignas.com.mx\\\/#\\\/schema\\\/logo\\\/image\\\/\",\"url\":\"https:\\\/\\\/fuentesfidedignas.com.mx\\\/wp-content\\\/uploads\\\/2021\\\/04\\\/logo-retina.png\",\"contentUrl\":\"https:\\\/\\\/fuentesfidedignas.com.mx\\\/wp-content\\\/uploads\\\/2021\\\/04\\\/logo-retina.png\",\"width\":280,\"height\":51,\"caption\":\"Fuentes Fidedignas\"},\"image\":{\"@id\":\"https:\\\/\\\/fuentesfidedignas.com.mx\\\/#\\\/schema\\\/logo\\\/image\\\/\"},\"sameAs\":[\"https:\\\/\\\/www.facebook.com\\\/Fuentes-Fidedignas-368234489921644\",\"https:\\\/\\\/x.com\\\/fidedignas\"]},{\"@type\":\"Person\",\"@id\":\"https:\\\/\\\/fuentesfidedignas.com.mx\\\/#\\\/schema\\\/person\\\/331be9283d37198e2acd5750279085b0\",\"name\":\"Redacci\u00f3n\",\"image\":{\"@type\":\"ImageObject\",\"inLanguage\":\"es\",\"@id\":\"https:\\\/\\\/secure.gravatar.com\\\/avatar\\\/f6d8782c11d12b2d4ad3fbb6931aeab5309937a4d6cd2fc9cfaa28a6396a5aec?s=96&d=mm&r=g\",\"url\":\"https:\\\/\\\/secure.gravatar.com\\\/avatar\\\/f6d8782c11d12b2d4ad3fbb6931aeab5309937a4d6cd2fc9cfaa28a6396a5aec?s=96&d=mm&r=g\",\"contentUrl\":\"https:\\\/\\\/secure.gravatar.com\\\/avatar\\\/f6d8782c11d12b2d4ad3fbb6931aeab5309937a4d6cd2fc9cfaa28a6396a5aec?s=96&d=mm&r=g\",\"caption\":\"Redacci\u00f3n\"},\"url\":\"https:\\\/\\\/fuentesfidedignas.com.mx\\\/index.php\\\/author\\\/redaccion\\\/\"}]}<\/script>\n<!-- \/ Yoast SEO plugin. -->","yoast_head_json":{"title":"Se activan todos los protocolos en Ahome tras tormenta el\u00e9ctrica - Fuentes Fidedignas","robots":{"index":"index","follow":"follow","max-snippet":"max-snippet:-1","max-image-preview":"max-image-preview:large","max-video-preview":"max-video-preview:-1"},"canonical":"https:\/\/fuentesfidedignas.com.mx\/index.php\/2022\/07\/09\/se-activan-todos-los-protocolos-en-ahome-tras-tormenta-electrica\/","og_locale":"es_MX","og_type":"article","og_title":"Se activan todos los protocolos en Ahome tras tormenta el\u00e9ctrica - Fuentes Fidedignas","og_description":"El alcalde Gerardo Vargas Landeros inform\u00f3 que durante la noche y madrugada se realizaron trabajos para atender las afectaciones que dej\u00f3 dicho fen\u00f3meno natural Ahome, Sin.- Luego de la fuerte tormenta registrada durante los \u00faltimos minutos de este viernes, el Gobierno Municipal que encabeza el alcalde, Gerardo Vargas Landeros implement\u00f3 todos protocolos para atender las [&hellip;]","og_url":"https:\/\/fuentesfidedignas.com.mx\/index.php\/2022\/07\/09\/se-activan-todos-los-protocolos-en-ahome-tras-tormenta-electrica\/","og_site_name":"Fuentes Fidedignas","article_publisher":"https:\/\/www.facebook.com\/Fuentes-Fidedignas-368234489921644","article_published_time":"2022-07-09T16:31:00+00:00","article_modified_time":"2022-07-09T18:32:38+00:00","og_image":[{"width":1280,"height":960,"url":"https:\/\/fuentesfidedignas.com.mx\/wp-content\/uploads\/2022\/07\/IMG-20220709-WA0028.jpg","type":"image\/jpeg"}],"author":"Redacci\u00f3n","twitter_card":"summary_large_image","twitter_creator":"@fidedignas","twitter_site":"@fidedignas","twitter_misc":{"Escrito por":"Redacci\u00f3n","Tiempo de lectura":"2 minutos"},"schema":{"@context":"https:\/\/schema.org","@graph":[{"@type":"Article","@id":"https:\/\/fuentesfidedignas.com.mx\/index.php\/2022\/07\/09\/se-activan-todos-los-protocolos-en-ahome-tras-tormenta-electrica\/#article","isPartOf":{"@id":"https:\/\/fuentesfidedignas.com.mx\/index.php\/2022\/07\/09\/se-activan-todos-los-protocolos-en-ahome-tras-tormenta-electrica\/"},"author":{"name":"Redacci\u00f3n","@id":"https:\/\/fuentesfidedignas.com.mx\/#\/schema\/person\/331be9283d37198e2acd5750279085b0"},"headline":"Se activan todos los protocolos en Ahome tras tormenta el\u00e9ctrica","datePublished":"2022-07-09T16:31:00+00:00","dateModified":"2022-07-09T18:32:38+00:00","mainEntityOfPage":{"@id":"https:\/\/fuentesfidedignas.com.mx\/index.php\/2022\/07\/09\/se-activan-todos-los-protocolos-en-ahome-tras-tormenta-electrica\/"},"wordCount":273,"commentCount":0,"publisher":{"@id":"https:\/\/fuentesfidedignas.com.mx\/#organization"},"image":{"@id":"https:\/\/fuentesfidedignas.com.mx\/index.php\/2022\/07\/09\/se-activan-todos-los-protocolos-en-ahome-tras-tormenta-electrica\/#primaryimage"},"thumbnailUrl":"https:\/\/fuentesfidedignas.com.mx\/wp-content\/uploads\/2022\/07\/IMG-20220709-WA0028.jpg","keywords":["Ahome","Ayuntamiento de Ahome","Gerardo Vargas Landeros","lluvias"],"articleSection":["NOTA PRINCIPAL"],"inLanguage":"es","potentialAction":[{"@type":"CommentAction","name":"Comment","target":["https:\/\/fuentesfidedignas.com.mx\/index.php\/2022\/07\/09\/se-activan-todos-los-protocolos-en-ahome-tras-tormenta-electrica\/#respond"]}]},{"@type":"WebPage","@id":"https:\/\/fuentesfidedignas.com.mx\/index.php\/2022\/07\/09\/se-activan-todos-los-protocolos-en-ahome-tras-tormenta-electrica\/","url":"https:\/\/fuentesfidedignas.com.mx\/index.php\/2022\/07\/09\/se-activan-todos-los-protocolos-en-ahome-tras-tormenta-electrica\/","name":"Se activan todos los protocolos en Ahome tras tormenta el\u00e9ctrica - Fuentes Fidedignas","isPartOf":{"@id":"https:\/\/fuentesfidedignas.com.mx\/#website"},"primaryImageOfPage":{"@id":"https:\/\/fuentesfidedignas.com.mx\/index.php\/2022\/07\/09\/se-activan-todos-los-protocolos-en-ahome-tras-tormenta-electrica\/#primaryimage"},"image":{"@id":"https:\/\/fuentesfidedignas.com.mx\/index.php\/2022\/07\/09\/se-activan-todos-los-protocolos-en-ahome-tras-tormenta-electrica\/#primaryimage"},"thumbnailUrl":"https:\/\/fuentesfidedignas.com.mx\/wp-content\/uploads\/2022\/07\/IMG-20220709-WA0028.jpg","datePublished":"2022-07-09T16:31:00+00:00","dateModified":"2022-07-09T18:32:38+00:00","breadcrumb":{"@id":"https:\/\/fuentesfidedignas.com.mx\/index.php\/2022\/07\/09\/se-activan-todos-los-protocolos-en-ahome-tras-tormenta-electrica\/#breadcrumb"},"inLanguage":"es","potentialAction":[{"@type":"ReadAction","target":["https:\/\/fuentesfidedignas.com.mx\/index.php\/2022\/07\/09\/se-activan-todos-los-protocolos-en-ahome-tras-tormenta-electrica\/"]}]},{"@type":"ImageObject","inLanguage":"es","@id":"https:\/\/fuentesfidedignas.com.mx\/index.php\/2022\/07\/09\/se-activan-todos-los-protocolos-en-ahome-tras-tormenta-electrica\/#primaryimage","url":"https:\/\/fuentesfidedignas.com.mx\/wp-content\/uploads\/2022\/07\/IMG-20220709-WA0028.jpg","contentUrl":"https:\/\/fuentesfidedignas.com.mx\/wp-content\/uploads\/2022\/07\/IMG-20220709-WA0028.jpg","width":1280,"height":960},{"@type":"BreadcrumbList","@id":"https:\/\/fuentesfidedignas.com.mx\/index.php\/2022\/07\/09\/se-activan-todos-los-protocolos-en-ahome-tras-tormenta-electrica\/#breadcrumb","itemListElement":[{"@type":"ListItem","position":1,"name":"Inicio","item":"https:\/\/fuentesfidedignas.com.mx\/"},{"@type":"ListItem","position":2,"name":"Se activan todos los protocolos en Ahome tras tormenta el\u00e9ctrica"}]},{"@type":"WebSite","@id":"https:\/\/fuentesfidedignas.com.mx\/#website","url":"https:\/\/fuentesfidedignas.com.mx\/","name":"Fuentes Fidedignas","description":"Otro sitio realizado con WordPress","publisher":{"@id":"https:\/\/fuentesfidedignas.com.mx\/#organization"},"potentialAction":[{"@type":"SearchAction","target":{"@type":"EntryPoint","urlTemplate":"https:\/\/fuentesfidedignas.com.mx\/?s={search_term_string}"},"query-input":{"@type":"PropertyValueSpecification","valueRequired":true,"valueName":"search_term_string"}}],"inLanguage":"es"},{"@type":"Organization","@id":"https:\/\/fuentesfidedignas.com.mx\/#organization","name":"Fuentes Fidedignas","url":"https:\/\/fuentesfidedignas.com.mx\/","logo":{"@type":"ImageObject","inLanguage":"es","@id":"https:\/\/fuentesfidedignas.com.mx\/#\/schema\/logo\/image\/","url":"https:\/\/fuentesfidedignas.com.mx\/wp-content\/uploads\/2021\/04\/logo-retina.png","contentUrl":"https:\/\/fuentesfidedignas.com.mx\/wp-content\/uploads\/2021\/04\/logo-retina.png","width":280,"height":51,"caption":"Fuentes Fidedignas"},"image":{"@id":"https:\/\/fuentesfidedignas.com.mx\/#\/schema\/logo\/image\/"},"sameAs":["https:\/\/www.facebook.com\/Fuentes-Fidedignas-368234489921644","https:\/\/x.com\/fidedignas"]},{"@type":"Person","@id":"https:\/\/fuentesfidedignas.com.mx\/#\/schema\/person\/331be9283d37198e2acd5750279085b0","name":"Redacci\u00f3n","image":{"@type":"ImageObject","inLanguage":"es","@id":"https:\/\/secure.gravatar.com\/avatar\/f6d8782c11d12b2d4ad3fbb6931aeab5309937a4d6cd2fc9cfaa28a6396a5aec?s=96&d=mm&r=g","url":"https:\/\/secure.gravatar.com\/avatar\/f6d8782c11d12b2d4ad3fbb6931aeab5309937a4d6cd2fc9cfaa28a6396a5aec?s=96&d=mm&r=g","contentUrl":"https:\/\/secure.gravatar.com\/avatar\/f6d8782c11d12b2d4ad3fbb6931aeab5309937a4d6cd2fc9cfaa28a6396a5aec?s=96&d=mm&r=g","caption":"Redacci\u00f3n"},"url":"https:\/\/fuentesfidedignas.com.mx\/index.php\/author\/redaccion\/"}]}},"_links":{"self":[{"href":"https:\/\/fuentesfidedignas.com.mx\/index.php\/wp-json\/wp\/v2\/posts\/36814","targetHints":{"allow":["GET"]}}],"collection":[{"href":"https:\/\/fuentesfidedignas.com.mx\/index.php\/wp-json\/wp\/v2\/posts"}],"about":[{"href":"https:\/\/fuentesfidedignas.com.mx\/index.php\/wp-json\/wp\/v2\/types\/post"}],"author":[{"embeddable":true,"href":"https:\/\/fuentesfidedignas.com.mx\/index.php\/wp-json\/wp\/v2\/users\/4"}],"replies":[{"embeddable":true,"href":"https:\/\/fuentesfidedignas.com.mx\/index.php\/wp-json\/wp\/v2\/comments?post=36814"}],"version-history":[{"count":1,"href":"https:\/\/fuentesfidedignas.com.mx\/index.php\/wp-json\/wp\/v2\/posts\/36814\/revisions"}],"predecessor-version":[{"id":36817,"href":"https:\/\/fuentesfidedignas.com.mx\/index.php\/wp-json\/wp\/v2\/posts\/36814\/revisions\/36817"}],"wp:featuredmedia":[{"embeddable":true,"href":"https:\/\/fuentesfidedignas.com.mx\/index.php\/wp-json\/wp\/v2\/media\/36818"}],"wp:attachment":[{"href":"https:\/\/fuentesfidedignas.com.mx\/index.php\/wp-json\/wp\/v2\/media?parent=36814"}],"wp:term":[{"taxonomy":"category","embeddable":true,"href":"https:\/\/fuentesfidedignas.com.mx\/index.php\/wp-json\/wp\/v2\/categories?post=36814"},{"taxonomy":"post_tag","embeddable":true,"href":"https:\/\/fuentesfidedignas.com.mx\/index.php\/wp-json\/wp\/v2\/tags?post=36814"}],"curies":[{"name":"wp","href":"https:\/\/api.w.org\/{rel}","templated":true}]}}