{"id":36799,"date":"2022-07-09T11:41:51","date_gmt":"2022-07-09T17:41:51","guid":{"rendered":"https:\/\/fuentesfidedignas.com.mx\/?p=36799"},"modified":"2022-07-09T11:42:14","modified_gmt":"2022-07-09T17:42:14","slug":"elon-musk-se-echa-para-atras-en-su-acuerdo-para-comprar-twitter","status":"publish","type":"post","link":"https:\/\/fuentesfidedignas.com.mx\/index.php\/2022\/07\/09\/elon-musk-se-echa-para-atras-en-su-acuerdo-para-comprar-twitter\/","title":{"rendered":"Elon Musk se echa para atr\u00e1s en su acuerdo para comprar Twitter"},"content":{"rendered":"\n<p><strong><em>Elon Musk dijo no creer que Twitter haya dado informaci\u00f3n adecuada sobre cu\u00e1ntas cuentas falsas y de spam hay en la plataforma<\/em><\/strong> <\/p>\n\n\n\n<p>Estados Unidos. Elon Musk inform\u00f3 a Twitter este viernes que est\u00e1 \u201crescindiendo\u201d su acuerdo de 44,000 millones de d\u00f3lares (mdd) para comprar la plataforma, seg\u00fan un\u00a0<a href=\"https:\/\/www.sec.gov\/Archives\/edgar\/data\/0001494730\/000110465922078413\/tm2220599d1_ex99-p.htm\" target=\"_blank\" rel=\"noreferrer noopener\">archivo de la Comisi\u00f3n de Bolsa y Valores<\/a>\u00a0(SEC) de Estados Unidos, despu\u00e9s de semanas de especulaciones de que el acuerdo se estaba desmoronando. <\/p>\n\n\n\n<p>Ringler afirm\u00f3 en una carta a Twitter que la compa\u00f1\u00eda est\u00e1 \u201cincumpliendo materialmente m\u00faltiples disposiciones\u201d de su acuerdo con Musk al supuestamente no proporcionar suficiente informaci\u00f3n.<\/p>\n\n\n\n<p><em>\u201cA veces, Twitter ha ignorado las solicitudes del Sr. Musk, a veces las ha rechazado por razones que parecen injustificadas y, a veces, ha afirmado cumplir mientras le da al Sr. Musk informaci\u00f3n incompleta o inutilizable\u201d, dijo Ringer en la carta.<\/em><\/p>\n\n\n\n<p>Ni Musk ni Twitter respondieron de inmediato a las solicitudes de comentarios de Forbes.<\/p>\n\n\n\n<p>El directorio de Twitter hab\u00eda aceptado la oferta no solicitada de Musk de 44 mil mdd para comprar la compa\u00f1\u00eda el 25 de abril, pero Musk puso el trato \u201cen suspenso\u201d el 13 de mayo por preocupaciones sobre cuentas falsas y de spam en la plataforma.<\/p>\n\n\n\n<p>El empresario expres\u00f3 su escepticismo con la afirmaci\u00f3n de Twitter de que esas cuentas representan menos del 5% de los perfiles, y su equipo no estaba satisfecho con los datos que present\u00f3 Twitter para intentar respaldar su afirmaci\u00f3n.<\/p>\n\n\n\n<p>El diario\u00a0<em>The Washington Post\u00a0<\/em>inform\u00f3 ayer jueves que se esperaba que el multimillonario hiciera un cambio importante en su enfoque del acuerdo despu\u00e9s de que su equipo determinara que la afirmaci\u00f3n de Twitter sobre cuentas falsas y de spam no era verificable.<\/p>\n\n\n\n<p>Aun sin haber cerrado el acuerdo de compra, Musk, el hombre m\u00e1s rico del mundo, se dirigi\u00f3 a los empleados de Twitter&nbsp;por primera vez a mediados del mes pasado para avisarles de una \u201cracionalizaci\u00f3n de la plantilla\u201d.<\/p>\n\n\n\n<p>El tambi\u00e9n due\u00f1o de las empresas SpaceX y Tesla asegur\u00f3 que quer\u00eda aumentar el n\u00famero de usuarios de Twitter a al menos 1,000 millones de personas y afirm\u00f3 que la publicidad seguir\u00eda siendo importante para la empresa, seg\u00fan un audio de la reuni\u00f3n escuchado por\u00a0la agencia Reuters.<\/p>\n\n\n\n<p>Aun sin haber cerrado el acuerdo de compra, Musk, el hombre m\u00e1s rico del mundo, se dirigi\u00f3 a los empleados de Twitter por primera vez a mediados del mes pasado para avisarles de una \u201cracionalizaci\u00f3n de la plantilla\u201d.<\/p>\n\n\n\n<p>El tambi\u00e9n due\u00f1o de las empresas SpaceX y Tesla asegur\u00f3 que quer\u00eda aumentar el n\u00famero de usuarios de Twitter a al menos 1,000 millones de personas y afirm\u00f3 que la publicidad seguir\u00eda siendo importante para la empresa, seg\u00fan un audio de la reuni\u00f3n escuchado por la agencia Reuters.<\/p>\n","protected":false},"excerpt":{"rendered":"<p>Elon Musk dijo no creer que Twitter haya dado informaci\u00f3n adecuada sobre cu\u00e1ntas cuentas falsas y de spam hay en la plataforma Estados Unidos. Elon Musk inform\u00f3 a Twitter este viernes que est\u00e1 \u201crescindiendo\u201d su acuerdo de 44,000 millones de d\u00f3lares (mdd) para comprar la plataforma, seg\u00fan un\u00a0archivo de la Comisi\u00f3n de Bolsa y Valores\u00a0(SEC) [&hellip;]<\/p>\n","protected":false},"author":5,"featured_media":36801,"comment_status":"open","ping_status":"open","sticky":false,"template":"","format":"standard","meta":{"tdm_status":"","tdm_grid_status":"","footnotes":""},"categories":[39],"tags":[],"class_list":{"0":"post-36799","1":"post","2":"type-post","3":"status-publish","4":"format-standard","5":"has-post-thumbnail","7":"category-noticias-nacionales"},"yoast_head":"<!-- This site is optimized with the Yoast SEO plugin v27.4 - https:\/\/yoast.com\/product\/yoast-seo-wordpress\/ -->\n<title>Elon Musk se echa para atr\u00e1s en su acuerdo para comprar Twitter - Fuentes Fidedignas<\/title>\n<meta name=\"robots\" content=\"index, follow, max-snippet:-1, max-image-preview:large, max-video-preview:-1\" \/>\n<link rel=\"canonical\" href=\"https:\/\/fuentesfidedignas.com.mx\/index.php\/2022\/07\/09\/elon-musk-se-echa-para-atras-en-su-acuerdo-para-comprar-twitter\/\" \/>\n<meta property=\"og:locale\" content=\"es_MX\" \/>\n<meta property=\"og:type\" content=\"article\" \/>\n<meta property=\"og:title\" content=\"Elon Musk se echa para atr\u00e1s en su acuerdo para comprar Twitter - Fuentes Fidedignas\" \/>\n<meta property=\"og:description\" content=\"Elon Musk dijo no creer que Twitter haya dado informaci\u00f3n adecuada sobre cu\u00e1ntas cuentas falsas y de spam hay en la plataforma Estados Unidos. Elon Musk inform\u00f3 a Twitter este viernes que est\u00e1 \u201crescindiendo\u201d su acuerdo de 44,000 millones de d\u00f3lares (mdd) para comprar la plataforma, seg\u00fan un\u00a0archivo de la Comisi\u00f3n de Bolsa y Valores\u00a0(SEC) [&hellip;]\" \/>\n<meta property=\"og:url\" content=\"https:\/\/fuentesfidedignas.com.mx\/index.php\/2022\/07\/09\/elon-musk-se-echa-para-atras-en-su-acuerdo-para-comprar-twitter\/\" \/>\n<meta property=\"og:site_name\" content=\"Fuentes Fidedignas\" \/>\n<meta property=\"article:publisher\" content=\"https:\/\/www.facebook.com\/Fuentes-Fidedignas-368234489921644\" \/>\n<meta property=\"article:published_time\" content=\"2022-07-09T17:41:51+00:00\" \/>\n<meta property=\"article:modified_time\" content=\"2022-07-09T17:42:14+00:00\" \/>\n<meta property=\"og:image\" content=\"https:\/\/fuentesfidedignas.com.mx\/wp-content\/uploads\/2022\/07\/images-2022-07-09T095227.303.jpeg\" \/>\n\t<meta property=\"og:image:width\" content=\"640\" \/>\n\t<meta property=\"og:image:height\" content=\"360\" \/>\n\t<meta property=\"og:image:type\" content=\"image\/jpeg\" \/>\n<meta name=\"author\" content=\"Forbes\" \/>\n<meta name=\"twitter:card\" content=\"summary_large_image\" \/>\n<meta name=\"twitter:creator\" content=\"@fidedignas\" \/>\n<meta name=\"twitter:site\" content=\"@fidedignas\" \/>\n<meta name=\"twitter:label1\" content=\"Escrito por\" \/>\n\t<meta name=\"twitter:data1\" content=\"Forbes\" \/>\n\t<meta name=\"twitter:label2\" content=\"Tiempo de lectura\" \/>\n\t<meta name=\"twitter:data2\" content=\"3 minutos\" \/>\n<script type=\"application\/ld+json\" class=\"yoast-schema-graph\">{\"@context\":\"https:\\\/\\\/schema.org\",\"@graph\":[{\"@type\":\"Article\",\"@id\":\"https:\\\/\\\/fuentesfidedignas.com.mx\\\/index.php\\\/2022\\\/07\\\/09\\\/elon-musk-se-echa-para-atras-en-su-acuerdo-para-comprar-twitter\\\/#article\",\"isPartOf\":{\"@id\":\"https:\\\/\\\/fuentesfidedignas.com.mx\\\/index.php\\\/2022\\\/07\\\/09\\\/elon-musk-se-echa-para-atras-en-su-acuerdo-para-comprar-twitter\\\/\"},\"author\":{\"name\":\"Forbes\",\"@id\":\"https:\\\/\\\/fuentesfidedignas.com.mx\\\/#\\\/schema\\\/person\\\/5623d53fe2e579d825b1679734abcc44\"},\"headline\":\"Elon Musk se echa para atr\u00e1s en su acuerdo para comprar Twitter\",\"datePublished\":\"2022-07-09T17:41:51+00:00\",\"dateModified\":\"2022-07-09T17:42:14+00:00\",\"mainEntityOfPage\":{\"@id\":\"https:\\\/\\\/fuentesfidedignas.com.mx\\\/index.php\\\/2022\\\/07\\\/09\\\/elon-musk-se-echa-para-atras-en-su-acuerdo-para-comprar-twitter\\\/\"},\"wordCount\":493,\"commentCount\":0,\"publisher\":{\"@id\":\"https:\\\/\\\/fuentesfidedignas.com.mx\\\/#organization\"},\"image\":{\"@id\":\"https:\\\/\\\/fuentesfidedignas.com.mx\\\/index.php\\\/2022\\\/07\\\/09\\\/elon-musk-se-echa-para-atras-en-su-acuerdo-para-comprar-twitter\\\/#primaryimage\"},\"thumbnailUrl\":\"https:\\\/\\\/fuentesfidedignas.com.mx\\\/wp-content\\\/uploads\\\/2022\\\/07\\\/images-2022-07-09T095227.303.jpeg\",\"articleSection\":[\"NOTICIAS NACIONALES\"],\"inLanguage\":\"es\",\"potentialAction\":[{\"@type\":\"CommentAction\",\"name\":\"Comment\",\"target\":[\"https:\\\/\\\/fuentesfidedignas.com.mx\\\/index.php\\\/2022\\\/07\\\/09\\\/elon-musk-se-echa-para-atras-en-su-acuerdo-para-comprar-twitter\\\/#respond\"]}]},{\"@type\":\"WebPage\",\"@id\":\"https:\\\/\\\/fuentesfidedignas.com.mx\\\/index.php\\\/2022\\\/07\\\/09\\\/elon-musk-se-echa-para-atras-en-su-acuerdo-para-comprar-twitter\\\/\",\"url\":\"https:\\\/\\\/fuentesfidedignas.com.mx\\\/index.php\\\/2022\\\/07\\\/09\\\/elon-musk-se-echa-para-atras-en-su-acuerdo-para-comprar-twitter\\\/\",\"name\":\"Elon Musk se echa para atr\u00e1s en su acuerdo para comprar Twitter - Fuentes Fidedignas\",\"isPartOf\":{\"@id\":\"https:\\\/\\\/fuentesfidedignas.com.mx\\\/#website\"},\"primaryImageOfPage\":{\"@id\":\"https:\\\/\\\/fuentesfidedignas.com.mx\\\/index.php\\\/2022\\\/07\\\/09\\\/elon-musk-se-echa-para-atras-en-su-acuerdo-para-comprar-twitter\\\/#primaryimage\"},\"image\":{\"@id\":\"https:\\\/\\\/fuentesfidedignas.com.mx\\\/index.php\\\/2022\\\/07\\\/09\\\/elon-musk-se-echa-para-atras-en-su-acuerdo-para-comprar-twitter\\\/#primaryimage\"},\"thumbnailUrl\":\"https:\\\/\\\/fuentesfidedignas.com.mx\\\/wp-content\\\/uploads\\\/2022\\\/07\\\/images-2022-07-09T095227.303.jpeg\",\"datePublished\":\"2022-07-09T17:41:51+00:00\",\"dateModified\":\"2022-07-09T17:42:14+00:00\",\"breadcrumb\":{\"@id\":\"https:\\\/\\\/fuentesfidedignas.com.mx\\\/index.php\\\/2022\\\/07\\\/09\\\/elon-musk-se-echa-para-atras-en-su-acuerdo-para-comprar-twitter\\\/#breadcrumb\"},\"inLanguage\":\"es\",\"potentialAction\":[{\"@type\":\"ReadAction\",\"target\":[\"https:\\\/\\\/fuentesfidedignas.com.mx\\\/index.php\\\/2022\\\/07\\\/09\\\/elon-musk-se-echa-para-atras-en-su-acuerdo-para-comprar-twitter\\\/\"]}]},{\"@type\":\"ImageObject\",\"inLanguage\":\"es\",\"@id\":\"https:\\\/\\\/fuentesfidedignas.com.mx\\\/index.php\\\/2022\\\/07\\\/09\\\/elon-musk-se-echa-para-atras-en-su-acuerdo-para-comprar-twitter\\\/#primaryimage\",\"url\":\"https:\\\/\\\/fuentesfidedignas.com.mx\\\/wp-content\\\/uploads\\\/2022\\\/07\\\/images-2022-07-09T095227.303.jpeg\",\"contentUrl\":\"https:\\\/\\\/fuentesfidedignas.com.mx\\\/wp-content\\\/uploads\\\/2022\\\/07\\\/images-2022-07-09T095227.303.jpeg\",\"width\":640,\"height\":360},{\"@type\":\"BreadcrumbList\",\"@id\":\"https:\\\/\\\/fuentesfidedignas.com.mx\\\/index.php\\\/2022\\\/07\\\/09\\\/elon-musk-se-echa-para-atras-en-su-acuerdo-para-comprar-twitter\\\/#breadcrumb\",\"itemListElement\":[{\"@type\":\"ListItem\",\"position\":1,\"name\":\"Inicio\",\"item\":\"https:\\\/\\\/fuentesfidedignas.com.mx\\\/\"},{\"@type\":\"ListItem\",\"position\":2,\"name\":\"Elon Musk se echa para atr\u00e1s en su acuerdo para comprar Twitter\"}]},{\"@type\":\"WebSite\",\"@id\":\"https:\\\/\\\/fuentesfidedignas.com.mx\\\/#website\",\"url\":\"https:\\\/\\\/fuentesfidedignas.com.mx\\\/\",\"name\":\"Fuentes Fidedignas\",\"description\":\"Otro sitio realizado con WordPress\",\"publisher\":{\"@id\":\"https:\\\/\\\/fuentesfidedignas.com.mx\\\/#organization\"},\"potentialAction\":[{\"@type\":\"SearchAction\",\"target\":{\"@type\":\"EntryPoint\",\"urlTemplate\":\"https:\\\/\\\/fuentesfidedignas.com.mx\\\/?s={search_term_string}\"},\"query-input\":{\"@type\":\"PropertyValueSpecification\",\"valueRequired\":true,\"valueName\":\"search_term_string\"}}],\"inLanguage\":\"es\"},{\"@type\":\"Organization\",\"@id\":\"https:\\\/\\\/fuentesfidedignas.com.mx\\\/#organization\",\"name\":\"Fuentes Fidedignas\",\"url\":\"https:\\\/\\\/fuentesfidedignas.com.mx\\\/\",\"logo\":{\"@type\":\"ImageObject\",\"inLanguage\":\"es\",\"@id\":\"https:\\\/\\\/fuentesfidedignas.com.mx\\\/#\\\/schema\\\/logo\\\/image\\\/\",\"url\":\"https:\\\/\\\/fuentesfidedignas.com.mx\\\/wp-content\\\/uploads\\\/2021\\\/04\\\/logo-retina.png\",\"contentUrl\":\"https:\\\/\\\/fuentesfidedignas.com.mx\\\/wp-content\\\/uploads\\\/2021\\\/04\\\/logo-retina.png\",\"width\":280,\"height\":51,\"caption\":\"Fuentes Fidedignas\"},\"image\":{\"@id\":\"https:\\\/\\\/fuentesfidedignas.com.mx\\\/#\\\/schema\\\/logo\\\/image\\\/\"},\"sameAs\":[\"https:\\\/\\\/www.facebook.com\\\/Fuentes-Fidedignas-368234489921644\",\"https:\\\/\\\/x.com\\\/fidedignas\"]},{\"@type\":\"Person\",\"@id\":\"https:\\\/\\\/fuentesfidedignas.com.mx\\\/#\\\/schema\\\/person\\\/5623d53fe2e579d825b1679734abcc44\",\"name\":\"Forbes\",\"image\":{\"@type\":\"ImageObject\",\"inLanguage\":\"es\",\"@id\":\"https:\\\/\\\/secure.gravatar.com\\\/avatar\\\/87ce3dd4e41e60c22a79c758614f01a6bc2469255fc936ec7b15efb9bb5cb66f?s=96&d=mm&r=g\",\"url\":\"https:\\\/\\\/secure.gravatar.com\\\/avatar\\\/87ce3dd4e41e60c22a79c758614f01a6bc2469255fc936ec7b15efb9bb5cb66f?s=96&d=mm&r=g\",\"contentUrl\":\"https:\\\/\\\/secure.gravatar.com\\\/avatar\\\/87ce3dd4e41e60c22a79c758614f01a6bc2469255fc936ec7b15efb9bb5cb66f?s=96&d=mm&r=g\",\"caption\":\"Forbes\"},\"url\":\"https:\\\/\\\/fuentesfidedignas.com.mx\\\/index.php\\\/author\\\/forbes\\\/\"}]}<\/script>\n<!-- \/ Yoast SEO plugin. -->","yoast_head_json":{"title":"Elon Musk se echa para atr\u00e1s en su acuerdo para comprar Twitter - Fuentes Fidedignas","robots":{"index":"index","follow":"follow","max-snippet":"max-snippet:-1","max-image-preview":"max-image-preview:large","max-video-preview":"max-video-preview:-1"},"canonical":"https:\/\/fuentesfidedignas.com.mx\/index.php\/2022\/07\/09\/elon-musk-se-echa-para-atras-en-su-acuerdo-para-comprar-twitter\/","og_locale":"es_MX","og_type":"article","og_title":"Elon Musk se echa para atr\u00e1s en su acuerdo para comprar Twitter - Fuentes Fidedignas","og_description":"Elon Musk dijo no creer que Twitter haya dado informaci\u00f3n adecuada sobre cu\u00e1ntas cuentas falsas y de spam hay en la plataforma Estados Unidos. Elon Musk inform\u00f3 a Twitter este viernes que est\u00e1 \u201crescindiendo\u201d su acuerdo de 44,000 millones de d\u00f3lares (mdd) para comprar la plataforma, seg\u00fan un\u00a0archivo de la Comisi\u00f3n de Bolsa y Valores\u00a0(SEC) [&hellip;]","og_url":"https:\/\/fuentesfidedignas.com.mx\/index.php\/2022\/07\/09\/elon-musk-se-echa-para-atras-en-su-acuerdo-para-comprar-twitter\/","og_site_name":"Fuentes Fidedignas","article_publisher":"https:\/\/www.facebook.com\/Fuentes-Fidedignas-368234489921644","article_published_time":"2022-07-09T17:41:51+00:00","article_modified_time":"2022-07-09T17:42:14+00:00","og_image":[{"width":640,"height":360,"url":"https:\/\/fuentesfidedignas.com.mx\/wp-content\/uploads\/2022\/07\/images-2022-07-09T095227.303.jpeg","type":"image\/jpeg"}],"author":"Forbes","twitter_card":"summary_large_image","twitter_creator":"@fidedignas","twitter_site":"@fidedignas","twitter_misc":{"Escrito por":"Forbes","Tiempo de lectura":"3 minutos"},"schema":{"@context":"https:\/\/schema.org","@graph":[{"@type":"Article","@id":"https:\/\/fuentesfidedignas.com.mx\/index.php\/2022\/07\/09\/elon-musk-se-echa-para-atras-en-su-acuerdo-para-comprar-twitter\/#article","isPartOf":{"@id":"https:\/\/fuentesfidedignas.com.mx\/index.php\/2022\/07\/09\/elon-musk-se-echa-para-atras-en-su-acuerdo-para-comprar-twitter\/"},"author":{"name":"Forbes","@id":"https:\/\/fuentesfidedignas.com.mx\/#\/schema\/person\/5623d53fe2e579d825b1679734abcc44"},"headline":"Elon Musk se echa para atr\u00e1s en su acuerdo para comprar Twitter","datePublished":"2022-07-09T17:41:51+00:00","dateModified":"2022-07-09T17:42:14+00:00","mainEntityOfPage":{"@id":"https:\/\/fuentesfidedignas.com.mx\/index.php\/2022\/07\/09\/elon-musk-se-echa-para-atras-en-su-acuerdo-para-comprar-twitter\/"},"wordCount":493,"commentCount":0,"publisher":{"@id":"https:\/\/fuentesfidedignas.com.mx\/#organization"},"image":{"@id":"https:\/\/fuentesfidedignas.com.mx\/index.php\/2022\/07\/09\/elon-musk-se-echa-para-atras-en-su-acuerdo-para-comprar-twitter\/#primaryimage"},"thumbnailUrl":"https:\/\/fuentesfidedignas.com.mx\/wp-content\/uploads\/2022\/07\/images-2022-07-09T095227.303.jpeg","articleSection":["NOTICIAS NACIONALES"],"inLanguage":"es","potentialAction":[{"@type":"CommentAction","name":"Comment","target":["https:\/\/fuentesfidedignas.com.mx\/index.php\/2022\/07\/09\/elon-musk-se-echa-para-atras-en-su-acuerdo-para-comprar-twitter\/#respond"]}]},{"@type":"WebPage","@id":"https:\/\/fuentesfidedignas.com.mx\/index.php\/2022\/07\/09\/elon-musk-se-echa-para-atras-en-su-acuerdo-para-comprar-twitter\/","url":"https:\/\/fuentesfidedignas.com.mx\/index.php\/2022\/07\/09\/elon-musk-se-echa-para-atras-en-su-acuerdo-para-comprar-twitter\/","name":"Elon Musk se echa para atr\u00e1s en su acuerdo para comprar Twitter - Fuentes Fidedignas","isPartOf":{"@id":"https:\/\/fuentesfidedignas.com.mx\/#website"},"primaryImageOfPage":{"@id":"https:\/\/fuentesfidedignas.com.mx\/index.php\/2022\/07\/09\/elon-musk-se-echa-para-atras-en-su-acuerdo-para-comprar-twitter\/#primaryimage"},"image":{"@id":"https:\/\/fuentesfidedignas.com.mx\/index.php\/2022\/07\/09\/elon-musk-se-echa-para-atras-en-su-acuerdo-para-comprar-twitter\/#primaryimage"},"thumbnailUrl":"https:\/\/fuentesfidedignas.com.mx\/wp-content\/uploads\/2022\/07\/images-2022-07-09T095227.303.jpeg","datePublished":"2022-07-09T17:41:51+00:00","dateModified":"2022-07-09T17:42:14+00:00","breadcrumb":{"@id":"https:\/\/fuentesfidedignas.com.mx\/index.php\/2022\/07\/09\/elon-musk-se-echa-para-atras-en-su-acuerdo-para-comprar-twitter\/#breadcrumb"},"inLanguage":"es","potentialAction":[{"@type":"ReadAction","target":["https:\/\/fuentesfidedignas.com.mx\/index.php\/2022\/07\/09\/elon-musk-se-echa-para-atras-en-su-acuerdo-para-comprar-twitter\/"]}]},{"@type":"ImageObject","inLanguage":"es","@id":"https:\/\/fuentesfidedignas.com.mx\/index.php\/2022\/07\/09\/elon-musk-se-echa-para-atras-en-su-acuerdo-para-comprar-twitter\/#primaryimage","url":"https:\/\/fuentesfidedignas.com.mx\/wp-content\/uploads\/2022\/07\/images-2022-07-09T095227.303.jpeg","contentUrl":"https:\/\/fuentesfidedignas.com.mx\/wp-content\/uploads\/2022\/07\/images-2022-07-09T095227.303.jpeg","width":640,"height":360},{"@type":"BreadcrumbList","@id":"https:\/\/fuentesfidedignas.com.mx\/index.php\/2022\/07\/09\/elon-musk-se-echa-para-atras-en-su-acuerdo-para-comprar-twitter\/#breadcrumb","itemListElement":[{"@type":"ListItem","position":1,"name":"Inicio","item":"https:\/\/fuentesfidedignas.com.mx\/"},{"@type":"ListItem","position":2,"name":"Elon Musk se echa para atr\u00e1s en su acuerdo para comprar Twitter"}]},{"@type":"WebSite","@id":"https:\/\/fuentesfidedignas.com.mx\/#website","url":"https:\/\/fuentesfidedignas.com.mx\/","name":"Fuentes Fidedignas","description":"Otro sitio realizado con WordPress","publisher":{"@id":"https:\/\/fuentesfidedignas.com.mx\/#organization"},"potentialAction":[{"@type":"SearchAction","target":{"@type":"EntryPoint","urlTemplate":"https:\/\/fuentesfidedignas.com.mx\/?s={search_term_string}"},"query-input":{"@type":"PropertyValueSpecification","valueRequired":true,"valueName":"search_term_string"}}],"inLanguage":"es"},{"@type":"Organization","@id":"https:\/\/fuentesfidedignas.com.mx\/#organization","name":"Fuentes Fidedignas","url":"https:\/\/fuentesfidedignas.com.mx\/","logo":{"@type":"ImageObject","inLanguage":"es","@id":"https:\/\/fuentesfidedignas.com.mx\/#\/schema\/logo\/image\/","url":"https:\/\/fuentesfidedignas.com.mx\/wp-content\/uploads\/2021\/04\/logo-retina.png","contentUrl":"https:\/\/fuentesfidedignas.com.mx\/wp-content\/uploads\/2021\/04\/logo-retina.png","width":280,"height":51,"caption":"Fuentes Fidedignas"},"image":{"@id":"https:\/\/fuentesfidedignas.com.mx\/#\/schema\/logo\/image\/"},"sameAs":["https:\/\/www.facebook.com\/Fuentes-Fidedignas-368234489921644","https:\/\/x.com\/fidedignas"]},{"@type":"Person","@id":"https:\/\/fuentesfidedignas.com.mx\/#\/schema\/person\/5623d53fe2e579d825b1679734abcc44","name":"Forbes","image":{"@type":"ImageObject","inLanguage":"es","@id":"https:\/\/secure.gravatar.com\/avatar\/87ce3dd4e41e60c22a79c758614f01a6bc2469255fc936ec7b15efb9bb5cb66f?s=96&d=mm&r=g","url":"https:\/\/secure.gravatar.com\/avatar\/87ce3dd4e41e60c22a79c758614f01a6bc2469255fc936ec7b15efb9bb5cb66f?s=96&d=mm&r=g","contentUrl":"https:\/\/secure.gravatar.com\/avatar\/87ce3dd4e41e60c22a79c758614f01a6bc2469255fc936ec7b15efb9bb5cb66f?s=96&d=mm&r=g","caption":"Forbes"},"url":"https:\/\/fuentesfidedignas.com.mx\/index.php\/author\/forbes\/"}]}},"_links":{"self":[{"href":"https:\/\/fuentesfidedignas.com.mx\/index.php\/wp-json\/wp\/v2\/posts\/36799","targetHints":{"allow":["GET"]}}],"collection":[{"href":"https:\/\/fuentesfidedignas.com.mx\/index.php\/wp-json\/wp\/v2\/posts"}],"about":[{"href":"https:\/\/fuentesfidedignas.com.mx\/index.php\/wp-json\/wp\/v2\/types\/post"}],"author":[{"embeddable":true,"href":"https:\/\/fuentesfidedignas.com.mx\/index.php\/wp-json\/wp\/v2\/users\/5"}],"replies":[{"embeddable":true,"href":"https:\/\/fuentesfidedignas.com.mx\/index.php\/wp-json\/wp\/v2\/comments?post=36799"}],"version-history":[{"count":1,"href":"https:\/\/fuentesfidedignas.com.mx\/index.php\/wp-json\/wp\/v2\/posts\/36799\/revisions"}],"predecessor-version":[{"id":36800,"href":"https:\/\/fuentesfidedignas.com.mx\/index.php\/wp-json\/wp\/v2\/posts\/36799\/revisions\/36800"}],"wp:featuredmedia":[{"embeddable":true,"href":"https:\/\/fuentesfidedignas.com.mx\/index.php\/wp-json\/wp\/v2\/media\/36801"}],"wp:attachment":[{"href":"https:\/\/fuentesfidedignas.com.mx\/index.php\/wp-json\/wp\/v2\/media?parent=36799"}],"wp:term":[{"taxonomy":"category","embeddable":true,"href":"https:\/\/fuentesfidedignas.com.mx\/index.php\/wp-json\/wp\/v2\/categories?post=36799"},{"taxonomy":"post_tag","embeddable":true,"href":"https:\/\/fuentesfidedignas.com.mx\/index.php\/wp-json\/wp\/v2\/tags?post=36799"}],"curies":[{"name":"wp","href":"https:\/\/api.w.org\/{rel}","templated":true}]}}