{"id":36684,"date":"2022-07-08T09:52:31","date_gmt":"2022-07-08T15:52:31","guid":{"rendered":"https:\/\/fuentesfidedignas.com.mx\/?p=36684"},"modified":"2022-07-08T09:56:33","modified_gmt":"2022-07-08T15:56:33","slug":"video-propone-el-mencho-no-atacar-a-sacerdotes-medicos-y-maestros","status":"publish","type":"post","link":"https:\/\/fuentesfidedignas.com.mx\/index.php\/2022\/07\/08\/video-propone-el-mencho-no-atacar-a-sacerdotes-medicos-y-maestros\/","title":{"rendered":"VIDEO: Propone &#8220;El Mencho&#8221; no atacar a sacerdotes, m\u00e9dicos y maestros\u00a0"},"content":{"rendered":"\n<p><strong><em>Llam\u00f3 a otros grupos delictivos a no meterse con religiosos, pues estos promueven la palabra de dios y los invit\u00f3 a no molestar a doctores y profesores<\/em><\/strong><\/p>\n\n\n\n<p>Ciudad de M\u00e9xico.- Tras el asesinato de los sacerdotes jesuitas en el estado de Chihuahua y las recientes agresiones a religiosos, el C\u00e1rtel Jalisco Nueva Generaci\u00f3n (CJNG) invit\u00f3 a los c\u00e1rteles a que la guerra \u201csea entre nosotros y no meternos con quien no nos debemos de meter\u201d.<\/p>\n\n\n\n<p>Identificados como parte del CJNG, hombres enmascarados y fuertemente armados se\u00f1alaron a trav\u00e9s de un video que circula por redes sociales que no deb\u00edan meterse con ninguna religi\u00f3n, \u201cespecialmente con los cat\u00f3licos\u201d.<\/p>\n\n\n\n<iframe loading=\"lazy\" src=\"\/\/content.jwplatform.com\/players\/U2dS1trN-NfQOLqBV.html\" width=\"640\" height=\"360\" frameborder=\"0\" scrolling=\"auto\"><\/iframe>\n\n\n\n<p>En el mensaje firmado por Nemesio Oseguera Cervantes, conocido como \u201cEl Mencho\u201d, l\u00edder del grupo criminal, llam\u00f3 a los grupos contrarios a no atacar ni agredir a los sacerdotes en caso de detenerlos en sus medios de transporte, pues asegur\u00f3 que su c\u00e1rtel no se mete con ninguna religi\u00f3n.<\/p>\n\n\n\n<p>\u201cNo meternos con ninguna religi\u00f3n, ni sus pastores o seguidores, especialmente con los cat\u00f3licos. No molestar a los sacerdotes como se ha estado viendo \u00faltimamente. Creo, ellos, se merecen un respeto especial: son personas que solamente se dedican a dar la palabra de dios y ayudar a quien lo necesita\u201d.<\/p>\n\n\n\n<p>&#8220;De igual forma pidi\u00f3 que se dejara en paz a los doctores, enfermeros y maestros que van a las rancher\u00edas y comunidades para que puedan hacer su trabajo. \u201cNosotros somos gente con la gente\u201d, concluy\u00f3 el mensaje de \u201cEl Mencho\u201d.<\/p>\n\n\n\n<p>Ya que el pasado 20 de junio fueron asesinados dos sacerdotes jesuitas presuntamente por Jos\u00e9 \u201cN\u201d, alias \u201cEl Chueco\u201d, quien persegu\u00eda al gu\u00eda de turistas Pedro Eliodo Palma, quien se refugi\u00f3 en el templo de la orden.<\/p>\n\n\n\n<p>Los religiosos habr\u00edan intentado defender a Eliodo Palma, por lo que fueron asesinados supuestamente por El Chueco, quien posteriormente traslad\u00f3 los cuerpos a otro lugar.<\/p>\n\n\n\n<p>Adem\u00e1s, poco despu\u00e9s se registr\u00f3 la detenci\u00f3n del obispo de Zacatecas, Sigfrido Noriega por hombres armados durante su gira por el estado de Jalisco, por lo que inst\u00f3 a sus colegas a tener cuidado en los traslados para evitar tragedias.<\/p>\n\n\n\n<p>Tras estos hechos, el Cardenal de la Arquidi\u00f3cesis de Guadalajara, Jos\u00e9 Francisco Robles Ortega, denunci\u00f3 haber sido detenido por grupos delincuenciales al visitar los municipios de Totatiche y Villa Guerrero.<\/p>\n\n\n\n<p>De igual forma revel\u00f3 que las autoridades eclesi\u00e1sticas deben pedir un permiso al jefe de plaza para llevar a cabo fiestas patronales adem\u00e1s de pagar el 50% de lo recaudado en los festejos.<\/p>\n\n\n\n<p>Y con respecto a lo vivido por Sigfrido, asegur\u00f3 que el \u201cpercance que sucedi\u00f3 al se\u00f1or obispo, no debemos acostumbrarnos, pero es el pan de cada d\u00eda\u201d.<\/p>\n\n\n\n<p>Por estos hechos, parte de la comunidad religiosa se ha posicionado en contra de la estrategia de seguridad del presidente Andr\u00e9s Manuel L\u00f3pez Obrador, pues aseguraron que es insuficiente para asegurar el bienestar de los sacerdotes.<\/p>\n\n\n\n<p>Tal fue el caso de Ram\u00f3n Castro Castro, obispo de Cuernavaca Morelos. Este asever\u00f3 que \u201cM\u00e9xico salpica sangre\u201d ante el desbordamiento de los indices de violencia en el pa\u00eds.<\/p>\n\n\n\n<p>Durante la \u201cCaminata por la paz\u201d realizada el s\u00e1bado 2 de julio, declar\u00f3 que la estrategia de \u201cabrazos, no balazos es demagogia y hasta cierto punto complicidad\u201d al no garantizar la seguridad y paz social, pues ten\u00edan la facultad del uso de la fuerza.<\/p>\n\n\n\n<p>Ante los cuestionamientos de la estrategia de seguridad, el primer mandatario se ha mostrado a la defensiva contra las cr\u00edticas de los religiosos, ya que los ha se\u00f1alado de ser c\u00f3mplices con su silencio ante la violencia que desat\u00f3 la estrategia de la guerra contra el narco de Felipe Calder\u00f3n.<\/p>\n","protected":false},"excerpt":{"rendered":"<p>Llam\u00f3 a otros grupos delictivos a no meterse con religiosos, pues estos promueven la palabra de dios y los invit\u00f3 a no molestar a doctores y profesores Ciudad de M\u00e9xico.- Tras el asesinato de los sacerdotes jesuitas en el estado de Chihuahua y las recientes agresiones a religiosos, el C\u00e1rtel Jalisco Nueva Generaci\u00f3n (CJNG) invit\u00f3 [&hellip;]<\/p>\n","protected":false},"author":41,"featured_media":36685,"comment_status":"open","ping_status":"open","sticky":false,"template":"","format":"standard","meta":{"tdm_status":"","tdm_grid_status":"","footnotes":""},"categories":[39],"tags":[],"class_list":{"0":"post-36684","1":"post","2":"type-post","3":"status-publish","4":"format-standard","5":"has-post-thumbnail","7":"category-noticias-nacionales"},"yoast_head":"<!-- This site is optimized with the Yoast SEO plugin v27.5 - https:\/\/yoast.com\/product\/yoast-seo-wordpress\/ -->\n<title>VIDEO: Propone &quot;El Mencho&quot; no atacar a sacerdotes, m\u00e9dicos y maestros\u00a0 - Fuentes Fidedignas<\/title>\n<meta name=\"robots\" content=\"index, follow, max-snippet:-1, max-image-preview:large, max-video-preview:-1\" \/>\n<link rel=\"canonical\" href=\"https:\/\/fuentesfidedignas.com.mx\/index.php\/2022\/07\/08\/video-propone-el-mencho-no-atacar-a-sacerdotes-medicos-y-maestros\/\" \/>\n<meta property=\"og:locale\" content=\"es_MX\" \/>\n<meta property=\"og:type\" content=\"article\" \/>\n<meta property=\"og:title\" content=\"VIDEO: Propone &quot;El Mencho&quot; no atacar a sacerdotes, m\u00e9dicos y maestros\u00a0 - Fuentes Fidedignas\" \/>\n<meta property=\"og:description\" content=\"Llam\u00f3 a otros grupos delictivos a no meterse con religiosos, pues estos promueven la palabra de dios y los invit\u00f3 a no molestar a doctores y profesores Ciudad de M\u00e9xico.- Tras el asesinato de los sacerdotes jesuitas en el estado de Chihuahua y las recientes agresiones a religiosos, el C\u00e1rtel Jalisco Nueva Generaci\u00f3n (CJNG) invit\u00f3 [&hellip;]\" \/>\n<meta property=\"og:url\" content=\"https:\/\/fuentesfidedignas.com.mx\/index.php\/2022\/07\/08\/video-propone-el-mencho-no-atacar-a-sacerdotes-medicos-y-maestros\/\" \/>\n<meta property=\"og:site_name\" content=\"Fuentes Fidedignas\" \/>\n<meta property=\"article:publisher\" content=\"https:\/\/www.facebook.com\/Fuentes-Fidedignas-368234489921644\" \/>\n<meta property=\"article:published_time\" content=\"2022-07-08T15:52:31+00:00\" \/>\n<meta property=\"article:modified_time\" content=\"2022-07-08T15:56:33+00:00\" \/>\n<meta property=\"og:image\" content=\"https:\/\/fuentesfidedignas.com.mx\/wp-content\/uploads\/2022\/07\/CJNG_VIDEO.jpg\" \/>\n\t<meta property=\"og:image:width\" content=\"924\" \/>\n\t<meta property=\"og:image:height\" content=\"530\" \/>\n\t<meta property=\"og:image:type\" content=\"image\/jpeg\" \/>\n<meta name=\"author\" content=\"Infobae\" \/>\n<meta name=\"twitter:card\" content=\"summary_large_image\" \/>\n<meta name=\"twitter:creator\" content=\"@fidedignas\" \/>\n<meta name=\"twitter:site\" content=\"@fidedignas\" \/>\n<meta name=\"twitter:label1\" content=\"Escrito por\" \/>\n\t<meta name=\"twitter:data1\" content=\"Infobae\" \/>\n\t<meta name=\"twitter:label2\" content=\"Tiempo de lectura\" \/>\n\t<meta name=\"twitter:data2\" content=\"3 minutos\" \/>\n<script type=\"application\/ld+json\" class=\"yoast-schema-graph\">{\"@context\":\"https:\\\/\\\/schema.org\",\"@graph\":[{\"@type\":\"Article\",\"@id\":\"https:\\\/\\\/fuentesfidedignas.com.mx\\\/index.php\\\/2022\\\/07\\\/08\\\/video-propone-el-mencho-no-atacar-a-sacerdotes-medicos-y-maestros\\\/#article\",\"isPartOf\":{\"@id\":\"https:\\\/\\\/fuentesfidedignas.com.mx\\\/index.php\\\/2022\\\/07\\\/08\\\/video-propone-el-mencho-no-atacar-a-sacerdotes-medicos-y-maestros\\\/\"},\"author\":{\"name\":\"Infobae\",\"@id\":\"https:\\\/\\\/fuentesfidedignas.com.mx\\\/#\\\/schema\\\/person\\\/8575896a7c1067d352f6c1cd6582c389\"},\"headline\":\"VIDEO: Propone &#8220;El Mencho&#8221; no atacar a sacerdotes, m\u00e9dicos y maestros\u00a0\",\"datePublished\":\"2022-07-08T15:52:31+00:00\",\"dateModified\":\"2022-07-08T15:56:33+00:00\",\"mainEntityOfPage\":{\"@id\":\"https:\\\/\\\/fuentesfidedignas.com.mx\\\/index.php\\\/2022\\\/07\\\/08\\\/video-propone-el-mencho-no-atacar-a-sacerdotes-medicos-y-maestros\\\/\"},\"wordCount\":644,\"commentCount\":0,\"publisher\":{\"@id\":\"https:\\\/\\\/fuentesfidedignas.com.mx\\\/#organization\"},\"image\":{\"@id\":\"https:\\\/\\\/fuentesfidedignas.com.mx\\\/index.php\\\/2022\\\/07\\\/08\\\/video-propone-el-mencho-no-atacar-a-sacerdotes-medicos-y-maestros\\\/#primaryimage\"},\"thumbnailUrl\":\"https:\\\/\\\/fuentesfidedignas.com.mx\\\/wp-content\\\/uploads\\\/2022\\\/07\\\/CJNG_VIDEO.jpg\",\"articleSection\":[\"NOTICIAS NACIONALES\"],\"inLanguage\":\"es\",\"potentialAction\":[{\"@type\":\"CommentAction\",\"name\":\"Comment\",\"target\":[\"https:\\\/\\\/fuentesfidedignas.com.mx\\\/index.php\\\/2022\\\/07\\\/08\\\/video-propone-el-mencho-no-atacar-a-sacerdotes-medicos-y-maestros\\\/#respond\"]}]},{\"@type\":\"WebPage\",\"@id\":\"https:\\\/\\\/fuentesfidedignas.com.mx\\\/index.php\\\/2022\\\/07\\\/08\\\/video-propone-el-mencho-no-atacar-a-sacerdotes-medicos-y-maestros\\\/\",\"url\":\"https:\\\/\\\/fuentesfidedignas.com.mx\\\/index.php\\\/2022\\\/07\\\/08\\\/video-propone-el-mencho-no-atacar-a-sacerdotes-medicos-y-maestros\\\/\",\"name\":\"VIDEO: Propone \\\"El Mencho\\\" no atacar a sacerdotes, m\u00e9dicos y maestros\u00a0 - Fuentes Fidedignas\",\"isPartOf\":{\"@id\":\"https:\\\/\\\/fuentesfidedignas.com.mx\\\/#website\"},\"primaryImageOfPage\":{\"@id\":\"https:\\\/\\\/fuentesfidedignas.com.mx\\\/index.php\\\/2022\\\/07\\\/08\\\/video-propone-el-mencho-no-atacar-a-sacerdotes-medicos-y-maestros\\\/#primaryimage\"},\"image\":{\"@id\":\"https:\\\/\\\/fuentesfidedignas.com.mx\\\/index.php\\\/2022\\\/07\\\/08\\\/video-propone-el-mencho-no-atacar-a-sacerdotes-medicos-y-maestros\\\/#primaryimage\"},\"thumbnailUrl\":\"https:\\\/\\\/fuentesfidedignas.com.mx\\\/wp-content\\\/uploads\\\/2022\\\/07\\\/CJNG_VIDEO.jpg\",\"datePublished\":\"2022-07-08T15:52:31+00:00\",\"dateModified\":\"2022-07-08T15:56:33+00:00\",\"breadcrumb\":{\"@id\":\"https:\\\/\\\/fuentesfidedignas.com.mx\\\/index.php\\\/2022\\\/07\\\/08\\\/video-propone-el-mencho-no-atacar-a-sacerdotes-medicos-y-maestros\\\/#breadcrumb\"},\"inLanguage\":\"es\",\"potentialAction\":[{\"@type\":\"ReadAction\",\"target\":[\"https:\\\/\\\/fuentesfidedignas.com.mx\\\/index.php\\\/2022\\\/07\\\/08\\\/video-propone-el-mencho-no-atacar-a-sacerdotes-medicos-y-maestros\\\/\"]}]},{\"@type\":\"ImageObject\",\"inLanguage\":\"es\",\"@id\":\"https:\\\/\\\/fuentesfidedignas.com.mx\\\/index.php\\\/2022\\\/07\\\/08\\\/video-propone-el-mencho-no-atacar-a-sacerdotes-medicos-y-maestros\\\/#primaryimage\",\"url\":\"https:\\\/\\\/fuentesfidedignas.com.mx\\\/wp-content\\\/uploads\\\/2022\\\/07\\\/CJNG_VIDEO.jpg\",\"contentUrl\":\"https:\\\/\\\/fuentesfidedignas.com.mx\\\/wp-content\\\/uploads\\\/2022\\\/07\\\/CJNG_VIDEO.jpg\",\"width\":924,\"height\":530},{\"@type\":\"BreadcrumbList\",\"@id\":\"https:\\\/\\\/fuentesfidedignas.com.mx\\\/index.php\\\/2022\\\/07\\\/08\\\/video-propone-el-mencho-no-atacar-a-sacerdotes-medicos-y-maestros\\\/#breadcrumb\",\"itemListElement\":[{\"@type\":\"ListItem\",\"position\":1,\"name\":\"Inicio\",\"item\":\"https:\\\/\\\/fuentesfidedignas.com.mx\\\/\"},{\"@type\":\"ListItem\",\"position\":2,\"name\":\"VIDEO: Propone &#8220;El Mencho&#8221; no atacar a sacerdotes, m\u00e9dicos y maestros\u00a0\"}]},{\"@type\":\"WebSite\",\"@id\":\"https:\\\/\\\/fuentesfidedignas.com.mx\\\/#website\",\"url\":\"https:\\\/\\\/fuentesfidedignas.com.mx\\\/\",\"name\":\"Fuentes Fidedignas\",\"description\":\"Otro sitio realizado con WordPress\",\"publisher\":{\"@id\":\"https:\\\/\\\/fuentesfidedignas.com.mx\\\/#organization\"},\"potentialAction\":[{\"@type\":\"SearchAction\",\"target\":{\"@type\":\"EntryPoint\",\"urlTemplate\":\"https:\\\/\\\/fuentesfidedignas.com.mx\\\/?s={search_term_string}\"},\"query-input\":{\"@type\":\"PropertyValueSpecification\",\"valueRequired\":true,\"valueName\":\"search_term_string\"}}],\"inLanguage\":\"es\"},{\"@type\":\"Organization\",\"@id\":\"https:\\\/\\\/fuentesfidedignas.com.mx\\\/#organization\",\"name\":\"Fuentes Fidedignas\",\"url\":\"https:\\\/\\\/fuentesfidedignas.com.mx\\\/\",\"logo\":{\"@type\":\"ImageObject\",\"inLanguage\":\"es\",\"@id\":\"https:\\\/\\\/fuentesfidedignas.com.mx\\\/#\\\/schema\\\/logo\\\/image\\\/\",\"url\":\"https:\\\/\\\/fuentesfidedignas.com.mx\\\/wp-content\\\/uploads\\\/2021\\\/04\\\/logo-retina.png\",\"contentUrl\":\"https:\\\/\\\/fuentesfidedignas.com.mx\\\/wp-content\\\/uploads\\\/2021\\\/04\\\/logo-retina.png\",\"width\":280,\"height\":51,\"caption\":\"Fuentes Fidedignas\"},\"image\":{\"@id\":\"https:\\\/\\\/fuentesfidedignas.com.mx\\\/#\\\/schema\\\/logo\\\/image\\\/\"},\"sameAs\":[\"https:\\\/\\\/www.facebook.com\\\/Fuentes-Fidedignas-368234489921644\",\"https:\\\/\\\/x.com\\\/fidedignas\"]},{\"@type\":\"Person\",\"@id\":\"https:\\\/\\\/fuentesfidedignas.com.mx\\\/#\\\/schema\\\/person\\\/8575896a7c1067d352f6c1cd6582c389\",\"name\":\"Infobae\",\"image\":{\"@type\":\"ImageObject\",\"inLanguage\":\"es\",\"@id\":\"https:\\\/\\\/secure.gravatar.com\\\/avatar\\\/e4ec95706f8d1670343f6526fdcec45474bab17475a851434a64ca12b5acba1c?s=96&d=mm&r=g\",\"url\":\"https:\\\/\\\/secure.gravatar.com\\\/avatar\\\/e4ec95706f8d1670343f6526fdcec45474bab17475a851434a64ca12b5acba1c?s=96&d=mm&r=g\",\"contentUrl\":\"https:\\\/\\\/secure.gravatar.com\\\/avatar\\\/e4ec95706f8d1670343f6526fdcec45474bab17475a851434a64ca12b5acba1c?s=96&d=mm&r=g\",\"caption\":\"Infobae\"},\"url\":\"https:\\\/\\\/fuentesfidedignas.com.mx\\\/index.php\\\/author\\\/infobae\\\/\"}]}<\/script>\n<!-- \/ Yoast SEO plugin. -->","yoast_head_json":{"title":"VIDEO: Propone \"El Mencho\" no atacar a sacerdotes, m\u00e9dicos y maestros\u00a0 - Fuentes Fidedignas","robots":{"index":"index","follow":"follow","max-snippet":"max-snippet:-1","max-image-preview":"max-image-preview:large","max-video-preview":"max-video-preview:-1"},"canonical":"https:\/\/fuentesfidedignas.com.mx\/index.php\/2022\/07\/08\/video-propone-el-mencho-no-atacar-a-sacerdotes-medicos-y-maestros\/","og_locale":"es_MX","og_type":"article","og_title":"VIDEO: Propone \"El Mencho\" no atacar a sacerdotes, m\u00e9dicos y maestros\u00a0 - Fuentes Fidedignas","og_description":"Llam\u00f3 a otros grupos delictivos a no meterse con religiosos, pues estos promueven la palabra de dios y los invit\u00f3 a no molestar a doctores y profesores Ciudad de M\u00e9xico.- Tras el asesinato de los sacerdotes jesuitas en el estado de Chihuahua y las recientes agresiones a religiosos, el C\u00e1rtel Jalisco Nueva Generaci\u00f3n (CJNG) invit\u00f3 [&hellip;]","og_url":"https:\/\/fuentesfidedignas.com.mx\/index.php\/2022\/07\/08\/video-propone-el-mencho-no-atacar-a-sacerdotes-medicos-y-maestros\/","og_site_name":"Fuentes Fidedignas","article_publisher":"https:\/\/www.facebook.com\/Fuentes-Fidedignas-368234489921644","article_published_time":"2022-07-08T15:52:31+00:00","article_modified_time":"2022-07-08T15:56:33+00:00","og_image":[{"width":924,"height":530,"url":"https:\/\/fuentesfidedignas.com.mx\/wp-content\/uploads\/2022\/07\/CJNG_VIDEO.jpg","type":"image\/jpeg"}],"author":"Infobae","twitter_card":"summary_large_image","twitter_creator":"@fidedignas","twitter_site":"@fidedignas","twitter_misc":{"Escrito por":"Infobae","Tiempo de lectura":"3 minutos"},"schema":{"@context":"https:\/\/schema.org","@graph":[{"@type":"Article","@id":"https:\/\/fuentesfidedignas.com.mx\/index.php\/2022\/07\/08\/video-propone-el-mencho-no-atacar-a-sacerdotes-medicos-y-maestros\/#article","isPartOf":{"@id":"https:\/\/fuentesfidedignas.com.mx\/index.php\/2022\/07\/08\/video-propone-el-mencho-no-atacar-a-sacerdotes-medicos-y-maestros\/"},"author":{"name":"Infobae","@id":"https:\/\/fuentesfidedignas.com.mx\/#\/schema\/person\/8575896a7c1067d352f6c1cd6582c389"},"headline":"VIDEO: Propone &#8220;El Mencho&#8221; no atacar a sacerdotes, m\u00e9dicos y maestros\u00a0","datePublished":"2022-07-08T15:52:31+00:00","dateModified":"2022-07-08T15:56:33+00:00","mainEntityOfPage":{"@id":"https:\/\/fuentesfidedignas.com.mx\/index.php\/2022\/07\/08\/video-propone-el-mencho-no-atacar-a-sacerdotes-medicos-y-maestros\/"},"wordCount":644,"commentCount":0,"publisher":{"@id":"https:\/\/fuentesfidedignas.com.mx\/#organization"},"image":{"@id":"https:\/\/fuentesfidedignas.com.mx\/index.php\/2022\/07\/08\/video-propone-el-mencho-no-atacar-a-sacerdotes-medicos-y-maestros\/#primaryimage"},"thumbnailUrl":"https:\/\/fuentesfidedignas.com.mx\/wp-content\/uploads\/2022\/07\/CJNG_VIDEO.jpg","articleSection":["NOTICIAS NACIONALES"],"inLanguage":"es","potentialAction":[{"@type":"CommentAction","name":"Comment","target":["https:\/\/fuentesfidedignas.com.mx\/index.php\/2022\/07\/08\/video-propone-el-mencho-no-atacar-a-sacerdotes-medicos-y-maestros\/#respond"]}]},{"@type":"WebPage","@id":"https:\/\/fuentesfidedignas.com.mx\/index.php\/2022\/07\/08\/video-propone-el-mencho-no-atacar-a-sacerdotes-medicos-y-maestros\/","url":"https:\/\/fuentesfidedignas.com.mx\/index.php\/2022\/07\/08\/video-propone-el-mencho-no-atacar-a-sacerdotes-medicos-y-maestros\/","name":"VIDEO: Propone \"El Mencho\" no atacar a sacerdotes, m\u00e9dicos y maestros\u00a0 - Fuentes Fidedignas","isPartOf":{"@id":"https:\/\/fuentesfidedignas.com.mx\/#website"},"primaryImageOfPage":{"@id":"https:\/\/fuentesfidedignas.com.mx\/index.php\/2022\/07\/08\/video-propone-el-mencho-no-atacar-a-sacerdotes-medicos-y-maestros\/#primaryimage"},"image":{"@id":"https:\/\/fuentesfidedignas.com.mx\/index.php\/2022\/07\/08\/video-propone-el-mencho-no-atacar-a-sacerdotes-medicos-y-maestros\/#primaryimage"},"thumbnailUrl":"https:\/\/fuentesfidedignas.com.mx\/wp-content\/uploads\/2022\/07\/CJNG_VIDEO.jpg","datePublished":"2022-07-08T15:52:31+00:00","dateModified":"2022-07-08T15:56:33+00:00","breadcrumb":{"@id":"https:\/\/fuentesfidedignas.com.mx\/index.php\/2022\/07\/08\/video-propone-el-mencho-no-atacar-a-sacerdotes-medicos-y-maestros\/#breadcrumb"},"inLanguage":"es","potentialAction":[{"@type":"ReadAction","target":["https:\/\/fuentesfidedignas.com.mx\/index.php\/2022\/07\/08\/video-propone-el-mencho-no-atacar-a-sacerdotes-medicos-y-maestros\/"]}]},{"@type":"ImageObject","inLanguage":"es","@id":"https:\/\/fuentesfidedignas.com.mx\/index.php\/2022\/07\/08\/video-propone-el-mencho-no-atacar-a-sacerdotes-medicos-y-maestros\/#primaryimage","url":"https:\/\/fuentesfidedignas.com.mx\/wp-content\/uploads\/2022\/07\/CJNG_VIDEO.jpg","contentUrl":"https:\/\/fuentesfidedignas.com.mx\/wp-content\/uploads\/2022\/07\/CJNG_VIDEO.jpg","width":924,"height":530},{"@type":"BreadcrumbList","@id":"https:\/\/fuentesfidedignas.com.mx\/index.php\/2022\/07\/08\/video-propone-el-mencho-no-atacar-a-sacerdotes-medicos-y-maestros\/#breadcrumb","itemListElement":[{"@type":"ListItem","position":1,"name":"Inicio","item":"https:\/\/fuentesfidedignas.com.mx\/"},{"@type":"ListItem","position":2,"name":"VIDEO: Propone &#8220;El Mencho&#8221; no atacar a sacerdotes, m\u00e9dicos y maestros\u00a0"}]},{"@type":"WebSite","@id":"https:\/\/fuentesfidedignas.com.mx\/#website","url":"https:\/\/fuentesfidedignas.com.mx\/","name":"Fuentes Fidedignas","description":"Otro sitio realizado con WordPress","publisher":{"@id":"https:\/\/fuentesfidedignas.com.mx\/#organization"},"potentialAction":[{"@type":"SearchAction","target":{"@type":"EntryPoint","urlTemplate":"https:\/\/fuentesfidedignas.com.mx\/?s={search_term_string}"},"query-input":{"@type":"PropertyValueSpecification","valueRequired":true,"valueName":"search_term_string"}}],"inLanguage":"es"},{"@type":"Organization","@id":"https:\/\/fuentesfidedignas.com.mx\/#organization","name":"Fuentes Fidedignas","url":"https:\/\/fuentesfidedignas.com.mx\/","logo":{"@type":"ImageObject","inLanguage":"es","@id":"https:\/\/fuentesfidedignas.com.mx\/#\/schema\/logo\/image\/","url":"https:\/\/fuentesfidedignas.com.mx\/wp-content\/uploads\/2021\/04\/logo-retina.png","contentUrl":"https:\/\/fuentesfidedignas.com.mx\/wp-content\/uploads\/2021\/04\/logo-retina.png","width":280,"height":51,"caption":"Fuentes Fidedignas"},"image":{"@id":"https:\/\/fuentesfidedignas.com.mx\/#\/schema\/logo\/image\/"},"sameAs":["https:\/\/www.facebook.com\/Fuentes-Fidedignas-368234489921644","https:\/\/x.com\/fidedignas"]},{"@type":"Person","@id":"https:\/\/fuentesfidedignas.com.mx\/#\/schema\/person\/8575896a7c1067d352f6c1cd6582c389","name":"Infobae","image":{"@type":"ImageObject","inLanguage":"es","@id":"https:\/\/secure.gravatar.com\/avatar\/e4ec95706f8d1670343f6526fdcec45474bab17475a851434a64ca12b5acba1c?s=96&d=mm&r=g","url":"https:\/\/secure.gravatar.com\/avatar\/e4ec95706f8d1670343f6526fdcec45474bab17475a851434a64ca12b5acba1c?s=96&d=mm&r=g","contentUrl":"https:\/\/secure.gravatar.com\/avatar\/e4ec95706f8d1670343f6526fdcec45474bab17475a851434a64ca12b5acba1c?s=96&d=mm&r=g","caption":"Infobae"},"url":"https:\/\/fuentesfidedignas.com.mx\/index.php\/author\/infobae\/"}]}},"_links":{"self":[{"href":"https:\/\/fuentesfidedignas.com.mx\/index.php\/wp-json\/wp\/v2\/posts\/36684","targetHints":{"allow":["GET"]}}],"collection":[{"href":"https:\/\/fuentesfidedignas.com.mx\/index.php\/wp-json\/wp\/v2\/posts"}],"about":[{"href":"https:\/\/fuentesfidedignas.com.mx\/index.php\/wp-json\/wp\/v2\/types\/post"}],"author":[{"embeddable":true,"href":"https:\/\/fuentesfidedignas.com.mx\/index.php\/wp-json\/wp\/v2\/users\/41"}],"replies":[{"embeddable":true,"href":"https:\/\/fuentesfidedignas.com.mx\/index.php\/wp-json\/wp\/v2\/comments?post=36684"}],"version-history":[{"count":5,"href":"https:\/\/fuentesfidedignas.com.mx\/index.php\/wp-json\/wp\/v2\/posts\/36684\/revisions"}],"predecessor-version":[{"id":36692,"href":"https:\/\/fuentesfidedignas.com.mx\/index.php\/wp-json\/wp\/v2\/posts\/36684\/revisions\/36692"}],"wp:featuredmedia":[{"embeddable":true,"href":"https:\/\/fuentesfidedignas.com.mx\/index.php\/wp-json\/wp\/v2\/media\/36685"}],"wp:attachment":[{"href":"https:\/\/fuentesfidedignas.com.mx\/index.php\/wp-json\/wp\/v2\/media?parent=36684"}],"wp:term":[{"taxonomy":"category","embeddable":true,"href":"https:\/\/fuentesfidedignas.com.mx\/index.php\/wp-json\/wp\/v2\/categories?post=36684"},{"taxonomy":"post_tag","embeddable":true,"href":"https:\/\/fuentesfidedignas.com.mx\/index.php\/wp-json\/wp\/v2\/tags?post=36684"}],"curies":[{"name":"wp","href":"https:\/\/api.w.org\/{rel}","templated":true}]}}