{"id":36666,"date":"2022-07-08T06:30:33","date_gmt":"2022-07-08T12:30:33","guid":{"rendered":"https:\/\/fuentesfidedignas.com.mx\/?p=36666"},"modified":"2022-07-08T06:30:34","modified_gmt":"2022-07-08T12:30:34","slug":"estudiante-piloto-muere-por-piquete-de-mosquito-le-provoco-una-infeccion-en-el-cerebro","status":"publish","type":"post","link":"https:\/\/fuentesfidedignas.com.mx\/index.php\/2022\/07\/08\/estudiante-piloto-muere-por-piquete-de-mosquito-le-provoco-una-infeccion-en-el-cerebro\/","title":{"rendered":"Estudiante piloto muere por piquete de mosquito; le provoc\u00f3 una infecci\u00f3n en el cerebro"},"content":{"rendered":"\n<p><strong><em>Oriana Pepper apenas ten\u00eda 21 a\u00f1os y so\u00f1aba con volar por todo el mundo<\/em><\/strong><\/p>\n\n\n\n<p>Una estudiante de piloto de 21 a\u00f1os de Inglaterra muri\u00f3 despu\u00e9s de ser picada por un mosquito en la frente, ya que desarroll\u00f3 una infecci\u00f3n que se extendi\u00f3 a su cerebro.<\/p>\n\n\n\n<p>Oriana Pepper estaba en camino de convertirse en una piloto de una aerol\u00ednea comercial y hab\u00eda aprobado sus ex\u00e1menes te\u00f3ricos en el programa EasyJet en Oxford. Hab\u00eda viajado a B\u00e9lgica para sus calificaciones de instrumentos.<\/p>\n\n\n\n<p>En Amberes, de acuerdo con la investigaci\u00f3n, Pepper fue picada por un mosquito en la frente. Fue hospitalizada el 7 de julio del a\u00f1o pasado cuando se propag\u00f3 la infecci\u00f3n.<\/p>\n\n\n\n<p>Estudiante piloto muere por piquete de mosquito<br>Oriana estaba prepar\u00e1ndose para ser piloto de Easyjet | Foto: Wikimedia Commons<\/p>\n\n\n\n<p>Los m\u00e9dicos recetaron antibi\u00f3ticos que no ayudaron. Dos d\u00edas despu\u00e9s, colaps\u00f3 frente a su novio James Hall, quien tuvo que llevarla de nuevo al hospital.<\/p>\n\n\n\n<p><strong>Pepper muri\u00f3 el 21 de julio del a\u00f1o pasado.<\/strong><\/p>\n\n\n\n<p>El forense principal de Suffolk, Inglaterra, Nigel Parsley, dijo que la piloto muri\u00f3 \u201ccomo resultado de una infecci\u00f3n grave causada por la picadura de un insecto en la frente\u201d.<\/p>\n\n\n\n<p>\u201cUna infecci\u00f3n entr\u00f3 en la piel de Oriana luego de la picadura de un insecto. Luego entr\u00f3 en la arteria car\u00f3tida del cuello y provoc\u00f3 embolias s\u00e9pticas en su cerebro\u201d, explic\u00f3 el forense. \u201cNunca antes hab\u00eda visto un caso como este\u201d.<\/p>\n\n\n\n<p>Tras el anuncio del resultado de la investigaci\u00f3n, los padres de la joven anunciaron que hab\u00edan establecido una beca para que otras mujeres puedan estudiar y prepararse para convertirse en pilotos.<\/p>\n\n\n\n<p><\/p>\n","protected":false},"excerpt":{"rendered":"<p>Oriana Pepper apenas ten\u00eda 21 a\u00f1os y so\u00f1aba con volar por todo el mundo Una estudiante de piloto de 21 a\u00f1os de Inglaterra muri\u00f3 despu\u00e9s de ser picada por un mosquito en la frente, ya que desarroll\u00f3 una infecci\u00f3n que se extendi\u00f3 a su cerebro. Oriana Pepper estaba en camino de convertirse en una piloto [&hellip;]<\/p>\n","protected":false},"author":46,"featured_media":36667,"comment_status":"open","ping_status":"open","sticky":false,"template":"","format":"standard","meta":{"tdm_status":"","tdm_grid_status":"","footnotes":""},"categories":[40],"tags":[290,193],"class_list":{"0":"post-36666","1":"post","2":"type-post","3":"status-publish","4":"format-standard","5":"has-post-thumbnail","7":"category-las-asombrosas","8":"tag-asombrosa","9":"tag-viral"},"yoast_head":"<!-- This site is optimized with the Yoast SEO plugin v27.5 - https:\/\/yoast.com\/product\/yoast-seo-wordpress\/ -->\n<title>Estudiante piloto muere por piquete de mosquito; le provoc\u00f3 una infecci\u00f3n en el cerebro - Fuentes Fidedignas<\/title>\n<meta name=\"robots\" content=\"index, follow, max-snippet:-1, max-image-preview:large, max-video-preview:-1\" \/>\n<link rel=\"canonical\" href=\"https:\/\/fuentesfidedignas.com.mx\/index.php\/2022\/07\/08\/estudiante-piloto-muere-por-piquete-de-mosquito-le-provoco-una-infeccion-en-el-cerebro\/\" \/>\n<meta property=\"og:locale\" content=\"es_MX\" \/>\n<meta property=\"og:type\" content=\"article\" \/>\n<meta property=\"og:title\" content=\"Estudiante piloto muere por piquete de mosquito; le provoc\u00f3 una infecci\u00f3n en el cerebro - Fuentes Fidedignas\" \/>\n<meta property=\"og:description\" content=\"Oriana Pepper apenas ten\u00eda 21 a\u00f1os y so\u00f1aba con volar por todo el mundo Una estudiante de piloto de 21 a\u00f1os de Inglaterra muri\u00f3 despu\u00e9s de ser picada por un mosquito en la frente, ya que desarroll\u00f3 una infecci\u00f3n que se extendi\u00f3 a su cerebro. Oriana Pepper estaba en camino de convertirse en una piloto [&hellip;]\" \/>\n<meta property=\"og:url\" content=\"https:\/\/fuentesfidedignas.com.mx\/index.php\/2022\/07\/08\/estudiante-piloto-muere-por-piquete-de-mosquito-le-provoco-una-infeccion-en-el-cerebro\/\" \/>\n<meta property=\"og:site_name\" content=\"Fuentes Fidedignas\" \/>\n<meta property=\"article:publisher\" content=\"https:\/\/www.facebook.com\/Fuentes-Fidedignas-368234489921644\" \/>\n<meta property=\"article:published_time\" content=\"2022-07-08T12:30:33+00:00\" \/>\n<meta property=\"article:modified_time\" content=\"2022-07-08T12:30:34+00:00\" \/>\n<meta property=\"og:image\" content=\"https:\/\/fuentesfidedignas.com.mx\/wp-content\/uploads\/2022\/07\/PILOTO.jpg\" \/>\n\t<meta property=\"og:image:width\" content=\"1267\" \/>\n\t<meta property=\"og:image:height\" content=\"706\" \/>\n\t<meta property=\"og:image:type\" content=\"image\/jpeg\" \/>\n<meta name=\"author\" content=\"Noticieros Televisa\" \/>\n<meta name=\"twitter:card\" content=\"summary_large_image\" \/>\n<meta name=\"twitter:creator\" content=\"@fidedignas\" \/>\n<meta name=\"twitter:site\" content=\"@fidedignas\" \/>\n<meta name=\"twitter:label1\" content=\"Escrito por\" \/>\n\t<meta name=\"twitter:data1\" content=\"Noticieros Televisa\" \/>\n\t<meta name=\"twitter:label2\" content=\"Tiempo de lectura\" \/>\n\t<meta name=\"twitter:data2\" content=\"2 minutos\" \/>\n<script type=\"application\/ld+json\" class=\"yoast-schema-graph\">{\"@context\":\"https:\\\/\\\/schema.org\",\"@graph\":[{\"@type\":\"Article\",\"@id\":\"https:\\\/\\\/fuentesfidedignas.com.mx\\\/index.php\\\/2022\\\/07\\\/08\\\/estudiante-piloto-muere-por-piquete-de-mosquito-le-provoco-una-infeccion-en-el-cerebro\\\/#article\",\"isPartOf\":{\"@id\":\"https:\\\/\\\/fuentesfidedignas.com.mx\\\/index.php\\\/2022\\\/07\\\/08\\\/estudiante-piloto-muere-por-piquete-de-mosquito-le-provoco-una-infeccion-en-el-cerebro\\\/\"},\"author\":{\"name\":\"Noticieros Televisa\",\"@id\":\"https:\\\/\\\/fuentesfidedignas.com.mx\\\/#\\\/schema\\\/person\\\/f030e42657a5a464a8bbd891b1aab6ee\"},\"headline\":\"Estudiante piloto muere por piquete de mosquito; le provoc\u00f3 una infecci\u00f3n en el cerebro\",\"datePublished\":\"2022-07-08T12:30:33+00:00\",\"dateModified\":\"2022-07-08T12:30:34+00:00\",\"mainEntityOfPage\":{\"@id\":\"https:\\\/\\\/fuentesfidedignas.com.mx\\\/index.php\\\/2022\\\/07\\\/08\\\/estudiante-piloto-muere-por-piquete-de-mosquito-le-provoco-una-infeccion-en-el-cerebro\\\/\"},\"wordCount\":301,\"commentCount\":0,\"publisher\":{\"@id\":\"https:\\\/\\\/fuentesfidedignas.com.mx\\\/#organization\"},\"image\":{\"@id\":\"https:\\\/\\\/fuentesfidedignas.com.mx\\\/index.php\\\/2022\\\/07\\\/08\\\/estudiante-piloto-muere-por-piquete-de-mosquito-le-provoco-una-infeccion-en-el-cerebro\\\/#primaryimage\"},\"thumbnailUrl\":\"https:\\\/\\\/fuentesfidedignas.com.mx\\\/wp-content\\\/uploads\\\/2022\\\/07\\\/PILOTO.jpg\",\"keywords\":[\"Asombrosa\",\"Viral\"],\"articleSection\":[\"LAS ASOMBROSAS\"],\"inLanguage\":\"es\",\"potentialAction\":[{\"@type\":\"CommentAction\",\"name\":\"Comment\",\"target\":[\"https:\\\/\\\/fuentesfidedignas.com.mx\\\/index.php\\\/2022\\\/07\\\/08\\\/estudiante-piloto-muere-por-piquete-de-mosquito-le-provoco-una-infeccion-en-el-cerebro\\\/#respond\"]}]},{\"@type\":\"WebPage\",\"@id\":\"https:\\\/\\\/fuentesfidedignas.com.mx\\\/index.php\\\/2022\\\/07\\\/08\\\/estudiante-piloto-muere-por-piquete-de-mosquito-le-provoco-una-infeccion-en-el-cerebro\\\/\",\"url\":\"https:\\\/\\\/fuentesfidedignas.com.mx\\\/index.php\\\/2022\\\/07\\\/08\\\/estudiante-piloto-muere-por-piquete-de-mosquito-le-provoco-una-infeccion-en-el-cerebro\\\/\",\"name\":\"Estudiante piloto muere por piquete de mosquito; le provoc\u00f3 una infecci\u00f3n en el cerebro - Fuentes Fidedignas\",\"isPartOf\":{\"@id\":\"https:\\\/\\\/fuentesfidedignas.com.mx\\\/#website\"},\"primaryImageOfPage\":{\"@id\":\"https:\\\/\\\/fuentesfidedignas.com.mx\\\/index.php\\\/2022\\\/07\\\/08\\\/estudiante-piloto-muere-por-piquete-de-mosquito-le-provoco-una-infeccion-en-el-cerebro\\\/#primaryimage\"},\"image\":{\"@id\":\"https:\\\/\\\/fuentesfidedignas.com.mx\\\/index.php\\\/2022\\\/07\\\/08\\\/estudiante-piloto-muere-por-piquete-de-mosquito-le-provoco-una-infeccion-en-el-cerebro\\\/#primaryimage\"},\"thumbnailUrl\":\"https:\\\/\\\/fuentesfidedignas.com.mx\\\/wp-content\\\/uploads\\\/2022\\\/07\\\/PILOTO.jpg\",\"datePublished\":\"2022-07-08T12:30:33+00:00\",\"dateModified\":\"2022-07-08T12:30:34+00:00\",\"breadcrumb\":{\"@id\":\"https:\\\/\\\/fuentesfidedignas.com.mx\\\/index.php\\\/2022\\\/07\\\/08\\\/estudiante-piloto-muere-por-piquete-de-mosquito-le-provoco-una-infeccion-en-el-cerebro\\\/#breadcrumb\"},\"inLanguage\":\"es\",\"potentialAction\":[{\"@type\":\"ReadAction\",\"target\":[\"https:\\\/\\\/fuentesfidedignas.com.mx\\\/index.php\\\/2022\\\/07\\\/08\\\/estudiante-piloto-muere-por-piquete-de-mosquito-le-provoco-una-infeccion-en-el-cerebro\\\/\"]}]},{\"@type\":\"ImageObject\",\"inLanguage\":\"es\",\"@id\":\"https:\\\/\\\/fuentesfidedignas.com.mx\\\/index.php\\\/2022\\\/07\\\/08\\\/estudiante-piloto-muere-por-piquete-de-mosquito-le-provoco-una-infeccion-en-el-cerebro\\\/#primaryimage\",\"url\":\"https:\\\/\\\/fuentesfidedignas.com.mx\\\/wp-content\\\/uploads\\\/2022\\\/07\\\/PILOTO.jpg\",\"contentUrl\":\"https:\\\/\\\/fuentesfidedignas.com.mx\\\/wp-content\\\/uploads\\\/2022\\\/07\\\/PILOTO.jpg\",\"width\":1267,\"height\":706},{\"@type\":\"BreadcrumbList\",\"@id\":\"https:\\\/\\\/fuentesfidedignas.com.mx\\\/index.php\\\/2022\\\/07\\\/08\\\/estudiante-piloto-muere-por-piquete-de-mosquito-le-provoco-una-infeccion-en-el-cerebro\\\/#breadcrumb\",\"itemListElement\":[{\"@type\":\"ListItem\",\"position\":1,\"name\":\"Inicio\",\"item\":\"https:\\\/\\\/fuentesfidedignas.com.mx\\\/\"},{\"@type\":\"ListItem\",\"position\":2,\"name\":\"Estudiante piloto muere por piquete de mosquito; le provoc\u00f3 una infecci\u00f3n en el cerebro\"}]},{\"@type\":\"WebSite\",\"@id\":\"https:\\\/\\\/fuentesfidedignas.com.mx\\\/#website\",\"url\":\"https:\\\/\\\/fuentesfidedignas.com.mx\\\/\",\"name\":\"Fuentes Fidedignas\",\"description\":\"Otro sitio realizado con WordPress\",\"publisher\":{\"@id\":\"https:\\\/\\\/fuentesfidedignas.com.mx\\\/#organization\"},\"potentialAction\":[{\"@type\":\"SearchAction\",\"target\":{\"@type\":\"EntryPoint\",\"urlTemplate\":\"https:\\\/\\\/fuentesfidedignas.com.mx\\\/?s={search_term_string}\"},\"query-input\":{\"@type\":\"PropertyValueSpecification\",\"valueRequired\":true,\"valueName\":\"search_term_string\"}}],\"inLanguage\":\"es\"},{\"@type\":\"Organization\",\"@id\":\"https:\\\/\\\/fuentesfidedignas.com.mx\\\/#organization\",\"name\":\"Fuentes Fidedignas\",\"url\":\"https:\\\/\\\/fuentesfidedignas.com.mx\\\/\",\"logo\":{\"@type\":\"ImageObject\",\"inLanguage\":\"es\",\"@id\":\"https:\\\/\\\/fuentesfidedignas.com.mx\\\/#\\\/schema\\\/logo\\\/image\\\/\",\"url\":\"https:\\\/\\\/fuentesfidedignas.com.mx\\\/wp-content\\\/uploads\\\/2021\\\/04\\\/logo-retina.png\",\"contentUrl\":\"https:\\\/\\\/fuentesfidedignas.com.mx\\\/wp-content\\\/uploads\\\/2021\\\/04\\\/logo-retina.png\",\"width\":280,\"height\":51,\"caption\":\"Fuentes Fidedignas\"},\"image\":{\"@id\":\"https:\\\/\\\/fuentesfidedignas.com.mx\\\/#\\\/schema\\\/logo\\\/image\\\/\"},\"sameAs\":[\"https:\\\/\\\/www.facebook.com\\\/Fuentes-Fidedignas-368234489921644\",\"https:\\\/\\\/x.com\\\/fidedignas\"]},{\"@type\":\"Person\",\"@id\":\"https:\\\/\\\/fuentesfidedignas.com.mx\\\/#\\\/schema\\\/person\\\/f030e42657a5a464a8bbd891b1aab6ee\",\"name\":\"Noticieros Televisa\",\"image\":{\"@type\":\"ImageObject\",\"inLanguage\":\"es\",\"@id\":\"https:\\\/\\\/secure.gravatar.com\\\/avatar\\\/0e47b9e785a628831b8fd9eaf15e090e106760a879abbd4a3306f128ef5d43a9?s=96&d=mm&r=g\",\"url\":\"https:\\\/\\\/secure.gravatar.com\\\/avatar\\\/0e47b9e785a628831b8fd9eaf15e090e106760a879abbd4a3306f128ef5d43a9?s=96&d=mm&r=g\",\"contentUrl\":\"https:\\\/\\\/secure.gravatar.com\\\/avatar\\\/0e47b9e785a628831b8fd9eaf15e090e106760a879abbd4a3306f128ef5d43a9?s=96&d=mm&r=g\",\"caption\":\"Noticieros Televisa\"},\"url\":\"https:\\\/\\\/fuentesfidedignas.com.mx\\\/index.php\\\/author\\\/noticieros-televisa\\\/\"}]}<\/script>\n<!-- \/ Yoast SEO plugin. -->","yoast_head_json":{"title":"Estudiante piloto muere por piquete de mosquito; le provoc\u00f3 una infecci\u00f3n en el cerebro - Fuentes Fidedignas","robots":{"index":"index","follow":"follow","max-snippet":"max-snippet:-1","max-image-preview":"max-image-preview:large","max-video-preview":"max-video-preview:-1"},"canonical":"https:\/\/fuentesfidedignas.com.mx\/index.php\/2022\/07\/08\/estudiante-piloto-muere-por-piquete-de-mosquito-le-provoco-una-infeccion-en-el-cerebro\/","og_locale":"es_MX","og_type":"article","og_title":"Estudiante piloto muere por piquete de mosquito; le provoc\u00f3 una infecci\u00f3n en el cerebro - Fuentes Fidedignas","og_description":"Oriana Pepper apenas ten\u00eda 21 a\u00f1os y so\u00f1aba con volar por todo el mundo Una estudiante de piloto de 21 a\u00f1os de Inglaterra muri\u00f3 despu\u00e9s de ser picada por un mosquito en la frente, ya que desarroll\u00f3 una infecci\u00f3n que se extendi\u00f3 a su cerebro. Oriana Pepper estaba en camino de convertirse en una piloto [&hellip;]","og_url":"https:\/\/fuentesfidedignas.com.mx\/index.php\/2022\/07\/08\/estudiante-piloto-muere-por-piquete-de-mosquito-le-provoco-una-infeccion-en-el-cerebro\/","og_site_name":"Fuentes Fidedignas","article_publisher":"https:\/\/www.facebook.com\/Fuentes-Fidedignas-368234489921644","article_published_time":"2022-07-08T12:30:33+00:00","article_modified_time":"2022-07-08T12:30:34+00:00","og_image":[{"width":1267,"height":706,"url":"https:\/\/fuentesfidedignas.com.mx\/wp-content\/uploads\/2022\/07\/PILOTO.jpg","type":"image\/jpeg"}],"author":"Noticieros Televisa","twitter_card":"summary_large_image","twitter_creator":"@fidedignas","twitter_site":"@fidedignas","twitter_misc":{"Escrito por":"Noticieros Televisa","Tiempo de lectura":"2 minutos"},"schema":{"@context":"https:\/\/schema.org","@graph":[{"@type":"Article","@id":"https:\/\/fuentesfidedignas.com.mx\/index.php\/2022\/07\/08\/estudiante-piloto-muere-por-piquete-de-mosquito-le-provoco-una-infeccion-en-el-cerebro\/#article","isPartOf":{"@id":"https:\/\/fuentesfidedignas.com.mx\/index.php\/2022\/07\/08\/estudiante-piloto-muere-por-piquete-de-mosquito-le-provoco-una-infeccion-en-el-cerebro\/"},"author":{"name":"Noticieros Televisa","@id":"https:\/\/fuentesfidedignas.com.mx\/#\/schema\/person\/f030e42657a5a464a8bbd891b1aab6ee"},"headline":"Estudiante piloto muere por piquete de mosquito; le provoc\u00f3 una infecci\u00f3n en el cerebro","datePublished":"2022-07-08T12:30:33+00:00","dateModified":"2022-07-08T12:30:34+00:00","mainEntityOfPage":{"@id":"https:\/\/fuentesfidedignas.com.mx\/index.php\/2022\/07\/08\/estudiante-piloto-muere-por-piquete-de-mosquito-le-provoco-una-infeccion-en-el-cerebro\/"},"wordCount":301,"commentCount":0,"publisher":{"@id":"https:\/\/fuentesfidedignas.com.mx\/#organization"},"image":{"@id":"https:\/\/fuentesfidedignas.com.mx\/index.php\/2022\/07\/08\/estudiante-piloto-muere-por-piquete-de-mosquito-le-provoco-una-infeccion-en-el-cerebro\/#primaryimage"},"thumbnailUrl":"https:\/\/fuentesfidedignas.com.mx\/wp-content\/uploads\/2022\/07\/PILOTO.jpg","keywords":["Asombrosa","Viral"],"articleSection":["LAS ASOMBROSAS"],"inLanguage":"es","potentialAction":[{"@type":"CommentAction","name":"Comment","target":["https:\/\/fuentesfidedignas.com.mx\/index.php\/2022\/07\/08\/estudiante-piloto-muere-por-piquete-de-mosquito-le-provoco-una-infeccion-en-el-cerebro\/#respond"]}]},{"@type":"WebPage","@id":"https:\/\/fuentesfidedignas.com.mx\/index.php\/2022\/07\/08\/estudiante-piloto-muere-por-piquete-de-mosquito-le-provoco-una-infeccion-en-el-cerebro\/","url":"https:\/\/fuentesfidedignas.com.mx\/index.php\/2022\/07\/08\/estudiante-piloto-muere-por-piquete-de-mosquito-le-provoco-una-infeccion-en-el-cerebro\/","name":"Estudiante piloto muere por piquete de mosquito; le provoc\u00f3 una infecci\u00f3n en el cerebro - Fuentes Fidedignas","isPartOf":{"@id":"https:\/\/fuentesfidedignas.com.mx\/#website"},"primaryImageOfPage":{"@id":"https:\/\/fuentesfidedignas.com.mx\/index.php\/2022\/07\/08\/estudiante-piloto-muere-por-piquete-de-mosquito-le-provoco-una-infeccion-en-el-cerebro\/#primaryimage"},"image":{"@id":"https:\/\/fuentesfidedignas.com.mx\/index.php\/2022\/07\/08\/estudiante-piloto-muere-por-piquete-de-mosquito-le-provoco-una-infeccion-en-el-cerebro\/#primaryimage"},"thumbnailUrl":"https:\/\/fuentesfidedignas.com.mx\/wp-content\/uploads\/2022\/07\/PILOTO.jpg","datePublished":"2022-07-08T12:30:33+00:00","dateModified":"2022-07-08T12:30:34+00:00","breadcrumb":{"@id":"https:\/\/fuentesfidedignas.com.mx\/index.php\/2022\/07\/08\/estudiante-piloto-muere-por-piquete-de-mosquito-le-provoco-una-infeccion-en-el-cerebro\/#breadcrumb"},"inLanguage":"es","potentialAction":[{"@type":"ReadAction","target":["https:\/\/fuentesfidedignas.com.mx\/index.php\/2022\/07\/08\/estudiante-piloto-muere-por-piquete-de-mosquito-le-provoco-una-infeccion-en-el-cerebro\/"]}]},{"@type":"ImageObject","inLanguage":"es","@id":"https:\/\/fuentesfidedignas.com.mx\/index.php\/2022\/07\/08\/estudiante-piloto-muere-por-piquete-de-mosquito-le-provoco-una-infeccion-en-el-cerebro\/#primaryimage","url":"https:\/\/fuentesfidedignas.com.mx\/wp-content\/uploads\/2022\/07\/PILOTO.jpg","contentUrl":"https:\/\/fuentesfidedignas.com.mx\/wp-content\/uploads\/2022\/07\/PILOTO.jpg","width":1267,"height":706},{"@type":"BreadcrumbList","@id":"https:\/\/fuentesfidedignas.com.mx\/index.php\/2022\/07\/08\/estudiante-piloto-muere-por-piquete-de-mosquito-le-provoco-una-infeccion-en-el-cerebro\/#breadcrumb","itemListElement":[{"@type":"ListItem","position":1,"name":"Inicio","item":"https:\/\/fuentesfidedignas.com.mx\/"},{"@type":"ListItem","position":2,"name":"Estudiante piloto muere por piquete de mosquito; le provoc\u00f3 una infecci\u00f3n en el cerebro"}]},{"@type":"WebSite","@id":"https:\/\/fuentesfidedignas.com.mx\/#website","url":"https:\/\/fuentesfidedignas.com.mx\/","name":"Fuentes Fidedignas","description":"Otro sitio realizado con WordPress","publisher":{"@id":"https:\/\/fuentesfidedignas.com.mx\/#organization"},"potentialAction":[{"@type":"SearchAction","target":{"@type":"EntryPoint","urlTemplate":"https:\/\/fuentesfidedignas.com.mx\/?s={search_term_string}"},"query-input":{"@type":"PropertyValueSpecification","valueRequired":true,"valueName":"search_term_string"}}],"inLanguage":"es"},{"@type":"Organization","@id":"https:\/\/fuentesfidedignas.com.mx\/#organization","name":"Fuentes Fidedignas","url":"https:\/\/fuentesfidedignas.com.mx\/","logo":{"@type":"ImageObject","inLanguage":"es","@id":"https:\/\/fuentesfidedignas.com.mx\/#\/schema\/logo\/image\/","url":"https:\/\/fuentesfidedignas.com.mx\/wp-content\/uploads\/2021\/04\/logo-retina.png","contentUrl":"https:\/\/fuentesfidedignas.com.mx\/wp-content\/uploads\/2021\/04\/logo-retina.png","width":280,"height":51,"caption":"Fuentes Fidedignas"},"image":{"@id":"https:\/\/fuentesfidedignas.com.mx\/#\/schema\/logo\/image\/"},"sameAs":["https:\/\/www.facebook.com\/Fuentes-Fidedignas-368234489921644","https:\/\/x.com\/fidedignas"]},{"@type":"Person","@id":"https:\/\/fuentesfidedignas.com.mx\/#\/schema\/person\/f030e42657a5a464a8bbd891b1aab6ee","name":"Noticieros Televisa","image":{"@type":"ImageObject","inLanguage":"es","@id":"https:\/\/secure.gravatar.com\/avatar\/0e47b9e785a628831b8fd9eaf15e090e106760a879abbd4a3306f128ef5d43a9?s=96&d=mm&r=g","url":"https:\/\/secure.gravatar.com\/avatar\/0e47b9e785a628831b8fd9eaf15e090e106760a879abbd4a3306f128ef5d43a9?s=96&d=mm&r=g","contentUrl":"https:\/\/secure.gravatar.com\/avatar\/0e47b9e785a628831b8fd9eaf15e090e106760a879abbd4a3306f128ef5d43a9?s=96&d=mm&r=g","caption":"Noticieros Televisa"},"url":"https:\/\/fuentesfidedignas.com.mx\/index.php\/author\/noticieros-televisa\/"}]}},"_links":{"self":[{"href":"https:\/\/fuentesfidedignas.com.mx\/index.php\/wp-json\/wp\/v2\/posts\/36666","targetHints":{"allow":["GET"]}}],"collection":[{"href":"https:\/\/fuentesfidedignas.com.mx\/index.php\/wp-json\/wp\/v2\/posts"}],"about":[{"href":"https:\/\/fuentesfidedignas.com.mx\/index.php\/wp-json\/wp\/v2\/types\/post"}],"author":[{"embeddable":true,"href":"https:\/\/fuentesfidedignas.com.mx\/index.php\/wp-json\/wp\/v2\/users\/46"}],"replies":[{"embeddable":true,"href":"https:\/\/fuentesfidedignas.com.mx\/index.php\/wp-json\/wp\/v2\/comments?post=36666"}],"version-history":[{"count":1,"href":"https:\/\/fuentesfidedignas.com.mx\/index.php\/wp-json\/wp\/v2\/posts\/36666\/revisions"}],"predecessor-version":[{"id":36668,"href":"https:\/\/fuentesfidedignas.com.mx\/index.php\/wp-json\/wp\/v2\/posts\/36666\/revisions\/36668"}],"wp:featuredmedia":[{"embeddable":true,"href":"https:\/\/fuentesfidedignas.com.mx\/index.php\/wp-json\/wp\/v2\/media\/36667"}],"wp:attachment":[{"href":"https:\/\/fuentesfidedignas.com.mx\/index.php\/wp-json\/wp\/v2\/media?parent=36666"}],"wp:term":[{"taxonomy":"category","embeddable":true,"href":"https:\/\/fuentesfidedignas.com.mx\/index.php\/wp-json\/wp\/v2\/categories?post=36666"},{"taxonomy":"post_tag","embeddable":true,"href":"https:\/\/fuentesfidedignas.com.mx\/index.php\/wp-json\/wp\/v2\/tags?post=36666"}],"curies":[{"name":"wp","href":"https:\/\/api.w.org\/{rel}","templated":true}]}}