{"id":36583,"date":"2022-07-07T12:45:53","date_gmt":"2022-07-07T18:45:53","guid":{"rendered":"https:\/\/fuentesfidedignas.com.mx\/?p=36583"},"modified":"2022-07-07T12:45:55","modified_gmt":"2022-07-07T18:45:55","slug":"aun-no-sabes-que-haras-en-vacaciones-esta-es-la-cartelera-de-cursos-de-verano-2022","status":"publish","type":"post","link":"https:\/\/fuentesfidedignas.com.mx\/index.php\/2022\/07\/07\/aun-no-sabes-que-haras-en-vacaciones-esta-es-la-cartelera-de-cursos-de-verano-2022\/","title":{"rendered":"\u00bfA\u00fan no sabes qu\u00e9 har\u00e1s en vacaciones? Esta es la cartelera de Cursos de Verano 2022"},"content":{"rendered":"\n<p><br><\/p>\n\n\n\n<p>Culiac\u00e1n, Sin.- En una acci\u00f3n conjunta entre instituciones municipales y estatales para ofrecer<strong> actividades educativas, culturales y deportivas a ni\u00f1os y adolescentes<\/strong>, el Ayuntamiento de Culiac\u00e1n anunci\u00f3 la cartelera de Cursos de Verano 2022.<\/p>\n\n\n\n<p>La Secretaria de Desarrollo Econ\u00f3mico Municipal, Janet Faviola Tostado Noriega detall\u00f3 que a trav\u00e9s de esta colaboraci\u00f3n se busca ofrecer una serie de cursos para el fomento de actividades enfocadas en el aprendizaje y diversi\u00f3n de los ni\u00f1os y j\u00f3venes con la finalidad de potenciar las herramientas para su desarrollo personal, f\u00edsico y cognitivo.<\/p>\n\n\n\n<p>\u201c<em>Desde el Ayuntamiento de Culiac\u00e1n estamos buscando potencializar este tipo de cursos ahora en este verano 2022, para que los padres y madres de familia se acerquen a las instituciones, hay tiempo todav\u00eda, algunos cursos ya iniciaron, pero la mayor\u00eda est\u00e1n por empezar para concluir el 15 de agosto<\/em>\u201d, resalt\u00f3 la funcionaria municipal.<\/p>\n\n\n\n<p>En dicha cartelera, el <strong>Museo Interactivo sobre las Adicciones<\/strong> (MIA), ofrecer\u00e1 talleres de teatro, m\u00fasica, danza, artes pl\u00e1sticas y pl\u00e1ticas de prevenci\u00f3n de las adicciones a trav\u00e9s del programa \u201cM\u00cdA Encanta\u201d con un costo total de 2 mil 150 pesos a partir del 18 al 5 de agosto.<\/p>\n\n\n\n<p>Por su parte, el <strong>Parque Culiac\u00e1n <\/strong>tendr\u00e1 disponibles cursos de nataci\u00f3n, juegos recreativos, voleibol, tenis y karate. Mientras que el <strong>Zool\u00f3gico de Culiac\u00e1n<\/strong> y la <strong>Sociedad Art\u00edstica Sinaloense<\/strong>, ofrecer\u00e1n manualidades, actividades de granjita, campamento, b\u00fasqueda del tesoro, fotograf\u00eda y cr\u00edtica del cine.<\/p>\n\n\n\n<p>De igual forma, el <strong>Centro de Ciencias<\/strong> contar\u00e1, como desde hace 30 a\u00f1os, con el taller \u201c<em>Jugando con la Electr\u00f3nica<\/em>\u201d. Otra de las instituciones participantes son el Instituto Sinaloense de Cultura, y el Museo y Arte de Sinaloa a trav\u00e9s de sus talleres de arte, teatro y fotograf\u00eda.<\/p>\n\n\n\n<p>Finalmente, el <strong>Jard\u00edn Bot\u00e1nico<\/strong> tambi\u00e9n se suma a esta importante oferta con actividades familiares, recorridos, cuentacuentos y clubes de libros.<\/p>\n\n\n\n<p>Ante la gran variedad de actividades, el Ayuntamiento de Culiac\u00e1n invita a las familias culiacanenses a participar y acercar a sus familiares a los diversos talleres, mismos que contar\u00e1n con descuentos y promociones a los primeros diez ni\u00f1os con promedio escolar superior a 9.0 de promedio, todo ello para garantizar el bienestar en todos los rubros.<\/p>\n\n\n\n<figure class=\"wp-block-image size-large\"><img decoding=\"async\" width=\"804\" height=\"1024\" src=\"https:\/\/fuentesfidedignas.com.mx\/wp-content\/uploads\/2022\/07\/38748a8e-2032-40c9-9f28-2abcd8ad203c-804x1024.jpg\" alt=\"\" class=\"wp-image-36584\" srcset=\"https:\/\/fuentesfidedignas.com.mx\/wp-content\/uploads\/2022\/07\/38748a8e-2032-40c9-9f28-2abcd8ad203c-804x1024.jpg 804w, https:\/\/fuentesfidedignas.com.mx\/wp-content\/uploads\/2022\/07\/38748a8e-2032-40c9-9f28-2abcd8ad203c-236x300.jpg 236w, https:\/\/fuentesfidedignas.com.mx\/wp-content\/uploads\/2022\/07\/38748a8e-2032-40c9-9f28-2abcd8ad203c-768x978.jpg 768w, https:\/\/fuentesfidedignas.com.mx\/wp-content\/uploads\/2022\/07\/38748a8e-2032-40c9-9f28-2abcd8ad203c-696x886.jpg 696w, https:\/\/fuentesfidedignas.com.mx\/wp-content\/uploads\/2022\/07\/38748a8e-2032-40c9-9f28-2abcd8ad203c-330x420.jpg 330w, https:\/\/fuentesfidedignas.com.mx\/wp-content\/uploads\/2022\/07\/38748a8e-2032-40c9-9f28-2abcd8ad203c.jpg 1005w\" sizes=\"(max-width: 804px) 100vw, 804px\" \/><\/figure>\n","protected":false},"excerpt":{"rendered":"<p>Culiac\u00e1n, Sin.- En una acci\u00f3n conjunta entre instituciones municipales y estatales para ofrecer actividades educativas, culturales y deportivas a ni\u00f1os y adolescentes, el Ayuntamiento de Culiac\u00e1n anunci\u00f3 la cartelera de Cursos de Verano 2022. La Secretaria de Desarrollo Econ\u00f3mico Municipal, Janet Faviola Tostado Noriega detall\u00f3 que a trav\u00e9s de esta colaboraci\u00f3n se busca ofrecer una [&hellip;]<\/p>\n","protected":false},"author":4,"featured_media":36585,"comment_status":"open","ping_status":"open","sticky":false,"template":"","format":"standard","meta":{"tdm_status":"","tdm_grid_status":"","footnotes":""},"categories":[38],"tags":[],"class_list":{"0":"post-36583","1":"post","2":"type-post","3":"status-publish","4":"format-standard","5":"has-post-thumbnail","7":"category-noticias-locales"},"yoast_head":"<!-- This site is optimized with the Yoast SEO plugin v27.5 - https:\/\/yoast.com\/product\/yoast-seo-wordpress\/ -->\n<title>\u00bfA\u00fan no sabes qu\u00e9 har\u00e1s en vacaciones? Esta es la cartelera de Cursos de Verano 2022 - Fuentes Fidedignas<\/title>\n<meta name=\"robots\" content=\"index, follow, max-snippet:-1, max-image-preview:large, max-video-preview:-1\" \/>\n<link rel=\"canonical\" href=\"https:\/\/fuentesfidedignas.com.mx\/index.php\/2022\/07\/07\/aun-no-sabes-que-haras-en-vacaciones-esta-es-la-cartelera-de-cursos-de-verano-2022\/\" \/>\n<meta property=\"og:locale\" content=\"es_MX\" \/>\n<meta property=\"og:type\" content=\"article\" \/>\n<meta property=\"og:title\" content=\"\u00bfA\u00fan no sabes qu\u00e9 har\u00e1s en vacaciones? Esta es la cartelera de Cursos de Verano 2022 - Fuentes Fidedignas\" \/>\n<meta property=\"og:description\" content=\"Culiac\u00e1n, Sin.- En una acci\u00f3n conjunta entre instituciones municipales y estatales para ofrecer actividades educativas, culturales y deportivas a ni\u00f1os y adolescentes, el Ayuntamiento de Culiac\u00e1n anunci\u00f3 la cartelera de Cursos de Verano 2022. La Secretaria de Desarrollo Econ\u00f3mico Municipal, Janet Faviola Tostado Noriega detall\u00f3 que a trav\u00e9s de esta colaboraci\u00f3n se busca ofrecer una [&hellip;]\" \/>\n<meta property=\"og:url\" content=\"https:\/\/fuentesfidedignas.com.mx\/index.php\/2022\/07\/07\/aun-no-sabes-que-haras-en-vacaciones-esta-es-la-cartelera-de-cursos-de-verano-2022\/\" \/>\n<meta property=\"og:site_name\" content=\"Fuentes Fidedignas\" \/>\n<meta property=\"article:publisher\" content=\"https:\/\/www.facebook.com\/Fuentes-Fidedignas-368234489921644\" \/>\n<meta property=\"article:published_time\" content=\"2022-07-07T18:45:53+00:00\" \/>\n<meta property=\"article:modified_time\" content=\"2022-07-07T18:45:55+00:00\" \/>\n<meta property=\"og:image\" content=\"https:\/\/fuentesfidedignas.com.mx\/wp-content\/uploads\/2022\/07\/1706174-2.jpg\" \/>\n\t<meta property=\"og:image:width\" content=\"1300\" \/>\n\t<meta property=\"og:image:height\" content=\"867\" \/>\n\t<meta property=\"og:image:type\" content=\"image\/jpeg\" \/>\n<meta name=\"author\" content=\"Redacci\u00f3n\" \/>\n<meta name=\"twitter:card\" content=\"summary_large_image\" \/>\n<meta name=\"twitter:creator\" content=\"@fidedignas\" \/>\n<meta name=\"twitter:site\" content=\"@fidedignas\" \/>\n<meta name=\"twitter:label1\" content=\"Escrito por\" \/>\n\t<meta name=\"twitter:data1\" content=\"Redacci\u00f3n\" \/>\n\t<meta name=\"twitter:label2\" content=\"Tiempo de lectura\" \/>\n\t<meta name=\"twitter:data2\" content=\"2 minutos\" \/>\n<script type=\"application\/ld+json\" class=\"yoast-schema-graph\">{\"@context\":\"https:\\\/\\\/schema.org\",\"@graph\":[{\"@type\":\"Article\",\"@id\":\"https:\\\/\\\/fuentesfidedignas.com.mx\\\/index.php\\\/2022\\\/07\\\/07\\\/aun-no-sabes-que-haras-en-vacaciones-esta-es-la-cartelera-de-cursos-de-verano-2022\\\/#article\",\"isPartOf\":{\"@id\":\"https:\\\/\\\/fuentesfidedignas.com.mx\\\/index.php\\\/2022\\\/07\\\/07\\\/aun-no-sabes-que-haras-en-vacaciones-esta-es-la-cartelera-de-cursos-de-verano-2022\\\/\"},\"author\":{\"name\":\"Redacci\u00f3n\",\"@id\":\"https:\\\/\\\/fuentesfidedignas.com.mx\\\/#\\\/schema\\\/person\\\/331be9283d37198e2acd5750279085b0\"},\"headline\":\"\u00bfA\u00fan no sabes qu\u00e9 har\u00e1s en vacaciones? Esta es la cartelera de Cursos de Verano 2022\",\"datePublished\":\"2022-07-07T18:45:53+00:00\",\"dateModified\":\"2022-07-07T18:45:55+00:00\",\"mainEntityOfPage\":{\"@id\":\"https:\\\/\\\/fuentesfidedignas.com.mx\\\/index.php\\\/2022\\\/07\\\/07\\\/aun-no-sabes-que-haras-en-vacaciones-esta-es-la-cartelera-de-cursos-de-verano-2022\\\/\"},\"wordCount\":404,\"commentCount\":0,\"publisher\":{\"@id\":\"https:\\\/\\\/fuentesfidedignas.com.mx\\\/#organization\"},\"image\":{\"@id\":\"https:\\\/\\\/fuentesfidedignas.com.mx\\\/index.php\\\/2022\\\/07\\\/07\\\/aun-no-sabes-que-haras-en-vacaciones-esta-es-la-cartelera-de-cursos-de-verano-2022\\\/#primaryimage\"},\"thumbnailUrl\":\"https:\\\/\\\/fuentesfidedignas.com.mx\\\/wp-content\\\/uploads\\\/2022\\\/07\\\/1706174-2.jpg\",\"articleSection\":[\"NOTICIAS LOCALES\"],\"inLanguage\":\"es\",\"potentialAction\":[{\"@type\":\"CommentAction\",\"name\":\"Comment\",\"target\":[\"https:\\\/\\\/fuentesfidedignas.com.mx\\\/index.php\\\/2022\\\/07\\\/07\\\/aun-no-sabes-que-haras-en-vacaciones-esta-es-la-cartelera-de-cursos-de-verano-2022\\\/#respond\"]}]},{\"@type\":\"WebPage\",\"@id\":\"https:\\\/\\\/fuentesfidedignas.com.mx\\\/index.php\\\/2022\\\/07\\\/07\\\/aun-no-sabes-que-haras-en-vacaciones-esta-es-la-cartelera-de-cursos-de-verano-2022\\\/\",\"url\":\"https:\\\/\\\/fuentesfidedignas.com.mx\\\/index.php\\\/2022\\\/07\\\/07\\\/aun-no-sabes-que-haras-en-vacaciones-esta-es-la-cartelera-de-cursos-de-verano-2022\\\/\",\"name\":\"\u00bfA\u00fan no sabes qu\u00e9 har\u00e1s en vacaciones? Esta es la cartelera de Cursos de Verano 2022 - Fuentes Fidedignas\",\"isPartOf\":{\"@id\":\"https:\\\/\\\/fuentesfidedignas.com.mx\\\/#website\"},\"primaryImageOfPage\":{\"@id\":\"https:\\\/\\\/fuentesfidedignas.com.mx\\\/index.php\\\/2022\\\/07\\\/07\\\/aun-no-sabes-que-haras-en-vacaciones-esta-es-la-cartelera-de-cursos-de-verano-2022\\\/#primaryimage\"},\"image\":{\"@id\":\"https:\\\/\\\/fuentesfidedignas.com.mx\\\/index.php\\\/2022\\\/07\\\/07\\\/aun-no-sabes-que-haras-en-vacaciones-esta-es-la-cartelera-de-cursos-de-verano-2022\\\/#primaryimage\"},\"thumbnailUrl\":\"https:\\\/\\\/fuentesfidedignas.com.mx\\\/wp-content\\\/uploads\\\/2022\\\/07\\\/1706174-2.jpg\",\"datePublished\":\"2022-07-07T18:45:53+00:00\",\"dateModified\":\"2022-07-07T18:45:55+00:00\",\"breadcrumb\":{\"@id\":\"https:\\\/\\\/fuentesfidedignas.com.mx\\\/index.php\\\/2022\\\/07\\\/07\\\/aun-no-sabes-que-haras-en-vacaciones-esta-es-la-cartelera-de-cursos-de-verano-2022\\\/#breadcrumb\"},\"inLanguage\":\"es\",\"potentialAction\":[{\"@type\":\"ReadAction\",\"target\":[\"https:\\\/\\\/fuentesfidedignas.com.mx\\\/index.php\\\/2022\\\/07\\\/07\\\/aun-no-sabes-que-haras-en-vacaciones-esta-es-la-cartelera-de-cursos-de-verano-2022\\\/\"]}]},{\"@type\":\"ImageObject\",\"inLanguage\":\"es\",\"@id\":\"https:\\\/\\\/fuentesfidedignas.com.mx\\\/index.php\\\/2022\\\/07\\\/07\\\/aun-no-sabes-que-haras-en-vacaciones-esta-es-la-cartelera-de-cursos-de-verano-2022\\\/#primaryimage\",\"url\":\"https:\\\/\\\/fuentesfidedignas.com.mx\\\/wp-content\\\/uploads\\\/2022\\\/07\\\/1706174-2.jpg\",\"contentUrl\":\"https:\\\/\\\/fuentesfidedignas.com.mx\\\/wp-content\\\/uploads\\\/2022\\\/07\\\/1706174-2.jpg\",\"width\":1300,\"height\":867},{\"@type\":\"BreadcrumbList\",\"@id\":\"https:\\\/\\\/fuentesfidedignas.com.mx\\\/index.php\\\/2022\\\/07\\\/07\\\/aun-no-sabes-que-haras-en-vacaciones-esta-es-la-cartelera-de-cursos-de-verano-2022\\\/#breadcrumb\",\"itemListElement\":[{\"@type\":\"ListItem\",\"position\":1,\"name\":\"Inicio\",\"item\":\"https:\\\/\\\/fuentesfidedignas.com.mx\\\/\"},{\"@type\":\"ListItem\",\"position\":2,\"name\":\"\u00bfA\u00fan no sabes qu\u00e9 har\u00e1s en vacaciones? Esta es la cartelera de Cursos de Verano 2022\"}]},{\"@type\":\"WebSite\",\"@id\":\"https:\\\/\\\/fuentesfidedignas.com.mx\\\/#website\",\"url\":\"https:\\\/\\\/fuentesfidedignas.com.mx\\\/\",\"name\":\"Fuentes Fidedignas\",\"description\":\"Otro sitio realizado con WordPress\",\"publisher\":{\"@id\":\"https:\\\/\\\/fuentesfidedignas.com.mx\\\/#organization\"},\"potentialAction\":[{\"@type\":\"SearchAction\",\"target\":{\"@type\":\"EntryPoint\",\"urlTemplate\":\"https:\\\/\\\/fuentesfidedignas.com.mx\\\/?s={search_term_string}\"},\"query-input\":{\"@type\":\"PropertyValueSpecification\",\"valueRequired\":true,\"valueName\":\"search_term_string\"}}],\"inLanguage\":\"es\"},{\"@type\":\"Organization\",\"@id\":\"https:\\\/\\\/fuentesfidedignas.com.mx\\\/#organization\",\"name\":\"Fuentes Fidedignas\",\"url\":\"https:\\\/\\\/fuentesfidedignas.com.mx\\\/\",\"logo\":{\"@type\":\"ImageObject\",\"inLanguage\":\"es\",\"@id\":\"https:\\\/\\\/fuentesfidedignas.com.mx\\\/#\\\/schema\\\/logo\\\/image\\\/\",\"url\":\"https:\\\/\\\/fuentesfidedignas.com.mx\\\/wp-content\\\/uploads\\\/2021\\\/04\\\/logo-retina.png\",\"contentUrl\":\"https:\\\/\\\/fuentesfidedignas.com.mx\\\/wp-content\\\/uploads\\\/2021\\\/04\\\/logo-retina.png\",\"width\":280,\"height\":51,\"caption\":\"Fuentes Fidedignas\"},\"image\":{\"@id\":\"https:\\\/\\\/fuentesfidedignas.com.mx\\\/#\\\/schema\\\/logo\\\/image\\\/\"},\"sameAs\":[\"https:\\\/\\\/www.facebook.com\\\/Fuentes-Fidedignas-368234489921644\",\"https:\\\/\\\/x.com\\\/fidedignas\"]},{\"@type\":\"Person\",\"@id\":\"https:\\\/\\\/fuentesfidedignas.com.mx\\\/#\\\/schema\\\/person\\\/331be9283d37198e2acd5750279085b0\",\"name\":\"Redacci\u00f3n\",\"image\":{\"@type\":\"ImageObject\",\"inLanguage\":\"es\",\"@id\":\"https:\\\/\\\/secure.gravatar.com\\\/avatar\\\/f6d8782c11d12b2d4ad3fbb6931aeab5309937a4d6cd2fc9cfaa28a6396a5aec?s=96&d=mm&r=g\",\"url\":\"https:\\\/\\\/secure.gravatar.com\\\/avatar\\\/f6d8782c11d12b2d4ad3fbb6931aeab5309937a4d6cd2fc9cfaa28a6396a5aec?s=96&d=mm&r=g\",\"contentUrl\":\"https:\\\/\\\/secure.gravatar.com\\\/avatar\\\/f6d8782c11d12b2d4ad3fbb6931aeab5309937a4d6cd2fc9cfaa28a6396a5aec?s=96&d=mm&r=g\",\"caption\":\"Redacci\u00f3n\"},\"url\":\"https:\\\/\\\/fuentesfidedignas.com.mx\\\/index.php\\\/author\\\/redaccion\\\/\"}]}<\/script>\n<!-- \/ Yoast SEO plugin. -->","yoast_head_json":{"title":"\u00bfA\u00fan no sabes qu\u00e9 har\u00e1s en vacaciones? Esta es la cartelera de Cursos de Verano 2022 - Fuentes Fidedignas","robots":{"index":"index","follow":"follow","max-snippet":"max-snippet:-1","max-image-preview":"max-image-preview:large","max-video-preview":"max-video-preview:-1"},"canonical":"https:\/\/fuentesfidedignas.com.mx\/index.php\/2022\/07\/07\/aun-no-sabes-que-haras-en-vacaciones-esta-es-la-cartelera-de-cursos-de-verano-2022\/","og_locale":"es_MX","og_type":"article","og_title":"\u00bfA\u00fan no sabes qu\u00e9 har\u00e1s en vacaciones? Esta es la cartelera de Cursos de Verano 2022 - Fuentes Fidedignas","og_description":"Culiac\u00e1n, Sin.- En una acci\u00f3n conjunta entre instituciones municipales y estatales para ofrecer actividades educativas, culturales y deportivas a ni\u00f1os y adolescentes, el Ayuntamiento de Culiac\u00e1n anunci\u00f3 la cartelera de Cursos de Verano 2022. La Secretaria de Desarrollo Econ\u00f3mico Municipal, Janet Faviola Tostado Noriega detall\u00f3 que a trav\u00e9s de esta colaboraci\u00f3n se busca ofrecer una [&hellip;]","og_url":"https:\/\/fuentesfidedignas.com.mx\/index.php\/2022\/07\/07\/aun-no-sabes-que-haras-en-vacaciones-esta-es-la-cartelera-de-cursos-de-verano-2022\/","og_site_name":"Fuentes Fidedignas","article_publisher":"https:\/\/www.facebook.com\/Fuentes-Fidedignas-368234489921644","article_published_time":"2022-07-07T18:45:53+00:00","article_modified_time":"2022-07-07T18:45:55+00:00","og_image":[{"width":1300,"height":867,"url":"https:\/\/fuentesfidedignas.com.mx\/wp-content\/uploads\/2022\/07\/1706174-2.jpg","type":"image\/jpeg"}],"author":"Redacci\u00f3n","twitter_card":"summary_large_image","twitter_creator":"@fidedignas","twitter_site":"@fidedignas","twitter_misc":{"Escrito por":"Redacci\u00f3n","Tiempo de lectura":"2 minutos"},"schema":{"@context":"https:\/\/schema.org","@graph":[{"@type":"Article","@id":"https:\/\/fuentesfidedignas.com.mx\/index.php\/2022\/07\/07\/aun-no-sabes-que-haras-en-vacaciones-esta-es-la-cartelera-de-cursos-de-verano-2022\/#article","isPartOf":{"@id":"https:\/\/fuentesfidedignas.com.mx\/index.php\/2022\/07\/07\/aun-no-sabes-que-haras-en-vacaciones-esta-es-la-cartelera-de-cursos-de-verano-2022\/"},"author":{"name":"Redacci\u00f3n","@id":"https:\/\/fuentesfidedignas.com.mx\/#\/schema\/person\/331be9283d37198e2acd5750279085b0"},"headline":"\u00bfA\u00fan no sabes qu\u00e9 har\u00e1s en vacaciones? Esta es la cartelera de Cursos de Verano 2022","datePublished":"2022-07-07T18:45:53+00:00","dateModified":"2022-07-07T18:45:55+00:00","mainEntityOfPage":{"@id":"https:\/\/fuentesfidedignas.com.mx\/index.php\/2022\/07\/07\/aun-no-sabes-que-haras-en-vacaciones-esta-es-la-cartelera-de-cursos-de-verano-2022\/"},"wordCount":404,"commentCount":0,"publisher":{"@id":"https:\/\/fuentesfidedignas.com.mx\/#organization"},"image":{"@id":"https:\/\/fuentesfidedignas.com.mx\/index.php\/2022\/07\/07\/aun-no-sabes-que-haras-en-vacaciones-esta-es-la-cartelera-de-cursos-de-verano-2022\/#primaryimage"},"thumbnailUrl":"https:\/\/fuentesfidedignas.com.mx\/wp-content\/uploads\/2022\/07\/1706174-2.jpg","articleSection":["NOTICIAS LOCALES"],"inLanguage":"es","potentialAction":[{"@type":"CommentAction","name":"Comment","target":["https:\/\/fuentesfidedignas.com.mx\/index.php\/2022\/07\/07\/aun-no-sabes-que-haras-en-vacaciones-esta-es-la-cartelera-de-cursos-de-verano-2022\/#respond"]}]},{"@type":"WebPage","@id":"https:\/\/fuentesfidedignas.com.mx\/index.php\/2022\/07\/07\/aun-no-sabes-que-haras-en-vacaciones-esta-es-la-cartelera-de-cursos-de-verano-2022\/","url":"https:\/\/fuentesfidedignas.com.mx\/index.php\/2022\/07\/07\/aun-no-sabes-que-haras-en-vacaciones-esta-es-la-cartelera-de-cursos-de-verano-2022\/","name":"\u00bfA\u00fan no sabes qu\u00e9 har\u00e1s en vacaciones? Esta es la cartelera de Cursos de Verano 2022 - Fuentes Fidedignas","isPartOf":{"@id":"https:\/\/fuentesfidedignas.com.mx\/#website"},"primaryImageOfPage":{"@id":"https:\/\/fuentesfidedignas.com.mx\/index.php\/2022\/07\/07\/aun-no-sabes-que-haras-en-vacaciones-esta-es-la-cartelera-de-cursos-de-verano-2022\/#primaryimage"},"image":{"@id":"https:\/\/fuentesfidedignas.com.mx\/index.php\/2022\/07\/07\/aun-no-sabes-que-haras-en-vacaciones-esta-es-la-cartelera-de-cursos-de-verano-2022\/#primaryimage"},"thumbnailUrl":"https:\/\/fuentesfidedignas.com.mx\/wp-content\/uploads\/2022\/07\/1706174-2.jpg","datePublished":"2022-07-07T18:45:53+00:00","dateModified":"2022-07-07T18:45:55+00:00","breadcrumb":{"@id":"https:\/\/fuentesfidedignas.com.mx\/index.php\/2022\/07\/07\/aun-no-sabes-que-haras-en-vacaciones-esta-es-la-cartelera-de-cursos-de-verano-2022\/#breadcrumb"},"inLanguage":"es","potentialAction":[{"@type":"ReadAction","target":["https:\/\/fuentesfidedignas.com.mx\/index.php\/2022\/07\/07\/aun-no-sabes-que-haras-en-vacaciones-esta-es-la-cartelera-de-cursos-de-verano-2022\/"]}]},{"@type":"ImageObject","inLanguage":"es","@id":"https:\/\/fuentesfidedignas.com.mx\/index.php\/2022\/07\/07\/aun-no-sabes-que-haras-en-vacaciones-esta-es-la-cartelera-de-cursos-de-verano-2022\/#primaryimage","url":"https:\/\/fuentesfidedignas.com.mx\/wp-content\/uploads\/2022\/07\/1706174-2.jpg","contentUrl":"https:\/\/fuentesfidedignas.com.mx\/wp-content\/uploads\/2022\/07\/1706174-2.jpg","width":1300,"height":867},{"@type":"BreadcrumbList","@id":"https:\/\/fuentesfidedignas.com.mx\/index.php\/2022\/07\/07\/aun-no-sabes-que-haras-en-vacaciones-esta-es-la-cartelera-de-cursos-de-verano-2022\/#breadcrumb","itemListElement":[{"@type":"ListItem","position":1,"name":"Inicio","item":"https:\/\/fuentesfidedignas.com.mx\/"},{"@type":"ListItem","position":2,"name":"\u00bfA\u00fan no sabes qu\u00e9 har\u00e1s en vacaciones? Esta es la cartelera de Cursos de Verano 2022"}]},{"@type":"WebSite","@id":"https:\/\/fuentesfidedignas.com.mx\/#website","url":"https:\/\/fuentesfidedignas.com.mx\/","name":"Fuentes Fidedignas","description":"Otro sitio realizado con WordPress","publisher":{"@id":"https:\/\/fuentesfidedignas.com.mx\/#organization"},"potentialAction":[{"@type":"SearchAction","target":{"@type":"EntryPoint","urlTemplate":"https:\/\/fuentesfidedignas.com.mx\/?s={search_term_string}"},"query-input":{"@type":"PropertyValueSpecification","valueRequired":true,"valueName":"search_term_string"}}],"inLanguage":"es"},{"@type":"Organization","@id":"https:\/\/fuentesfidedignas.com.mx\/#organization","name":"Fuentes Fidedignas","url":"https:\/\/fuentesfidedignas.com.mx\/","logo":{"@type":"ImageObject","inLanguage":"es","@id":"https:\/\/fuentesfidedignas.com.mx\/#\/schema\/logo\/image\/","url":"https:\/\/fuentesfidedignas.com.mx\/wp-content\/uploads\/2021\/04\/logo-retina.png","contentUrl":"https:\/\/fuentesfidedignas.com.mx\/wp-content\/uploads\/2021\/04\/logo-retina.png","width":280,"height":51,"caption":"Fuentes Fidedignas"},"image":{"@id":"https:\/\/fuentesfidedignas.com.mx\/#\/schema\/logo\/image\/"},"sameAs":["https:\/\/www.facebook.com\/Fuentes-Fidedignas-368234489921644","https:\/\/x.com\/fidedignas"]},{"@type":"Person","@id":"https:\/\/fuentesfidedignas.com.mx\/#\/schema\/person\/331be9283d37198e2acd5750279085b0","name":"Redacci\u00f3n","image":{"@type":"ImageObject","inLanguage":"es","@id":"https:\/\/secure.gravatar.com\/avatar\/f6d8782c11d12b2d4ad3fbb6931aeab5309937a4d6cd2fc9cfaa28a6396a5aec?s=96&d=mm&r=g","url":"https:\/\/secure.gravatar.com\/avatar\/f6d8782c11d12b2d4ad3fbb6931aeab5309937a4d6cd2fc9cfaa28a6396a5aec?s=96&d=mm&r=g","contentUrl":"https:\/\/secure.gravatar.com\/avatar\/f6d8782c11d12b2d4ad3fbb6931aeab5309937a4d6cd2fc9cfaa28a6396a5aec?s=96&d=mm&r=g","caption":"Redacci\u00f3n"},"url":"https:\/\/fuentesfidedignas.com.mx\/index.php\/author\/redaccion\/"}]}},"_links":{"self":[{"href":"https:\/\/fuentesfidedignas.com.mx\/index.php\/wp-json\/wp\/v2\/posts\/36583","targetHints":{"allow":["GET"]}}],"collection":[{"href":"https:\/\/fuentesfidedignas.com.mx\/index.php\/wp-json\/wp\/v2\/posts"}],"about":[{"href":"https:\/\/fuentesfidedignas.com.mx\/index.php\/wp-json\/wp\/v2\/types\/post"}],"author":[{"embeddable":true,"href":"https:\/\/fuentesfidedignas.com.mx\/index.php\/wp-json\/wp\/v2\/users\/4"}],"replies":[{"embeddable":true,"href":"https:\/\/fuentesfidedignas.com.mx\/index.php\/wp-json\/wp\/v2\/comments?post=36583"}],"version-history":[{"count":1,"href":"https:\/\/fuentesfidedignas.com.mx\/index.php\/wp-json\/wp\/v2\/posts\/36583\/revisions"}],"predecessor-version":[{"id":36586,"href":"https:\/\/fuentesfidedignas.com.mx\/index.php\/wp-json\/wp\/v2\/posts\/36583\/revisions\/36586"}],"wp:featuredmedia":[{"embeddable":true,"href":"https:\/\/fuentesfidedignas.com.mx\/index.php\/wp-json\/wp\/v2\/media\/36585"}],"wp:attachment":[{"href":"https:\/\/fuentesfidedignas.com.mx\/index.php\/wp-json\/wp\/v2\/media?parent=36583"}],"wp:term":[{"taxonomy":"category","embeddable":true,"href":"https:\/\/fuentesfidedignas.com.mx\/index.php\/wp-json\/wp\/v2\/categories?post=36583"},{"taxonomy":"post_tag","embeddable":true,"href":"https:\/\/fuentesfidedignas.com.mx\/index.php\/wp-json\/wp\/v2\/tags?post=36583"}],"curies":[{"name":"wp","href":"https:\/\/api.w.org\/{rel}","templated":true}]}}