{"id":36489,"date":"2022-07-06T13:04:53","date_gmt":"2022-07-06T19:04:53","guid":{"rendered":"https:\/\/fuentesfidedignas.com.mx\/?p=36489"},"modified":"2022-07-06T13:06:36","modified_gmt":"2022-07-06T19:06:36","slug":"ahome-transforma-su-imagen-urbana-rehabilita-calles-en-el-centro-de-los-mochis","status":"publish","type":"post","link":"https:\/\/fuentesfidedignas.com.mx\/index.php\/2022\/07\/06\/ahome-transforma-su-imagen-urbana-rehabilita-calles-en-el-centro-de-los-mochis\/","title":{"rendered":"Ahome transforma su imagen urbana; rehabilita calles en el Centro de Los Mochis"},"content":{"rendered":"\n<p><strong><em>El Alcalde Gerardo Vargas Landeros, subray\u00f3 que dicha obra se ejecut\u00f3 con una inversi\u00f3n aproximada a 1.6 mdp\u2026<\/em><\/strong><\/p>\n\n\n\n<p>Los Mochis, Ahome.- Con una inversi\u00f3n de alrededor de 1.6 mdp, se paviment\u00f3 la calle Zaragoza, entre Marcial Ord\u00f3\u00f1ez y Cuauht\u00e9moc, adjunto al Mercado Zona 30, la cual presenta una nueva imagen urbana que ha cautivado a los comerciantes y usuarios de ese populoso sector.<\/p>\n\n\n\n<p>Para la ceremonia p\u00fablica de entrega de los trabajos, que tuvieron una inversi\u00f3n de alrededor de 1.6 millones de pesos, y que consistieron en una estrategia de trabajo transversal de diversas dependencias del Gobierno Municipal, incluyeron reposici\u00f3n del pavimento de concreto hidr\u00e1ulico, banquetas, l\u00ednea podo t\u00e1ctil para discapacitados visuales y rampas para minusv\u00e1lidos, reposici\u00f3n de redes el\u00e9ctricas, agua potable y alcantarillado, as\u00ed como toldos uniformes y en breve nomenclatura comercial tambi\u00e9n uniforme con la participaci\u00f3n de los comerciantes.<\/p>\n\n\n\n<p>\u201cSi vemos c\u00f3mo estaba, y c\u00f3mo est\u00e1 ahora, podemos verificar qu\u00e9 estamos cumpliendo el ofrecimiento y estrategia incluida en el Plan Municipal de Desarrollo de priorizar al peat\u00f3n\u201d, expres\u00f3 el presidente municipal Gerardo Vargas Landeros, en su mensaje.<\/p>\n\n\n\n<p>A\u00f1adi\u00f3 que algunos de los vecinos comerciantes de ese sector, como el l\u00edder transportista, Armando Pineda, que tiene m\u00e1s de 50 a\u00f1os en esa calle, es testigo de que hac\u00eda d\u00e9cadas que no se atend\u00eda ese sector&#8217;.<\/p>\n\n\n\n<p>El Alcalde asever\u00f3 \u201cHemos logrado una estrategia de trabajo transversal entre dependencias como Obras P\u00fablicas, Comisi\u00f3n Municipal de Desarrollo de Centros Poblados COMUN, Junta de Agua Potable y Alcantarillado del Municipio de Ahome JAPAMA, Servicios Municipales e Instituto Municipal de Planeaci\u00f3n IMPLAN, entre otras, quienes est\u00e1n logrando un cambio para bien de la imagen urbana de la ciudad de Los Mochis y el Municipio de Ahome\u201d.<\/p>\n\n\n\n<p>En representaci\u00f3n de los comerciantes del sector, habl\u00f3 Alma Leticia Obeso L\u00f3pez, del local del Pollo Feliz, quien coment\u00f3 que tanto ellos como empleados comerciales, y sus usuarios, est\u00e1n contentos con la transformaci\u00f3n que se dio a ese sector, y sin costo para ellos.<\/p>\n\n\n\n<p>Por su parte, el Secretario de Obras P\u00fablicas, Urbanismo y Ecolog\u00eda, Jaime Romero Barrera, explic\u00f3 que, est\u00e1s acciones de rehabilitaci\u00f3n, rescate y transformaci\u00f3n de zonas urbanas de Los Mochis y el Municipio continuar\u00e1n, atendiendo la instrucci\u00f3n del Alcalde Gerardo Vargas Landeros.<\/p>\n\n\n\n<p>Tambi\u00e9n pidi\u00f3 a los comerciantes y a la poblaci\u00f3n en general, ayudar manteniendo limpias las zonas renovadas, y no descargar desperdicios y grasas a los drenajes, para conservar mejor y m\u00e1s tiempo posible estas obras.<\/p>\n\n\n\n<p>En el evento, acompa\u00f1ando al Alcalde, estuvieron el Tesorero Municipal Jaime Antonio Vega Arellano; Jes\u00fas Tapia, Dir. de Obras P\u00fablicas; Adiel Bueno, encargado del despacho de la Comisi\u00f3n Municipal de Desarrollo de Centros Poblados COMUN; Claudia Canto, Secretaria del Bienestar, Ana Mar\u00eda Boj\u00f3rquez, Dir. de Bienestar y los regidores Ofelia Rodr\u00edguez y Carlos Valle Saracho, entre otros.<\/p>\n\n\n\n<p>Se inform\u00f3 que, con estas acciones se pondera a los peatones, especialmente a los adultos mayores, discapacitados y ni\u00f1os, para que transiten sin ninguna dificultad, y que se continuar\u00e1 regularizando y ordenando los servicios, la imagen y las \u00e1reas comunes para beneficio de todos, haci\u00e9ndolos m\u00e1s accesible a las personas.<\/p>\n\n\n\n<figure class=\"wp-block-gallery has-nested-images columns-default is-cropped wp-block-gallery-1 is-layout-flex wp-block-gallery-is-layout-flex\">\n<figure class=\"wp-block-image size-large\"><img decoding=\"async\" width=\"1599\" height=\"1066\" data-id=\"36503\" src=\"https:\/\/fuentesfidedignas.com.mx\/wp-content\/uploads\/2022\/07\/IMG-20220706-WA0077.jpg\" alt=\"\" class=\"wp-image-36503\" srcset=\"https:\/\/fuentesfidedignas.com.mx\/wp-content\/uploads\/2022\/07\/IMG-20220706-WA0077.jpg 1599w, https:\/\/fuentesfidedignas.com.mx\/wp-content\/uploads\/2022\/07\/IMG-20220706-WA0077-300x200.jpg 300w, https:\/\/fuentesfidedignas.com.mx\/wp-content\/uploads\/2022\/07\/IMG-20220706-WA0077-1024x683.jpg 1024w, https:\/\/fuentesfidedignas.com.mx\/wp-content\/uploads\/2022\/07\/IMG-20220706-WA0077-768x512.jpg 768w, https:\/\/fuentesfidedignas.com.mx\/wp-content\/uploads\/2022\/07\/IMG-20220706-WA0077-1536x1024.jpg 1536w\" sizes=\"(max-width: 1599px) 100vw, 1599px\" \/><\/figure>\n\n\n\n<figure class=\"wp-block-image size-large\"><img decoding=\"async\" width=\"1599\" height=\"1066\" data-id=\"36504\" src=\"https:\/\/fuentesfidedignas.com.mx\/wp-content\/uploads\/2022\/07\/IMG-20220706-WA0076.jpg\" alt=\"\" class=\"wp-image-36504\" srcset=\"https:\/\/fuentesfidedignas.com.mx\/wp-content\/uploads\/2022\/07\/IMG-20220706-WA0076.jpg 1599w, https:\/\/fuentesfidedignas.com.mx\/wp-content\/uploads\/2022\/07\/IMG-20220706-WA0076-300x200.jpg 300w, https:\/\/fuentesfidedignas.com.mx\/wp-content\/uploads\/2022\/07\/IMG-20220706-WA0076-1024x683.jpg 1024w, https:\/\/fuentesfidedignas.com.mx\/wp-content\/uploads\/2022\/07\/IMG-20220706-WA0076-768x512.jpg 768w, https:\/\/fuentesfidedignas.com.mx\/wp-content\/uploads\/2022\/07\/IMG-20220706-WA0076-1536x1024.jpg 1536w\" sizes=\"(max-width: 1599px) 100vw, 1599px\" \/><\/figure>\n\n\n\n<figure class=\"wp-block-image size-large\"><img decoding=\"async\" width=\"1432\" height=\"1040\" data-id=\"36501\" src=\"https:\/\/fuentesfidedignas.com.mx\/wp-content\/uploads\/2022\/07\/IMG-20220706-WA0075.jpg\" alt=\"\" class=\"wp-image-36501\" srcset=\"https:\/\/fuentesfidedignas.com.mx\/wp-content\/uploads\/2022\/07\/IMG-20220706-WA0075.jpg 1432w, https:\/\/fuentesfidedignas.com.mx\/wp-content\/uploads\/2022\/07\/IMG-20220706-WA0075-300x218.jpg 300w, https:\/\/fuentesfidedignas.com.mx\/wp-content\/uploads\/2022\/07\/IMG-20220706-WA0075-1024x744.jpg 1024w, https:\/\/fuentesfidedignas.com.mx\/wp-content\/uploads\/2022\/07\/IMG-20220706-WA0075-768x558.jpg 768w\" sizes=\"(max-width: 1432px) 100vw, 1432px\" \/><\/figure>\n\n\n\n<figure class=\"wp-block-image size-large\"><img decoding=\"async\" width=\"1280\" height=\"720\" data-id=\"36502\" src=\"https:\/\/fuentesfidedignas.com.mx\/wp-content\/uploads\/2022\/07\/IMG-20220706-WA0074.jpg\" alt=\"\" class=\"wp-image-36502\" srcset=\"https:\/\/fuentesfidedignas.com.mx\/wp-content\/uploads\/2022\/07\/IMG-20220706-WA0074.jpg 1280w, https:\/\/fuentesfidedignas.com.mx\/wp-content\/uploads\/2022\/07\/IMG-20220706-WA0074-300x169.jpg 300w, https:\/\/fuentesfidedignas.com.mx\/wp-content\/uploads\/2022\/07\/IMG-20220706-WA0074-1024x576.jpg 1024w, https:\/\/fuentesfidedignas.com.mx\/wp-content\/uploads\/2022\/07\/IMG-20220706-WA0074-768x432.jpg 768w\" sizes=\"(max-width: 1280px) 100vw, 1280px\" \/><\/figure>\n\n\n\n<figure class=\"wp-block-image size-large\"><img decoding=\"async\" width=\"1599\" height=\"1066\" data-id=\"36496\" src=\"https:\/\/fuentesfidedignas.com.mx\/wp-content\/uploads\/2022\/07\/IMG-20220706-WA0069.jpg\" alt=\"\" class=\"wp-image-36496\" srcset=\"https:\/\/fuentesfidedignas.com.mx\/wp-content\/uploads\/2022\/07\/IMG-20220706-WA0069.jpg 1599w, https:\/\/fuentesfidedignas.com.mx\/wp-content\/uploads\/2022\/07\/IMG-20220706-WA0069-300x200.jpg 300w, https:\/\/fuentesfidedignas.com.mx\/wp-content\/uploads\/2022\/07\/IMG-20220706-WA0069-1024x683.jpg 1024w, https:\/\/fuentesfidedignas.com.mx\/wp-content\/uploads\/2022\/07\/IMG-20220706-WA0069-768x512.jpg 768w, https:\/\/fuentesfidedignas.com.mx\/wp-content\/uploads\/2022\/07\/IMG-20220706-WA0069-1536x1024.jpg 1536w\" sizes=\"(max-width: 1599px) 100vw, 1599px\" \/><\/figure>\n\n\n\n<figure class=\"wp-block-image size-large\"><img decoding=\"async\" width=\"1599\" height=\"1066\" data-id=\"36498\" src=\"https:\/\/fuentesfidedignas.com.mx\/wp-content\/uploads\/2022\/07\/IMG-20220706-WA0067.jpg\" alt=\"\" class=\"wp-image-36498\" srcset=\"https:\/\/fuentesfidedignas.com.mx\/wp-content\/uploads\/2022\/07\/IMG-20220706-WA0067.jpg 1599w, https:\/\/fuentesfidedignas.com.mx\/wp-content\/uploads\/2022\/07\/IMG-20220706-WA0067-300x200.jpg 300w, https:\/\/fuentesfidedignas.com.mx\/wp-content\/uploads\/2022\/07\/IMG-20220706-WA0067-1024x683.jpg 1024w, https:\/\/fuentesfidedignas.com.mx\/wp-content\/uploads\/2022\/07\/IMG-20220706-WA0067-768x512.jpg 768w, https:\/\/fuentesfidedignas.com.mx\/wp-content\/uploads\/2022\/07\/IMG-20220706-WA0067-1536x1024.jpg 1536w\" sizes=\"(max-width: 1599px) 100vw, 1599px\" \/><\/figure>\n\n\n\n<figure class=\"wp-block-image size-large\"><img decoding=\"async\" width=\"1280\" height=\"720\" data-id=\"36499\" src=\"https:\/\/fuentesfidedignas.com.mx\/wp-content\/uploads\/2022\/07\/IMG-20220706-WA0072.jpg\" alt=\"\" class=\"wp-image-36499\" srcset=\"https:\/\/fuentesfidedignas.com.mx\/wp-content\/uploads\/2022\/07\/IMG-20220706-WA0072.jpg 1280w, https:\/\/fuentesfidedignas.com.mx\/wp-content\/uploads\/2022\/07\/IMG-20220706-WA0072-300x169.jpg 300w, https:\/\/fuentesfidedignas.com.mx\/wp-content\/uploads\/2022\/07\/IMG-20220706-WA0072-1024x576.jpg 1024w, https:\/\/fuentesfidedignas.com.mx\/wp-content\/uploads\/2022\/07\/IMG-20220706-WA0072-768x432.jpg 768w\" sizes=\"(max-width: 1280px) 100vw, 1280px\" \/><\/figure>\n<\/figure>\n","protected":false},"excerpt":{"rendered":"<p>El Alcalde Gerardo Vargas Landeros, subray\u00f3 que dicha obra se ejecut\u00f3 con una inversi\u00f3n aproximada a 1.6 mdp\u2026 Los Mochis, Ahome.- Con una inversi\u00f3n de alrededor de 1.6 mdp, se paviment\u00f3 la calle Zaragoza, entre Marcial Ord\u00f3\u00f1ez y Cuauht\u00e9moc, adjunto al Mercado Zona 30, la cual presenta una nueva imagen urbana que ha cautivado a [&hellip;]<\/p>\n","protected":false},"author":4,"featured_media":36504,"comment_status":"open","ping_status":"open","sticky":false,"template":"","format":"standard","meta":{"tdm_status":"","tdm_grid_status":"","footnotes":""},"categories":[38],"tags":[278,1715,1654],"class_list":{"0":"post-36489","1":"post","2":"type-post","3":"status-publish","4":"format-standard","5":"has-post-thumbnail","7":"category-noticias-locales","8":"tag-ahome","9":"tag-ayuntamiento-de-ahome","10":"tag-gerardo-vargas-landeros"},"yoast_head":"<!-- This site is optimized with the Yoast SEO plugin v27.5 - https:\/\/yoast.com\/product\/yoast-seo-wordpress\/ -->\n<title>Ahome transforma su imagen urbana; rehabilita calles en el Centro de Los Mochis - Fuentes Fidedignas<\/title>\n<meta name=\"robots\" content=\"index, follow, max-snippet:-1, max-image-preview:large, max-video-preview:-1\" \/>\n<link rel=\"canonical\" href=\"https:\/\/fuentesfidedignas.com.mx\/index.php\/2022\/07\/06\/ahome-transforma-su-imagen-urbana-rehabilita-calles-en-el-centro-de-los-mochis\/\" \/>\n<meta property=\"og:locale\" content=\"es_MX\" \/>\n<meta property=\"og:type\" content=\"article\" \/>\n<meta property=\"og:title\" content=\"Ahome transforma su imagen urbana; rehabilita calles en el Centro de Los Mochis - Fuentes Fidedignas\" \/>\n<meta property=\"og:description\" content=\"El Alcalde Gerardo Vargas Landeros, subray\u00f3 que dicha obra se ejecut\u00f3 con una inversi\u00f3n aproximada a 1.6 mdp\u2026 Los Mochis, Ahome.- Con una inversi\u00f3n de alrededor de 1.6 mdp, se paviment\u00f3 la calle Zaragoza, entre Marcial Ord\u00f3\u00f1ez y Cuauht\u00e9moc, adjunto al Mercado Zona 30, la cual presenta una nueva imagen urbana que ha cautivado a [&hellip;]\" \/>\n<meta property=\"og:url\" content=\"https:\/\/fuentesfidedignas.com.mx\/index.php\/2022\/07\/06\/ahome-transforma-su-imagen-urbana-rehabilita-calles-en-el-centro-de-los-mochis\/\" \/>\n<meta property=\"og:site_name\" content=\"Fuentes Fidedignas\" \/>\n<meta property=\"article:publisher\" content=\"https:\/\/www.facebook.com\/Fuentes-Fidedignas-368234489921644\" \/>\n<meta property=\"article:published_time\" content=\"2022-07-06T19:04:53+00:00\" \/>\n<meta property=\"article:modified_time\" content=\"2022-07-06T19:06:36+00:00\" \/>\n<meta property=\"og:image\" content=\"https:\/\/fuentesfidedignas.com.mx\/wp-content\/uploads\/2022\/07\/IMG-20220706-WA0076.jpg\" \/>\n\t<meta property=\"og:image:width\" content=\"1599\" \/>\n\t<meta property=\"og:image:height\" content=\"1066\" \/>\n\t<meta property=\"og:image:type\" content=\"image\/jpeg\" \/>\n<meta name=\"author\" content=\"Redacci\u00f3n\" \/>\n<meta name=\"twitter:card\" content=\"summary_large_image\" \/>\n<meta name=\"twitter:creator\" content=\"@fidedignas\" \/>\n<meta name=\"twitter:site\" content=\"@fidedignas\" \/>\n<meta name=\"twitter:label1\" content=\"Escrito por\" \/>\n\t<meta name=\"twitter:data1\" content=\"Redacci\u00f3n\" \/>\n\t<meta name=\"twitter:label2\" content=\"Tiempo de lectura\" \/>\n\t<meta name=\"twitter:data2\" content=\"4 minutos\" \/>\n<script type=\"application\/ld+json\" class=\"yoast-schema-graph\">{\"@context\":\"https:\\\/\\\/schema.org\",\"@graph\":[{\"@type\":\"Article\",\"@id\":\"https:\\\/\\\/fuentesfidedignas.com.mx\\\/index.php\\\/2022\\\/07\\\/06\\\/ahome-transforma-su-imagen-urbana-rehabilita-calles-en-el-centro-de-los-mochis\\\/#article\",\"isPartOf\":{\"@id\":\"https:\\\/\\\/fuentesfidedignas.com.mx\\\/index.php\\\/2022\\\/07\\\/06\\\/ahome-transforma-su-imagen-urbana-rehabilita-calles-en-el-centro-de-los-mochis\\\/\"},\"author\":{\"name\":\"Redacci\u00f3n\",\"@id\":\"https:\\\/\\\/fuentesfidedignas.com.mx\\\/#\\\/schema\\\/person\\\/331be9283d37198e2acd5750279085b0\"},\"headline\":\"Ahome transforma su imagen urbana; rehabilita calles en el Centro de Los Mochis\",\"datePublished\":\"2022-07-06T19:04:53+00:00\",\"dateModified\":\"2022-07-06T19:06:36+00:00\",\"mainEntityOfPage\":{\"@id\":\"https:\\\/\\\/fuentesfidedignas.com.mx\\\/index.php\\\/2022\\\/07\\\/06\\\/ahome-transforma-su-imagen-urbana-rehabilita-calles-en-el-centro-de-los-mochis\\\/\"},\"wordCount\":571,\"commentCount\":0,\"publisher\":{\"@id\":\"https:\\\/\\\/fuentesfidedignas.com.mx\\\/#organization\"},\"image\":{\"@id\":\"https:\\\/\\\/fuentesfidedignas.com.mx\\\/index.php\\\/2022\\\/07\\\/06\\\/ahome-transforma-su-imagen-urbana-rehabilita-calles-en-el-centro-de-los-mochis\\\/#primaryimage\"},\"thumbnailUrl\":\"https:\\\/\\\/fuentesfidedignas.com.mx\\\/wp-content\\\/uploads\\\/2022\\\/07\\\/IMG-20220706-WA0076.jpg\",\"keywords\":[\"Ahome\",\"Ayuntamiento de Ahome\",\"Gerardo Vargas Landeros\"],\"articleSection\":[\"NOTICIAS LOCALES\"],\"inLanguage\":\"es\",\"potentialAction\":[{\"@type\":\"CommentAction\",\"name\":\"Comment\",\"target\":[\"https:\\\/\\\/fuentesfidedignas.com.mx\\\/index.php\\\/2022\\\/07\\\/06\\\/ahome-transforma-su-imagen-urbana-rehabilita-calles-en-el-centro-de-los-mochis\\\/#respond\"]}]},{\"@type\":\"WebPage\",\"@id\":\"https:\\\/\\\/fuentesfidedignas.com.mx\\\/index.php\\\/2022\\\/07\\\/06\\\/ahome-transforma-su-imagen-urbana-rehabilita-calles-en-el-centro-de-los-mochis\\\/\",\"url\":\"https:\\\/\\\/fuentesfidedignas.com.mx\\\/index.php\\\/2022\\\/07\\\/06\\\/ahome-transforma-su-imagen-urbana-rehabilita-calles-en-el-centro-de-los-mochis\\\/\",\"name\":\"Ahome transforma su imagen urbana; rehabilita calles en el Centro de Los Mochis - Fuentes Fidedignas\",\"isPartOf\":{\"@id\":\"https:\\\/\\\/fuentesfidedignas.com.mx\\\/#website\"},\"primaryImageOfPage\":{\"@id\":\"https:\\\/\\\/fuentesfidedignas.com.mx\\\/index.php\\\/2022\\\/07\\\/06\\\/ahome-transforma-su-imagen-urbana-rehabilita-calles-en-el-centro-de-los-mochis\\\/#primaryimage\"},\"image\":{\"@id\":\"https:\\\/\\\/fuentesfidedignas.com.mx\\\/index.php\\\/2022\\\/07\\\/06\\\/ahome-transforma-su-imagen-urbana-rehabilita-calles-en-el-centro-de-los-mochis\\\/#primaryimage\"},\"thumbnailUrl\":\"https:\\\/\\\/fuentesfidedignas.com.mx\\\/wp-content\\\/uploads\\\/2022\\\/07\\\/IMG-20220706-WA0076.jpg\",\"datePublished\":\"2022-07-06T19:04:53+00:00\",\"dateModified\":\"2022-07-06T19:06:36+00:00\",\"breadcrumb\":{\"@id\":\"https:\\\/\\\/fuentesfidedignas.com.mx\\\/index.php\\\/2022\\\/07\\\/06\\\/ahome-transforma-su-imagen-urbana-rehabilita-calles-en-el-centro-de-los-mochis\\\/#breadcrumb\"},\"inLanguage\":\"es\",\"potentialAction\":[{\"@type\":\"ReadAction\",\"target\":[\"https:\\\/\\\/fuentesfidedignas.com.mx\\\/index.php\\\/2022\\\/07\\\/06\\\/ahome-transforma-su-imagen-urbana-rehabilita-calles-en-el-centro-de-los-mochis\\\/\"]}]},{\"@type\":\"ImageObject\",\"inLanguage\":\"es\",\"@id\":\"https:\\\/\\\/fuentesfidedignas.com.mx\\\/index.php\\\/2022\\\/07\\\/06\\\/ahome-transforma-su-imagen-urbana-rehabilita-calles-en-el-centro-de-los-mochis\\\/#primaryimage\",\"url\":\"https:\\\/\\\/fuentesfidedignas.com.mx\\\/wp-content\\\/uploads\\\/2022\\\/07\\\/IMG-20220706-WA0076.jpg\",\"contentUrl\":\"https:\\\/\\\/fuentesfidedignas.com.mx\\\/wp-content\\\/uploads\\\/2022\\\/07\\\/IMG-20220706-WA0076.jpg\",\"width\":1599,\"height\":1066},{\"@type\":\"BreadcrumbList\",\"@id\":\"https:\\\/\\\/fuentesfidedignas.com.mx\\\/index.php\\\/2022\\\/07\\\/06\\\/ahome-transforma-su-imagen-urbana-rehabilita-calles-en-el-centro-de-los-mochis\\\/#breadcrumb\",\"itemListElement\":[{\"@type\":\"ListItem\",\"position\":1,\"name\":\"Inicio\",\"item\":\"https:\\\/\\\/fuentesfidedignas.com.mx\\\/\"},{\"@type\":\"ListItem\",\"position\":2,\"name\":\"Ahome transforma su imagen urbana; rehabilita calles en el Centro de Los Mochis\"}]},{\"@type\":\"WebSite\",\"@id\":\"https:\\\/\\\/fuentesfidedignas.com.mx\\\/#website\",\"url\":\"https:\\\/\\\/fuentesfidedignas.com.mx\\\/\",\"name\":\"Fuentes Fidedignas\",\"description\":\"Otro sitio realizado con WordPress\",\"publisher\":{\"@id\":\"https:\\\/\\\/fuentesfidedignas.com.mx\\\/#organization\"},\"potentialAction\":[{\"@type\":\"SearchAction\",\"target\":{\"@type\":\"EntryPoint\",\"urlTemplate\":\"https:\\\/\\\/fuentesfidedignas.com.mx\\\/?s={search_term_string}\"},\"query-input\":{\"@type\":\"PropertyValueSpecification\",\"valueRequired\":true,\"valueName\":\"search_term_string\"}}],\"inLanguage\":\"es\"},{\"@type\":\"Organization\",\"@id\":\"https:\\\/\\\/fuentesfidedignas.com.mx\\\/#organization\",\"name\":\"Fuentes Fidedignas\",\"url\":\"https:\\\/\\\/fuentesfidedignas.com.mx\\\/\",\"logo\":{\"@type\":\"ImageObject\",\"inLanguage\":\"es\",\"@id\":\"https:\\\/\\\/fuentesfidedignas.com.mx\\\/#\\\/schema\\\/logo\\\/image\\\/\",\"url\":\"https:\\\/\\\/fuentesfidedignas.com.mx\\\/wp-content\\\/uploads\\\/2021\\\/04\\\/logo-retina.png\",\"contentUrl\":\"https:\\\/\\\/fuentesfidedignas.com.mx\\\/wp-content\\\/uploads\\\/2021\\\/04\\\/logo-retina.png\",\"width\":280,\"height\":51,\"caption\":\"Fuentes Fidedignas\"},\"image\":{\"@id\":\"https:\\\/\\\/fuentesfidedignas.com.mx\\\/#\\\/schema\\\/logo\\\/image\\\/\"},\"sameAs\":[\"https:\\\/\\\/www.facebook.com\\\/Fuentes-Fidedignas-368234489921644\",\"https:\\\/\\\/x.com\\\/fidedignas\"]},{\"@type\":\"Person\",\"@id\":\"https:\\\/\\\/fuentesfidedignas.com.mx\\\/#\\\/schema\\\/person\\\/331be9283d37198e2acd5750279085b0\",\"name\":\"Redacci\u00f3n\",\"image\":{\"@type\":\"ImageObject\",\"inLanguage\":\"es\",\"@id\":\"https:\\\/\\\/secure.gravatar.com\\\/avatar\\\/f6d8782c11d12b2d4ad3fbb6931aeab5309937a4d6cd2fc9cfaa28a6396a5aec?s=96&d=mm&r=g\",\"url\":\"https:\\\/\\\/secure.gravatar.com\\\/avatar\\\/f6d8782c11d12b2d4ad3fbb6931aeab5309937a4d6cd2fc9cfaa28a6396a5aec?s=96&d=mm&r=g\",\"contentUrl\":\"https:\\\/\\\/secure.gravatar.com\\\/avatar\\\/f6d8782c11d12b2d4ad3fbb6931aeab5309937a4d6cd2fc9cfaa28a6396a5aec?s=96&d=mm&r=g\",\"caption\":\"Redacci\u00f3n\"},\"url\":\"https:\\\/\\\/fuentesfidedignas.com.mx\\\/index.php\\\/author\\\/redaccion\\\/\"}]}<\/script>\n<!-- \/ Yoast SEO plugin. -->","yoast_head_json":{"title":"Ahome transforma su imagen urbana; rehabilita calles en el Centro de Los Mochis - Fuentes Fidedignas","robots":{"index":"index","follow":"follow","max-snippet":"max-snippet:-1","max-image-preview":"max-image-preview:large","max-video-preview":"max-video-preview:-1"},"canonical":"https:\/\/fuentesfidedignas.com.mx\/index.php\/2022\/07\/06\/ahome-transforma-su-imagen-urbana-rehabilita-calles-en-el-centro-de-los-mochis\/","og_locale":"es_MX","og_type":"article","og_title":"Ahome transforma su imagen urbana; rehabilita calles en el Centro de Los Mochis - Fuentes Fidedignas","og_description":"El Alcalde Gerardo Vargas Landeros, subray\u00f3 que dicha obra se ejecut\u00f3 con una inversi\u00f3n aproximada a 1.6 mdp\u2026 Los Mochis, Ahome.- Con una inversi\u00f3n de alrededor de 1.6 mdp, se paviment\u00f3 la calle Zaragoza, entre Marcial Ord\u00f3\u00f1ez y Cuauht\u00e9moc, adjunto al Mercado Zona 30, la cual presenta una nueva imagen urbana que ha cautivado a [&hellip;]","og_url":"https:\/\/fuentesfidedignas.com.mx\/index.php\/2022\/07\/06\/ahome-transforma-su-imagen-urbana-rehabilita-calles-en-el-centro-de-los-mochis\/","og_site_name":"Fuentes Fidedignas","article_publisher":"https:\/\/www.facebook.com\/Fuentes-Fidedignas-368234489921644","article_published_time":"2022-07-06T19:04:53+00:00","article_modified_time":"2022-07-06T19:06:36+00:00","og_image":[{"width":1599,"height":1066,"url":"https:\/\/fuentesfidedignas.com.mx\/wp-content\/uploads\/2022\/07\/IMG-20220706-WA0076.jpg","type":"image\/jpeg"}],"author":"Redacci\u00f3n","twitter_card":"summary_large_image","twitter_creator":"@fidedignas","twitter_site":"@fidedignas","twitter_misc":{"Escrito por":"Redacci\u00f3n","Tiempo de lectura":"4 minutos"},"schema":{"@context":"https:\/\/schema.org","@graph":[{"@type":"Article","@id":"https:\/\/fuentesfidedignas.com.mx\/index.php\/2022\/07\/06\/ahome-transforma-su-imagen-urbana-rehabilita-calles-en-el-centro-de-los-mochis\/#article","isPartOf":{"@id":"https:\/\/fuentesfidedignas.com.mx\/index.php\/2022\/07\/06\/ahome-transforma-su-imagen-urbana-rehabilita-calles-en-el-centro-de-los-mochis\/"},"author":{"name":"Redacci\u00f3n","@id":"https:\/\/fuentesfidedignas.com.mx\/#\/schema\/person\/331be9283d37198e2acd5750279085b0"},"headline":"Ahome transforma su imagen urbana; rehabilita calles en el Centro de Los Mochis","datePublished":"2022-07-06T19:04:53+00:00","dateModified":"2022-07-06T19:06:36+00:00","mainEntityOfPage":{"@id":"https:\/\/fuentesfidedignas.com.mx\/index.php\/2022\/07\/06\/ahome-transforma-su-imagen-urbana-rehabilita-calles-en-el-centro-de-los-mochis\/"},"wordCount":571,"commentCount":0,"publisher":{"@id":"https:\/\/fuentesfidedignas.com.mx\/#organization"},"image":{"@id":"https:\/\/fuentesfidedignas.com.mx\/index.php\/2022\/07\/06\/ahome-transforma-su-imagen-urbana-rehabilita-calles-en-el-centro-de-los-mochis\/#primaryimage"},"thumbnailUrl":"https:\/\/fuentesfidedignas.com.mx\/wp-content\/uploads\/2022\/07\/IMG-20220706-WA0076.jpg","keywords":["Ahome","Ayuntamiento de Ahome","Gerardo Vargas Landeros"],"articleSection":["NOTICIAS LOCALES"],"inLanguage":"es","potentialAction":[{"@type":"CommentAction","name":"Comment","target":["https:\/\/fuentesfidedignas.com.mx\/index.php\/2022\/07\/06\/ahome-transforma-su-imagen-urbana-rehabilita-calles-en-el-centro-de-los-mochis\/#respond"]}]},{"@type":"WebPage","@id":"https:\/\/fuentesfidedignas.com.mx\/index.php\/2022\/07\/06\/ahome-transforma-su-imagen-urbana-rehabilita-calles-en-el-centro-de-los-mochis\/","url":"https:\/\/fuentesfidedignas.com.mx\/index.php\/2022\/07\/06\/ahome-transforma-su-imagen-urbana-rehabilita-calles-en-el-centro-de-los-mochis\/","name":"Ahome transforma su imagen urbana; rehabilita calles en el Centro de Los Mochis - Fuentes Fidedignas","isPartOf":{"@id":"https:\/\/fuentesfidedignas.com.mx\/#website"},"primaryImageOfPage":{"@id":"https:\/\/fuentesfidedignas.com.mx\/index.php\/2022\/07\/06\/ahome-transforma-su-imagen-urbana-rehabilita-calles-en-el-centro-de-los-mochis\/#primaryimage"},"image":{"@id":"https:\/\/fuentesfidedignas.com.mx\/index.php\/2022\/07\/06\/ahome-transforma-su-imagen-urbana-rehabilita-calles-en-el-centro-de-los-mochis\/#primaryimage"},"thumbnailUrl":"https:\/\/fuentesfidedignas.com.mx\/wp-content\/uploads\/2022\/07\/IMG-20220706-WA0076.jpg","datePublished":"2022-07-06T19:04:53+00:00","dateModified":"2022-07-06T19:06:36+00:00","breadcrumb":{"@id":"https:\/\/fuentesfidedignas.com.mx\/index.php\/2022\/07\/06\/ahome-transforma-su-imagen-urbana-rehabilita-calles-en-el-centro-de-los-mochis\/#breadcrumb"},"inLanguage":"es","potentialAction":[{"@type":"ReadAction","target":["https:\/\/fuentesfidedignas.com.mx\/index.php\/2022\/07\/06\/ahome-transforma-su-imagen-urbana-rehabilita-calles-en-el-centro-de-los-mochis\/"]}]},{"@type":"ImageObject","inLanguage":"es","@id":"https:\/\/fuentesfidedignas.com.mx\/index.php\/2022\/07\/06\/ahome-transforma-su-imagen-urbana-rehabilita-calles-en-el-centro-de-los-mochis\/#primaryimage","url":"https:\/\/fuentesfidedignas.com.mx\/wp-content\/uploads\/2022\/07\/IMG-20220706-WA0076.jpg","contentUrl":"https:\/\/fuentesfidedignas.com.mx\/wp-content\/uploads\/2022\/07\/IMG-20220706-WA0076.jpg","width":1599,"height":1066},{"@type":"BreadcrumbList","@id":"https:\/\/fuentesfidedignas.com.mx\/index.php\/2022\/07\/06\/ahome-transforma-su-imagen-urbana-rehabilita-calles-en-el-centro-de-los-mochis\/#breadcrumb","itemListElement":[{"@type":"ListItem","position":1,"name":"Inicio","item":"https:\/\/fuentesfidedignas.com.mx\/"},{"@type":"ListItem","position":2,"name":"Ahome transforma su imagen urbana; rehabilita calles en el Centro de Los Mochis"}]},{"@type":"WebSite","@id":"https:\/\/fuentesfidedignas.com.mx\/#website","url":"https:\/\/fuentesfidedignas.com.mx\/","name":"Fuentes Fidedignas","description":"Otro sitio realizado con WordPress","publisher":{"@id":"https:\/\/fuentesfidedignas.com.mx\/#organization"},"potentialAction":[{"@type":"SearchAction","target":{"@type":"EntryPoint","urlTemplate":"https:\/\/fuentesfidedignas.com.mx\/?s={search_term_string}"},"query-input":{"@type":"PropertyValueSpecification","valueRequired":true,"valueName":"search_term_string"}}],"inLanguage":"es"},{"@type":"Organization","@id":"https:\/\/fuentesfidedignas.com.mx\/#organization","name":"Fuentes Fidedignas","url":"https:\/\/fuentesfidedignas.com.mx\/","logo":{"@type":"ImageObject","inLanguage":"es","@id":"https:\/\/fuentesfidedignas.com.mx\/#\/schema\/logo\/image\/","url":"https:\/\/fuentesfidedignas.com.mx\/wp-content\/uploads\/2021\/04\/logo-retina.png","contentUrl":"https:\/\/fuentesfidedignas.com.mx\/wp-content\/uploads\/2021\/04\/logo-retina.png","width":280,"height":51,"caption":"Fuentes Fidedignas"},"image":{"@id":"https:\/\/fuentesfidedignas.com.mx\/#\/schema\/logo\/image\/"},"sameAs":["https:\/\/www.facebook.com\/Fuentes-Fidedignas-368234489921644","https:\/\/x.com\/fidedignas"]},{"@type":"Person","@id":"https:\/\/fuentesfidedignas.com.mx\/#\/schema\/person\/331be9283d37198e2acd5750279085b0","name":"Redacci\u00f3n","image":{"@type":"ImageObject","inLanguage":"es","@id":"https:\/\/secure.gravatar.com\/avatar\/f6d8782c11d12b2d4ad3fbb6931aeab5309937a4d6cd2fc9cfaa28a6396a5aec?s=96&d=mm&r=g","url":"https:\/\/secure.gravatar.com\/avatar\/f6d8782c11d12b2d4ad3fbb6931aeab5309937a4d6cd2fc9cfaa28a6396a5aec?s=96&d=mm&r=g","contentUrl":"https:\/\/secure.gravatar.com\/avatar\/f6d8782c11d12b2d4ad3fbb6931aeab5309937a4d6cd2fc9cfaa28a6396a5aec?s=96&d=mm&r=g","caption":"Redacci\u00f3n"},"url":"https:\/\/fuentesfidedignas.com.mx\/index.php\/author\/redaccion\/"}]}},"_links":{"self":[{"href":"https:\/\/fuentesfidedignas.com.mx\/index.php\/wp-json\/wp\/v2\/posts\/36489","targetHints":{"allow":["GET"]}}],"collection":[{"href":"https:\/\/fuentesfidedignas.com.mx\/index.php\/wp-json\/wp\/v2\/posts"}],"about":[{"href":"https:\/\/fuentesfidedignas.com.mx\/index.php\/wp-json\/wp\/v2\/types\/post"}],"author":[{"embeddable":true,"href":"https:\/\/fuentesfidedignas.com.mx\/index.php\/wp-json\/wp\/v2\/users\/4"}],"replies":[{"embeddable":true,"href":"https:\/\/fuentesfidedignas.com.mx\/index.php\/wp-json\/wp\/v2\/comments?post=36489"}],"version-history":[{"count":2,"href":"https:\/\/fuentesfidedignas.com.mx\/index.php\/wp-json\/wp\/v2\/posts\/36489\/revisions"}],"predecessor-version":[{"id":36506,"href":"https:\/\/fuentesfidedignas.com.mx\/index.php\/wp-json\/wp\/v2\/posts\/36489\/revisions\/36506"}],"wp:featuredmedia":[{"embeddable":true,"href":"https:\/\/fuentesfidedignas.com.mx\/index.php\/wp-json\/wp\/v2\/media\/36504"}],"wp:attachment":[{"href":"https:\/\/fuentesfidedignas.com.mx\/index.php\/wp-json\/wp\/v2\/media?parent=36489"}],"wp:term":[{"taxonomy":"category","embeddable":true,"href":"https:\/\/fuentesfidedignas.com.mx\/index.php\/wp-json\/wp\/v2\/categories?post=36489"},{"taxonomy":"post_tag","embeddable":true,"href":"https:\/\/fuentesfidedignas.com.mx\/index.php\/wp-json\/wp\/v2\/tags?post=36489"}],"curies":[{"name":"wp","href":"https:\/\/api.w.org\/{rel}","templated":true}]}}