{"id":36382,"date":"2022-07-05T15:10:51","date_gmt":"2022-07-05T21:10:51","guid":{"rendered":"https:\/\/fuentesfidedignas.com.mx\/?p=36382"},"modified":"2022-07-05T18:14:09","modified_gmt":"2022-07-06T00:14:09","slug":"va-a-resolverse-afirma-rocha-a-dos-meses-de-asesinato-de-luis-enrique-ramirez","status":"publish","type":"post","link":"https:\/\/fuentesfidedignas.com.mx\/index.php\/2022\/07\/05\/va-a-resolverse-afirma-rocha-a-dos-meses-de-asesinato-de-luis-enrique-ramirez\/","title":{"rendered":"&#8220;Va a resolverse&#8221;, afirma Rocha a dos meses del asesinato de Luis Enrique Ram\u00edrez"},"content":{"rendered":"\n<p><em><strong>S\u00f3lo una persona implicada ha comparecido antes la ley <\/strong><\/em><\/p>\n\n\n\n<p>Culiac\u00e1n, Sin.- Hay avances, el tema no se ha desatendido y la familia de<strong> Luis Enrique Ram\u00edrez<\/strong> puede estar tranquila de que el homicidios se va a resolver, asegur\u00f3 Rub\u00e9n Rocha Moya al cumplirse dos meses del asesinato del periodista. <\/p>\n\n\n\n<p>El gobernador de Sinaloa se\u00f1al\u00f3 que es un caso que va a resolverse y qud las autoridades est\u00e1n trabajando para dar respuesta al clamor de justicia por el crimen del comunicador. <\/p>\n\n\n\n<p>El pasado 5 de mayo del 2022 fue localizado sin vida el periodista <strong>Luis Enrique Ram\u00edrez<\/strong>, fundador del medio electr\u00f3nico&nbsp;<strong>Fuentes Fidedignas<\/strong>&nbsp;y columnista del peri\u00f3dico El Debate. La autopsia determin\u00f3 que la causa de su muerte fue traumatismo craneoencef\u00e1lico, por golpes contusos.<\/p>\n\n\n\n<p>S\u00f3lo una persona de las dos que tienen \u00f3rdenes de aprehensi\u00f3n ha comparecido ante la justicia, se trata de una mujer que no puede ser detenida por los delitos que se le imputan, que son encubrimiento por favorecimiento y homicidio, porque present\u00f3 un amparo ante el&nbsp;<strong>Tribunal Federal<\/strong>.<\/p>\n\n\n\n<p><a href=\"https:\/\/fuentesfidedignas.com.mx\/index.php\/2022\/07\/01\/reprograman-audiencia-en-caso-de-luis-enrique-ramirez-para-el-12-de-julio\/\">La primera audiencia sobre el homicidio del periodista&nbsp;<strong>Luis Enrique Ram\u00edrez<\/strong>, fue diferida por el juez de control para el martes 12 de julio a las 8:30 horas<\/a>.&nbsp;<\/p>\n","protected":false},"excerpt":{"rendered":"<p>S\u00f3lo una persona implicada ha comparecido antes la ley Culiac\u00e1n, Sin.- Hay avances, el tema no se ha desatendido y la familia de Luis Enrique Ram\u00edrez puede estar tranquila de que el homicidios se va a resolver, asegur\u00f3 Rub\u00e9n Rocha Moya al cumplirse dos meses del asesinato del periodista. El gobernador de Sinaloa se\u00f1al\u00f3 que [&hellip;]<\/p>\n","protected":false},"author":112,"featured_media":36384,"comment_status":"open","ping_status":"open","sticky":false,"template":"","format":"standard","meta":{"tdm_status":"","tdm_grid_status":"","footnotes":""},"categories":[37],"tags":[],"class_list":{"0":"post-36382","1":"post","2":"type-post","3":"status-publish","4":"format-standard","5":"has-post-thumbnail","7":"category-nota-principal"},"yoast_head":"<!-- This site is optimized with the Yoast SEO plugin v27.4 - https:\/\/yoast.com\/product\/yoast-seo-wordpress\/ -->\n<title>&quot;Va a resolverse&quot;, afirma Rocha a dos meses del asesinato de Luis Enrique Ram\u00edrez - Fuentes Fidedignas<\/title>\n<meta name=\"robots\" content=\"index, follow, max-snippet:-1, max-image-preview:large, max-video-preview:-1\" \/>\n<link rel=\"canonical\" href=\"https:\/\/fuentesfidedignas.com.mx\/index.php\/2022\/07\/05\/va-a-resolverse-afirma-rocha-a-dos-meses-de-asesinato-de-luis-enrique-ramirez\/\" \/>\n<meta property=\"og:locale\" content=\"es_MX\" \/>\n<meta property=\"og:type\" content=\"article\" \/>\n<meta property=\"og:title\" content=\"&quot;Va a resolverse&quot;, afirma Rocha a dos meses del asesinato de Luis Enrique Ram\u00edrez - Fuentes Fidedignas\" \/>\n<meta property=\"og:description\" content=\"S\u00f3lo una persona implicada ha comparecido antes la ley Culiac\u00e1n, Sin.- Hay avances, el tema no se ha desatendido y la familia de Luis Enrique Ram\u00edrez puede estar tranquila de que el homicidios se va a resolver, asegur\u00f3 Rub\u00e9n Rocha Moya al cumplirse dos meses del asesinato del periodista. El gobernador de Sinaloa se\u00f1al\u00f3 que [&hellip;]\" \/>\n<meta property=\"og:url\" content=\"https:\/\/fuentesfidedignas.com.mx\/index.php\/2022\/07\/05\/va-a-resolverse-afirma-rocha-a-dos-meses-de-asesinato-de-luis-enrique-ramirez\/\" \/>\n<meta property=\"og:site_name\" content=\"Fuentes Fidedignas\" \/>\n<meta property=\"article:publisher\" content=\"https:\/\/www.facebook.com\/Fuentes-Fidedignas-368234489921644\" \/>\n<meta property=\"article:published_time\" content=\"2022-07-05T21:10:51+00:00\" \/>\n<meta property=\"article:modified_time\" content=\"2022-07-06T00:14:09+00:00\" \/>\n<meta property=\"og:image\" content=\"https:\/\/fuentesfidedignas.com.mx\/wp-content\/uploads\/2022\/07\/images-2022-07-05T181126.473.jpeg\" \/>\n\t<meta property=\"og:image:width\" content=\"640\" \/>\n\t<meta property=\"og:image:height\" content=\"399\" \/>\n\t<meta property=\"og:image:type\" content=\"image\/jpeg\" \/>\n<meta name=\"author\" content=\"Leonardo Gutierrez\" \/>\n<meta name=\"twitter:card\" content=\"summary_large_image\" \/>\n<meta name=\"twitter:creator\" content=\"@fidedignas\" \/>\n<meta name=\"twitter:site\" content=\"@fidedignas\" \/>\n<meta name=\"twitter:label1\" content=\"Escrito por\" \/>\n\t<meta name=\"twitter:data1\" content=\"Leonardo Gutierrez\" \/>\n\t<meta name=\"twitter:label2\" content=\"Tiempo de lectura\" \/>\n\t<meta name=\"twitter:data2\" content=\"1 minuto\" \/>\n<script type=\"application\/ld+json\" class=\"yoast-schema-graph\">{\"@context\":\"https:\\\/\\\/schema.org\",\"@graph\":[{\"@type\":\"Article\",\"@id\":\"https:\\\/\\\/fuentesfidedignas.com.mx\\\/index.php\\\/2022\\\/07\\\/05\\\/va-a-resolverse-afirma-rocha-a-dos-meses-de-asesinato-de-luis-enrique-ramirez\\\/#article\",\"isPartOf\":{\"@id\":\"https:\\\/\\\/fuentesfidedignas.com.mx\\\/index.php\\\/2022\\\/07\\\/05\\\/va-a-resolverse-afirma-rocha-a-dos-meses-de-asesinato-de-luis-enrique-ramirez\\\/\"},\"author\":{\"name\":\"Leonardo Gutierrez\",\"@id\":\"https:\\\/\\\/fuentesfidedignas.com.mx\\\/#\\\/schema\\\/person\\\/c77df25c00baae1d4fdc0340db6f364c\"},\"headline\":\"&#8220;Va a resolverse&#8221;, afirma Rocha a dos meses del asesinato de Luis Enrique Ram\u00edrez\",\"datePublished\":\"2022-07-05T21:10:51+00:00\",\"dateModified\":\"2022-07-06T00:14:09+00:00\",\"mainEntityOfPage\":{\"@id\":\"https:\\\/\\\/fuentesfidedignas.com.mx\\\/index.php\\\/2022\\\/07\\\/05\\\/va-a-resolverse-afirma-rocha-a-dos-meses-de-asesinato-de-luis-enrique-ramirez\\\/\"},\"wordCount\":229,\"commentCount\":0,\"publisher\":{\"@id\":\"https:\\\/\\\/fuentesfidedignas.com.mx\\\/#organization\"},\"image\":{\"@id\":\"https:\\\/\\\/fuentesfidedignas.com.mx\\\/index.php\\\/2022\\\/07\\\/05\\\/va-a-resolverse-afirma-rocha-a-dos-meses-de-asesinato-de-luis-enrique-ramirez\\\/#primaryimage\"},\"thumbnailUrl\":\"https:\\\/\\\/fuentesfidedignas.com.mx\\\/wp-content\\\/uploads\\\/2022\\\/07\\\/images-2022-07-05T181126.473.jpeg\",\"articleSection\":[\"NOTA PRINCIPAL\"],\"inLanguage\":\"es\",\"potentialAction\":[{\"@type\":\"CommentAction\",\"name\":\"Comment\",\"target\":[\"https:\\\/\\\/fuentesfidedignas.com.mx\\\/index.php\\\/2022\\\/07\\\/05\\\/va-a-resolverse-afirma-rocha-a-dos-meses-de-asesinato-de-luis-enrique-ramirez\\\/#respond\"]}]},{\"@type\":\"WebPage\",\"@id\":\"https:\\\/\\\/fuentesfidedignas.com.mx\\\/index.php\\\/2022\\\/07\\\/05\\\/va-a-resolverse-afirma-rocha-a-dos-meses-de-asesinato-de-luis-enrique-ramirez\\\/\",\"url\":\"https:\\\/\\\/fuentesfidedignas.com.mx\\\/index.php\\\/2022\\\/07\\\/05\\\/va-a-resolverse-afirma-rocha-a-dos-meses-de-asesinato-de-luis-enrique-ramirez\\\/\",\"name\":\"\\\"Va a resolverse\\\", afirma Rocha a dos meses del asesinato de Luis Enrique Ram\u00edrez - Fuentes Fidedignas\",\"isPartOf\":{\"@id\":\"https:\\\/\\\/fuentesfidedignas.com.mx\\\/#website\"},\"primaryImageOfPage\":{\"@id\":\"https:\\\/\\\/fuentesfidedignas.com.mx\\\/index.php\\\/2022\\\/07\\\/05\\\/va-a-resolverse-afirma-rocha-a-dos-meses-de-asesinato-de-luis-enrique-ramirez\\\/#primaryimage\"},\"image\":{\"@id\":\"https:\\\/\\\/fuentesfidedignas.com.mx\\\/index.php\\\/2022\\\/07\\\/05\\\/va-a-resolverse-afirma-rocha-a-dos-meses-de-asesinato-de-luis-enrique-ramirez\\\/#primaryimage\"},\"thumbnailUrl\":\"https:\\\/\\\/fuentesfidedignas.com.mx\\\/wp-content\\\/uploads\\\/2022\\\/07\\\/images-2022-07-05T181126.473.jpeg\",\"datePublished\":\"2022-07-05T21:10:51+00:00\",\"dateModified\":\"2022-07-06T00:14:09+00:00\",\"breadcrumb\":{\"@id\":\"https:\\\/\\\/fuentesfidedignas.com.mx\\\/index.php\\\/2022\\\/07\\\/05\\\/va-a-resolverse-afirma-rocha-a-dos-meses-de-asesinato-de-luis-enrique-ramirez\\\/#breadcrumb\"},\"inLanguage\":\"es\",\"potentialAction\":[{\"@type\":\"ReadAction\",\"target\":[\"https:\\\/\\\/fuentesfidedignas.com.mx\\\/index.php\\\/2022\\\/07\\\/05\\\/va-a-resolverse-afirma-rocha-a-dos-meses-de-asesinato-de-luis-enrique-ramirez\\\/\"]}]},{\"@type\":\"ImageObject\",\"inLanguage\":\"es\",\"@id\":\"https:\\\/\\\/fuentesfidedignas.com.mx\\\/index.php\\\/2022\\\/07\\\/05\\\/va-a-resolverse-afirma-rocha-a-dos-meses-de-asesinato-de-luis-enrique-ramirez\\\/#primaryimage\",\"url\":\"https:\\\/\\\/fuentesfidedignas.com.mx\\\/wp-content\\\/uploads\\\/2022\\\/07\\\/images-2022-07-05T181126.473.jpeg\",\"contentUrl\":\"https:\\\/\\\/fuentesfidedignas.com.mx\\\/wp-content\\\/uploads\\\/2022\\\/07\\\/images-2022-07-05T181126.473.jpeg\",\"width\":640,\"height\":399},{\"@type\":\"BreadcrumbList\",\"@id\":\"https:\\\/\\\/fuentesfidedignas.com.mx\\\/index.php\\\/2022\\\/07\\\/05\\\/va-a-resolverse-afirma-rocha-a-dos-meses-de-asesinato-de-luis-enrique-ramirez\\\/#breadcrumb\",\"itemListElement\":[{\"@type\":\"ListItem\",\"position\":1,\"name\":\"Inicio\",\"item\":\"https:\\\/\\\/fuentesfidedignas.com.mx\\\/\"},{\"@type\":\"ListItem\",\"position\":2,\"name\":\"&#8220;Va a resolverse&#8221;, afirma Rocha a dos meses del asesinato de Luis Enrique Ram\u00edrez\"}]},{\"@type\":\"WebSite\",\"@id\":\"https:\\\/\\\/fuentesfidedignas.com.mx\\\/#website\",\"url\":\"https:\\\/\\\/fuentesfidedignas.com.mx\\\/\",\"name\":\"Fuentes Fidedignas\",\"description\":\"Otro sitio realizado con WordPress\",\"publisher\":{\"@id\":\"https:\\\/\\\/fuentesfidedignas.com.mx\\\/#organization\"},\"potentialAction\":[{\"@type\":\"SearchAction\",\"target\":{\"@type\":\"EntryPoint\",\"urlTemplate\":\"https:\\\/\\\/fuentesfidedignas.com.mx\\\/?s={search_term_string}\"},\"query-input\":{\"@type\":\"PropertyValueSpecification\",\"valueRequired\":true,\"valueName\":\"search_term_string\"}}],\"inLanguage\":\"es\"},{\"@type\":\"Organization\",\"@id\":\"https:\\\/\\\/fuentesfidedignas.com.mx\\\/#organization\",\"name\":\"Fuentes Fidedignas\",\"url\":\"https:\\\/\\\/fuentesfidedignas.com.mx\\\/\",\"logo\":{\"@type\":\"ImageObject\",\"inLanguage\":\"es\",\"@id\":\"https:\\\/\\\/fuentesfidedignas.com.mx\\\/#\\\/schema\\\/logo\\\/image\\\/\",\"url\":\"https:\\\/\\\/fuentesfidedignas.com.mx\\\/wp-content\\\/uploads\\\/2021\\\/04\\\/logo-retina.png\",\"contentUrl\":\"https:\\\/\\\/fuentesfidedignas.com.mx\\\/wp-content\\\/uploads\\\/2021\\\/04\\\/logo-retina.png\",\"width\":280,\"height\":51,\"caption\":\"Fuentes Fidedignas\"},\"image\":{\"@id\":\"https:\\\/\\\/fuentesfidedignas.com.mx\\\/#\\\/schema\\\/logo\\\/image\\\/\"},\"sameAs\":[\"https:\\\/\\\/www.facebook.com\\\/Fuentes-Fidedignas-368234489921644\",\"https:\\\/\\\/x.com\\\/fidedignas\"]},{\"@type\":\"Person\",\"@id\":\"https:\\\/\\\/fuentesfidedignas.com.mx\\\/#\\\/schema\\\/person\\\/c77df25c00baae1d4fdc0340db6f364c\",\"name\":\"Leonardo Gutierrez\",\"image\":{\"@type\":\"ImageObject\",\"inLanguage\":\"es\",\"@id\":\"https:\\\/\\\/secure.gravatar.com\\\/avatar\\\/17b13a7a986cc98ca4d7337340bcac5945cbae677961c354aefb3c7962c8cc1f?s=96&d=mm&r=g\",\"url\":\"https:\\\/\\\/secure.gravatar.com\\\/avatar\\\/17b13a7a986cc98ca4d7337340bcac5945cbae677961c354aefb3c7962c8cc1f?s=96&d=mm&r=g\",\"contentUrl\":\"https:\\\/\\\/secure.gravatar.com\\\/avatar\\\/17b13a7a986cc98ca4d7337340bcac5945cbae677961c354aefb3c7962c8cc1f?s=96&d=mm&r=g\",\"caption\":\"Leonardo Gutierrez\"},\"url\":\"https:\\\/\\\/fuentesfidedignas.com.mx\\\/index.php\\\/author\\\/leonardogut\\\/\"}]}<\/script>\n<!-- \/ Yoast SEO plugin. -->","yoast_head_json":{"title":"\"Va a resolverse\", afirma Rocha a dos meses del asesinato de Luis Enrique Ram\u00edrez - Fuentes Fidedignas","robots":{"index":"index","follow":"follow","max-snippet":"max-snippet:-1","max-image-preview":"max-image-preview:large","max-video-preview":"max-video-preview:-1"},"canonical":"https:\/\/fuentesfidedignas.com.mx\/index.php\/2022\/07\/05\/va-a-resolverse-afirma-rocha-a-dos-meses-de-asesinato-de-luis-enrique-ramirez\/","og_locale":"es_MX","og_type":"article","og_title":"\"Va a resolverse\", afirma Rocha a dos meses del asesinato de Luis Enrique Ram\u00edrez - Fuentes Fidedignas","og_description":"S\u00f3lo una persona implicada ha comparecido antes la ley Culiac\u00e1n, Sin.- Hay avances, el tema no se ha desatendido y la familia de Luis Enrique Ram\u00edrez puede estar tranquila de que el homicidios se va a resolver, asegur\u00f3 Rub\u00e9n Rocha Moya al cumplirse dos meses del asesinato del periodista. El gobernador de Sinaloa se\u00f1al\u00f3 que [&hellip;]","og_url":"https:\/\/fuentesfidedignas.com.mx\/index.php\/2022\/07\/05\/va-a-resolverse-afirma-rocha-a-dos-meses-de-asesinato-de-luis-enrique-ramirez\/","og_site_name":"Fuentes Fidedignas","article_publisher":"https:\/\/www.facebook.com\/Fuentes-Fidedignas-368234489921644","article_published_time":"2022-07-05T21:10:51+00:00","article_modified_time":"2022-07-06T00:14:09+00:00","og_image":[{"width":640,"height":399,"url":"https:\/\/fuentesfidedignas.com.mx\/wp-content\/uploads\/2022\/07\/images-2022-07-05T181126.473.jpeg","type":"image\/jpeg"}],"author":"Leonardo Gutierrez","twitter_card":"summary_large_image","twitter_creator":"@fidedignas","twitter_site":"@fidedignas","twitter_misc":{"Escrito por":"Leonardo Gutierrez","Tiempo de lectura":"1 minuto"},"schema":{"@context":"https:\/\/schema.org","@graph":[{"@type":"Article","@id":"https:\/\/fuentesfidedignas.com.mx\/index.php\/2022\/07\/05\/va-a-resolverse-afirma-rocha-a-dos-meses-de-asesinato-de-luis-enrique-ramirez\/#article","isPartOf":{"@id":"https:\/\/fuentesfidedignas.com.mx\/index.php\/2022\/07\/05\/va-a-resolverse-afirma-rocha-a-dos-meses-de-asesinato-de-luis-enrique-ramirez\/"},"author":{"name":"Leonardo Gutierrez","@id":"https:\/\/fuentesfidedignas.com.mx\/#\/schema\/person\/c77df25c00baae1d4fdc0340db6f364c"},"headline":"&#8220;Va a resolverse&#8221;, afirma Rocha a dos meses del asesinato de Luis Enrique Ram\u00edrez","datePublished":"2022-07-05T21:10:51+00:00","dateModified":"2022-07-06T00:14:09+00:00","mainEntityOfPage":{"@id":"https:\/\/fuentesfidedignas.com.mx\/index.php\/2022\/07\/05\/va-a-resolverse-afirma-rocha-a-dos-meses-de-asesinato-de-luis-enrique-ramirez\/"},"wordCount":229,"commentCount":0,"publisher":{"@id":"https:\/\/fuentesfidedignas.com.mx\/#organization"},"image":{"@id":"https:\/\/fuentesfidedignas.com.mx\/index.php\/2022\/07\/05\/va-a-resolverse-afirma-rocha-a-dos-meses-de-asesinato-de-luis-enrique-ramirez\/#primaryimage"},"thumbnailUrl":"https:\/\/fuentesfidedignas.com.mx\/wp-content\/uploads\/2022\/07\/images-2022-07-05T181126.473.jpeg","articleSection":["NOTA PRINCIPAL"],"inLanguage":"es","potentialAction":[{"@type":"CommentAction","name":"Comment","target":["https:\/\/fuentesfidedignas.com.mx\/index.php\/2022\/07\/05\/va-a-resolverse-afirma-rocha-a-dos-meses-de-asesinato-de-luis-enrique-ramirez\/#respond"]}]},{"@type":"WebPage","@id":"https:\/\/fuentesfidedignas.com.mx\/index.php\/2022\/07\/05\/va-a-resolverse-afirma-rocha-a-dos-meses-de-asesinato-de-luis-enrique-ramirez\/","url":"https:\/\/fuentesfidedignas.com.mx\/index.php\/2022\/07\/05\/va-a-resolverse-afirma-rocha-a-dos-meses-de-asesinato-de-luis-enrique-ramirez\/","name":"\"Va a resolverse\", afirma Rocha a dos meses del asesinato de Luis Enrique Ram\u00edrez - Fuentes Fidedignas","isPartOf":{"@id":"https:\/\/fuentesfidedignas.com.mx\/#website"},"primaryImageOfPage":{"@id":"https:\/\/fuentesfidedignas.com.mx\/index.php\/2022\/07\/05\/va-a-resolverse-afirma-rocha-a-dos-meses-de-asesinato-de-luis-enrique-ramirez\/#primaryimage"},"image":{"@id":"https:\/\/fuentesfidedignas.com.mx\/index.php\/2022\/07\/05\/va-a-resolverse-afirma-rocha-a-dos-meses-de-asesinato-de-luis-enrique-ramirez\/#primaryimage"},"thumbnailUrl":"https:\/\/fuentesfidedignas.com.mx\/wp-content\/uploads\/2022\/07\/images-2022-07-05T181126.473.jpeg","datePublished":"2022-07-05T21:10:51+00:00","dateModified":"2022-07-06T00:14:09+00:00","breadcrumb":{"@id":"https:\/\/fuentesfidedignas.com.mx\/index.php\/2022\/07\/05\/va-a-resolverse-afirma-rocha-a-dos-meses-de-asesinato-de-luis-enrique-ramirez\/#breadcrumb"},"inLanguage":"es","potentialAction":[{"@type":"ReadAction","target":["https:\/\/fuentesfidedignas.com.mx\/index.php\/2022\/07\/05\/va-a-resolverse-afirma-rocha-a-dos-meses-de-asesinato-de-luis-enrique-ramirez\/"]}]},{"@type":"ImageObject","inLanguage":"es","@id":"https:\/\/fuentesfidedignas.com.mx\/index.php\/2022\/07\/05\/va-a-resolverse-afirma-rocha-a-dos-meses-de-asesinato-de-luis-enrique-ramirez\/#primaryimage","url":"https:\/\/fuentesfidedignas.com.mx\/wp-content\/uploads\/2022\/07\/images-2022-07-05T181126.473.jpeg","contentUrl":"https:\/\/fuentesfidedignas.com.mx\/wp-content\/uploads\/2022\/07\/images-2022-07-05T181126.473.jpeg","width":640,"height":399},{"@type":"BreadcrumbList","@id":"https:\/\/fuentesfidedignas.com.mx\/index.php\/2022\/07\/05\/va-a-resolverse-afirma-rocha-a-dos-meses-de-asesinato-de-luis-enrique-ramirez\/#breadcrumb","itemListElement":[{"@type":"ListItem","position":1,"name":"Inicio","item":"https:\/\/fuentesfidedignas.com.mx\/"},{"@type":"ListItem","position":2,"name":"&#8220;Va a resolverse&#8221;, afirma Rocha a dos meses del asesinato de Luis Enrique Ram\u00edrez"}]},{"@type":"WebSite","@id":"https:\/\/fuentesfidedignas.com.mx\/#website","url":"https:\/\/fuentesfidedignas.com.mx\/","name":"Fuentes Fidedignas","description":"Otro sitio realizado con WordPress","publisher":{"@id":"https:\/\/fuentesfidedignas.com.mx\/#organization"},"potentialAction":[{"@type":"SearchAction","target":{"@type":"EntryPoint","urlTemplate":"https:\/\/fuentesfidedignas.com.mx\/?s={search_term_string}"},"query-input":{"@type":"PropertyValueSpecification","valueRequired":true,"valueName":"search_term_string"}}],"inLanguage":"es"},{"@type":"Organization","@id":"https:\/\/fuentesfidedignas.com.mx\/#organization","name":"Fuentes Fidedignas","url":"https:\/\/fuentesfidedignas.com.mx\/","logo":{"@type":"ImageObject","inLanguage":"es","@id":"https:\/\/fuentesfidedignas.com.mx\/#\/schema\/logo\/image\/","url":"https:\/\/fuentesfidedignas.com.mx\/wp-content\/uploads\/2021\/04\/logo-retina.png","contentUrl":"https:\/\/fuentesfidedignas.com.mx\/wp-content\/uploads\/2021\/04\/logo-retina.png","width":280,"height":51,"caption":"Fuentes Fidedignas"},"image":{"@id":"https:\/\/fuentesfidedignas.com.mx\/#\/schema\/logo\/image\/"},"sameAs":["https:\/\/www.facebook.com\/Fuentes-Fidedignas-368234489921644","https:\/\/x.com\/fidedignas"]},{"@type":"Person","@id":"https:\/\/fuentesfidedignas.com.mx\/#\/schema\/person\/c77df25c00baae1d4fdc0340db6f364c","name":"Leonardo Gutierrez","image":{"@type":"ImageObject","inLanguage":"es","@id":"https:\/\/secure.gravatar.com\/avatar\/17b13a7a986cc98ca4d7337340bcac5945cbae677961c354aefb3c7962c8cc1f?s=96&d=mm&r=g","url":"https:\/\/secure.gravatar.com\/avatar\/17b13a7a986cc98ca4d7337340bcac5945cbae677961c354aefb3c7962c8cc1f?s=96&d=mm&r=g","contentUrl":"https:\/\/secure.gravatar.com\/avatar\/17b13a7a986cc98ca4d7337340bcac5945cbae677961c354aefb3c7962c8cc1f?s=96&d=mm&r=g","caption":"Leonardo Gutierrez"},"url":"https:\/\/fuentesfidedignas.com.mx\/index.php\/author\/leonardogut\/"}]}},"_links":{"self":[{"href":"https:\/\/fuentesfidedignas.com.mx\/index.php\/wp-json\/wp\/v2\/posts\/36382","targetHints":{"allow":["GET"]}}],"collection":[{"href":"https:\/\/fuentesfidedignas.com.mx\/index.php\/wp-json\/wp\/v2\/posts"}],"about":[{"href":"https:\/\/fuentesfidedignas.com.mx\/index.php\/wp-json\/wp\/v2\/types\/post"}],"author":[{"embeddable":true,"href":"https:\/\/fuentesfidedignas.com.mx\/index.php\/wp-json\/wp\/v2\/users\/112"}],"replies":[{"embeddable":true,"href":"https:\/\/fuentesfidedignas.com.mx\/index.php\/wp-json\/wp\/v2\/comments?post=36382"}],"version-history":[{"count":5,"href":"https:\/\/fuentesfidedignas.com.mx\/index.php\/wp-json\/wp\/v2\/posts\/36382\/revisions"}],"predecessor-version":[{"id":36388,"href":"https:\/\/fuentesfidedignas.com.mx\/index.php\/wp-json\/wp\/v2\/posts\/36382\/revisions\/36388"}],"wp:featuredmedia":[{"embeddable":true,"href":"https:\/\/fuentesfidedignas.com.mx\/index.php\/wp-json\/wp\/v2\/media\/36384"}],"wp:attachment":[{"href":"https:\/\/fuentesfidedignas.com.mx\/index.php\/wp-json\/wp\/v2\/media?parent=36382"}],"wp:term":[{"taxonomy":"category","embeddable":true,"href":"https:\/\/fuentesfidedignas.com.mx\/index.php\/wp-json\/wp\/v2\/categories?post=36382"},{"taxonomy":"post_tag","embeddable":true,"href":"https:\/\/fuentesfidedignas.com.mx\/index.php\/wp-json\/wp\/v2\/tags?post=36382"}],"curies":[{"name":"wp","href":"https:\/\/api.w.org\/{rel}","templated":true}]}}