{"id":36218,"date":"2022-07-04T10:32:03","date_gmt":"2022-07-04T16:32:03","guid":{"rendered":"https:\/\/fuentesfidedignas.com.mx\/?p=36218"},"modified":"2022-07-04T15:00:47","modified_gmt":"2022-07-04T21:00:47","slug":"laura-araceli-nieblas-leal-nueva-tesorera-de-culiacan-tras-renuncia-de-issel-soto","status":"publish","type":"post","link":"https:\/\/fuentesfidedignas.com.mx\/index.php\/2022\/07\/04\/laura-araceli-nieblas-leal-nueva-tesorera-de-culiacan-tras-renuncia-de-issel-soto\/","title":{"rendered":"Laura Araceli Nieblas, nueva tesorera del Ayuntamiento tras renuncia de Issel Soto"},"content":{"rendered":"\n<p><strong><em>El cargo que desempe\u00f1ar\u00e1 hasta que concluya la actual administraci\u00f3n 2021-2024.<\/em><\/strong><\/p>\n\n\n\n<p>Culiac\u00e1n, Sin.- En la novena Sesi\u00f3n Extraordinaria de Cabildo celebrada este lunes con fundamento en lo dispuesto en los art\u00edculos 38, fracci\u00f3n primera y art\u00edculo 57 de la ley de Gobierno Municipal del Estado de Sinaloa, el pleno aprob\u00f3 por unanimidad la propuesta del Alcalde Juan de Dios G\u00e1mez Mend\u00edvil para la designaci\u00f3n del cargo de la Tesorera del Ayuntamiento de Culiac\u00e1n, Laura Araceli Nieblas Leal, cargo que desempe\u00f1ar\u00e1 hasta que concluya la actual administraci\u00f3n 2021-2024.<\/p>\n\n\n\n<p>El primer edil, inform\u00f3 que luego de recibir la renuncia de la ex tesorera Issel Guillermina Soto Gonz\u00e1lez el pasado viernes, se pronunci\u00f3 para que Laura Araceli Nieblas Leal ocupara este cargo, en virtud de que re\u00fane los requisitos de ley para desempe\u00f1ar el puesto, y tratarse de una persona comprometida con el proyecto de naci\u00f3n impulsado por el Presidente de M\u00e9xico, Andr\u00e9s Manuel L\u00f3pez Obrador, as\u00ed como sus conocimientos en contabilidad y finanzas, estudios a nivel licenciatura y maestr\u00eda, as\u00ed como su experiencia en el orden federal y estatal en puestos de la Auditor\u00eda Superior del Estado (ASE), y en la Delegaci\u00f3n de Programas para el Desarrollo de Sinaloa.<\/p>\n\n\n\n<p>Acto seguido, el Presidente Municipal tom\u00f3 protesta de ley a Laura Araceli Nieblas Leal con fundamento en lo dispuesto en el art\u00edculo 144 de la Constituci\u00f3n Pol\u00edtica del estado de Sinaloa, y de esta forma proceder con el otorgamiento de poderes generales para actos de administraci\u00f3n y para actos de dominio.<\/p>\n\n\n\n<p>Luego de recibir el nombramiento, el Presidente Municipal exhort\u00f3 a Nieblas Leal a que se conduzca con respeto y lealtad al cargo conferido, y a trabajar de forma coordinada a favor de todos los sectores y la poblaci\u00f3n a fin de alcanzar los objetivos que brinden un bienestar para todos.<\/p>\n","protected":false},"excerpt":{"rendered":"<p>El cargo que desempe\u00f1ar\u00e1 hasta que concluya la actual administraci\u00f3n 2021-2024. Culiac\u00e1n, Sin.- En la novena Sesi\u00f3n Extraordinaria de Cabildo celebrada este lunes con fundamento en lo dispuesto en los art\u00edculos 38, fracci\u00f3n primera y art\u00edculo 57 de la ley de Gobierno Municipal del Estado de Sinaloa, el pleno aprob\u00f3 por unanimidad la propuesta del [&hellip;]<\/p>\n","protected":false},"author":4,"featured_media":36219,"comment_status":"open","ping_status":"open","sticky":false,"template":"","format":"standard","meta":{"tdm_status":"","tdm_grid_status":"","footnotes":""},"categories":[37],"tags":[1041,120,2989,2988],"class_list":{"0":"post-36218","1":"post","2":"type-post","3":"status-publish","4":"format-standard","5":"has-post-thumbnail","7":"category-nota-principal","8":"tag-ayuntamiento-de-culiacan","9":"tag-culiacan","10":"tag-issel-guillermina-soto-gonzalez","11":"tag-laura-araceli-nieblas-leal"},"yoast_head":"<!-- This site is optimized with the Yoast SEO plugin v27.5 - https:\/\/yoast.com\/product\/yoast-seo-wordpress\/ -->\n<title>Laura Araceli Nieblas, nueva tesorera del Ayuntamiento tras renuncia de Issel Soto - Fuentes Fidedignas<\/title>\n<meta name=\"robots\" content=\"index, follow, max-snippet:-1, max-image-preview:large, max-video-preview:-1\" \/>\n<link rel=\"canonical\" href=\"https:\/\/fuentesfidedignas.com.mx\/index.php\/2022\/07\/04\/laura-araceli-nieblas-leal-nueva-tesorera-de-culiacan-tras-renuncia-de-issel-soto\/\" \/>\n<meta property=\"og:locale\" content=\"es_MX\" \/>\n<meta property=\"og:type\" content=\"article\" \/>\n<meta property=\"og:title\" content=\"Laura Araceli Nieblas, nueva tesorera del Ayuntamiento tras renuncia de Issel Soto - Fuentes Fidedignas\" \/>\n<meta property=\"og:description\" content=\"El cargo que desempe\u00f1ar\u00e1 hasta que concluya la actual administraci\u00f3n 2021-2024. Culiac\u00e1n, Sin.- En la novena Sesi\u00f3n Extraordinaria de Cabildo celebrada este lunes con fundamento en lo dispuesto en los art\u00edculos 38, fracci\u00f3n primera y art\u00edculo 57 de la ley de Gobierno Municipal del Estado de Sinaloa, el pleno aprob\u00f3 por unanimidad la propuesta del [&hellip;]\" \/>\n<meta property=\"og:url\" content=\"https:\/\/fuentesfidedignas.com.mx\/index.php\/2022\/07\/04\/laura-araceli-nieblas-leal-nueva-tesorera-de-culiacan-tras-renuncia-de-issel-soto\/\" \/>\n<meta property=\"og:site_name\" content=\"Fuentes Fidedignas\" \/>\n<meta property=\"article:publisher\" content=\"https:\/\/www.facebook.com\/Fuentes-Fidedignas-368234489921644\" \/>\n<meta property=\"article:published_time\" content=\"2022-07-04T16:32:03+00:00\" \/>\n<meta property=\"article:modified_time\" content=\"2022-07-04T21:00:47+00:00\" \/>\n<meta property=\"og:image\" content=\"https:\/\/fuentesfidedignas.com.mx\/wp-content\/uploads\/2022\/07\/WhatsApp-Image-2022-07-04-at-10.26.28-AM.jpeg\" \/>\n\t<meta property=\"og:image:width\" content=\"1280\" \/>\n\t<meta property=\"og:image:height\" content=\"869\" \/>\n\t<meta property=\"og:image:type\" content=\"image\/jpeg\" \/>\n<meta name=\"author\" content=\"Redacci\u00f3n\" \/>\n<meta name=\"twitter:card\" content=\"summary_large_image\" \/>\n<meta name=\"twitter:creator\" content=\"@fidedignas\" \/>\n<meta name=\"twitter:site\" content=\"@fidedignas\" \/>\n<meta name=\"twitter:label1\" content=\"Escrito por\" \/>\n\t<meta name=\"twitter:data1\" content=\"Redacci\u00f3n\" \/>\n\t<meta name=\"twitter:label2\" content=\"Tiempo de lectura\" \/>\n\t<meta name=\"twitter:data2\" content=\"2 minutos\" \/>\n<script type=\"application\/ld+json\" class=\"yoast-schema-graph\">{\"@context\":\"https:\\\/\\\/schema.org\",\"@graph\":[{\"@type\":\"Article\",\"@id\":\"https:\\\/\\\/fuentesfidedignas.com.mx\\\/index.php\\\/2022\\\/07\\\/04\\\/laura-araceli-nieblas-leal-nueva-tesorera-de-culiacan-tras-renuncia-de-issel-soto\\\/#article\",\"isPartOf\":{\"@id\":\"https:\\\/\\\/fuentesfidedignas.com.mx\\\/index.php\\\/2022\\\/07\\\/04\\\/laura-araceli-nieblas-leal-nueva-tesorera-de-culiacan-tras-renuncia-de-issel-soto\\\/\"},\"author\":{\"name\":\"Redacci\u00f3n\",\"@id\":\"https:\\\/\\\/fuentesfidedignas.com.mx\\\/#\\\/schema\\\/person\\\/331be9283d37198e2acd5750279085b0\"},\"headline\":\"Laura Araceli Nieblas, nueva tesorera del Ayuntamiento tras renuncia de Issel Soto\",\"datePublished\":\"2022-07-04T16:32:03+00:00\",\"dateModified\":\"2022-07-04T21:00:47+00:00\",\"mainEntityOfPage\":{\"@id\":\"https:\\\/\\\/fuentesfidedignas.com.mx\\\/index.php\\\/2022\\\/07\\\/04\\\/laura-araceli-nieblas-leal-nueva-tesorera-de-culiacan-tras-renuncia-de-issel-soto\\\/\"},\"wordCount\":336,\"commentCount\":0,\"publisher\":{\"@id\":\"https:\\\/\\\/fuentesfidedignas.com.mx\\\/#organization\"},\"image\":{\"@id\":\"https:\\\/\\\/fuentesfidedignas.com.mx\\\/index.php\\\/2022\\\/07\\\/04\\\/laura-araceli-nieblas-leal-nueva-tesorera-de-culiacan-tras-renuncia-de-issel-soto\\\/#primaryimage\"},\"thumbnailUrl\":\"https:\\\/\\\/fuentesfidedignas.com.mx\\\/wp-content\\\/uploads\\\/2022\\\/07\\\/WhatsApp-Image-2022-07-04-at-10.26.28-AM.jpeg\",\"keywords\":[\"Ayuntamiento de Culiac\u00e1n\",\"Culiac\u00e1n\",\"Issel Guillermina Soto Gonz\u00e1lez\",\"Laura Araceli Nieblas Leal\"],\"articleSection\":[\"NOTA PRINCIPAL\"],\"inLanguage\":\"es\",\"potentialAction\":[{\"@type\":\"CommentAction\",\"name\":\"Comment\",\"target\":[\"https:\\\/\\\/fuentesfidedignas.com.mx\\\/index.php\\\/2022\\\/07\\\/04\\\/laura-araceli-nieblas-leal-nueva-tesorera-de-culiacan-tras-renuncia-de-issel-soto\\\/#respond\"]}]},{\"@type\":\"WebPage\",\"@id\":\"https:\\\/\\\/fuentesfidedignas.com.mx\\\/index.php\\\/2022\\\/07\\\/04\\\/laura-araceli-nieblas-leal-nueva-tesorera-de-culiacan-tras-renuncia-de-issel-soto\\\/\",\"url\":\"https:\\\/\\\/fuentesfidedignas.com.mx\\\/index.php\\\/2022\\\/07\\\/04\\\/laura-araceli-nieblas-leal-nueva-tesorera-de-culiacan-tras-renuncia-de-issel-soto\\\/\",\"name\":\"Laura Araceli Nieblas, nueva tesorera del Ayuntamiento tras renuncia de Issel Soto - Fuentes Fidedignas\",\"isPartOf\":{\"@id\":\"https:\\\/\\\/fuentesfidedignas.com.mx\\\/#website\"},\"primaryImageOfPage\":{\"@id\":\"https:\\\/\\\/fuentesfidedignas.com.mx\\\/index.php\\\/2022\\\/07\\\/04\\\/laura-araceli-nieblas-leal-nueva-tesorera-de-culiacan-tras-renuncia-de-issel-soto\\\/#primaryimage\"},\"image\":{\"@id\":\"https:\\\/\\\/fuentesfidedignas.com.mx\\\/index.php\\\/2022\\\/07\\\/04\\\/laura-araceli-nieblas-leal-nueva-tesorera-de-culiacan-tras-renuncia-de-issel-soto\\\/#primaryimage\"},\"thumbnailUrl\":\"https:\\\/\\\/fuentesfidedignas.com.mx\\\/wp-content\\\/uploads\\\/2022\\\/07\\\/WhatsApp-Image-2022-07-04-at-10.26.28-AM.jpeg\",\"datePublished\":\"2022-07-04T16:32:03+00:00\",\"dateModified\":\"2022-07-04T21:00:47+00:00\",\"breadcrumb\":{\"@id\":\"https:\\\/\\\/fuentesfidedignas.com.mx\\\/index.php\\\/2022\\\/07\\\/04\\\/laura-araceli-nieblas-leal-nueva-tesorera-de-culiacan-tras-renuncia-de-issel-soto\\\/#breadcrumb\"},\"inLanguage\":\"es\",\"potentialAction\":[{\"@type\":\"ReadAction\",\"target\":[\"https:\\\/\\\/fuentesfidedignas.com.mx\\\/index.php\\\/2022\\\/07\\\/04\\\/laura-araceli-nieblas-leal-nueva-tesorera-de-culiacan-tras-renuncia-de-issel-soto\\\/\"]}]},{\"@type\":\"ImageObject\",\"inLanguage\":\"es\",\"@id\":\"https:\\\/\\\/fuentesfidedignas.com.mx\\\/index.php\\\/2022\\\/07\\\/04\\\/laura-araceli-nieblas-leal-nueva-tesorera-de-culiacan-tras-renuncia-de-issel-soto\\\/#primaryimage\",\"url\":\"https:\\\/\\\/fuentesfidedignas.com.mx\\\/wp-content\\\/uploads\\\/2022\\\/07\\\/WhatsApp-Image-2022-07-04-at-10.26.28-AM.jpeg\",\"contentUrl\":\"https:\\\/\\\/fuentesfidedignas.com.mx\\\/wp-content\\\/uploads\\\/2022\\\/07\\\/WhatsApp-Image-2022-07-04-at-10.26.28-AM.jpeg\",\"width\":1280,\"height\":869},{\"@type\":\"BreadcrumbList\",\"@id\":\"https:\\\/\\\/fuentesfidedignas.com.mx\\\/index.php\\\/2022\\\/07\\\/04\\\/laura-araceli-nieblas-leal-nueva-tesorera-de-culiacan-tras-renuncia-de-issel-soto\\\/#breadcrumb\",\"itemListElement\":[{\"@type\":\"ListItem\",\"position\":1,\"name\":\"Inicio\",\"item\":\"https:\\\/\\\/fuentesfidedignas.com.mx\\\/\"},{\"@type\":\"ListItem\",\"position\":2,\"name\":\"Laura Araceli Nieblas, nueva tesorera del Ayuntamiento tras renuncia de Issel Soto\"}]},{\"@type\":\"WebSite\",\"@id\":\"https:\\\/\\\/fuentesfidedignas.com.mx\\\/#website\",\"url\":\"https:\\\/\\\/fuentesfidedignas.com.mx\\\/\",\"name\":\"Fuentes Fidedignas\",\"description\":\"Otro sitio realizado con WordPress\",\"publisher\":{\"@id\":\"https:\\\/\\\/fuentesfidedignas.com.mx\\\/#organization\"},\"potentialAction\":[{\"@type\":\"SearchAction\",\"target\":{\"@type\":\"EntryPoint\",\"urlTemplate\":\"https:\\\/\\\/fuentesfidedignas.com.mx\\\/?s={search_term_string}\"},\"query-input\":{\"@type\":\"PropertyValueSpecification\",\"valueRequired\":true,\"valueName\":\"search_term_string\"}}],\"inLanguage\":\"es\"},{\"@type\":\"Organization\",\"@id\":\"https:\\\/\\\/fuentesfidedignas.com.mx\\\/#organization\",\"name\":\"Fuentes Fidedignas\",\"url\":\"https:\\\/\\\/fuentesfidedignas.com.mx\\\/\",\"logo\":{\"@type\":\"ImageObject\",\"inLanguage\":\"es\",\"@id\":\"https:\\\/\\\/fuentesfidedignas.com.mx\\\/#\\\/schema\\\/logo\\\/image\\\/\",\"url\":\"https:\\\/\\\/fuentesfidedignas.com.mx\\\/wp-content\\\/uploads\\\/2021\\\/04\\\/logo-retina.png\",\"contentUrl\":\"https:\\\/\\\/fuentesfidedignas.com.mx\\\/wp-content\\\/uploads\\\/2021\\\/04\\\/logo-retina.png\",\"width\":280,\"height\":51,\"caption\":\"Fuentes Fidedignas\"},\"image\":{\"@id\":\"https:\\\/\\\/fuentesfidedignas.com.mx\\\/#\\\/schema\\\/logo\\\/image\\\/\"},\"sameAs\":[\"https:\\\/\\\/www.facebook.com\\\/Fuentes-Fidedignas-368234489921644\",\"https:\\\/\\\/x.com\\\/fidedignas\"]},{\"@type\":\"Person\",\"@id\":\"https:\\\/\\\/fuentesfidedignas.com.mx\\\/#\\\/schema\\\/person\\\/331be9283d37198e2acd5750279085b0\",\"name\":\"Redacci\u00f3n\",\"image\":{\"@type\":\"ImageObject\",\"inLanguage\":\"es\",\"@id\":\"https:\\\/\\\/secure.gravatar.com\\\/avatar\\\/f6d8782c11d12b2d4ad3fbb6931aeab5309937a4d6cd2fc9cfaa28a6396a5aec?s=96&d=mm&r=g\",\"url\":\"https:\\\/\\\/secure.gravatar.com\\\/avatar\\\/f6d8782c11d12b2d4ad3fbb6931aeab5309937a4d6cd2fc9cfaa28a6396a5aec?s=96&d=mm&r=g\",\"contentUrl\":\"https:\\\/\\\/secure.gravatar.com\\\/avatar\\\/f6d8782c11d12b2d4ad3fbb6931aeab5309937a4d6cd2fc9cfaa28a6396a5aec?s=96&d=mm&r=g\",\"caption\":\"Redacci\u00f3n\"},\"url\":\"https:\\\/\\\/fuentesfidedignas.com.mx\\\/index.php\\\/author\\\/redaccion\\\/\"}]}<\/script>\n<!-- \/ Yoast SEO plugin. -->","yoast_head_json":{"title":"Laura Araceli Nieblas, nueva tesorera del Ayuntamiento tras renuncia de Issel Soto - Fuentes Fidedignas","robots":{"index":"index","follow":"follow","max-snippet":"max-snippet:-1","max-image-preview":"max-image-preview:large","max-video-preview":"max-video-preview:-1"},"canonical":"https:\/\/fuentesfidedignas.com.mx\/index.php\/2022\/07\/04\/laura-araceli-nieblas-leal-nueva-tesorera-de-culiacan-tras-renuncia-de-issel-soto\/","og_locale":"es_MX","og_type":"article","og_title":"Laura Araceli Nieblas, nueva tesorera del Ayuntamiento tras renuncia de Issel Soto - Fuentes Fidedignas","og_description":"El cargo que desempe\u00f1ar\u00e1 hasta que concluya la actual administraci\u00f3n 2021-2024. Culiac\u00e1n, Sin.- En la novena Sesi\u00f3n Extraordinaria de Cabildo celebrada este lunes con fundamento en lo dispuesto en los art\u00edculos 38, fracci\u00f3n primera y art\u00edculo 57 de la ley de Gobierno Municipal del Estado de Sinaloa, el pleno aprob\u00f3 por unanimidad la propuesta del [&hellip;]","og_url":"https:\/\/fuentesfidedignas.com.mx\/index.php\/2022\/07\/04\/laura-araceli-nieblas-leal-nueva-tesorera-de-culiacan-tras-renuncia-de-issel-soto\/","og_site_name":"Fuentes Fidedignas","article_publisher":"https:\/\/www.facebook.com\/Fuentes-Fidedignas-368234489921644","article_published_time":"2022-07-04T16:32:03+00:00","article_modified_time":"2022-07-04T21:00:47+00:00","og_image":[{"width":1280,"height":869,"url":"https:\/\/fuentesfidedignas.com.mx\/wp-content\/uploads\/2022\/07\/WhatsApp-Image-2022-07-04-at-10.26.28-AM.jpeg","type":"image\/jpeg"}],"author":"Redacci\u00f3n","twitter_card":"summary_large_image","twitter_creator":"@fidedignas","twitter_site":"@fidedignas","twitter_misc":{"Escrito por":"Redacci\u00f3n","Tiempo de lectura":"2 minutos"},"schema":{"@context":"https:\/\/schema.org","@graph":[{"@type":"Article","@id":"https:\/\/fuentesfidedignas.com.mx\/index.php\/2022\/07\/04\/laura-araceli-nieblas-leal-nueva-tesorera-de-culiacan-tras-renuncia-de-issel-soto\/#article","isPartOf":{"@id":"https:\/\/fuentesfidedignas.com.mx\/index.php\/2022\/07\/04\/laura-araceli-nieblas-leal-nueva-tesorera-de-culiacan-tras-renuncia-de-issel-soto\/"},"author":{"name":"Redacci\u00f3n","@id":"https:\/\/fuentesfidedignas.com.mx\/#\/schema\/person\/331be9283d37198e2acd5750279085b0"},"headline":"Laura Araceli Nieblas, nueva tesorera del Ayuntamiento tras renuncia de Issel Soto","datePublished":"2022-07-04T16:32:03+00:00","dateModified":"2022-07-04T21:00:47+00:00","mainEntityOfPage":{"@id":"https:\/\/fuentesfidedignas.com.mx\/index.php\/2022\/07\/04\/laura-araceli-nieblas-leal-nueva-tesorera-de-culiacan-tras-renuncia-de-issel-soto\/"},"wordCount":336,"commentCount":0,"publisher":{"@id":"https:\/\/fuentesfidedignas.com.mx\/#organization"},"image":{"@id":"https:\/\/fuentesfidedignas.com.mx\/index.php\/2022\/07\/04\/laura-araceli-nieblas-leal-nueva-tesorera-de-culiacan-tras-renuncia-de-issel-soto\/#primaryimage"},"thumbnailUrl":"https:\/\/fuentesfidedignas.com.mx\/wp-content\/uploads\/2022\/07\/WhatsApp-Image-2022-07-04-at-10.26.28-AM.jpeg","keywords":["Ayuntamiento de Culiac\u00e1n","Culiac\u00e1n","Issel Guillermina Soto Gonz\u00e1lez","Laura Araceli Nieblas Leal"],"articleSection":["NOTA PRINCIPAL"],"inLanguage":"es","potentialAction":[{"@type":"CommentAction","name":"Comment","target":["https:\/\/fuentesfidedignas.com.mx\/index.php\/2022\/07\/04\/laura-araceli-nieblas-leal-nueva-tesorera-de-culiacan-tras-renuncia-de-issel-soto\/#respond"]}]},{"@type":"WebPage","@id":"https:\/\/fuentesfidedignas.com.mx\/index.php\/2022\/07\/04\/laura-araceli-nieblas-leal-nueva-tesorera-de-culiacan-tras-renuncia-de-issel-soto\/","url":"https:\/\/fuentesfidedignas.com.mx\/index.php\/2022\/07\/04\/laura-araceli-nieblas-leal-nueva-tesorera-de-culiacan-tras-renuncia-de-issel-soto\/","name":"Laura Araceli Nieblas, nueva tesorera del Ayuntamiento tras renuncia de Issel Soto - Fuentes Fidedignas","isPartOf":{"@id":"https:\/\/fuentesfidedignas.com.mx\/#website"},"primaryImageOfPage":{"@id":"https:\/\/fuentesfidedignas.com.mx\/index.php\/2022\/07\/04\/laura-araceli-nieblas-leal-nueva-tesorera-de-culiacan-tras-renuncia-de-issel-soto\/#primaryimage"},"image":{"@id":"https:\/\/fuentesfidedignas.com.mx\/index.php\/2022\/07\/04\/laura-araceli-nieblas-leal-nueva-tesorera-de-culiacan-tras-renuncia-de-issel-soto\/#primaryimage"},"thumbnailUrl":"https:\/\/fuentesfidedignas.com.mx\/wp-content\/uploads\/2022\/07\/WhatsApp-Image-2022-07-04-at-10.26.28-AM.jpeg","datePublished":"2022-07-04T16:32:03+00:00","dateModified":"2022-07-04T21:00:47+00:00","breadcrumb":{"@id":"https:\/\/fuentesfidedignas.com.mx\/index.php\/2022\/07\/04\/laura-araceli-nieblas-leal-nueva-tesorera-de-culiacan-tras-renuncia-de-issel-soto\/#breadcrumb"},"inLanguage":"es","potentialAction":[{"@type":"ReadAction","target":["https:\/\/fuentesfidedignas.com.mx\/index.php\/2022\/07\/04\/laura-araceli-nieblas-leal-nueva-tesorera-de-culiacan-tras-renuncia-de-issel-soto\/"]}]},{"@type":"ImageObject","inLanguage":"es","@id":"https:\/\/fuentesfidedignas.com.mx\/index.php\/2022\/07\/04\/laura-araceli-nieblas-leal-nueva-tesorera-de-culiacan-tras-renuncia-de-issel-soto\/#primaryimage","url":"https:\/\/fuentesfidedignas.com.mx\/wp-content\/uploads\/2022\/07\/WhatsApp-Image-2022-07-04-at-10.26.28-AM.jpeg","contentUrl":"https:\/\/fuentesfidedignas.com.mx\/wp-content\/uploads\/2022\/07\/WhatsApp-Image-2022-07-04-at-10.26.28-AM.jpeg","width":1280,"height":869},{"@type":"BreadcrumbList","@id":"https:\/\/fuentesfidedignas.com.mx\/index.php\/2022\/07\/04\/laura-araceli-nieblas-leal-nueva-tesorera-de-culiacan-tras-renuncia-de-issel-soto\/#breadcrumb","itemListElement":[{"@type":"ListItem","position":1,"name":"Inicio","item":"https:\/\/fuentesfidedignas.com.mx\/"},{"@type":"ListItem","position":2,"name":"Laura Araceli Nieblas, nueva tesorera del Ayuntamiento tras renuncia de Issel Soto"}]},{"@type":"WebSite","@id":"https:\/\/fuentesfidedignas.com.mx\/#website","url":"https:\/\/fuentesfidedignas.com.mx\/","name":"Fuentes Fidedignas","description":"Otro sitio realizado con WordPress","publisher":{"@id":"https:\/\/fuentesfidedignas.com.mx\/#organization"},"potentialAction":[{"@type":"SearchAction","target":{"@type":"EntryPoint","urlTemplate":"https:\/\/fuentesfidedignas.com.mx\/?s={search_term_string}"},"query-input":{"@type":"PropertyValueSpecification","valueRequired":true,"valueName":"search_term_string"}}],"inLanguage":"es"},{"@type":"Organization","@id":"https:\/\/fuentesfidedignas.com.mx\/#organization","name":"Fuentes Fidedignas","url":"https:\/\/fuentesfidedignas.com.mx\/","logo":{"@type":"ImageObject","inLanguage":"es","@id":"https:\/\/fuentesfidedignas.com.mx\/#\/schema\/logo\/image\/","url":"https:\/\/fuentesfidedignas.com.mx\/wp-content\/uploads\/2021\/04\/logo-retina.png","contentUrl":"https:\/\/fuentesfidedignas.com.mx\/wp-content\/uploads\/2021\/04\/logo-retina.png","width":280,"height":51,"caption":"Fuentes Fidedignas"},"image":{"@id":"https:\/\/fuentesfidedignas.com.mx\/#\/schema\/logo\/image\/"},"sameAs":["https:\/\/www.facebook.com\/Fuentes-Fidedignas-368234489921644","https:\/\/x.com\/fidedignas"]},{"@type":"Person","@id":"https:\/\/fuentesfidedignas.com.mx\/#\/schema\/person\/331be9283d37198e2acd5750279085b0","name":"Redacci\u00f3n","image":{"@type":"ImageObject","inLanguage":"es","@id":"https:\/\/secure.gravatar.com\/avatar\/f6d8782c11d12b2d4ad3fbb6931aeab5309937a4d6cd2fc9cfaa28a6396a5aec?s=96&d=mm&r=g","url":"https:\/\/secure.gravatar.com\/avatar\/f6d8782c11d12b2d4ad3fbb6931aeab5309937a4d6cd2fc9cfaa28a6396a5aec?s=96&d=mm&r=g","contentUrl":"https:\/\/secure.gravatar.com\/avatar\/f6d8782c11d12b2d4ad3fbb6931aeab5309937a4d6cd2fc9cfaa28a6396a5aec?s=96&d=mm&r=g","caption":"Redacci\u00f3n"},"url":"https:\/\/fuentesfidedignas.com.mx\/index.php\/author\/redaccion\/"}]}},"_links":{"self":[{"href":"https:\/\/fuentesfidedignas.com.mx\/index.php\/wp-json\/wp\/v2\/posts\/36218","targetHints":{"allow":["GET"]}}],"collection":[{"href":"https:\/\/fuentesfidedignas.com.mx\/index.php\/wp-json\/wp\/v2\/posts"}],"about":[{"href":"https:\/\/fuentesfidedignas.com.mx\/index.php\/wp-json\/wp\/v2\/types\/post"}],"author":[{"embeddable":true,"href":"https:\/\/fuentesfidedignas.com.mx\/index.php\/wp-json\/wp\/v2\/users\/4"}],"replies":[{"embeddable":true,"href":"https:\/\/fuentesfidedignas.com.mx\/index.php\/wp-json\/wp\/v2\/comments?post=36218"}],"version-history":[{"count":2,"href":"https:\/\/fuentesfidedignas.com.mx\/index.php\/wp-json\/wp\/v2\/posts\/36218\/revisions"}],"predecessor-version":[{"id":36265,"href":"https:\/\/fuentesfidedignas.com.mx\/index.php\/wp-json\/wp\/v2\/posts\/36218\/revisions\/36265"}],"wp:featuredmedia":[{"embeddable":true,"href":"https:\/\/fuentesfidedignas.com.mx\/index.php\/wp-json\/wp\/v2\/media\/36219"}],"wp:attachment":[{"href":"https:\/\/fuentesfidedignas.com.mx\/index.php\/wp-json\/wp\/v2\/media?parent=36218"}],"wp:term":[{"taxonomy":"category","embeddable":true,"href":"https:\/\/fuentesfidedignas.com.mx\/index.php\/wp-json\/wp\/v2\/categories?post=36218"},{"taxonomy":"post_tag","embeddable":true,"href":"https:\/\/fuentesfidedignas.com.mx\/index.php\/wp-json\/wp\/v2\/tags?post=36218"}],"curies":[{"name":"wp","href":"https:\/\/api.w.org\/{rel}","templated":true}]}}