{"id":36156,"date":"2022-07-03T14:40:10","date_gmt":"2022-07-03T20:40:10","guid":{"rendered":"https:\/\/fuentesfidedignas.com.mx\/?p=36156"},"modified":"2022-07-03T18:11:16","modified_gmt":"2022-07-04T00:11:16","slug":"llegan-a-sinaloa-48-mil-dosis-de-la-vacuna-pfizer-anticovid-para-menores-de-5-a-11-anos","status":"publish","type":"post","link":"https:\/\/fuentesfidedignas.com.mx\/index.php\/2022\/07\/03\/llegan-a-sinaloa-48-mil-dosis-de-la-vacuna-pfizer-anticovid-para-menores-de-5-a-11-anos\/","title":{"rendered":"Llegan a Sinaloa 48 mil dosis de la vacuna Pfizer anticovid para menores de 5 a 11 a\u00f1os"},"content":{"rendered":"\n<p><strong><em>Se empezar\u00e1n a aplicar a partir del pr\u00f3ximo martes en las ciudades de Mazatl\u00e1n, Culiac\u00e1n, Guasave y Los Mochis.<\/em><\/strong><\/p>\n\n\n\n<p>Culiac\u00e1n Sinaloa, domingo 3 de julio de 2022.- Procedente de Durango, el medio d\u00eda de este domingo lleg\u00f3 a Sinaloa la segunda remesa de vacunas pedi\u00e1tricas de la farmac\u00e9utica Pfizer para vacunar contra el covid 19 a menores de 5 a 11 a\u00f1os de los municipios de Mazatl\u00e1n, Culiac\u00e1n, Guasave y Ahome.<\/p>\n\n\n\n<p>El secretario de Salud, del gobierno del estado, Dr. Cuitl\u00e1huac Gonz\u00e1lez Galindo, dio a conocer que el biol\u00f3gico se estar\u00e1 aplicando a partir del pr\u00f3ximo martes en las mismas ciudades donde se inici\u00f3 el proceso de vacunaci\u00f3n a este segmento de la poblaci\u00f3n.<\/p>\n\n\n\n<p>El funcionario estatal hizo un llamado a los padres de familia para que, aquellos que no lo han hecho, registren a sus hijos en la plataforma mivacuna.salud.gob.mx y as\u00ed estar en condiciones de que reciban el biol\u00f3gico y estar protegidos contra la enfermedad<\/p>\n\n\n\n<p>Junto con las 48 mil dosis de la vacuna, se recibieron los insumos necesarios para su aplicaci\u00f3n por lo que el pr\u00f3ximo martes se estar\u00e1 en condiciones de continuar con el proceso de vacunaci\u00f3n a los menores de 5 a 11 a\u00f1os de edad.<\/p>\n\n\n\n<p>Los puntos de vacunaci\u00f3n son: en la Ciudad de Mazatl\u00e1n, el Polideportivo de la UAS y el Centro de Convenciones; en la capital del Estado, la Novena Zona Militar, el Polideportivo de la UAS y el Parque Revoluci\u00f3n, en la Ciudad de Guasave, el ECEA de la UAS y, finalmente, en la ciudad de Los Mochis, se estar\u00e1 aplicando el biol\u00f3gico en el Domo de la UAS y en las instalaciones del Tecnol\u00f3gico de Los Mochis en horario de 8 AM a 15 horas PM.<\/p>\n\n\n\n<p>A recibir el segundo embarque de las vacunas, acudieron a las instalaciones de la D\u00e9cima Base de la Fuerza A\u00e9rea, la delegada del IMSS en Sinaloa, Dra Tania Medina, el secretario de Salud, Dr. Cuitl\u00e1huac Gonz\u00e1lez, el personal de la misma base a\u00e9rea, de la Guardia Nacional y de la delegaci\u00f3n del Bienestar.<\/p>\n\n\n\n<iframe loading=\"lazy\" src=\"https:\/\/www.facebook.com\/plugins\/video.php?height=476&#038;href=https%3A%2F%2Fwww.facebook.com%2Fsaludsinaloagob%2Fvideos%2F417550857098759%2F&#038;show_text=false&#038;width=382&#038;t=0\" width=\"382\" height=\"476\" style=\"border:none;overflow:hidden\" scrolling=\"no\" frameborder=\"0\" allowfullscreen=\"true\" allow=\"autoplay; clipboard-write; encrypted-media; picture-in-picture; web-share\" allowFullScreen=\"true\"><\/iframe>\n","protected":false},"excerpt":{"rendered":"<p>Se empezar\u00e1n a aplicar a partir del pr\u00f3ximo martes en las ciudades de Mazatl\u00e1n, Culiac\u00e1n, Guasave y Los Mochis. Culiac\u00e1n Sinaloa, domingo 3 de julio de 2022.- Procedente de Durango, el medio d\u00eda de este domingo lleg\u00f3 a Sinaloa la segunda remesa de vacunas pedi\u00e1tricas de la farmac\u00e9utica Pfizer para vacunar contra el covid 19 [&hellip;]<\/p>\n","protected":false},"author":4,"featured_media":36157,"comment_status":"open","ping_status":"open","sticky":false,"template":"","format":"standard","meta":{"tdm_status":"","tdm_grid_status":"","footnotes":""},"categories":[37],"tags":[332,416,407,193],"class_list":{"0":"post-36156","1":"post","2":"type-post","3":"status-publish","4":"format-standard","5":"has-post-thumbnail","7":"category-nota-principal","8":"tag-coronavirus","9":"tag-sars-cov-2","10":"tag-vacuna-anticovid","11":"tag-viral"},"yoast_head":"<!-- This site is optimized with the Yoast SEO plugin v27.5 - https:\/\/yoast.com\/product\/yoast-seo-wordpress\/ -->\n<title>Llegan a Sinaloa 48 mil dosis de la vacuna Pfizer anticovid para menores de 5 a 11 a\u00f1os - Fuentes Fidedignas<\/title>\n<meta name=\"robots\" content=\"index, follow, max-snippet:-1, max-image-preview:large, max-video-preview:-1\" \/>\n<link rel=\"canonical\" href=\"https:\/\/fuentesfidedignas.com.mx\/index.php\/2022\/07\/03\/llegan-a-sinaloa-48-mil-dosis-de-la-vacuna-pfizer-anticovid-para-menores-de-5-a-11-anos\/\" \/>\n<meta property=\"og:locale\" content=\"es_MX\" \/>\n<meta property=\"og:type\" content=\"article\" \/>\n<meta property=\"og:title\" content=\"Llegan a Sinaloa 48 mil dosis de la vacuna Pfizer anticovid para menores de 5 a 11 a\u00f1os - Fuentes Fidedignas\" \/>\n<meta property=\"og:description\" content=\"Se empezar\u00e1n a aplicar a partir del pr\u00f3ximo martes en las ciudades de Mazatl\u00e1n, Culiac\u00e1n, Guasave y Los Mochis. Culiac\u00e1n Sinaloa, domingo 3 de julio de 2022.- Procedente de Durango, el medio d\u00eda de este domingo lleg\u00f3 a Sinaloa la segunda remesa de vacunas pedi\u00e1tricas de la farmac\u00e9utica Pfizer para vacunar contra el covid 19 [&hellip;]\" \/>\n<meta property=\"og:url\" content=\"https:\/\/fuentesfidedignas.com.mx\/index.php\/2022\/07\/03\/llegan-a-sinaloa-48-mil-dosis-de-la-vacuna-pfizer-anticovid-para-menores-de-5-a-11-anos\/\" \/>\n<meta property=\"og:site_name\" content=\"Fuentes Fidedignas\" \/>\n<meta property=\"article:publisher\" content=\"https:\/\/www.facebook.com\/Fuentes-Fidedignas-368234489921644\" \/>\n<meta property=\"article:published_time\" content=\"2022-07-03T20:40:10+00:00\" \/>\n<meta property=\"article:modified_time\" content=\"2022-07-04T00:11:16+00:00\" \/>\n<meta property=\"og:image\" content=\"https:\/\/fuentesfidedignas.com.mx\/wp-content\/uploads\/2022\/07\/VACUNAS_NINOS-1.jpg\" \/>\n\t<meta property=\"og:image:width\" content=\"1056\" \/>\n\t<meta property=\"og:image:height\" content=\"704\" \/>\n\t<meta property=\"og:image:type\" content=\"image\/jpeg\" \/>\n<meta name=\"author\" content=\"Redacci\u00f3n\" \/>\n<meta name=\"twitter:card\" content=\"summary_large_image\" \/>\n<meta name=\"twitter:creator\" content=\"@fidedignas\" \/>\n<meta name=\"twitter:site\" content=\"@fidedignas\" \/>\n<meta name=\"twitter:label1\" content=\"Escrito por\" \/>\n\t<meta name=\"twitter:data1\" content=\"Redacci\u00f3n\" \/>\n\t<meta name=\"twitter:label2\" content=\"Tiempo de lectura\" \/>\n\t<meta name=\"twitter:data2\" content=\"2 minutos\" \/>\n<script type=\"application\/ld+json\" class=\"yoast-schema-graph\">{\"@context\":\"https:\\\/\\\/schema.org\",\"@graph\":[{\"@type\":\"Article\",\"@id\":\"https:\\\/\\\/fuentesfidedignas.com.mx\\\/index.php\\\/2022\\\/07\\\/03\\\/llegan-a-sinaloa-48-mil-dosis-de-la-vacuna-pfizer-anticovid-para-menores-de-5-a-11-anos\\\/#article\",\"isPartOf\":{\"@id\":\"https:\\\/\\\/fuentesfidedignas.com.mx\\\/index.php\\\/2022\\\/07\\\/03\\\/llegan-a-sinaloa-48-mil-dosis-de-la-vacuna-pfizer-anticovid-para-menores-de-5-a-11-anos\\\/\"},\"author\":{\"name\":\"Redacci\u00f3n\",\"@id\":\"https:\\\/\\\/fuentesfidedignas.com.mx\\\/#\\\/schema\\\/person\\\/331be9283d37198e2acd5750279085b0\"},\"headline\":\"Llegan a Sinaloa 48 mil dosis de la vacuna Pfizer anticovid para menores de 5 a 11 a\u00f1os\",\"datePublished\":\"2022-07-03T20:40:10+00:00\",\"dateModified\":\"2022-07-04T00:11:16+00:00\",\"mainEntityOfPage\":{\"@id\":\"https:\\\/\\\/fuentesfidedignas.com.mx\\\/index.php\\\/2022\\\/07\\\/03\\\/llegan-a-sinaloa-48-mil-dosis-de-la-vacuna-pfizer-anticovid-para-menores-de-5-a-11-anos\\\/\"},\"wordCount\":382,\"commentCount\":0,\"publisher\":{\"@id\":\"https:\\\/\\\/fuentesfidedignas.com.mx\\\/#organization\"},\"image\":{\"@id\":\"https:\\\/\\\/fuentesfidedignas.com.mx\\\/index.php\\\/2022\\\/07\\\/03\\\/llegan-a-sinaloa-48-mil-dosis-de-la-vacuna-pfizer-anticovid-para-menores-de-5-a-11-anos\\\/#primaryimage\"},\"thumbnailUrl\":\"https:\\\/\\\/fuentesfidedignas.com.mx\\\/wp-content\\\/uploads\\\/2022\\\/07\\\/VACUNAS_NINOS-1.jpg\",\"keywords\":[\"Coronavirus\",\"SARS-CoV-2\",\"Vacuna anticovid\",\"Viral\"],\"articleSection\":[\"NOTA PRINCIPAL\"],\"inLanguage\":\"es\",\"potentialAction\":[{\"@type\":\"CommentAction\",\"name\":\"Comment\",\"target\":[\"https:\\\/\\\/fuentesfidedignas.com.mx\\\/index.php\\\/2022\\\/07\\\/03\\\/llegan-a-sinaloa-48-mil-dosis-de-la-vacuna-pfizer-anticovid-para-menores-de-5-a-11-anos\\\/#respond\"]}]},{\"@type\":\"WebPage\",\"@id\":\"https:\\\/\\\/fuentesfidedignas.com.mx\\\/index.php\\\/2022\\\/07\\\/03\\\/llegan-a-sinaloa-48-mil-dosis-de-la-vacuna-pfizer-anticovid-para-menores-de-5-a-11-anos\\\/\",\"url\":\"https:\\\/\\\/fuentesfidedignas.com.mx\\\/index.php\\\/2022\\\/07\\\/03\\\/llegan-a-sinaloa-48-mil-dosis-de-la-vacuna-pfizer-anticovid-para-menores-de-5-a-11-anos\\\/\",\"name\":\"Llegan a Sinaloa 48 mil dosis de la vacuna Pfizer anticovid para menores de 5 a 11 a\u00f1os - Fuentes Fidedignas\",\"isPartOf\":{\"@id\":\"https:\\\/\\\/fuentesfidedignas.com.mx\\\/#website\"},\"primaryImageOfPage\":{\"@id\":\"https:\\\/\\\/fuentesfidedignas.com.mx\\\/index.php\\\/2022\\\/07\\\/03\\\/llegan-a-sinaloa-48-mil-dosis-de-la-vacuna-pfizer-anticovid-para-menores-de-5-a-11-anos\\\/#primaryimage\"},\"image\":{\"@id\":\"https:\\\/\\\/fuentesfidedignas.com.mx\\\/index.php\\\/2022\\\/07\\\/03\\\/llegan-a-sinaloa-48-mil-dosis-de-la-vacuna-pfizer-anticovid-para-menores-de-5-a-11-anos\\\/#primaryimage\"},\"thumbnailUrl\":\"https:\\\/\\\/fuentesfidedignas.com.mx\\\/wp-content\\\/uploads\\\/2022\\\/07\\\/VACUNAS_NINOS-1.jpg\",\"datePublished\":\"2022-07-03T20:40:10+00:00\",\"dateModified\":\"2022-07-04T00:11:16+00:00\",\"breadcrumb\":{\"@id\":\"https:\\\/\\\/fuentesfidedignas.com.mx\\\/index.php\\\/2022\\\/07\\\/03\\\/llegan-a-sinaloa-48-mil-dosis-de-la-vacuna-pfizer-anticovid-para-menores-de-5-a-11-anos\\\/#breadcrumb\"},\"inLanguage\":\"es\",\"potentialAction\":[{\"@type\":\"ReadAction\",\"target\":[\"https:\\\/\\\/fuentesfidedignas.com.mx\\\/index.php\\\/2022\\\/07\\\/03\\\/llegan-a-sinaloa-48-mil-dosis-de-la-vacuna-pfizer-anticovid-para-menores-de-5-a-11-anos\\\/\"]}]},{\"@type\":\"ImageObject\",\"inLanguage\":\"es\",\"@id\":\"https:\\\/\\\/fuentesfidedignas.com.mx\\\/index.php\\\/2022\\\/07\\\/03\\\/llegan-a-sinaloa-48-mil-dosis-de-la-vacuna-pfizer-anticovid-para-menores-de-5-a-11-anos\\\/#primaryimage\",\"url\":\"https:\\\/\\\/fuentesfidedignas.com.mx\\\/wp-content\\\/uploads\\\/2022\\\/07\\\/VACUNAS_NINOS-1.jpg\",\"contentUrl\":\"https:\\\/\\\/fuentesfidedignas.com.mx\\\/wp-content\\\/uploads\\\/2022\\\/07\\\/VACUNAS_NINOS-1.jpg\",\"width\":1056,\"height\":704},{\"@type\":\"BreadcrumbList\",\"@id\":\"https:\\\/\\\/fuentesfidedignas.com.mx\\\/index.php\\\/2022\\\/07\\\/03\\\/llegan-a-sinaloa-48-mil-dosis-de-la-vacuna-pfizer-anticovid-para-menores-de-5-a-11-anos\\\/#breadcrumb\",\"itemListElement\":[{\"@type\":\"ListItem\",\"position\":1,\"name\":\"Inicio\",\"item\":\"https:\\\/\\\/fuentesfidedignas.com.mx\\\/\"},{\"@type\":\"ListItem\",\"position\":2,\"name\":\"Llegan a Sinaloa 48 mil dosis de la vacuna Pfizer anticovid para menores de 5 a 11 a\u00f1os\"}]},{\"@type\":\"WebSite\",\"@id\":\"https:\\\/\\\/fuentesfidedignas.com.mx\\\/#website\",\"url\":\"https:\\\/\\\/fuentesfidedignas.com.mx\\\/\",\"name\":\"Fuentes Fidedignas\",\"description\":\"Otro sitio realizado con WordPress\",\"publisher\":{\"@id\":\"https:\\\/\\\/fuentesfidedignas.com.mx\\\/#organization\"},\"potentialAction\":[{\"@type\":\"SearchAction\",\"target\":{\"@type\":\"EntryPoint\",\"urlTemplate\":\"https:\\\/\\\/fuentesfidedignas.com.mx\\\/?s={search_term_string}\"},\"query-input\":{\"@type\":\"PropertyValueSpecification\",\"valueRequired\":true,\"valueName\":\"search_term_string\"}}],\"inLanguage\":\"es\"},{\"@type\":\"Organization\",\"@id\":\"https:\\\/\\\/fuentesfidedignas.com.mx\\\/#organization\",\"name\":\"Fuentes Fidedignas\",\"url\":\"https:\\\/\\\/fuentesfidedignas.com.mx\\\/\",\"logo\":{\"@type\":\"ImageObject\",\"inLanguage\":\"es\",\"@id\":\"https:\\\/\\\/fuentesfidedignas.com.mx\\\/#\\\/schema\\\/logo\\\/image\\\/\",\"url\":\"https:\\\/\\\/fuentesfidedignas.com.mx\\\/wp-content\\\/uploads\\\/2021\\\/04\\\/logo-retina.png\",\"contentUrl\":\"https:\\\/\\\/fuentesfidedignas.com.mx\\\/wp-content\\\/uploads\\\/2021\\\/04\\\/logo-retina.png\",\"width\":280,\"height\":51,\"caption\":\"Fuentes Fidedignas\"},\"image\":{\"@id\":\"https:\\\/\\\/fuentesfidedignas.com.mx\\\/#\\\/schema\\\/logo\\\/image\\\/\"},\"sameAs\":[\"https:\\\/\\\/www.facebook.com\\\/Fuentes-Fidedignas-368234489921644\",\"https:\\\/\\\/x.com\\\/fidedignas\"]},{\"@type\":\"Person\",\"@id\":\"https:\\\/\\\/fuentesfidedignas.com.mx\\\/#\\\/schema\\\/person\\\/331be9283d37198e2acd5750279085b0\",\"name\":\"Redacci\u00f3n\",\"image\":{\"@type\":\"ImageObject\",\"inLanguage\":\"es\",\"@id\":\"https:\\\/\\\/secure.gravatar.com\\\/avatar\\\/f6d8782c11d12b2d4ad3fbb6931aeab5309937a4d6cd2fc9cfaa28a6396a5aec?s=96&d=mm&r=g\",\"url\":\"https:\\\/\\\/secure.gravatar.com\\\/avatar\\\/f6d8782c11d12b2d4ad3fbb6931aeab5309937a4d6cd2fc9cfaa28a6396a5aec?s=96&d=mm&r=g\",\"contentUrl\":\"https:\\\/\\\/secure.gravatar.com\\\/avatar\\\/f6d8782c11d12b2d4ad3fbb6931aeab5309937a4d6cd2fc9cfaa28a6396a5aec?s=96&d=mm&r=g\",\"caption\":\"Redacci\u00f3n\"},\"url\":\"https:\\\/\\\/fuentesfidedignas.com.mx\\\/index.php\\\/author\\\/redaccion\\\/\"}]}<\/script>\n<!-- \/ Yoast SEO plugin. -->","yoast_head_json":{"title":"Llegan a Sinaloa 48 mil dosis de la vacuna Pfizer anticovid para menores de 5 a 11 a\u00f1os - Fuentes Fidedignas","robots":{"index":"index","follow":"follow","max-snippet":"max-snippet:-1","max-image-preview":"max-image-preview:large","max-video-preview":"max-video-preview:-1"},"canonical":"https:\/\/fuentesfidedignas.com.mx\/index.php\/2022\/07\/03\/llegan-a-sinaloa-48-mil-dosis-de-la-vacuna-pfizer-anticovid-para-menores-de-5-a-11-anos\/","og_locale":"es_MX","og_type":"article","og_title":"Llegan a Sinaloa 48 mil dosis de la vacuna Pfizer anticovid para menores de 5 a 11 a\u00f1os - Fuentes Fidedignas","og_description":"Se empezar\u00e1n a aplicar a partir del pr\u00f3ximo martes en las ciudades de Mazatl\u00e1n, Culiac\u00e1n, Guasave y Los Mochis. Culiac\u00e1n Sinaloa, domingo 3 de julio de 2022.- Procedente de Durango, el medio d\u00eda de este domingo lleg\u00f3 a Sinaloa la segunda remesa de vacunas pedi\u00e1tricas de la farmac\u00e9utica Pfizer para vacunar contra el covid 19 [&hellip;]","og_url":"https:\/\/fuentesfidedignas.com.mx\/index.php\/2022\/07\/03\/llegan-a-sinaloa-48-mil-dosis-de-la-vacuna-pfizer-anticovid-para-menores-de-5-a-11-anos\/","og_site_name":"Fuentes Fidedignas","article_publisher":"https:\/\/www.facebook.com\/Fuentes-Fidedignas-368234489921644","article_published_time":"2022-07-03T20:40:10+00:00","article_modified_time":"2022-07-04T00:11:16+00:00","og_image":[{"width":1056,"height":704,"url":"https:\/\/fuentesfidedignas.com.mx\/wp-content\/uploads\/2022\/07\/VACUNAS_NINOS-1.jpg","type":"image\/jpeg"}],"author":"Redacci\u00f3n","twitter_card":"summary_large_image","twitter_creator":"@fidedignas","twitter_site":"@fidedignas","twitter_misc":{"Escrito por":"Redacci\u00f3n","Tiempo de lectura":"2 minutos"},"schema":{"@context":"https:\/\/schema.org","@graph":[{"@type":"Article","@id":"https:\/\/fuentesfidedignas.com.mx\/index.php\/2022\/07\/03\/llegan-a-sinaloa-48-mil-dosis-de-la-vacuna-pfizer-anticovid-para-menores-de-5-a-11-anos\/#article","isPartOf":{"@id":"https:\/\/fuentesfidedignas.com.mx\/index.php\/2022\/07\/03\/llegan-a-sinaloa-48-mil-dosis-de-la-vacuna-pfizer-anticovid-para-menores-de-5-a-11-anos\/"},"author":{"name":"Redacci\u00f3n","@id":"https:\/\/fuentesfidedignas.com.mx\/#\/schema\/person\/331be9283d37198e2acd5750279085b0"},"headline":"Llegan a Sinaloa 48 mil dosis de la vacuna Pfizer anticovid para menores de 5 a 11 a\u00f1os","datePublished":"2022-07-03T20:40:10+00:00","dateModified":"2022-07-04T00:11:16+00:00","mainEntityOfPage":{"@id":"https:\/\/fuentesfidedignas.com.mx\/index.php\/2022\/07\/03\/llegan-a-sinaloa-48-mil-dosis-de-la-vacuna-pfizer-anticovid-para-menores-de-5-a-11-anos\/"},"wordCount":382,"commentCount":0,"publisher":{"@id":"https:\/\/fuentesfidedignas.com.mx\/#organization"},"image":{"@id":"https:\/\/fuentesfidedignas.com.mx\/index.php\/2022\/07\/03\/llegan-a-sinaloa-48-mil-dosis-de-la-vacuna-pfizer-anticovid-para-menores-de-5-a-11-anos\/#primaryimage"},"thumbnailUrl":"https:\/\/fuentesfidedignas.com.mx\/wp-content\/uploads\/2022\/07\/VACUNAS_NINOS-1.jpg","keywords":["Coronavirus","SARS-CoV-2","Vacuna anticovid","Viral"],"articleSection":["NOTA PRINCIPAL"],"inLanguage":"es","potentialAction":[{"@type":"CommentAction","name":"Comment","target":["https:\/\/fuentesfidedignas.com.mx\/index.php\/2022\/07\/03\/llegan-a-sinaloa-48-mil-dosis-de-la-vacuna-pfizer-anticovid-para-menores-de-5-a-11-anos\/#respond"]}]},{"@type":"WebPage","@id":"https:\/\/fuentesfidedignas.com.mx\/index.php\/2022\/07\/03\/llegan-a-sinaloa-48-mil-dosis-de-la-vacuna-pfizer-anticovid-para-menores-de-5-a-11-anos\/","url":"https:\/\/fuentesfidedignas.com.mx\/index.php\/2022\/07\/03\/llegan-a-sinaloa-48-mil-dosis-de-la-vacuna-pfizer-anticovid-para-menores-de-5-a-11-anos\/","name":"Llegan a Sinaloa 48 mil dosis de la vacuna Pfizer anticovid para menores de 5 a 11 a\u00f1os - Fuentes Fidedignas","isPartOf":{"@id":"https:\/\/fuentesfidedignas.com.mx\/#website"},"primaryImageOfPage":{"@id":"https:\/\/fuentesfidedignas.com.mx\/index.php\/2022\/07\/03\/llegan-a-sinaloa-48-mil-dosis-de-la-vacuna-pfizer-anticovid-para-menores-de-5-a-11-anos\/#primaryimage"},"image":{"@id":"https:\/\/fuentesfidedignas.com.mx\/index.php\/2022\/07\/03\/llegan-a-sinaloa-48-mil-dosis-de-la-vacuna-pfizer-anticovid-para-menores-de-5-a-11-anos\/#primaryimage"},"thumbnailUrl":"https:\/\/fuentesfidedignas.com.mx\/wp-content\/uploads\/2022\/07\/VACUNAS_NINOS-1.jpg","datePublished":"2022-07-03T20:40:10+00:00","dateModified":"2022-07-04T00:11:16+00:00","breadcrumb":{"@id":"https:\/\/fuentesfidedignas.com.mx\/index.php\/2022\/07\/03\/llegan-a-sinaloa-48-mil-dosis-de-la-vacuna-pfizer-anticovid-para-menores-de-5-a-11-anos\/#breadcrumb"},"inLanguage":"es","potentialAction":[{"@type":"ReadAction","target":["https:\/\/fuentesfidedignas.com.mx\/index.php\/2022\/07\/03\/llegan-a-sinaloa-48-mil-dosis-de-la-vacuna-pfizer-anticovid-para-menores-de-5-a-11-anos\/"]}]},{"@type":"ImageObject","inLanguage":"es","@id":"https:\/\/fuentesfidedignas.com.mx\/index.php\/2022\/07\/03\/llegan-a-sinaloa-48-mil-dosis-de-la-vacuna-pfizer-anticovid-para-menores-de-5-a-11-anos\/#primaryimage","url":"https:\/\/fuentesfidedignas.com.mx\/wp-content\/uploads\/2022\/07\/VACUNAS_NINOS-1.jpg","contentUrl":"https:\/\/fuentesfidedignas.com.mx\/wp-content\/uploads\/2022\/07\/VACUNAS_NINOS-1.jpg","width":1056,"height":704},{"@type":"BreadcrumbList","@id":"https:\/\/fuentesfidedignas.com.mx\/index.php\/2022\/07\/03\/llegan-a-sinaloa-48-mil-dosis-de-la-vacuna-pfizer-anticovid-para-menores-de-5-a-11-anos\/#breadcrumb","itemListElement":[{"@type":"ListItem","position":1,"name":"Inicio","item":"https:\/\/fuentesfidedignas.com.mx\/"},{"@type":"ListItem","position":2,"name":"Llegan a Sinaloa 48 mil dosis de la vacuna Pfizer anticovid para menores de 5 a 11 a\u00f1os"}]},{"@type":"WebSite","@id":"https:\/\/fuentesfidedignas.com.mx\/#website","url":"https:\/\/fuentesfidedignas.com.mx\/","name":"Fuentes Fidedignas","description":"Otro sitio realizado con WordPress","publisher":{"@id":"https:\/\/fuentesfidedignas.com.mx\/#organization"},"potentialAction":[{"@type":"SearchAction","target":{"@type":"EntryPoint","urlTemplate":"https:\/\/fuentesfidedignas.com.mx\/?s={search_term_string}"},"query-input":{"@type":"PropertyValueSpecification","valueRequired":true,"valueName":"search_term_string"}}],"inLanguage":"es"},{"@type":"Organization","@id":"https:\/\/fuentesfidedignas.com.mx\/#organization","name":"Fuentes Fidedignas","url":"https:\/\/fuentesfidedignas.com.mx\/","logo":{"@type":"ImageObject","inLanguage":"es","@id":"https:\/\/fuentesfidedignas.com.mx\/#\/schema\/logo\/image\/","url":"https:\/\/fuentesfidedignas.com.mx\/wp-content\/uploads\/2021\/04\/logo-retina.png","contentUrl":"https:\/\/fuentesfidedignas.com.mx\/wp-content\/uploads\/2021\/04\/logo-retina.png","width":280,"height":51,"caption":"Fuentes Fidedignas"},"image":{"@id":"https:\/\/fuentesfidedignas.com.mx\/#\/schema\/logo\/image\/"},"sameAs":["https:\/\/www.facebook.com\/Fuentes-Fidedignas-368234489921644","https:\/\/x.com\/fidedignas"]},{"@type":"Person","@id":"https:\/\/fuentesfidedignas.com.mx\/#\/schema\/person\/331be9283d37198e2acd5750279085b0","name":"Redacci\u00f3n","image":{"@type":"ImageObject","inLanguage":"es","@id":"https:\/\/secure.gravatar.com\/avatar\/f6d8782c11d12b2d4ad3fbb6931aeab5309937a4d6cd2fc9cfaa28a6396a5aec?s=96&d=mm&r=g","url":"https:\/\/secure.gravatar.com\/avatar\/f6d8782c11d12b2d4ad3fbb6931aeab5309937a4d6cd2fc9cfaa28a6396a5aec?s=96&d=mm&r=g","contentUrl":"https:\/\/secure.gravatar.com\/avatar\/f6d8782c11d12b2d4ad3fbb6931aeab5309937a4d6cd2fc9cfaa28a6396a5aec?s=96&d=mm&r=g","caption":"Redacci\u00f3n"},"url":"https:\/\/fuentesfidedignas.com.mx\/index.php\/author\/redaccion\/"}]}},"_links":{"self":[{"href":"https:\/\/fuentesfidedignas.com.mx\/index.php\/wp-json\/wp\/v2\/posts\/36156","targetHints":{"allow":["GET"]}}],"collection":[{"href":"https:\/\/fuentesfidedignas.com.mx\/index.php\/wp-json\/wp\/v2\/posts"}],"about":[{"href":"https:\/\/fuentesfidedignas.com.mx\/index.php\/wp-json\/wp\/v2\/types\/post"}],"author":[{"embeddable":true,"href":"https:\/\/fuentesfidedignas.com.mx\/index.php\/wp-json\/wp\/v2\/users\/4"}],"replies":[{"embeddable":true,"href":"https:\/\/fuentesfidedignas.com.mx\/index.php\/wp-json\/wp\/v2\/comments?post=36156"}],"version-history":[{"count":4,"href":"https:\/\/fuentesfidedignas.com.mx\/index.php\/wp-json\/wp\/v2\/posts\/36156\/revisions"}],"predecessor-version":[{"id":36165,"href":"https:\/\/fuentesfidedignas.com.mx\/index.php\/wp-json\/wp\/v2\/posts\/36156\/revisions\/36165"}],"wp:featuredmedia":[{"embeddable":true,"href":"https:\/\/fuentesfidedignas.com.mx\/index.php\/wp-json\/wp\/v2\/media\/36157"}],"wp:attachment":[{"href":"https:\/\/fuentesfidedignas.com.mx\/index.php\/wp-json\/wp\/v2\/media?parent=36156"}],"wp:term":[{"taxonomy":"category","embeddable":true,"href":"https:\/\/fuentesfidedignas.com.mx\/index.php\/wp-json\/wp\/v2\/categories?post=36156"},{"taxonomy":"post_tag","embeddable":true,"href":"https:\/\/fuentesfidedignas.com.mx\/index.php\/wp-json\/wp\/v2\/tags?post=36156"}],"curies":[{"name":"wp","href":"https:\/\/api.w.org\/{rel}","templated":true}]}}