{"id":36131,"date":"2022-07-03T09:11:38","date_gmt":"2022-07-03T15:11:38","guid":{"rendered":"https:\/\/fuentesfidedignas.com.mx\/?p=36131"},"modified":"2022-07-03T09:11:39","modified_gmt":"2022-07-03T15:11:39","slug":"joven-universitario-llora-al-notar-que-su-familia-no-asistio-a-su-ceremonia-de-graduacion","status":"publish","type":"post","link":"https:\/\/fuentesfidedignas.com.mx\/index.php\/2022\/07\/03\/joven-universitario-llora-al-notar-que-su-familia-no-asistio-a-su-ceremonia-de-graduacion\/","title":{"rendered":"Joven universitario llora al notar que su familia no asisti\u00f3 a su ceremonia de graduaci\u00f3n"},"content":{"rendered":"\n<p><strong><em>Jeric Rivas fue reconocido como el mejor de su clase.<\/em><\/strong><\/p>\n\n\n\n<p>El reci\u00e9n graduado lament\u00f3 en redes sociales que su familia no lo acompa\u00f1ara en este importante momento de su vida<\/p>\n\n\n\n<p>Un joven rompi\u00f3 en llanto al percatarse que su familia no asisti\u00f3 a su ceremonia de graduaci\u00f3n de la universidad. Las im\u00e1genes del triste incidente se hicieron virales en redes sociales.<\/p>\n\n\n\n<p>Jeric Rivas es un joven que reside en Filipinas. En d\u00edas recientes se gradu\u00f3 de La Concepci\u00f3n College, una universidad ubicada en la ciudad de San Jos\u00e9 del Monte.<\/p>\n\n\n\n<p>Rivas se gradu\u00f3 como el mejor de su clase. Por desgracia, ning\u00fan miembro de su familia asisti\u00f3 a la ceremonia.<\/p>\n\n\n\n<p>\u201cSent\u00ed una mezcla entre felicidad y tristeza. Mir\u00e9 a la derecha y a la izquierda y hacia atr\u00e1s, todo lo que vi fueron caras felices sonriendo. Sent\u00ed mis l\u00e1grimas caer, me sent\u00e9 al lado. Sent\u00ed envidia\u201d, escribi\u00f3 el joven en su cuenta de Facebook.<\/p>\n\n\n\n<p>Las im\u00e1genes del joven llorando en el piso se hicieron virales. Cientos de usuarios lo felicitaron por sus m\u00e9ritos y sus logros, en un intento por animarlo.<\/p>\n\n\n\n<p>\u201cA mis padres que a\u00fan no pueden aceptarme en su vida, si est\u00e1n leyendo esto, este soy yo ahora y espero haberlos hecho sentir orgullosos\u201d, escribi\u00f3 el joven.<\/p>\n","protected":false},"excerpt":{"rendered":"<p>Jeric Rivas fue reconocido como el mejor de su clase. El reci\u00e9n graduado lament\u00f3 en redes sociales que su familia no lo acompa\u00f1ara en este importante momento de su vida Un joven rompi\u00f3 en llanto al percatarse que su familia no asisti\u00f3 a su ceremonia de graduaci\u00f3n de la universidad. Las im\u00e1genes del triste incidente [&hellip;]<\/p>\n","protected":false},"author":46,"featured_media":36132,"comment_status":"open","ping_status":"open","sticky":false,"template":"","format":"standard","meta":{"tdm_status":"","tdm_grid_status":"","footnotes":""},"categories":[40],"tags":[290,193],"class_list":{"0":"post-36131","1":"post","2":"type-post","3":"status-publish","4":"format-standard","5":"has-post-thumbnail","7":"category-las-asombrosas","8":"tag-asombrosa","9":"tag-viral"},"yoast_head":"<!-- This site is optimized with the Yoast SEO plugin v27.5 - https:\/\/yoast.com\/product\/yoast-seo-wordpress\/ -->\n<title>Joven universitario llora al notar que su familia no asisti\u00f3 a su ceremonia de graduaci\u00f3n - Fuentes Fidedignas<\/title>\n<meta name=\"robots\" content=\"index, follow, max-snippet:-1, max-image-preview:large, max-video-preview:-1\" \/>\n<link rel=\"canonical\" href=\"https:\/\/fuentesfidedignas.com.mx\/index.php\/2022\/07\/03\/joven-universitario-llora-al-notar-que-su-familia-no-asistio-a-su-ceremonia-de-graduacion\/\" \/>\n<meta property=\"og:locale\" content=\"es_MX\" \/>\n<meta property=\"og:type\" content=\"article\" \/>\n<meta property=\"og:title\" content=\"Joven universitario llora al notar que su familia no asisti\u00f3 a su ceremonia de graduaci\u00f3n - Fuentes Fidedignas\" \/>\n<meta property=\"og:description\" content=\"Jeric Rivas fue reconocido como el mejor de su clase. El reci\u00e9n graduado lament\u00f3 en redes sociales que su familia no lo acompa\u00f1ara en este importante momento de su vida Un joven rompi\u00f3 en llanto al percatarse que su familia no asisti\u00f3 a su ceremonia de graduaci\u00f3n de la universidad. Las im\u00e1genes del triste incidente [&hellip;]\" \/>\n<meta property=\"og:url\" content=\"https:\/\/fuentesfidedignas.com.mx\/index.php\/2022\/07\/03\/joven-universitario-llora-al-notar-que-su-familia-no-asistio-a-su-ceremonia-de-graduacion\/\" \/>\n<meta property=\"og:site_name\" content=\"Fuentes Fidedignas\" \/>\n<meta property=\"article:publisher\" content=\"https:\/\/www.facebook.com\/Fuentes-Fidedignas-368234489921644\" \/>\n<meta property=\"article:published_time\" content=\"2022-07-03T15:11:38+00:00\" \/>\n<meta property=\"article:modified_time\" content=\"2022-07-03T15:11:39+00:00\" \/>\n<meta property=\"og:image\" content=\"https:\/\/fuentesfidedignas.com.mx\/wp-content\/uploads\/2022\/07\/ESTUDIANTE.jpg\" \/>\n\t<meta property=\"og:image:width\" content=\"1270\" \/>\n\t<meta property=\"og:image:height\" content=\"753\" \/>\n\t<meta property=\"og:image:type\" content=\"image\/jpeg\" \/>\n<meta name=\"author\" content=\"Noticieros Televisa\" \/>\n<meta name=\"twitter:card\" content=\"summary_large_image\" \/>\n<meta name=\"twitter:creator\" content=\"@fidedignas\" \/>\n<meta name=\"twitter:site\" content=\"@fidedignas\" \/>\n<meta name=\"twitter:label1\" content=\"Escrito por\" \/>\n\t<meta name=\"twitter:data1\" content=\"Noticieros Televisa\" \/>\n\t<meta name=\"twitter:label2\" content=\"Tiempo de lectura\" \/>\n\t<meta name=\"twitter:data2\" content=\"1 minuto\" \/>\n<script type=\"application\/ld+json\" class=\"yoast-schema-graph\">{\"@context\":\"https:\\\/\\\/schema.org\",\"@graph\":[{\"@type\":\"Article\",\"@id\":\"https:\\\/\\\/fuentesfidedignas.com.mx\\\/index.php\\\/2022\\\/07\\\/03\\\/joven-universitario-llora-al-notar-que-su-familia-no-asistio-a-su-ceremonia-de-graduacion\\\/#article\",\"isPartOf\":{\"@id\":\"https:\\\/\\\/fuentesfidedignas.com.mx\\\/index.php\\\/2022\\\/07\\\/03\\\/joven-universitario-llora-al-notar-que-su-familia-no-asistio-a-su-ceremonia-de-graduacion\\\/\"},\"author\":{\"name\":\"Noticieros Televisa\",\"@id\":\"https:\\\/\\\/fuentesfidedignas.com.mx\\\/#\\\/schema\\\/person\\\/f030e42657a5a464a8bbd891b1aab6ee\"},\"headline\":\"Joven universitario llora al notar que su familia no asisti\u00f3 a su ceremonia de graduaci\u00f3n\",\"datePublished\":\"2022-07-03T15:11:38+00:00\",\"dateModified\":\"2022-07-03T15:11:39+00:00\",\"mainEntityOfPage\":{\"@id\":\"https:\\\/\\\/fuentesfidedignas.com.mx\\\/index.php\\\/2022\\\/07\\\/03\\\/joven-universitario-llora-al-notar-que-su-familia-no-asistio-a-su-ceremonia-de-graduacion\\\/\"},\"wordCount\":238,\"commentCount\":0,\"publisher\":{\"@id\":\"https:\\\/\\\/fuentesfidedignas.com.mx\\\/#organization\"},\"image\":{\"@id\":\"https:\\\/\\\/fuentesfidedignas.com.mx\\\/index.php\\\/2022\\\/07\\\/03\\\/joven-universitario-llora-al-notar-que-su-familia-no-asistio-a-su-ceremonia-de-graduacion\\\/#primaryimage\"},\"thumbnailUrl\":\"https:\\\/\\\/fuentesfidedignas.com.mx\\\/wp-content\\\/uploads\\\/2022\\\/07\\\/ESTUDIANTE.jpg\",\"keywords\":[\"Asombrosa\",\"Viral\"],\"articleSection\":[\"LAS ASOMBROSAS\"],\"inLanguage\":\"es\",\"potentialAction\":[{\"@type\":\"CommentAction\",\"name\":\"Comment\",\"target\":[\"https:\\\/\\\/fuentesfidedignas.com.mx\\\/index.php\\\/2022\\\/07\\\/03\\\/joven-universitario-llora-al-notar-que-su-familia-no-asistio-a-su-ceremonia-de-graduacion\\\/#respond\"]}]},{\"@type\":\"WebPage\",\"@id\":\"https:\\\/\\\/fuentesfidedignas.com.mx\\\/index.php\\\/2022\\\/07\\\/03\\\/joven-universitario-llora-al-notar-que-su-familia-no-asistio-a-su-ceremonia-de-graduacion\\\/\",\"url\":\"https:\\\/\\\/fuentesfidedignas.com.mx\\\/index.php\\\/2022\\\/07\\\/03\\\/joven-universitario-llora-al-notar-que-su-familia-no-asistio-a-su-ceremonia-de-graduacion\\\/\",\"name\":\"Joven universitario llora al notar que su familia no asisti\u00f3 a su ceremonia de graduaci\u00f3n - Fuentes Fidedignas\",\"isPartOf\":{\"@id\":\"https:\\\/\\\/fuentesfidedignas.com.mx\\\/#website\"},\"primaryImageOfPage\":{\"@id\":\"https:\\\/\\\/fuentesfidedignas.com.mx\\\/index.php\\\/2022\\\/07\\\/03\\\/joven-universitario-llora-al-notar-que-su-familia-no-asistio-a-su-ceremonia-de-graduacion\\\/#primaryimage\"},\"image\":{\"@id\":\"https:\\\/\\\/fuentesfidedignas.com.mx\\\/index.php\\\/2022\\\/07\\\/03\\\/joven-universitario-llora-al-notar-que-su-familia-no-asistio-a-su-ceremonia-de-graduacion\\\/#primaryimage\"},\"thumbnailUrl\":\"https:\\\/\\\/fuentesfidedignas.com.mx\\\/wp-content\\\/uploads\\\/2022\\\/07\\\/ESTUDIANTE.jpg\",\"datePublished\":\"2022-07-03T15:11:38+00:00\",\"dateModified\":\"2022-07-03T15:11:39+00:00\",\"breadcrumb\":{\"@id\":\"https:\\\/\\\/fuentesfidedignas.com.mx\\\/index.php\\\/2022\\\/07\\\/03\\\/joven-universitario-llora-al-notar-que-su-familia-no-asistio-a-su-ceremonia-de-graduacion\\\/#breadcrumb\"},\"inLanguage\":\"es\",\"potentialAction\":[{\"@type\":\"ReadAction\",\"target\":[\"https:\\\/\\\/fuentesfidedignas.com.mx\\\/index.php\\\/2022\\\/07\\\/03\\\/joven-universitario-llora-al-notar-que-su-familia-no-asistio-a-su-ceremonia-de-graduacion\\\/\"]}]},{\"@type\":\"ImageObject\",\"inLanguage\":\"es\",\"@id\":\"https:\\\/\\\/fuentesfidedignas.com.mx\\\/index.php\\\/2022\\\/07\\\/03\\\/joven-universitario-llora-al-notar-que-su-familia-no-asistio-a-su-ceremonia-de-graduacion\\\/#primaryimage\",\"url\":\"https:\\\/\\\/fuentesfidedignas.com.mx\\\/wp-content\\\/uploads\\\/2022\\\/07\\\/ESTUDIANTE.jpg\",\"contentUrl\":\"https:\\\/\\\/fuentesfidedignas.com.mx\\\/wp-content\\\/uploads\\\/2022\\\/07\\\/ESTUDIANTE.jpg\",\"width\":1270,\"height\":753},{\"@type\":\"BreadcrumbList\",\"@id\":\"https:\\\/\\\/fuentesfidedignas.com.mx\\\/index.php\\\/2022\\\/07\\\/03\\\/joven-universitario-llora-al-notar-que-su-familia-no-asistio-a-su-ceremonia-de-graduacion\\\/#breadcrumb\",\"itemListElement\":[{\"@type\":\"ListItem\",\"position\":1,\"name\":\"Inicio\",\"item\":\"https:\\\/\\\/fuentesfidedignas.com.mx\\\/\"},{\"@type\":\"ListItem\",\"position\":2,\"name\":\"Joven universitario llora al notar que su familia no asisti\u00f3 a su ceremonia de graduaci\u00f3n\"}]},{\"@type\":\"WebSite\",\"@id\":\"https:\\\/\\\/fuentesfidedignas.com.mx\\\/#website\",\"url\":\"https:\\\/\\\/fuentesfidedignas.com.mx\\\/\",\"name\":\"Fuentes Fidedignas\",\"description\":\"Otro sitio realizado con WordPress\",\"publisher\":{\"@id\":\"https:\\\/\\\/fuentesfidedignas.com.mx\\\/#organization\"},\"potentialAction\":[{\"@type\":\"SearchAction\",\"target\":{\"@type\":\"EntryPoint\",\"urlTemplate\":\"https:\\\/\\\/fuentesfidedignas.com.mx\\\/?s={search_term_string}\"},\"query-input\":{\"@type\":\"PropertyValueSpecification\",\"valueRequired\":true,\"valueName\":\"search_term_string\"}}],\"inLanguage\":\"es\"},{\"@type\":\"Organization\",\"@id\":\"https:\\\/\\\/fuentesfidedignas.com.mx\\\/#organization\",\"name\":\"Fuentes Fidedignas\",\"url\":\"https:\\\/\\\/fuentesfidedignas.com.mx\\\/\",\"logo\":{\"@type\":\"ImageObject\",\"inLanguage\":\"es\",\"@id\":\"https:\\\/\\\/fuentesfidedignas.com.mx\\\/#\\\/schema\\\/logo\\\/image\\\/\",\"url\":\"https:\\\/\\\/fuentesfidedignas.com.mx\\\/wp-content\\\/uploads\\\/2021\\\/04\\\/logo-retina.png\",\"contentUrl\":\"https:\\\/\\\/fuentesfidedignas.com.mx\\\/wp-content\\\/uploads\\\/2021\\\/04\\\/logo-retina.png\",\"width\":280,\"height\":51,\"caption\":\"Fuentes Fidedignas\"},\"image\":{\"@id\":\"https:\\\/\\\/fuentesfidedignas.com.mx\\\/#\\\/schema\\\/logo\\\/image\\\/\"},\"sameAs\":[\"https:\\\/\\\/www.facebook.com\\\/Fuentes-Fidedignas-368234489921644\",\"https:\\\/\\\/x.com\\\/fidedignas\"]},{\"@type\":\"Person\",\"@id\":\"https:\\\/\\\/fuentesfidedignas.com.mx\\\/#\\\/schema\\\/person\\\/f030e42657a5a464a8bbd891b1aab6ee\",\"name\":\"Noticieros Televisa\",\"image\":{\"@type\":\"ImageObject\",\"inLanguage\":\"es\",\"@id\":\"https:\\\/\\\/secure.gravatar.com\\\/avatar\\\/0e47b9e785a628831b8fd9eaf15e090e106760a879abbd4a3306f128ef5d43a9?s=96&d=mm&r=g\",\"url\":\"https:\\\/\\\/secure.gravatar.com\\\/avatar\\\/0e47b9e785a628831b8fd9eaf15e090e106760a879abbd4a3306f128ef5d43a9?s=96&d=mm&r=g\",\"contentUrl\":\"https:\\\/\\\/secure.gravatar.com\\\/avatar\\\/0e47b9e785a628831b8fd9eaf15e090e106760a879abbd4a3306f128ef5d43a9?s=96&d=mm&r=g\",\"caption\":\"Noticieros Televisa\"},\"url\":\"https:\\\/\\\/fuentesfidedignas.com.mx\\\/index.php\\\/author\\\/noticieros-televisa\\\/\"}]}<\/script>\n<!-- \/ Yoast SEO plugin. -->","yoast_head_json":{"title":"Joven universitario llora al notar que su familia no asisti\u00f3 a su ceremonia de graduaci\u00f3n - Fuentes Fidedignas","robots":{"index":"index","follow":"follow","max-snippet":"max-snippet:-1","max-image-preview":"max-image-preview:large","max-video-preview":"max-video-preview:-1"},"canonical":"https:\/\/fuentesfidedignas.com.mx\/index.php\/2022\/07\/03\/joven-universitario-llora-al-notar-que-su-familia-no-asistio-a-su-ceremonia-de-graduacion\/","og_locale":"es_MX","og_type":"article","og_title":"Joven universitario llora al notar que su familia no asisti\u00f3 a su ceremonia de graduaci\u00f3n - Fuentes Fidedignas","og_description":"Jeric Rivas fue reconocido como el mejor de su clase. El reci\u00e9n graduado lament\u00f3 en redes sociales que su familia no lo acompa\u00f1ara en este importante momento de su vida Un joven rompi\u00f3 en llanto al percatarse que su familia no asisti\u00f3 a su ceremonia de graduaci\u00f3n de la universidad. Las im\u00e1genes del triste incidente [&hellip;]","og_url":"https:\/\/fuentesfidedignas.com.mx\/index.php\/2022\/07\/03\/joven-universitario-llora-al-notar-que-su-familia-no-asistio-a-su-ceremonia-de-graduacion\/","og_site_name":"Fuentes Fidedignas","article_publisher":"https:\/\/www.facebook.com\/Fuentes-Fidedignas-368234489921644","article_published_time":"2022-07-03T15:11:38+00:00","article_modified_time":"2022-07-03T15:11:39+00:00","og_image":[{"width":1270,"height":753,"url":"https:\/\/fuentesfidedignas.com.mx\/wp-content\/uploads\/2022\/07\/ESTUDIANTE.jpg","type":"image\/jpeg"}],"author":"Noticieros Televisa","twitter_card":"summary_large_image","twitter_creator":"@fidedignas","twitter_site":"@fidedignas","twitter_misc":{"Escrito por":"Noticieros Televisa","Tiempo de lectura":"1 minuto"},"schema":{"@context":"https:\/\/schema.org","@graph":[{"@type":"Article","@id":"https:\/\/fuentesfidedignas.com.mx\/index.php\/2022\/07\/03\/joven-universitario-llora-al-notar-que-su-familia-no-asistio-a-su-ceremonia-de-graduacion\/#article","isPartOf":{"@id":"https:\/\/fuentesfidedignas.com.mx\/index.php\/2022\/07\/03\/joven-universitario-llora-al-notar-que-su-familia-no-asistio-a-su-ceremonia-de-graduacion\/"},"author":{"name":"Noticieros Televisa","@id":"https:\/\/fuentesfidedignas.com.mx\/#\/schema\/person\/f030e42657a5a464a8bbd891b1aab6ee"},"headline":"Joven universitario llora al notar que su familia no asisti\u00f3 a su ceremonia de graduaci\u00f3n","datePublished":"2022-07-03T15:11:38+00:00","dateModified":"2022-07-03T15:11:39+00:00","mainEntityOfPage":{"@id":"https:\/\/fuentesfidedignas.com.mx\/index.php\/2022\/07\/03\/joven-universitario-llora-al-notar-que-su-familia-no-asistio-a-su-ceremonia-de-graduacion\/"},"wordCount":238,"commentCount":0,"publisher":{"@id":"https:\/\/fuentesfidedignas.com.mx\/#organization"},"image":{"@id":"https:\/\/fuentesfidedignas.com.mx\/index.php\/2022\/07\/03\/joven-universitario-llora-al-notar-que-su-familia-no-asistio-a-su-ceremonia-de-graduacion\/#primaryimage"},"thumbnailUrl":"https:\/\/fuentesfidedignas.com.mx\/wp-content\/uploads\/2022\/07\/ESTUDIANTE.jpg","keywords":["Asombrosa","Viral"],"articleSection":["LAS ASOMBROSAS"],"inLanguage":"es","potentialAction":[{"@type":"CommentAction","name":"Comment","target":["https:\/\/fuentesfidedignas.com.mx\/index.php\/2022\/07\/03\/joven-universitario-llora-al-notar-que-su-familia-no-asistio-a-su-ceremonia-de-graduacion\/#respond"]}]},{"@type":"WebPage","@id":"https:\/\/fuentesfidedignas.com.mx\/index.php\/2022\/07\/03\/joven-universitario-llora-al-notar-que-su-familia-no-asistio-a-su-ceremonia-de-graduacion\/","url":"https:\/\/fuentesfidedignas.com.mx\/index.php\/2022\/07\/03\/joven-universitario-llora-al-notar-que-su-familia-no-asistio-a-su-ceremonia-de-graduacion\/","name":"Joven universitario llora al notar que su familia no asisti\u00f3 a su ceremonia de graduaci\u00f3n - Fuentes Fidedignas","isPartOf":{"@id":"https:\/\/fuentesfidedignas.com.mx\/#website"},"primaryImageOfPage":{"@id":"https:\/\/fuentesfidedignas.com.mx\/index.php\/2022\/07\/03\/joven-universitario-llora-al-notar-que-su-familia-no-asistio-a-su-ceremonia-de-graduacion\/#primaryimage"},"image":{"@id":"https:\/\/fuentesfidedignas.com.mx\/index.php\/2022\/07\/03\/joven-universitario-llora-al-notar-que-su-familia-no-asistio-a-su-ceremonia-de-graduacion\/#primaryimage"},"thumbnailUrl":"https:\/\/fuentesfidedignas.com.mx\/wp-content\/uploads\/2022\/07\/ESTUDIANTE.jpg","datePublished":"2022-07-03T15:11:38+00:00","dateModified":"2022-07-03T15:11:39+00:00","breadcrumb":{"@id":"https:\/\/fuentesfidedignas.com.mx\/index.php\/2022\/07\/03\/joven-universitario-llora-al-notar-que-su-familia-no-asistio-a-su-ceremonia-de-graduacion\/#breadcrumb"},"inLanguage":"es","potentialAction":[{"@type":"ReadAction","target":["https:\/\/fuentesfidedignas.com.mx\/index.php\/2022\/07\/03\/joven-universitario-llora-al-notar-que-su-familia-no-asistio-a-su-ceremonia-de-graduacion\/"]}]},{"@type":"ImageObject","inLanguage":"es","@id":"https:\/\/fuentesfidedignas.com.mx\/index.php\/2022\/07\/03\/joven-universitario-llora-al-notar-que-su-familia-no-asistio-a-su-ceremonia-de-graduacion\/#primaryimage","url":"https:\/\/fuentesfidedignas.com.mx\/wp-content\/uploads\/2022\/07\/ESTUDIANTE.jpg","contentUrl":"https:\/\/fuentesfidedignas.com.mx\/wp-content\/uploads\/2022\/07\/ESTUDIANTE.jpg","width":1270,"height":753},{"@type":"BreadcrumbList","@id":"https:\/\/fuentesfidedignas.com.mx\/index.php\/2022\/07\/03\/joven-universitario-llora-al-notar-que-su-familia-no-asistio-a-su-ceremonia-de-graduacion\/#breadcrumb","itemListElement":[{"@type":"ListItem","position":1,"name":"Inicio","item":"https:\/\/fuentesfidedignas.com.mx\/"},{"@type":"ListItem","position":2,"name":"Joven universitario llora al notar que su familia no asisti\u00f3 a su ceremonia de graduaci\u00f3n"}]},{"@type":"WebSite","@id":"https:\/\/fuentesfidedignas.com.mx\/#website","url":"https:\/\/fuentesfidedignas.com.mx\/","name":"Fuentes Fidedignas","description":"Otro sitio realizado con WordPress","publisher":{"@id":"https:\/\/fuentesfidedignas.com.mx\/#organization"},"potentialAction":[{"@type":"SearchAction","target":{"@type":"EntryPoint","urlTemplate":"https:\/\/fuentesfidedignas.com.mx\/?s={search_term_string}"},"query-input":{"@type":"PropertyValueSpecification","valueRequired":true,"valueName":"search_term_string"}}],"inLanguage":"es"},{"@type":"Organization","@id":"https:\/\/fuentesfidedignas.com.mx\/#organization","name":"Fuentes Fidedignas","url":"https:\/\/fuentesfidedignas.com.mx\/","logo":{"@type":"ImageObject","inLanguage":"es","@id":"https:\/\/fuentesfidedignas.com.mx\/#\/schema\/logo\/image\/","url":"https:\/\/fuentesfidedignas.com.mx\/wp-content\/uploads\/2021\/04\/logo-retina.png","contentUrl":"https:\/\/fuentesfidedignas.com.mx\/wp-content\/uploads\/2021\/04\/logo-retina.png","width":280,"height":51,"caption":"Fuentes Fidedignas"},"image":{"@id":"https:\/\/fuentesfidedignas.com.mx\/#\/schema\/logo\/image\/"},"sameAs":["https:\/\/www.facebook.com\/Fuentes-Fidedignas-368234489921644","https:\/\/x.com\/fidedignas"]},{"@type":"Person","@id":"https:\/\/fuentesfidedignas.com.mx\/#\/schema\/person\/f030e42657a5a464a8bbd891b1aab6ee","name":"Noticieros Televisa","image":{"@type":"ImageObject","inLanguage":"es","@id":"https:\/\/secure.gravatar.com\/avatar\/0e47b9e785a628831b8fd9eaf15e090e106760a879abbd4a3306f128ef5d43a9?s=96&d=mm&r=g","url":"https:\/\/secure.gravatar.com\/avatar\/0e47b9e785a628831b8fd9eaf15e090e106760a879abbd4a3306f128ef5d43a9?s=96&d=mm&r=g","contentUrl":"https:\/\/secure.gravatar.com\/avatar\/0e47b9e785a628831b8fd9eaf15e090e106760a879abbd4a3306f128ef5d43a9?s=96&d=mm&r=g","caption":"Noticieros Televisa"},"url":"https:\/\/fuentesfidedignas.com.mx\/index.php\/author\/noticieros-televisa\/"}]}},"_links":{"self":[{"href":"https:\/\/fuentesfidedignas.com.mx\/index.php\/wp-json\/wp\/v2\/posts\/36131","targetHints":{"allow":["GET"]}}],"collection":[{"href":"https:\/\/fuentesfidedignas.com.mx\/index.php\/wp-json\/wp\/v2\/posts"}],"about":[{"href":"https:\/\/fuentesfidedignas.com.mx\/index.php\/wp-json\/wp\/v2\/types\/post"}],"author":[{"embeddable":true,"href":"https:\/\/fuentesfidedignas.com.mx\/index.php\/wp-json\/wp\/v2\/users\/46"}],"replies":[{"embeddable":true,"href":"https:\/\/fuentesfidedignas.com.mx\/index.php\/wp-json\/wp\/v2\/comments?post=36131"}],"version-history":[{"count":1,"href":"https:\/\/fuentesfidedignas.com.mx\/index.php\/wp-json\/wp\/v2\/posts\/36131\/revisions"}],"predecessor-version":[{"id":36133,"href":"https:\/\/fuentesfidedignas.com.mx\/index.php\/wp-json\/wp\/v2\/posts\/36131\/revisions\/36133"}],"wp:featuredmedia":[{"embeddable":true,"href":"https:\/\/fuentesfidedignas.com.mx\/index.php\/wp-json\/wp\/v2\/media\/36132"}],"wp:attachment":[{"href":"https:\/\/fuentesfidedignas.com.mx\/index.php\/wp-json\/wp\/v2\/media?parent=36131"}],"wp:term":[{"taxonomy":"category","embeddable":true,"href":"https:\/\/fuentesfidedignas.com.mx\/index.php\/wp-json\/wp\/v2\/categories?post=36131"},{"taxonomy":"post_tag","embeddable":true,"href":"https:\/\/fuentesfidedignas.com.mx\/index.php\/wp-json\/wp\/v2\/tags?post=36131"}],"curies":[{"name":"wp","href":"https:\/\/api.w.org\/{rel}","templated":true}]}}