{"id":36079,"date":"2022-07-02T13:40:13","date_gmt":"2022-07-02T19:40:13","guid":{"rendered":"https:\/\/fuentesfidedignas.com.mx\/?p=36079"},"modified":"2022-07-02T13:40:35","modified_gmt":"2022-07-02T19:40:35","slug":"nino-mexicano-hace-historia-en-el-campeonato-mundial-de-ajedrez","status":"publish","type":"post","link":"https:\/\/fuentesfidedignas.com.mx\/index.php\/2022\/07\/02\/nino-mexicano-hace-historia-en-el-campeonato-mundial-de-ajedrez\/","title":{"rendered":"Ni\u00f1o mexicano hace historia en el Campeonato Mundial de Ajedrez"},"content":{"rendered":"\n<p><strong><em>Ning\u00fan jugador mexicano de esta disciplina hab\u00eda logrado un t\u00edtulo tan alto en una competici\u00f3n internacional <\/em><\/strong><\/p>\n\n\n\n<p>Ciudad de M\u00e9xico. <strong>Fernando Cort\u00e9s<\/strong>&nbsp;tiene nueve a\u00f1os y se coron\u00f3 como subcampe\u00f3n del mundo escolar en&nbsp;<strong>ajedrez,<\/strong>&nbsp;haciendo historia para&nbsp;<strong>M\u00e9xico,<\/strong>&nbsp;pues ning\u00fan jugador mexicano de esta disciplina hab\u00eda logrado un t\u00edtulo tan alto en una&nbsp;<strong>competici\u00f3n internacional<\/strong>.<\/p>\n\n\n\n<p>Nacido en Quer\u00e9taro y con tan s\u00f3lo tres a\u00f1os de experiencia en este deport, Fernando juega al ajedrez de manera h\u00e1bil, y pudo demostrarlo en el Campeonato Mundial Escolar de Ajedrez 2022, venciendo a rivales de diferentes naciones, entre ellas, Inglaterra, Estados Unidos, El Salvador e India.<\/p>\n\n\n\n<p>Fue a los seis a\u00f1os de edad cuando, haciendo limpieza en casa, Fernando tuvo su primer acercamiento al ajedrez al descubrir las piezas de un viejo juego de su padre, a quien le pidi\u00f3 que le ense\u00f1ara y, desde entonces, no s\u00f3lo lo juega diariamente, si no que se ha convertido en su forma de vida.<\/p>\n\n\n\n<p>\u201c<em>En un caj\u00f3n, ten\u00eda yo guardado un ajedrez de hace mucho tiempo y le llamaron la atenci\u00f3n las piezas, entonces me estuvo preguntando qu\u00e9 era, c\u00f3mo se jugaba y se estuvo interesando un poquito por mover las piezas y adentrarse un poquito m\u00e1s al juego<\/em>\u201d, relata su padre, Fernando Cort\u00e9s Guerrero.<\/p>\n\n\n\n<p>Pasaron apenas tres meses despu\u00e9s de ese primer encuentro con las piezas, cuando Fernando hijo ya pisaba su primer torneo, en Jalisco, donde su familia recuerda que no gan\u00f3 un s\u00f3lo enfrentamiento, pero mostr\u00f3 aptitudes para convertirse en uno de los mejores.<\/p>\n\n\n\n<p>Desde entonces inici\u00f3 con los torneos, primero de prueba y posteriormente como uno de los participantes que obten\u00eda las primeras posiciones.<\/p>\n\n\n\n<p>\u201c<em>En un inicio no dimensionaba las capacidades que pod\u00eda llegar a tener y si dejamos que los ni\u00f1os realmente tengan ese desarrollo y les damos su espacio nos sorprenden para bien. Es una generaci\u00f3n que tiene todo para ser mucho mejor de lo que nosotros fuimos<\/em>\u201d, consider\u00f3.<\/p>\n\n\n\n<p>Para Fernando, a pesar de su corta edad, el ajedrez es un juego que merece respeto y esfuerzo, y por eso envi\u00f3 un mensaje a todos aquellos ni\u00f1os que alg\u00fan d\u00eda han so\u00f1ado en grande.<\/p>\n","protected":false},"excerpt":{"rendered":"<p>Ning\u00fan jugador mexicano de esta disciplina hab\u00eda logrado un t\u00edtulo tan alto en una competici\u00f3n internacional Ciudad de M\u00e9xico. Fernando Cort\u00e9s&nbsp;tiene nueve a\u00f1os y se coron\u00f3 como subcampe\u00f3n del mundo escolar en&nbsp;ajedrez,&nbsp;haciendo historia para&nbsp;M\u00e9xico,&nbsp;pues ning\u00fan jugador mexicano de esta disciplina hab\u00eda logrado un t\u00edtulo tan alto en una&nbsp;competici\u00f3n internacional. Nacido en Quer\u00e9taro y con tan [&hellip;]<\/p>\n","protected":false},"author":46,"featured_media":36081,"comment_status":"open","ping_status":"open","sticky":false,"template":"","format":"standard","meta":{"tdm_status":"","tdm_grid_status":"","footnotes":""},"categories":[39],"tags":[],"class_list":{"0":"post-36079","1":"post","2":"type-post","3":"status-publish","4":"format-standard","5":"has-post-thumbnail","7":"category-noticias-nacionales"},"yoast_head":"<!-- This site is optimized with the Yoast SEO plugin v27.5 - https:\/\/yoast.com\/product\/yoast-seo-wordpress\/ -->\n<title>Ni\u00f1o mexicano hace historia en el Campeonato Mundial de Ajedrez - Fuentes Fidedignas<\/title>\n<meta name=\"robots\" content=\"index, follow, max-snippet:-1, max-image-preview:large, max-video-preview:-1\" \/>\n<link rel=\"canonical\" href=\"https:\/\/fuentesfidedignas.com.mx\/index.php\/2022\/07\/02\/nino-mexicano-hace-historia-en-el-campeonato-mundial-de-ajedrez\/\" \/>\n<meta property=\"og:locale\" content=\"es_MX\" \/>\n<meta property=\"og:type\" content=\"article\" \/>\n<meta property=\"og:title\" content=\"Ni\u00f1o mexicano hace historia en el Campeonato Mundial de Ajedrez - Fuentes Fidedignas\" \/>\n<meta property=\"og:description\" content=\"Ning\u00fan jugador mexicano de esta disciplina hab\u00eda logrado un t\u00edtulo tan alto en una competici\u00f3n internacional Ciudad de M\u00e9xico. Fernando Cort\u00e9s&nbsp;tiene nueve a\u00f1os y se coron\u00f3 como subcampe\u00f3n del mundo escolar en&nbsp;ajedrez,&nbsp;haciendo historia para&nbsp;M\u00e9xico,&nbsp;pues ning\u00fan jugador mexicano de esta disciplina hab\u00eda logrado un t\u00edtulo tan alto en una&nbsp;competici\u00f3n internacional. Nacido en Quer\u00e9taro y con tan [&hellip;]\" \/>\n<meta property=\"og:url\" content=\"https:\/\/fuentesfidedignas.com.mx\/index.php\/2022\/07\/02\/nino-mexicano-hace-historia-en-el-campeonato-mundial-de-ajedrez\/\" \/>\n<meta property=\"og:site_name\" content=\"Fuentes Fidedignas\" \/>\n<meta property=\"article:publisher\" content=\"https:\/\/www.facebook.com\/Fuentes-Fidedignas-368234489921644\" \/>\n<meta property=\"article:published_time\" content=\"2022-07-02T19:40:13+00:00\" \/>\n<meta property=\"article:modified_time\" content=\"2022-07-02T19:40:35+00:00\" \/>\n<meta property=\"og:image\" content=\"https:\/\/fuentesfidedignas.com.mx\/wp-content\/uploads\/2022\/07\/nino-ajedrez.jpg\" \/>\n\t<meta property=\"og:image:width\" content=\"1280\" \/>\n\t<meta property=\"og:image:height\" content=\"720\" \/>\n\t<meta property=\"og:image:type\" content=\"image\/jpeg\" \/>\n<meta name=\"author\" content=\"Noticieros Televisa\" \/>\n<meta name=\"twitter:card\" content=\"summary_large_image\" \/>\n<meta name=\"twitter:creator\" content=\"@fidedignas\" \/>\n<meta name=\"twitter:site\" content=\"@fidedignas\" \/>\n<meta name=\"twitter:label1\" content=\"Escrito por\" \/>\n\t<meta name=\"twitter:data1\" content=\"Noticieros Televisa\" \/>\n\t<meta name=\"twitter:label2\" content=\"Tiempo de lectura\" \/>\n\t<meta name=\"twitter:data2\" content=\"2 minutos\" \/>\n<script type=\"application\/ld+json\" class=\"yoast-schema-graph\">{\"@context\":\"https:\\\/\\\/schema.org\",\"@graph\":[{\"@type\":\"Article\",\"@id\":\"https:\\\/\\\/fuentesfidedignas.com.mx\\\/index.php\\\/2022\\\/07\\\/02\\\/nino-mexicano-hace-historia-en-el-campeonato-mundial-de-ajedrez\\\/#article\",\"isPartOf\":{\"@id\":\"https:\\\/\\\/fuentesfidedignas.com.mx\\\/index.php\\\/2022\\\/07\\\/02\\\/nino-mexicano-hace-historia-en-el-campeonato-mundial-de-ajedrez\\\/\"},\"author\":{\"name\":\"Noticieros Televisa\",\"@id\":\"https:\\\/\\\/fuentesfidedignas.com.mx\\\/#\\\/schema\\\/person\\\/f030e42657a5a464a8bbd891b1aab6ee\"},\"headline\":\"Ni\u00f1o mexicano hace historia en el Campeonato Mundial de Ajedrez\",\"datePublished\":\"2022-07-02T19:40:13+00:00\",\"dateModified\":\"2022-07-02T19:40:35+00:00\",\"mainEntityOfPage\":{\"@id\":\"https:\\\/\\\/fuentesfidedignas.com.mx\\\/index.php\\\/2022\\\/07\\\/02\\\/nino-mexicano-hace-historia-en-el-campeonato-mundial-de-ajedrez\\\/\"},\"wordCount\":406,\"commentCount\":0,\"publisher\":{\"@id\":\"https:\\\/\\\/fuentesfidedignas.com.mx\\\/#organization\"},\"image\":{\"@id\":\"https:\\\/\\\/fuentesfidedignas.com.mx\\\/index.php\\\/2022\\\/07\\\/02\\\/nino-mexicano-hace-historia-en-el-campeonato-mundial-de-ajedrez\\\/#primaryimage\"},\"thumbnailUrl\":\"https:\\\/\\\/fuentesfidedignas.com.mx\\\/wp-content\\\/uploads\\\/2022\\\/07\\\/nino-ajedrez.jpg\",\"articleSection\":[\"NOTICIAS NACIONALES\"],\"inLanguage\":\"es\",\"potentialAction\":[{\"@type\":\"CommentAction\",\"name\":\"Comment\",\"target\":[\"https:\\\/\\\/fuentesfidedignas.com.mx\\\/index.php\\\/2022\\\/07\\\/02\\\/nino-mexicano-hace-historia-en-el-campeonato-mundial-de-ajedrez\\\/#respond\"]}]},{\"@type\":\"WebPage\",\"@id\":\"https:\\\/\\\/fuentesfidedignas.com.mx\\\/index.php\\\/2022\\\/07\\\/02\\\/nino-mexicano-hace-historia-en-el-campeonato-mundial-de-ajedrez\\\/\",\"url\":\"https:\\\/\\\/fuentesfidedignas.com.mx\\\/index.php\\\/2022\\\/07\\\/02\\\/nino-mexicano-hace-historia-en-el-campeonato-mundial-de-ajedrez\\\/\",\"name\":\"Ni\u00f1o mexicano hace historia en el Campeonato Mundial de Ajedrez - Fuentes Fidedignas\",\"isPartOf\":{\"@id\":\"https:\\\/\\\/fuentesfidedignas.com.mx\\\/#website\"},\"primaryImageOfPage\":{\"@id\":\"https:\\\/\\\/fuentesfidedignas.com.mx\\\/index.php\\\/2022\\\/07\\\/02\\\/nino-mexicano-hace-historia-en-el-campeonato-mundial-de-ajedrez\\\/#primaryimage\"},\"image\":{\"@id\":\"https:\\\/\\\/fuentesfidedignas.com.mx\\\/index.php\\\/2022\\\/07\\\/02\\\/nino-mexicano-hace-historia-en-el-campeonato-mundial-de-ajedrez\\\/#primaryimage\"},\"thumbnailUrl\":\"https:\\\/\\\/fuentesfidedignas.com.mx\\\/wp-content\\\/uploads\\\/2022\\\/07\\\/nino-ajedrez.jpg\",\"datePublished\":\"2022-07-02T19:40:13+00:00\",\"dateModified\":\"2022-07-02T19:40:35+00:00\",\"breadcrumb\":{\"@id\":\"https:\\\/\\\/fuentesfidedignas.com.mx\\\/index.php\\\/2022\\\/07\\\/02\\\/nino-mexicano-hace-historia-en-el-campeonato-mundial-de-ajedrez\\\/#breadcrumb\"},\"inLanguage\":\"es\",\"potentialAction\":[{\"@type\":\"ReadAction\",\"target\":[\"https:\\\/\\\/fuentesfidedignas.com.mx\\\/index.php\\\/2022\\\/07\\\/02\\\/nino-mexicano-hace-historia-en-el-campeonato-mundial-de-ajedrez\\\/\"]}]},{\"@type\":\"ImageObject\",\"inLanguage\":\"es\",\"@id\":\"https:\\\/\\\/fuentesfidedignas.com.mx\\\/index.php\\\/2022\\\/07\\\/02\\\/nino-mexicano-hace-historia-en-el-campeonato-mundial-de-ajedrez\\\/#primaryimage\",\"url\":\"https:\\\/\\\/fuentesfidedignas.com.mx\\\/wp-content\\\/uploads\\\/2022\\\/07\\\/nino-ajedrez.jpg\",\"contentUrl\":\"https:\\\/\\\/fuentesfidedignas.com.mx\\\/wp-content\\\/uploads\\\/2022\\\/07\\\/nino-ajedrez.jpg\",\"width\":1280,\"height\":720},{\"@type\":\"BreadcrumbList\",\"@id\":\"https:\\\/\\\/fuentesfidedignas.com.mx\\\/index.php\\\/2022\\\/07\\\/02\\\/nino-mexicano-hace-historia-en-el-campeonato-mundial-de-ajedrez\\\/#breadcrumb\",\"itemListElement\":[{\"@type\":\"ListItem\",\"position\":1,\"name\":\"Inicio\",\"item\":\"https:\\\/\\\/fuentesfidedignas.com.mx\\\/\"},{\"@type\":\"ListItem\",\"position\":2,\"name\":\"Ni\u00f1o mexicano hace historia en el Campeonato Mundial de Ajedrez\"}]},{\"@type\":\"WebSite\",\"@id\":\"https:\\\/\\\/fuentesfidedignas.com.mx\\\/#website\",\"url\":\"https:\\\/\\\/fuentesfidedignas.com.mx\\\/\",\"name\":\"Fuentes Fidedignas\",\"description\":\"Otro sitio realizado con WordPress\",\"publisher\":{\"@id\":\"https:\\\/\\\/fuentesfidedignas.com.mx\\\/#organization\"},\"potentialAction\":[{\"@type\":\"SearchAction\",\"target\":{\"@type\":\"EntryPoint\",\"urlTemplate\":\"https:\\\/\\\/fuentesfidedignas.com.mx\\\/?s={search_term_string}\"},\"query-input\":{\"@type\":\"PropertyValueSpecification\",\"valueRequired\":true,\"valueName\":\"search_term_string\"}}],\"inLanguage\":\"es\"},{\"@type\":\"Organization\",\"@id\":\"https:\\\/\\\/fuentesfidedignas.com.mx\\\/#organization\",\"name\":\"Fuentes Fidedignas\",\"url\":\"https:\\\/\\\/fuentesfidedignas.com.mx\\\/\",\"logo\":{\"@type\":\"ImageObject\",\"inLanguage\":\"es\",\"@id\":\"https:\\\/\\\/fuentesfidedignas.com.mx\\\/#\\\/schema\\\/logo\\\/image\\\/\",\"url\":\"https:\\\/\\\/fuentesfidedignas.com.mx\\\/wp-content\\\/uploads\\\/2021\\\/04\\\/logo-retina.png\",\"contentUrl\":\"https:\\\/\\\/fuentesfidedignas.com.mx\\\/wp-content\\\/uploads\\\/2021\\\/04\\\/logo-retina.png\",\"width\":280,\"height\":51,\"caption\":\"Fuentes Fidedignas\"},\"image\":{\"@id\":\"https:\\\/\\\/fuentesfidedignas.com.mx\\\/#\\\/schema\\\/logo\\\/image\\\/\"},\"sameAs\":[\"https:\\\/\\\/www.facebook.com\\\/Fuentes-Fidedignas-368234489921644\",\"https:\\\/\\\/x.com\\\/fidedignas\"]},{\"@type\":\"Person\",\"@id\":\"https:\\\/\\\/fuentesfidedignas.com.mx\\\/#\\\/schema\\\/person\\\/f030e42657a5a464a8bbd891b1aab6ee\",\"name\":\"Noticieros Televisa\",\"image\":{\"@type\":\"ImageObject\",\"inLanguage\":\"es\",\"@id\":\"https:\\\/\\\/secure.gravatar.com\\\/avatar\\\/0e47b9e785a628831b8fd9eaf15e090e106760a879abbd4a3306f128ef5d43a9?s=96&d=mm&r=g\",\"url\":\"https:\\\/\\\/secure.gravatar.com\\\/avatar\\\/0e47b9e785a628831b8fd9eaf15e090e106760a879abbd4a3306f128ef5d43a9?s=96&d=mm&r=g\",\"contentUrl\":\"https:\\\/\\\/secure.gravatar.com\\\/avatar\\\/0e47b9e785a628831b8fd9eaf15e090e106760a879abbd4a3306f128ef5d43a9?s=96&d=mm&r=g\",\"caption\":\"Noticieros Televisa\"},\"url\":\"https:\\\/\\\/fuentesfidedignas.com.mx\\\/index.php\\\/author\\\/noticieros-televisa\\\/\"}]}<\/script>\n<!-- \/ Yoast SEO plugin. -->","yoast_head_json":{"title":"Ni\u00f1o mexicano hace historia en el Campeonato Mundial de Ajedrez - Fuentes Fidedignas","robots":{"index":"index","follow":"follow","max-snippet":"max-snippet:-1","max-image-preview":"max-image-preview:large","max-video-preview":"max-video-preview:-1"},"canonical":"https:\/\/fuentesfidedignas.com.mx\/index.php\/2022\/07\/02\/nino-mexicano-hace-historia-en-el-campeonato-mundial-de-ajedrez\/","og_locale":"es_MX","og_type":"article","og_title":"Ni\u00f1o mexicano hace historia en el Campeonato Mundial de Ajedrez - Fuentes Fidedignas","og_description":"Ning\u00fan jugador mexicano de esta disciplina hab\u00eda logrado un t\u00edtulo tan alto en una competici\u00f3n internacional Ciudad de M\u00e9xico. Fernando Cort\u00e9s&nbsp;tiene nueve a\u00f1os y se coron\u00f3 como subcampe\u00f3n del mundo escolar en&nbsp;ajedrez,&nbsp;haciendo historia para&nbsp;M\u00e9xico,&nbsp;pues ning\u00fan jugador mexicano de esta disciplina hab\u00eda logrado un t\u00edtulo tan alto en una&nbsp;competici\u00f3n internacional. Nacido en Quer\u00e9taro y con tan [&hellip;]","og_url":"https:\/\/fuentesfidedignas.com.mx\/index.php\/2022\/07\/02\/nino-mexicano-hace-historia-en-el-campeonato-mundial-de-ajedrez\/","og_site_name":"Fuentes Fidedignas","article_publisher":"https:\/\/www.facebook.com\/Fuentes-Fidedignas-368234489921644","article_published_time":"2022-07-02T19:40:13+00:00","article_modified_time":"2022-07-02T19:40:35+00:00","og_image":[{"width":1280,"height":720,"url":"https:\/\/fuentesfidedignas.com.mx\/wp-content\/uploads\/2022\/07\/nino-ajedrez.jpg","type":"image\/jpeg"}],"author":"Noticieros Televisa","twitter_card":"summary_large_image","twitter_creator":"@fidedignas","twitter_site":"@fidedignas","twitter_misc":{"Escrito por":"Noticieros Televisa","Tiempo de lectura":"2 minutos"},"schema":{"@context":"https:\/\/schema.org","@graph":[{"@type":"Article","@id":"https:\/\/fuentesfidedignas.com.mx\/index.php\/2022\/07\/02\/nino-mexicano-hace-historia-en-el-campeonato-mundial-de-ajedrez\/#article","isPartOf":{"@id":"https:\/\/fuentesfidedignas.com.mx\/index.php\/2022\/07\/02\/nino-mexicano-hace-historia-en-el-campeonato-mundial-de-ajedrez\/"},"author":{"name":"Noticieros Televisa","@id":"https:\/\/fuentesfidedignas.com.mx\/#\/schema\/person\/f030e42657a5a464a8bbd891b1aab6ee"},"headline":"Ni\u00f1o mexicano hace historia en el Campeonato Mundial de Ajedrez","datePublished":"2022-07-02T19:40:13+00:00","dateModified":"2022-07-02T19:40:35+00:00","mainEntityOfPage":{"@id":"https:\/\/fuentesfidedignas.com.mx\/index.php\/2022\/07\/02\/nino-mexicano-hace-historia-en-el-campeonato-mundial-de-ajedrez\/"},"wordCount":406,"commentCount":0,"publisher":{"@id":"https:\/\/fuentesfidedignas.com.mx\/#organization"},"image":{"@id":"https:\/\/fuentesfidedignas.com.mx\/index.php\/2022\/07\/02\/nino-mexicano-hace-historia-en-el-campeonato-mundial-de-ajedrez\/#primaryimage"},"thumbnailUrl":"https:\/\/fuentesfidedignas.com.mx\/wp-content\/uploads\/2022\/07\/nino-ajedrez.jpg","articleSection":["NOTICIAS NACIONALES"],"inLanguage":"es","potentialAction":[{"@type":"CommentAction","name":"Comment","target":["https:\/\/fuentesfidedignas.com.mx\/index.php\/2022\/07\/02\/nino-mexicano-hace-historia-en-el-campeonato-mundial-de-ajedrez\/#respond"]}]},{"@type":"WebPage","@id":"https:\/\/fuentesfidedignas.com.mx\/index.php\/2022\/07\/02\/nino-mexicano-hace-historia-en-el-campeonato-mundial-de-ajedrez\/","url":"https:\/\/fuentesfidedignas.com.mx\/index.php\/2022\/07\/02\/nino-mexicano-hace-historia-en-el-campeonato-mundial-de-ajedrez\/","name":"Ni\u00f1o mexicano hace historia en el Campeonato Mundial de Ajedrez - Fuentes Fidedignas","isPartOf":{"@id":"https:\/\/fuentesfidedignas.com.mx\/#website"},"primaryImageOfPage":{"@id":"https:\/\/fuentesfidedignas.com.mx\/index.php\/2022\/07\/02\/nino-mexicano-hace-historia-en-el-campeonato-mundial-de-ajedrez\/#primaryimage"},"image":{"@id":"https:\/\/fuentesfidedignas.com.mx\/index.php\/2022\/07\/02\/nino-mexicano-hace-historia-en-el-campeonato-mundial-de-ajedrez\/#primaryimage"},"thumbnailUrl":"https:\/\/fuentesfidedignas.com.mx\/wp-content\/uploads\/2022\/07\/nino-ajedrez.jpg","datePublished":"2022-07-02T19:40:13+00:00","dateModified":"2022-07-02T19:40:35+00:00","breadcrumb":{"@id":"https:\/\/fuentesfidedignas.com.mx\/index.php\/2022\/07\/02\/nino-mexicano-hace-historia-en-el-campeonato-mundial-de-ajedrez\/#breadcrumb"},"inLanguage":"es","potentialAction":[{"@type":"ReadAction","target":["https:\/\/fuentesfidedignas.com.mx\/index.php\/2022\/07\/02\/nino-mexicano-hace-historia-en-el-campeonato-mundial-de-ajedrez\/"]}]},{"@type":"ImageObject","inLanguage":"es","@id":"https:\/\/fuentesfidedignas.com.mx\/index.php\/2022\/07\/02\/nino-mexicano-hace-historia-en-el-campeonato-mundial-de-ajedrez\/#primaryimage","url":"https:\/\/fuentesfidedignas.com.mx\/wp-content\/uploads\/2022\/07\/nino-ajedrez.jpg","contentUrl":"https:\/\/fuentesfidedignas.com.mx\/wp-content\/uploads\/2022\/07\/nino-ajedrez.jpg","width":1280,"height":720},{"@type":"BreadcrumbList","@id":"https:\/\/fuentesfidedignas.com.mx\/index.php\/2022\/07\/02\/nino-mexicano-hace-historia-en-el-campeonato-mundial-de-ajedrez\/#breadcrumb","itemListElement":[{"@type":"ListItem","position":1,"name":"Inicio","item":"https:\/\/fuentesfidedignas.com.mx\/"},{"@type":"ListItem","position":2,"name":"Ni\u00f1o mexicano hace historia en el Campeonato Mundial de Ajedrez"}]},{"@type":"WebSite","@id":"https:\/\/fuentesfidedignas.com.mx\/#website","url":"https:\/\/fuentesfidedignas.com.mx\/","name":"Fuentes Fidedignas","description":"Otro sitio realizado con WordPress","publisher":{"@id":"https:\/\/fuentesfidedignas.com.mx\/#organization"},"potentialAction":[{"@type":"SearchAction","target":{"@type":"EntryPoint","urlTemplate":"https:\/\/fuentesfidedignas.com.mx\/?s={search_term_string}"},"query-input":{"@type":"PropertyValueSpecification","valueRequired":true,"valueName":"search_term_string"}}],"inLanguage":"es"},{"@type":"Organization","@id":"https:\/\/fuentesfidedignas.com.mx\/#organization","name":"Fuentes Fidedignas","url":"https:\/\/fuentesfidedignas.com.mx\/","logo":{"@type":"ImageObject","inLanguage":"es","@id":"https:\/\/fuentesfidedignas.com.mx\/#\/schema\/logo\/image\/","url":"https:\/\/fuentesfidedignas.com.mx\/wp-content\/uploads\/2021\/04\/logo-retina.png","contentUrl":"https:\/\/fuentesfidedignas.com.mx\/wp-content\/uploads\/2021\/04\/logo-retina.png","width":280,"height":51,"caption":"Fuentes Fidedignas"},"image":{"@id":"https:\/\/fuentesfidedignas.com.mx\/#\/schema\/logo\/image\/"},"sameAs":["https:\/\/www.facebook.com\/Fuentes-Fidedignas-368234489921644","https:\/\/x.com\/fidedignas"]},{"@type":"Person","@id":"https:\/\/fuentesfidedignas.com.mx\/#\/schema\/person\/f030e42657a5a464a8bbd891b1aab6ee","name":"Noticieros Televisa","image":{"@type":"ImageObject","inLanguage":"es","@id":"https:\/\/secure.gravatar.com\/avatar\/0e47b9e785a628831b8fd9eaf15e090e106760a879abbd4a3306f128ef5d43a9?s=96&d=mm&r=g","url":"https:\/\/secure.gravatar.com\/avatar\/0e47b9e785a628831b8fd9eaf15e090e106760a879abbd4a3306f128ef5d43a9?s=96&d=mm&r=g","contentUrl":"https:\/\/secure.gravatar.com\/avatar\/0e47b9e785a628831b8fd9eaf15e090e106760a879abbd4a3306f128ef5d43a9?s=96&d=mm&r=g","caption":"Noticieros Televisa"},"url":"https:\/\/fuentesfidedignas.com.mx\/index.php\/author\/noticieros-televisa\/"}]}},"_links":{"self":[{"href":"https:\/\/fuentesfidedignas.com.mx\/index.php\/wp-json\/wp\/v2\/posts\/36079","targetHints":{"allow":["GET"]}}],"collection":[{"href":"https:\/\/fuentesfidedignas.com.mx\/index.php\/wp-json\/wp\/v2\/posts"}],"about":[{"href":"https:\/\/fuentesfidedignas.com.mx\/index.php\/wp-json\/wp\/v2\/types\/post"}],"author":[{"embeddable":true,"href":"https:\/\/fuentesfidedignas.com.mx\/index.php\/wp-json\/wp\/v2\/users\/46"}],"replies":[{"embeddable":true,"href":"https:\/\/fuentesfidedignas.com.mx\/index.php\/wp-json\/wp\/v2\/comments?post=36079"}],"version-history":[{"count":1,"href":"https:\/\/fuentesfidedignas.com.mx\/index.php\/wp-json\/wp\/v2\/posts\/36079\/revisions"}],"predecessor-version":[{"id":36080,"href":"https:\/\/fuentesfidedignas.com.mx\/index.php\/wp-json\/wp\/v2\/posts\/36079\/revisions\/36080"}],"wp:featuredmedia":[{"embeddable":true,"href":"https:\/\/fuentesfidedignas.com.mx\/index.php\/wp-json\/wp\/v2\/media\/36081"}],"wp:attachment":[{"href":"https:\/\/fuentesfidedignas.com.mx\/index.php\/wp-json\/wp\/v2\/media?parent=36079"}],"wp:term":[{"taxonomy":"category","embeddable":true,"href":"https:\/\/fuentesfidedignas.com.mx\/index.php\/wp-json\/wp\/v2\/categories?post=36079"},{"taxonomy":"post_tag","embeddable":true,"href":"https:\/\/fuentesfidedignas.com.mx\/index.php\/wp-json\/wp\/v2\/tags?post=36079"}],"curies":[{"name":"wp","href":"https:\/\/api.w.org\/{rel}","templated":true}]}}