{"id":36065,"date":"2022-07-02T11:17:34","date_gmt":"2022-07-02T17:17:34","guid":{"rendered":"https:\/\/fuentesfidedignas.com.mx\/?p=36065"},"modified":"2022-07-02T11:22:50","modified_gmt":"2022-07-02T17:22:50","slug":"en-su-momento-el-partido-sinaloense-apoyara-a-adan-agusto-lopez-dice-cuen","status":"publish","type":"post","link":"https:\/\/fuentesfidedignas.com.mx\/index.php\/2022\/07\/02\/en-su-momento-el-partido-sinaloense-apoyara-a-adan-agusto-lopez-dice-cuen\/","title":{"rendered":"En su momento, el Partido Sinaloense apoyar\u00e1 a Ad\u00e1n Agusto L\u00f3pez, dice Cu\u00e9n"},"content":{"rendered":"\n<p><strong><em>La carrera a la Presidencia de la Rep\u00fablica se acelera y se forman cuadros pol\u00edticos<\/em><\/strong><\/p>\n\n\n\n<p>Culiac\u00e1n, Sin.- Cuando llegue su momento y siempre apegado a la ley, el<strong> Partido Sinaloense<\/strong> estar\u00eda apoyadando al ahora secretario de Gobernaci\u00f3n, <strong>Ad\u00e1n Augusto L\u00f3pez Hern\u00e1ndez, <\/strong>como aspirante a Presidente de M\u00e9xico. <\/p>\n\n\n\n<p>As\u00ed lo dijo el <strong>l\u00edder pol\u00edtico del PAS, H\u00e9ctor Melesio Cuen Ojeda<\/strong>, al ser abordado sobre la reuni\u00f3n que tuvo recientemente con el titular de la Secretar\u00eda de Gobernaci\u00f3n de M\u00e9xico.<\/p>\n\n\n\n<p><em>&#8220;Como PAS vamos a apoyar cuando sea necesario, respetando la Ley Electoral, a Ad\u00e1n Augusto L\u00f3pez Hern\u00e1ndez. Y esto lo hacemos porque hay una relaci\u00f3n entre nosotros, vemos a un hombre con mucha experiencia&#8221;, indic\u00f3 Cu\u00e9n Ojeda.<\/em><\/p>\n\n\n\n<p>Fue el mismo Ad\u00e1n Augusto L\u00f3pez,  quien el pasado martes compartiera en redes sociales de la Secretar\u00eda de Gobernaci\u00f3n una foto por el l\u00edder del Partido Sinaloense.<\/p>\n\n\n\n<figure class=\"wp-block-embed is-type-rich is-provider-twitter wp-block-embed-twitter\"><div class=\"wp-block-embed__wrapper\">\n<blockquote class=\"twitter-tweet\" data-width=\"550\" data-dnt=\"true\"><p lang=\"es\" dir=\"ltr\">El secretario de <a href=\"https:\/\/twitter.com\/hashtag\/Gobernaci%C3%B3n?src=hash&amp;ref_src=twsrc%5Etfw\">#Gobernaci\u00f3n<\/a>, <a href=\"https:\/\/twitter.com\/adan_augusto?ref_src=twsrc%5Etfw\">@adan_augusto<\/a>, se reuni\u00f3 con el maestro en ciencias H\u00e9ctor Melesio Cu\u00e9n Ojeda (<a href=\"https:\/\/twitter.com\/melesiocuen?ref_src=twsrc%5Etfw\">@melesiocuen<\/a>). <a href=\"https:\/\/twitter.com\/hashtag\/OrgullosamenteSinaloense?src=hash&amp;ref_src=twsrc%5Etfw\">#OrgullosamenteSinaloense<\/a> <a href=\"https:\/\/t.co\/2FVLnNOsLB\">pic.twitter.com\/2FVLnNOsLB<\/a><\/p>&mdash; Gobernaci\u00f3n (@SEGOB_mx) <a href=\"https:\/\/twitter.com\/SEGOB_mx\/status\/1541944014592696320?ref_src=twsrc%5Etfw\">June 29, 2022<\/a><\/blockquote><script async src=\"https:\/\/platform.twitter.com\/widgets.js\" charset=\"utf-8\"><\/script>\n<\/div><\/figure>\n","protected":false},"excerpt":{"rendered":"<p>La carrera a la Presidencia de la Rep\u00fablica se acelera y se forman cuadros pol\u00edticos Culiac\u00e1n, Sin.- Cuando llegue su momento y siempre apegado a la ley, el Partido Sinaloense estar\u00eda apoyadando al ahora secretario de Gobernaci\u00f3n, Ad\u00e1n Augusto L\u00f3pez Hern\u00e1ndez, como aspirante a Presidente de M\u00e9xico. As\u00ed lo dijo el l\u00edder pol\u00edtico del PAS, [&hellip;]<\/p>\n","protected":false},"author":112,"featured_media":36068,"comment_status":"open","ping_status":"open","sticky":false,"template":"","format":"standard","meta":{"tdm_status":"","tdm_grid_status":"","footnotes":""},"categories":[37],"tags":[1741,1328,1365,308],"class_list":{"0":"post-36065","1":"post","2":"type-post","3":"status-publish","4":"format-standard","5":"has-post-thumbnail","7":"category-nota-principal","8":"tag-adan-augusto-lopez-hernandez","9":"tag-hector-melesio-cuen-ojeda","10":"tag-partido-sinaloense","11":"tag-pas"},"yoast_head":"<!-- This site is optimized with the Yoast SEO plugin v27.5 - https:\/\/yoast.com\/product\/yoast-seo-wordpress\/ -->\n<title>En su momento, el Partido Sinaloense apoyar\u00e1 a Ad\u00e1n Agusto L\u00f3pez, dice Cu\u00e9n - Fuentes Fidedignas<\/title>\n<meta name=\"robots\" content=\"index, follow, max-snippet:-1, max-image-preview:large, max-video-preview:-1\" \/>\n<link rel=\"canonical\" href=\"https:\/\/fuentesfidedignas.com.mx\/index.php\/2022\/07\/02\/en-su-momento-el-partido-sinaloense-apoyara-a-adan-agusto-lopez-dice-cuen\/\" \/>\n<meta property=\"og:locale\" content=\"es_MX\" \/>\n<meta property=\"og:type\" content=\"article\" \/>\n<meta property=\"og:title\" content=\"En su momento, el Partido Sinaloense apoyar\u00e1 a Ad\u00e1n Agusto L\u00f3pez, dice Cu\u00e9n - Fuentes Fidedignas\" \/>\n<meta property=\"og:description\" content=\"La carrera a la Presidencia de la Rep\u00fablica se acelera y se forman cuadros pol\u00edticos Culiac\u00e1n, Sin.- Cuando llegue su momento y siempre apegado a la ley, el Partido Sinaloense estar\u00eda apoyadando al ahora secretario de Gobernaci\u00f3n, Ad\u00e1n Augusto L\u00f3pez Hern\u00e1ndez, como aspirante a Presidente de M\u00e9xico. As\u00ed lo dijo el l\u00edder pol\u00edtico del PAS, [&hellip;]\" \/>\n<meta property=\"og:url\" content=\"https:\/\/fuentesfidedignas.com.mx\/index.php\/2022\/07\/02\/en-su-momento-el-partido-sinaloense-apoyara-a-adan-agusto-lopez-dice-cuen\/\" \/>\n<meta property=\"og:site_name\" content=\"Fuentes Fidedignas\" \/>\n<meta property=\"article:publisher\" content=\"https:\/\/www.facebook.com\/Fuentes-Fidedignas-368234489921644\" \/>\n<meta property=\"article:published_time\" content=\"2022-07-02T17:17:34+00:00\" \/>\n<meta property=\"article:modified_time\" content=\"2022-07-02T17:22:50+00:00\" \/>\n<meta property=\"og:image\" content=\"https:\/\/fuentesfidedignas.com.mx\/wp-content\/uploads\/2022\/07\/IMG-20220702-WA0013.jpg\" \/>\n\t<meta property=\"og:image:width\" content=\"918\" \/>\n\t<meta property=\"og:image:height\" content=\"712\" \/>\n\t<meta property=\"og:image:type\" content=\"image\/jpeg\" \/>\n<meta name=\"author\" content=\"Leonardo Gutierrez\" \/>\n<meta name=\"twitter:card\" content=\"summary_large_image\" \/>\n<meta name=\"twitter:creator\" content=\"@fidedignas\" \/>\n<meta name=\"twitter:site\" content=\"@fidedignas\" \/>\n<meta name=\"twitter:label1\" content=\"Escrito por\" \/>\n\t<meta name=\"twitter:data1\" content=\"Leonardo Gutierrez\" \/>\n\t<meta name=\"twitter:label2\" content=\"Tiempo de lectura\" \/>\n\t<meta name=\"twitter:data2\" content=\"1 minuto\" \/>\n<script type=\"application\/ld+json\" class=\"yoast-schema-graph\">{\"@context\":\"https:\\\/\\\/schema.org\",\"@graph\":[{\"@type\":\"Article\",\"@id\":\"https:\\\/\\\/fuentesfidedignas.com.mx\\\/index.php\\\/2022\\\/07\\\/02\\\/en-su-momento-el-partido-sinaloense-apoyara-a-adan-agusto-lopez-dice-cuen\\\/#article\",\"isPartOf\":{\"@id\":\"https:\\\/\\\/fuentesfidedignas.com.mx\\\/index.php\\\/2022\\\/07\\\/02\\\/en-su-momento-el-partido-sinaloense-apoyara-a-adan-agusto-lopez-dice-cuen\\\/\"},\"author\":{\"name\":\"Leonardo Gutierrez\",\"@id\":\"https:\\\/\\\/fuentesfidedignas.com.mx\\\/#\\\/schema\\\/person\\\/c77df25c00baae1d4fdc0340db6f364c\"},\"headline\":\"En su momento, el Partido Sinaloense apoyar\u00e1 a Ad\u00e1n Agusto L\u00f3pez, dice Cu\u00e9n\",\"datePublished\":\"2022-07-02T17:17:34+00:00\",\"dateModified\":\"2022-07-02T17:22:50+00:00\",\"mainEntityOfPage\":{\"@id\":\"https:\\\/\\\/fuentesfidedignas.com.mx\\\/index.php\\\/2022\\\/07\\\/02\\\/en-su-momento-el-partido-sinaloense-apoyara-a-adan-agusto-lopez-dice-cuen\\\/\"},\"wordCount\":200,\"commentCount\":0,\"publisher\":{\"@id\":\"https:\\\/\\\/fuentesfidedignas.com.mx\\\/#organization\"},\"image\":{\"@id\":\"https:\\\/\\\/fuentesfidedignas.com.mx\\\/index.php\\\/2022\\\/07\\\/02\\\/en-su-momento-el-partido-sinaloense-apoyara-a-adan-agusto-lopez-dice-cuen\\\/#primaryimage\"},\"thumbnailUrl\":\"https:\\\/\\\/fuentesfidedignas.com.mx\\\/wp-content\\\/uploads\\\/2022\\\/07\\\/IMG-20220702-WA0013.jpg\",\"keywords\":[\"Ad\u00e1n Augusto L\u00f3pez Hern\u00e1ndez\",\"H\u00e9ctor Melesio Cu\u00e9n Ojeda\",\"Partido Sinaloense\",\"PAS\"],\"articleSection\":[\"NOTA PRINCIPAL\"],\"inLanguage\":\"es\",\"potentialAction\":[{\"@type\":\"CommentAction\",\"name\":\"Comment\",\"target\":[\"https:\\\/\\\/fuentesfidedignas.com.mx\\\/index.php\\\/2022\\\/07\\\/02\\\/en-su-momento-el-partido-sinaloense-apoyara-a-adan-agusto-lopez-dice-cuen\\\/#respond\"]}]},{\"@type\":\"WebPage\",\"@id\":\"https:\\\/\\\/fuentesfidedignas.com.mx\\\/index.php\\\/2022\\\/07\\\/02\\\/en-su-momento-el-partido-sinaloense-apoyara-a-adan-agusto-lopez-dice-cuen\\\/\",\"url\":\"https:\\\/\\\/fuentesfidedignas.com.mx\\\/index.php\\\/2022\\\/07\\\/02\\\/en-su-momento-el-partido-sinaloense-apoyara-a-adan-agusto-lopez-dice-cuen\\\/\",\"name\":\"En su momento, el Partido Sinaloense apoyar\u00e1 a Ad\u00e1n Agusto L\u00f3pez, dice Cu\u00e9n - Fuentes Fidedignas\",\"isPartOf\":{\"@id\":\"https:\\\/\\\/fuentesfidedignas.com.mx\\\/#website\"},\"primaryImageOfPage\":{\"@id\":\"https:\\\/\\\/fuentesfidedignas.com.mx\\\/index.php\\\/2022\\\/07\\\/02\\\/en-su-momento-el-partido-sinaloense-apoyara-a-adan-agusto-lopez-dice-cuen\\\/#primaryimage\"},\"image\":{\"@id\":\"https:\\\/\\\/fuentesfidedignas.com.mx\\\/index.php\\\/2022\\\/07\\\/02\\\/en-su-momento-el-partido-sinaloense-apoyara-a-adan-agusto-lopez-dice-cuen\\\/#primaryimage\"},\"thumbnailUrl\":\"https:\\\/\\\/fuentesfidedignas.com.mx\\\/wp-content\\\/uploads\\\/2022\\\/07\\\/IMG-20220702-WA0013.jpg\",\"datePublished\":\"2022-07-02T17:17:34+00:00\",\"dateModified\":\"2022-07-02T17:22:50+00:00\",\"breadcrumb\":{\"@id\":\"https:\\\/\\\/fuentesfidedignas.com.mx\\\/index.php\\\/2022\\\/07\\\/02\\\/en-su-momento-el-partido-sinaloense-apoyara-a-adan-agusto-lopez-dice-cuen\\\/#breadcrumb\"},\"inLanguage\":\"es\",\"potentialAction\":[{\"@type\":\"ReadAction\",\"target\":[\"https:\\\/\\\/fuentesfidedignas.com.mx\\\/index.php\\\/2022\\\/07\\\/02\\\/en-su-momento-el-partido-sinaloense-apoyara-a-adan-agusto-lopez-dice-cuen\\\/\"]}]},{\"@type\":\"ImageObject\",\"inLanguage\":\"es\",\"@id\":\"https:\\\/\\\/fuentesfidedignas.com.mx\\\/index.php\\\/2022\\\/07\\\/02\\\/en-su-momento-el-partido-sinaloense-apoyara-a-adan-agusto-lopez-dice-cuen\\\/#primaryimage\",\"url\":\"https:\\\/\\\/fuentesfidedignas.com.mx\\\/wp-content\\\/uploads\\\/2022\\\/07\\\/IMG-20220702-WA0013.jpg\",\"contentUrl\":\"https:\\\/\\\/fuentesfidedignas.com.mx\\\/wp-content\\\/uploads\\\/2022\\\/07\\\/IMG-20220702-WA0013.jpg\",\"width\":918,\"height\":712},{\"@type\":\"BreadcrumbList\",\"@id\":\"https:\\\/\\\/fuentesfidedignas.com.mx\\\/index.php\\\/2022\\\/07\\\/02\\\/en-su-momento-el-partido-sinaloense-apoyara-a-adan-agusto-lopez-dice-cuen\\\/#breadcrumb\",\"itemListElement\":[{\"@type\":\"ListItem\",\"position\":1,\"name\":\"Inicio\",\"item\":\"https:\\\/\\\/fuentesfidedignas.com.mx\\\/\"},{\"@type\":\"ListItem\",\"position\":2,\"name\":\"En su momento, el Partido Sinaloense apoyar\u00e1 a Ad\u00e1n Agusto L\u00f3pez, dice Cu\u00e9n\"}]},{\"@type\":\"WebSite\",\"@id\":\"https:\\\/\\\/fuentesfidedignas.com.mx\\\/#website\",\"url\":\"https:\\\/\\\/fuentesfidedignas.com.mx\\\/\",\"name\":\"Fuentes Fidedignas\",\"description\":\"Otro sitio realizado con WordPress\",\"publisher\":{\"@id\":\"https:\\\/\\\/fuentesfidedignas.com.mx\\\/#organization\"},\"potentialAction\":[{\"@type\":\"SearchAction\",\"target\":{\"@type\":\"EntryPoint\",\"urlTemplate\":\"https:\\\/\\\/fuentesfidedignas.com.mx\\\/?s={search_term_string}\"},\"query-input\":{\"@type\":\"PropertyValueSpecification\",\"valueRequired\":true,\"valueName\":\"search_term_string\"}}],\"inLanguage\":\"es\"},{\"@type\":\"Organization\",\"@id\":\"https:\\\/\\\/fuentesfidedignas.com.mx\\\/#organization\",\"name\":\"Fuentes Fidedignas\",\"url\":\"https:\\\/\\\/fuentesfidedignas.com.mx\\\/\",\"logo\":{\"@type\":\"ImageObject\",\"inLanguage\":\"es\",\"@id\":\"https:\\\/\\\/fuentesfidedignas.com.mx\\\/#\\\/schema\\\/logo\\\/image\\\/\",\"url\":\"https:\\\/\\\/fuentesfidedignas.com.mx\\\/wp-content\\\/uploads\\\/2021\\\/04\\\/logo-retina.png\",\"contentUrl\":\"https:\\\/\\\/fuentesfidedignas.com.mx\\\/wp-content\\\/uploads\\\/2021\\\/04\\\/logo-retina.png\",\"width\":280,\"height\":51,\"caption\":\"Fuentes Fidedignas\"},\"image\":{\"@id\":\"https:\\\/\\\/fuentesfidedignas.com.mx\\\/#\\\/schema\\\/logo\\\/image\\\/\"},\"sameAs\":[\"https:\\\/\\\/www.facebook.com\\\/Fuentes-Fidedignas-368234489921644\",\"https:\\\/\\\/x.com\\\/fidedignas\"]},{\"@type\":\"Person\",\"@id\":\"https:\\\/\\\/fuentesfidedignas.com.mx\\\/#\\\/schema\\\/person\\\/c77df25c00baae1d4fdc0340db6f364c\",\"name\":\"Leonardo Gutierrez\",\"image\":{\"@type\":\"ImageObject\",\"inLanguage\":\"es\",\"@id\":\"https:\\\/\\\/secure.gravatar.com\\\/avatar\\\/17b13a7a986cc98ca4d7337340bcac5945cbae677961c354aefb3c7962c8cc1f?s=96&d=mm&r=g\",\"url\":\"https:\\\/\\\/secure.gravatar.com\\\/avatar\\\/17b13a7a986cc98ca4d7337340bcac5945cbae677961c354aefb3c7962c8cc1f?s=96&d=mm&r=g\",\"contentUrl\":\"https:\\\/\\\/secure.gravatar.com\\\/avatar\\\/17b13a7a986cc98ca4d7337340bcac5945cbae677961c354aefb3c7962c8cc1f?s=96&d=mm&r=g\",\"caption\":\"Leonardo Gutierrez\"},\"url\":\"https:\\\/\\\/fuentesfidedignas.com.mx\\\/index.php\\\/author\\\/leonardogut\\\/\"}]}<\/script>\n<!-- \/ Yoast SEO plugin. -->","yoast_head_json":{"title":"En su momento, el Partido Sinaloense apoyar\u00e1 a Ad\u00e1n Agusto L\u00f3pez, dice Cu\u00e9n - Fuentes Fidedignas","robots":{"index":"index","follow":"follow","max-snippet":"max-snippet:-1","max-image-preview":"max-image-preview:large","max-video-preview":"max-video-preview:-1"},"canonical":"https:\/\/fuentesfidedignas.com.mx\/index.php\/2022\/07\/02\/en-su-momento-el-partido-sinaloense-apoyara-a-adan-agusto-lopez-dice-cuen\/","og_locale":"es_MX","og_type":"article","og_title":"En su momento, el Partido Sinaloense apoyar\u00e1 a Ad\u00e1n Agusto L\u00f3pez, dice Cu\u00e9n - Fuentes Fidedignas","og_description":"La carrera a la Presidencia de la Rep\u00fablica se acelera y se forman cuadros pol\u00edticos Culiac\u00e1n, Sin.- Cuando llegue su momento y siempre apegado a la ley, el Partido Sinaloense estar\u00eda apoyadando al ahora secretario de Gobernaci\u00f3n, Ad\u00e1n Augusto L\u00f3pez Hern\u00e1ndez, como aspirante a Presidente de M\u00e9xico. As\u00ed lo dijo el l\u00edder pol\u00edtico del PAS, [&hellip;]","og_url":"https:\/\/fuentesfidedignas.com.mx\/index.php\/2022\/07\/02\/en-su-momento-el-partido-sinaloense-apoyara-a-adan-agusto-lopez-dice-cuen\/","og_site_name":"Fuentes Fidedignas","article_publisher":"https:\/\/www.facebook.com\/Fuentes-Fidedignas-368234489921644","article_published_time":"2022-07-02T17:17:34+00:00","article_modified_time":"2022-07-02T17:22:50+00:00","og_image":[{"width":918,"height":712,"url":"https:\/\/fuentesfidedignas.com.mx\/wp-content\/uploads\/2022\/07\/IMG-20220702-WA0013.jpg","type":"image\/jpeg"}],"author":"Leonardo Gutierrez","twitter_card":"summary_large_image","twitter_creator":"@fidedignas","twitter_site":"@fidedignas","twitter_misc":{"Escrito por":"Leonardo Gutierrez","Tiempo de lectura":"1 minuto"},"schema":{"@context":"https:\/\/schema.org","@graph":[{"@type":"Article","@id":"https:\/\/fuentesfidedignas.com.mx\/index.php\/2022\/07\/02\/en-su-momento-el-partido-sinaloense-apoyara-a-adan-agusto-lopez-dice-cuen\/#article","isPartOf":{"@id":"https:\/\/fuentesfidedignas.com.mx\/index.php\/2022\/07\/02\/en-su-momento-el-partido-sinaloense-apoyara-a-adan-agusto-lopez-dice-cuen\/"},"author":{"name":"Leonardo Gutierrez","@id":"https:\/\/fuentesfidedignas.com.mx\/#\/schema\/person\/c77df25c00baae1d4fdc0340db6f364c"},"headline":"En su momento, el Partido Sinaloense apoyar\u00e1 a Ad\u00e1n Agusto L\u00f3pez, dice Cu\u00e9n","datePublished":"2022-07-02T17:17:34+00:00","dateModified":"2022-07-02T17:22:50+00:00","mainEntityOfPage":{"@id":"https:\/\/fuentesfidedignas.com.mx\/index.php\/2022\/07\/02\/en-su-momento-el-partido-sinaloense-apoyara-a-adan-agusto-lopez-dice-cuen\/"},"wordCount":200,"commentCount":0,"publisher":{"@id":"https:\/\/fuentesfidedignas.com.mx\/#organization"},"image":{"@id":"https:\/\/fuentesfidedignas.com.mx\/index.php\/2022\/07\/02\/en-su-momento-el-partido-sinaloense-apoyara-a-adan-agusto-lopez-dice-cuen\/#primaryimage"},"thumbnailUrl":"https:\/\/fuentesfidedignas.com.mx\/wp-content\/uploads\/2022\/07\/IMG-20220702-WA0013.jpg","keywords":["Ad\u00e1n Augusto L\u00f3pez Hern\u00e1ndez","H\u00e9ctor Melesio Cu\u00e9n Ojeda","Partido Sinaloense","PAS"],"articleSection":["NOTA PRINCIPAL"],"inLanguage":"es","potentialAction":[{"@type":"CommentAction","name":"Comment","target":["https:\/\/fuentesfidedignas.com.mx\/index.php\/2022\/07\/02\/en-su-momento-el-partido-sinaloense-apoyara-a-adan-agusto-lopez-dice-cuen\/#respond"]}]},{"@type":"WebPage","@id":"https:\/\/fuentesfidedignas.com.mx\/index.php\/2022\/07\/02\/en-su-momento-el-partido-sinaloense-apoyara-a-adan-agusto-lopez-dice-cuen\/","url":"https:\/\/fuentesfidedignas.com.mx\/index.php\/2022\/07\/02\/en-su-momento-el-partido-sinaloense-apoyara-a-adan-agusto-lopez-dice-cuen\/","name":"En su momento, el Partido Sinaloense apoyar\u00e1 a Ad\u00e1n Agusto L\u00f3pez, dice Cu\u00e9n - Fuentes Fidedignas","isPartOf":{"@id":"https:\/\/fuentesfidedignas.com.mx\/#website"},"primaryImageOfPage":{"@id":"https:\/\/fuentesfidedignas.com.mx\/index.php\/2022\/07\/02\/en-su-momento-el-partido-sinaloense-apoyara-a-adan-agusto-lopez-dice-cuen\/#primaryimage"},"image":{"@id":"https:\/\/fuentesfidedignas.com.mx\/index.php\/2022\/07\/02\/en-su-momento-el-partido-sinaloense-apoyara-a-adan-agusto-lopez-dice-cuen\/#primaryimage"},"thumbnailUrl":"https:\/\/fuentesfidedignas.com.mx\/wp-content\/uploads\/2022\/07\/IMG-20220702-WA0013.jpg","datePublished":"2022-07-02T17:17:34+00:00","dateModified":"2022-07-02T17:22:50+00:00","breadcrumb":{"@id":"https:\/\/fuentesfidedignas.com.mx\/index.php\/2022\/07\/02\/en-su-momento-el-partido-sinaloense-apoyara-a-adan-agusto-lopez-dice-cuen\/#breadcrumb"},"inLanguage":"es","potentialAction":[{"@type":"ReadAction","target":["https:\/\/fuentesfidedignas.com.mx\/index.php\/2022\/07\/02\/en-su-momento-el-partido-sinaloense-apoyara-a-adan-agusto-lopez-dice-cuen\/"]}]},{"@type":"ImageObject","inLanguage":"es","@id":"https:\/\/fuentesfidedignas.com.mx\/index.php\/2022\/07\/02\/en-su-momento-el-partido-sinaloense-apoyara-a-adan-agusto-lopez-dice-cuen\/#primaryimage","url":"https:\/\/fuentesfidedignas.com.mx\/wp-content\/uploads\/2022\/07\/IMG-20220702-WA0013.jpg","contentUrl":"https:\/\/fuentesfidedignas.com.mx\/wp-content\/uploads\/2022\/07\/IMG-20220702-WA0013.jpg","width":918,"height":712},{"@type":"BreadcrumbList","@id":"https:\/\/fuentesfidedignas.com.mx\/index.php\/2022\/07\/02\/en-su-momento-el-partido-sinaloense-apoyara-a-adan-agusto-lopez-dice-cuen\/#breadcrumb","itemListElement":[{"@type":"ListItem","position":1,"name":"Inicio","item":"https:\/\/fuentesfidedignas.com.mx\/"},{"@type":"ListItem","position":2,"name":"En su momento, el Partido Sinaloense apoyar\u00e1 a Ad\u00e1n Agusto L\u00f3pez, dice Cu\u00e9n"}]},{"@type":"WebSite","@id":"https:\/\/fuentesfidedignas.com.mx\/#website","url":"https:\/\/fuentesfidedignas.com.mx\/","name":"Fuentes Fidedignas","description":"Otro sitio realizado con WordPress","publisher":{"@id":"https:\/\/fuentesfidedignas.com.mx\/#organization"},"potentialAction":[{"@type":"SearchAction","target":{"@type":"EntryPoint","urlTemplate":"https:\/\/fuentesfidedignas.com.mx\/?s={search_term_string}"},"query-input":{"@type":"PropertyValueSpecification","valueRequired":true,"valueName":"search_term_string"}}],"inLanguage":"es"},{"@type":"Organization","@id":"https:\/\/fuentesfidedignas.com.mx\/#organization","name":"Fuentes Fidedignas","url":"https:\/\/fuentesfidedignas.com.mx\/","logo":{"@type":"ImageObject","inLanguage":"es","@id":"https:\/\/fuentesfidedignas.com.mx\/#\/schema\/logo\/image\/","url":"https:\/\/fuentesfidedignas.com.mx\/wp-content\/uploads\/2021\/04\/logo-retina.png","contentUrl":"https:\/\/fuentesfidedignas.com.mx\/wp-content\/uploads\/2021\/04\/logo-retina.png","width":280,"height":51,"caption":"Fuentes Fidedignas"},"image":{"@id":"https:\/\/fuentesfidedignas.com.mx\/#\/schema\/logo\/image\/"},"sameAs":["https:\/\/www.facebook.com\/Fuentes-Fidedignas-368234489921644","https:\/\/x.com\/fidedignas"]},{"@type":"Person","@id":"https:\/\/fuentesfidedignas.com.mx\/#\/schema\/person\/c77df25c00baae1d4fdc0340db6f364c","name":"Leonardo Gutierrez","image":{"@type":"ImageObject","inLanguage":"es","@id":"https:\/\/secure.gravatar.com\/avatar\/17b13a7a986cc98ca4d7337340bcac5945cbae677961c354aefb3c7962c8cc1f?s=96&d=mm&r=g","url":"https:\/\/secure.gravatar.com\/avatar\/17b13a7a986cc98ca4d7337340bcac5945cbae677961c354aefb3c7962c8cc1f?s=96&d=mm&r=g","contentUrl":"https:\/\/secure.gravatar.com\/avatar\/17b13a7a986cc98ca4d7337340bcac5945cbae677961c354aefb3c7962c8cc1f?s=96&d=mm&r=g","caption":"Leonardo Gutierrez"},"url":"https:\/\/fuentesfidedignas.com.mx\/index.php\/author\/leonardogut\/"}]}},"_links":{"self":[{"href":"https:\/\/fuentesfidedignas.com.mx\/index.php\/wp-json\/wp\/v2\/posts\/36065","targetHints":{"allow":["GET"]}}],"collection":[{"href":"https:\/\/fuentesfidedignas.com.mx\/index.php\/wp-json\/wp\/v2\/posts"}],"about":[{"href":"https:\/\/fuentesfidedignas.com.mx\/index.php\/wp-json\/wp\/v2\/types\/post"}],"author":[{"embeddable":true,"href":"https:\/\/fuentesfidedignas.com.mx\/index.php\/wp-json\/wp\/v2\/users\/112"}],"replies":[{"embeddable":true,"href":"https:\/\/fuentesfidedignas.com.mx\/index.php\/wp-json\/wp\/v2\/comments?post=36065"}],"version-history":[{"count":1,"href":"https:\/\/fuentesfidedignas.com.mx\/index.php\/wp-json\/wp\/v2\/posts\/36065\/revisions"}],"predecessor-version":[{"id":36066,"href":"https:\/\/fuentesfidedignas.com.mx\/index.php\/wp-json\/wp\/v2\/posts\/36065\/revisions\/36066"}],"wp:featuredmedia":[{"embeddable":true,"href":"https:\/\/fuentesfidedignas.com.mx\/index.php\/wp-json\/wp\/v2\/media\/36068"}],"wp:attachment":[{"href":"https:\/\/fuentesfidedignas.com.mx\/index.php\/wp-json\/wp\/v2\/media?parent=36065"}],"wp:term":[{"taxonomy":"category","embeddable":true,"href":"https:\/\/fuentesfidedignas.com.mx\/index.php\/wp-json\/wp\/v2\/categories?post=36065"},{"taxonomy":"post_tag","embeddable":true,"href":"https:\/\/fuentesfidedignas.com.mx\/index.php\/wp-json\/wp\/v2\/tags?post=36065"}],"curies":[{"name":"wp","href":"https:\/\/api.w.org\/{rel}","templated":true}]}}