{"id":36009,"date":"2022-07-01T16:32:32","date_gmt":"2022-07-01T22:32:32","guid":{"rendered":"https:\/\/fuentesfidedignas.com.mx\/?p=36009"},"modified":"2022-07-01T16:33:04","modified_gmt":"2022-07-01T22:33:04","slug":"entra-othoniel-barron-como-director-de-seguridad-publica-y-transito-en-culiacan","status":"publish","type":"post","link":"https:\/\/fuentesfidedignas.com.mx\/index.php\/2022\/07\/01\/entra-othoniel-barron-como-director-de-seguridad-publica-y-transito-en-culiacan\/","title":{"rendered":"Entra Othoniel Barr\u00f3n como director de Seguridad P\u00fablica y Tr\u00e1nsito en Culiac\u00e1n"},"content":{"rendered":"\n<p><em>Otorga alcalde nombramiento de Director de la SSPyTM  <\/em><\/p>\n\n\n\n<p><em>Culiac\u00e1n, Sin.-<\/em> Ante la renuncia del Secretario de Seguridad P\u00fablica y Tr\u00e1nsito Municipal, Mauricio Garc\u00eda Rodr\u00edguez y del Director Edgar Manuel Villanueva Balderas, el alcalde Juan de Dios G\u00e1mez Mend\u00edvil otorg\u00f3 el nombramiento de nuevo Director de la corporaci\u00f3n a <strong>Jaime<\/strong> <strong>Othoniel Barr\u00f3n Valdez<\/strong>.<\/p>\n\n\n\n<p>El reci\u00e9n nombrado, ser\u00e1 a su vez encargado de Despacho en tanto se nombra a quien ser\u00e1<strong> Secretario de Seguridad P\u00fablica y Tr\u00e1nsito Municipal<\/strong>.<\/p>\n\n\n\n<p>Es por ello que este mismo d\u00eda el Secretario del Ayuntamiento Leobardo Gallardo Beltr\u00e1n le dio la bienvenida y lo present\u00f3 ante elementos municipales a quienes asegur\u00f3 cuenta con una amplia experiencia y los exhort\u00f3 a brindarle todo su apoyo.<\/p>\n\n\n\n<p>En su mensaje de presentaci\u00f3n el Director de la corporaci\u00f3n se comprometi\u00f3 a tener un buen desempe\u00f1o y los llam\u00f3 a trabajar enfocados en la disminuci\u00f3n de los principales delitos.<\/p>\n\n\n\n<p>&#8220;<em>El objetivo principal es la disminuci\u00f3n de los delitos patrimoniales que son los que m\u00e1s aquejan aqu\u00ed a la sociedad, que vienen siendo el robo de veh\u00edculos, el robo a casa habitaci\u00f3n que se ha disparado, el robo a comercio y el que considero yo que es de los m\u00e1s importantes, el de la violencia familiar<\/em>&#8220;, expres\u00f3.<\/p>\n\n\n\n<p>De este modo, Othoniel Barr\u00f3n se integra a la SSPyTM para cumplir con el objetivo de la administraci\u00f3n municipal que encabeza el alcalde <strong>Juan de Dios G\u00e1mez Mend\u00edvil<\/strong> y generar condiciones de seguridad y bienestar para los culiacanenses.<\/p>\n","protected":false},"excerpt":{"rendered":"<p>Otorga alcalde nombramiento de Director de la SSPyTM Culiac\u00e1n, Sin.- Ante la renuncia del Secretario de Seguridad P\u00fablica y Tr\u00e1nsito Municipal, Mauricio Garc\u00eda Rodr\u00edguez y del Director Edgar Manuel Villanueva Balderas, el alcalde Juan de Dios G\u00e1mez Mend\u00edvil otorg\u00f3 el nombramiento de nuevo Director de la corporaci\u00f3n a Jaime Othoniel Barr\u00f3n Valdez. El reci\u00e9n nombrado, [&hellip;]<\/p>\n","protected":false},"author":11,"featured_media":36011,"comment_status":"open","ping_status":"open","sticky":false,"template":"","format":"standard","meta":{"tdm_status":"","tdm_grid_status":"","footnotes":""},"categories":[1],"tags":[],"class_list":{"0":"post-36009","1":"post","2":"type-post","3":"status-publish","4":"format-standard","5":"has-post-thumbnail","7":"category-sin-categoria"},"yoast_head":"<!-- This site is optimized with the Yoast SEO plugin v27.4 - https:\/\/yoast.com\/product\/yoast-seo-wordpress\/ -->\n<title>Entra Othoniel Barr\u00f3n como director de Seguridad P\u00fablica y Tr\u00e1nsito en Culiac\u00e1n - Fuentes Fidedignas<\/title>\n<meta name=\"robots\" content=\"index, follow, max-snippet:-1, max-image-preview:large, max-video-preview:-1\" \/>\n<link rel=\"canonical\" href=\"https:\/\/fuentesfidedignas.com.mx\/index.php\/2022\/07\/01\/entra-othoniel-barron-como-director-de-seguridad-publica-y-transito-en-culiacan\/\" \/>\n<meta property=\"og:locale\" content=\"es_MX\" \/>\n<meta property=\"og:type\" content=\"article\" \/>\n<meta property=\"og:title\" content=\"Entra Othoniel Barr\u00f3n como director de Seguridad P\u00fablica y Tr\u00e1nsito en Culiac\u00e1n - Fuentes Fidedignas\" \/>\n<meta property=\"og:description\" content=\"Otorga alcalde nombramiento de Director de la SSPyTM Culiac\u00e1n, Sin.- Ante la renuncia del Secretario de Seguridad P\u00fablica y Tr\u00e1nsito Municipal, Mauricio Garc\u00eda Rodr\u00edguez y del Director Edgar Manuel Villanueva Balderas, el alcalde Juan de Dios G\u00e1mez Mend\u00edvil otorg\u00f3 el nombramiento de nuevo Director de la corporaci\u00f3n a Jaime Othoniel Barr\u00f3n Valdez. El reci\u00e9n nombrado, [&hellip;]\" \/>\n<meta property=\"og:url\" content=\"https:\/\/fuentesfidedignas.com.mx\/index.php\/2022\/07\/01\/entra-othoniel-barron-como-director-de-seguridad-publica-y-transito-en-culiacan\/\" \/>\n<meta property=\"og:site_name\" content=\"Fuentes Fidedignas\" \/>\n<meta property=\"article:publisher\" content=\"https:\/\/www.facebook.com\/Fuentes-Fidedignas-368234489921644\" \/>\n<meta property=\"article:published_time\" content=\"2022-07-01T22:32:32+00:00\" \/>\n<meta property=\"article:modified_time\" content=\"2022-07-01T22:33:04+00:00\" \/>\n<meta property=\"og:image\" content=\"https:\/\/fuentesfidedignas.com.mx\/wp-content\/uploads\/2022\/07\/IMG-20220701-WA0048.jpg\" \/>\n\t<meta property=\"og:image:width\" content=\"1024\" \/>\n\t<meta property=\"og:image:height\" content=\"682\" \/>\n\t<meta property=\"og:image:type\" content=\"image\/jpeg\" \/>\n<meta name=\"author\" content=\"Marissa Palafox\" \/>\n<meta name=\"twitter:card\" content=\"summary_large_image\" \/>\n<meta name=\"twitter:creator\" content=\"@fidedignas\" \/>\n<meta name=\"twitter:site\" content=\"@fidedignas\" \/>\n<meta name=\"twitter:label1\" content=\"Escrito por\" \/>\n\t<meta name=\"twitter:data1\" content=\"Marissa Palafox\" \/>\n\t<meta name=\"twitter:label2\" content=\"Tiempo de lectura\" \/>\n\t<meta name=\"twitter:data2\" content=\"1 minuto\" \/>\n<script type=\"application\/ld+json\" class=\"yoast-schema-graph\">{\"@context\":\"https:\\\/\\\/schema.org\",\"@graph\":[{\"@type\":\"Article\",\"@id\":\"https:\\\/\\\/fuentesfidedignas.com.mx\\\/index.php\\\/2022\\\/07\\\/01\\\/entra-othoniel-barron-como-director-de-seguridad-publica-y-transito-en-culiacan\\\/#article\",\"isPartOf\":{\"@id\":\"https:\\\/\\\/fuentesfidedignas.com.mx\\\/index.php\\\/2022\\\/07\\\/01\\\/entra-othoniel-barron-como-director-de-seguridad-publica-y-transito-en-culiacan\\\/\"},\"author\":{\"name\":\"Marissa Palafox\",\"@id\":\"https:\\\/\\\/fuentesfidedignas.com.mx\\\/#\\\/schema\\\/person\\\/2c10028b4a30078c05a056a215342ab9\"},\"headline\":\"Entra Othoniel Barr\u00f3n como director de Seguridad P\u00fablica y Tr\u00e1nsito en Culiac\u00e1n\",\"datePublished\":\"2022-07-01T22:32:32+00:00\",\"dateModified\":\"2022-07-01T22:33:04+00:00\",\"mainEntityOfPage\":{\"@id\":\"https:\\\/\\\/fuentesfidedignas.com.mx\\\/index.php\\\/2022\\\/07\\\/01\\\/entra-othoniel-barron-como-director-de-seguridad-publica-y-transito-en-culiacan\\\/\"},\"wordCount\":285,\"commentCount\":0,\"publisher\":{\"@id\":\"https:\\\/\\\/fuentesfidedignas.com.mx\\\/#organization\"},\"image\":{\"@id\":\"https:\\\/\\\/fuentesfidedignas.com.mx\\\/index.php\\\/2022\\\/07\\\/01\\\/entra-othoniel-barron-como-director-de-seguridad-publica-y-transito-en-culiacan\\\/#primaryimage\"},\"thumbnailUrl\":\"https:\\\/\\\/fuentesfidedignas.com.mx\\\/wp-content\\\/uploads\\\/2022\\\/07\\\/IMG-20220701-WA0048.jpg\",\"inLanguage\":\"es\",\"potentialAction\":[{\"@type\":\"CommentAction\",\"name\":\"Comment\",\"target\":[\"https:\\\/\\\/fuentesfidedignas.com.mx\\\/index.php\\\/2022\\\/07\\\/01\\\/entra-othoniel-barron-como-director-de-seguridad-publica-y-transito-en-culiacan\\\/#respond\"]}]},{\"@type\":\"WebPage\",\"@id\":\"https:\\\/\\\/fuentesfidedignas.com.mx\\\/index.php\\\/2022\\\/07\\\/01\\\/entra-othoniel-barron-como-director-de-seguridad-publica-y-transito-en-culiacan\\\/\",\"url\":\"https:\\\/\\\/fuentesfidedignas.com.mx\\\/index.php\\\/2022\\\/07\\\/01\\\/entra-othoniel-barron-como-director-de-seguridad-publica-y-transito-en-culiacan\\\/\",\"name\":\"Entra Othoniel Barr\u00f3n como director de Seguridad P\u00fablica y Tr\u00e1nsito en Culiac\u00e1n - Fuentes Fidedignas\",\"isPartOf\":{\"@id\":\"https:\\\/\\\/fuentesfidedignas.com.mx\\\/#website\"},\"primaryImageOfPage\":{\"@id\":\"https:\\\/\\\/fuentesfidedignas.com.mx\\\/index.php\\\/2022\\\/07\\\/01\\\/entra-othoniel-barron-como-director-de-seguridad-publica-y-transito-en-culiacan\\\/#primaryimage\"},\"image\":{\"@id\":\"https:\\\/\\\/fuentesfidedignas.com.mx\\\/index.php\\\/2022\\\/07\\\/01\\\/entra-othoniel-barron-como-director-de-seguridad-publica-y-transito-en-culiacan\\\/#primaryimage\"},\"thumbnailUrl\":\"https:\\\/\\\/fuentesfidedignas.com.mx\\\/wp-content\\\/uploads\\\/2022\\\/07\\\/IMG-20220701-WA0048.jpg\",\"datePublished\":\"2022-07-01T22:32:32+00:00\",\"dateModified\":\"2022-07-01T22:33:04+00:00\",\"breadcrumb\":{\"@id\":\"https:\\\/\\\/fuentesfidedignas.com.mx\\\/index.php\\\/2022\\\/07\\\/01\\\/entra-othoniel-barron-como-director-de-seguridad-publica-y-transito-en-culiacan\\\/#breadcrumb\"},\"inLanguage\":\"es\",\"potentialAction\":[{\"@type\":\"ReadAction\",\"target\":[\"https:\\\/\\\/fuentesfidedignas.com.mx\\\/index.php\\\/2022\\\/07\\\/01\\\/entra-othoniel-barron-como-director-de-seguridad-publica-y-transito-en-culiacan\\\/\"]}]},{\"@type\":\"ImageObject\",\"inLanguage\":\"es\",\"@id\":\"https:\\\/\\\/fuentesfidedignas.com.mx\\\/index.php\\\/2022\\\/07\\\/01\\\/entra-othoniel-barron-como-director-de-seguridad-publica-y-transito-en-culiacan\\\/#primaryimage\",\"url\":\"https:\\\/\\\/fuentesfidedignas.com.mx\\\/wp-content\\\/uploads\\\/2022\\\/07\\\/IMG-20220701-WA0048.jpg\",\"contentUrl\":\"https:\\\/\\\/fuentesfidedignas.com.mx\\\/wp-content\\\/uploads\\\/2022\\\/07\\\/IMG-20220701-WA0048.jpg\",\"width\":1024,\"height\":682},{\"@type\":\"BreadcrumbList\",\"@id\":\"https:\\\/\\\/fuentesfidedignas.com.mx\\\/index.php\\\/2022\\\/07\\\/01\\\/entra-othoniel-barron-como-director-de-seguridad-publica-y-transito-en-culiacan\\\/#breadcrumb\",\"itemListElement\":[{\"@type\":\"ListItem\",\"position\":1,\"name\":\"Inicio\",\"item\":\"https:\\\/\\\/fuentesfidedignas.com.mx\\\/\"},{\"@type\":\"ListItem\",\"position\":2,\"name\":\"Entra Othoniel Barr\u00f3n como director de Seguridad P\u00fablica y Tr\u00e1nsito en Culiac\u00e1n\"}]},{\"@type\":\"WebSite\",\"@id\":\"https:\\\/\\\/fuentesfidedignas.com.mx\\\/#website\",\"url\":\"https:\\\/\\\/fuentesfidedignas.com.mx\\\/\",\"name\":\"Fuentes Fidedignas\",\"description\":\"Otro sitio realizado con WordPress\",\"publisher\":{\"@id\":\"https:\\\/\\\/fuentesfidedignas.com.mx\\\/#organization\"},\"potentialAction\":[{\"@type\":\"SearchAction\",\"target\":{\"@type\":\"EntryPoint\",\"urlTemplate\":\"https:\\\/\\\/fuentesfidedignas.com.mx\\\/?s={search_term_string}\"},\"query-input\":{\"@type\":\"PropertyValueSpecification\",\"valueRequired\":true,\"valueName\":\"search_term_string\"}}],\"inLanguage\":\"es\"},{\"@type\":\"Organization\",\"@id\":\"https:\\\/\\\/fuentesfidedignas.com.mx\\\/#organization\",\"name\":\"Fuentes Fidedignas\",\"url\":\"https:\\\/\\\/fuentesfidedignas.com.mx\\\/\",\"logo\":{\"@type\":\"ImageObject\",\"inLanguage\":\"es\",\"@id\":\"https:\\\/\\\/fuentesfidedignas.com.mx\\\/#\\\/schema\\\/logo\\\/image\\\/\",\"url\":\"https:\\\/\\\/fuentesfidedignas.com.mx\\\/wp-content\\\/uploads\\\/2021\\\/04\\\/logo-retina.png\",\"contentUrl\":\"https:\\\/\\\/fuentesfidedignas.com.mx\\\/wp-content\\\/uploads\\\/2021\\\/04\\\/logo-retina.png\",\"width\":280,\"height\":51,\"caption\":\"Fuentes Fidedignas\"},\"image\":{\"@id\":\"https:\\\/\\\/fuentesfidedignas.com.mx\\\/#\\\/schema\\\/logo\\\/image\\\/\"},\"sameAs\":[\"https:\\\/\\\/www.facebook.com\\\/Fuentes-Fidedignas-368234489921644\",\"https:\\\/\\\/x.com\\\/fidedignas\"]},{\"@type\":\"Person\",\"@id\":\"https:\\\/\\\/fuentesfidedignas.com.mx\\\/#\\\/schema\\\/person\\\/2c10028b4a30078c05a056a215342ab9\",\"name\":\"Marissa Palafox\",\"image\":{\"@type\":\"ImageObject\",\"inLanguage\":\"es\",\"@id\":\"https:\\\/\\\/secure.gravatar.com\\\/avatar\\\/20a43bdb2f2db10f20b22d4e98b96eb027faf98f7f76d29854dc5fab46d1cf71?s=96&d=mm&r=g\",\"url\":\"https:\\\/\\\/secure.gravatar.com\\\/avatar\\\/20a43bdb2f2db10f20b22d4e98b96eb027faf98f7f76d29854dc5fab46d1cf71?s=96&d=mm&r=g\",\"contentUrl\":\"https:\\\/\\\/secure.gravatar.com\\\/avatar\\\/20a43bdb2f2db10f20b22d4e98b96eb027faf98f7f76d29854dc5fab46d1cf71?s=96&d=mm&r=g\",\"caption\":\"Marissa Palafox\"},\"url\":\"https:\\\/\\\/fuentesfidedignas.com.mx\\\/index.php\\\/author\\\/marissa\\\/\"}]}<\/script>\n<!-- \/ Yoast SEO plugin. -->","yoast_head_json":{"title":"Entra Othoniel Barr\u00f3n como director de Seguridad P\u00fablica y Tr\u00e1nsito en Culiac\u00e1n - Fuentes Fidedignas","robots":{"index":"index","follow":"follow","max-snippet":"max-snippet:-1","max-image-preview":"max-image-preview:large","max-video-preview":"max-video-preview:-1"},"canonical":"https:\/\/fuentesfidedignas.com.mx\/index.php\/2022\/07\/01\/entra-othoniel-barron-como-director-de-seguridad-publica-y-transito-en-culiacan\/","og_locale":"es_MX","og_type":"article","og_title":"Entra Othoniel Barr\u00f3n como director de Seguridad P\u00fablica y Tr\u00e1nsito en Culiac\u00e1n - Fuentes Fidedignas","og_description":"Otorga alcalde nombramiento de Director de la SSPyTM Culiac\u00e1n, Sin.- Ante la renuncia del Secretario de Seguridad P\u00fablica y Tr\u00e1nsito Municipal, Mauricio Garc\u00eda Rodr\u00edguez y del Director Edgar Manuel Villanueva Balderas, el alcalde Juan de Dios G\u00e1mez Mend\u00edvil otorg\u00f3 el nombramiento de nuevo Director de la corporaci\u00f3n a Jaime Othoniel Barr\u00f3n Valdez. El reci\u00e9n nombrado, [&hellip;]","og_url":"https:\/\/fuentesfidedignas.com.mx\/index.php\/2022\/07\/01\/entra-othoniel-barron-como-director-de-seguridad-publica-y-transito-en-culiacan\/","og_site_name":"Fuentes Fidedignas","article_publisher":"https:\/\/www.facebook.com\/Fuentes-Fidedignas-368234489921644","article_published_time":"2022-07-01T22:32:32+00:00","article_modified_time":"2022-07-01T22:33:04+00:00","og_image":[{"width":1024,"height":682,"url":"https:\/\/fuentesfidedignas.com.mx\/wp-content\/uploads\/2022\/07\/IMG-20220701-WA0048.jpg","type":"image\/jpeg"}],"author":"Marissa Palafox","twitter_card":"summary_large_image","twitter_creator":"@fidedignas","twitter_site":"@fidedignas","twitter_misc":{"Escrito por":"Marissa Palafox","Tiempo de lectura":"1 minuto"},"schema":{"@context":"https:\/\/schema.org","@graph":[{"@type":"Article","@id":"https:\/\/fuentesfidedignas.com.mx\/index.php\/2022\/07\/01\/entra-othoniel-barron-como-director-de-seguridad-publica-y-transito-en-culiacan\/#article","isPartOf":{"@id":"https:\/\/fuentesfidedignas.com.mx\/index.php\/2022\/07\/01\/entra-othoniel-barron-como-director-de-seguridad-publica-y-transito-en-culiacan\/"},"author":{"name":"Marissa Palafox","@id":"https:\/\/fuentesfidedignas.com.mx\/#\/schema\/person\/2c10028b4a30078c05a056a215342ab9"},"headline":"Entra Othoniel Barr\u00f3n como director de Seguridad P\u00fablica y Tr\u00e1nsito en Culiac\u00e1n","datePublished":"2022-07-01T22:32:32+00:00","dateModified":"2022-07-01T22:33:04+00:00","mainEntityOfPage":{"@id":"https:\/\/fuentesfidedignas.com.mx\/index.php\/2022\/07\/01\/entra-othoniel-barron-como-director-de-seguridad-publica-y-transito-en-culiacan\/"},"wordCount":285,"commentCount":0,"publisher":{"@id":"https:\/\/fuentesfidedignas.com.mx\/#organization"},"image":{"@id":"https:\/\/fuentesfidedignas.com.mx\/index.php\/2022\/07\/01\/entra-othoniel-barron-como-director-de-seguridad-publica-y-transito-en-culiacan\/#primaryimage"},"thumbnailUrl":"https:\/\/fuentesfidedignas.com.mx\/wp-content\/uploads\/2022\/07\/IMG-20220701-WA0048.jpg","inLanguage":"es","potentialAction":[{"@type":"CommentAction","name":"Comment","target":["https:\/\/fuentesfidedignas.com.mx\/index.php\/2022\/07\/01\/entra-othoniel-barron-como-director-de-seguridad-publica-y-transito-en-culiacan\/#respond"]}]},{"@type":"WebPage","@id":"https:\/\/fuentesfidedignas.com.mx\/index.php\/2022\/07\/01\/entra-othoniel-barron-como-director-de-seguridad-publica-y-transito-en-culiacan\/","url":"https:\/\/fuentesfidedignas.com.mx\/index.php\/2022\/07\/01\/entra-othoniel-barron-como-director-de-seguridad-publica-y-transito-en-culiacan\/","name":"Entra Othoniel Barr\u00f3n como director de Seguridad P\u00fablica y Tr\u00e1nsito en Culiac\u00e1n - Fuentes Fidedignas","isPartOf":{"@id":"https:\/\/fuentesfidedignas.com.mx\/#website"},"primaryImageOfPage":{"@id":"https:\/\/fuentesfidedignas.com.mx\/index.php\/2022\/07\/01\/entra-othoniel-barron-como-director-de-seguridad-publica-y-transito-en-culiacan\/#primaryimage"},"image":{"@id":"https:\/\/fuentesfidedignas.com.mx\/index.php\/2022\/07\/01\/entra-othoniel-barron-como-director-de-seguridad-publica-y-transito-en-culiacan\/#primaryimage"},"thumbnailUrl":"https:\/\/fuentesfidedignas.com.mx\/wp-content\/uploads\/2022\/07\/IMG-20220701-WA0048.jpg","datePublished":"2022-07-01T22:32:32+00:00","dateModified":"2022-07-01T22:33:04+00:00","breadcrumb":{"@id":"https:\/\/fuentesfidedignas.com.mx\/index.php\/2022\/07\/01\/entra-othoniel-barron-como-director-de-seguridad-publica-y-transito-en-culiacan\/#breadcrumb"},"inLanguage":"es","potentialAction":[{"@type":"ReadAction","target":["https:\/\/fuentesfidedignas.com.mx\/index.php\/2022\/07\/01\/entra-othoniel-barron-como-director-de-seguridad-publica-y-transito-en-culiacan\/"]}]},{"@type":"ImageObject","inLanguage":"es","@id":"https:\/\/fuentesfidedignas.com.mx\/index.php\/2022\/07\/01\/entra-othoniel-barron-como-director-de-seguridad-publica-y-transito-en-culiacan\/#primaryimage","url":"https:\/\/fuentesfidedignas.com.mx\/wp-content\/uploads\/2022\/07\/IMG-20220701-WA0048.jpg","contentUrl":"https:\/\/fuentesfidedignas.com.mx\/wp-content\/uploads\/2022\/07\/IMG-20220701-WA0048.jpg","width":1024,"height":682},{"@type":"BreadcrumbList","@id":"https:\/\/fuentesfidedignas.com.mx\/index.php\/2022\/07\/01\/entra-othoniel-barron-como-director-de-seguridad-publica-y-transito-en-culiacan\/#breadcrumb","itemListElement":[{"@type":"ListItem","position":1,"name":"Inicio","item":"https:\/\/fuentesfidedignas.com.mx\/"},{"@type":"ListItem","position":2,"name":"Entra Othoniel Barr\u00f3n como director de Seguridad P\u00fablica y Tr\u00e1nsito en Culiac\u00e1n"}]},{"@type":"WebSite","@id":"https:\/\/fuentesfidedignas.com.mx\/#website","url":"https:\/\/fuentesfidedignas.com.mx\/","name":"Fuentes Fidedignas","description":"Otro sitio realizado con WordPress","publisher":{"@id":"https:\/\/fuentesfidedignas.com.mx\/#organization"},"potentialAction":[{"@type":"SearchAction","target":{"@type":"EntryPoint","urlTemplate":"https:\/\/fuentesfidedignas.com.mx\/?s={search_term_string}"},"query-input":{"@type":"PropertyValueSpecification","valueRequired":true,"valueName":"search_term_string"}}],"inLanguage":"es"},{"@type":"Organization","@id":"https:\/\/fuentesfidedignas.com.mx\/#organization","name":"Fuentes Fidedignas","url":"https:\/\/fuentesfidedignas.com.mx\/","logo":{"@type":"ImageObject","inLanguage":"es","@id":"https:\/\/fuentesfidedignas.com.mx\/#\/schema\/logo\/image\/","url":"https:\/\/fuentesfidedignas.com.mx\/wp-content\/uploads\/2021\/04\/logo-retina.png","contentUrl":"https:\/\/fuentesfidedignas.com.mx\/wp-content\/uploads\/2021\/04\/logo-retina.png","width":280,"height":51,"caption":"Fuentes Fidedignas"},"image":{"@id":"https:\/\/fuentesfidedignas.com.mx\/#\/schema\/logo\/image\/"},"sameAs":["https:\/\/www.facebook.com\/Fuentes-Fidedignas-368234489921644","https:\/\/x.com\/fidedignas"]},{"@type":"Person","@id":"https:\/\/fuentesfidedignas.com.mx\/#\/schema\/person\/2c10028b4a30078c05a056a215342ab9","name":"Marissa Palafox","image":{"@type":"ImageObject","inLanguage":"es","@id":"https:\/\/secure.gravatar.com\/avatar\/20a43bdb2f2db10f20b22d4e98b96eb027faf98f7f76d29854dc5fab46d1cf71?s=96&d=mm&r=g","url":"https:\/\/secure.gravatar.com\/avatar\/20a43bdb2f2db10f20b22d4e98b96eb027faf98f7f76d29854dc5fab46d1cf71?s=96&d=mm&r=g","contentUrl":"https:\/\/secure.gravatar.com\/avatar\/20a43bdb2f2db10f20b22d4e98b96eb027faf98f7f76d29854dc5fab46d1cf71?s=96&d=mm&r=g","caption":"Marissa Palafox"},"url":"https:\/\/fuentesfidedignas.com.mx\/index.php\/author\/marissa\/"}]}},"_links":{"self":[{"href":"https:\/\/fuentesfidedignas.com.mx\/index.php\/wp-json\/wp\/v2\/posts\/36009","targetHints":{"allow":["GET"]}}],"collection":[{"href":"https:\/\/fuentesfidedignas.com.mx\/index.php\/wp-json\/wp\/v2\/posts"}],"about":[{"href":"https:\/\/fuentesfidedignas.com.mx\/index.php\/wp-json\/wp\/v2\/types\/post"}],"author":[{"embeddable":true,"href":"https:\/\/fuentesfidedignas.com.mx\/index.php\/wp-json\/wp\/v2\/users\/11"}],"replies":[{"embeddable":true,"href":"https:\/\/fuentesfidedignas.com.mx\/index.php\/wp-json\/wp\/v2\/comments?post=36009"}],"version-history":[{"count":1,"href":"https:\/\/fuentesfidedignas.com.mx\/index.php\/wp-json\/wp\/v2\/posts\/36009\/revisions"}],"predecessor-version":[{"id":36010,"href":"https:\/\/fuentesfidedignas.com.mx\/index.php\/wp-json\/wp\/v2\/posts\/36009\/revisions\/36010"}],"wp:featuredmedia":[{"embeddable":true,"href":"https:\/\/fuentesfidedignas.com.mx\/index.php\/wp-json\/wp\/v2\/media\/36011"}],"wp:attachment":[{"href":"https:\/\/fuentesfidedignas.com.mx\/index.php\/wp-json\/wp\/v2\/media?parent=36009"}],"wp:term":[{"taxonomy":"category","embeddable":true,"href":"https:\/\/fuentesfidedignas.com.mx\/index.php\/wp-json\/wp\/v2\/categories?post=36009"},{"taxonomy":"post_tag","embeddable":true,"href":"https:\/\/fuentesfidedignas.com.mx\/index.php\/wp-json\/wp\/v2\/tags?post=36009"}],"curies":[{"name":"wp","href":"https:\/\/api.w.org\/{rel}","templated":true}]}}