{"id":3586,"date":"2021-05-30T18:52:04","date_gmt":"2021-05-31T01:52:04","guid":{"rendered":"https:\/\/fuentesfidedignas.com.mx\/?p=3586"},"modified":"2021-05-30T18:52:06","modified_gmt":"2021-05-31T01:52:06","slug":"quien-no-acuda-a-urnas-no-tiene-derecho-a-exigir-iglesia","status":"publish","type":"post","link":"https:\/\/fuentesfidedignas.com.mx\/index.php\/2021\/05\/30\/quien-no-acuda-a-urnas-no-tiene-derecho-a-exigir-iglesia\/","title":{"rendered":"Quien no acuda a urnas \u2018no tiene derecho a exigir\u2019: Iglesia"},"content":{"rendered":"\n<p><strong><em>La Iglesia cat\u00f3lica en M\u00e9xico llam\u00f3 a votar responsable y pac\u00edficamente el pr\u00f3ximo domingo 6 de junio<\/em><\/strong><\/p>\n\n\n\n<p>Ciudad de M\u00e9xico.- A una semana de las elecciones federales intermedias, la Iglesia cat\u00f3lica en M\u00e9xico llam\u00f3 a votar responsable y pac\u00edficamente, adem\u00e1s de recordar que quien no acuda a las urnas &#8220;no tiene derecho a exigir&#8221;.<\/p>\n\n\n\n<p>A trav\u00e9s de semanario cat\u00f3lico Desde la Fe, tanto la arquidi\u00f3cesis primada de M\u00e9xico como todos los obispos del pa\u00eds puntualizaron que cada elecci\u00f3n es el momento para ejercer el juicio ciudadano entorno del desempe\u00f1o de los distintos gobernantes y pol\u00edticos, por lo que el pueblo debe realizar por parte &#8220;un esfuerzo de discernimiento con el objetivo de optar por quienes puedan realizar el aut\u00e9ntico bien com\u00fan\u201d.<\/p>\n\n\n\n<p>&#8220;M\u00e1s all\u00e1 de la propaganda pol\u00edtica, m\u00e1s all\u00e1 de la manipulaci\u00f3n que muchos intentan, m\u00e1s all\u00e1 de personajes \u201ciluminados\u201d o tramposos, debe estar la inteligencia del ciudadano responsable y libre que sepa hacer a un lado con su voto a quienes no han cumplido con su compromiso de servir a todos los mexicanos en los momentos de mayor necesidad y no han hecho nada para solucionar los problemas de siempre&#8221;, se expres\u00f3 este domingo en la publicaci\u00f3n.<\/p>\n\n\n\n<p>El llamado a votar por M\u00e9xico subray\u00f3 que este proceso electoral es uno de los m\u00e1s violentos registrados en el pa\u00eds pues al corte del s\u00e1bado 29 de mayo se contabilizaron 89 pol\u00edticos asesinados, desde septiembre de 2020 a la fecha, seg\u00fan han difundido los medios de comunicaci\u00f3n.<\/p>\n\n\n\n<p>Los obispos del pa\u00eds expresaron que frente a la indiferencia de las autoridades, se necesita una ciudadan\u00eda responsable, pac\u00edfica, participativa, llena de convicciones para construir una mejor sociedad, &#8220;una ciudadan\u00eda dispuesta a dejar de lado las ideolog\u00edas est\u00e9riles, para buscar con realismo mejores caminos para todos. Es tiempo de votar por M\u00e9xico&#8221;, exhortaron.<\/p>\n\n\n\n<p>El mensaje a la ciudadan\u00eda enfatiz\u00f3 que el voto de cada uno cuenta y suma para definir el rumbo y las exigencias del pa\u00eds.<\/p>\n","protected":false},"excerpt":{"rendered":"<p>La Iglesia cat\u00f3lica en M\u00e9xico llam\u00f3 a votar responsable y pac\u00edficamente el pr\u00f3ximo domingo 6 de junio Ciudad de M\u00e9xico.- A una semana de las elecciones federales intermedias, la Iglesia cat\u00f3lica en M\u00e9xico llam\u00f3 a votar responsable y pac\u00edficamente, adem\u00e1s de recordar que quien no acuda a las urnas &#8220;no tiene derecho a exigir&#8221;. A [&hellip;]<\/p>\n","protected":false},"author":7,"featured_media":3587,"comment_status":"open","ping_status":"open","sticky":false,"template":"","format":"standard","meta":{"tdm_status":"","tdm_grid_status":"","footnotes":""},"categories":[39],"tags":[276,602],"class_list":{"0":"post-3586","1":"post","2":"type-post","3":"status-publish","4":"format-standard","5":"has-post-thumbnail","7":"category-noticias-nacionales","8":"tag-elecciones-2021","9":"tag-iglesia-catolica"},"yoast_head":"<!-- This site is optimized with the Yoast SEO plugin v27.5 - https:\/\/yoast.com\/product\/yoast-seo-wordpress\/ -->\n<title>Quien no acuda a urnas \u2018no tiene derecho a exigir\u2019: Iglesia - Fuentes Fidedignas<\/title>\n<meta name=\"robots\" content=\"index, follow, max-snippet:-1, max-image-preview:large, max-video-preview:-1\" \/>\n<link rel=\"canonical\" href=\"https:\/\/fuentesfidedignas.com.mx\/index.php\/2021\/05\/30\/quien-no-acuda-a-urnas-no-tiene-derecho-a-exigir-iglesia\/\" \/>\n<meta property=\"og:locale\" content=\"es_MX\" \/>\n<meta property=\"og:type\" content=\"article\" \/>\n<meta property=\"og:title\" content=\"Quien no acuda a urnas \u2018no tiene derecho a exigir\u2019: Iglesia - Fuentes Fidedignas\" \/>\n<meta property=\"og:description\" content=\"La Iglesia cat\u00f3lica en M\u00e9xico llam\u00f3 a votar responsable y pac\u00edficamente el pr\u00f3ximo domingo 6 de junio Ciudad de M\u00e9xico.- A una semana de las elecciones federales intermedias, la Iglesia cat\u00f3lica en M\u00e9xico llam\u00f3 a votar responsable y pac\u00edficamente, adem\u00e1s de recordar que quien no acuda a las urnas &#8220;no tiene derecho a exigir&#8221;. A [&hellip;]\" \/>\n<meta property=\"og:url\" content=\"https:\/\/fuentesfidedignas.com.mx\/index.php\/2021\/05\/30\/quien-no-acuda-a-urnas-no-tiene-derecho-a-exigir-iglesia\/\" \/>\n<meta property=\"og:site_name\" content=\"Fuentes Fidedignas\" \/>\n<meta property=\"article:publisher\" content=\"https:\/\/www.facebook.com\/Fuentes-Fidedignas-368234489921644\" \/>\n<meta property=\"article:published_time\" content=\"2021-05-31T01:52:04+00:00\" \/>\n<meta property=\"article:modified_time\" content=\"2021-05-31T01:52:06+00:00\" \/>\n<meta property=\"og:image\" content=\"https:\/\/fuentesfidedignas.com.mx\/wp-content\/uploads\/2021\/05\/VOTACIONES.jpg\" \/>\n\t<meta property=\"og:image:width\" content=\"800\" \/>\n\t<meta property=\"og:image:height\" content=\"600\" \/>\n\t<meta property=\"og:image:type\" content=\"image\/jpeg\" \/>\n<meta name=\"author\" content=\"Exc\u00e9lsior\" \/>\n<meta name=\"twitter:card\" content=\"summary_large_image\" \/>\n<meta name=\"twitter:creator\" content=\"@fidedignas\" \/>\n<meta name=\"twitter:site\" content=\"@fidedignas\" \/>\n<meta name=\"twitter:label1\" content=\"Escrito por\" \/>\n\t<meta name=\"twitter:data1\" content=\"Exc\u00e9lsior\" \/>\n\t<meta name=\"twitter:label2\" content=\"Tiempo de lectura\" \/>\n\t<meta name=\"twitter:data2\" content=\"2 minutos\" \/>\n<script type=\"application\/ld+json\" class=\"yoast-schema-graph\">{\"@context\":\"https:\\\/\\\/schema.org\",\"@graph\":[{\"@type\":\"Article\",\"@id\":\"https:\\\/\\\/fuentesfidedignas.com.mx\\\/index.php\\\/2021\\\/05\\\/30\\\/quien-no-acuda-a-urnas-no-tiene-derecho-a-exigir-iglesia\\\/#article\",\"isPartOf\":{\"@id\":\"https:\\\/\\\/fuentesfidedignas.com.mx\\\/index.php\\\/2021\\\/05\\\/30\\\/quien-no-acuda-a-urnas-no-tiene-derecho-a-exigir-iglesia\\\/\"},\"author\":{\"name\":\"Exc\u00e9lsior\",\"@id\":\"https:\\\/\\\/fuentesfidedignas.com.mx\\\/#\\\/schema\\\/person\\\/ec4edd1fbf5efa3e44fce34fe2787780\"},\"headline\":\"Quien no acuda a urnas \u2018no tiene derecho a exigir\u2019: Iglesia\",\"datePublished\":\"2021-05-31T01:52:04+00:00\",\"dateModified\":\"2021-05-31T01:52:06+00:00\",\"mainEntityOfPage\":{\"@id\":\"https:\\\/\\\/fuentesfidedignas.com.mx\\\/index.php\\\/2021\\\/05\\\/30\\\/quien-no-acuda-a-urnas-no-tiene-derecho-a-exigir-iglesia\\\/\"},\"wordCount\":372,\"commentCount\":0,\"publisher\":{\"@id\":\"https:\\\/\\\/fuentesfidedignas.com.mx\\\/#organization\"},\"image\":{\"@id\":\"https:\\\/\\\/fuentesfidedignas.com.mx\\\/index.php\\\/2021\\\/05\\\/30\\\/quien-no-acuda-a-urnas-no-tiene-derecho-a-exigir-iglesia\\\/#primaryimage\"},\"thumbnailUrl\":\"https:\\\/\\\/fuentesfidedignas.com.mx\\\/wp-content\\\/uploads\\\/2021\\\/05\\\/VOTACIONES.jpg\",\"keywords\":[\"Elecciones 2021\",\"Iglesia cat\u00f3lica\"],\"articleSection\":[\"NOTICIAS NACIONALES\"],\"inLanguage\":\"es\",\"potentialAction\":[{\"@type\":\"CommentAction\",\"name\":\"Comment\",\"target\":[\"https:\\\/\\\/fuentesfidedignas.com.mx\\\/index.php\\\/2021\\\/05\\\/30\\\/quien-no-acuda-a-urnas-no-tiene-derecho-a-exigir-iglesia\\\/#respond\"]}]},{\"@type\":\"WebPage\",\"@id\":\"https:\\\/\\\/fuentesfidedignas.com.mx\\\/index.php\\\/2021\\\/05\\\/30\\\/quien-no-acuda-a-urnas-no-tiene-derecho-a-exigir-iglesia\\\/\",\"url\":\"https:\\\/\\\/fuentesfidedignas.com.mx\\\/index.php\\\/2021\\\/05\\\/30\\\/quien-no-acuda-a-urnas-no-tiene-derecho-a-exigir-iglesia\\\/\",\"name\":\"Quien no acuda a urnas \u2018no tiene derecho a exigir\u2019: Iglesia - Fuentes Fidedignas\",\"isPartOf\":{\"@id\":\"https:\\\/\\\/fuentesfidedignas.com.mx\\\/#website\"},\"primaryImageOfPage\":{\"@id\":\"https:\\\/\\\/fuentesfidedignas.com.mx\\\/index.php\\\/2021\\\/05\\\/30\\\/quien-no-acuda-a-urnas-no-tiene-derecho-a-exigir-iglesia\\\/#primaryimage\"},\"image\":{\"@id\":\"https:\\\/\\\/fuentesfidedignas.com.mx\\\/index.php\\\/2021\\\/05\\\/30\\\/quien-no-acuda-a-urnas-no-tiene-derecho-a-exigir-iglesia\\\/#primaryimage\"},\"thumbnailUrl\":\"https:\\\/\\\/fuentesfidedignas.com.mx\\\/wp-content\\\/uploads\\\/2021\\\/05\\\/VOTACIONES.jpg\",\"datePublished\":\"2021-05-31T01:52:04+00:00\",\"dateModified\":\"2021-05-31T01:52:06+00:00\",\"breadcrumb\":{\"@id\":\"https:\\\/\\\/fuentesfidedignas.com.mx\\\/index.php\\\/2021\\\/05\\\/30\\\/quien-no-acuda-a-urnas-no-tiene-derecho-a-exigir-iglesia\\\/#breadcrumb\"},\"inLanguage\":\"es\",\"potentialAction\":[{\"@type\":\"ReadAction\",\"target\":[\"https:\\\/\\\/fuentesfidedignas.com.mx\\\/index.php\\\/2021\\\/05\\\/30\\\/quien-no-acuda-a-urnas-no-tiene-derecho-a-exigir-iglesia\\\/\"]}]},{\"@type\":\"ImageObject\",\"inLanguage\":\"es\",\"@id\":\"https:\\\/\\\/fuentesfidedignas.com.mx\\\/index.php\\\/2021\\\/05\\\/30\\\/quien-no-acuda-a-urnas-no-tiene-derecho-a-exigir-iglesia\\\/#primaryimage\",\"url\":\"https:\\\/\\\/fuentesfidedignas.com.mx\\\/wp-content\\\/uploads\\\/2021\\\/05\\\/VOTACIONES.jpg\",\"contentUrl\":\"https:\\\/\\\/fuentesfidedignas.com.mx\\\/wp-content\\\/uploads\\\/2021\\\/05\\\/VOTACIONES.jpg\",\"width\":800,\"height\":600},{\"@type\":\"BreadcrumbList\",\"@id\":\"https:\\\/\\\/fuentesfidedignas.com.mx\\\/index.php\\\/2021\\\/05\\\/30\\\/quien-no-acuda-a-urnas-no-tiene-derecho-a-exigir-iglesia\\\/#breadcrumb\",\"itemListElement\":[{\"@type\":\"ListItem\",\"position\":1,\"name\":\"Inicio\",\"item\":\"https:\\\/\\\/fuentesfidedignas.com.mx\\\/\"},{\"@type\":\"ListItem\",\"position\":2,\"name\":\"Quien no acuda a urnas \u2018no tiene derecho a exigir\u2019: Iglesia\"}]},{\"@type\":\"WebSite\",\"@id\":\"https:\\\/\\\/fuentesfidedignas.com.mx\\\/#website\",\"url\":\"https:\\\/\\\/fuentesfidedignas.com.mx\\\/\",\"name\":\"Fuentes Fidedignas\",\"description\":\"Otro sitio realizado con WordPress\",\"publisher\":{\"@id\":\"https:\\\/\\\/fuentesfidedignas.com.mx\\\/#organization\"},\"potentialAction\":[{\"@type\":\"SearchAction\",\"target\":{\"@type\":\"EntryPoint\",\"urlTemplate\":\"https:\\\/\\\/fuentesfidedignas.com.mx\\\/?s={search_term_string}\"},\"query-input\":{\"@type\":\"PropertyValueSpecification\",\"valueRequired\":true,\"valueName\":\"search_term_string\"}}],\"inLanguage\":\"es\"},{\"@type\":\"Organization\",\"@id\":\"https:\\\/\\\/fuentesfidedignas.com.mx\\\/#organization\",\"name\":\"Fuentes Fidedignas\",\"url\":\"https:\\\/\\\/fuentesfidedignas.com.mx\\\/\",\"logo\":{\"@type\":\"ImageObject\",\"inLanguage\":\"es\",\"@id\":\"https:\\\/\\\/fuentesfidedignas.com.mx\\\/#\\\/schema\\\/logo\\\/image\\\/\",\"url\":\"https:\\\/\\\/fuentesfidedignas.com.mx\\\/wp-content\\\/uploads\\\/2021\\\/04\\\/logo-retina.png\",\"contentUrl\":\"https:\\\/\\\/fuentesfidedignas.com.mx\\\/wp-content\\\/uploads\\\/2021\\\/04\\\/logo-retina.png\",\"width\":280,\"height\":51,\"caption\":\"Fuentes Fidedignas\"},\"image\":{\"@id\":\"https:\\\/\\\/fuentesfidedignas.com.mx\\\/#\\\/schema\\\/logo\\\/image\\\/\"},\"sameAs\":[\"https:\\\/\\\/www.facebook.com\\\/Fuentes-Fidedignas-368234489921644\",\"https:\\\/\\\/x.com\\\/fidedignas\"]},{\"@type\":\"Person\",\"@id\":\"https:\\\/\\\/fuentesfidedignas.com.mx\\\/#\\\/schema\\\/person\\\/ec4edd1fbf5efa3e44fce34fe2787780\",\"name\":\"Exc\u00e9lsior\",\"image\":{\"@type\":\"ImageObject\",\"inLanguage\":\"es\",\"@id\":\"https:\\\/\\\/secure.gravatar.com\\\/avatar\\\/4b7ee9206b48be08447852b3f0814dbc7c0f3b51541b164f1464a2725614020b?s=96&d=mm&r=g\",\"url\":\"https:\\\/\\\/secure.gravatar.com\\\/avatar\\\/4b7ee9206b48be08447852b3f0814dbc7c0f3b51541b164f1464a2725614020b?s=96&d=mm&r=g\",\"contentUrl\":\"https:\\\/\\\/secure.gravatar.com\\\/avatar\\\/4b7ee9206b48be08447852b3f0814dbc7c0f3b51541b164f1464a2725614020b?s=96&d=mm&r=g\",\"caption\":\"Exc\u00e9lsior\"},\"url\":\"https:\\\/\\\/fuentesfidedignas.com.mx\\\/index.php\\\/author\\\/excelsior\\\/\"}]}<\/script>\n<!-- \/ Yoast SEO plugin. -->","yoast_head_json":{"title":"Quien no acuda a urnas \u2018no tiene derecho a exigir\u2019: Iglesia - Fuentes Fidedignas","robots":{"index":"index","follow":"follow","max-snippet":"max-snippet:-1","max-image-preview":"max-image-preview:large","max-video-preview":"max-video-preview:-1"},"canonical":"https:\/\/fuentesfidedignas.com.mx\/index.php\/2021\/05\/30\/quien-no-acuda-a-urnas-no-tiene-derecho-a-exigir-iglesia\/","og_locale":"es_MX","og_type":"article","og_title":"Quien no acuda a urnas \u2018no tiene derecho a exigir\u2019: Iglesia - Fuentes Fidedignas","og_description":"La Iglesia cat\u00f3lica en M\u00e9xico llam\u00f3 a votar responsable y pac\u00edficamente el pr\u00f3ximo domingo 6 de junio Ciudad de M\u00e9xico.- A una semana de las elecciones federales intermedias, la Iglesia cat\u00f3lica en M\u00e9xico llam\u00f3 a votar responsable y pac\u00edficamente, adem\u00e1s de recordar que quien no acuda a las urnas &#8220;no tiene derecho a exigir&#8221;. A [&hellip;]","og_url":"https:\/\/fuentesfidedignas.com.mx\/index.php\/2021\/05\/30\/quien-no-acuda-a-urnas-no-tiene-derecho-a-exigir-iglesia\/","og_site_name":"Fuentes Fidedignas","article_publisher":"https:\/\/www.facebook.com\/Fuentes-Fidedignas-368234489921644","article_published_time":"2021-05-31T01:52:04+00:00","article_modified_time":"2021-05-31T01:52:06+00:00","og_image":[{"width":800,"height":600,"url":"https:\/\/fuentesfidedignas.com.mx\/wp-content\/uploads\/2021\/05\/VOTACIONES.jpg","type":"image\/jpeg"}],"author":"Exc\u00e9lsior","twitter_card":"summary_large_image","twitter_creator":"@fidedignas","twitter_site":"@fidedignas","twitter_misc":{"Escrito por":"Exc\u00e9lsior","Tiempo de lectura":"2 minutos"},"schema":{"@context":"https:\/\/schema.org","@graph":[{"@type":"Article","@id":"https:\/\/fuentesfidedignas.com.mx\/index.php\/2021\/05\/30\/quien-no-acuda-a-urnas-no-tiene-derecho-a-exigir-iglesia\/#article","isPartOf":{"@id":"https:\/\/fuentesfidedignas.com.mx\/index.php\/2021\/05\/30\/quien-no-acuda-a-urnas-no-tiene-derecho-a-exigir-iglesia\/"},"author":{"name":"Exc\u00e9lsior","@id":"https:\/\/fuentesfidedignas.com.mx\/#\/schema\/person\/ec4edd1fbf5efa3e44fce34fe2787780"},"headline":"Quien no acuda a urnas \u2018no tiene derecho a exigir\u2019: Iglesia","datePublished":"2021-05-31T01:52:04+00:00","dateModified":"2021-05-31T01:52:06+00:00","mainEntityOfPage":{"@id":"https:\/\/fuentesfidedignas.com.mx\/index.php\/2021\/05\/30\/quien-no-acuda-a-urnas-no-tiene-derecho-a-exigir-iglesia\/"},"wordCount":372,"commentCount":0,"publisher":{"@id":"https:\/\/fuentesfidedignas.com.mx\/#organization"},"image":{"@id":"https:\/\/fuentesfidedignas.com.mx\/index.php\/2021\/05\/30\/quien-no-acuda-a-urnas-no-tiene-derecho-a-exigir-iglesia\/#primaryimage"},"thumbnailUrl":"https:\/\/fuentesfidedignas.com.mx\/wp-content\/uploads\/2021\/05\/VOTACIONES.jpg","keywords":["Elecciones 2021","Iglesia cat\u00f3lica"],"articleSection":["NOTICIAS NACIONALES"],"inLanguage":"es","potentialAction":[{"@type":"CommentAction","name":"Comment","target":["https:\/\/fuentesfidedignas.com.mx\/index.php\/2021\/05\/30\/quien-no-acuda-a-urnas-no-tiene-derecho-a-exigir-iglesia\/#respond"]}]},{"@type":"WebPage","@id":"https:\/\/fuentesfidedignas.com.mx\/index.php\/2021\/05\/30\/quien-no-acuda-a-urnas-no-tiene-derecho-a-exigir-iglesia\/","url":"https:\/\/fuentesfidedignas.com.mx\/index.php\/2021\/05\/30\/quien-no-acuda-a-urnas-no-tiene-derecho-a-exigir-iglesia\/","name":"Quien no acuda a urnas \u2018no tiene derecho a exigir\u2019: Iglesia - Fuentes Fidedignas","isPartOf":{"@id":"https:\/\/fuentesfidedignas.com.mx\/#website"},"primaryImageOfPage":{"@id":"https:\/\/fuentesfidedignas.com.mx\/index.php\/2021\/05\/30\/quien-no-acuda-a-urnas-no-tiene-derecho-a-exigir-iglesia\/#primaryimage"},"image":{"@id":"https:\/\/fuentesfidedignas.com.mx\/index.php\/2021\/05\/30\/quien-no-acuda-a-urnas-no-tiene-derecho-a-exigir-iglesia\/#primaryimage"},"thumbnailUrl":"https:\/\/fuentesfidedignas.com.mx\/wp-content\/uploads\/2021\/05\/VOTACIONES.jpg","datePublished":"2021-05-31T01:52:04+00:00","dateModified":"2021-05-31T01:52:06+00:00","breadcrumb":{"@id":"https:\/\/fuentesfidedignas.com.mx\/index.php\/2021\/05\/30\/quien-no-acuda-a-urnas-no-tiene-derecho-a-exigir-iglesia\/#breadcrumb"},"inLanguage":"es","potentialAction":[{"@type":"ReadAction","target":["https:\/\/fuentesfidedignas.com.mx\/index.php\/2021\/05\/30\/quien-no-acuda-a-urnas-no-tiene-derecho-a-exigir-iglesia\/"]}]},{"@type":"ImageObject","inLanguage":"es","@id":"https:\/\/fuentesfidedignas.com.mx\/index.php\/2021\/05\/30\/quien-no-acuda-a-urnas-no-tiene-derecho-a-exigir-iglesia\/#primaryimage","url":"https:\/\/fuentesfidedignas.com.mx\/wp-content\/uploads\/2021\/05\/VOTACIONES.jpg","contentUrl":"https:\/\/fuentesfidedignas.com.mx\/wp-content\/uploads\/2021\/05\/VOTACIONES.jpg","width":800,"height":600},{"@type":"BreadcrumbList","@id":"https:\/\/fuentesfidedignas.com.mx\/index.php\/2021\/05\/30\/quien-no-acuda-a-urnas-no-tiene-derecho-a-exigir-iglesia\/#breadcrumb","itemListElement":[{"@type":"ListItem","position":1,"name":"Inicio","item":"https:\/\/fuentesfidedignas.com.mx\/"},{"@type":"ListItem","position":2,"name":"Quien no acuda a urnas \u2018no tiene derecho a exigir\u2019: Iglesia"}]},{"@type":"WebSite","@id":"https:\/\/fuentesfidedignas.com.mx\/#website","url":"https:\/\/fuentesfidedignas.com.mx\/","name":"Fuentes Fidedignas","description":"Otro sitio realizado con WordPress","publisher":{"@id":"https:\/\/fuentesfidedignas.com.mx\/#organization"},"potentialAction":[{"@type":"SearchAction","target":{"@type":"EntryPoint","urlTemplate":"https:\/\/fuentesfidedignas.com.mx\/?s={search_term_string}"},"query-input":{"@type":"PropertyValueSpecification","valueRequired":true,"valueName":"search_term_string"}}],"inLanguage":"es"},{"@type":"Organization","@id":"https:\/\/fuentesfidedignas.com.mx\/#organization","name":"Fuentes Fidedignas","url":"https:\/\/fuentesfidedignas.com.mx\/","logo":{"@type":"ImageObject","inLanguage":"es","@id":"https:\/\/fuentesfidedignas.com.mx\/#\/schema\/logo\/image\/","url":"https:\/\/fuentesfidedignas.com.mx\/wp-content\/uploads\/2021\/04\/logo-retina.png","contentUrl":"https:\/\/fuentesfidedignas.com.mx\/wp-content\/uploads\/2021\/04\/logo-retina.png","width":280,"height":51,"caption":"Fuentes Fidedignas"},"image":{"@id":"https:\/\/fuentesfidedignas.com.mx\/#\/schema\/logo\/image\/"},"sameAs":["https:\/\/www.facebook.com\/Fuentes-Fidedignas-368234489921644","https:\/\/x.com\/fidedignas"]},{"@type":"Person","@id":"https:\/\/fuentesfidedignas.com.mx\/#\/schema\/person\/ec4edd1fbf5efa3e44fce34fe2787780","name":"Exc\u00e9lsior","image":{"@type":"ImageObject","inLanguage":"es","@id":"https:\/\/secure.gravatar.com\/avatar\/4b7ee9206b48be08447852b3f0814dbc7c0f3b51541b164f1464a2725614020b?s=96&d=mm&r=g","url":"https:\/\/secure.gravatar.com\/avatar\/4b7ee9206b48be08447852b3f0814dbc7c0f3b51541b164f1464a2725614020b?s=96&d=mm&r=g","contentUrl":"https:\/\/secure.gravatar.com\/avatar\/4b7ee9206b48be08447852b3f0814dbc7c0f3b51541b164f1464a2725614020b?s=96&d=mm&r=g","caption":"Exc\u00e9lsior"},"url":"https:\/\/fuentesfidedignas.com.mx\/index.php\/author\/excelsior\/"}]}},"_links":{"self":[{"href":"https:\/\/fuentesfidedignas.com.mx\/index.php\/wp-json\/wp\/v2\/posts\/3586","targetHints":{"allow":["GET"]}}],"collection":[{"href":"https:\/\/fuentesfidedignas.com.mx\/index.php\/wp-json\/wp\/v2\/posts"}],"about":[{"href":"https:\/\/fuentesfidedignas.com.mx\/index.php\/wp-json\/wp\/v2\/types\/post"}],"author":[{"embeddable":true,"href":"https:\/\/fuentesfidedignas.com.mx\/index.php\/wp-json\/wp\/v2\/users\/7"}],"replies":[{"embeddable":true,"href":"https:\/\/fuentesfidedignas.com.mx\/index.php\/wp-json\/wp\/v2\/comments?post=3586"}],"version-history":[{"count":1,"href":"https:\/\/fuentesfidedignas.com.mx\/index.php\/wp-json\/wp\/v2\/posts\/3586\/revisions"}],"predecessor-version":[{"id":3588,"href":"https:\/\/fuentesfidedignas.com.mx\/index.php\/wp-json\/wp\/v2\/posts\/3586\/revisions\/3588"}],"wp:featuredmedia":[{"embeddable":true,"href":"https:\/\/fuentesfidedignas.com.mx\/index.php\/wp-json\/wp\/v2\/media\/3587"}],"wp:attachment":[{"href":"https:\/\/fuentesfidedignas.com.mx\/index.php\/wp-json\/wp\/v2\/media?parent=3586"}],"wp:term":[{"taxonomy":"category","embeddable":true,"href":"https:\/\/fuentesfidedignas.com.mx\/index.php\/wp-json\/wp\/v2\/categories?post=3586"},{"taxonomy":"post_tag","embeddable":true,"href":"https:\/\/fuentesfidedignas.com.mx\/index.php\/wp-json\/wp\/v2\/tags?post=3586"}],"curies":[{"name":"wp","href":"https:\/\/api.w.org\/{rel}","templated":true}]}}