{"id":35829,"date":"2022-06-30T11:36:46","date_gmt":"2022-06-30T17:36:46","guid":{"rendered":"https:\/\/fuentesfidedignas.com.mx\/?p=35829"},"modified":"2022-06-30T13:00:29","modified_gmt":"2022-06-30T19:00:29","slug":"reportan-muerte-del-conductor-fernando-del-solar-a-los-49-anos","status":"publish","type":"post","link":"https:\/\/fuentesfidedignas.com.mx\/index.php\/2022\/06\/30\/reportan-muerte-del-conductor-fernando-del-solar-a-los-49-anos\/","title":{"rendered":"Reportan muerte del conductor Fernando del Solar a los 49 a\u00f1os"},"content":{"rendered":"\n<p><strong><em>Del Solar libr\u00f3 una fuerte batalla contra el c\u00e1ncer hace algunos a\u00f1os<\/em><\/strong><\/p>\n\n\n\n<p>Ciudad de M\u00e9xico.- El conductor de televisi\u00f3n Fernando del Solar muri\u00f3 a los 49 a\u00f1os de edad, as\u00ed lo anunci\u00f3 el programa Venga la Alegr\u00eda, del que fue parte durante muchos a\u00f1os.<br>Fernando del Solar era originario de Buenos Aires, Argentina, fue diagnosticado en el a\u00f1o 2012 con linfoma de Hodgkin, un tipo de c\u00e1ncer que se desarrolla en los gl\u00f3bulos blancos.<\/p>\n\n\n\n<figure class=\"wp-block-embed is-type-rich is-provider-twitter wp-block-embed-twitter\"><div class=\"wp-block-embed__wrapper\">\n<blockquote class=\"twitter-tweet\" data-width=\"550\" data-dnt=\"true\"><p lang=\"es\" dir=\"ltr\">\u00a1Nos parte el coraz\u00f3n informar el lamentable fallecimiento de nuestro querido Fernando del Solar! \ud83d\ude22\ud83d\udd4a\ud83d\ude4c\ud83c\udffb<br><br>\u00a1En <a href=\"https:\/\/twitter.com\/hashtag\/VLA?src=hash&amp;ref_src=twsrc%5Etfw\">#VLA<\/a> enviamos nuestras condolencias a todos sus familiares y amigos! <a href=\"https:\/\/t.co\/zhYjY13Lzk\">pic.twitter.com\/zhYjY13Lzk<\/a><\/p>&mdash; Venga la Alegr\u00eda (@VengaLaAlegria) <a href=\"https:\/\/twitter.com\/VengaLaAlegria\/status\/1542558476668379143?ref_src=twsrc%5Etfw\">June 30, 2022<\/a><\/blockquote><script async src=\"https:\/\/platform.twitter.com\/widgets.js\" charset=\"utf-8\"><\/script>\n<\/div><figcaption>Del Solar libr\u00f3 una fuerte batalla contra el c\u00e1ncer hace algunos a\u00f1os, y aunque se recuper\u00f3, recientemente cancel\u00f3 eventos por complicaciones de salud.<br><br>A mediados del 2012 el argentino fue diagnosticado con linfoma de Hodgkin, un tipo de c\u00e1ncer que se desarrolla en los gl\u00f3bulos blancos del cuerpo.<br><br>Se recuper\u00f3, pero recientemente cancel\u00f3 eventos por complicaciones de salud.<br>Fue conductor de los programas &#8220;Insomnia&#8221;, &#8220;Sexos en guerra&#8221;, &#8220;Venga la alegr\u00eda&#8221; y G\u00e1nale al chef.<br><br>En marzo de 2018, se integra al programa &#8220;Hoy&#8221; de Televisa, durante 3 semanas, bajo la producci\u00f3n de Magda Rodr\u00edguez.<br><br>Estuvo casado con la conductora Ingrid Coronado, con quien procre\u00f3 dos hijos. Hace unos meses se cas\u00f3 con Anna Ferro en Canc\u00fan; la pareja comparti\u00f3 el especial momento en redes sociales.<\/figcaption><\/figure>\n\n\n\n<p>En 2016, revel\u00f3 que los doctores hab\u00edan descubierto un tumor en el pulm\u00f3n. Tres a\u00f1os m\u00e1s tarde, comenz\u00f3 con padecimientos del h\u00edgado.<\/p>\n\n\n\n<p>El conductor ten\u00eda programado un evento en donde hablar\u00eda de saber vivir plenamente, justo para hoy 30 de junio en M\u00e9rida, Yucat\u00e1n, en la Universidad Modelo.<\/p>\n\n\n\n<p>El pasado 12 de junio dio a conocer la noticia sobre la muerte de su padre Norberto Cacciamani, a trav\u00e9s de sus redes sociales.<\/p>\n\n\n\n<p>&#8220;Apenas pasaron horas y ya te extra\u00f1o. Me quedo con todo lo que aprend\u00ed, con sus aciertos, pero m\u00e1s de sus errores. \u00a1A volar hasta tierras altas pap\u00e1! Siempre vivir\u00e1s en m\u00ed, TE AMO&#8221;.<\/p>\n\n\n\n<p>Estaba casado con Anna Ferro, con quien se uni\u00f3 baj\u00f3 las leyes civiles de Quintana Roo en abril de este a\u00f1o.<\/p>\n\n\n\n<blockquote class=\"instagram-media\" data-instgrm-captioned data-instgrm-permalink=\"https:\/\/www.instagram.com\/tv\/Ccn-esGJlKY\/?utm_source=ig_embed&amp;utm_campaign=loading\" data-instgrm-version=\"14\" style=\" background:#FFF; border:0; border-radius:3px; box-shadow:0 0 1px 0 rgba(0,0,0,0.5),0 1px 10px 0 rgba(0,0,0,0.15); margin: 1px; max-width:540px; min-width:326px; padding:0; width:99.375%; width:-webkit-calc(100% - 2px); width:calc(100% - 2px);\"><div style=\"padding:16px;\"> <a href=\"https:\/\/www.instagram.com\/tv\/Ccn-esGJlKY\/?utm_source=ig_embed&amp;utm_campaign=loading\" style=\" background:#FFFFFF; line-height:0; padding:0 0; text-align:center; text-decoration:none; width:100%;\" target=\"_blank\" rel=\"noopener\"> <div style=\" display: flex; flex-direction: row; align-items: center;\"> <div style=\"background-color: #F4F4F4; border-radius: 50%; flex-grow: 0; height: 40px; margin-right: 14px; width: 40px;\"><\/div> <div style=\"display: flex; flex-direction: column; flex-grow: 1; justify-content: center;\"> <div style=\" background-color: #F4F4F4; border-radius: 4px; flex-grow: 0; height: 14px; margin-bottom: 6px; width: 100px;\"><\/div> <div style=\" background-color: #F4F4F4; border-radius: 4px; flex-grow: 0; height: 14px; width: 60px;\"><\/div><\/div><\/div><div style=\"padding: 19% 0;\"><\/div> <div style=\"display:block; height:50px; margin:0 auto 12px; width:50px;\"><svg width=\"50px\" height=\"50px\" viewBox=\"0 0 60 60\" version=\"1.1\" xmlns=\"https:\/\/www.w3.org\/2000\/svg\" xmlns:xlink=\"https:\/\/www.w3.org\/1999\/xlink\"><g stroke=\"none\" stroke-width=\"1\" fill=\"none\" fill-rule=\"evenodd\"><g transform=\"translate(-511.000000, -20.000000)\" fill=\"#000000\"><g><path d=\"M556.869,30.41 C554.814,30.41 553.148,32.076 553.148,34.131 C553.148,36.186 554.814,37.852 556.869,37.852 C558.924,37.852 560.59,36.186 560.59,34.131 C560.59,32.076 558.924,30.41 556.869,30.41 M541,60.657 C535.114,60.657 530.342,55.887 530.342,50 C530.342,44.114 535.114,39.342 541,39.342 C546.887,39.342 551.658,44.114 551.658,50 C551.658,55.887 546.887,60.657 541,60.657 M541,33.886 C532.1,33.886 524.886,41.1 524.886,50 C524.886,58.899 532.1,66.113 541,66.113 C549.9,66.113 557.115,58.899 557.115,50 C557.115,41.1 549.9,33.886 541,33.886 M565.378,62.101 C565.244,65.022 564.756,66.606 564.346,67.663 C563.803,69.06 563.154,70.057 562.106,71.106 C561.058,72.155 560.06,72.803 558.662,73.347 C557.607,73.757 556.021,74.244 553.102,74.378 C549.944,74.521 548.997,74.552 541,74.552 C533.003,74.552 532.056,74.521 528.898,74.378 C525.979,74.244 524.393,73.757 523.338,73.347 C521.94,72.803 520.942,72.155 519.894,71.106 C518.846,70.057 518.197,69.06 517.654,67.663 C517.244,66.606 516.755,65.022 516.623,62.101 C516.479,58.943 516.448,57.996 516.448,50 C516.448,42.003 516.479,41.056 516.623,37.899 C516.755,34.978 517.244,33.391 517.654,32.338 C518.197,30.938 518.846,29.942 519.894,28.894 C520.942,27.846 521.94,27.196 523.338,26.654 C524.393,26.244 525.979,25.756 528.898,25.623 C532.057,25.479 533.004,25.448 541,25.448 C548.997,25.448 549.943,25.479 553.102,25.623 C556.021,25.756 557.607,26.244 558.662,26.654 C560.06,27.196 561.058,27.846 562.106,28.894 C563.154,29.942 563.803,30.938 564.346,32.338 C564.756,33.391 565.244,34.978 565.378,37.899 C565.522,41.056 565.552,42.003 565.552,50 C565.552,57.996 565.522,58.943 565.378,62.101 M570.82,37.631 C570.674,34.438 570.167,32.258 569.425,30.349 C568.659,28.377 567.633,26.702 565.965,25.035 C564.297,23.368 562.623,22.342 560.652,21.575 C558.743,20.834 556.562,20.326 553.369,20.18 C550.169,20.033 549.148,20 541,20 C532.853,20 531.831,20.033 528.631,20.18 C525.438,20.326 523.257,20.834 521.349,21.575 C519.376,22.342 517.703,23.368 516.035,25.035 C514.368,26.702 513.342,28.377 512.574,30.349 C511.834,32.258 511.326,34.438 511.181,37.631 C511.035,40.831 511,41.851 511,50 C511,58.147 511.035,59.17 511.181,62.369 C511.326,65.562 511.834,67.743 512.574,69.651 C513.342,71.625 514.368,73.296 516.035,74.965 C517.703,76.634 519.376,77.658 521.349,78.425 C523.257,79.167 525.438,79.673 528.631,79.82 C531.831,79.965 532.853,80.001 541,80.001 C549.148,80.001 550.169,79.965 553.369,79.82 C556.562,79.673 558.743,79.167 560.652,78.425 C562.623,77.658 564.297,76.634 565.965,74.965 C567.633,73.296 568.659,71.625 569.425,69.651 C570.167,67.743 570.674,65.562 570.82,62.369 C570.966,59.17 571,58.147 571,50 C571,41.851 570.966,40.831 570.82,37.631\"><\/path><\/g><\/g><\/g><\/svg><\/div><div style=\"padding-top: 8px;\"> <div style=\" color:#3897f0; font-family:Arial,sans-serif; font-size:14px; font-style:normal; font-weight:550; line-height:18px;\">Ver esta publicaci\u00f3n en Instagram<\/div><\/div><div style=\"padding: 12.5% 0;\"><\/div> <div style=\"display: flex; flex-direction: row; margin-bottom: 14px; align-items: center;\"><div> <div style=\"background-color: #F4F4F4; border-radius: 50%; height: 12.5px; width: 12.5px; transform: translateX(0px) translateY(7px);\"><\/div> <div style=\"background-color: #F4F4F4; height: 12.5px; transform: rotate(-45deg) translateX(3px) translateY(1px); width: 12.5px; flex-grow: 0; margin-right: 14px; margin-left: 2px;\"><\/div> <div style=\"background-color: #F4F4F4; border-radius: 50%; height: 12.5px; width: 12.5px; transform: translateX(9px) translateY(-18px);\"><\/div><\/div><div style=\"margin-left: 8px;\"> <div style=\" background-color: #F4F4F4; border-radius: 50%; flex-grow: 0; height: 20px; width: 20px;\"><\/div> <div style=\" width: 0; height: 0; border-top: 2px solid transparent; border-left: 6px solid #f4f4f4; border-bottom: 2px solid transparent; transform: translateX(16px) translateY(-4px) rotate(30deg)\"><\/div><\/div><div style=\"margin-left: auto;\"> <div style=\" width: 0px; border-top: 8px solid #F4F4F4; border-right: 8px solid transparent; transform: translateY(16px);\"><\/div> <div style=\" background-color: #F4F4F4; flex-grow: 0; height: 12px; width: 16px; transform: translateY(-4px);\"><\/div> <div style=\" width: 0; height: 0; border-top: 8px solid #F4F4F4; border-left: 8px solid transparent; transform: translateY(-4px) translateX(8px);\"><\/div><\/div><\/div> <div style=\"display: flex; flex-direction: column; flex-grow: 1; justify-content: center; margin-bottom: 24px;\"> <div style=\" background-color: #F4F4F4; border-radius: 4px; flex-grow: 0; height: 14px; margin-bottom: 6px; width: 224px;\"><\/div> <div style=\" background-color: #F4F4F4; border-radius: 4px; flex-grow: 0; height: 14px; width: 144px;\"><\/div><\/div><\/a><p style=\" color:#c9c8cd; font-family:Arial,sans-serif; font-size:14px; line-height:17px; margin-bottom:0; margin-top:8px; overflow:hidden; padding:8px 0 7px; text-align:center; text-overflow:ellipsis; white-space:nowrap;\"><a href=\"https:\/\/www.instagram.com\/tv\/Ccn-esGJlKY\/?utm_source=ig_embed&amp;utm_campaign=loading\" style=\" color:#c9c8cd; font-family:Arial,sans-serif; font-size:14px; font-style:normal; font-weight:normal; line-height:17px; text-decoration:none;\" target=\"_blank\" rel=\"noopener\">Una publicaci\u00f3n compartida por Fernando Del Solar (@fernandodelsolar)<\/a><\/p><\/div><\/blockquote> <script async src=\"\/\/www.instagram.com\/embed.js\"><\/script>\n\n\n\n\n<figure class=\"wp-block-gallery has-nested-images columns-default is-cropped wp-block-gallery-1 is-layout-flex wp-block-gallery-is-layout-flex\">\n<figure class=\"wp-block-image size-large\"><img decoding=\"async\" width=\"682\" height=\"1024\" data-id=\"35842\" src=\"https:\/\/fuentesfidedignas.com.mx\/wp-content\/uploads\/2022\/06\/WhatsApp-Image-2022-06-30-at-12.44.05-PM-682x1024.jpeg\" alt=\"\" class=\"wp-image-35842\" srcset=\"https:\/\/fuentesfidedignas.com.mx\/wp-content\/uploads\/2022\/06\/WhatsApp-Image-2022-06-30-at-12.44.05-PM-682x1024.jpeg 682w, https:\/\/fuentesfidedignas.com.mx\/wp-content\/uploads\/2022\/06\/WhatsApp-Image-2022-06-30-at-12.44.05-PM-200x300.jpeg 200w, https:\/\/fuentesfidedignas.com.mx\/wp-content\/uploads\/2022\/06\/WhatsApp-Image-2022-06-30-at-12.44.05-PM-768x1152.jpeg 768w, https:\/\/fuentesfidedignas.com.mx\/wp-content\/uploads\/2022\/06\/WhatsApp-Image-2022-06-30-at-12.44.05-PM-696x1044.jpeg 696w, https:\/\/fuentesfidedignas.com.mx\/wp-content\/uploads\/2022\/06\/WhatsApp-Image-2022-06-30-at-12.44.05-PM-280x420.jpeg 280w, https:\/\/fuentesfidedignas.com.mx\/wp-content\/uploads\/2022\/06\/WhatsApp-Image-2022-06-30-at-12.44.05-PM.jpeg 853w\" sizes=\"(max-width: 682px) 100vw, 682px\" \/><\/figure>\n\n\n\n<figure class=\"wp-block-image size-large\"><img decoding=\"async\" width=\"682\" height=\"1024\" data-id=\"35846\" src=\"https:\/\/fuentesfidedignas.com.mx\/wp-content\/uploads\/2022\/06\/WhatsApp-Image-2022-06-30-at-12.44.05-PM-1-1-682x1024.jpeg\" alt=\"\" class=\"wp-image-35846\" srcset=\"https:\/\/fuentesfidedignas.com.mx\/wp-content\/uploads\/2022\/06\/WhatsApp-Image-2022-06-30-at-12.44.05-PM-1-1-682x1024.jpeg 682w, https:\/\/fuentesfidedignas.com.mx\/wp-content\/uploads\/2022\/06\/WhatsApp-Image-2022-06-30-at-12.44.05-PM-1-1-200x300.jpeg 200w, https:\/\/fuentesfidedignas.com.mx\/wp-content\/uploads\/2022\/06\/WhatsApp-Image-2022-06-30-at-12.44.05-PM-1-1-768x1152.jpeg 768w, https:\/\/fuentesfidedignas.com.mx\/wp-content\/uploads\/2022\/06\/WhatsApp-Image-2022-06-30-at-12.44.05-PM-1-1-696x1044.jpeg 696w, https:\/\/fuentesfidedignas.com.mx\/wp-content\/uploads\/2022\/06\/WhatsApp-Image-2022-06-30-at-12.44.05-PM-1-1-280x420.jpeg 280w, https:\/\/fuentesfidedignas.com.mx\/wp-content\/uploads\/2022\/06\/WhatsApp-Image-2022-06-30-at-12.44.05-PM-1-1.jpeg 853w\" sizes=\"(max-width: 682px) 100vw, 682px\" \/><\/figure>\n<figcaption class=\"blocks-gallery-caption\">FOTOS: Marco Polo D\u00e1vila<\/figcaption><\/figure>\n\n\n\n<p><\/p>\n","protected":false},"excerpt":{"rendered":"<p>Del Solar libr\u00f3 una fuerte batalla contra el c\u00e1ncer hace algunos a\u00f1os Ciudad de M\u00e9xico.- El conductor de televisi\u00f3n Fernando del Solar muri\u00f3 a los 49 a\u00f1os de edad, as\u00ed lo anunci\u00f3 el programa Venga la Alegr\u00eda, del que fue parte durante muchos a\u00f1os.Fernando del Solar era originario de Buenos Aires, Argentina, fue diagnosticado en [&hellip;]<\/p>\n","protected":false},"author":111,"featured_media":35844,"comment_status":"open","ping_status":"open","sticky":false,"template":"","format":"standard","meta":{"tdm_status":"","tdm_grid_status":"","footnotes":""},"categories":[39],"tags":[],"class_list":{"0":"post-35829","1":"post","2":"type-post","3":"status-publish","4":"format-standard","5":"has-post-thumbnail","7":"category-noticias-nacionales"},"yoast_head":"<!-- This site is optimized with the Yoast SEO plugin v27.5 - https:\/\/yoast.com\/product\/yoast-seo-wordpress\/ -->\n<title>Reportan muerte del conductor Fernando del Solar a los 49 a\u00f1os - Fuentes Fidedignas<\/title>\n<meta name=\"robots\" content=\"index, follow, max-snippet:-1, max-image-preview:large, max-video-preview:-1\" \/>\n<link rel=\"canonical\" href=\"https:\/\/fuentesfidedignas.com.mx\/index.php\/2022\/06\/30\/reportan-muerte-del-conductor-fernando-del-solar-a-los-49-anos\/\" \/>\n<meta property=\"og:locale\" content=\"es_MX\" \/>\n<meta property=\"og:type\" content=\"article\" \/>\n<meta property=\"og:title\" content=\"Reportan muerte del conductor Fernando del Solar a los 49 a\u00f1os - Fuentes Fidedignas\" \/>\n<meta property=\"og:description\" content=\"Del Solar libr\u00f3 una fuerte batalla contra el c\u00e1ncer hace algunos a\u00f1os Ciudad de M\u00e9xico.- El conductor de televisi\u00f3n Fernando del Solar muri\u00f3 a los 49 a\u00f1os de edad, as\u00ed lo anunci\u00f3 el programa Venga la Alegr\u00eda, del que fue parte durante muchos a\u00f1os.Fernando del Solar era originario de Buenos Aires, Argentina, fue diagnosticado en [&hellip;]\" \/>\n<meta property=\"og:url\" content=\"https:\/\/fuentesfidedignas.com.mx\/index.php\/2022\/06\/30\/reportan-muerte-del-conductor-fernando-del-solar-a-los-49-anos\/\" \/>\n<meta property=\"og:site_name\" content=\"Fuentes Fidedignas\" \/>\n<meta property=\"article:publisher\" content=\"https:\/\/www.facebook.com\/Fuentes-Fidedignas-368234489921644\" \/>\n<meta property=\"article:published_time\" content=\"2022-06-30T17:36:46+00:00\" \/>\n<meta property=\"article:modified_time\" content=\"2022-06-30T19:00:29+00:00\" \/>\n<meta property=\"og:image\" content=\"https:\/\/fuentesfidedignas.com.mx\/wp-content\/uploads\/2022\/06\/WhatsApp-Image-2022-06-30-at-12.44.04-PM.jpeg\" \/>\n\t<meta property=\"og:image:width\" content=\"1280\" \/>\n\t<meta property=\"og:image:height\" content=\"853\" \/>\n\t<meta property=\"og:image:type\" content=\"image\/jpeg\" \/>\n<meta name=\"author\" content=\"Marco Polo D\u00e1vila\" \/>\n<meta name=\"twitter:card\" content=\"summary_large_image\" \/>\n<meta name=\"twitter:creator\" content=\"@fidedignas\" \/>\n<meta name=\"twitter:site\" content=\"@fidedignas\" \/>\n<meta name=\"twitter:label1\" content=\"Escrito por\" \/>\n\t<meta name=\"twitter:data1\" content=\"Marco Polo D\u00e1vila\" \/>\n\t<meta name=\"twitter:label2\" content=\"Tiempo de lectura\" \/>\n\t<meta name=\"twitter:data2\" content=\"2 minutos\" \/>\n<script type=\"application\/ld+json\" class=\"yoast-schema-graph\">{\"@context\":\"https:\\\/\\\/schema.org\",\"@graph\":[{\"@type\":\"Article\",\"@id\":\"https:\\\/\\\/fuentesfidedignas.com.mx\\\/index.php\\\/2022\\\/06\\\/30\\\/reportan-muerte-del-conductor-fernando-del-solar-a-los-49-anos\\\/#article\",\"isPartOf\":{\"@id\":\"https:\\\/\\\/fuentesfidedignas.com.mx\\\/index.php\\\/2022\\\/06\\\/30\\\/reportan-muerte-del-conductor-fernando-del-solar-a-los-49-anos\\\/\"},\"author\":{\"name\":\"Marco Polo D\u00e1vila\",\"@id\":\"https:\\\/\\\/fuentesfidedignas.com.mx\\\/#\\\/schema\\\/person\\\/e6015910abd0da7fb2a876e558a205c4\"},\"headline\":\"Reportan muerte del conductor Fernando del Solar a los 49 a\u00f1os\",\"datePublished\":\"2022-06-30T17:36:46+00:00\",\"dateModified\":\"2022-06-30T19:00:29+00:00\",\"mainEntityOfPage\":{\"@id\":\"https:\\\/\\\/fuentesfidedignas.com.mx\\\/index.php\\\/2022\\\/06\\\/30\\\/reportan-muerte-del-conductor-fernando-del-solar-a-los-49-anos\\\/\"},\"wordCount\":413,\"commentCount\":0,\"publisher\":{\"@id\":\"https:\\\/\\\/fuentesfidedignas.com.mx\\\/#organization\"},\"image\":{\"@id\":\"https:\\\/\\\/fuentesfidedignas.com.mx\\\/index.php\\\/2022\\\/06\\\/30\\\/reportan-muerte-del-conductor-fernando-del-solar-a-los-49-anos\\\/#primaryimage\"},\"thumbnailUrl\":\"https:\\\/\\\/fuentesfidedignas.com.mx\\\/wp-content\\\/uploads\\\/2022\\\/06\\\/WhatsApp-Image-2022-06-30-at-12.44.04-PM.jpeg\",\"articleSection\":[\"NOTICIAS NACIONALES\"],\"inLanguage\":\"es\",\"potentialAction\":[{\"@type\":\"CommentAction\",\"name\":\"Comment\",\"target\":[\"https:\\\/\\\/fuentesfidedignas.com.mx\\\/index.php\\\/2022\\\/06\\\/30\\\/reportan-muerte-del-conductor-fernando-del-solar-a-los-49-anos\\\/#respond\"]}]},{\"@type\":\"WebPage\",\"@id\":\"https:\\\/\\\/fuentesfidedignas.com.mx\\\/index.php\\\/2022\\\/06\\\/30\\\/reportan-muerte-del-conductor-fernando-del-solar-a-los-49-anos\\\/\",\"url\":\"https:\\\/\\\/fuentesfidedignas.com.mx\\\/index.php\\\/2022\\\/06\\\/30\\\/reportan-muerte-del-conductor-fernando-del-solar-a-los-49-anos\\\/\",\"name\":\"Reportan muerte del conductor Fernando del Solar a los 49 a\u00f1os - Fuentes Fidedignas\",\"isPartOf\":{\"@id\":\"https:\\\/\\\/fuentesfidedignas.com.mx\\\/#website\"},\"primaryImageOfPage\":{\"@id\":\"https:\\\/\\\/fuentesfidedignas.com.mx\\\/index.php\\\/2022\\\/06\\\/30\\\/reportan-muerte-del-conductor-fernando-del-solar-a-los-49-anos\\\/#primaryimage\"},\"image\":{\"@id\":\"https:\\\/\\\/fuentesfidedignas.com.mx\\\/index.php\\\/2022\\\/06\\\/30\\\/reportan-muerte-del-conductor-fernando-del-solar-a-los-49-anos\\\/#primaryimage\"},\"thumbnailUrl\":\"https:\\\/\\\/fuentesfidedignas.com.mx\\\/wp-content\\\/uploads\\\/2022\\\/06\\\/WhatsApp-Image-2022-06-30-at-12.44.04-PM.jpeg\",\"datePublished\":\"2022-06-30T17:36:46+00:00\",\"dateModified\":\"2022-06-30T19:00:29+00:00\",\"breadcrumb\":{\"@id\":\"https:\\\/\\\/fuentesfidedignas.com.mx\\\/index.php\\\/2022\\\/06\\\/30\\\/reportan-muerte-del-conductor-fernando-del-solar-a-los-49-anos\\\/#breadcrumb\"},\"inLanguage\":\"es\",\"potentialAction\":[{\"@type\":\"ReadAction\",\"target\":[\"https:\\\/\\\/fuentesfidedignas.com.mx\\\/index.php\\\/2022\\\/06\\\/30\\\/reportan-muerte-del-conductor-fernando-del-solar-a-los-49-anos\\\/\"]}]},{\"@type\":\"ImageObject\",\"inLanguage\":\"es\",\"@id\":\"https:\\\/\\\/fuentesfidedignas.com.mx\\\/index.php\\\/2022\\\/06\\\/30\\\/reportan-muerte-del-conductor-fernando-del-solar-a-los-49-anos\\\/#primaryimage\",\"url\":\"https:\\\/\\\/fuentesfidedignas.com.mx\\\/wp-content\\\/uploads\\\/2022\\\/06\\\/WhatsApp-Image-2022-06-30-at-12.44.04-PM.jpeg\",\"contentUrl\":\"https:\\\/\\\/fuentesfidedignas.com.mx\\\/wp-content\\\/uploads\\\/2022\\\/06\\\/WhatsApp-Image-2022-06-30-at-12.44.04-PM.jpeg\",\"width\":1280,\"height\":853},{\"@type\":\"BreadcrumbList\",\"@id\":\"https:\\\/\\\/fuentesfidedignas.com.mx\\\/index.php\\\/2022\\\/06\\\/30\\\/reportan-muerte-del-conductor-fernando-del-solar-a-los-49-anos\\\/#breadcrumb\",\"itemListElement\":[{\"@type\":\"ListItem\",\"position\":1,\"name\":\"Inicio\",\"item\":\"https:\\\/\\\/fuentesfidedignas.com.mx\\\/\"},{\"@type\":\"ListItem\",\"position\":2,\"name\":\"Reportan muerte del conductor Fernando del Solar a los 49 a\u00f1os\"}]},{\"@type\":\"WebSite\",\"@id\":\"https:\\\/\\\/fuentesfidedignas.com.mx\\\/#website\",\"url\":\"https:\\\/\\\/fuentesfidedignas.com.mx\\\/\",\"name\":\"Fuentes Fidedignas\",\"description\":\"Otro sitio realizado con WordPress\",\"publisher\":{\"@id\":\"https:\\\/\\\/fuentesfidedignas.com.mx\\\/#organization\"},\"potentialAction\":[{\"@type\":\"SearchAction\",\"target\":{\"@type\":\"EntryPoint\",\"urlTemplate\":\"https:\\\/\\\/fuentesfidedignas.com.mx\\\/?s={search_term_string}\"},\"query-input\":{\"@type\":\"PropertyValueSpecification\",\"valueRequired\":true,\"valueName\":\"search_term_string\"}}],\"inLanguage\":\"es\"},{\"@type\":\"Organization\",\"@id\":\"https:\\\/\\\/fuentesfidedignas.com.mx\\\/#organization\",\"name\":\"Fuentes Fidedignas\",\"url\":\"https:\\\/\\\/fuentesfidedignas.com.mx\\\/\",\"logo\":{\"@type\":\"ImageObject\",\"inLanguage\":\"es\",\"@id\":\"https:\\\/\\\/fuentesfidedignas.com.mx\\\/#\\\/schema\\\/logo\\\/image\\\/\",\"url\":\"https:\\\/\\\/fuentesfidedignas.com.mx\\\/wp-content\\\/uploads\\\/2021\\\/04\\\/logo-retina.png\",\"contentUrl\":\"https:\\\/\\\/fuentesfidedignas.com.mx\\\/wp-content\\\/uploads\\\/2021\\\/04\\\/logo-retina.png\",\"width\":280,\"height\":51,\"caption\":\"Fuentes Fidedignas\"},\"image\":{\"@id\":\"https:\\\/\\\/fuentesfidedignas.com.mx\\\/#\\\/schema\\\/logo\\\/image\\\/\"},\"sameAs\":[\"https:\\\/\\\/www.facebook.com\\\/Fuentes-Fidedignas-368234489921644\",\"https:\\\/\\\/x.com\\\/fidedignas\"]},{\"@type\":\"Person\",\"@id\":\"https:\\\/\\\/fuentesfidedignas.com.mx\\\/#\\\/schema\\\/person\\\/e6015910abd0da7fb2a876e558a205c4\",\"name\":\"Marco Polo D\u00e1vila\",\"image\":{\"@type\":\"ImageObject\",\"inLanguage\":\"es\",\"@id\":\"https:\\\/\\\/secure.gravatar.com\\\/avatar\\\/85892fd16a2141c0d466b953042a6af5609b29567bbc155560d013e4f4ae6a8e?s=96&d=mm&r=g\",\"url\":\"https:\\\/\\\/secure.gravatar.com\\\/avatar\\\/85892fd16a2141c0d466b953042a6af5609b29567bbc155560d013e4f4ae6a8e?s=96&d=mm&r=g\",\"contentUrl\":\"https:\\\/\\\/secure.gravatar.com\\\/avatar\\\/85892fd16a2141c0d466b953042a6af5609b29567bbc155560d013e4f4ae6a8e?s=96&d=mm&r=g\",\"caption\":\"Marco Polo D\u00e1vila\"},\"url\":\"https:\\\/\\\/fuentesfidedignas.com.mx\\\/index.php\\\/author\\\/marcopolo\\\/\"}]}<\/script>\n<!-- \/ Yoast SEO plugin. -->","yoast_head_json":{"title":"Reportan muerte del conductor Fernando del Solar a los 49 a\u00f1os - Fuentes Fidedignas","robots":{"index":"index","follow":"follow","max-snippet":"max-snippet:-1","max-image-preview":"max-image-preview:large","max-video-preview":"max-video-preview:-1"},"canonical":"https:\/\/fuentesfidedignas.com.mx\/index.php\/2022\/06\/30\/reportan-muerte-del-conductor-fernando-del-solar-a-los-49-anos\/","og_locale":"es_MX","og_type":"article","og_title":"Reportan muerte del conductor Fernando del Solar a los 49 a\u00f1os - Fuentes Fidedignas","og_description":"Del Solar libr\u00f3 una fuerte batalla contra el c\u00e1ncer hace algunos a\u00f1os Ciudad de M\u00e9xico.- El conductor de televisi\u00f3n Fernando del Solar muri\u00f3 a los 49 a\u00f1os de edad, as\u00ed lo anunci\u00f3 el programa Venga la Alegr\u00eda, del que fue parte durante muchos a\u00f1os.Fernando del Solar era originario de Buenos Aires, Argentina, fue diagnosticado en [&hellip;]","og_url":"https:\/\/fuentesfidedignas.com.mx\/index.php\/2022\/06\/30\/reportan-muerte-del-conductor-fernando-del-solar-a-los-49-anos\/","og_site_name":"Fuentes Fidedignas","article_publisher":"https:\/\/www.facebook.com\/Fuentes-Fidedignas-368234489921644","article_published_time":"2022-06-30T17:36:46+00:00","article_modified_time":"2022-06-30T19:00:29+00:00","og_image":[{"width":1280,"height":853,"url":"https:\/\/fuentesfidedignas.com.mx\/wp-content\/uploads\/2022\/06\/WhatsApp-Image-2022-06-30-at-12.44.04-PM.jpeg","type":"image\/jpeg"}],"author":"Marco Polo D\u00e1vila","twitter_card":"summary_large_image","twitter_creator":"@fidedignas","twitter_site":"@fidedignas","twitter_misc":{"Escrito por":"Marco Polo D\u00e1vila","Tiempo de lectura":"2 minutos"},"schema":{"@context":"https:\/\/schema.org","@graph":[{"@type":"Article","@id":"https:\/\/fuentesfidedignas.com.mx\/index.php\/2022\/06\/30\/reportan-muerte-del-conductor-fernando-del-solar-a-los-49-anos\/#article","isPartOf":{"@id":"https:\/\/fuentesfidedignas.com.mx\/index.php\/2022\/06\/30\/reportan-muerte-del-conductor-fernando-del-solar-a-los-49-anos\/"},"author":{"name":"Marco Polo D\u00e1vila","@id":"https:\/\/fuentesfidedignas.com.mx\/#\/schema\/person\/e6015910abd0da7fb2a876e558a205c4"},"headline":"Reportan muerte del conductor Fernando del Solar a los 49 a\u00f1os","datePublished":"2022-06-30T17:36:46+00:00","dateModified":"2022-06-30T19:00:29+00:00","mainEntityOfPage":{"@id":"https:\/\/fuentesfidedignas.com.mx\/index.php\/2022\/06\/30\/reportan-muerte-del-conductor-fernando-del-solar-a-los-49-anos\/"},"wordCount":413,"commentCount":0,"publisher":{"@id":"https:\/\/fuentesfidedignas.com.mx\/#organization"},"image":{"@id":"https:\/\/fuentesfidedignas.com.mx\/index.php\/2022\/06\/30\/reportan-muerte-del-conductor-fernando-del-solar-a-los-49-anos\/#primaryimage"},"thumbnailUrl":"https:\/\/fuentesfidedignas.com.mx\/wp-content\/uploads\/2022\/06\/WhatsApp-Image-2022-06-30-at-12.44.04-PM.jpeg","articleSection":["NOTICIAS NACIONALES"],"inLanguage":"es","potentialAction":[{"@type":"CommentAction","name":"Comment","target":["https:\/\/fuentesfidedignas.com.mx\/index.php\/2022\/06\/30\/reportan-muerte-del-conductor-fernando-del-solar-a-los-49-anos\/#respond"]}]},{"@type":"WebPage","@id":"https:\/\/fuentesfidedignas.com.mx\/index.php\/2022\/06\/30\/reportan-muerte-del-conductor-fernando-del-solar-a-los-49-anos\/","url":"https:\/\/fuentesfidedignas.com.mx\/index.php\/2022\/06\/30\/reportan-muerte-del-conductor-fernando-del-solar-a-los-49-anos\/","name":"Reportan muerte del conductor Fernando del Solar a los 49 a\u00f1os - Fuentes Fidedignas","isPartOf":{"@id":"https:\/\/fuentesfidedignas.com.mx\/#website"},"primaryImageOfPage":{"@id":"https:\/\/fuentesfidedignas.com.mx\/index.php\/2022\/06\/30\/reportan-muerte-del-conductor-fernando-del-solar-a-los-49-anos\/#primaryimage"},"image":{"@id":"https:\/\/fuentesfidedignas.com.mx\/index.php\/2022\/06\/30\/reportan-muerte-del-conductor-fernando-del-solar-a-los-49-anos\/#primaryimage"},"thumbnailUrl":"https:\/\/fuentesfidedignas.com.mx\/wp-content\/uploads\/2022\/06\/WhatsApp-Image-2022-06-30-at-12.44.04-PM.jpeg","datePublished":"2022-06-30T17:36:46+00:00","dateModified":"2022-06-30T19:00:29+00:00","breadcrumb":{"@id":"https:\/\/fuentesfidedignas.com.mx\/index.php\/2022\/06\/30\/reportan-muerte-del-conductor-fernando-del-solar-a-los-49-anos\/#breadcrumb"},"inLanguage":"es","potentialAction":[{"@type":"ReadAction","target":["https:\/\/fuentesfidedignas.com.mx\/index.php\/2022\/06\/30\/reportan-muerte-del-conductor-fernando-del-solar-a-los-49-anos\/"]}]},{"@type":"ImageObject","inLanguage":"es","@id":"https:\/\/fuentesfidedignas.com.mx\/index.php\/2022\/06\/30\/reportan-muerte-del-conductor-fernando-del-solar-a-los-49-anos\/#primaryimage","url":"https:\/\/fuentesfidedignas.com.mx\/wp-content\/uploads\/2022\/06\/WhatsApp-Image-2022-06-30-at-12.44.04-PM.jpeg","contentUrl":"https:\/\/fuentesfidedignas.com.mx\/wp-content\/uploads\/2022\/06\/WhatsApp-Image-2022-06-30-at-12.44.04-PM.jpeg","width":1280,"height":853},{"@type":"BreadcrumbList","@id":"https:\/\/fuentesfidedignas.com.mx\/index.php\/2022\/06\/30\/reportan-muerte-del-conductor-fernando-del-solar-a-los-49-anos\/#breadcrumb","itemListElement":[{"@type":"ListItem","position":1,"name":"Inicio","item":"https:\/\/fuentesfidedignas.com.mx\/"},{"@type":"ListItem","position":2,"name":"Reportan muerte del conductor Fernando del Solar a los 49 a\u00f1os"}]},{"@type":"WebSite","@id":"https:\/\/fuentesfidedignas.com.mx\/#website","url":"https:\/\/fuentesfidedignas.com.mx\/","name":"Fuentes Fidedignas","description":"Otro sitio realizado con WordPress","publisher":{"@id":"https:\/\/fuentesfidedignas.com.mx\/#organization"},"potentialAction":[{"@type":"SearchAction","target":{"@type":"EntryPoint","urlTemplate":"https:\/\/fuentesfidedignas.com.mx\/?s={search_term_string}"},"query-input":{"@type":"PropertyValueSpecification","valueRequired":true,"valueName":"search_term_string"}}],"inLanguage":"es"},{"@type":"Organization","@id":"https:\/\/fuentesfidedignas.com.mx\/#organization","name":"Fuentes Fidedignas","url":"https:\/\/fuentesfidedignas.com.mx\/","logo":{"@type":"ImageObject","inLanguage":"es","@id":"https:\/\/fuentesfidedignas.com.mx\/#\/schema\/logo\/image\/","url":"https:\/\/fuentesfidedignas.com.mx\/wp-content\/uploads\/2021\/04\/logo-retina.png","contentUrl":"https:\/\/fuentesfidedignas.com.mx\/wp-content\/uploads\/2021\/04\/logo-retina.png","width":280,"height":51,"caption":"Fuentes Fidedignas"},"image":{"@id":"https:\/\/fuentesfidedignas.com.mx\/#\/schema\/logo\/image\/"},"sameAs":["https:\/\/www.facebook.com\/Fuentes-Fidedignas-368234489921644","https:\/\/x.com\/fidedignas"]},{"@type":"Person","@id":"https:\/\/fuentesfidedignas.com.mx\/#\/schema\/person\/e6015910abd0da7fb2a876e558a205c4","name":"Marco Polo D\u00e1vila","image":{"@type":"ImageObject","inLanguage":"es","@id":"https:\/\/secure.gravatar.com\/avatar\/85892fd16a2141c0d466b953042a6af5609b29567bbc155560d013e4f4ae6a8e?s=96&d=mm&r=g","url":"https:\/\/secure.gravatar.com\/avatar\/85892fd16a2141c0d466b953042a6af5609b29567bbc155560d013e4f4ae6a8e?s=96&d=mm&r=g","contentUrl":"https:\/\/secure.gravatar.com\/avatar\/85892fd16a2141c0d466b953042a6af5609b29567bbc155560d013e4f4ae6a8e?s=96&d=mm&r=g","caption":"Marco Polo D\u00e1vila"},"url":"https:\/\/fuentesfidedignas.com.mx\/index.php\/author\/marcopolo\/"}]}},"_links":{"self":[{"href":"https:\/\/fuentesfidedignas.com.mx\/index.php\/wp-json\/wp\/v2\/posts\/35829","targetHints":{"allow":["GET"]}}],"collection":[{"href":"https:\/\/fuentesfidedignas.com.mx\/index.php\/wp-json\/wp\/v2\/posts"}],"about":[{"href":"https:\/\/fuentesfidedignas.com.mx\/index.php\/wp-json\/wp\/v2\/types\/post"}],"author":[{"embeddable":true,"href":"https:\/\/fuentesfidedignas.com.mx\/index.php\/wp-json\/wp\/v2\/users\/111"}],"replies":[{"embeddable":true,"href":"https:\/\/fuentesfidedignas.com.mx\/index.php\/wp-json\/wp\/v2\/comments?post=35829"}],"version-history":[{"count":4,"href":"https:\/\/fuentesfidedignas.com.mx\/index.php\/wp-json\/wp\/v2\/posts\/35829\/revisions"}],"predecessor-version":[{"id":35847,"href":"https:\/\/fuentesfidedignas.com.mx\/index.php\/wp-json\/wp\/v2\/posts\/35829\/revisions\/35847"}],"wp:featuredmedia":[{"embeddable":true,"href":"https:\/\/fuentesfidedignas.com.mx\/index.php\/wp-json\/wp\/v2\/media\/35844"}],"wp:attachment":[{"href":"https:\/\/fuentesfidedignas.com.mx\/index.php\/wp-json\/wp\/v2\/media?parent=35829"}],"wp:term":[{"taxonomy":"category","embeddable":true,"href":"https:\/\/fuentesfidedignas.com.mx\/index.php\/wp-json\/wp\/v2\/categories?post=35829"},{"taxonomy":"post_tag","embeddable":true,"href":"https:\/\/fuentesfidedignas.com.mx\/index.php\/wp-json\/wp\/v2\/tags?post=35829"}],"curies":[{"name":"wp","href":"https:\/\/api.w.org\/{rel}","templated":true}]}}