{"id":35760,"date":"2022-06-29T14:53:49","date_gmt":"2022-06-29T20:53:49","guid":{"rendered":"https:\/\/fuentesfidedignas.com.mx\/?p=35760"},"modified":"2022-06-29T14:53:50","modified_gmt":"2022-06-29T20:53:50","slug":"asesinan-al-periodista-antonio-de-la-cruz-en-tamaulipas-su-hija-tambien-resulta-herida","status":"publish","type":"post","link":"https:\/\/fuentesfidedignas.com.mx\/index.php\/2022\/06\/29\/asesinan-al-periodista-antonio-de-la-cruz-en-tamaulipas-su-hija-tambien-resulta-herida\/","title":{"rendered":"Asesinan al periodista Antonio de la Cruz en Tamaulipas; su hija tambi\u00e9n resulta herida"},"content":{"rendered":"\n<p><br><strong><em>El ataque ocurri\u00f3 cuando de Antonio la Cruz y su hija sal\u00edan de su domicilio, ubicado en la calle Puerta de la Luna, del fraccionamiento Puerta de Tamat\u00e1n, en la capital tamaulipeca<\/em><\/strong><\/p>\n\n\n\n<p>Tamaulipas.- En\u00a0<strong>Ciudad Victoria, Tamaulipas,<\/strong>\u00a0la ma\u00f1ana de este mi\u00e9rcoles fue asesinado el periodista\u00a0<strong>Antonio de la Cruz<\/strong>, quien fue atacado a balazos afuera de su domicilio, y de acuerdo con reportes locales<strong>, su hija tambi\u00e9n result\u00f3 herida<\/strong>.<\/p>\n\n\n\n<p>El reportero formaba parte del diario&nbsp;<strong>Expreso de Tamaulipas<\/strong>, que conden\u00f3 este crimen y alz\u00f3 la voz para que su caso no quede impune como el de otros comunicadores que han perdido la vida en otros puntos de M\u00e9xico debido a su trabajo period\u00edstico.<\/p>\n\n\n\n<p>La casa editorial para la que trabajaba el reportero se\u00f1al\u00f3 que&nbsp;<strong>el ataque ocurri\u00f3 cuando de la Cruz y su hija sal\u00edan de su domicilio, ubicado en la calle Puerta de la Luna<\/strong>, del<strong>&nbsp;fraccionamiento Puerta de Tamat\u00e1n<\/strong>, en la capital tamaulipeca.<\/p>\n\n\n\n<p>Con la muerte de Antonio de la Cruz<strong>&nbsp;suman trece los comunicadores que han sido asesinados en el ejercicio de su profesi\u00f3n durante este 2022<\/strong>, aunque&nbsp;<strong>las autoridades descartaron uno de los casos&nbsp;<\/strong>al considerar que la v\u00edctima ten\u00eda otra ocupaci\u00f3n.<\/p>\n\n\n\n<p>El gobernador en funciones de Tamaulipas,<strong>\u00a0Francisco Garc\u00eda Cabeza de Vaca\u00a0<\/strong>public\u00f3 un mensaje en su cuenta de Twitter para condenar este asesinato y para enviar sus condolencias a los familiares del periodista. Agreg\u00f3 que ya solicit\u00f3 al Fiscal de Tamaulipas su compromiso para esclarecer este caso.<\/p>\n\n\n\n<figure class=\"wp-block-image\"><img decoding=\"async\" src=\"https:\/\/cloudfront-us-east-1.images.arcpublishing.com\/infobae\/EEC3WTOAYZD4BMM2MQVQ356XEU.jpg\" alt=\"\"\/><\/figure>\n\n\n\n<p>Por su parte, el&nbsp;<strong>diputado local por el partido Movimiento Ciudadano, Gustavo C\u00e1rdenas,<\/strong>&nbsp;declar\u00f3 ante representantes de los medios de comunicaci\u00f3n que<strong>&nbsp;el asesinato de Antonio de la Cruz fue por consigna y asegur\u00f3 que sobre el gobierno estatal pesa una \u201cgran responsabilidad\u201d<\/strong>&nbsp;sobre esta muerte.<\/p>\n\n\n\n<p>Gustavo C\u00e1rdenas agreg\u00f3 que<strong>&nbsp;no se ten\u00eda conocimiento de que la v\u00edctima tuviera una amenaza de muerte de manera previa&nbsp;<\/strong>y destac\u00f3 que el reportero manten\u00eda una postura de denuncia contra los actos de corrupci\u00f3n de los gobiernos locales, por lo que consider\u00f3 que esa podr\u00eda ser una l\u00ednea de investigaci\u00f3n.<\/p>\n\n\n\n<h2 class=\"wp-block-heading\">Fiscal\u00eda de Tamaulipas ya tom\u00f3 el caso<\/h2>\n\n\n\n<p>La Fiscal\u00eda General del Estado confirm\u00f3 que de la Cruz perdi\u00f3 la vida en un ataque directo y apunt\u00f3 que la investigaci\u00f3n se realiza conforme al&nbsp;<strong>Protocolo Homologado de Investigaci\u00f3n de Delitos Cometidos contra la Libertad de Expresi\u00f3n<\/strong>.<\/p>\n\n\n\n<p>Detall\u00f3 que el caso fue tomado por la&nbsp;<strong>Unidad Especializada en la Investigaci\u00f3n de los Delitos Cometidos contra la Libertad de Expresi\u00f3n, Derechos Humanos y Grupos Vulnerables<\/strong>.<\/p>\n\n\n\n<p>Se tiene conocimiento que de la Cruz cubr\u00eda temas agropecuarios y de medio ambiente, adem\u00e1s en sus redes sociales manten\u00eda, a t\u00edtulo personal,&nbsp;<strong>una postura cr\u00edtica a los gobiernos locales<\/strong>.<\/p>\n\n\n\n<p>En su cuenta de Twitter expresaba sus opiniones sobre la pol\u00edtica en esa entidad, de hecho este martes el reportero public\u00f3 un mensaje sobre la<strong>&nbsp;integraci\u00f3n de Santiago Nieto, extitular de la Unidad de Inteligencia Financiera (UIF) como asesor del gobierno de transici\u00f3n de Am\u00e9rico Villarreal<\/strong>.<\/p>\n\n\n\n<p>\u201c\u00d3rale..&nbsp;<strong>Santiago Nieto, ex titular de la Unidad de Inteligencia Financiera (UIF) y su equipo de trabajo, se incorporan como asesores al grupo de transici\u00f3n del gobernador electo de Tamaulipas<\/strong>, Am\u00e9rico Villarreal\u201d, escribi\u00f3 de la Cruz.<\/p>\n\n\n\n<p>Tambi\u00e9n public\u00f3 un mensaje este mismo martes en el que se\u00f1alaba<strong>&nbsp;al alcalde de Reynosa, Carlos Pe\u00f1a Ortiz,&nbsp;<\/strong>de quien dijo gobierna desde Mission, en el estado de Texas, en territorio de Estados Unidos.<\/p>\n\n\n\n<figure class=\"wp-block-image\"><img decoding=\"async\" src=\"https:\/\/cloudfront-us-east-1.images.arcpublishing.com\/infobae\/5IJWB57HNJD5FDAKMWWOQS7VJ4.jpg\" alt=\"\"\/><\/figure>\n\n\n\n<p><strong>Desde que Andr\u00e9s Manuel L\u00f3pez Obrador tom\u00f3 posesi\u00f3n como presidente<\/strong>&nbsp;de la Rep\u00fablica en diciembre de 2018,&nbsp;<strong>han sido asesinados 55 periodistas en M\u00e9xico<\/strong>, con lo cual rebas\u00f3 los datos registrados en la mitad del sexenio de Felipe Calder\u00f3n y Enrique Pe\u00f1a Nieto.<\/p>\n\n\n\n<p>Seg\u00fan informes de la Secretar\u00eda de Gobernaci\u00f3n (Segob),&nbsp;<strong>252 trabajadores de la prensa han sido ejecutados desde diciembre de 2006 hasta este 8 de marzo de 2022<\/strong>. De ellos, 220 fueron hombres y 32 mujeres. Sin embargo, al comparar tres a\u00f1os particulares de las dos \u00faltimas administraciones con la del actual mandatario, la cifra se ha rebasado.<\/p>\n\n\n\n<h2 class=\"wp-block-heading\">Ola de asesinatos contra periodistas<\/h2>\n\n\n\n<p><strong>Desde que Andr\u00e9s Manuel L\u00f3pez Obrador tom\u00f3 posesi\u00f3n como presidente<\/strong>&nbsp;de la Rep\u00fablica en diciembre de 2018,&nbsp;<strong>han sido asesinados ya 56 periodistas en M\u00e9xico<\/strong>, con lo cual rebas\u00f3 los datos registrados en la mitad del sexenio de Felipe Calder\u00f3n y Enrique Pe\u00f1a Nieto.<\/p>\n\n\n\n<p>Seg\u00fan informes de la Secretar\u00eda de Gobernaci\u00f3n (Segob),&nbsp;<strong>252 trabajadores de la prensa han sido ejecutados desde diciembre de 2006 hasta el 8 de marzo de 2022<\/strong>. De ellos, 220 fueron hombres y 32 mujeres. Sin embargo, al comparar tres a\u00f1os particulares de las dos \u00faltimas administraciones con la del actual mandatario, la cifra se ha rebasado.<\/p>\n\n\n\n<p><strong>En lo que va de este 2022, 12 periodistas mexicanos han sido asesinados&nbsp;<\/strong>y todos los resultados de las \u201cinvestigaciones\u201d realizadas por las autoridades, han descartado que los cr\u00edmenes est\u00e9n relacionados de manera directa con sus actividad profesional.<\/p>\n\n\n\n<p>En el caso de Antonio de la Cruz, la Fiscal\u00eda de Tamaulipas ya inform\u00f3 que se desarrollar\u00e1 la investigaci\u00f3n bajo los protocolos de la libertad de expresi\u00f3n.<\/p>\n","protected":false},"excerpt":{"rendered":"<p>El ataque ocurri\u00f3 cuando de Antonio la Cruz y su hija sal\u00edan de su domicilio, ubicado en la calle Puerta de la Luna, del fraccionamiento Puerta de Tamat\u00e1n, en la capital tamaulipeca Tamaulipas.- En\u00a0Ciudad Victoria, Tamaulipas,\u00a0la ma\u00f1ana de este mi\u00e9rcoles fue asesinado el periodista\u00a0Antonio de la Cruz, quien fue atacado a balazos afuera de su [&hellip;]<\/p>\n","protected":false},"author":41,"featured_media":35761,"comment_status":"open","ping_status":"open","sticky":false,"template":"","format":"standard","meta":{"tdm_status":"","tdm_grid_status":"","footnotes":""},"categories":[39],"tags":[],"class_list":{"0":"post-35760","1":"post","2":"type-post","3":"status-publish","4":"format-standard","5":"has-post-thumbnail","7":"category-noticias-nacionales"},"yoast_head":"<!-- This site is optimized with the Yoast SEO plugin v27.5 - https:\/\/yoast.com\/product\/yoast-seo-wordpress\/ -->\n<title>Asesinan al periodista Antonio de la Cruz en Tamaulipas; su hija tambi\u00e9n resulta herida - Fuentes Fidedignas<\/title>\n<meta name=\"robots\" content=\"index, follow, max-snippet:-1, max-image-preview:large, max-video-preview:-1\" \/>\n<link rel=\"canonical\" href=\"https:\/\/fuentesfidedignas.com.mx\/index.php\/2022\/06\/29\/asesinan-al-periodista-antonio-de-la-cruz-en-tamaulipas-su-hija-tambien-resulta-herida\/\" \/>\n<meta property=\"og:locale\" content=\"es_MX\" \/>\n<meta property=\"og:type\" content=\"article\" \/>\n<meta property=\"og:title\" content=\"Asesinan al periodista Antonio de la Cruz en Tamaulipas; su hija tambi\u00e9n resulta herida - Fuentes Fidedignas\" \/>\n<meta property=\"og:description\" content=\"El ataque ocurri\u00f3 cuando de Antonio la Cruz y su hija sal\u00edan de su domicilio, ubicado en la calle Puerta de la Luna, del fraccionamiento Puerta de Tamat\u00e1n, en la capital tamaulipeca Tamaulipas.- En\u00a0Ciudad Victoria, Tamaulipas,\u00a0la ma\u00f1ana de este mi\u00e9rcoles fue asesinado el periodista\u00a0Antonio de la Cruz, quien fue atacado a balazos afuera de su [&hellip;]\" \/>\n<meta property=\"og:url\" content=\"https:\/\/fuentesfidedignas.com.mx\/index.php\/2022\/06\/29\/asesinan-al-periodista-antonio-de-la-cruz-en-tamaulipas-su-hija-tambien-resulta-herida\/\" \/>\n<meta property=\"og:site_name\" content=\"Fuentes Fidedignas\" \/>\n<meta property=\"article:publisher\" content=\"https:\/\/www.facebook.com\/Fuentes-Fidedignas-368234489921644\" \/>\n<meta property=\"article:published_time\" content=\"2022-06-29T20:53:49+00:00\" \/>\n<meta property=\"article:modified_time\" content=\"2022-06-29T20:53:50+00:00\" \/>\n<meta property=\"og:image\" content=\"https:\/\/fuentesfidedignas.com.mx\/wp-content\/uploads\/2022\/06\/UPLUMZYGZBDJ7FDE3GSYD2DJZ4.jpeg\" \/>\n\t<meta property=\"og:image:width\" content=\"1960\" \/>\n\t<meta property=\"og:image:height\" content=\"1471\" \/>\n\t<meta property=\"og:image:type\" content=\"image\/jpeg\" \/>\n<meta name=\"author\" content=\"Infobae\" \/>\n<meta name=\"twitter:card\" content=\"summary_large_image\" \/>\n<meta name=\"twitter:creator\" content=\"@fidedignas\" \/>\n<meta name=\"twitter:site\" content=\"@fidedignas\" \/>\n<meta name=\"twitter:label1\" content=\"Escrito por\" \/>\n\t<meta name=\"twitter:data1\" content=\"Infobae\" \/>\n\t<meta name=\"twitter:label2\" content=\"Tiempo de lectura\" \/>\n\t<meta name=\"twitter:data2\" content=\"5 minutos\" \/>\n<script type=\"application\/ld+json\" class=\"yoast-schema-graph\">{\"@context\":\"https:\\\/\\\/schema.org\",\"@graph\":[{\"@type\":\"Article\",\"@id\":\"https:\\\/\\\/fuentesfidedignas.com.mx\\\/index.php\\\/2022\\\/06\\\/29\\\/asesinan-al-periodista-antonio-de-la-cruz-en-tamaulipas-su-hija-tambien-resulta-herida\\\/#article\",\"isPartOf\":{\"@id\":\"https:\\\/\\\/fuentesfidedignas.com.mx\\\/index.php\\\/2022\\\/06\\\/29\\\/asesinan-al-periodista-antonio-de-la-cruz-en-tamaulipas-su-hija-tambien-resulta-herida\\\/\"},\"author\":{\"name\":\"Infobae\",\"@id\":\"https:\\\/\\\/fuentesfidedignas.com.mx\\\/#\\\/schema\\\/person\\\/8575896a7c1067d352f6c1cd6582c389\"},\"headline\":\"Asesinan al periodista Antonio de la Cruz en Tamaulipas; su hija tambi\u00e9n resulta herida\",\"datePublished\":\"2022-06-29T20:53:49+00:00\",\"dateModified\":\"2022-06-29T20:53:50+00:00\",\"mainEntityOfPage\":{\"@id\":\"https:\\\/\\\/fuentesfidedignas.com.mx\\\/index.php\\\/2022\\\/06\\\/29\\\/asesinan-al-periodista-antonio-de-la-cruz-en-tamaulipas-su-hija-tambien-resulta-herida\\\/\"},\"wordCount\":926,\"commentCount\":0,\"publisher\":{\"@id\":\"https:\\\/\\\/fuentesfidedignas.com.mx\\\/#organization\"},\"image\":{\"@id\":\"https:\\\/\\\/fuentesfidedignas.com.mx\\\/index.php\\\/2022\\\/06\\\/29\\\/asesinan-al-periodista-antonio-de-la-cruz-en-tamaulipas-su-hija-tambien-resulta-herida\\\/#primaryimage\"},\"thumbnailUrl\":\"https:\\\/\\\/fuentesfidedignas.com.mx\\\/wp-content\\\/uploads\\\/2022\\\/06\\\/UPLUMZYGZBDJ7FDE3GSYD2DJZ4.jpeg\",\"articleSection\":[\"NOTICIAS NACIONALES\"],\"inLanguage\":\"es\",\"potentialAction\":[{\"@type\":\"CommentAction\",\"name\":\"Comment\",\"target\":[\"https:\\\/\\\/fuentesfidedignas.com.mx\\\/index.php\\\/2022\\\/06\\\/29\\\/asesinan-al-periodista-antonio-de-la-cruz-en-tamaulipas-su-hija-tambien-resulta-herida\\\/#respond\"]}]},{\"@type\":\"WebPage\",\"@id\":\"https:\\\/\\\/fuentesfidedignas.com.mx\\\/index.php\\\/2022\\\/06\\\/29\\\/asesinan-al-periodista-antonio-de-la-cruz-en-tamaulipas-su-hija-tambien-resulta-herida\\\/\",\"url\":\"https:\\\/\\\/fuentesfidedignas.com.mx\\\/index.php\\\/2022\\\/06\\\/29\\\/asesinan-al-periodista-antonio-de-la-cruz-en-tamaulipas-su-hija-tambien-resulta-herida\\\/\",\"name\":\"Asesinan al periodista Antonio de la Cruz en Tamaulipas; su hija tambi\u00e9n resulta herida - Fuentes Fidedignas\",\"isPartOf\":{\"@id\":\"https:\\\/\\\/fuentesfidedignas.com.mx\\\/#website\"},\"primaryImageOfPage\":{\"@id\":\"https:\\\/\\\/fuentesfidedignas.com.mx\\\/index.php\\\/2022\\\/06\\\/29\\\/asesinan-al-periodista-antonio-de-la-cruz-en-tamaulipas-su-hija-tambien-resulta-herida\\\/#primaryimage\"},\"image\":{\"@id\":\"https:\\\/\\\/fuentesfidedignas.com.mx\\\/index.php\\\/2022\\\/06\\\/29\\\/asesinan-al-periodista-antonio-de-la-cruz-en-tamaulipas-su-hija-tambien-resulta-herida\\\/#primaryimage\"},\"thumbnailUrl\":\"https:\\\/\\\/fuentesfidedignas.com.mx\\\/wp-content\\\/uploads\\\/2022\\\/06\\\/UPLUMZYGZBDJ7FDE3GSYD2DJZ4.jpeg\",\"datePublished\":\"2022-06-29T20:53:49+00:00\",\"dateModified\":\"2022-06-29T20:53:50+00:00\",\"breadcrumb\":{\"@id\":\"https:\\\/\\\/fuentesfidedignas.com.mx\\\/index.php\\\/2022\\\/06\\\/29\\\/asesinan-al-periodista-antonio-de-la-cruz-en-tamaulipas-su-hija-tambien-resulta-herida\\\/#breadcrumb\"},\"inLanguage\":\"es\",\"potentialAction\":[{\"@type\":\"ReadAction\",\"target\":[\"https:\\\/\\\/fuentesfidedignas.com.mx\\\/index.php\\\/2022\\\/06\\\/29\\\/asesinan-al-periodista-antonio-de-la-cruz-en-tamaulipas-su-hija-tambien-resulta-herida\\\/\"]}]},{\"@type\":\"ImageObject\",\"inLanguage\":\"es\",\"@id\":\"https:\\\/\\\/fuentesfidedignas.com.mx\\\/index.php\\\/2022\\\/06\\\/29\\\/asesinan-al-periodista-antonio-de-la-cruz-en-tamaulipas-su-hija-tambien-resulta-herida\\\/#primaryimage\",\"url\":\"https:\\\/\\\/fuentesfidedignas.com.mx\\\/wp-content\\\/uploads\\\/2022\\\/06\\\/UPLUMZYGZBDJ7FDE3GSYD2DJZ4.jpeg\",\"contentUrl\":\"https:\\\/\\\/fuentesfidedignas.com.mx\\\/wp-content\\\/uploads\\\/2022\\\/06\\\/UPLUMZYGZBDJ7FDE3GSYD2DJZ4.jpeg\",\"width\":1960,\"height\":1471},{\"@type\":\"BreadcrumbList\",\"@id\":\"https:\\\/\\\/fuentesfidedignas.com.mx\\\/index.php\\\/2022\\\/06\\\/29\\\/asesinan-al-periodista-antonio-de-la-cruz-en-tamaulipas-su-hija-tambien-resulta-herida\\\/#breadcrumb\",\"itemListElement\":[{\"@type\":\"ListItem\",\"position\":1,\"name\":\"Inicio\",\"item\":\"https:\\\/\\\/fuentesfidedignas.com.mx\\\/\"},{\"@type\":\"ListItem\",\"position\":2,\"name\":\"Asesinan al periodista Antonio de la Cruz en Tamaulipas; su hija tambi\u00e9n resulta herida\"}]},{\"@type\":\"WebSite\",\"@id\":\"https:\\\/\\\/fuentesfidedignas.com.mx\\\/#website\",\"url\":\"https:\\\/\\\/fuentesfidedignas.com.mx\\\/\",\"name\":\"Fuentes Fidedignas\",\"description\":\"Otro sitio realizado con WordPress\",\"publisher\":{\"@id\":\"https:\\\/\\\/fuentesfidedignas.com.mx\\\/#organization\"},\"potentialAction\":[{\"@type\":\"SearchAction\",\"target\":{\"@type\":\"EntryPoint\",\"urlTemplate\":\"https:\\\/\\\/fuentesfidedignas.com.mx\\\/?s={search_term_string}\"},\"query-input\":{\"@type\":\"PropertyValueSpecification\",\"valueRequired\":true,\"valueName\":\"search_term_string\"}}],\"inLanguage\":\"es\"},{\"@type\":\"Organization\",\"@id\":\"https:\\\/\\\/fuentesfidedignas.com.mx\\\/#organization\",\"name\":\"Fuentes Fidedignas\",\"url\":\"https:\\\/\\\/fuentesfidedignas.com.mx\\\/\",\"logo\":{\"@type\":\"ImageObject\",\"inLanguage\":\"es\",\"@id\":\"https:\\\/\\\/fuentesfidedignas.com.mx\\\/#\\\/schema\\\/logo\\\/image\\\/\",\"url\":\"https:\\\/\\\/fuentesfidedignas.com.mx\\\/wp-content\\\/uploads\\\/2021\\\/04\\\/logo-retina.png\",\"contentUrl\":\"https:\\\/\\\/fuentesfidedignas.com.mx\\\/wp-content\\\/uploads\\\/2021\\\/04\\\/logo-retina.png\",\"width\":280,\"height\":51,\"caption\":\"Fuentes Fidedignas\"},\"image\":{\"@id\":\"https:\\\/\\\/fuentesfidedignas.com.mx\\\/#\\\/schema\\\/logo\\\/image\\\/\"},\"sameAs\":[\"https:\\\/\\\/www.facebook.com\\\/Fuentes-Fidedignas-368234489921644\",\"https:\\\/\\\/x.com\\\/fidedignas\"]},{\"@type\":\"Person\",\"@id\":\"https:\\\/\\\/fuentesfidedignas.com.mx\\\/#\\\/schema\\\/person\\\/8575896a7c1067d352f6c1cd6582c389\",\"name\":\"Infobae\",\"image\":{\"@type\":\"ImageObject\",\"inLanguage\":\"es\",\"@id\":\"https:\\\/\\\/secure.gravatar.com\\\/avatar\\\/e4ec95706f8d1670343f6526fdcec45474bab17475a851434a64ca12b5acba1c?s=96&d=mm&r=g\",\"url\":\"https:\\\/\\\/secure.gravatar.com\\\/avatar\\\/e4ec95706f8d1670343f6526fdcec45474bab17475a851434a64ca12b5acba1c?s=96&d=mm&r=g\",\"contentUrl\":\"https:\\\/\\\/secure.gravatar.com\\\/avatar\\\/e4ec95706f8d1670343f6526fdcec45474bab17475a851434a64ca12b5acba1c?s=96&d=mm&r=g\",\"caption\":\"Infobae\"},\"url\":\"https:\\\/\\\/fuentesfidedignas.com.mx\\\/index.php\\\/author\\\/infobae\\\/\"}]}<\/script>\n<!-- \/ Yoast SEO plugin. -->","yoast_head_json":{"title":"Asesinan al periodista Antonio de la Cruz en Tamaulipas; su hija tambi\u00e9n resulta herida - Fuentes Fidedignas","robots":{"index":"index","follow":"follow","max-snippet":"max-snippet:-1","max-image-preview":"max-image-preview:large","max-video-preview":"max-video-preview:-1"},"canonical":"https:\/\/fuentesfidedignas.com.mx\/index.php\/2022\/06\/29\/asesinan-al-periodista-antonio-de-la-cruz-en-tamaulipas-su-hija-tambien-resulta-herida\/","og_locale":"es_MX","og_type":"article","og_title":"Asesinan al periodista Antonio de la Cruz en Tamaulipas; su hija tambi\u00e9n resulta herida - Fuentes Fidedignas","og_description":"El ataque ocurri\u00f3 cuando de Antonio la Cruz y su hija sal\u00edan de su domicilio, ubicado en la calle Puerta de la Luna, del fraccionamiento Puerta de Tamat\u00e1n, en la capital tamaulipeca Tamaulipas.- En\u00a0Ciudad Victoria, Tamaulipas,\u00a0la ma\u00f1ana de este mi\u00e9rcoles fue asesinado el periodista\u00a0Antonio de la Cruz, quien fue atacado a balazos afuera de su [&hellip;]","og_url":"https:\/\/fuentesfidedignas.com.mx\/index.php\/2022\/06\/29\/asesinan-al-periodista-antonio-de-la-cruz-en-tamaulipas-su-hija-tambien-resulta-herida\/","og_site_name":"Fuentes Fidedignas","article_publisher":"https:\/\/www.facebook.com\/Fuentes-Fidedignas-368234489921644","article_published_time":"2022-06-29T20:53:49+00:00","article_modified_time":"2022-06-29T20:53:50+00:00","og_image":[{"width":1960,"height":1471,"url":"https:\/\/fuentesfidedignas.com.mx\/wp-content\/uploads\/2022\/06\/UPLUMZYGZBDJ7FDE3GSYD2DJZ4.jpeg","type":"image\/jpeg"}],"author":"Infobae","twitter_card":"summary_large_image","twitter_creator":"@fidedignas","twitter_site":"@fidedignas","twitter_misc":{"Escrito por":"Infobae","Tiempo de lectura":"5 minutos"},"schema":{"@context":"https:\/\/schema.org","@graph":[{"@type":"Article","@id":"https:\/\/fuentesfidedignas.com.mx\/index.php\/2022\/06\/29\/asesinan-al-periodista-antonio-de-la-cruz-en-tamaulipas-su-hija-tambien-resulta-herida\/#article","isPartOf":{"@id":"https:\/\/fuentesfidedignas.com.mx\/index.php\/2022\/06\/29\/asesinan-al-periodista-antonio-de-la-cruz-en-tamaulipas-su-hija-tambien-resulta-herida\/"},"author":{"name":"Infobae","@id":"https:\/\/fuentesfidedignas.com.mx\/#\/schema\/person\/8575896a7c1067d352f6c1cd6582c389"},"headline":"Asesinan al periodista Antonio de la Cruz en Tamaulipas; su hija tambi\u00e9n resulta herida","datePublished":"2022-06-29T20:53:49+00:00","dateModified":"2022-06-29T20:53:50+00:00","mainEntityOfPage":{"@id":"https:\/\/fuentesfidedignas.com.mx\/index.php\/2022\/06\/29\/asesinan-al-periodista-antonio-de-la-cruz-en-tamaulipas-su-hija-tambien-resulta-herida\/"},"wordCount":926,"commentCount":0,"publisher":{"@id":"https:\/\/fuentesfidedignas.com.mx\/#organization"},"image":{"@id":"https:\/\/fuentesfidedignas.com.mx\/index.php\/2022\/06\/29\/asesinan-al-periodista-antonio-de-la-cruz-en-tamaulipas-su-hija-tambien-resulta-herida\/#primaryimage"},"thumbnailUrl":"https:\/\/fuentesfidedignas.com.mx\/wp-content\/uploads\/2022\/06\/UPLUMZYGZBDJ7FDE3GSYD2DJZ4.jpeg","articleSection":["NOTICIAS NACIONALES"],"inLanguage":"es","potentialAction":[{"@type":"CommentAction","name":"Comment","target":["https:\/\/fuentesfidedignas.com.mx\/index.php\/2022\/06\/29\/asesinan-al-periodista-antonio-de-la-cruz-en-tamaulipas-su-hija-tambien-resulta-herida\/#respond"]}]},{"@type":"WebPage","@id":"https:\/\/fuentesfidedignas.com.mx\/index.php\/2022\/06\/29\/asesinan-al-periodista-antonio-de-la-cruz-en-tamaulipas-su-hija-tambien-resulta-herida\/","url":"https:\/\/fuentesfidedignas.com.mx\/index.php\/2022\/06\/29\/asesinan-al-periodista-antonio-de-la-cruz-en-tamaulipas-su-hija-tambien-resulta-herida\/","name":"Asesinan al periodista Antonio de la Cruz en Tamaulipas; su hija tambi\u00e9n resulta herida - Fuentes Fidedignas","isPartOf":{"@id":"https:\/\/fuentesfidedignas.com.mx\/#website"},"primaryImageOfPage":{"@id":"https:\/\/fuentesfidedignas.com.mx\/index.php\/2022\/06\/29\/asesinan-al-periodista-antonio-de-la-cruz-en-tamaulipas-su-hija-tambien-resulta-herida\/#primaryimage"},"image":{"@id":"https:\/\/fuentesfidedignas.com.mx\/index.php\/2022\/06\/29\/asesinan-al-periodista-antonio-de-la-cruz-en-tamaulipas-su-hija-tambien-resulta-herida\/#primaryimage"},"thumbnailUrl":"https:\/\/fuentesfidedignas.com.mx\/wp-content\/uploads\/2022\/06\/UPLUMZYGZBDJ7FDE3GSYD2DJZ4.jpeg","datePublished":"2022-06-29T20:53:49+00:00","dateModified":"2022-06-29T20:53:50+00:00","breadcrumb":{"@id":"https:\/\/fuentesfidedignas.com.mx\/index.php\/2022\/06\/29\/asesinan-al-periodista-antonio-de-la-cruz-en-tamaulipas-su-hija-tambien-resulta-herida\/#breadcrumb"},"inLanguage":"es","potentialAction":[{"@type":"ReadAction","target":["https:\/\/fuentesfidedignas.com.mx\/index.php\/2022\/06\/29\/asesinan-al-periodista-antonio-de-la-cruz-en-tamaulipas-su-hija-tambien-resulta-herida\/"]}]},{"@type":"ImageObject","inLanguage":"es","@id":"https:\/\/fuentesfidedignas.com.mx\/index.php\/2022\/06\/29\/asesinan-al-periodista-antonio-de-la-cruz-en-tamaulipas-su-hija-tambien-resulta-herida\/#primaryimage","url":"https:\/\/fuentesfidedignas.com.mx\/wp-content\/uploads\/2022\/06\/UPLUMZYGZBDJ7FDE3GSYD2DJZ4.jpeg","contentUrl":"https:\/\/fuentesfidedignas.com.mx\/wp-content\/uploads\/2022\/06\/UPLUMZYGZBDJ7FDE3GSYD2DJZ4.jpeg","width":1960,"height":1471},{"@type":"BreadcrumbList","@id":"https:\/\/fuentesfidedignas.com.mx\/index.php\/2022\/06\/29\/asesinan-al-periodista-antonio-de-la-cruz-en-tamaulipas-su-hija-tambien-resulta-herida\/#breadcrumb","itemListElement":[{"@type":"ListItem","position":1,"name":"Inicio","item":"https:\/\/fuentesfidedignas.com.mx\/"},{"@type":"ListItem","position":2,"name":"Asesinan al periodista Antonio de la Cruz en Tamaulipas; su hija tambi\u00e9n resulta herida"}]},{"@type":"WebSite","@id":"https:\/\/fuentesfidedignas.com.mx\/#website","url":"https:\/\/fuentesfidedignas.com.mx\/","name":"Fuentes Fidedignas","description":"Otro sitio realizado con WordPress","publisher":{"@id":"https:\/\/fuentesfidedignas.com.mx\/#organization"},"potentialAction":[{"@type":"SearchAction","target":{"@type":"EntryPoint","urlTemplate":"https:\/\/fuentesfidedignas.com.mx\/?s={search_term_string}"},"query-input":{"@type":"PropertyValueSpecification","valueRequired":true,"valueName":"search_term_string"}}],"inLanguage":"es"},{"@type":"Organization","@id":"https:\/\/fuentesfidedignas.com.mx\/#organization","name":"Fuentes Fidedignas","url":"https:\/\/fuentesfidedignas.com.mx\/","logo":{"@type":"ImageObject","inLanguage":"es","@id":"https:\/\/fuentesfidedignas.com.mx\/#\/schema\/logo\/image\/","url":"https:\/\/fuentesfidedignas.com.mx\/wp-content\/uploads\/2021\/04\/logo-retina.png","contentUrl":"https:\/\/fuentesfidedignas.com.mx\/wp-content\/uploads\/2021\/04\/logo-retina.png","width":280,"height":51,"caption":"Fuentes Fidedignas"},"image":{"@id":"https:\/\/fuentesfidedignas.com.mx\/#\/schema\/logo\/image\/"},"sameAs":["https:\/\/www.facebook.com\/Fuentes-Fidedignas-368234489921644","https:\/\/x.com\/fidedignas"]},{"@type":"Person","@id":"https:\/\/fuentesfidedignas.com.mx\/#\/schema\/person\/8575896a7c1067d352f6c1cd6582c389","name":"Infobae","image":{"@type":"ImageObject","inLanguage":"es","@id":"https:\/\/secure.gravatar.com\/avatar\/e4ec95706f8d1670343f6526fdcec45474bab17475a851434a64ca12b5acba1c?s=96&d=mm&r=g","url":"https:\/\/secure.gravatar.com\/avatar\/e4ec95706f8d1670343f6526fdcec45474bab17475a851434a64ca12b5acba1c?s=96&d=mm&r=g","contentUrl":"https:\/\/secure.gravatar.com\/avatar\/e4ec95706f8d1670343f6526fdcec45474bab17475a851434a64ca12b5acba1c?s=96&d=mm&r=g","caption":"Infobae"},"url":"https:\/\/fuentesfidedignas.com.mx\/index.php\/author\/infobae\/"}]}},"_links":{"self":[{"href":"https:\/\/fuentesfidedignas.com.mx\/index.php\/wp-json\/wp\/v2\/posts\/35760","targetHints":{"allow":["GET"]}}],"collection":[{"href":"https:\/\/fuentesfidedignas.com.mx\/index.php\/wp-json\/wp\/v2\/posts"}],"about":[{"href":"https:\/\/fuentesfidedignas.com.mx\/index.php\/wp-json\/wp\/v2\/types\/post"}],"author":[{"embeddable":true,"href":"https:\/\/fuentesfidedignas.com.mx\/index.php\/wp-json\/wp\/v2\/users\/41"}],"replies":[{"embeddable":true,"href":"https:\/\/fuentesfidedignas.com.mx\/index.php\/wp-json\/wp\/v2\/comments?post=35760"}],"version-history":[{"count":1,"href":"https:\/\/fuentesfidedignas.com.mx\/index.php\/wp-json\/wp\/v2\/posts\/35760\/revisions"}],"predecessor-version":[{"id":35762,"href":"https:\/\/fuentesfidedignas.com.mx\/index.php\/wp-json\/wp\/v2\/posts\/35760\/revisions\/35762"}],"wp:featuredmedia":[{"embeddable":true,"href":"https:\/\/fuentesfidedignas.com.mx\/index.php\/wp-json\/wp\/v2\/media\/35761"}],"wp:attachment":[{"href":"https:\/\/fuentesfidedignas.com.mx\/index.php\/wp-json\/wp\/v2\/media?parent=35760"}],"wp:term":[{"taxonomy":"category","embeddable":true,"href":"https:\/\/fuentesfidedignas.com.mx\/index.php\/wp-json\/wp\/v2\/categories?post=35760"},{"taxonomy":"post_tag","embeddable":true,"href":"https:\/\/fuentesfidedignas.com.mx\/index.php\/wp-json\/wp\/v2\/tags?post=35760"}],"curies":[{"name":"wp","href":"https:\/\/api.w.org\/{rel}","templated":true}]}}