{"id":3564,"date":"2021-05-30T15:18:57","date_gmt":"2021-05-30T22:18:57","guid":{"rendered":"https:\/\/fuentesfidedignas.com.mx\/?p=3564"},"modified":"2021-05-30T15:18:58","modified_gmt":"2021-05-30T22:18:58","slug":"por-primera-vez-ceaip-impulsara-transparencia-proactiva-en-sinaloa","status":"publish","type":"post","link":"https:\/\/fuentesfidedignas.com.mx\/index.php\/2021\/05\/30\/por-primera-vez-ceaip-impulsara-transparencia-proactiva-en-sinaloa\/","title":{"rendered":"Por primera vez, Ceaip impulsar\u00e1 transparencia proactiva en Sinaloa"},"content":{"rendered":"\n<p><strong><em>Se reconocer\u00e1n esfuerzos de autoridades que publiquen informaci\u00f3n \u00fatil m\u00e1s all\u00e1 de las obligaciones de ley, se\u00f1ala Jos\u00e9 Alfredo Beltr\u00e1n Estrada, presidente de CEAIP<\/em><\/strong><\/p>\n\n\n\n<p>Culiac\u00e1n, Sin.- La Comisi\u00f3n Estatal para el Acceso a la Informaci\u00f3n P\u00fablica lanz\u00f3 la primera convocatoria que se impulsa en Sinaloa para reconocer los ejercicios de transparencia proactiva que realicen los 250 sujetos obligados por la Ley de Transparencia.<\/p>\n\n\n\n<p>Jos\u00e9 Alfredo Beltr\u00e1n Estrada, presidente de Ceaip, se\u00f1al\u00f3 que para el pleno que integra junto a los comisionados Liliana Margarita Campuzano Vega y Jos\u00e9 Luis Moreno L\u00f3pez, es fundamental avanzar en la construcci\u00f3n de una cultura de mayor transparencia en las instituciones p\u00fablicas.<\/p>\n\n\n\n<p>\u201cEs la primera vez en la historia del \u00f3rgano garante que se est\u00e1n focalizando esfuerzos institucionales para permear en \u00b4transparencia proactiva\u00b4, es decir, llevar al cabo buenas pr\u00e1cticas, m\u00e1s all\u00e1 de los propios mandatos de ley\u201d, explic\u00f3 el presidente del \u00f3rgano constitucional aut\u00f3nomo.<\/p>\n\n\n\n<p>Se trata, dijo, de que sujetos obligados pongan a disposici\u00f3n de ciudadan\u00eda informaci\u00f3n \u00fatil, para mejorar el \u201cd\u00eda a d\u00eda\u201d de las personas, a trav\u00e9s de herramientas tecnol\u00f3gicas, portales web, redes sociales, entre otros.<\/p>\n\n\n\n<p>De acuerdo con la primera convocatoria, el objetivo es reconocer los esfuerzos de autoridades que hayan publicado informaci\u00f3n \u00fatil m\u00e1s all\u00e1 de la enmarcada en las obligaciones de transparencia, la cual se haya detectado y generado con la colaboraci\u00f3n ciudadana y que provocar\u00e1 efectos positivos a partir de su difusi\u00f3n.<\/p>\n\n\n\n<p>Los sujetos obligados que busquen obtener este reconocimiento deber\u00e1n llenar el formulario que acompa\u00f1a a la convocatoria, el cual puede ser descargado desde el portal y las redes sociales institucionales de Ceaip, junto con los soportes documentales de la pr\u00e1ctica realizada.<\/p>\n\n\n\n<p>Todo esto deber\u00e1 enviarse al correo electr\u00f3nico del titular de la Unidad de Gobierno Abierto gmercado@ceaipsinaloa.org.mx.<\/p>\n\n\n\n<p>La Comisi\u00f3n se encargar\u00e1 de evaluar la pr\u00e1ctica de transparencia proactiva de quienes deseen de manera voluntaria participar, donde se analizar\u00e1n los procedimientos utilizados para la identificaci\u00f3n de la informaci\u00f3n, la participaci\u00f3n efectiva de la ciudadan\u00eda en el proceso de construcci\u00f3n de la informaci\u00f3n, la calidad de la informaci\u00f3n publicada, los medios de difusi\u00f3n definidos en funci\u00f3n de su audiencia, la consulta y\/o reutilizaci\u00f3n de la informaci\u00f3n publicada y los efectos positivos generados con ella.<\/p>\n\n\n\n<p>Quienes aspiren a obtener este reconocimiento tienen hasta el 30 de junio del presente a\u00f1o para el env\u00edo de la documentaci\u00f3n, y ser\u00e1 a m\u00e1s tardar el primero de septiembre cuando se notifique a los sujetos obligados los resultados del proceso de evaluaci\u00f3n.<\/p>\n\n\n\n<p>De obtener el reconocimiento este tendr\u00e1 una duraci\u00f3n de un a\u00f1o y la informaci\u00f3n se publicar\u00e1 conforme al art\u00edculo 95 fracci\u00f3n LV de la Ley de Transparencia y Acceso a la Informaci\u00f3n P\u00fablica de Sinaloa, en los formatos estable<\/p>\n","protected":false},"excerpt":{"rendered":"<p>Se reconocer\u00e1n esfuerzos de autoridades que publiquen informaci\u00f3n \u00fatil m\u00e1s all\u00e1 de las obligaciones de ley, se\u00f1ala Jos\u00e9 Alfredo Beltr\u00e1n Estrada, presidente de CEAIP Culiac\u00e1n, Sin.- La Comisi\u00f3n Estatal para el Acceso a la Informaci\u00f3n P\u00fablica lanz\u00f3 la primera convocatoria que se impulsa en Sinaloa para reconocer los ejercicios de transparencia proactiva que realicen los [&hellip;]<\/p>\n","protected":false},"author":4,"featured_media":3565,"comment_status":"open","ping_status":"open","sticky":false,"template":"","format":"standard","meta":{"tdm_status":"","tdm_grid_status":"","footnotes":""},"categories":[37],"tags":[77,344,345],"class_list":{"0":"post-3564","1":"post","2":"type-post","3":"status-publish","4":"format-standard","5":"has-post-thumbnail","7":"category-nota-principal","8":"tag-ceaip","9":"tag-comision-estatal-para-el-acceso-a-la-informacion-publica","10":"tag-jose-alfredo-beltran-estrada"},"yoast_head":"<!-- This site is optimized with the Yoast SEO plugin v27.5 - https:\/\/yoast.com\/product\/yoast-seo-wordpress\/ -->\n<title>Por primera vez, Ceaip impulsar\u00e1 transparencia proactiva en Sinaloa - Fuentes Fidedignas<\/title>\n<meta name=\"robots\" content=\"index, follow, max-snippet:-1, max-image-preview:large, max-video-preview:-1\" \/>\n<link rel=\"canonical\" href=\"https:\/\/fuentesfidedignas.com.mx\/index.php\/2021\/05\/30\/por-primera-vez-ceaip-impulsara-transparencia-proactiva-en-sinaloa\/\" \/>\n<meta property=\"og:locale\" content=\"es_MX\" \/>\n<meta property=\"og:type\" content=\"article\" \/>\n<meta property=\"og:title\" content=\"Por primera vez, Ceaip impulsar\u00e1 transparencia proactiva en Sinaloa - Fuentes Fidedignas\" \/>\n<meta property=\"og:description\" content=\"Se reconocer\u00e1n esfuerzos de autoridades que publiquen informaci\u00f3n \u00fatil m\u00e1s all\u00e1 de las obligaciones de ley, se\u00f1ala Jos\u00e9 Alfredo Beltr\u00e1n Estrada, presidente de CEAIP Culiac\u00e1n, Sin.- La Comisi\u00f3n Estatal para el Acceso a la Informaci\u00f3n P\u00fablica lanz\u00f3 la primera convocatoria que se impulsa en Sinaloa para reconocer los ejercicios de transparencia proactiva que realicen los [&hellip;]\" \/>\n<meta property=\"og:url\" content=\"https:\/\/fuentesfidedignas.com.mx\/index.php\/2021\/05\/30\/por-primera-vez-ceaip-impulsara-transparencia-proactiva-en-sinaloa\/\" \/>\n<meta property=\"og:site_name\" content=\"Fuentes Fidedignas\" \/>\n<meta property=\"article:publisher\" content=\"https:\/\/www.facebook.com\/Fuentes-Fidedignas-368234489921644\" \/>\n<meta property=\"article:published_time\" content=\"2021-05-30T22:18:57+00:00\" \/>\n<meta property=\"article:modified_time\" content=\"2021-05-30T22:18:58+00:00\" \/>\n<meta property=\"og:image\" content=\"https:\/\/fuentesfidedignas.com.mx\/wp-content\/uploads\/2021\/05\/Foto-1-1-2.jpg\" \/>\n\t<meta property=\"og:image:width\" content=\"1280\" \/>\n\t<meta property=\"og:image:height\" content=\"702\" \/>\n\t<meta property=\"og:image:type\" content=\"image\/jpeg\" \/>\n<meta name=\"author\" content=\"Redacci\u00f3n\" \/>\n<meta name=\"twitter:card\" content=\"summary_large_image\" \/>\n<meta name=\"twitter:creator\" content=\"@fidedignas\" \/>\n<meta name=\"twitter:site\" content=\"@fidedignas\" \/>\n<meta name=\"twitter:label1\" content=\"Escrito por\" \/>\n\t<meta name=\"twitter:data1\" content=\"Redacci\u00f3n\" \/>\n\t<meta name=\"twitter:label2\" content=\"Tiempo de lectura\" \/>\n\t<meta name=\"twitter:data2\" content=\"2 minutos\" \/>\n<script type=\"application\/ld+json\" class=\"yoast-schema-graph\">{\"@context\":\"https:\\\/\\\/schema.org\",\"@graph\":[{\"@type\":\"Article\",\"@id\":\"https:\\\/\\\/fuentesfidedignas.com.mx\\\/index.php\\\/2021\\\/05\\\/30\\\/por-primera-vez-ceaip-impulsara-transparencia-proactiva-en-sinaloa\\\/#article\",\"isPartOf\":{\"@id\":\"https:\\\/\\\/fuentesfidedignas.com.mx\\\/index.php\\\/2021\\\/05\\\/30\\\/por-primera-vez-ceaip-impulsara-transparencia-proactiva-en-sinaloa\\\/\"},\"author\":{\"name\":\"Redacci\u00f3n\",\"@id\":\"https:\\\/\\\/fuentesfidedignas.com.mx\\\/#\\\/schema\\\/person\\\/331be9283d37198e2acd5750279085b0\"},\"headline\":\"Por primera vez, Ceaip impulsar\u00e1 transparencia proactiva en Sinaloa\",\"datePublished\":\"2021-05-30T22:18:57+00:00\",\"dateModified\":\"2021-05-30T22:18:58+00:00\",\"mainEntityOfPage\":{\"@id\":\"https:\\\/\\\/fuentesfidedignas.com.mx\\\/index.php\\\/2021\\\/05\\\/30\\\/por-primera-vez-ceaip-impulsara-transparencia-proactiva-en-sinaloa\\\/\"},\"wordCount\":517,\"commentCount\":0,\"publisher\":{\"@id\":\"https:\\\/\\\/fuentesfidedignas.com.mx\\\/#organization\"},\"image\":{\"@id\":\"https:\\\/\\\/fuentesfidedignas.com.mx\\\/index.php\\\/2021\\\/05\\\/30\\\/por-primera-vez-ceaip-impulsara-transparencia-proactiva-en-sinaloa\\\/#primaryimage\"},\"thumbnailUrl\":\"https:\\\/\\\/fuentesfidedignas.com.mx\\\/wp-content\\\/uploads\\\/2021\\\/05\\\/Foto-1-1-2.jpg\",\"keywords\":[\"CEaip\",\"Comisi\u00f3n Estatal para el Acceso a la Informaci\u00f3n P\u00fablica\",\"Jos\u00e9 Alfredo Beltr\u00e1n Estrada\"],\"articleSection\":[\"NOTA PRINCIPAL\"],\"inLanguage\":\"es\",\"potentialAction\":[{\"@type\":\"CommentAction\",\"name\":\"Comment\",\"target\":[\"https:\\\/\\\/fuentesfidedignas.com.mx\\\/index.php\\\/2021\\\/05\\\/30\\\/por-primera-vez-ceaip-impulsara-transparencia-proactiva-en-sinaloa\\\/#respond\"]}]},{\"@type\":\"WebPage\",\"@id\":\"https:\\\/\\\/fuentesfidedignas.com.mx\\\/index.php\\\/2021\\\/05\\\/30\\\/por-primera-vez-ceaip-impulsara-transparencia-proactiva-en-sinaloa\\\/\",\"url\":\"https:\\\/\\\/fuentesfidedignas.com.mx\\\/index.php\\\/2021\\\/05\\\/30\\\/por-primera-vez-ceaip-impulsara-transparencia-proactiva-en-sinaloa\\\/\",\"name\":\"Por primera vez, Ceaip impulsar\u00e1 transparencia proactiva en Sinaloa - Fuentes Fidedignas\",\"isPartOf\":{\"@id\":\"https:\\\/\\\/fuentesfidedignas.com.mx\\\/#website\"},\"primaryImageOfPage\":{\"@id\":\"https:\\\/\\\/fuentesfidedignas.com.mx\\\/index.php\\\/2021\\\/05\\\/30\\\/por-primera-vez-ceaip-impulsara-transparencia-proactiva-en-sinaloa\\\/#primaryimage\"},\"image\":{\"@id\":\"https:\\\/\\\/fuentesfidedignas.com.mx\\\/index.php\\\/2021\\\/05\\\/30\\\/por-primera-vez-ceaip-impulsara-transparencia-proactiva-en-sinaloa\\\/#primaryimage\"},\"thumbnailUrl\":\"https:\\\/\\\/fuentesfidedignas.com.mx\\\/wp-content\\\/uploads\\\/2021\\\/05\\\/Foto-1-1-2.jpg\",\"datePublished\":\"2021-05-30T22:18:57+00:00\",\"dateModified\":\"2021-05-30T22:18:58+00:00\",\"breadcrumb\":{\"@id\":\"https:\\\/\\\/fuentesfidedignas.com.mx\\\/index.php\\\/2021\\\/05\\\/30\\\/por-primera-vez-ceaip-impulsara-transparencia-proactiva-en-sinaloa\\\/#breadcrumb\"},\"inLanguage\":\"es\",\"potentialAction\":[{\"@type\":\"ReadAction\",\"target\":[\"https:\\\/\\\/fuentesfidedignas.com.mx\\\/index.php\\\/2021\\\/05\\\/30\\\/por-primera-vez-ceaip-impulsara-transparencia-proactiva-en-sinaloa\\\/\"]}]},{\"@type\":\"ImageObject\",\"inLanguage\":\"es\",\"@id\":\"https:\\\/\\\/fuentesfidedignas.com.mx\\\/index.php\\\/2021\\\/05\\\/30\\\/por-primera-vez-ceaip-impulsara-transparencia-proactiva-en-sinaloa\\\/#primaryimage\",\"url\":\"https:\\\/\\\/fuentesfidedignas.com.mx\\\/wp-content\\\/uploads\\\/2021\\\/05\\\/Foto-1-1-2.jpg\",\"contentUrl\":\"https:\\\/\\\/fuentesfidedignas.com.mx\\\/wp-content\\\/uploads\\\/2021\\\/05\\\/Foto-1-1-2.jpg\",\"width\":1280,\"height\":702},{\"@type\":\"BreadcrumbList\",\"@id\":\"https:\\\/\\\/fuentesfidedignas.com.mx\\\/index.php\\\/2021\\\/05\\\/30\\\/por-primera-vez-ceaip-impulsara-transparencia-proactiva-en-sinaloa\\\/#breadcrumb\",\"itemListElement\":[{\"@type\":\"ListItem\",\"position\":1,\"name\":\"Inicio\",\"item\":\"https:\\\/\\\/fuentesfidedignas.com.mx\\\/\"},{\"@type\":\"ListItem\",\"position\":2,\"name\":\"Por primera vez, Ceaip impulsar\u00e1 transparencia proactiva en Sinaloa\"}]},{\"@type\":\"WebSite\",\"@id\":\"https:\\\/\\\/fuentesfidedignas.com.mx\\\/#website\",\"url\":\"https:\\\/\\\/fuentesfidedignas.com.mx\\\/\",\"name\":\"Fuentes Fidedignas\",\"description\":\"Otro sitio realizado con WordPress\",\"publisher\":{\"@id\":\"https:\\\/\\\/fuentesfidedignas.com.mx\\\/#organization\"},\"potentialAction\":[{\"@type\":\"SearchAction\",\"target\":{\"@type\":\"EntryPoint\",\"urlTemplate\":\"https:\\\/\\\/fuentesfidedignas.com.mx\\\/?s={search_term_string}\"},\"query-input\":{\"@type\":\"PropertyValueSpecification\",\"valueRequired\":true,\"valueName\":\"search_term_string\"}}],\"inLanguage\":\"es\"},{\"@type\":\"Organization\",\"@id\":\"https:\\\/\\\/fuentesfidedignas.com.mx\\\/#organization\",\"name\":\"Fuentes Fidedignas\",\"url\":\"https:\\\/\\\/fuentesfidedignas.com.mx\\\/\",\"logo\":{\"@type\":\"ImageObject\",\"inLanguage\":\"es\",\"@id\":\"https:\\\/\\\/fuentesfidedignas.com.mx\\\/#\\\/schema\\\/logo\\\/image\\\/\",\"url\":\"https:\\\/\\\/fuentesfidedignas.com.mx\\\/wp-content\\\/uploads\\\/2021\\\/04\\\/logo-retina.png\",\"contentUrl\":\"https:\\\/\\\/fuentesfidedignas.com.mx\\\/wp-content\\\/uploads\\\/2021\\\/04\\\/logo-retina.png\",\"width\":280,\"height\":51,\"caption\":\"Fuentes Fidedignas\"},\"image\":{\"@id\":\"https:\\\/\\\/fuentesfidedignas.com.mx\\\/#\\\/schema\\\/logo\\\/image\\\/\"},\"sameAs\":[\"https:\\\/\\\/www.facebook.com\\\/Fuentes-Fidedignas-368234489921644\",\"https:\\\/\\\/x.com\\\/fidedignas\"]},{\"@type\":\"Person\",\"@id\":\"https:\\\/\\\/fuentesfidedignas.com.mx\\\/#\\\/schema\\\/person\\\/331be9283d37198e2acd5750279085b0\",\"name\":\"Redacci\u00f3n\",\"image\":{\"@type\":\"ImageObject\",\"inLanguage\":\"es\",\"@id\":\"https:\\\/\\\/secure.gravatar.com\\\/avatar\\\/f6d8782c11d12b2d4ad3fbb6931aeab5309937a4d6cd2fc9cfaa28a6396a5aec?s=96&d=mm&r=g\",\"url\":\"https:\\\/\\\/secure.gravatar.com\\\/avatar\\\/f6d8782c11d12b2d4ad3fbb6931aeab5309937a4d6cd2fc9cfaa28a6396a5aec?s=96&d=mm&r=g\",\"contentUrl\":\"https:\\\/\\\/secure.gravatar.com\\\/avatar\\\/f6d8782c11d12b2d4ad3fbb6931aeab5309937a4d6cd2fc9cfaa28a6396a5aec?s=96&d=mm&r=g\",\"caption\":\"Redacci\u00f3n\"},\"url\":\"https:\\\/\\\/fuentesfidedignas.com.mx\\\/index.php\\\/author\\\/redaccion\\\/\"}]}<\/script>\n<!-- \/ Yoast SEO plugin. -->","yoast_head_json":{"title":"Por primera vez, Ceaip impulsar\u00e1 transparencia proactiva en Sinaloa - Fuentes Fidedignas","robots":{"index":"index","follow":"follow","max-snippet":"max-snippet:-1","max-image-preview":"max-image-preview:large","max-video-preview":"max-video-preview:-1"},"canonical":"https:\/\/fuentesfidedignas.com.mx\/index.php\/2021\/05\/30\/por-primera-vez-ceaip-impulsara-transparencia-proactiva-en-sinaloa\/","og_locale":"es_MX","og_type":"article","og_title":"Por primera vez, Ceaip impulsar\u00e1 transparencia proactiva en Sinaloa - Fuentes Fidedignas","og_description":"Se reconocer\u00e1n esfuerzos de autoridades que publiquen informaci\u00f3n \u00fatil m\u00e1s all\u00e1 de las obligaciones de ley, se\u00f1ala Jos\u00e9 Alfredo Beltr\u00e1n Estrada, presidente de CEAIP Culiac\u00e1n, Sin.- La Comisi\u00f3n Estatal para el Acceso a la Informaci\u00f3n P\u00fablica lanz\u00f3 la primera convocatoria que se impulsa en Sinaloa para reconocer los ejercicios de transparencia proactiva que realicen los [&hellip;]","og_url":"https:\/\/fuentesfidedignas.com.mx\/index.php\/2021\/05\/30\/por-primera-vez-ceaip-impulsara-transparencia-proactiva-en-sinaloa\/","og_site_name":"Fuentes Fidedignas","article_publisher":"https:\/\/www.facebook.com\/Fuentes-Fidedignas-368234489921644","article_published_time":"2021-05-30T22:18:57+00:00","article_modified_time":"2021-05-30T22:18:58+00:00","og_image":[{"width":1280,"height":702,"url":"https:\/\/fuentesfidedignas.com.mx\/wp-content\/uploads\/2021\/05\/Foto-1-1-2.jpg","type":"image\/jpeg"}],"author":"Redacci\u00f3n","twitter_card":"summary_large_image","twitter_creator":"@fidedignas","twitter_site":"@fidedignas","twitter_misc":{"Escrito por":"Redacci\u00f3n","Tiempo de lectura":"2 minutos"},"schema":{"@context":"https:\/\/schema.org","@graph":[{"@type":"Article","@id":"https:\/\/fuentesfidedignas.com.mx\/index.php\/2021\/05\/30\/por-primera-vez-ceaip-impulsara-transparencia-proactiva-en-sinaloa\/#article","isPartOf":{"@id":"https:\/\/fuentesfidedignas.com.mx\/index.php\/2021\/05\/30\/por-primera-vez-ceaip-impulsara-transparencia-proactiva-en-sinaloa\/"},"author":{"name":"Redacci\u00f3n","@id":"https:\/\/fuentesfidedignas.com.mx\/#\/schema\/person\/331be9283d37198e2acd5750279085b0"},"headline":"Por primera vez, Ceaip impulsar\u00e1 transparencia proactiva en Sinaloa","datePublished":"2021-05-30T22:18:57+00:00","dateModified":"2021-05-30T22:18:58+00:00","mainEntityOfPage":{"@id":"https:\/\/fuentesfidedignas.com.mx\/index.php\/2021\/05\/30\/por-primera-vez-ceaip-impulsara-transparencia-proactiva-en-sinaloa\/"},"wordCount":517,"commentCount":0,"publisher":{"@id":"https:\/\/fuentesfidedignas.com.mx\/#organization"},"image":{"@id":"https:\/\/fuentesfidedignas.com.mx\/index.php\/2021\/05\/30\/por-primera-vez-ceaip-impulsara-transparencia-proactiva-en-sinaloa\/#primaryimage"},"thumbnailUrl":"https:\/\/fuentesfidedignas.com.mx\/wp-content\/uploads\/2021\/05\/Foto-1-1-2.jpg","keywords":["CEaip","Comisi\u00f3n Estatal para el Acceso a la Informaci\u00f3n P\u00fablica","Jos\u00e9 Alfredo Beltr\u00e1n Estrada"],"articleSection":["NOTA PRINCIPAL"],"inLanguage":"es","potentialAction":[{"@type":"CommentAction","name":"Comment","target":["https:\/\/fuentesfidedignas.com.mx\/index.php\/2021\/05\/30\/por-primera-vez-ceaip-impulsara-transparencia-proactiva-en-sinaloa\/#respond"]}]},{"@type":"WebPage","@id":"https:\/\/fuentesfidedignas.com.mx\/index.php\/2021\/05\/30\/por-primera-vez-ceaip-impulsara-transparencia-proactiva-en-sinaloa\/","url":"https:\/\/fuentesfidedignas.com.mx\/index.php\/2021\/05\/30\/por-primera-vez-ceaip-impulsara-transparencia-proactiva-en-sinaloa\/","name":"Por primera vez, Ceaip impulsar\u00e1 transparencia proactiva en Sinaloa - Fuentes Fidedignas","isPartOf":{"@id":"https:\/\/fuentesfidedignas.com.mx\/#website"},"primaryImageOfPage":{"@id":"https:\/\/fuentesfidedignas.com.mx\/index.php\/2021\/05\/30\/por-primera-vez-ceaip-impulsara-transparencia-proactiva-en-sinaloa\/#primaryimage"},"image":{"@id":"https:\/\/fuentesfidedignas.com.mx\/index.php\/2021\/05\/30\/por-primera-vez-ceaip-impulsara-transparencia-proactiva-en-sinaloa\/#primaryimage"},"thumbnailUrl":"https:\/\/fuentesfidedignas.com.mx\/wp-content\/uploads\/2021\/05\/Foto-1-1-2.jpg","datePublished":"2021-05-30T22:18:57+00:00","dateModified":"2021-05-30T22:18:58+00:00","breadcrumb":{"@id":"https:\/\/fuentesfidedignas.com.mx\/index.php\/2021\/05\/30\/por-primera-vez-ceaip-impulsara-transparencia-proactiva-en-sinaloa\/#breadcrumb"},"inLanguage":"es","potentialAction":[{"@type":"ReadAction","target":["https:\/\/fuentesfidedignas.com.mx\/index.php\/2021\/05\/30\/por-primera-vez-ceaip-impulsara-transparencia-proactiva-en-sinaloa\/"]}]},{"@type":"ImageObject","inLanguage":"es","@id":"https:\/\/fuentesfidedignas.com.mx\/index.php\/2021\/05\/30\/por-primera-vez-ceaip-impulsara-transparencia-proactiva-en-sinaloa\/#primaryimage","url":"https:\/\/fuentesfidedignas.com.mx\/wp-content\/uploads\/2021\/05\/Foto-1-1-2.jpg","contentUrl":"https:\/\/fuentesfidedignas.com.mx\/wp-content\/uploads\/2021\/05\/Foto-1-1-2.jpg","width":1280,"height":702},{"@type":"BreadcrumbList","@id":"https:\/\/fuentesfidedignas.com.mx\/index.php\/2021\/05\/30\/por-primera-vez-ceaip-impulsara-transparencia-proactiva-en-sinaloa\/#breadcrumb","itemListElement":[{"@type":"ListItem","position":1,"name":"Inicio","item":"https:\/\/fuentesfidedignas.com.mx\/"},{"@type":"ListItem","position":2,"name":"Por primera vez, Ceaip impulsar\u00e1 transparencia proactiva en Sinaloa"}]},{"@type":"WebSite","@id":"https:\/\/fuentesfidedignas.com.mx\/#website","url":"https:\/\/fuentesfidedignas.com.mx\/","name":"Fuentes Fidedignas","description":"Otro sitio realizado con WordPress","publisher":{"@id":"https:\/\/fuentesfidedignas.com.mx\/#organization"},"potentialAction":[{"@type":"SearchAction","target":{"@type":"EntryPoint","urlTemplate":"https:\/\/fuentesfidedignas.com.mx\/?s={search_term_string}"},"query-input":{"@type":"PropertyValueSpecification","valueRequired":true,"valueName":"search_term_string"}}],"inLanguage":"es"},{"@type":"Organization","@id":"https:\/\/fuentesfidedignas.com.mx\/#organization","name":"Fuentes Fidedignas","url":"https:\/\/fuentesfidedignas.com.mx\/","logo":{"@type":"ImageObject","inLanguage":"es","@id":"https:\/\/fuentesfidedignas.com.mx\/#\/schema\/logo\/image\/","url":"https:\/\/fuentesfidedignas.com.mx\/wp-content\/uploads\/2021\/04\/logo-retina.png","contentUrl":"https:\/\/fuentesfidedignas.com.mx\/wp-content\/uploads\/2021\/04\/logo-retina.png","width":280,"height":51,"caption":"Fuentes Fidedignas"},"image":{"@id":"https:\/\/fuentesfidedignas.com.mx\/#\/schema\/logo\/image\/"},"sameAs":["https:\/\/www.facebook.com\/Fuentes-Fidedignas-368234489921644","https:\/\/x.com\/fidedignas"]},{"@type":"Person","@id":"https:\/\/fuentesfidedignas.com.mx\/#\/schema\/person\/331be9283d37198e2acd5750279085b0","name":"Redacci\u00f3n","image":{"@type":"ImageObject","inLanguage":"es","@id":"https:\/\/secure.gravatar.com\/avatar\/f6d8782c11d12b2d4ad3fbb6931aeab5309937a4d6cd2fc9cfaa28a6396a5aec?s=96&d=mm&r=g","url":"https:\/\/secure.gravatar.com\/avatar\/f6d8782c11d12b2d4ad3fbb6931aeab5309937a4d6cd2fc9cfaa28a6396a5aec?s=96&d=mm&r=g","contentUrl":"https:\/\/secure.gravatar.com\/avatar\/f6d8782c11d12b2d4ad3fbb6931aeab5309937a4d6cd2fc9cfaa28a6396a5aec?s=96&d=mm&r=g","caption":"Redacci\u00f3n"},"url":"https:\/\/fuentesfidedignas.com.mx\/index.php\/author\/redaccion\/"}]}},"_links":{"self":[{"href":"https:\/\/fuentesfidedignas.com.mx\/index.php\/wp-json\/wp\/v2\/posts\/3564","targetHints":{"allow":["GET"]}}],"collection":[{"href":"https:\/\/fuentesfidedignas.com.mx\/index.php\/wp-json\/wp\/v2\/posts"}],"about":[{"href":"https:\/\/fuentesfidedignas.com.mx\/index.php\/wp-json\/wp\/v2\/types\/post"}],"author":[{"embeddable":true,"href":"https:\/\/fuentesfidedignas.com.mx\/index.php\/wp-json\/wp\/v2\/users\/4"}],"replies":[{"embeddable":true,"href":"https:\/\/fuentesfidedignas.com.mx\/index.php\/wp-json\/wp\/v2\/comments?post=3564"}],"version-history":[{"count":1,"href":"https:\/\/fuentesfidedignas.com.mx\/index.php\/wp-json\/wp\/v2\/posts\/3564\/revisions"}],"predecessor-version":[{"id":3566,"href":"https:\/\/fuentesfidedignas.com.mx\/index.php\/wp-json\/wp\/v2\/posts\/3564\/revisions\/3566"}],"wp:featuredmedia":[{"embeddable":true,"href":"https:\/\/fuentesfidedignas.com.mx\/index.php\/wp-json\/wp\/v2\/media\/3565"}],"wp:attachment":[{"href":"https:\/\/fuentesfidedignas.com.mx\/index.php\/wp-json\/wp\/v2\/media?parent=3564"}],"wp:term":[{"taxonomy":"category","embeddable":true,"href":"https:\/\/fuentesfidedignas.com.mx\/index.php\/wp-json\/wp\/v2\/categories?post=3564"},{"taxonomy":"post_tag","embeddable":true,"href":"https:\/\/fuentesfidedignas.com.mx\/index.php\/wp-json\/wp\/v2\/tags?post=3564"}],"curies":[{"name":"wp","href":"https:\/\/api.w.org\/{rel}","templated":true}]}}