{"id":35497,"date":"2022-06-27T07:43:39","date_gmt":"2022-06-27T13:43:39","guid":{"rendered":"https:\/\/fuentesfidedignas.com.mx\/?p=35497"},"modified":"2022-06-27T07:50:49","modified_gmt":"2022-06-27T13:50:49","slug":"cantoral-bustamante-y-luis-garcia-en-la-alfombra-roja-de-la-premiere-minions-nace-un-villano","status":"publish","type":"post","link":"https:\/\/fuentesfidedignas.com.mx\/index.php\/2022\/06\/27\/cantoral-bustamante-y-luis-garcia-en-la-alfombra-roja-de-la-premiere-minions-nace-un-villano\/","title":{"rendered":"Cantoral, Bustamante y Luis Garc\u00eda en la alfombra roja de la premiere Minions, nace un villano"},"content":{"rendered":"\n<p><strong><em>Las personalidades llegaron acompa\u00f1ados de sus familias en Polanco para desfilar por la pasarela<\/em><\/strong><\/p>\n\n\n\n<p>Ciudad de M\u00e9xico.- La alfombra roja y premiere de la pel\u00edcula Minions, nace un Villano reuni\u00f3 a parte del elenco como el comediante Andr\u00e9s Bustamante, la actriz y cantante mexicana Itat\u00ed Cantoral y los comentaristas y conductores Christian Martinoli y Luis Garc\u00eda, acompa\u00f1ados de sus familias se dieron cita en Polanco para desfilar por la pasarela.<\/p>\n\n\n\n<p>En cuanto lleg\u00f3 Itat\u00ed Cantoral prendi\u00f3 todo el ambiente, pues lleg\u00f3 en un atuendo rosa muy al estilo de los a\u00f1os setenta como su personaje, pues interpreta a Dona Disco una villana que ama la m\u00fasica del g\u00e9nero Dance y Disco, as\u00ed que lleg\u00f3 bailando y de muy buen humor. \u201cHola, Itat\u00ed Cantoral aqu\u00ed con los Minions\u201d, grit\u00f3 a su llegada, con su atuendo acampanado y en medio su nombre \u201cDona Disco\u201d, con unas mangas color blanco que colgaban de sus antebrazos, muy divertida la actriz no par\u00f3 de sonre\u00edr, mientras mostraba sus poses de baile. <em>\u201cEstoy muy feliz de poder formar parte de esta cinta animada, ya que para m\u00ed ha sido toda una experiencia incre\u00edble, adem\u00e1s hacer este personaje me ha llenado mucho pues amo la m\u00fasica, la m\u00fasica lo es todo, invito al p\u00fablico a que vean esta pel\u00edcula que ya va a llegar a los cines y eso me emociona mucho\u201d<\/em>, dijo Itat\u00ed durante su paso por la alfombra.<\/p>\n\n\n\n<p>Tambi\u00e9n asisti\u00f3 Andr\u00e9s Bustamante quien es una figura importante en la comedia mexicana por el exitoso show de comedia \u201cEl G\u00fciri G\u00fciri\u201d y por m\u00faltiples personajes que ha realizado en toda su vida.<\/p>\n\n\n\n<p>El exfutbolista y comentarista Luis Garc\u00eda interpreta a Svenganza, un campe\u00f3n de patinaje sobre ruedas que usa sus habilidades para cometer cr\u00edmenes, quien adem\u00e1s forma parte de la organizaci\u00f3n de ultravillanos Los Vicio6.<\/p>\n\n\n\n<figure class=\"wp-block-gallery has-nested-images columns-default is-cropped wp-block-gallery-1 is-layout-flex wp-block-gallery-is-layout-flex\">\n<figure class=\"wp-block-image size-large\"><img decoding=\"async\" width=\"1280\" height=\"853\" data-id=\"35509\" src=\"https:\/\/fuentesfidedignas.com.mx\/wp-content\/uploads\/2022\/06\/ITATI1.jpg\" alt=\"\" class=\"wp-image-35509\" srcset=\"https:\/\/fuentesfidedignas.com.mx\/wp-content\/uploads\/2022\/06\/ITATI1.jpg 1280w, https:\/\/fuentesfidedignas.com.mx\/wp-content\/uploads\/2022\/06\/ITATI1-300x200.jpg 300w, https:\/\/fuentesfidedignas.com.mx\/wp-content\/uploads\/2022\/06\/ITATI1-1024x682.jpg 1024w, https:\/\/fuentesfidedignas.com.mx\/wp-content\/uploads\/2022\/06\/ITATI1-768x512.jpg 768w, https:\/\/fuentesfidedignas.com.mx\/wp-content\/uploads\/2022\/06\/ITATI1-696x464.jpg 696w, https:\/\/fuentesfidedignas.com.mx\/wp-content\/uploads\/2022\/06\/ITATI1-1068x712.jpg 1068w, https:\/\/fuentesfidedignas.com.mx\/wp-content\/uploads\/2022\/06\/ITATI1-630x420.jpg 630w\" sizes=\"(max-width: 1280px) 100vw, 1280px\" \/><\/figure>\n\n\n\n<figure class=\"wp-block-image size-large\"><img decoding=\"async\" width=\"853\" height=\"1280\" data-id=\"35508\" src=\"https:\/\/fuentesfidedignas.com.mx\/wp-content\/uploads\/2022\/06\/e1de975f-5452-4038-b131-e1a09190c79b.jpg\" alt=\"\" class=\"wp-image-35508\" srcset=\"https:\/\/fuentesfidedignas.com.mx\/wp-content\/uploads\/2022\/06\/e1de975f-5452-4038-b131-e1a09190c79b.jpg 853w, https:\/\/fuentesfidedignas.com.mx\/wp-content\/uploads\/2022\/06\/e1de975f-5452-4038-b131-e1a09190c79b-200x300.jpg 200w, https:\/\/fuentesfidedignas.com.mx\/wp-content\/uploads\/2022\/06\/e1de975f-5452-4038-b131-e1a09190c79b-682x1024.jpg 682w, https:\/\/fuentesfidedignas.com.mx\/wp-content\/uploads\/2022\/06\/e1de975f-5452-4038-b131-e1a09190c79b-768x1152.jpg 768w, https:\/\/fuentesfidedignas.com.mx\/wp-content\/uploads\/2022\/06\/e1de975f-5452-4038-b131-e1a09190c79b-696x1044.jpg 696w, https:\/\/fuentesfidedignas.com.mx\/wp-content\/uploads\/2022\/06\/e1de975f-5452-4038-b131-e1a09190c79b-280x420.jpg 280w\" sizes=\"(max-width: 853px) 100vw, 853px\" \/><\/figure>\n\n\n\n<figure class=\"wp-block-image size-large\"><img decoding=\"async\" width=\"1280\" height=\"853\" data-id=\"35506\" src=\"https:\/\/fuentesfidedignas.com.mx\/wp-content\/uploads\/2022\/06\/ce3e9d4a-6d63-43d6-98c1-2077717da5f5.jpg\" alt=\"\" class=\"wp-image-35506\" srcset=\"https:\/\/fuentesfidedignas.com.mx\/wp-content\/uploads\/2022\/06\/ce3e9d4a-6d63-43d6-98c1-2077717da5f5.jpg 1280w, https:\/\/fuentesfidedignas.com.mx\/wp-content\/uploads\/2022\/06\/ce3e9d4a-6d63-43d6-98c1-2077717da5f5-300x200.jpg 300w, https:\/\/fuentesfidedignas.com.mx\/wp-content\/uploads\/2022\/06\/ce3e9d4a-6d63-43d6-98c1-2077717da5f5-1024x682.jpg 1024w, https:\/\/fuentesfidedignas.com.mx\/wp-content\/uploads\/2022\/06\/ce3e9d4a-6d63-43d6-98c1-2077717da5f5-768x512.jpg 768w, https:\/\/fuentesfidedignas.com.mx\/wp-content\/uploads\/2022\/06\/ce3e9d4a-6d63-43d6-98c1-2077717da5f5-696x464.jpg 696w, https:\/\/fuentesfidedignas.com.mx\/wp-content\/uploads\/2022\/06\/ce3e9d4a-6d63-43d6-98c1-2077717da5f5-1068x712.jpg 1068w, https:\/\/fuentesfidedignas.com.mx\/wp-content\/uploads\/2022\/06\/ce3e9d4a-6d63-43d6-98c1-2077717da5f5-630x420.jpg 630w\" sizes=\"(max-width: 1280px) 100vw, 1280px\" \/><\/figure>\n\n\n\n<figure class=\"wp-block-image size-large\"><img decoding=\"async\" width=\"853\" height=\"1280\" data-id=\"35505\" src=\"https:\/\/fuentesfidedignas.com.mx\/wp-content\/uploads\/2022\/06\/7b432518-8764-4d64-a316-c891382fd5c7.jpg\" alt=\"\" class=\"wp-image-35505\" srcset=\"https:\/\/fuentesfidedignas.com.mx\/wp-content\/uploads\/2022\/06\/7b432518-8764-4d64-a316-c891382fd5c7.jpg 853w, https:\/\/fuentesfidedignas.com.mx\/wp-content\/uploads\/2022\/06\/7b432518-8764-4d64-a316-c891382fd5c7-200x300.jpg 200w, https:\/\/fuentesfidedignas.com.mx\/wp-content\/uploads\/2022\/06\/7b432518-8764-4d64-a316-c891382fd5c7-682x1024.jpg 682w, https:\/\/fuentesfidedignas.com.mx\/wp-content\/uploads\/2022\/06\/7b432518-8764-4d64-a316-c891382fd5c7-768x1152.jpg 768w, https:\/\/fuentesfidedignas.com.mx\/wp-content\/uploads\/2022\/06\/7b432518-8764-4d64-a316-c891382fd5c7-696x1044.jpg 696w, https:\/\/fuentesfidedignas.com.mx\/wp-content\/uploads\/2022\/06\/7b432518-8764-4d64-a316-c891382fd5c7-280x420.jpg 280w\" sizes=\"(max-width: 853px) 100vw, 853px\" \/><\/figure>\n\n\n\n<figure class=\"wp-block-image size-large\"><img decoding=\"async\" width=\"853\" height=\"1280\" data-id=\"35502\" src=\"https:\/\/fuentesfidedignas.com.mx\/wp-content\/uploads\/2022\/06\/5d2ce599-cb6b-43c5-ade1-2a7af2cefac9.jpg\" alt=\"\" class=\"wp-image-35502\" srcset=\"https:\/\/fuentesfidedignas.com.mx\/wp-content\/uploads\/2022\/06\/5d2ce599-cb6b-43c5-ade1-2a7af2cefac9.jpg 853w, https:\/\/fuentesfidedignas.com.mx\/wp-content\/uploads\/2022\/06\/5d2ce599-cb6b-43c5-ade1-2a7af2cefac9-200x300.jpg 200w, https:\/\/fuentesfidedignas.com.mx\/wp-content\/uploads\/2022\/06\/5d2ce599-cb6b-43c5-ade1-2a7af2cefac9-682x1024.jpg 682w, https:\/\/fuentesfidedignas.com.mx\/wp-content\/uploads\/2022\/06\/5d2ce599-cb6b-43c5-ade1-2a7af2cefac9-768x1152.jpg 768w, https:\/\/fuentesfidedignas.com.mx\/wp-content\/uploads\/2022\/06\/5d2ce599-cb6b-43c5-ade1-2a7af2cefac9-696x1044.jpg 696w, https:\/\/fuentesfidedignas.com.mx\/wp-content\/uploads\/2022\/06\/5d2ce599-cb6b-43c5-ade1-2a7af2cefac9-280x420.jpg 280w\" sizes=\"(max-width: 853px) 100vw, 853px\" \/><\/figure>\n\n\n\n<figure class=\"wp-block-image size-large\"><img decoding=\"async\" width=\"852\" height=\"1280\" data-id=\"35500\" src=\"https:\/\/fuentesfidedignas.com.mx\/wp-content\/uploads\/2022\/06\/c965ba0c-8d6f-4235-9f11-c83bcb999ac3.jpg\" alt=\"\" class=\"wp-image-35500\" srcset=\"https:\/\/fuentesfidedignas.com.mx\/wp-content\/uploads\/2022\/06\/c965ba0c-8d6f-4235-9f11-c83bcb999ac3.jpg 852w, https:\/\/fuentesfidedignas.com.mx\/wp-content\/uploads\/2022\/06\/c965ba0c-8d6f-4235-9f11-c83bcb999ac3-200x300.jpg 200w, https:\/\/fuentesfidedignas.com.mx\/wp-content\/uploads\/2022\/06\/c965ba0c-8d6f-4235-9f11-c83bcb999ac3-682x1024.jpg 682w, https:\/\/fuentesfidedignas.com.mx\/wp-content\/uploads\/2022\/06\/c965ba0c-8d6f-4235-9f11-c83bcb999ac3-768x1154.jpg 768w, https:\/\/fuentesfidedignas.com.mx\/wp-content\/uploads\/2022\/06\/c965ba0c-8d6f-4235-9f11-c83bcb999ac3-696x1046.jpg 696w, https:\/\/fuentesfidedignas.com.mx\/wp-content\/uploads\/2022\/06\/c965ba0c-8d6f-4235-9f11-c83bcb999ac3-280x420.jpg 280w\" sizes=\"(max-width: 852px) 100vw, 852px\" \/><\/figure>\n\n\n\n<figure class=\"wp-block-image size-large\"><img decoding=\"async\" width=\"1280\" height=\"853\" data-id=\"35499\" src=\"https:\/\/fuentesfidedignas.com.mx\/wp-content\/uploads\/2022\/06\/5d7f03d0-7269-4f9b-b120-ccedfa82d44d.jpg\" alt=\"\" class=\"wp-image-35499\" srcset=\"https:\/\/fuentesfidedignas.com.mx\/wp-content\/uploads\/2022\/06\/5d7f03d0-7269-4f9b-b120-ccedfa82d44d.jpg 1280w, https:\/\/fuentesfidedignas.com.mx\/wp-content\/uploads\/2022\/06\/5d7f03d0-7269-4f9b-b120-ccedfa82d44d-300x200.jpg 300w, https:\/\/fuentesfidedignas.com.mx\/wp-content\/uploads\/2022\/06\/5d7f03d0-7269-4f9b-b120-ccedfa82d44d-1024x682.jpg 1024w, https:\/\/fuentesfidedignas.com.mx\/wp-content\/uploads\/2022\/06\/5d7f03d0-7269-4f9b-b120-ccedfa82d44d-768x512.jpg 768w, https:\/\/fuentesfidedignas.com.mx\/wp-content\/uploads\/2022\/06\/5d7f03d0-7269-4f9b-b120-ccedfa82d44d-696x464.jpg 696w, https:\/\/fuentesfidedignas.com.mx\/wp-content\/uploads\/2022\/06\/5d7f03d0-7269-4f9b-b120-ccedfa82d44d-1068x712.jpg 1068w, https:\/\/fuentesfidedignas.com.mx\/wp-content\/uploads\/2022\/06\/5d7f03d0-7269-4f9b-b120-ccedfa82d44d-630x420.jpg 630w\" sizes=\"(max-width: 1280px) 100vw, 1280px\" \/><\/figure>\n\n\n\n<figure class=\"wp-block-image size-large\"><img decoding=\"async\" width=\"853\" height=\"1280\" data-id=\"35498\" src=\"https:\/\/fuentesfidedignas.com.mx\/wp-content\/uploads\/2022\/06\/8eb39d85-df84-4e48-a4db-a510aeffe806.jpg\" alt=\"\" class=\"wp-image-35498\" srcset=\"https:\/\/fuentesfidedignas.com.mx\/wp-content\/uploads\/2022\/06\/8eb39d85-df84-4e48-a4db-a510aeffe806.jpg 853w, https:\/\/fuentesfidedignas.com.mx\/wp-content\/uploads\/2022\/06\/8eb39d85-df84-4e48-a4db-a510aeffe806-200x300.jpg 200w, https:\/\/fuentesfidedignas.com.mx\/wp-content\/uploads\/2022\/06\/8eb39d85-df84-4e48-a4db-a510aeffe806-682x1024.jpg 682w, https:\/\/fuentesfidedignas.com.mx\/wp-content\/uploads\/2022\/06\/8eb39d85-df84-4e48-a4db-a510aeffe806-768x1152.jpg 768w, https:\/\/fuentesfidedignas.com.mx\/wp-content\/uploads\/2022\/06\/8eb39d85-df84-4e48-a4db-a510aeffe806-696x1044.jpg 696w, https:\/\/fuentesfidedignas.com.mx\/wp-content\/uploads\/2022\/06\/8eb39d85-df84-4e48-a4db-a510aeffe806-280x420.jpg 280w\" sizes=\"(max-width: 853px) 100vw, 853px\" \/><\/figure>\n<\/figure>\n","protected":false},"excerpt":{"rendered":"<p>Las personalidades llegaron acompa\u00f1ados de sus familias en Polanco para desfilar por la pasarela Ciudad de M\u00e9xico.- La alfombra roja y premiere de la pel\u00edcula Minions, nace un Villano reuni\u00f3 a parte del elenco como el comediante Andr\u00e9s Bustamante, la actriz y cantante mexicana Itat\u00ed Cantoral y los comentaristas y conductores Christian Martinoli y Luis [&hellip;]<\/p>\n","protected":false},"author":95,"featured_media":35509,"comment_status":"open","ping_status":"open","sticky":false,"template":"","format":"standard","meta":{"tdm_status":"","tdm_grid_status":"","footnotes":""},"categories":[39],"tags":[],"class_list":{"0":"post-35497","1":"post","2":"type-post","3":"status-publish","4":"format-standard","5":"has-post-thumbnail","7":"category-noticias-nacionales"},"yoast_head":"<!-- This site is optimized with the Yoast SEO plugin v27.5 - https:\/\/yoast.com\/product\/yoast-seo-wordpress\/ -->\n<title>Cantoral, Bustamante y Luis Garc\u00eda en la alfombra roja de la premiere Minions, nace un villano - Fuentes Fidedignas<\/title>\n<meta name=\"robots\" content=\"index, follow, max-snippet:-1, max-image-preview:large, max-video-preview:-1\" \/>\n<link rel=\"canonical\" href=\"https:\/\/fuentesfidedignas.com.mx\/index.php\/2022\/06\/27\/cantoral-bustamante-y-luis-garcia-en-la-alfombra-roja-de-la-premiere-minions-nace-un-villano\/\" \/>\n<meta property=\"og:locale\" content=\"es_MX\" \/>\n<meta property=\"og:type\" content=\"article\" \/>\n<meta property=\"og:title\" content=\"Cantoral, Bustamante y Luis Garc\u00eda en la alfombra roja de la premiere Minions, nace un villano - Fuentes Fidedignas\" \/>\n<meta property=\"og:description\" content=\"Las personalidades llegaron acompa\u00f1ados de sus familias en Polanco para desfilar por la pasarela Ciudad de M\u00e9xico.- La alfombra roja y premiere de la pel\u00edcula Minions, nace un Villano reuni\u00f3 a parte del elenco como el comediante Andr\u00e9s Bustamante, la actriz y cantante mexicana Itat\u00ed Cantoral y los comentaristas y conductores Christian Martinoli y Luis [&hellip;]\" \/>\n<meta property=\"og:url\" content=\"https:\/\/fuentesfidedignas.com.mx\/index.php\/2022\/06\/27\/cantoral-bustamante-y-luis-garcia-en-la-alfombra-roja-de-la-premiere-minions-nace-un-villano\/\" \/>\n<meta property=\"og:site_name\" content=\"Fuentes Fidedignas\" \/>\n<meta property=\"article:publisher\" content=\"https:\/\/www.facebook.com\/Fuentes-Fidedignas-368234489921644\" \/>\n<meta property=\"article:published_time\" content=\"2022-06-27T13:43:39+00:00\" \/>\n<meta property=\"article:modified_time\" content=\"2022-06-27T13:50:49+00:00\" \/>\n<meta property=\"og:image\" content=\"https:\/\/fuentesfidedignas.com.mx\/wp-content\/uploads\/2022\/06\/ITATI1.jpg\" \/>\n\t<meta property=\"og:image:width\" content=\"1280\" \/>\n\t<meta property=\"og:image:height\" content=\"853\" \/>\n\t<meta property=\"og:image:type\" content=\"image\/jpeg\" \/>\n<meta name=\"author\" content=\"Walter Ram\u00edrez\" \/>\n<meta name=\"twitter:card\" content=\"summary_large_image\" \/>\n<meta name=\"twitter:creator\" content=\"@fidedignas\" \/>\n<meta name=\"twitter:site\" content=\"@fidedignas\" \/>\n<meta name=\"twitter:label1\" content=\"Escrito por\" \/>\n\t<meta name=\"twitter:data1\" content=\"Walter Ram\u00edrez\" \/>\n\t<meta name=\"twitter:label2\" content=\"Tiempo de lectura\" \/>\n\t<meta name=\"twitter:data2\" content=\"3 minutos\" \/>\n<script type=\"application\/ld+json\" class=\"yoast-schema-graph\">{\"@context\":\"https:\\\/\\\/schema.org\",\"@graph\":[{\"@type\":\"Article\",\"@id\":\"https:\\\/\\\/fuentesfidedignas.com.mx\\\/index.php\\\/2022\\\/06\\\/27\\\/cantoral-bustamante-y-luis-garcia-en-la-alfombra-roja-de-la-premiere-minions-nace-un-villano\\\/#article\",\"isPartOf\":{\"@id\":\"https:\\\/\\\/fuentesfidedignas.com.mx\\\/index.php\\\/2022\\\/06\\\/27\\\/cantoral-bustamante-y-luis-garcia-en-la-alfombra-roja-de-la-premiere-minions-nace-un-villano\\\/\"},\"author\":{\"name\":\"Walter Ram\u00edrez\",\"@id\":\"https:\\\/\\\/fuentesfidedignas.com.mx\\\/#\\\/schema\\\/person\\\/78b8350fa873c7b54284c1fdac9afb5f\"},\"headline\":\"Cantoral, Bustamante y Luis Garc\u00eda en la alfombra roja de la premiere Minions, nace un villano\",\"datePublished\":\"2022-06-27T13:43:39+00:00\",\"dateModified\":\"2022-06-27T13:50:49+00:00\",\"mainEntityOfPage\":{\"@id\":\"https:\\\/\\\/fuentesfidedignas.com.mx\\\/index.php\\\/2022\\\/06\\\/27\\\/cantoral-bustamante-y-luis-garcia-en-la-alfombra-roja-de-la-premiere-minions-nace-un-villano\\\/\"},\"wordCount\":343,\"commentCount\":0,\"publisher\":{\"@id\":\"https:\\\/\\\/fuentesfidedignas.com.mx\\\/#organization\"},\"image\":{\"@id\":\"https:\\\/\\\/fuentesfidedignas.com.mx\\\/index.php\\\/2022\\\/06\\\/27\\\/cantoral-bustamante-y-luis-garcia-en-la-alfombra-roja-de-la-premiere-minions-nace-un-villano\\\/#primaryimage\"},\"thumbnailUrl\":\"https:\\\/\\\/fuentesfidedignas.com.mx\\\/wp-content\\\/uploads\\\/2022\\\/06\\\/ITATI1.jpg\",\"articleSection\":[\"NOTICIAS NACIONALES\"],\"inLanguage\":\"es\",\"potentialAction\":[{\"@type\":\"CommentAction\",\"name\":\"Comment\",\"target\":[\"https:\\\/\\\/fuentesfidedignas.com.mx\\\/index.php\\\/2022\\\/06\\\/27\\\/cantoral-bustamante-y-luis-garcia-en-la-alfombra-roja-de-la-premiere-minions-nace-un-villano\\\/#respond\"]}]},{\"@type\":\"WebPage\",\"@id\":\"https:\\\/\\\/fuentesfidedignas.com.mx\\\/index.php\\\/2022\\\/06\\\/27\\\/cantoral-bustamante-y-luis-garcia-en-la-alfombra-roja-de-la-premiere-minions-nace-un-villano\\\/\",\"url\":\"https:\\\/\\\/fuentesfidedignas.com.mx\\\/index.php\\\/2022\\\/06\\\/27\\\/cantoral-bustamante-y-luis-garcia-en-la-alfombra-roja-de-la-premiere-minions-nace-un-villano\\\/\",\"name\":\"Cantoral, Bustamante y Luis Garc\u00eda en la alfombra roja de la premiere Minions, nace un villano - Fuentes Fidedignas\",\"isPartOf\":{\"@id\":\"https:\\\/\\\/fuentesfidedignas.com.mx\\\/#website\"},\"primaryImageOfPage\":{\"@id\":\"https:\\\/\\\/fuentesfidedignas.com.mx\\\/index.php\\\/2022\\\/06\\\/27\\\/cantoral-bustamante-y-luis-garcia-en-la-alfombra-roja-de-la-premiere-minions-nace-un-villano\\\/#primaryimage\"},\"image\":{\"@id\":\"https:\\\/\\\/fuentesfidedignas.com.mx\\\/index.php\\\/2022\\\/06\\\/27\\\/cantoral-bustamante-y-luis-garcia-en-la-alfombra-roja-de-la-premiere-minions-nace-un-villano\\\/#primaryimage\"},\"thumbnailUrl\":\"https:\\\/\\\/fuentesfidedignas.com.mx\\\/wp-content\\\/uploads\\\/2022\\\/06\\\/ITATI1.jpg\",\"datePublished\":\"2022-06-27T13:43:39+00:00\",\"dateModified\":\"2022-06-27T13:50:49+00:00\",\"breadcrumb\":{\"@id\":\"https:\\\/\\\/fuentesfidedignas.com.mx\\\/index.php\\\/2022\\\/06\\\/27\\\/cantoral-bustamante-y-luis-garcia-en-la-alfombra-roja-de-la-premiere-minions-nace-un-villano\\\/#breadcrumb\"},\"inLanguage\":\"es\",\"potentialAction\":[{\"@type\":\"ReadAction\",\"target\":[\"https:\\\/\\\/fuentesfidedignas.com.mx\\\/index.php\\\/2022\\\/06\\\/27\\\/cantoral-bustamante-y-luis-garcia-en-la-alfombra-roja-de-la-premiere-minions-nace-un-villano\\\/\"]}]},{\"@type\":\"ImageObject\",\"inLanguage\":\"es\",\"@id\":\"https:\\\/\\\/fuentesfidedignas.com.mx\\\/index.php\\\/2022\\\/06\\\/27\\\/cantoral-bustamante-y-luis-garcia-en-la-alfombra-roja-de-la-premiere-minions-nace-un-villano\\\/#primaryimage\",\"url\":\"https:\\\/\\\/fuentesfidedignas.com.mx\\\/wp-content\\\/uploads\\\/2022\\\/06\\\/ITATI1.jpg\",\"contentUrl\":\"https:\\\/\\\/fuentesfidedignas.com.mx\\\/wp-content\\\/uploads\\\/2022\\\/06\\\/ITATI1.jpg\",\"width\":1280,\"height\":853},{\"@type\":\"BreadcrumbList\",\"@id\":\"https:\\\/\\\/fuentesfidedignas.com.mx\\\/index.php\\\/2022\\\/06\\\/27\\\/cantoral-bustamante-y-luis-garcia-en-la-alfombra-roja-de-la-premiere-minions-nace-un-villano\\\/#breadcrumb\",\"itemListElement\":[{\"@type\":\"ListItem\",\"position\":1,\"name\":\"Inicio\",\"item\":\"https:\\\/\\\/fuentesfidedignas.com.mx\\\/\"},{\"@type\":\"ListItem\",\"position\":2,\"name\":\"Cantoral, Bustamante y Luis Garc\u00eda en la alfombra roja de la premiere Minions, nace un villano\"}]},{\"@type\":\"WebSite\",\"@id\":\"https:\\\/\\\/fuentesfidedignas.com.mx\\\/#website\",\"url\":\"https:\\\/\\\/fuentesfidedignas.com.mx\\\/\",\"name\":\"Fuentes Fidedignas\",\"description\":\"Otro sitio realizado con WordPress\",\"publisher\":{\"@id\":\"https:\\\/\\\/fuentesfidedignas.com.mx\\\/#organization\"},\"potentialAction\":[{\"@type\":\"SearchAction\",\"target\":{\"@type\":\"EntryPoint\",\"urlTemplate\":\"https:\\\/\\\/fuentesfidedignas.com.mx\\\/?s={search_term_string}\"},\"query-input\":{\"@type\":\"PropertyValueSpecification\",\"valueRequired\":true,\"valueName\":\"search_term_string\"}}],\"inLanguage\":\"es\"},{\"@type\":\"Organization\",\"@id\":\"https:\\\/\\\/fuentesfidedignas.com.mx\\\/#organization\",\"name\":\"Fuentes Fidedignas\",\"url\":\"https:\\\/\\\/fuentesfidedignas.com.mx\\\/\",\"logo\":{\"@type\":\"ImageObject\",\"inLanguage\":\"es\",\"@id\":\"https:\\\/\\\/fuentesfidedignas.com.mx\\\/#\\\/schema\\\/logo\\\/image\\\/\",\"url\":\"https:\\\/\\\/fuentesfidedignas.com.mx\\\/wp-content\\\/uploads\\\/2021\\\/04\\\/logo-retina.png\",\"contentUrl\":\"https:\\\/\\\/fuentesfidedignas.com.mx\\\/wp-content\\\/uploads\\\/2021\\\/04\\\/logo-retina.png\",\"width\":280,\"height\":51,\"caption\":\"Fuentes Fidedignas\"},\"image\":{\"@id\":\"https:\\\/\\\/fuentesfidedignas.com.mx\\\/#\\\/schema\\\/logo\\\/image\\\/\"},\"sameAs\":[\"https:\\\/\\\/www.facebook.com\\\/Fuentes-Fidedignas-368234489921644\",\"https:\\\/\\\/x.com\\\/fidedignas\"]},{\"@type\":\"Person\",\"@id\":\"https:\\\/\\\/fuentesfidedignas.com.mx\\\/#\\\/schema\\\/person\\\/78b8350fa873c7b54284c1fdac9afb5f\",\"name\":\"Walter Ram\u00edrez\",\"image\":{\"@type\":\"ImageObject\",\"inLanguage\":\"es\",\"@id\":\"https:\\\/\\\/secure.gravatar.com\\\/avatar\\\/8178c3c24c8321436ff5d36ec40282c0b116cf7eb8df013706d35d7e00e2153f?s=96&d=mm&r=g\",\"url\":\"https:\\\/\\\/secure.gravatar.com\\\/avatar\\\/8178c3c24c8321436ff5d36ec40282c0b116cf7eb8df013706d35d7e00e2153f?s=96&d=mm&r=g\",\"contentUrl\":\"https:\\\/\\\/secure.gravatar.com\\\/avatar\\\/8178c3c24c8321436ff5d36ec40282c0b116cf7eb8df013706d35d7e00e2153f?s=96&d=mm&r=g\",\"caption\":\"Walter Ram\u00edrez\"},\"url\":\"https:\\\/\\\/fuentesfidedignas.com.mx\\\/index.php\\\/author\\\/walter-ramirez\\\/\"}]}<\/script>\n<!-- \/ Yoast SEO plugin. -->","yoast_head_json":{"title":"Cantoral, Bustamante y Luis Garc\u00eda en la alfombra roja de la premiere Minions, nace un villano - Fuentes Fidedignas","robots":{"index":"index","follow":"follow","max-snippet":"max-snippet:-1","max-image-preview":"max-image-preview:large","max-video-preview":"max-video-preview:-1"},"canonical":"https:\/\/fuentesfidedignas.com.mx\/index.php\/2022\/06\/27\/cantoral-bustamante-y-luis-garcia-en-la-alfombra-roja-de-la-premiere-minions-nace-un-villano\/","og_locale":"es_MX","og_type":"article","og_title":"Cantoral, Bustamante y Luis Garc\u00eda en la alfombra roja de la premiere Minions, nace un villano - Fuentes Fidedignas","og_description":"Las personalidades llegaron acompa\u00f1ados de sus familias en Polanco para desfilar por la pasarela Ciudad de M\u00e9xico.- La alfombra roja y premiere de la pel\u00edcula Minions, nace un Villano reuni\u00f3 a parte del elenco como el comediante Andr\u00e9s Bustamante, la actriz y cantante mexicana Itat\u00ed Cantoral y los comentaristas y conductores Christian Martinoli y Luis [&hellip;]","og_url":"https:\/\/fuentesfidedignas.com.mx\/index.php\/2022\/06\/27\/cantoral-bustamante-y-luis-garcia-en-la-alfombra-roja-de-la-premiere-minions-nace-un-villano\/","og_site_name":"Fuentes Fidedignas","article_publisher":"https:\/\/www.facebook.com\/Fuentes-Fidedignas-368234489921644","article_published_time":"2022-06-27T13:43:39+00:00","article_modified_time":"2022-06-27T13:50:49+00:00","og_image":[{"width":1280,"height":853,"url":"https:\/\/fuentesfidedignas.com.mx\/wp-content\/uploads\/2022\/06\/ITATI1.jpg","type":"image\/jpeg"}],"author":"Walter Ram\u00edrez","twitter_card":"summary_large_image","twitter_creator":"@fidedignas","twitter_site":"@fidedignas","twitter_misc":{"Escrito por":"Walter Ram\u00edrez","Tiempo de lectura":"3 minutos"},"schema":{"@context":"https:\/\/schema.org","@graph":[{"@type":"Article","@id":"https:\/\/fuentesfidedignas.com.mx\/index.php\/2022\/06\/27\/cantoral-bustamante-y-luis-garcia-en-la-alfombra-roja-de-la-premiere-minions-nace-un-villano\/#article","isPartOf":{"@id":"https:\/\/fuentesfidedignas.com.mx\/index.php\/2022\/06\/27\/cantoral-bustamante-y-luis-garcia-en-la-alfombra-roja-de-la-premiere-minions-nace-un-villano\/"},"author":{"name":"Walter Ram\u00edrez","@id":"https:\/\/fuentesfidedignas.com.mx\/#\/schema\/person\/78b8350fa873c7b54284c1fdac9afb5f"},"headline":"Cantoral, Bustamante y Luis Garc\u00eda en la alfombra roja de la premiere Minions, nace un villano","datePublished":"2022-06-27T13:43:39+00:00","dateModified":"2022-06-27T13:50:49+00:00","mainEntityOfPage":{"@id":"https:\/\/fuentesfidedignas.com.mx\/index.php\/2022\/06\/27\/cantoral-bustamante-y-luis-garcia-en-la-alfombra-roja-de-la-premiere-minions-nace-un-villano\/"},"wordCount":343,"commentCount":0,"publisher":{"@id":"https:\/\/fuentesfidedignas.com.mx\/#organization"},"image":{"@id":"https:\/\/fuentesfidedignas.com.mx\/index.php\/2022\/06\/27\/cantoral-bustamante-y-luis-garcia-en-la-alfombra-roja-de-la-premiere-minions-nace-un-villano\/#primaryimage"},"thumbnailUrl":"https:\/\/fuentesfidedignas.com.mx\/wp-content\/uploads\/2022\/06\/ITATI1.jpg","articleSection":["NOTICIAS NACIONALES"],"inLanguage":"es","potentialAction":[{"@type":"CommentAction","name":"Comment","target":["https:\/\/fuentesfidedignas.com.mx\/index.php\/2022\/06\/27\/cantoral-bustamante-y-luis-garcia-en-la-alfombra-roja-de-la-premiere-minions-nace-un-villano\/#respond"]}]},{"@type":"WebPage","@id":"https:\/\/fuentesfidedignas.com.mx\/index.php\/2022\/06\/27\/cantoral-bustamante-y-luis-garcia-en-la-alfombra-roja-de-la-premiere-minions-nace-un-villano\/","url":"https:\/\/fuentesfidedignas.com.mx\/index.php\/2022\/06\/27\/cantoral-bustamante-y-luis-garcia-en-la-alfombra-roja-de-la-premiere-minions-nace-un-villano\/","name":"Cantoral, Bustamante y Luis Garc\u00eda en la alfombra roja de la premiere Minions, nace un villano - Fuentes Fidedignas","isPartOf":{"@id":"https:\/\/fuentesfidedignas.com.mx\/#website"},"primaryImageOfPage":{"@id":"https:\/\/fuentesfidedignas.com.mx\/index.php\/2022\/06\/27\/cantoral-bustamante-y-luis-garcia-en-la-alfombra-roja-de-la-premiere-minions-nace-un-villano\/#primaryimage"},"image":{"@id":"https:\/\/fuentesfidedignas.com.mx\/index.php\/2022\/06\/27\/cantoral-bustamante-y-luis-garcia-en-la-alfombra-roja-de-la-premiere-minions-nace-un-villano\/#primaryimage"},"thumbnailUrl":"https:\/\/fuentesfidedignas.com.mx\/wp-content\/uploads\/2022\/06\/ITATI1.jpg","datePublished":"2022-06-27T13:43:39+00:00","dateModified":"2022-06-27T13:50:49+00:00","breadcrumb":{"@id":"https:\/\/fuentesfidedignas.com.mx\/index.php\/2022\/06\/27\/cantoral-bustamante-y-luis-garcia-en-la-alfombra-roja-de-la-premiere-minions-nace-un-villano\/#breadcrumb"},"inLanguage":"es","potentialAction":[{"@type":"ReadAction","target":["https:\/\/fuentesfidedignas.com.mx\/index.php\/2022\/06\/27\/cantoral-bustamante-y-luis-garcia-en-la-alfombra-roja-de-la-premiere-minions-nace-un-villano\/"]}]},{"@type":"ImageObject","inLanguage":"es","@id":"https:\/\/fuentesfidedignas.com.mx\/index.php\/2022\/06\/27\/cantoral-bustamante-y-luis-garcia-en-la-alfombra-roja-de-la-premiere-minions-nace-un-villano\/#primaryimage","url":"https:\/\/fuentesfidedignas.com.mx\/wp-content\/uploads\/2022\/06\/ITATI1.jpg","contentUrl":"https:\/\/fuentesfidedignas.com.mx\/wp-content\/uploads\/2022\/06\/ITATI1.jpg","width":1280,"height":853},{"@type":"BreadcrumbList","@id":"https:\/\/fuentesfidedignas.com.mx\/index.php\/2022\/06\/27\/cantoral-bustamante-y-luis-garcia-en-la-alfombra-roja-de-la-premiere-minions-nace-un-villano\/#breadcrumb","itemListElement":[{"@type":"ListItem","position":1,"name":"Inicio","item":"https:\/\/fuentesfidedignas.com.mx\/"},{"@type":"ListItem","position":2,"name":"Cantoral, Bustamante y Luis Garc\u00eda en la alfombra roja de la premiere Minions, nace un villano"}]},{"@type":"WebSite","@id":"https:\/\/fuentesfidedignas.com.mx\/#website","url":"https:\/\/fuentesfidedignas.com.mx\/","name":"Fuentes Fidedignas","description":"Otro sitio realizado con WordPress","publisher":{"@id":"https:\/\/fuentesfidedignas.com.mx\/#organization"},"potentialAction":[{"@type":"SearchAction","target":{"@type":"EntryPoint","urlTemplate":"https:\/\/fuentesfidedignas.com.mx\/?s={search_term_string}"},"query-input":{"@type":"PropertyValueSpecification","valueRequired":true,"valueName":"search_term_string"}}],"inLanguage":"es"},{"@type":"Organization","@id":"https:\/\/fuentesfidedignas.com.mx\/#organization","name":"Fuentes Fidedignas","url":"https:\/\/fuentesfidedignas.com.mx\/","logo":{"@type":"ImageObject","inLanguage":"es","@id":"https:\/\/fuentesfidedignas.com.mx\/#\/schema\/logo\/image\/","url":"https:\/\/fuentesfidedignas.com.mx\/wp-content\/uploads\/2021\/04\/logo-retina.png","contentUrl":"https:\/\/fuentesfidedignas.com.mx\/wp-content\/uploads\/2021\/04\/logo-retina.png","width":280,"height":51,"caption":"Fuentes Fidedignas"},"image":{"@id":"https:\/\/fuentesfidedignas.com.mx\/#\/schema\/logo\/image\/"},"sameAs":["https:\/\/www.facebook.com\/Fuentes-Fidedignas-368234489921644","https:\/\/x.com\/fidedignas"]},{"@type":"Person","@id":"https:\/\/fuentesfidedignas.com.mx\/#\/schema\/person\/78b8350fa873c7b54284c1fdac9afb5f","name":"Walter Ram\u00edrez","image":{"@type":"ImageObject","inLanguage":"es","@id":"https:\/\/secure.gravatar.com\/avatar\/8178c3c24c8321436ff5d36ec40282c0b116cf7eb8df013706d35d7e00e2153f?s=96&d=mm&r=g","url":"https:\/\/secure.gravatar.com\/avatar\/8178c3c24c8321436ff5d36ec40282c0b116cf7eb8df013706d35d7e00e2153f?s=96&d=mm&r=g","contentUrl":"https:\/\/secure.gravatar.com\/avatar\/8178c3c24c8321436ff5d36ec40282c0b116cf7eb8df013706d35d7e00e2153f?s=96&d=mm&r=g","caption":"Walter Ram\u00edrez"},"url":"https:\/\/fuentesfidedignas.com.mx\/index.php\/author\/walter-ramirez\/"}]}},"_links":{"self":[{"href":"https:\/\/fuentesfidedignas.com.mx\/index.php\/wp-json\/wp\/v2\/posts\/35497","targetHints":{"allow":["GET"]}}],"collection":[{"href":"https:\/\/fuentesfidedignas.com.mx\/index.php\/wp-json\/wp\/v2\/posts"}],"about":[{"href":"https:\/\/fuentesfidedignas.com.mx\/index.php\/wp-json\/wp\/v2\/types\/post"}],"author":[{"embeddable":true,"href":"https:\/\/fuentesfidedignas.com.mx\/index.php\/wp-json\/wp\/v2\/users\/95"}],"replies":[{"embeddable":true,"href":"https:\/\/fuentesfidedignas.com.mx\/index.php\/wp-json\/wp\/v2\/comments?post=35497"}],"version-history":[{"count":3,"href":"https:\/\/fuentesfidedignas.com.mx\/index.php\/wp-json\/wp\/v2\/posts\/35497\/revisions"}],"predecessor-version":[{"id":35513,"href":"https:\/\/fuentesfidedignas.com.mx\/index.php\/wp-json\/wp\/v2\/posts\/35497\/revisions\/35513"}],"wp:featuredmedia":[{"embeddable":true,"href":"https:\/\/fuentesfidedignas.com.mx\/index.php\/wp-json\/wp\/v2\/media\/35509"}],"wp:attachment":[{"href":"https:\/\/fuentesfidedignas.com.mx\/index.php\/wp-json\/wp\/v2\/media?parent=35497"}],"wp:term":[{"taxonomy":"category","embeddable":true,"href":"https:\/\/fuentesfidedignas.com.mx\/index.php\/wp-json\/wp\/v2\/categories?post=35497"},{"taxonomy":"post_tag","embeddable":true,"href":"https:\/\/fuentesfidedignas.com.mx\/index.php\/wp-json\/wp\/v2\/tags?post=35497"}],"curies":[{"name":"wp","href":"https:\/\/api.w.org\/{rel}","templated":true}]}}