{"id":35494,"date":"2022-06-27T07:17:43","date_gmt":"2022-06-27T13:17:43","guid":{"rendered":"https:\/\/fuentesfidedignas.com.mx\/?p=35494"},"modified":"2022-06-27T07:17:45","modified_gmt":"2022-06-27T13:17:45","slug":"unam-anuncia-regreso-a-clases-presenciales-en-todos-sus-planteles-para-nuevo-ciclo-escolar","status":"publish","type":"post","link":"https:\/\/fuentesfidedignas.com.mx\/index.php\/2022\/06\/27\/unam-anuncia-regreso-a-clases-presenciales-en-todos-sus-planteles-para-nuevo-ciclo-escolar\/","title":{"rendered":"UNAM anuncia regreso a clases presenciales en todos sus planteles para nuevo ciclo escolar"},"content":{"rendered":"\n<p><strong><em>La UNAM tom\u00f3 esta medida ante el avance de la vacunaci\u00f3n y a que las afectaciones por los brotes recientes del covid-19 son &#8220;sensiblemente menos severas que las anteriores&#8221;.<\/em><\/strong><\/p>\n\n\n\n<p>Ciudad de M\u00e9xico.- La Universidad Nacional Aut\u00f3noma de M\u00e9xico anunci\u00f3 el regreso a clases presenciales en todos sus planteles para el ciclo escolar 2022-2023, que arrancar\u00e1 el pr\u00f3ximo 8 de agosto, ante el avance en la vacunaci\u00f3n contra el covid-19.<\/p>\n\n\n\n<p>A trav\u00e9s de un comunicado, la UNAM indic\u00f3 que esta medida responde a que las afectaciones originadas por los brotes recientes del virus SARS-CoV-2 \u201chan resultado sensiblemente menos severas que las anteriores\u201d.<\/p>\n\n\n\n<p>Ante el regreso presencial a las actividades, la m\u00e1xima casa de estudios indic\u00f3 que los directores de los planteles, as\u00ed como los consejos t\u00e9cnicos respectivos deber\u00e1n tomar las medidas necesarias para que se retomen las labores de esta forma, \u201cpreservando la seguridad y la salud de las comunidades\u201d.<\/p>\n\n\n\n<p>La UNAM indic\u00f3 que estar\u00e1 atenta a la evoluci\u00f3n del virus y exhort\u00f3 a toda la comunidad a tomar las medidas recomendadas por los expertos universitarios como lo son el uso correcto de cubrebocas, lavado de manos, sana distancia, espacios ventilados, as\u00ed como evitar aglomeraciones.<\/p>\n\n\n\n<p>Las autoridades de salud han reportado que las subvariantes de \u00d3micron son las que est\u00e1n circulando en el pa\u00eds y han llevado a un alza de contagios, pero no han aumentado las hospitalizaciones.<\/p>\n\n\n\n<figure class=\"wp-block-embed is-type-rich is-provider-twitter wp-block-embed-twitter\"><div class=\"wp-block-embed__wrapper\">\n<blockquote class=\"twitter-tweet\" data-width=\"550\" data-dnt=\"true\"><p lang=\"es\" dir=\"ltr\">A la comunidad universitaria. <a href=\"https:\/\/twitter.com\/hashtag\/Contraportada?src=hash&amp;ref_src=twsrc%5Etfw\">#Contraportada<\/a> <a href=\"https:\/\/twitter.com\/Gaceta_UNAM?ref_src=twsrc%5Etfw\">@Gaceta_UNAM<\/a> &gt; <a href=\"https:\/\/t.co\/hUaUh5elAA\">https:\/\/t.co\/hUaUh5elAA<\/a><a href=\"https:\/\/twitter.com\/hashtag\/UNAM100A%C3%B1osDeMuralismo?src=hash&amp;ref_src=twsrc%5Etfw\">#UNAM100A\u00f1osDeMuralismo<\/a> <a href=\"https:\/\/t.co\/J0vTOgenVp\">pic.twitter.com\/J0vTOgenVp<\/a><\/p>&mdash; UNAM (@UNAM_MX) <a href=\"https:\/\/twitter.com\/UNAM_MX\/status\/1541377846140076032?ref_src=twsrc%5Etfw\">June 27, 2022<\/a><\/blockquote><script async src=\"https:\/\/platform.twitter.com\/widgets.js\" charset=\"utf-8\"><\/script>\n<\/div><\/figure>\n","protected":false},"excerpt":{"rendered":"<p>La UNAM tom\u00f3 esta medida ante el avance de la vacunaci\u00f3n y a que las afectaciones por los brotes recientes del covid-19 son &#8220;sensiblemente menos severas que las anteriores&#8221;. Ciudad de M\u00e9xico.- La Universidad Nacional Aut\u00f3noma de M\u00e9xico anunci\u00f3 el regreso a clases presenciales en todos sus planteles para el ciclo escolar 2022-2023, que arrancar\u00e1 [&hellip;]<\/p>\n","protected":false},"author":7,"featured_media":35495,"comment_status":"open","ping_status":"open","sticky":false,"template":"","format":"standard","meta":{"tdm_status":"","tdm_grid_status":"","footnotes":""},"categories":[39],"tags":[700,332,59,416,508],"class_list":{"0":"post-35494","1":"post","2":"type-post","3":"status-publish","4":"format-standard","5":"has-post-thumbnail","7":"category-noticias-nacionales","8":"tag-clases-presenciales","9":"tag-coronavirus","10":"tag-covid-19","11":"tag-sars-cov-2","12":"tag-unam"},"yoast_head":"<!-- This site is optimized with the Yoast SEO plugin v27.4 - https:\/\/yoast.com\/product\/yoast-seo-wordpress\/ -->\n<title>UNAM anuncia regreso a clases presenciales en todos sus planteles para nuevo ciclo escolar - Fuentes Fidedignas<\/title>\n<meta name=\"robots\" content=\"index, follow, max-snippet:-1, max-image-preview:large, max-video-preview:-1\" \/>\n<link rel=\"canonical\" href=\"https:\/\/fuentesfidedignas.com.mx\/index.php\/2022\/06\/27\/unam-anuncia-regreso-a-clases-presenciales-en-todos-sus-planteles-para-nuevo-ciclo-escolar\/\" \/>\n<meta property=\"og:locale\" content=\"es_MX\" \/>\n<meta property=\"og:type\" content=\"article\" \/>\n<meta property=\"og:title\" content=\"UNAM anuncia regreso a clases presenciales en todos sus planteles para nuevo ciclo escolar - Fuentes Fidedignas\" \/>\n<meta property=\"og:description\" content=\"La UNAM tom\u00f3 esta medida ante el avance de la vacunaci\u00f3n y a que las afectaciones por los brotes recientes del covid-19 son &#8220;sensiblemente menos severas que las anteriores&#8221;. Ciudad de M\u00e9xico.- La Universidad Nacional Aut\u00f3noma de M\u00e9xico anunci\u00f3 el regreso a clases presenciales en todos sus planteles para el ciclo escolar 2022-2023, que arrancar\u00e1 [&hellip;]\" \/>\n<meta property=\"og:url\" content=\"https:\/\/fuentesfidedignas.com.mx\/index.php\/2022\/06\/27\/unam-anuncia-regreso-a-clases-presenciales-en-todos-sus-planteles-para-nuevo-ciclo-escolar\/\" \/>\n<meta property=\"og:site_name\" content=\"Fuentes Fidedignas\" \/>\n<meta property=\"article:publisher\" content=\"https:\/\/www.facebook.com\/Fuentes-Fidedignas-368234489921644\" \/>\n<meta property=\"article:published_time\" content=\"2022-06-27T13:17:43+00:00\" \/>\n<meta property=\"article:modified_time\" content=\"2022-06-27T13:17:45+00:00\" \/>\n<meta property=\"og:image\" content=\"https:\/\/fuentesfidedignas.com.mx\/wp-content\/uploads\/2022\/06\/UNAM.jpg\" \/>\n\t<meta property=\"og:image:width\" content=\"800\" \/>\n\t<meta property=\"og:image:height\" content=\"600\" \/>\n\t<meta property=\"og:image:type\" content=\"image\/jpeg\" \/>\n<meta name=\"author\" content=\"Exc\u00e9lsior\" \/>\n<meta name=\"twitter:card\" content=\"summary_large_image\" \/>\n<meta name=\"twitter:creator\" content=\"@fidedignas\" \/>\n<meta name=\"twitter:site\" content=\"@fidedignas\" \/>\n<meta name=\"twitter:label1\" content=\"Escrito por\" \/>\n\t<meta name=\"twitter:data1\" content=\"Exc\u00e9lsior\" \/>\n\t<meta name=\"twitter:label2\" content=\"Tiempo de lectura\" \/>\n\t<meta name=\"twitter:data2\" content=\"2 minutos\" \/>\n<script type=\"application\/ld+json\" class=\"yoast-schema-graph\">{\"@context\":\"https:\\\/\\\/schema.org\",\"@graph\":[{\"@type\":\"Article\",\"@id\":\"https:\\\/\\\/fuentesfidedignas.com.mx\\\/index.php\\\/2022\\\/06\\\/27\\\/unam-anuncia-regreso-a-clases-presenciales-en-todos-sus-planteles-para-nuevo-ciclo-escolar\\\/#article\",\"isPartOf\":{\"@id\":\"https:\\\/\\\/fuentesfidedignas.com.mx\\\/index.php\\\/2022\\\/06\\\/27\\\/unam-anuncia-regreso-a-clases-presenciales-en-todos-sus-planteles-para-nuevo-ciclo-escolar\\\/\"},\"author\":{\"name\":\"Exc\u00e9lsior\",\"@id\":\"https:\\\/\\\/fuentesfidedignas.com.mx\\\/#\\\/schema\\\/person\\\/ec4edd1fbf5efa3e44fce34fe2787780\"},\"headline\":\"UNAM anuncia regreso a clases presenciales en todos sus planteles para nuevo ciclo escolar\",\"datePublished\":\"2022-06-27T13:17:43+00:00\",\"dateModified\":\"2022-06-27T13:17:45+00:00\",\"mainEntityOfPage\":{\"@id\":\"https:\\\/\\\/fuentesfidedignas.com.mx\\\/index.php\\\/2022\\\/06\\\/27\\\/unam-anuncia-regreso-a-clases-presenciales-en-todos-sus-planteles-para-nuevo-ciclo-escolar\\\/\"},\"wordCount\":287,\"commentCount\":0,\"publisher\":{\"@id\":\"https:\\\/\\\/fuentesfidedignas.com.mx\\\/#organization\"},\"image\":{\"@id\":\"https:\\\/\\\/fuentesfidedignas.com.mx\\\/index.php\\\/2022\\\/06\\\/27\\\/unam-anuncia-regreso-a-clases-presenciales-en-todos-sus-planteles-para-nuevo-ciclo-escolar\\\/#primaryimage\"},\"thumbnailUrl\":\"https:\\\/\\\/fuentesfidedignas.com.mx\\\/wp-content\\\/uploads\\\/2022\\\/06\\\/UNAM.jpg\",\"keywords\":[\"Clases presenciales\",\"Coronavirus\",\"Covid-19\",\"SARS-CoV-2\",\"UNAM\"],\"articleSection\":[\"NOTICIAS NACIONALES\"],\"inLanguage\":\"es\",\"potentialAction\":[{\"@type\":\"CommentAction\",\"name\":\"Comment\",\"target\":[\"https:\\\/\\\/fuentesfidedignas.com.mx\\\/index.php\\\/2022\\\/06\\\/27\\\/unam-anuncia-regreso-a-clases-presenciales-en-todos-sus-planteles-para-nuevo-ciclo-escolar\\\/#respond\"]}]},{\"@type\":\"WebPage\",\"@id\":\"https:\\\/\\\/fuentesfidedignas.com.mx\\\/index.php\\\/2022\\\/06\\\/27\\\/unam-anuncia-regreso-a-clases-presenciales-en-todos-sus-planteles-para-nuevo-ciclo-escolar\\\/\",\"url\":\"https:\\\/\\\/fuentesfidedignas.com.mx\\\/index.php\\\/2022\\\/06\\\/27\\\/unam-anuncia-regreso-a-clases-presenciales-en-todos-sus-planteles-para-nuevo-ciclo-escolar\\\/\",\"name\":\"UNAM anuncia regreso a clases presenciales en todos sus planteles para nuevo ciclo escolar - Fuentes Fidedignas\",\"isPartOf\":{\"@id\":\"https:\\\/\\\/fuentesfidedignas.com.mx\\\/#website\"},\"primaryImageOfPage\":{\"@id\":\"https:\\\/\\\/fuentesfidedignas.com.mx\\\/index.php\\\/2022\\\/06\\\/27\\\/unam-anuncia-regreso-a-clases-presenciales-en-todos-sus-planteles-para-nuevo-ciclo-escolar\\\/#primaryimage\"},\"image\":{\"@id\":\"https:\\\/\\\/fuentesfidedignas.com.mx\\\/index.php\\\/2022\\\/06\\\/27\\\/unam-anuncia-regreso-a-clases-presenciales-en-todos-sus-planteles-para-nuevo-ciclo-escolar\\\/#primaryimage\"},\"thumbnailUrl\":\"https:\\\/\\\/fuentesfidedignas.com.mx\\\/wp-content\\\/uploads\\\/2022\\\/06\\\/UNAM.jpg\",\"datePublished\":\"2022-06-27T13:17:43+00:00\",\"dateModified\":\"2022-06-27T13:17:45+00:00\",\"breadcrumb\":{\"@id\":\"https:\\\/\\\/fuentesfidedignas.com.mx\\\/index.php\\\/2022\\\/06\\\/27\\\/unam-anuncia-regreso-a-clases-presenciales-en-todos-sus-planteles-para-nuevo-ciclo-escolar\\\/#breadcrumb\"},\"inLanguage\":\"es\",\"potentialAction\":[{\"@type\":\"ReadAction\",\"target\":[\"https:\\\/\\\/fuentesfidedignas.com.mx\\\/index.php\\\/2022\\\/06\\\/27\\\/unam-anuncia-regreso-a-clases-presenciales-en-todos-sus-planteles-para-nuevo-ciclo-escolar\\\/\"]}]},{\"@type\":\"ImageObject\",\"inLanguage\":\"es\",\"@id\":\"https:\\\/\\\/fuentesfidedignas.com.mx\\\/index.php\\\/2022\\\/06\\\/27\\\/unam-anuncia-regreso-a-clases-presenciales-en-todos-sus-planteles-para-nuevo-ciclo-escolar\\\/#primaryimage\",\"url\":\"https:\\\/\\\/fuentesfidedignas.com.mx\\\/wp-content\\\/uploads\\\/2022\\\/06\\\/UNAM.jpg\",\"contentUrl\":\"https:\\\/\\\/fuentesfidedignas.com.mx\\\/wp-content\\\/uploads\\\/2022\\\/06\\\/UNAM.jpg\",\"width\":800,\"height\":600},{\"@type\":\"BreadcrumbList\",\"@id\":\"https:\\\/\\\/fuentesfidedignas.com.mx\\\/index.php\\\/2022\\\/06\\\/27\\\/unam-anuncia-regreso-a-clases-presenciales-en-todos-sus-planteles-para-nuevo-ciclo-escolar\\\/#breadcrumb\",\"itemListElement\":[{\"@type\":\"ListItem\",\"position\":1,\"name\":\"Inicio\",\"item\":\"https:\\\/\\\/fuentesfidedignas.com.mx\\\/\"},{\"@type\":\"ListItem\",\"position\":2,\"name\":\"UNAM anuncia regreso a clases presenciales en todos sus planteles para nuevo ciclo escolar\"}]},{\"@type\":\"WebSite\",\"@id\":\"https:\\\/\\\/fuentesfidedignas.com.mx\\\/#website\",\"url\":\"https:\\\/\\\/fuentesfidedignas.com.mx\\\/\",\"name\":\"Fuentes Fidedignas\",\"description\":\"Otro sitio realizado con WordPress\",\"publisher\":{\"@id\":\"https:\\\/\\\/fuentesfidedignas.com.mx\\\/#organization\"},\"potentialAction\":[{\"@type\":\"SearchAction\",\"target\":{\"@type\":\"EntryPoint\",\"urlTemplate\":\"https:\\\/\\\/fuentesfidedignas.com.mx\\\/?s={search_term_string}\"},\"query-input\":{\"@type\":\"PropertyValueSpecification\",\"valueRequired\":true,\"valueName\":\"search_term_string\"}}],\"inLanguage\":\"es\"},{\"@type\":\"Organization\",\"@id\":\"https:\\\/\\\/fuentesfidedignas.com.mx\\\/#organization\",\"name\":\"Fuentes Fidedignas\",\"url\":\"https:\\\/\\\/fuentesfidedignas.com.mx\\\/\",\"logo\":{\"@type\":\"ImageObject\",\"inLanguage\":\"es\",\"@id\":\"https:\\\/\\\/fuentesfidedignas.com.mx\\\/#\\\/schema\\\/logo\\\/image\\\/\",\"url\":\"https:\\\/\\\/fuentesfidedignas.com.mx\\\/wp-content\\\/uploads\\\/2021\\\/04\\\/logo-retina.png\",\"contentUrl\":\"https:\\\/\\\/fuentesfidedignas.com.mx\\\/wp-content\\\/uploads\\\/2021\\\/04\\\/logo-retina.png\",\"width\":280,\"height\":51,\"caption\":\"Fuentes Fidedignas\"},\"image\":{\"@id\":\"https:\\\/\\\/fuentesfidedignas.com.mx\\\/#\\\/schema\\\/logo\\\/image\\\/\"},\"sameAs\":[\"https:\\\/\\\/www.facebook.com\\\/Fuentes-Fidedignas-368234489921644\",\"https:\\\/\\\/x.com\\\/fidedignas\"]},{\"@type\":\"Person\",\"@id\":\"https:\\\/\\\/fuentesfidedignas.com.mx\\\/#\\\/schema\\\/person\\\/ec4edd1fbf5efa3e44fce34fe2787780\",\"name\":\"Exc\u00e9lsior\",\"image\":{\"@type\":\"ImageObject\",\"inLanguage\":\"es\",\"@id\":\"https:\\\/\\\/secure.gravatar.com\\\/avatar\\\/4b7ee9206b48be08447852b3f0814dbc7c0f3b51541b164f1464a2725614020b?s=96&d=mm&r=g\",\"url\":\"https:\\\/\\\/secure.gravatar.com\\\/avatar\\\/4b7ee9206b48be08447852b3f0814dbc7c0f3b51541b164f1464a2725614020b?s=96&d=mm&r=g\",\"contentUrl\":\"https:\\\/\\\/secure.gravatar.com\\\/avatar\\\/4b7ee9206b48be08447852b3f0814dbc7c0f3b51541b164f1464a2725614020b?s=96&d=mm&r=g\",\"caption\":\"Exc\u00e9lsior\"},\"url\":\"https:\\\/\\\/fuentesfidedignas.com.mx\\\/index.php\\\/author\\\/excelsior\\\/\"}]}<\/script>\n<!-- \/ Yoast SEO plugin. -->","yoast_head_json":{"title":"UNAM anuncia regreso a clases presenciales en todos sus planteles para nuevo ciclo escolar - Fuentes Fidedignas","robots":{"index":"index","follow":"follow","max-snippet":"max-snippet:-1","max-image-preview":"max-image-preview:large","max-video-preview":"max-video-preview:-1"},"canonical":"https:\/\/fuentesfidedignas.com.mx\/index.php\/2022\/06\/27\/unam-anuncia-regreso-a-clases-presenciales-en-todos-sus-planteles-para-nuevo-ciclo-escolar\/","og_locale":"es_MX","og_type":"article","og_title":"UNAM anuncia regreso a clases presenciales en todos sus planteles para nuevo ciclo escolar - Fuentes Fidedignas","og_description":"La UNAM tom\u00f3 esta medida ante el avance de la vacunaci\u00f3n y a que las afectaciones por los brotes recientes del covid-19 son &#8220;sensiblemente menos severas que las anteriores&#8221;. Ciudad de M\u00e9xico.- La Universidad Nacional Aut\u00f3noma de M\u00e9xico anunci\u00f3 el regreso a clases presenciales en todos sus planteles para el ciclo escolar 2022-2023, que arrancar\u00e1 [&hellip;]","og_url":"https:\/\/fuentesfidedignas.com.mx\/index.php\/2022\/06\/27\/unam-anuncia-regreso-a-clases-presenciales-en-todos-sus-planteles-para-nuevo-ciclo-escolar\/","og_site_name":"Fuentes Fidedignas","article_publisher":"https:\/\/www.facebook.com\/Fuentes-Fidedignas-368234489921644","article_published_time":"2022-06-27T13:17:43+00:00","article_modified_time":"2022-06-27T13:17:45+00:00","og_image":[{"width":800,"height":600,"url":"https:\/\/fuentesfidedignas.com.mx\/wp-content\/uploads\/2022\/06\/UNAM.jpg","type":"image\/jpeg"}],"author":"Exc\u00e9lsior","twitter_card":"summary_large_image","twitter_creator":"@fidedignas","twitter_site":"@fidedignas","twitter_misc":{"Escrito por":"Exc\u00e9lsior","Tiempo de lectura":"2 minutos"},"schema":{"@context":"https:\/\/schema.org","@graph":[{"@type":"Article","@id":"https:\/\/fuentesfidedignas.com.mx\/index.php\/2022\/06\/27\/unam-anuncia-regreso-a-clases-presenciales-en-todos-sus-planteles-para-nuevo-ciclo-escolar\/#article","isPartOf":{"@id":"https:\/\/fuentesfidedignas.com.mx\/index.php\/2022\/06\/27\/unam-anuncia-regreso-a-clases-presenciales-en-todos-sus-planteles-para-nuevo-ciclo-escolar\/"},"author":{"name":"Exc\u00e9lsior","@id":"https:\/\/fuentesfidedignas.com.mx\/#\/schema\/person\/ec4edd1fbf5efa3e44fce34fe2787780"},"headline":"UNAM anuncia regreso a clases presenciales en todos sus planteles para nuevo ciclo escolar","datePublished":"2022-06-27T13:17:43+00:00","dateModified":"2022-06-27T13:17:45+00:00","mainEntityOfPage":{"@id":"https:\/\/fuentesfidedignas.com.mx\/index.php\/2022\/06\/27\/unam-anuncia-regreso-a-clases-presenciales-en-todos-sus-planteles-para-nuevo-ciclo-escolar\/"},"wordCount":287,"commentCount":0,"publisher":{"@id":"https:\/\/fuentesfidedignas.com.mx\/#organization"},"image":{"@id":"https:\/\/fuentesfidedignas.com.mx\/index.php\/2022\/06\/27\/unam-anuncia-regreso-a-clases-presenciales-en-todos-sus-planteles-para-nuevo-ciclo-escolar\/#primaryimage"},"thumbnailUrl":"https:\/\/fuentesfidedignas.com.mx\/wp-content\/uploads\/2022\/06\/UNAM.jpg","keywords":["Clases presenciales","Coronavirus","Covid-19","SARS-CoV-2","UNAM"],"articleSection":["NOTICIAS NACIONALES"],"inLanguage":"es","potentialAction":[{"@type":"CommentAction","name":"Comment","target":["https:\/\/fuentesfidedignas.com.mx\/index.php\/2022\/06\/27\/unam-anuncia-regreso-a-clases-presenciales-en-todos-sus-planteles-para-nuevo-ciclo-escolar\/#respond"]}]},{"@type":"WebPage","@id":"https:\/\/fuentesfidedignas.com.mx\/index.php\/2022\/06\/27\/unam-anuncia-regreso-a-clases-presenciales-en-todos-sus-planteles-para-nuevo-ciclo-escolar\/","url":"https:\/\/fuentesfidedignas.com.mx\/index.php\/2022\/06\/27\/unam-anuncia-regreso-a-clases-presenciales-en-todos-sus-planteles-para-nuevo-ciclo-escolar\/","name":"UNAM anuncia regreso a clases presenciales en todos sus planteles para nuevo ciclo escolar - Fuentes Fidedignas","isPartOf":{"@id":"https:\/\/fuentesfidedignas.com.mx\/#website"},"primaryImageOfPage":{"@id":"https:\/\/fuentesfidedignas.com.mx\/index.php\/2022\/06\/27\/unam-anuncia-regreso-a-clases-presenciales-en-todos-sus-planteles-para-nuevo-ciclo-escolar\/#primaryimage"},"image":{"@id":"https:\/\/fuentesfidedignas.com.mx\/index.php\/2022\/06\/27\/unam-anuncia-regreso-a-clases-presenciales-en-todos-sus-planteles-para-nuevo-ciclo-escolar\/#primaryimage"},"thumbnailUrl":"https:\/\/fuentesfidedignas.com.mx\/wp-content\/uploads\/2022\/06\/UNAM.jpg","datePublished":"2022-06-27T13:17:43+00:00","dateModified":"2022-06-27T13:17:45+00:00","breadcrumb":{"@id":"https:\/\/fuentesfidedignas.com.mx\/index.php\/2022\/06\/27\/unam-anuncia-regreso-a-clases-presenciales-en-todos-sus-planteles-para-nuevo-ciclo-escolar\/#breadcrumb"},"inLanguage":"es","potentialAction":[{"@type":"ReadAction","target":["https:\/\/fuentesfidedignas.com.mx\/index.php\/2022\/06\/27\/unam-anuncia-regreso-a-clases-presenciales-en-todos-sus-planteles-para-nuevo-ciclo-escolar\/"]}]},{"@type":"ImageObject","inLanguage":"es","@id":"https:\/\/fuentesfidedignas.com.mx\/index.php\/2022\/06\/27\/unam-anuncia-regreso-a-clases-presenciales-en-todos-sus-planteles-para-nuevo-ciclo-escolar\/#primaryimage","url":"https:\/\/fuentesfidedignas.com.mx\/wp-content\/uploads\/2022\/06\/UNAM.jpg","contentUrl":"https:\/\/fuentesfidedignas.com.mx\/wp-content\/uploads\/2022\/06\/UNAM.jpg","width":800,"height":600},{"@type":"BreadcrumbList","@id":"https:\/\/fuentesfidedignas.com.mx\/index.php\/2022\/06\/27\/unam-anuncia-regreso-a-clases-presenciales-en-todos-sus-planteles-para-nuevo-ciclo-escolar\/#breadcrumb","itemListElement":[{"@type":"ListItem","position":1,"name":"Inicio","item":"https:\/\/fuentesfidedignas.com.mx\/"},{"@type":"ListItem","position":2,"name":"UNAM anuncia regreso a clases presenciales en todos sus planteles para nuevo ciclo escolar"}]},{"@type":"WebSite","@id":"https:\/\/fuentesfidedignas.com.mx\/#website","url":"https:\/\/fuentesfidedignas.com.mx\/","name":"Fuentes Fidedignas","description":"Otro sitio realizado con WordPress","publisher":{"@id":"https:\/\/fuentesfidedignas.com.mx\/#organization"},"potentialAction":[{"@type":"SearchAction","target":{"@type":"EntryPoint","urlTemplate":"https:\/\/fuentesfidedignas.com.mx\/?s={search_term_string}"},"query-input":{"@type":"PropertyValueSpecification","valueRequired":true,"valueName":"search_term_string"}}],"inLanguage":"es"},{"@type":"Organization","@id":"https:\/\/fuentesfidedignas.com.mx\/#organization","name":"Fuentes Fidedignas","url":"https:\/\/fuentesfidedignas.com.mx\/","logo":{"@type":"ImageObject","inLanguage":"es","@id":"https:\/\/fuentesfidedignas.com.mx\/#\/schema\/logo\/image\/","url":"https:\/\/fuentesfidedignas.com.mx\/wp-content\/uploads\/2021\/04\/logo-retina.png","contentUrl":"https:\/\/fuentesfidedignas.com.mx\/wp-content\/uploads\/2021\/04\/logo-retina.png","width":280,"height":51,"caption":"Fuentes Fidedignas"},"image":{"@id":"https:\/\/fuentesfidedignas.com.mx\/#\/schema\/logo\/image\/"},"sameAs":["https:\/\/www.facebook.com\/Fuentes-Fidedignas-368234489921644","https:\/\/x.com\/fidedignas"]},{"@type":"Person","@id":"https:\/\/fuentesfidedignas.com.mx\/#\/schema\/person\/ec4edd1fbf5efa3e44fce34fe2787780","name":"Exc\u00e9lsior","image":{"@type":"ImageObject","inLanguage":"es","@id":"https:\/\/secure.gravatar.com\/avatar\/4b7ee9206b48be08447852b3f0814dbc7c0f3b51541b164f1464a2725614020b?s=96&d=mm&r=g","url":"https:\/\/secure.gravatar.com\/avatar\/4b7ee9206b48be08447852b3f0814dbc7c0f3b51541b164f1464a2725614020b?s=96&d=mm&r=g","contentUrl":"https:\/\/secure.gravatar.com\/avatar\/4b7ee9206b48be08447852b3f0814dbc7c0f3b51541b164f1464a2725614020b?s=96&d=mm&r=g","caption":"Exc\u00e9lsior"},"url":"https:\/\/fuentesfidedignas.com.mx\/index.php\/author\/excelsior\/"}]}},"_links":{"self":[{"href":"https:\/\/fuentesfidedignas.com.mx\/index.php\/wp-json\/wp\/v2\/posts\/35494","targetHints":{"allow":["GET"]}}],"collection":[{"href":"https:\/\/fuentesfidedignas.com.mx\/index.php\/wp-json\/wp\/v2\/posts"}],"about":[{"href":"https:\/\/fuentesfidedignas.com.mx\/index.php\/wp-json\/wp\/v2\/types\/post"}],"author":[{"embeddable":true,"href":"https:\/\/fuentesfidedignas.com.mx\/index.php\/wp-json\/wp\/v2\/users\/7"}],"replies":[{"embeddable":true,"href":"https:\/\/fuentesfidedignas.com.mx\/index.php\/wp-json\/wp\/v2\/comments?post=35494"}],"version-history":[{"count":1,"href":"https:\/\/fuentesfidedignas.com.mx\/index.php\/wp-json\/wp\/v2\/posts\/35494\/revisions"}],"predecessor-version":[{"id":35496,"href":"https:\/\/fuentesfidedignas.com.mx\/index.php\/wp-json\/wp\/v2\/posts\/35494\/revisions\/35496"}],"wp:featuredmedia":[{"embeddable":true,"href":"https:\/\/fuentesfidedignas.com.mx\/index.php\/wp-json\/wp\/v2\/media\/35495"}],"wp:attachment":[{"href":"https:\/\/fuentesfidedignas.com.mx\/index.php\/wp-json\/wp\/v2\/media?parent=35494"}],"wp:term":[{"taxonomy":"category","embeddable":true,"href":"https:\/\/fuentesfidedignas.com.mx\/index.php\/wp-json\/wp\/v2\/categories?post=35494"},{"taxonomy":"post_tag","embeddable":true,"href":"https:\/\/fuentesfidedignas.com.mx\/index.php\/wp-json\/wp\/v2\/tags?post=35494"}],"curies":[{"name":"wp","href":"https:\/\/api.w.org\/{rel}","templated":true}]}}