{"id":35492,"date":"2022-06-27T07:11:39","date_gmt":"2022-06-27T13:11:39","guid":{"rendered":"https:\/\/fuentesfidedignas.com.mx\/?p=35492"},"modified":"2022-06-27T07:12:14","modified_gmt":"2022-06-27T13:12:14","slug":"es-de-que-resumen-de-una-transformacion","status":"publish","type":"post","link":"https:\/\/fuentesfidedignas.com.mx\/index.php\/2022\/06\/27\/es-de-que-resumen-de-una-transformacion\/","title":{"rendered":"Es de que (Resumen de una transformaci\u00f3n)"},"content":{"rendered":"\n<p>Los fachos no entienden. \u00a1Imag\u00ednense!, los conservadores creen que gobernar es robar: \u00a1Pues no!. Gobernar es el arte de optar entre inconvenientes; el resto es politiquer\u00eda. Los machuchones no aceptan que M\u00e9xico ya cambi\u00f3, ellos siguen pidiendo que la mafia del poder vuelva para que no paguen impuestos. Desde las \u00e9pocas de la colonia nos han saqueado, pero los neoliberales nos robaron m\u00e1s. Los resultados no pueden llegar tan pronto. Todo es un proceso.<\/p>\n\n\n\n<p><strong><br>Es de que la violencia <\/strong>en M\u00e9xico es culpa de Calder\u00f3n. En su sexenio Garc\u00eda Luna estaba vinculado a los delincuentes. Hoy es diferente. Tenemos a Rosa \u00cdcela de secretaria de seguridad. Es un lujo. Ya la quisieran los conservadores. Todos los d\u00edas se re\u00fane al gabinete de seguridad: \u00bfQu\u00e9 m\u00e1s quieren? Ning\u00fan presidente hab\u00eda tenido reuniones diarias del gabinete de seguridad. La violencia no es culpa de este gobierno. Antes mataban a los delincuentes en los enfrentamientos. El gobierno daba la orden de ejecutarlos. Era el m\u00e1talos en caliente. Hay que cuidar a los delincuentes porque: Abrazos no balazos; si eso no funciona, pues hay que acusarlos con sus abuelitas.<\/p>\n\n\n\n<p><strong>Es de que la econom\u00eda<\/strong> va bien, pero todav\u00eda tenemos problema con el PIB. Los fif\u00eds quieren que nos vaya mal, pero se van a quedar con las ganas. El Peso no se ha devaluado, las remesas est\u00e1n rompiendo records hist\u00f3ricos, tenemos m\u00e1s inversi\u00f3n extranjera directa y se respeta la autonom\u00eda del Banco de M\u00e9xico. El PIB no crece porque enfrentamos una pandemia y seguimos enfrenando la peste de la corrupci\u00f3n. La inflaci\u00f3n es transitoria. Ya se les olvid\u00f3 que antes no quer\u00edan que subieran los salarios m\u00ednimos porque eso causaba inflaci\u00f3n. Hoy tenemos mucha inflaci\u00f3n, pero eso es culpa de la Guerra con Ucrania. La ONU no sirvi\u00f3 para nada, no pudo detener la guerra. M\u00e9xico es de los principales pa\u00edses del mundo para la inversi\u00f3n porque firmamos el T- MEC.<\/p>\n\n\n\n<p><br><strong>Es de que ya se acab\u00f3 la corrupci\u00f3n. <\/strong>\u00a1Miren! Ya hay pa\u00f1uelito blanco. Los opositores inventan cuentos porque son muy corruptos. El presidente no tiene nada que ver con sus hijos y sus hermanos recibieron contribuciones para la causa de la transformaci\u00f3n. El licenciado Bartlett es un patriota que defiende los intereses de la naci\u00f3n. Las universidades nunca estudiaron el fen\u00f3meno de la corrupci\u00f3n callaban como momias los que hoy gritan como pregoneros. Todav\u00eda quedan mensajeros del pasado al interior del gobierno: no se puede poner vino viejo en barricas nuevas. No nos vengan de que la ley es la ley. Es m\u00e1s importante se\u00f1alar a los corruptos que las leyes. Antes, los corruptos no perd\u00edan su respetabilidad. Hasta dec\u00edan: \u201cCuando crezcas tienes que ser como Don Fulano, un verdadero ladr\u00f3n\u201d. Este gobierno no tiene complicidad con nadie. Todo por la raz\u00f3n y el derecho, nada ni nadie por encima de la ley.<\/p>\n\n\n\n<p><br><strong>Es de que ya respetamos el principio de no intervenci\u00f3n.<\/strong> Los conservadores fif\u00eds tienen una red mundial para acabar con los movimientos progresistas. En Bolivia le hicieron un Golpe de Estado a Evo, pero aqu\u00ed le ofrecimos asilo. El r\u00e9gimen cubano es apoyado por su pueblo; lo mismo que el de Venezuela. M\u00e9xico no asistir\u00e1 a ninguna cumbre que no acepte a los gobiernos hermanos de Venezuela, Cuba y Nicaragua. No hay que ser injerencista. Tenemos que dejar de usar pol\u00edticas intervencionistas de hace doscientos a\u00f1os; en su lugar tenemos que usar los principios juaristas que tienen 150 a\u00f1os vigentes. No vamos a permitir que ning\u00fan pol\u00edtico de Estados Unidos use a los migrantes como propaganda. Vamos a se\u00f1alar a todos los pol\u00edticos que usen discursos en contra de migrantes para que no voten por ellos. Petro es un perseguido pol\u00edtico en Colombia por los conservadores. Es tiempo que el gobierno de Colombia sea un pueblo libre. En Per\u00fa, los conservadores ya no quieren a su presidente y quieren sacarlo desde el Congreso. Hay Senadores en Estados Unidos que usan sus influencias para imponerse al presidente Biden. Le vamos a pedir a Biden que libere a Assange porque la justica del Reino Unido no hizo su trabajo de manera adecuada. Viva Boric y el pueblo chileno que derrot\u00f3 a los conservas.<\/p>\n\n\n\n<p><br><strong>Es de que primero los pobres.<\/strong> Los datos de pobreza est\u00e1n mal. Hay otros datos. No existen m\u00e1s de 4 millones de nuevos pobres en el pa\u00eds. El 80% de los hogares recibe alg\u00fan apoyo del gobierno; el 20% restante se beneficia porque les damos seguridad y les va bien porque firmamos el TMEC. Solo hay que tener un par de zapatos para ser felices. Tenemos que construir una clase media que no sea aspiracionista. Los que estudian posgrados se creen sabiondos, no entienden que el pueblo es sabio y tiene una cultura milenaria. No todo el que tiene es malvado, pero solo siendo buenos podemos ser felices. Los pobres en M\u00e9xico tienen m\u00e1s cultura que los que van a estudiar al extranjero. Tonto es el que piensa que el pueblo es tonto.<\/p>\n\n\n\n<p><strong><br>Es de que la salud en M\u00e9xico <\/strong>tendr\u00e1 un sistema de salud n\u00f3rdico en un a\u00f1o. Los padres de los ni\u00f1os que se quejan por falta de medicamentos contra el c\u00e1ncer son golpistas. Las empresas de farmac\u00e9uticas les pagan a los medios para hablar mal del gobierno. Inventan los problemas en el sector salud. Mienten como respiran cuando dicen que faltan las medicinas. Antes se quedaban callados cuando se robaban los medicamentos, pero ya se resolver\u00e1 el problema de las medicinas. Las vamos a llevar a todos lados. No es tan dif\u00edcil distribuir medicinas. Lo pueden hacer las papitas y los refrescos, nosotros tambi\u00e9n. Tenemos que dar gracias al gobierno de Cuba que nos mand\u00f3 m\u00e9dicos que aqu\u00ed no tenemos La pandemia se pudo domar, pero tuvimos muchos muertos porque la alimentaci\u00f3n de los mexicanos es muy mala. Los cubrebocas sirven para lo que sirven y no sirven para lo que no sirven. Los ni\u00f1os son fuertes y no necesitan vacunas, La OMS no recomienda la vacunaci\u00f3n en menores, pero vamos a adquirir vacunas cubanas no aprobadas por la OMS para aplicarla en nuestros ni\u00f1os.<\/p>\n\n\n\n<p><br>\u00bfO usted qu\u00e9 opina amable lector? \u00bfEs de que hay un buen gobierno o es de que los conservadores no dejan avanzar al pa\u00eds?<\/p>\n","protected":false},"excerpt":{"rendered":"<p>Los fachos no entienden. \u00a1Imag\u00ednense!, los conservadores creen que gobernar es robar: \u00a1Pues no!. Gobernar es el arte de optar entre inconvenientes; el resto es politiquer\u00eda. Los machuchones no aceptan que M\u00e9xico ya cambi\u00f3, ellos siguen pidiendo que la mafia del poder vuelva para que no paguen impuestos. Desde las \u00e9pocas de la colonia nos [&hellip;]<\/p>\n","protected":false},"author":90,"featured_media":31444,"comment_status":"open","ping_status":"open","sticky":false,"template":"","format":"standard","meta":{"tdm_status":"","tdm_grid_status":"","footnotes":""},"categories":[2729],"tags":[],"class_list":{"0":"post-35492","1":"post","2":"type-post","3":"status-publish","4":"format-standard","5":"has-post-thumbnail","7":"category-sofismas-de-ocasion"},"yoast_head":"<!-- This site is optimized with the Yoast SEO plugin v27.5 - https:\/\/yoast.com\/product\/yoast-seo-wordpress\/ -->\n<title>Es de que (Resumen de una transformaci\u00f3n) - Fuentes Fidedignas<\/title>\n<meta name=\"robots\" content=\"index, follow, max-snippet:-1, max-image-preview:large, max-video-preview:-1\" \/>\n<link rel=\"canonical\" href=\"https:\/\/fuentesfidedignas.com.mx\/index.php\/2022\/06\/27\/es-de-que-resumen-de-una-transformacion\/\" \/>\n<meta property=\"og:locale\" content=\"es_MX\" \/>\n<meta property=\"og:type\" content=\"article\" \/>\n<meta property=\"og:title\" content=\"Es de que (Resumen de una transformaci\u00f3n) - Fuentes Fidedignas\" \/>\n<meta property=\"og:description\" content=\"Los fachos no entienden. \u00a1Imag\u00ednense!, los conservadores creen que gobernar es robar: \u00a1Pues no!. Gobernar es el arte de optar entre inconvenientes; el resto es politiquer\u00eda. Los machuchones no aceptan que M\u00e9xico ya cambi\u00f3, ellos siguen pidiendo que la mafia del poder vuelva para que no paguen impuestos. Desde las \u00e9pocas de la colonia nos [&hellip;]\" \/>\n<meta property=\"og:url\" content=\"https:\/\/fuentesfidedignas.com.mx\/index.php\/2022\/06\/27\/es-de-que-resumen-de-una-transformacion\/\" \/>\n<meta property=\"og:site_name\" content=\"Fuentes Fidedignas\" \/>\n<meta property=\"article:publisher\" content=\"https:\/\/www.facebook.com\/Fuentes-Fidedignas-368234489921644\" \/>\n<meta property=\"article:published_time\" content=\"2022-06-27T13:11:39+00:00\" \/>\n<meta property=\"article:modified_time\" content=\"2022-06-27T13:12:14+00:00\" \/>\n<meta property=\"og:image\" content=\"https:\/\/fuentesfidedignas.com.mx\/wp-content\/uploads\/2022\/05\/ordorica3-1.png\" \/>\n\t<meta property=\"og:image:width\" content=\"291\" \/>\n\t<meta property=\"og:image:height\" content=\"347\" \/>\n\t<meta property=\"og:image:type\" content=\"image\/png\" \/>\n<meta name=\"author\" content=\"Juan B. Ordorica\" \/>\n<meta name=\"twitter:card\" content=\"summary_large_image\" \/>\n<meta name=\"twitter:creator\" content=\"@fidedignas\" \/>\n<meta name=\"twitter:site\" content=\"@fidedignas\" \/>\n<meta name=\"twitter:label1\" content=\"Escrito por\" \/>\n\t<meta name=\"twitter:data1\" content=\"Juan B. Ordorica\" \/>\n\t<meta name=\"twitter:label2\" content=\"Tiempo de lectura\" \/>\n\t<meta name=\"twitter:data2\" content=\"5 minutos\" \/>\n<script type=\"application\/ld+json\" class=\"yoast-schema-graph\">{\"@context\":\"https:\\\/\\\/schema.org\",\"@graph\":[{\"@type\":\"Article\",\"@id\":\"https:\\\/\\\/fuentesfidedignas.com.mx\\\/index.php\\\/2022\\\/06\\\/27\\\/es-de-que-resumen-de-una-transformacion\\\/#article\",\"isPartOf\":{\"@id\":\"https:\\\/\\\/fuentesfidedignas.com.mx\\\/index.php\\\/2022\\\/06\\\/27\\\/es-de-que-resumen-de-una-transformacion\\\/\"},\"author\":{\"name\":\"Juan B. Ordorica\",\"@id\":\"https:\\\/\\\/fuentesfidedignas.com.mx\\\/#\\\/schema\\\/person\\\/a24a4d1a5ecdf3b48c4333fa1c26269a\"},\"headline\":\"Es de que (Resumen de una transformaci\u00f3n)\",\"datePublished\":\"2022-06-27T13:11:39+00:00\",\"dateModified\":\"2022-06-27T13:12:14+00:00\",\"mainEntityOfPage\":{\"@id\":\"https:\\\/\\\/fuentesfidedignas.com.mx\\\/index.php\\\/2022\\\/06\\\/27\\\/es-de-que-resumen-de-una-transformacion\\\/\"},\"wordCount\":1113,\"commentCount\":0,\"publisher\":{\"@id\":\"https:\\\/\\\/fuentesfidedignas.com.mx\\\/#organization\"},\"image\":{\"@id\":\"https:\\\/\\\/fuentesfidedignas.com.mx\\\/index.php\\\/2022\\\/06\\\/27\\\/es-de-que-resumen-de-una-transformacion\\\/#primaryimage\"},\"thumbnailUrl\":\"https:\\\/\\\/fuentesfidedignas.com.mx\\\/wp-content\\\/uploads\\\/2022\\\/05\\\/ordorica3-1.png\",\"articleSection\":[\"SOFISMAS DE OCASI\u00d3N\"],\"inLanguage\":\"es\",\"potentialAction\":[{\"@type\":\"CommentAction\",\"name\":\"Comment\",\"target\":[\"https:\\\/\\\/fuentesfidedignas.com.mx\\\/index.php\\\/2022\\\/06\\\/27\\\/es-de-que-resumen-de-una-transformacion\\\/#respond\"]}]},{\"@type\":\"WebPage\",\"@id\":\"https:\\\/\\\/fuentesfidedignas.com.mx\\\/index.php\\\/2022\\\/06\\\/27\\\/es-de-que-resumen-de-una-transformacion\\\/\",\"url\":\"https:\\\/\\\/fuentesfidedignas.com.mx\\\/index.php\\\/2022\\\/06\\\/27\\\/es-de-que-resumen-de-una-transformacion\\\/\",\"name\":\"Es de que (Resumen de una transformaci\u00f3n) - Fuentes Fidedignas\",\"isPartOf\":{\"@id\":\"https:\\\/\\\/fuentesfidedignas.com.mx\\\/#website\"},\"primaryImageOfPage\":{\"@id\":\"https:\\\/\\\/fuentesfidedignas.com.mx\\\/index.php\\\/2022\\\/06\\\/27\\\/es-de-que-resumen-de-una-transformacion\\\/#primaryimage\"},\"image\":{\"@id\":\"https:\\\/\\\/fuentesfidedignas.com.mx\\\/index.php\\\/2022\\\/06\\\/27\\\/es-de-que-resumen-de-una-transformacion\\\/#primaryimage\"},\"thumbnailUrl\":\"https:\\\/\\\/fuentesfidedignas.com.mx\\\/wp-content\\\/uploads\\\/2022\\\/05\\\/ordorica3-1.png\",\"datePublished\":\"2022-06-27T13:11:39+00:00\",\"dateModified\":\"2022-06-27T13:12:14+00:00\",\"breadcrumb\":{\"@id\":\"https:\\\/\\\/fuentesfidedignas.com.mx\\\/index.php\\\/2022\\\/06\\\/27\\\/es-de-que-resumen-de-una-transformacion\\\/#breadcrumb\"},\"inLanguage\":\"es\",\"potentialAction\":[{\"@type\":\"ReadAction\",\"target\":[\"https:\\\/\\\/fuentesfidedignas.com.mx\\\/index.php\\\/2022\\\/06\\\/27\\\/es-de-que-resumen-de-una-transformacion\\\/\"]}]},{\"@type\":\"ImageObject\",\"inLanguage\":\"es\",\"@id\":\"https:\\\/\\\/fuentesfidedignas.com.mx\\\/index.php\\\/2022\\\/06\\\/27\\\/es-de-que-resumen-de-una-transformacion\\\/#primaryimage\",\"url\":\"https:\\\/\\\/fuentesfidedignas.com.mx\\\/wp-content\\\/uploads\\\/2022\\\/05\\\/ordorica3-1.png\",\"contentUrl\":\"https:\\\/\\\/fuentesfidedignas.com.mx\\\/wp-content\\\/uploads\\\/2022\\\/05\\\/ordorica3-1.png\",\"width\":291,\"height\":347},{\"@type\":\"BreadcrumbList\",\"@id\":\"https:\\\/\\\/fuentesfidedignas.com.mx\\\/index.php\\\/2022\\\/06\\\/27\\\/es-de-que-resumen-de-una-transformacion\\\/#breadcrumb\",\"itemListElement\":[{\"@type\":\"ListItem\",\"position\":1,\"name\":\"Inicio\",\"item\":\"https:\\\/\\\/fuentesfidedignas.com.mx\\\/\"},{\"@type\":\"ListItem\",\"position\":2,\"name\":\"Es de que (Resumen de una transformaci\u00f3n)\"}]},{\"@type\":\"WebSite\",\"@id\":\"https:\\\/\\\/fuentesfidedignas.com.mx\\\/#website\",\"url\":\"https:\\\/\\\/fuentesfidedignas.com.mx\\\/\",\"name\":\"Fuentes Fidedignas\",\"description\":\"Otro sitio realizado con WordPress\",\"publisher\":{\"@id\":\"https:\\\/\\\/fuentesfidedignas.com.mx\\\/#organization\"},\"potentialAction\":[{\"@type\":\"SearchAction\",\"target\":{\"@type\":\"EntryPoint\",\"urlTemplate\":\"https:\\\/\\\/fuentesfidedignas.com.mx\\\/?s={search_term_string}\"},\"query-input\":{\"@type\":\"PropertyValueSpecification\",\"valueRequired\":true,\"valueName\":\"search_term_string\"}}],\"inLanguage\":\"es\"},{\"@type\":\"Organization\",\"@id\":\"https:\\\/\\\/fuentesfidedignas.com.mx\\\/#organization\",\"name\":\"Fuentes Fidedignas\",\"url\":\"https:\\\/\\\/fuentesfidedignas.com.mx\\\/\",\"logo\":{\"@type\":\"ImageObject\",\"inLanguage\":\"es\",\"@id\":\"https:\\\/\\\/fuentesfidedignas.com.mx\\\/#\\\/schema\\\/logo\\\/image\\\/\",\"url\":\"https:\\\/\\\/fuentesfidedignas.com.mx\\\/wp-content\\\/uploads\\\/2021\\\/04\\\/logo-retina.png\",\"contentUrl\":\"https:\\\/\\\/fuentesfidedignas.com.mx\\\/wp-content\\\/uploads\\\/2021\\\/04\\\/logo-retina.png\",\"width\":280,\"height\":51,\"caption\":\"Fuentes Fidedignas\"},\"image\":{\"@id\":\"https:\\\/\\\/fuentesfidedignas.com.mx\\\/#\\\/schema\\\/logo\\\/image\\\/\"},\"sameAs\":[\"https:\\\/\\\/www.facebook.com\\\/Fuentes-Fidedignas-368234489921644\",\"https:\\\/\\\/x.com\\\/fidedignas\"]},{\"@type\":\"Person\",\"@id\":\"https:\\\/\\\/fuentesfidedignas.com.mx\\\/#\\\/schema\\\/person\\\/a24a4d1a5ecdf3b48c4333fa1c26269a\",\"name\":\"Juan B. Ordorica\",\"image\":{\"@type\":\"ImageObject\",\"inLanguage\":\"es\",\"@id\":\"https:\\\/\\\/secure.gravatar.com\\\/avatar\\\/3b5a779222e476e3d0086a106b74aee8b3fa5e6a729f32702d7b70dded76eca3?s=96&d=mm&r=g\",\"url\":\"https:\\\/\\\/secure.gravatar.com\\\/avatar\\\/3b5a779222e476e3d0086a106b74aee8b3fa5e6a729f32702d7b70dded76eca3?s=96&d=mm&r=g\",\"contentUrl\":\"https:\\\/\\\/secure.gravatar.com\\\/avatar\\\/3b5a779222e476e3d0086a106b74aee8b3fa5e6a729f32702d7b70dded76eca3?s=96&d=mm&r=g\",\"caption\":\"Juan B. Ordorica\"},\"url\":\"https:\\\/\\\/fuentesfidedignas.com.mx\\\/index.php\\\/author\\\/juan-b-ordorica\\\/\"}]}<\/script>\n<!-- \/ Yoast SEO plugin. -->","yoast_head_json":{"title":"Es de que (Resumen de una transformaci\u00f3n) - Fuentes Fidedignas","robots":{"index":"index","follow":"follow","max-snippet":"max-snippet:-1","max-image-preview":"max-image-preview:large","max-video-preview":"max-video-preview:-1"},"canonical":"https:\/\/fuentesfidedignas.com.mx\/index.php\/2022\/06\/27\/es-de-que-resumen-de-una-transformacion\/","og_locale":"es_MX","og_type":"article","og_title":"Es de que (Resumen de una transformaci\u00f3n) - Fuentes Fidedignas","og_description":"Los fachos no entienden. \u00a1Imag\u00ednense!, los conservadores creen que gobernar es robar: \u00a1Pues no!. Gobernar es el arte de optar entre inconvenientes; el resto es politiquer\u00eda. Los machuchones no aceptan que M\u00e9xico ya cambi\u00f3, ellos siguen pidiendo que la mafia del poder vuelva para que no paguen impuestos. Desde las \u00e9pocas de la colonia nos [&hellip;]","og_url":"https:\/\/fuentesfidedignas.com.mx\/index.php\/2022\/06\/27\/es-de-que-resumen-de-una-transformacion\/","og_site_name":"Fuentes Fidedignas","article_publisher":"https:\/\/www.facebook.com\/Fuentes-Fidedignas-368234489921644","article_published_time":"2022-06-27T13:11:39+00:00","article_modified_time":"2022-06-27T13:12:14+00:00","og_image":[{"width":291,"height":347,"url":"https:\/\/fuentesfidedignas.com.mx\/wp-content\/uploads\/2022\/05\/ordorica3-1.png","type":"image\/png"}],"author":"Juan B. Ordorica","twitter_card":"summary_large_image","twitter_creator":"@fidedignas","twitter_site":"@fidedignas","twitter_misc":{"Escrito por":"Juan B. Ordorica","Tiempo de lectura":"5 minutos"},"schema":{"@context":"https:\/\/schema.org","@graph":[{"@type":"Article","@id":"https:\/\/fuentesfidedignas.com.mx\/index.php\/2022\/06\/27\/es-de-que-resumen-de-una-transformacion\/#article","isPartOf":{"@id":"https:\/\/fuentesfidedignas.com.mx\/index.php\/2022\/06\/27\/es-de-que-resumen-de-una-transformacion\/"},"author":{"name":"Juan B. Ordorica","@id":"https:\/\/fuentesfidedignas.com.mx\/#\/schema\/person\/a24a4d1a5ecdf3b48c4333fa1c26269a"},"headline":"Es de que (Resumen de una transformaci\u00f3n)","datePublished":"2022-06-27T13:11:39+00:00","dateModified":"2022-06-27T13:12:14+00:00","mainEntityOfPage":{"@id":"https:\/\/fuentesfidedignas.com.mx\/index.php\/2022\/06\/27\/es-de-que-resumen-de-una-transformacion\/"},"wordCount":1113,"commentCount":0,"publisher":{"@id":"https:\/\/fuentesfidedignas.com.mx\/#organization"},"image":{"@id":"https:\/\/fuentesfidedignas.com.mx\/index.php\/2022\/06\/27\/es-de-que-resumen-de-una-transformacion\/#primaryimage"},"thumbnailUrl":"https:\/\/fuentesfidedignas.com.mx\/wp-content\/uploads\/2022\/05\/ordorica3-1.png","articleSection":["SOFISMAS DE OCASI\u00d3N"],"inLanguage":"es","potentialAction":[{"@type":"CommentAction","name":"Comment","target":["https:\/\/fuentesfidedignas.com.mx\/index.php\/2022\/06\/27\/es-de-que-resumen-de-una-transformacion\/#respond"]}]},{"@type":"WebPage","@id":"https:\/\/fuentesfidedignas.com.mx\/index.php\/2022\/06\/27\/es-de-que-resumen-de-una-transformacion\/","url":"https:\/\/fuentesfidedignas.com.mx\/index.php\/2022\/06\/27\/es-de-que-resumen-de-una-transformacion\/","name":"Es de que (Resumen de una transformaci\u00f3n) - Fuentes Fidedignas","isPartOf":{"@id":"https:\/\/fuentesfidedignas.com.mx\/#website"},"primaryImageOfPage":{"@id":"https:\/\/fuentesfidedignas.com.mx\/index.php\/2022\/06\/27\/es-de-que-resumen-de-una-transformacion\/#primaryimage"},"image":{"@id":"https:\/\/fuentesfidedignas.com.mx\/index.php\/2022\/06\/27\/es-de-que-resumen-de-una-transformacion\/#primaryimage"},"thumbnailUrl":"https:\/\/fuentesfidedignas.com.mx\/wp-content\/uploads\/2022\/05\/ordorica3-1.png","datePublished":"2022-06-27T13:11:39+00:00","dateModified":"2022-06-27T13:12:14+00:00","breadcrumb":{"@id":"https:\/\/fuentesfidedignas.com.mx\/index.php\/2022\/06\/27\/es-de-que-resumen-de-una-transformacion\/#breadcrumb"},"inLanguage":"es","potentialAction":[{"@type":"ReadAction","target":["https:\/\/fuentesfidedignas.com.mx\/index.php\/2022\/06\/27\/es-de-que-resumen-de-una-transformacion\/"]}]},{"@type":"ImageObject","inLanguage":"es","@id":"https:\/\/fuentesfidedignas.com.mx\/index.php\/2022\/06\/27\/es-de-que-resumen-de-una-transformacion\/#primaryimage","url":"https:\/\/fuentesfidedignas.com.mx\/wp-content\/uploads\/2022\/05\/ordorica3-1.png","contentUrl":"https:\/\/fuentesfidedignas.com.mx\/wp-content\/uploads\/2022\/05\/ordorica3-1.png","width":291,"height":347},{"@type":"BreadcrumbList","@id":"https:\/\/fuentesfidedignas.com.mx\/index.php\/2022\/06\/27\/es-de-que-resumen-de-una-transformacion\/#breadcrumb","itemListElement":[{"@type":"ListItem","position":1,"name":"Inicio","item":"https:\/\/fuentesfidedignas.com.mx\/"},{"@type":"ListItem","position":2,"name":"Es de que (Resumen de una transformaci\u00f3n)"}]},{"@type":"WebSite","@id":"https:\/\/fuentesfidedignas.com.mx\/#website","url":"https:\/\/fuentesfidedignas.com.mx\/","name":"Fuentes Fidedignas","description":"Otro sitio realizado con WordPress","publisher":{"@id":"https:\/\/fuentesfidedignas.com.mx\/#organization"},"potentialAction":[{"@type":"SearchAction","target":{"@type":"EntryPoint","urlTemplate":"https:\/\/fuentesfidedignas.com.mx\/?s={search_term_string}"},"query-input":{"@type":"PropertyValueSpecification","valueRequired":true,"valueName":"search_term_string"}}],"inLanguage":"es"},{"@type":"Organization","@id":"https:\/\/fuentesfidedignas.com.mx\/#organization","name":"Fuentes Fidedignas","url":"https:\/\/fuentesfidedignas.com.mx\/","logo":{"@type":"ImageObject","inLanguage":"es","@id":"https:\/\/fuentesfidedignas.com.mx\/#\/schema\/logo\/image\/","url":"https:\/\/fuentesfidedignas.com.mx\/wp-content\/uploads\/2021\/04\/logo-retina.png","contentUrl":"https:\/\/fuentesfidedignas.com.mx\/wp-content\/uploads\/2021\/04\/logo-retina.png","width":280,"height":51,"caption":"Fuentes Fidedignas"},"image":{"@id":"https:\/\/fuentesfidedignas.com.mx\/#\/schema\/logo\/image\/"},"sameAs":["https:\/\/www.facebook.com\/Fuentes-Fidedignas-368234489921644","https:\/\/x.com\/fidedignas"]},{"@type":"Person","@id":"https:\/\/fuentesfidedignas.com.mx\/#\/schema\/person\/a24a4d1a5ecdf3b48c4333fa1c26269a","name":"Juan B. Ordorica","image":{"@type":"ImageObject","inLanguage":"es","@id":"https:\/\/secure.gravatar.com\/avatar\/3b5a779222e476e3d0086a106b74aee8b3fa5e6a729f32702d7b70dded76eca3?s=96&d=mm&r=g","url":"https:\/\/secure.gravatar.com\/avatar\/3b5a779222e476e3d0086a106b74aee8b3fa5e6a729f32702d7b70dded76eca3?s=96&d=mm&r=g","contentUrl":"https:\/\/secure.gravatar.com\/avatar\/3b5a779222e476e3d0086a106b74aee8b3fa5e6a729f32702d7b70dded76eca3?s=96&d=mm&r=g","caption":"Juan B. Ordorica"},"url":"https:\/\/fuentesfidedignas.com.mx\/index.php\/author\/juan-b-ordorica\/"}]}},"_links":{"self":[{"href":"https:\/\/fuentesfidedignas.com.mx\/index.php\/wp-json\/wp\/v2\/posts\/35492","targetHints":{"allow":["GET"]}}],"collection":[{"href":"https:\/\/fuentesfidedignas.com.mx\/index.php\/wp-json\/wp\/v2\/posts"}],"about":[{"href":"https:\/\/fuentesfidedignas.com.mx\/index.php\/wp-json\/wp\/v2\/types\/post"}],"author":[{"embeddable":true,"href":"https:\/\/fuentesfidedignas.com.mx\/index.php\/wp-json\/wp\/v2\/users\/90"}],"replies":[{"embeddable":true,"href":"https:\/\/fuentesfidedignas.com.mx\/index.php\/wp-json\/wp\/v2\/comments?post=35492"}],"version-history":[{"count":1,"href":"https:\/\/fuentesfidedignas.com.mx\/index.php\/wp-json\/wp\/v2\/posts\/35492\/revisions"}],"predecessor-version":[{"id":35493,"href":"https:\/\/fuentesfidedignas.com.mx\/index.php\/wp-json\/wp\/v2\/posts\/35492\/revisions\/35493"}],"wp:featuredmedia":[{"embeddable":true,"href":"https:\/\/fuentesfidedignas.com.mx\/index.php\/wp-json\/wp\/v2\/media\/31444"}],"wp:attachment":[{"href":"https:\/\/fuentesfidedignas.com.mx\/index.php\/wp-json\/wp\/v2\/media?parent=35492"}],"wp:term":[{"taxonomy":"category","embeddable":true,"href":"https:\/\/fuentesfidedignas.com.mx\/index.php\/wp-json\/wp\/v2\/categories?post=35492"},{"taxonomy":"post_tag","embeddable":true,"href":"https:\/\/fuentesfidedignas.com.mx\/index.php\/wp-json\/wp\/v2\/tags?post=35492"}],"curies":[{"name":"wp","href":"https:\/\/api.w.org\/{rel}","templated":true}]}}