{"id":35409,"date":"2022-06-25T14:03:30","date_gmt":"2022-06-25T20:03:30","guid":{"rendered":"https:\/\/fuentesfidedignas.com.mx\/?p=35409"},"modified":"2022-06-25T14:04:50","modified_gmt":"2022-06-25T20:04:50","slug":"rocha-encabeza-reunion-de-seguridad-con-gobernadores-de-bc-bcs-nayarit-y-sonora","status":"publish","type":"post","link":"https:\/\/fuentesfidedignas.com.mx\/index.php\/2022\/06\/25\/rocha-encabeza-reunion-de-seguridad-con-gobernadores-de-bc-bcs-nayarit-y-sonora\/","title":{"rendered":"Rocha encabeza reuni\u00f3n de seguridad con gobernadores de BC, BCS , Nayarit y Sonora"},"content":{"rendered":"\n<p><em><strong>Se trata de la II Reuni\u00f3n Regional de Coordinaci\u00f3n de Seguridad de la Regi\u00f3n del Mar de Cort\u00e9s<\/strong><\/em><\/p>\n\n\n\n<p>Mazatl\u00e1n, Sin.- Con el objetivo de fortalecer y unificar estrategias de seguridad en com\u00fan para los cuatro estados que colindan con el Mar de Cort\u00e9s, como son <strong>Baja California, Baja California Sur, Sonora , Nayarit y Sinaloa<\/strong>, el gobernador <strong>Rub\u00e9n Rocha Moya<\/strong> encabez\u00f3 la<strong> Segunda Reuni\u00f3n Regional de Coordinaci\u00f3n<\/strong>, a la cual asistieron la gobernadora y gobernadores de dichas entidades, as\u00ed como funcionarios de las \u00e1reas de seguridad del vecino estado de <strong>Nayarit<\/strong> y donde se fijaron criterios de coordinaci\u00f3n para prevenir y reducir los \u00edndices delictivos en estos cuatro estados.<\/p>\n\n\n\n<p>La reuni\u00f3n tuvo lugar en las instalaciones de la<strong> III Regi\u00f3n Militar, <\/strong>donde el gobernador Rocha, junto con su comandante, el general de Brigada, Enrique Dena Salgado, dio la bienvenida a la gobernadora de Baja California, Marina del Pilar \u00c1vila Olmedo; al gobernador de Baja California Sur, V\u00edctor Castro Cos\u00edo; y al gobernador de Sonora, Alfonso Durazo Monta\u00f1o, as\u00ed como a altos mandos militares y funcionarios del \u00e1rea de seguridad p\u00fablica de estos estados.<\/p>\n\n\n\n<figure class=\"wp-block-gallery has-nested-images columns-default is-cropped wp-block-gallery-1 is-layout-flex wp-block-gallery-is-layout-flex\">\n<figure class=\"wp-block-image size-large\"><img decoding=\"async\" width=\"1024\" height=\"682\" data-id=\"35410\" src=\"https:\/\/fuentesfidedignas.com.mx\/wp-content\/uploads\/2022\/06\/IMG-20220625-WA0055-1024x682.jpg\" alt=\"\" class=\"wp-image-35410\" srcset=\"https:\/\/fuentesfidedignas.com.mx\/wp-content\/uploads\/2022\/06\/IMG-20220625-WA0055-1024x682.jpg 1024w, https:\/\/fuentesfidedignas.com.mx\/wp-content\/uploads\/2022\/06\/IMG-20220625-WA0055-300x200.jpg 300w, https:\/\/fuentesfidedignas.com.mx\/wp-content\/uploads\/2022\/06\/IMG-20220625-WA0055-768x512.jpg 768w, https:\/\/fuentesfidedignas.com.mx\/wp-content\/uploads\/2022\/06\/IMG-20220625-WA0055-1536x1023.jpg 1536w, https:\/\/fuentesfidedignas.com.mx\/wp-content\/uploads\/2022\/06\/IMG-20220625-WA0055.jpg 1600w\" sizes=\"(max-width: 1024px) 100vw, 1024px\" \/><\/figure>\n\n\n\n<figure class=\"wp-block-image size-large\"><img decoding=\"async\" width=\"1024\" height=\"682\" data-id=\"35412\" src=\"https:\/\/fuentesfidedignas.com.mx\/wp-content\/uploads\/2022\/06\/IMG-20220625-WA0053-1024x682.jpg\" alt=\"\" class=\"wp-image-35412\" srcset=\"https:\/\/fuentesfidedignas.com.mx\/wp-content\/uploads\/2022\/06\/IMG-20220625-WA0053-1024x682.jpg 1024w, https:\/\/fuentesfidedignas.com.mx\/wp-content\/uploads\/2022\/06\/IMG-20220625-WA0053-300x200.jpg 300w, https:\/\/fuentesfidedignas.com.mx\/wp-content\/uploads\/2022\/06\/IMG-20220625-WA0053-768x512.jpg 768w, https:\/\/fuentesfidedignas.com.mx\/wp-content\/uploads\/2022\/06\/IMG-20220625-WA0053-1536x1023.jpg 1536w, https:\/\/fuentesfidedignas.com.mx\/wp-content\/uploads\/2022\/06\/IMG-20220625-WA0053.jpg 1600w\" sizes=\"(max-width: 1024px) 100vw, 1024px\" \/><\/figure>\n\n\n\n<figure class=\"wp-block-image size-large\"><img decoding=\"async\" width=\"1024\" height=\"682\" data-id=\"35411\" src=\"https:\/\/fuentesfidedignas.com.mx\/wp-content\/uploads\/2022\/06\/IMG-20220625-WA0056-1024x682.jpg\" alt=\"\" class=\"wp-image-35411\" srcset=\"https:\/\/fuentesfidedignas.com.mx\/wp-content\/uploads\/2022\/06\/IMG-20220625-WA0056-1024x682.jpg 1024w, https:\/\/fuentesfidedignas.com.mx\/wp-content\/uploads\/2022\/06\/IMG-20220625-WA0056-300x200.jpg 300w, https:\/\/fuentesfidedignas.com.mx\/wp-content\/uploads\/2022\/06\/IMG-20220625-WA0056-768x512.jpg 768w, https:\/\/fuentesfidedignas.com.mx\/wp-content\/uploads\/2022\/06\/IMG-20220625-WA0056-1536x1023.jpg 1536w, https:\/\/fuentesfidedignas.com.mx\/wp-content\/uploads\/2022\/06\/IMG-20220625-WA0056.jpg 1600w\" sizes=\"(max-width: 1024px) 100vw, 1024px\" \/><\/figure>\n\n\n\n<figure class=\"wp-block-image size-large\"><img decoding=\"async\" width=\"1024\" height=\"682\" data-id=\"35413\" src=\"https:\/\/fuentesfidedignas.com.mx\/wp-content\/uploads\/2022\/06\/IMG-20220625-WA0057-1024x682.jpg\" alt=\"\" class=\"wp-image-35413\" srcset=\"https:\/\/fuentesfidedignas.com.mx\/wp-content\/uploads\/2022\/06\/IMG-20220625-WA0057-1024x682.jpg 1024w, https:\/\/fuentesfidedignas.com.mx\/wp-content\/uploads\/2022\/06\/IMG-20220625-WA0057-300x200.jpg 300w, https:\/\/fuentesfidedignas.com.mx\/wp-content\/uploads\/2022\/06\/IMG-20220625-WA0057-768x512.jpg 768w, https:\/\/fuentesfidedignas.com.mx\/wp-content\/uploads\/2022\/06\/IMG-20220625-WA0057-1536x1023.jpg 1536w, https:\/\/fuentesfidedignas.com.mx\/wp-content\/uploads\/2022\/06\/IMG-20220625-WA0057.jpg 1600w\" sizes=\"(max-width: 1024px) 100vw, 1024px\" \/><\/figure>\n<\/figure>\n\n\n\n<p>Cabe destacar que el pasado 21 de abril se celebr\u00f3 tambi\u00e9n aqu\u00ed en <strong>Mazatl\u00e1n<\/strong>, en el mismo <strong>Cuartel Militar<\/strong>, la <strong>Primera Reuni\u00f3n Operativa de la Regi\u00f3n del Mar de Cort\u00e9s<\/strong>, la cual tambi\u00e9n puso en marcha el gobernador del estado, a la que asistieron los fiscales generales de los estados y los secretarios de <strong>Seguridad P\u00fablica<\/strong>, por lo que esta segunda reuni\u00f3n, misma que congreg\u00f3 ahora adem\u00e1s a los gobernadores de los restantes tres estados, tiene el prop\u00f3sito de avanzar en los acuerdos de la primera y estrechar m\u00e1s la coordinaci\u00f3n.<\/p>\n\n\n\n<p>Al respecto, el gobernador Rocha afirm\u00f3 que Sonora, las dos <strong>Bajas , Nayarit y Sinaloa<\/strong> son estados hermanados desde hace muchos a\u00f1os, y adem\u00e1s del tema de seguridad, hay el inter\u00e9s com\u00fan para construir alternativas tambi\u00e9n en temas de desarrollo econ\u00f3mico, salud, turismo, deportivo y cultural.<\/p>\n\n\n\n<p>En esta segunda reuni\u00f3n, el secretario de Seguridad P\u00fablica, teniente coronel <strong>Crist\u00f3bal Casta\u00f1eda Camarillo<\/strong>, expuso los avances y resultados de las propuestas y acuerdos de la Primera Reuni\u00f3n Operativa de la Regi\u00f3n del Mar de Cort\u00e9s, celebrada el 21 de abril, por lo que toca a Sinaloa, y lo mismo correspondi\u00f3 hacer a sus hom\u00f3logos, la secretaria de Seguridad de Sonora, Mar\u00eda Dolores del R\u00edo S\u00e1nchez; al secretario de Baja California, general Gilberto Landeros Brise\u00f1o; y al secretario del ramo de Baja California Sur, capit\u00e1n de Nav\u00edo Luis Alfredo Cancino Vicente, adem\u00e1s de representantes del gobierno nayarita .<\/p>\n\n\n\n<p>Como parte de la reuni\u00f3n, tambi\u00e9n los cuatro gobernadores emitieron sus respectivos mensajes, donde coincidieron en la importancia de esta iniciativa de hacer un frente com\u00fan para atender de manera m\u00e1s integral el fen\u00f3meno de la delincuencia y definir estrategias de prevenci\u00f3n y persecuci\u00f3n del delito al interior de las cuatro entidades.<\/p>\n","protected":false},"excerpt":{"rendered":"<p>Se trata de la II Reuni\u00f3n Regional de Coordinaci\u00f3n de Seguridad de la Regi\u00f3n del Mar de Cort\u00e9s Mazatl\u00e1n, Sin.- Con el objetivo de fortalecer y unificar estrategias de seguridad en com\u00fan para los cuatro estados que colindan con el Mar de Cort\u00e9s, como son Baja California, Baja California Sur, Sonora , Nayarit y Sinaloa, [&hellip;]<\/p>\n","protected":false},"author":4,"featured_media":35415,"comment_status":"open","ping_status":"open","sticky":false,"template":"","format":"standard","meta":{"tdm_status":"","tdm_grid_status":"","footnotes":""},"categories":[37],"tags":[52],"class_list":{"0":"post-35409","1":"post","2":"type-post","3":"status-publish","4":"format-standard","5":"has-post-thumbnail","7":"category-nota-principal","8":"tag-ruben-rocha-moya"},"yoast_head":"<!-- This site is optimized with the Yoast SEO plugin v27.4 - https:\/\/yoast.com\/product\/yoast-seo-wordpress\/ -->\n<title>Rocha encabeza reuni\u00f3n de seguridad con gobernadores de BC, BCS , Nayarit y Sonora - Fuentes Fidedignas<\/title>\n<meta name=\"robots\" content=\"index, follow, max-snippet:-1, max-image-preview:large, max-video-preview:-1\" \/>\n<link rel=\"canonical\" href=\"https:\/\/fuentesfidedignas.com.mx\/index.php\/2022\/06\/25\/rocha-encabeza-reunion-de-seguridad-con-gobernadores-de-bc-bcs-nayarit-y-sonora\/\" \/>\n<meta property=\"og:locale\" content=\"es_MX\" \/>\n<meta property=\"og:type\" content=\"article\" \/>\n<meta property=\"og:title\" content=\"Rocha encabeza reuni\u00f3n de seguridad con gobernadores de BC, BCS , Nayarit y Sonora - Fuentes Fidedignas\" \/>\n<meta property=\"og:description\" content=\"Se trata de la II Reuni\u00f3n Regional de Coordinaci\u00f3n de Seguridad de la Regi\u00f3n del Mar de Cort\u00e9s Mazatl\u00e1n, Sin.- Con el objetivo de fortalecer y unificar estrategias de seguridad en com\u00fan para los cuatro estados que colindan con el Mar de Cort\u00e9s, como son Baja California, Baja California Sur, Sonora , Nayarit y Sinaloa, [&hellip;]\" \/>\n<meta property=\"og:url\" content=\"https:\/\/fuentesfidedignas.com.mx\/index.php\/2022\/06\/25\/rocha-encabeza-reunion-de-seguridad-con-gobernadores-de-bc-bcs-nayarit-y-sonora\/\" \/>\n<meta property=\"og:site_name\" content=\"Fuentes Fidedignas\" \/>\n<meta property=\"article:publisher\" content=\"https:\/\/www.facebook.com\/Fuentes-Fidedignas-368234489921644\" \/>\n<meta property=\"article:published_time\" content=\"2022-06-25T20:03:30+00:00\" \/>\n<meta property=\"article:modified_time\" content=\"2022-06-25T20:04:50+00:00\" \/>\n<meta property=\"og:image\" content=\"https:\/\/fuentesfidedignas.com.mx\/wp-content\/uploads\/2022\/06\/IMG-20220625-WA0058.jpg\" \/>\n\t<meta property=\"og:image:width\" content=\"1024\" \/>\n\t<meta property=\"og:image:height\" content=\"768\" \/>\n\t<meta property=\"og:image:type\" content=\"image\/jpeg\" \/>\n<meta name=\"author\" content=\"Redacci\u00f3n\" \/>\n<meta name=\"twitter:card\" content=\"summary_large_image\" \/>\n<meta name=\"twitter:creator\" content=\"@fidedignas\" \/>\n<meta name=\"twitter:site\" content=\"@fidedignas\" \/>\n<meta name=\"twitter:label1\" content=\"Escrito por\" \/>\n\t<meta name=\"twitter:data1\" content=\"Redacci\u00f3n\" \/>\n\t<meta name=\"twitter:label2\" content=\"Tiempo de lectura\" \/>\n\t<meta name=\"twitter:data2\" content=\"3 minutos\" \/>\n<script type=\"application\/ld+json\" class=\"yoast-schema-graph\">{\"@context\":\"https:\\\/\\\/schema.org\",\"@graph\":[{\"@type\":\"Article\",\"@id\":\"https:\\\/\\\/fuentesfidedignas.com.mx\\\/index.php\\\/2022\\\/06\\\/25\\\/rocha-encabeza-reunion-de-seguridad-con-gobernadores-de-bc-bcs-nayarit-y-sonora\\\/#article\",\"isPartOf\":{\"@id\":\"https:\\\/\\\/fuentesfidedignas.com.mx\\\/index.php\\\/2022\\\/06\\\/25\\\/rocha-encabeza-reunion-de-seguridad-con-gobernadores-de-bc-bcs-nayarit-y-sonora\\\/\"},\"author\":{\"name\":\"Redacci\u00f3n\",\"@id\":\"https:\\\/\\\/fuentesfidedignas.com.mx\\\/#\\\/schema\\\/person\\\/331be9283d37198e2acd5750279085b0\"},\"headline\":\"Rocha encabeza reuni\u00f3n de seguridad con gobernadores de BC, BCS , Nayarit y Sonora\",\"datePublished\":\"2022-06-25T20:03:30+00:00\",\"dateModified\":\"2022-06-25T20:04:50+00:00\",\"mainEntityOfPage\":{\"@id\":\"https:\\\/\\\/fuentesfidedignas.com.mx\\\/index.php\\\/2022\\\/06\\\/25\\\/rocha-encabeza-reunion-de-seguridad-con-gobernadores-de-bc-bcs-nayarit-y-sonora\\\/\"},\"wordCount\":537,\"commentCount\":0,\"publisher\":{\"@id\":\"https:\\\/\\\/fuentesfidedignas.com.mx\\\/#organization\"},\"image\":{\"@id\":\"https:\\\/\\\/fuentesfidedignas.com.mx\\\/index.php\\\/2022\\\/06\\\/25\\\/rocha-encabeza-reunion-de-seguridad-con-gobernadores-de-bc-bcs-nayarit-y-sonora\\\/#primaryimage\"},\"thumbnailUrl\":\"https:\\\/\\\/fuentesfidedignas.com.mx\\\/wp-content\\\/uploads\\\/2022\\\/06\\\/IMG-20220625-WA0058.jpg\",\"keywords\":[\"Rub\u00e9n Rocha Moya\"],\"articleSection\":[\"NOTA PRINCIPAL\"],\"inLanguage\":\"es\",\"potentialAction\":[{\"@type\":\"CommentAction\",\"name\":\"Comment\",\"target\":[\"https:\\\/\\\/fuentesfidedignas.com.mx\\\/index.php\\\/2022\\\/06\\\/25\\\/rocha-encabeza-reunion-de-seguridad-con-gobernadores-de-bc-bcs-nayarit-y-sonora\\\/#respond\"]}]},{\"@type\":\"WebPage\",\"@id\":\"https:\\\/\\\/fuentesfidedignas.com.mx\\\/index.php\\\/2022\\\/06\\\/25\\\/rocha-encabeza-reunion-de-seguridad-con-gobernadores-de-bc-bcs-nayarit-y-sonora\\\/\",\"url\":\"https:\\\/\\\/fuentesfidedignas.com.mx\\\/index.php\\\/2022\\\/06\\\/25\\\/rocha-encabeza-reunion-de-seguridad-con-gobernadores-de-bc-bcs-nayarit-y-sonora\\\/\",\"name\":\"Rocha encabeza reuni\u00f3n de seguridad con gobernadores de BC, BCS , Nayarit y Sonora - Fuentes Fidedignas\",\"isPartOf\":{\"@id\":\"https:\\\/\\\/fuentesfidedignas.com.mx\\\/#website\"},\"primaryImageOfPage\":{\"@id\":\"https:\\\/\\\/fuentesfidedignas.com.mx\\\/index.php\\\/2022\\\/06\\\/25\\\/rocha-encabeza-reunion-de-seguridad-con-gobernadores-de-bc-bcs-nayarit-y-sonora\\\/#primaryimage\"},\"image\":{\"@id\":\"https:\\\/\\\/fuentesfidedignas.com.mx\\\/index.php\\\/2022\\\/06\\\/25\\\/rocha-encabeza-reunion-de-seguridad-con-gobernadores-de-bc-bcs-nayarit-y-sonora\\\/#primaryimage\"},\"thumbnailUrl\":\"https:\\\/\\\/fuentesfidedignas.com.mx\\\/wp-content\\\/uploads\\\/2022\\\/06\\\/IMG-20220625-WA0058.jpg\",\"datePublished\":\"2022-06-25T20:03:30+00:00\",\"dateModified\":\"2022-06-25T20:04:50+00:00\",\"breadcrumb\":{\"@id\":\"https:\\\/\\\/fuentesfidedignas.com.mx\\\/index.php\\\/2022\\\/06\\\/25\\\/rocha-encabeza-reunion-de-seguridad-con-gobernadores-de-bc-bcs-nayarit-y-sonora\\\/#breadcrumb\"},\"inLanguage\":\"es\",\"potentialAction\":[{\"@type\":\"ReadAction\",\"target\":[\"https:\\\/\\\/fuentesfidedignas.com.mx\\\/index.php\\\/2022\\\/06\\\/25\\\/rocha-encabeza-reunion-de-seguridad-con-gobernadores-de-bc-bcs-nayarit-y-sonora\\\/\"]}]},{\"@type\":\"ImageObject\",\"inLanguage\":\"es\",\"@id\":\"https:\\\/\\\/fuentesfidedignas.com.mx\\\/index.php\\\/2022\\\/06\\\/25\\\/rocha-encabeza-reunion-de-seguridad-con-gobernadores-de-bc-bcs-nayarit-y-sonora\\\/#primaryimage\",\"url\":\"https:\\\/\\\/fuentesfidedignas.com.mx\\\/wp-content\\\/uploads\\\/2022\\\/06\\\/IMG-20220625-WA0058.jpg\",\"contentUrl\":\"https:\\\/\\\/fuentesfidedignas.com.mx\\\/wp-content\\\/uploads\\\/2022\\\/06\\\/IMG-20220625-WA0058.jpg\",\"width\":1024,\"height\":768},{\"@type\":\"BreadcrumbList\",\"@id\":\"https:\\\/\\\/fuentesfidedignas.com.mx\\\/index.php\\\/2022\\\/06\\\/25\\\/rocha-encabeza-reunion-de-seguridad-con-gobernadores-de-bc-bcs-nayarit-y-sonora\\\/#breadcrumb\",\"itemListElement\":[{\"@type\":\"ListItem\",\"position\":1,\"name\":\"Inicio\",\"item\":\"https:\\\/\\\/fuentesfidedignas.com.mx\\\/\"},{\"@type\":\"ListItem\",\"position\":2,\"name\":\"Rocha encabeza reuni\u00f3n de seguridad con gobernadores de BC, BCS , Nayarit y Sonora\"}]},{\"@type\":\"WebSite\",\"@id\":\"https:\\\/\\\/fuentesfidedignas.com.mx\\\/#website\",\"url\":\"https:\\\/\\\/fuentesfidedignas.com.mx\\\/\",\"name\":\"Fuentes Fidedignas\",\"description\":\"Otro sitio realizado con WordPress\",\"publisher\":{\"@id\":\"https:\\\/\\\/fuentesfidedignas.com.mx\\\/#organization\"},\"potentialAction\":[{\"@type\":\"SearchAction\",\"target\":{\"@type\":\"EntryPoint\",\"urlTemplate\":\"https:\\\/\\\/fuentesfidedignas.com.mx\\\/?s={search_term_string}\"},\"query-input\":{\"@type\":\"PropertyValueSpecification\",\"valueRequired\":true,\"valueName\":\"search_term_string\"}}],\"inLanguage\":\"es\"},{\"@type\":\"Organization\",\"@id\":\"https:\\\/\\\/fuentesfidedignas.com.mx\\\/#organization\",\"name\":\"Fuentes Fidedignas\",\"url\":\"https:\\\/\\\/fuentesfidedignas.com.mx\\\/\",\"logo\":{\"@type\":\"ImageObject\",\"inLanguage\":\"es\",\"@id\":\"https:\\\/\\\/fuentesfidedignas.com.mx\\\/#\\\/schema\\\/logo\\\/image\\\/\",\"url\":\"https:\\\/\\\/fuentesfidedignas.com.mx\\\/wp-content\\\/uploads\\\/2021\\\/04\\\/logo-retina.png\",\"contentUrl\":\"https:\\\/\\\/fuentesfidedignas.com.mx\\\/wp-content\\\/uploads\\\/2021\\\/04\\\/logo-retina.png\",\"width\":280,\"height\":51,\"caption\":\"Fuentes Fidedignas\"},\"image\":{\"@id\":\"https:\\\/\\\/fuentesfidedignas.com.mx\\\/#\\\/schema\\\/logo\\\/image\\\/\"},\"sameAs\":[\"https:\\\/\\\/www.facebook.com\\\/Fuentes-Fidedignas-368234489921644\",\"https:\\\/\\\/x.com\\\/fidedignas\"]},{\"@type\":\"Person\",\"@id\":\"https:\\\/\\\/fuentesfidedignas.com.mx\\\/#\\\/schema\\\/person\\\/331be9283d37198e2acd5750279085b0\",\"name\":\"Redacci\u00f3n\",\"image\":{\"@type\":\"ImageObject\",\"inLanguage\":\"es\",\"@id\":\"https:\\\/\\\/secure.gravatar.com\\\/avatar\\\/f6d8782c11d12b2d4ad3fbb6931aeab5309937a4d6cd2fc9cfaa28a6396a5aec?s=96&d=mm&r=g\",\"url\":\"https:\\\/\\\/secure.gravatar.com\\\/avatar\\\/f6d8782c11d12b2d4ad3fbb6931aeab5309937a4d6cd2fc9cfaa28a6396a5aec?s=96&d=mm&r=g\",\"contentUrl\":\"https:\\\/\\\/secure.gravatar.com\\\/avatar\\\/f6d8782c11d12b2d4ad3fbb6931aeab5309937a4d6cd2fc9cfaa28a6396a5aec?s=96&d=mm&r=g\",\"caption\":\"Redacci\u00f3n\"},\"url\":\"https:\\\/\\\/fuentesfidedignas.com.mx\\\/index.php\\\/author\\\/redaccion\\\/\"}]}<\/script>\n<!-- \/ Yoast SEO plugin. -->","yoast_head_json":{"title":"Rocha encabeza reuni\u00f3n de seguridad con gobernadores de BC, BCS , Nayarit y Sonora - Fuentes Fidedignas","robots":{"index":"index","follow":"follow","max-snippet":"max-snippet:-1","max-image-preview":"max-image-preview:large","max-video-preview":"max-video-preview:-1"},"canonical":"https:\/\/fuentesfidedignas.com.mx\/index.php\/2022\/06\/25\/rocha-encabeza-reunion-de-seguridad-con-gobernadores-de-bc-bcs-nayarit-y-sonora\/","og_locale":"es_MX","og_type":"article","og_title":"Rocha encabeza reuni\u00f3n de seguridad con gobernadores de BC, BCS , Nayarit y Sonora - Fuentes Fidedignas","og_description":"Se trata de la II Reuni\u00f3n Regional de Coordinaci\u00f3n de Seguridad de la Regi\u00f3n del Mar de Cort\u00e9s Mazatl\u00e1n, Sin.- Con el objetivo de fortalecer y unificar estrategias de seguridad en com\u00fan para los cuatro estados que colindan con el Mar de Cort\u00e9s, como son Baja California, Baja California Sur, Sonora , Nayarit y Sinaloa, [&hellip;]","og_url":"https:\/\/fuentesfidedignas.com.mx\/index.php\/2022\/06\/25\/rocha-encabeza-reunion-de-seguridad-con-gobernadores-de-bc-bcs-nayarit-y-sonora\/","og_site_name":"Fuentes Fidedignas","article_publisher":"https:\/\/www.facebook.com\/Fuentes-Fidedignas-368234489921644","article_published_time":"2022-06-25T20:03:30+00:00","article_modified_time":"2022-06-25T20:04:50+00:00","og_image":[{"width":1024,"height":768,"url":"https:\/\/fuentesfidedignas.com.mx\/wp-content\/uploads\/2022\/06\/IMG-20220625-WA0058.jpg","type":"image\/jpeg"}],"author":"Redacci\u00f3n","twitter_card":"summary_large_image","twitter_creator":"@fidedignas","twitter_site":"@fidedignas","twitter_misc":{"Escrito por":"Redacci\u00f3n","Tiempo de lectura":"3 minutos"},"schema":{"@context":"https:\/\/schema.org","@graph":[{"@type":"Article","@id":"https:\/\/fuentesfidedignas.com.mx\/index.php\/2022\/06\/25\/rocha-encabeza-reunion-de-seguridad-con-gobernadores-de-bc-bcs-nayarit-y-sonora\/#article","isPartOf":{"@id":"https:\/\/fuentesfidedignas.com.mx\/index.php\/2022\/06\/25\/rocha-encabeza-reunion-de-seguridad-con-gobernadores-de-bc-bcs-nayarit-y-sonora\/"},"author":{"name":"Redacci\u00f3n","@id":"https:\/\/fuentesfidedignas.com.mx\/#\/schema\/person\/331be9283d37198e2acd5750279085b0"},"headline":"Rocha encabeza reuni\u00f3n de seguridad con gobernadores de BC, BCS , Nayarit y Sonora","datePublished":"2022-06-25T20:03:30+00:00","dateModified":"2022-06-25T20:04:50+00:00","mainEntityOfPage":{"@id":"https:\/\/fuentesfidedignas.com.mx\/index.php\/2022\/06\/25\/rocha-encabeza-reunion-de-seguridad-con-gobernadores-de-bc-bcs-nayarit-y-sonora\/"},"wordCount":537,"commentCount":0,"publisher":{"@id":"https:\/\/fuentesfidedignas.com.mx\/#organization"},"image":{"@id":"https:\/\/fuentesfidedignas.com.mx\/index.php\/2022\/06\/25\/rocha-encabeza-reunion-de-seguridad-con-gobernadores-de-bc-bcs-nayarit-y-sonora\/#primaryimage"},"thumbnailUrl":"https:\/\/fuentesfidedignas.com.mx\/wp-content\/uploads\/2022\/06\/IMG-20220625-WA0058.jpg","keywords":["Rub\u00e9n Rocha Moya"],"articleSection":["NOTA PRINCIPAL"],"inLanguage":"es","potentialAction":[{"@type":"CommentAction","name":"Comment","target":["https:\/\/fuentesfidedignas.com.mx\/index.php\/2022\/06\/25\/rocha-encabeza-reunion-de-seguridad-con-gobernadores-de-bc-bcs-nayarit-y-sonora\/#respond"]}]},{"@type":"WebPage","@id":"https:\/\/fuentesfidedignas.com.mx\/index.php\/2022\/06\/25\/rocha-encabeza-reunion-de-seguridad-con-gobernadores-de-bc-bcs-nayarit-y-sonora\/","url":"https:\/\/fuentesfidedignas.com.mx\/index.php\/2022\/06\/25\/rocha-encabeza-reunion-de-seguridad-con-gobernadores-de-bc-bcs-nayarit-y-sonora\/","name":"Rocha encabeza reuni\u00f3n de seguridad con gobernadores de BC, BCS , Nayarit y Sonora - Fuentes Fidedignas","isPartOf":{"@id":"https:\/\/fuentesfidedignas.com.mx\/#website"},"primaryImageOfPage":{"@id":"https:\/\/fuentesfidedignas.com.mx\/index.php\/2022\/06\/25\/rocha-encabeza-reunion-de-seguridad-con-gobernadores-de-bc-bcs-nayarit-y-sonora\/#primaryimage"},"image":{"@id":"https:\/\/fuentesfidedignas.com.mx\/index.php\/2022\/06\/25\/rocha-encabeza-reunion-de-seguridad-con-gobernadores-de-bc-bcs-nayarit-y-sonora\/#primaryimage"},"thumbnailUrl":"https:\/\/fuentesfidedignas.com.mx\/wp-content\/uploads\/2022\/06\/IMG-20220625-WA0058.jpg","datePublished":"2022-06-25T20:03:30+00:00","dateModified":"2022-06-25T20:04:50+00:00","breadcrumb":{"@id":"https:\/\/fuentesfidedignas.com.mx\/index.php\/2022\/06\/25\/rocha-encabeza-reunion-de-seguridad-con-gobernadores-de-bc-bcs-nayarit-y-sonora\/#breadcrumb"},"inLanguage":"es","potentialAction":[{"@type":"ReadAction","target":["https:\/\/fuentesfidedignas.com.mx\/index.php\/2022\/06\/25\/rocha-encabeza-reunion-de-seguridad-con-gobernadores-de-bc-bcs-nayarit-y-sonora\/"]}]},{"@type":"ImageObject","inLanguage":"es","@id":"https:\/\/fuentesfidedignas.com.mx\/index.php\/2022\/06\/25\/rocha-encabeza-reunion-de-seguridad-con-gobernadores-de-bc-bcs-nayarit-y-sonora\/#primaryimage","url":"https:\/\/fuentesfidedignas.com.mx\/wp-content\/uploads\/2022\/06\/IMG-20220625-WA0058.jpg","contentUrl":"https:\/\/fuentesfidedignas.com.mx\/wp-content\/uploads\/2022\/06\/IMG-20220625-WA0058.jpg","width":1024,"height":768},{"@type":"BreadcrumbList","@id":"https:\/\/fuentesfidedignas.com.mx\/index.php\/2022\/06\/25\/rocha-encabeza-reunion-de-seguridad-con-gobernadores-de-bc-bcs-nayarit-y-sonora\/#breadcrumb","itemListElement":[{"@type":"ListItem","position":1,"name":"Inicio","item":"https:\/\/fuentesfidedignas.com.mx\/"},{"@type":"ListItem","position":2,"name":"Rocha encabeza reuni\u00f3n de seguridad con gobernadores de BC, BCS , Nayarit y Sonora"}]},{"@type":"WebSite","@id":"https:\/\/fuentesfidedignas.com.mx\/#website","url":"https:\/\/fuentesfidedignas.com.mx\/","name":"Fuentes Fidedignas","description":"Otro sitio realizado con WordPress","publisher":{"@id":"https:\/\/fuentesfidedignas.com.mx\/#organization"},"potentialAction":[{"@type":"SearchAction","target":{"@type":"EntryPoint","urlTemplate":"https:\/\/fuentesfidedignas.com.mx\/?s={search_term_string}"},"query-input":{"@type":"PropertyValueSpecification","valueRequired":true,"valueName":"search_term_string"}}],"inLanguage":"es"},{"@type":"Organization","@id":"https:\/\/fuentesfidedignas.com.mx\/#organization","name":"Fuentes Fidedignas","url":"https:\/\/fuentesfidedignas.com.mx\/","logo":{"@type":"ImageObject","inLanguage":"es","@id":"https:\/\/fuentesfidedignas.com.mx\/#\/schema\/logo\/image\/","url":"https:\/\/fuentesfidedignas.com.mx\/wp-content\/uploads\/2021\/04\/logo-retina.png","contentUrl":"https:\/\/fuentesfidedignas.com.mx\/wp-content\/uploads\/2021\/04\/logo-retina.png","width":280,"height":51,"caption":"Fuentes Fidedignas"},"image":{"@id":"https:\/\/fuentesfidedignas.com.mx\/#\/schema\/logo\/image\/"},"sameAs":["https:\/\/www.facebook.com\/Fuentes-Fidedignas-368234489921644","https:\/\/x.com\/fidedignas"]},{"@type":"Person","@id":"https:\/\/fuentesfidedignas.com.mx\/#\/schema\/person\/331be9283d37198e2acd5750279085b0","name":"Redacci\u00f3n","image":{"@type":"ImageObject","inLanguage":"es","@id":"https:\/\/secure.gravatar.com\/avatar\/f6d8782c11d12b2d4ad3fbb6931aeab5309937a4d6cd2fc9cfaa28a6396a5aec?s=96&d=mm&r=g","url":"https:\/\/secure.gravatar.com\/avatar\/f6d8782c11d12b2d4ad3fbb6931aeab5309937a4d6cd2fc9cfaa28a6396a5aec?s=96&d=mm&r=g","contentUrl":"https:\/\/secure.gravatar.com\/avatar\/f6d8782c11d12b2d4ad3fbb6931aeab5309937a4d6cd2fc9cfaa28a6396a5aec?s=96&d=mm&r=g","caption":"Redacci\u00f3n"},"url":"https:\/\/fuentesfidedignas.com.mx\/index.php\/author\/redaccion\/"}]}},"_links":{"self":[{"href":"https:\/\/fuentesfidedignas.com.mx\/index.php\/wp-json\/wp\/v2\/posts\/35409","targetHints":{"allow":["GET"]}}],"collection":[{"href":"https:\/\/fuentesfidedignas.com.mx\/index.php\/wp-json\/wp\/v2\/posts"}],"about":[{"href":"https:\/\/fuentesfidedignas.com.mx\/index.php\/wp-json\/wp\/v2\/types\/post"}],"author":[{"embeddable":true,"href":"https:\/\/fuentesfidedignas.com.mx\/index.php\/wp-json\/wp\/v2\/users\/4"}],"replies":[{"embeddable":true,"href":"https:\/\/fuentesfidedignas.com.mx\/index.php\/wp-json\/wp\/v2\/comments?post=35409"}],"version-history":[{"count":1,"href":"https:\/\/fuentesfidedignas.com.mx\/index.php\/wp-json\/wp\/v2\/posts\/35409\/revisions"}],"predecessor-version":[{"id":35414,"href":"https:\/\/fuentesfidedignas.com.mx\/index.php\/wp-json\/wp\/v2\/posts\/35409\/revisions\/35414"}],"wp:featuredmedia":[{"embeddable":true,"href":"https:\/\/fuentesfidedignas.com.mx\/index.php\/wp-json\/wp\/v2\/media\/35415"}],"wp:attachment":[{"href":"https:\/\/fuentesfidedignas.com.mx\/index.php\/wp-json\/wp\/v2\/media?parent=35409"}],"wp:term":[{"taxonomy":"category","embeddable":true,"href":"https:\/\/fuentesfidedignas.com.mx\/index.php\/wp-json\/wp\/v2\/categories?post=35409"},{"taxonomy":"post_tag","embeddable":true,"href":"https:\/\/fuentesfidedignas.com.mx\/index.php\/wp-json\/wp\/v2\/tags?post=35409"}],"curies":[{"name":"wp","href":"https:\/\/api.w.org\/{rel}","templated":true}]}}